{"id":179923,"date":"2026-09-02T21:30:00","date_gmt":"2026-09-03T03:30:00","guid":{"rendered":"https:\/\/lospoliticosveracruz.com\/?p=179923"},"modified":"2026-09-02T19:13:08","modified_gmt":"2026-09-03T01:13:08","slug":"buscadores","status":"publish","type":"post","link":"https:\/\/lospoliticosveracruz.com\/?p=179923","title":{"rendered":"BUSCADORES"},"content":{"rendered":"<div class=\"wp-block-image\">\n<figure class=\"alignleft size-large is-resized\"><a href=\"https:\/\/lospoliticosveracruz.com\/wp-content\/uploads\/2026\/09\/banners-prevencion-suicidio-500x500-1.png\"><img loading=\"lazy\" decoding=\"async\" width=\"1024\" height=\"1024\" src=\"https:\/\/lospoliticosveracruz.com\/wp-content\/uploads\/2026\/09\/banners-prevencion-suicidio-500x500-1-1024x1024.png\" alt=\"\" class=\"wp-image-179740\" style=\"width:476px;height:auto\" srcset=\"https:\/\/lospoliticosveracruz.com\/wp-content\/uploads\/2026\/09\/banners-prevencion-suicidio-500x500-1-1024x1024.png 1024w, https:\/\/lospoliticosveracruz.com\/wp-content\/uploads\/2026\/09\/banners-prevencion-suicidio-500x500-1-300x300.png 300w, https:\/\/lospoliticosveracruz.com\/wp-content\/uploads\/2026\/09\/banners-prevencion-suicidio-500x500-1-150x150.png 150w, https:\/\/lospoliticosveracruz.com\/wp-content\/uploads\/2026\/09\/banners-prevencion-suicidio-500x500-1-768x768.png 768w, https:\/\/lospoliticosveracruz.com\/wp-content\/uploads\/2026\/09\/banners-prevencion-suicidio-500x500-1-1536x1536.png 1536w, https:\/\/lospoliticosveracruz.com\/wp-content\/uploads\/2026\/09\/banners-prevencion-suicidio-500x500-1-2048x2048.png 2048w, https:\/\/lospoliticosveracruz.com\/wp-content\/uploads\/2026\/09\/banners-prevencion-suicidio-500x500-1-420x420.png 420w, https:\/\/lospoliticosveracruz.com\/wp-content\/uploads\/2026\/09\/banners-prevencion-suicidio-500x500-1-696x696.png 696w, https:\/\/lospoliticosveracruz.com\/wp-content\/uploads\/2026\/09\/banners-prevencion-suicidio-500x500-1-1068x1068.png 1068w, https:\/\/lospoliticosveracruz.com\/wp-content\/uploads\/2026\/09\/banners-prevencion-suicidio-500x500-1-1920x1920.png 1920w\" sizes=\"auto, (max-width: 1024px) 100vw, 1024px\" \/><\/a><\/figure>\n<\/div>\n\n\n<p><br><strong>Guadalupe H. Mar<br><\/strong><em>Mira Pol\u00edtica<\/em><\/p>\n\n\n\n<p>AUMENTAN EN VERACRUZ \u2026 Hace unos d\u00edas, la titular de la Comisi\u00f3n Ejecutiva de Atenci\u00f3n Integral a V\u00edctimas (CEEAIV), la doctora Namiko Matzumoto Ben\u00edtez, revel\u00f3 en entrevista period\u00edstica que tienen registrados en el estado de Veracruz m\u00e1s de 60 colectivos o grupos de familiares de personas desaparecidas o de buscadores como se les conoce, n\u00famero que, a decir de la funcionaria, se va incrementando.<br>Tomando en cuenta que a nivel nacional se estima que existen unos 200 colectivos o grupos de buscadores, pues no existen datos oficiales al respecto, Veracruz con sus m\u00e1s de 60 permite dimensionar por un lado la gravedad de esta situaci\u00f3n de personas desaparecidas y por el otro, el nivel de participaci\u00f3n de las familias que buscan a sus familiares desaparecidos y obviamente, la gran cantidad de desapariciones que se registran en el territorio veracruzano.<br>La misma doctora Namiko Matzumoto Ben\u00edtez reconoci\u00f3 que el creciente n\u00famero de colectivos o grupos de buscadores de personas desaparecidas, se da por la persistencia de los familiares para participar en las labores de b\u00fasqueda y, sobre todo, demandar respuestas oficiales.<br>Seguros estamos de que fue por la persistencia de familiares de personas desaparecidas, que la Fiscal\u00eda General del Estado de Veracruz (Fgever) implement\u00f3 en la internet el micrositio \u201cPersonas Identificadas en Resguardo Temporal\u201d, lanzado en junio de 2026, en colaboraci\u00f3n con el Fondo de Poblaci\u00f3n de las Naciones Unidas (UNFPA).<br>Este portal o micrositio, forma parte seg\u00fan la informaci\u00f3n oficial, de una estrategia de identificaci\u00f3n humana impulsada junto con organismos internacionales para facilitar que los familiares localicen a personas fallecidas ya identificadas, pero a\u00fan en resguardo forense. <strong><em><a href=\"https:\/\/fiscaliaveracruz.gob.mx\/boletin-de-persona-identificada\/\">https:\/\/fiscaliaveracruz.gob.mx\/boletin-de-persona-identificada\/<\/a><\/em><\/strong><br>En este micrositio de singular dise\u00f1o, se incluyen fichas con fotograf\u00edas de las personas desaparecidas que se han identificado, sus nombres, folio, lugar y fecha de localizaci\u00f3n, as\u00ed como datos de contacto para que los deudos inicien tr\u00e1mites de restituci\u00f3n.<br>Gracias a este micrositio de la Fgever son m\u00e1s de veinte los registros de personas identificadas y restituidas en Veracruz y otros estados de la rep\u00fablica mexicana.<br>Se espera que este micrositio lanzado en junio pasado, incremente notablemente el n\u00famero de identificaciones, pues tan solo de los m\u00e1s de 300 restos \u00f3seos y cuerpos humanos sin vida hallados en el predio Colinas de Santa Fe, en el municipio de Veracruz, apenas 25 de ellos han sido identificados.<br>Cierto, la tarea es tit\u00e1nica y requiere importantes recursos econ\u00f3micos en un estado de la rep\u00fablica donde existen diversas prioridades, de ah\u00ed la importancia de saber administrar.<br>RECONTRAPORCIERTO \u2026 Hoy viernes tres de septiembre, a las siete de la noche en modalidad virtual, el Instituto Mexicano de Derechos Humanos y Democracia (IMDHD) y Red Lupa, presentar\u00e1 los principales datos y caracter\u00edsticas de los municipios de la rep\u00fablica mexicana que concentran el mayor n\u00famero de casos de desapariciones de personas en M\u00e9xico.<br>Para ello est\u00e1n invitando a familias, colectivos, organizaciones, medios de comunicaci\u00f3n, academia y p\u00fablico en general, a un espacio para conocer y dialogar sobre los hallazgos de este nuevo an\u00e1lisis sobre la concentraci\u00f3n territorial de la #desaparici\u00f3n de personas en el pa\u00eds.<br>La liga de internet a trav\u00e9s de la que ustedes amables lectoras y lectores pueden participar en esta presentaci\u00f3n es: Google Meet: <strong><em><a href=\"https:\/\/meet.google.com\/xgd-zvjh-jdk\">https:\/\/meet.google.com\/xgd-zvjh-jdk<\/a><\/em><\/strong><br>EL MARTES EN XALAPA \u2026 El pr\u00f3ximo martes ocho de septiembre a partir de las 12 horas en el Instituto de Investigaciones Hist\u00f3rico Sociales, de Diego Le\u00f1o 8, zona centro de Xalapa, se llevar\u00e1 a cabo el Panel: Retos actuales sobre la libertad de expresi\u00f3n y las pr\u00e1cticas period\u00edsticas en el M\u00e9xico de hoy.<br>Los panelistas ser\u00e1n, la doctora Celia del Palacio Montiel, investigadora em\u00e9rita del SNII y acad\u00e9mica de la Universidad de Guadalajara, la comunicadora y periodista Flavia Morales Carmona, coordinadora editorial de AVC Noticias y corresponsal de la revista Proceso, el maestro Elfego Riveros Hern\u00e1ndez de AVERCOP Radio Teocelo y conductor del Programa \u201cCabildo Abierto\u201d, el comunicador y periodista Premio Nacional de Periodismo, Miguel \u00c1ngel Le\u00f3n Carmona, coordinador editorial de La Silla Rota Veracruz, as\u00ed como una servidora periodista y acad\u00e9mica de la Facultad de Ciencias de la Comunicaci\u00f3n, de la Universidad Veracruzana. Los esperamos.<br>D\u00cdGALO SIN MIEDO \u2026 Al correo electr\u00f3nico guadalupehmar@gmail.com<\/p>\n","protected":false},"excerpt":{"rendered":"<p>Guadalupe H. MarMira Pol\u00edtica AUMENTAN EN VERACRUZ \u2026 Hace unos d\u00edas, la titular de la Comisi\u00f3n Ejecutiva de Atenci\u00f3n Integral a V\u00edctimas (CEEAIV), la doctora Namiko Matzumoto Ben\u00edtez, revel\u00f3 en entrevista period\u00edstica que tienen registrados en el estado de Veracruz m\u00e1s de 60 colectivos o grupos de familiares de personas desaparecidas o de buscadores como [&hellip;]<\/p>\n","protected":false},"author":2,"featured_media":141398,"comment_status":"closed","ping_status":"closed","sticky":false,"template":"","format":"standard","meta":{"tdm_status":"","tdm_grid_status":"","footnotes":""},"categories":[70],"tags":[25190,11120,4430,13379,12848,195],"class_list":{"0":"post-179923","1":"post","2":"type-post","3":"status-publish","4":"format-standard","5":"has-post-thumbnail","7":"category-de-opinion","8":"tag-ceeaiv","9":"tag-colectivos-de-busqueda","10":"tag-derechos-humanos","11":"tag-fiscalia-de-veracruz","12":"tag-personas-desaparecidas","13":"tag-veracruz"},"yoast_head":"<!-- This site is optimized with the Yoast SEO plugin v28.1 - https:\/\/yoast.com\/product\/yoast-seo-wordpress\/ -->\n<title>BUSCADORES - Los pol\u00edticos Veracruz<\/title>\n<meta name=\"robots\" content=\"index, follow, max-snippet:-1, max-image-preview:large, max-video-preview:-1\" \/>\n<link rel=\"canonical\" href=\"https:\/\/lospoliticosveracruz.com\/?p=179923\" \/>\n<meta property=\"og:locale\" content=\"es_ES\" \/>\n<meta property=\"og:type\" content=\"article\" \/>\n<meta property=\"og:title\" content=\"BUSCADORES - Los pol\u00edticos Veracruz\" \/>\n<meta property=\"og:description\" content=\"Guadalupe H. MarMira Pol\u00edtica AUMENTAN EN VERACRUZ \u2026 Hace unos d\u00edas, la titular de la Comisi\u00f3n Ejecutiva de Atenci\u00f3n Integral a V\u00edctimas (CEEAIV), la doctora Namiko Matzumoto Ben\u00edtez, revel\u00f3 en entrevista period\u00edstica que tienen registrados en el estado de Veracruz m\u00e1s de 60 colectivos o grupos de familiares de personas desaparecidas o de buscadores como [&hellip;]\" \/>\n<meta property=\"og:url\" content=\"https:\/\/lospoliticosveracruz.com\/?p=179923\" \/>\n<meta property=\"og:site_name\" content=\"Los pol\u00edticos Veracruz\" \/>\n<meta property=\"article:publisher\" content=\"https:\/\/www.facebook.com\/people\/Notimemes-de-los-Polticos\/61565672886568\/\" \/>\n<meta property=\"article:published_time\" content=\"2026-09-03T03:30:00+00:00\" \/>\n<meta property=\"og:image\" content=\"https:\/\/lospoliticosveracruz.com\/wp-content\/uploads\/2025\/04\/Lupita-H-Mar-e1778101455506.jpg\" \/>\n\t<meta property=\"og:image:width\" content=\"600\" \/>\n\t<meta property=\"og:image:height\" content=\"320\" \/>\n\t<meta property=\"og:image:type\" content=\"image\/jpeg\" \/>\n<meta name=\"author\" content=\"Lo viste en Los Pol\u00edticos\" \/>\n<meta name=\"twitter:card\" content=\"summary_large_image\" \/>\n<meta name=\"twitter:creator\" content=\"@LosPoliticosVer\" \/>\n<meta name=\"twitter:site\" content=\"@LosPoliticosVer\" \/>\n<meta name=\"twitter:label1\" content=\"Escrito por\" \/>\n\t<meta name=\"twitter:data1\" content=\"Lo viste en Los Pol\u00edticos\" \/>\n\t<meta name=\"twitter:label2\" content=\"Tiempo de lectura\" \/>\n\t<meta name=\"twitter:data2\" content=\"4 minutos\" \/>\n<script type=\"application\/ld+json\" class=\"yoast-schema-graph\">{\"@context\":\"https:\\\/\\\/schema.org\",\"@graph\":[{\"@type\":\"Article\",\"@id\":\"https:\\\/\\\/lospoliticosveracruz.com\\\/?p=179923#article\",\"isPartOf\":{\"@id\":\"https:\\\/\\\/lospoliticosveracruz.com\\\/?p=179923\"},\"author\":{\"name\":\"Lo viste en Los Pol\u00edticos\",\"@id\":\"https:\\\/\\\/lospoliticosveracruz.com\\\/#\\\/schema\\\/person\\\/b8702bb0e538456e6efd07080bf2a4a2\"},\"headline\":\"BUSCADORES\",\"datePublished\":\"2026-09-03T03:30:00+00:00\",\"mainEntityOfPage\":{\"@id\":\"https:\\\/\\\/lospoliticosveracruz.com\\\/?p=179923\"},\"wordCount\":753,\"publisher\":{\"@id\":\"https:\\\/\\\/lospoliticosveracruz.com\\\/#organization\"},\"image\":{\"@id\":\"https:\\\/\\\/lospoliticosveracruz.com\\\/?p=179923#primaryimage\"},\"thumbnailUrl\":\"https:\\\/\\\/lospoliticosveracruz.com\\\/wp-content\\\/uploads\\\/2025\\\/04\\\/Lupita-H-Mar-e1778101455506.jpg\",\"keywords\":[\"CEEAIV\",\"Colectivos de b\u00fasqueda\",\"derechos humanos\",\"Fiscal\u00eda de Veracruz\",\"personas desaparecidas\",\"Veracruz\"],\"articleSection\":[\"De Opini\u00f3n\"],\"inLanguage\":\"es\"},{\"@type\":\"WebPage\",\"@id\":\"https:\\\/\\\/lospoliticosveracruz.com\\\/?p=179923\",\"url\":\"https:\\\/\\\/lospoliticosveracruz.com\\\/?p=179923\",\"name\":\"BUSCADORES - Los pol\u00edticos Veracruz\",\"isPartOf\":{\"@id\":\"https:\\\/\\\/lospoliticosveracruz.com\\\/#website\"},\"primaryImageOfPage\":{\"@id\":\"https:\\\/\\\/lospoliticosveracruz.com\\\/?p=179923#primaryimage\"},\"image\":{\"@id\":\"https:\\\/\\\/lospoliticosveracruz.com\\\/?p=179923#primaryimage\"},\"thumbnailUrl\":\"https:\\\/\\\/lospoliticosveracruz.com\\\/wp-content\\\/uploads\\\/2025\\\/04\\\/Lupita-H-Mar-e1778101455506.jpg\",\"datePublished\":\"2026-09-03T03:30:00+00:00\",\"breadcrumb\":{\"@id\":\"https:\\\/\\\/lospoliticosveracruz.com\\\/?p=179923#breadcrumb\"},\"inLanguage\":\"es\",\"potentialAction\":[{\"@type\":\"ReadAction\",\"target\":[\"https:\\\/\\\/lospoliticosveracruz.com\\\/?p=179923\"]}]},{\"@type\":\"ImageObject\",\"inLanguage\":\"es\",\"@id\":\"https:\\\/\\\/lospoliticosveracruz.com\\\/?p=179923#primaryimage\",\"url\":\"https:\\\/\\\/lospoliticosveracruz.com\\\/wp-content\\\/uploads\\\/2025\\\/04\\\/Lupita-H-Mar-e1778101455506.jpg\",\"contentUrl\":\"https:\\\/\\\/lospoliticosveracruz.com\\\/wp-content\\\/uploads\\\/2025\\\/04\\\/Lupita-H-Mar-e1778101455506.jpg\",\"width\":600,\"height\":320},{\"@type\":\"BreadcrumbList\",\"@id\":\"https:\\\/\\\/lospoliticosveracruz.com\\\/?p=179923#breadcrumb\",\"itemListElement\":[{\"@type\":\"ListItem\",\"position\":1,\"name\":\"Portada\",\"item\":\"https:\\\/\\\/lospoliticosveracruz.com\\\/\"},{\"@type\":\"ListItem\",\"position\":2,\"name\":\"BUSCADORES\"}]},{\"@type\":\"WebSite\",\"@id\":\"https:\\\/\\\/lospoliticosveracruz.com\\\/#website\",\"url\":\"https:\\\/\\\/lospoliticosveracruz.com\\\/\",\"name\":\"Los pol\u00edticos Veracruz\",\"description\":\"\",\"publisher\":{\"@id\":\"https:\\\/\\\/lospoliticosveracruz.com\\\/#organization\"},\"potentialAction\":[{\"@type\":\"SearchAction\",\"target\":{\"@type\":\"EntryPoint\",\"urlTemplate\":\"https:\\\/\\\/lospoliticosveracruz.com\\\/?s={search_term_string}\"},\"query-input\":{\"@type\":\"PropertyValueSpecification\",\"valueRequired\":true,\"valueName\":\"search_term_string\"}}],\"inLanguage\":\"es\"},{\"@type\":\"Organization\",\"@id\":\"https:\\\/\\\/lospoliticosveracruz.com\\\/#organization\",\"name\":\"Los pol\u00edticos Veracruz\",\"url\":\"https:\\\/\\\/lospoliticosveracruz.com\\\/\",\"logo\":{\"@type\":\"ImageObject\",\"inLanguage\":\"es\",\"@id\":\"https:\\\/\\\/lospoliticosveracruz.com\\\/#\\\/schema\\\/logo\\\/image\\\/\",\"url\":\"https:\\\/\\\/lospoliticosveracruz.com\\\/wp-content\\\/uploads\\\/2025\\\/12\\\/Logo-Nuevo-LOS-POLITICOS-1.jpg\",\"contentUrl\":\"https:\\\/\\\/lospoliticosveracruz.com\\\/wp-content\\\/uploads\\\/2025\\\/12\\\/Logo-Nuevo-LOS-POLITICOS-1.jpg\",\"width\":260,\"height\":70,\"caption\":\"Los pol\u00edticos Veracruz\"},\"image\":{\"@id\":\"https:\\\/\\\/lospoliticosveracruz.com\\\/#\\\/schema\\\/logo\\\/image\\\/\"},\"sameAs\":[\"https:\\\/\\\/www.facebook.com\\\/people\\\/Notimemes-de-los-Polticos\\\/61565672886568\\\/\",\"https:\\\/\\\/x.com\\\/LosPoliticosVer\"]},{\"@type\":\"Person\",\"@id\":\"https:\\\/\\\/lospoliticosveracruz.com\\\/#\\\/schema\\\/person\\\/b8702bb0e538456e6efd07080bf2a4a2\",\"name\":\"Lo viste en Los Pol\u00edticos\",\"image\":{\"@type\":\"ImageObject\",\"inLanguage\":\"es\",\"@id\":\"https:\\\/\\\/secure.gravatar.com\\\/avatar\\\/3a8de04a2656d44082be478bd6c086daa447c4651605818287b9532d3d0bd435?s=96&d=mm&r=g\",\"url\":\"https:\\\/\\\/secure.gravatar.com\\\/avatar\\\/3a8de04a2656d44082be478bd6c086daa447c4651605818287b9532d3d0bd435?s=96&d=mm&r=g\",\"contentUrl\":\"https:\\\/\\\/secure.gravatar.com\\\/avatar\\\/3a8de04a2656d44082be478bd6c086daa447c4651605818287b9532d3d0bd435?s=96&d=mm&r=g\",\"caption\":\"Lo viste en Los Pol\u00edticos\"},\"url\":\"https:\\\/\\\/lospoliticosveracruz.com\\\/?author=2\"}]}<\/script>\n<!-- \/ Yoast SEO plugin. -->","yoast_head_json":{"title":"BUSCADORES - Los pol\u00edticos Veracruz","robots":{"index":"index","follow":"follow","max-snippet":"max-snippet:-1","max-image-preview":"max-image-preview:large","max-video-preview":"max-video-preview:-1"},"canonical":"https:\/\/lospoliticosveracruz.com\/?p=179923","og_locale":"es_ES","og_type":"article","og_title":"BUSCADORES - Los pol\u00edticos Veracruz","og_description":"Guadalupe H. MarMira Pol\u00edtica AUMENTAN EN VERACRUZ \u2026 Hace unos d\u00edas, la titular de la Comisi\u00f3n Ejecutiva de Atenci\u00f3n Integral a V\u00edctimas (CEEAIV), la doctora Namiko Matzumoto Ben\u00edtez, revel\u00f3 en entrevista period\u00edstica que tienen registrados en el estado de Veracruz m\u00e1s de 60 colectivos o grupos de familiares de personas desaparecidas o de buscadores como [&hellip;]","og_url":"https:\/\/lospoliticosveracruz.com\/?p=179923","og_site_name":"Los pol\u00edticos Veracruz","article_publisher":"https:\/\/www.facebook.com\/people\/Notimemes-de-los-Polticos\/61565672886568\/","article_published_time":"2026-09-03T03:30:00+00:00","og_image":[{"width":600,"height":320,"url":"https:\/\/lospoliticosveracruz.com\/wp-content\/uploads\/2025\/04\/Lupita-H-Mar-e1778101455506.jpg","type":"image\/jpeg"}],"author":"Lo viste en Los Pol\u00edticos","twitter_card":"summary_large_image","twitter_creator":"@LosPoliticosVer","twitter_site":"@LosPoliticosVer","twitter_misc":{"Escrito por":"Lo viste en Los Pol\u00edticos","Tiempo de lectura":"4 minutos"},"schema":{"@context":"https:\/\/schema.org","@graph":[{"@type":"Article","@id":"https:\/\/lospoliticosveracruz.com\/?p=179923#article","isPartOf":{"@id":"https:\/\/lospoliticosveracruz.com\/?p=179923"},"author":{"name":"Lo viste en Los Pol\u00edticos","@id":"https:\/\/lospoliticosveracruz.com\/#\/schema\/person\/b8702bb0e538456e6efd07080bf2a4a2"},"headline":"BUSCADORES","datePublished":"2026-09-03T03:30:00+00:00","mainEntityOfPage":{"@id":"https:\/\/lospoliticosveracruz.com\/?p=179923"},"wordCount":753,"publisher":{"@id":"https:\/\/lospoliticosveracruz.com\/#organization"},"image":{"@id":"https:\/\/lospoliticosveracruz.com\/?p=179923#primaryimage"},"thumbnailUrl":"https:\/\/lospoliticosveracruz.com\/wp-content\/uploads\/2025\/04\/Lupita-H-Mar-e1778101455506.jpg","keywords":["CEEAIV","Colectivos de b\u00fasqueda","derechos humanos","Fiscal\u00eda de Veracruz","personas desaparecidas","Veracruz"],"articleSection":["De Opini\u00f3n"],"inLanguage":"es"},{"@type":"WebPage","@id":"https:\/\/lospoliticosveracruz.com\/?p=179923","url":"https:\/\/lospoliticosveracruz.com\/?p=179923","name":"BUSCADORES - Los pol\u00edticos Veracruz","isPartOf":{"@id":"https:\/\/lospoliticosveracruz.com\/#website"},"primaryImageOfPage":{"@id":"https:\/\/lospoliticosveracruz.com\/?p=179923#primaryimage"},"image":{"@id":"https:\/\/lospoliticosveracruz.com\/?p=179923#primaryimage"},"thumbnailUrl":"https:\/\/lospoliticosveracruz.com\/wp-content\/uploads\/2025\/04\/Lupita-H-Mar-e1778101455506.jpg","datePublished":"2026-09-03T03:30:00+00:00","breadcrumb":{"@id":"https:\/\/lospoliticosveracruz.com\/?p=179923#breadcrumb"},"inLanguage":"es","potentialAction":[{"@type":"ReadAction","target":["https:\/\/lospoliticosveracruz.com\/?p=179923"]}]},{"@type":"ImageObject","inLanguage":"es","@id":"https:\/\/lospoliticosveracruz.com\/?p=179923#primaryimage","url":"https:\/\/lospoliticosveracruz.com\/wp-content\/uploads\/2025\/04\/Lupita-H-Mar-e1778101455506.jpg","contentUrl":"https:\/\/lospoliticosveracruz.com\/wp-content\/uploads\/2025\/04\/Lupita-H-Mar-e1778101455506.jpg","width":600,"height":320},{"@type":"BreadcrumbList","@id":"https:\/\/lospoliticosveracruz.com\/?p=179923#breadcrumb","itemListElement":[{"@type":"ListItem","position":1,"name":"Portada","item":"https:\/\/lospoliticosveracruz.com\/"},{"@type":"ListItem","position":2,"name":"BUSCADORES"}]},{"@type":"WebSite","@id":"https:\/\/lospoliticosveracruz.com\/#website","url":"https:\/\/lospoliticosveracruz.com\/","name":"Los pol\u00edticos Veracruz","description":"","publisher":{"@id":"https:\/\/lospoliticosveracruz.com\/#organization"},"potentialAction":[{"@type":"SearchAction","target":{"@type":"EntryPoint","urlTemplate":"https:\/\/lospoliticosveracruz.com\/?s={search_term_string}"},"query-input":{"@type":"PropertyValueSpecification","valueRequired":true,"valueName":"search_term_string"}}],"inLanguage":"es"},{"@type":"Organization","@id":"https:\/\/lospoliticosveracruz.com\/#organization","name":"Los pol\u00edticos Veracruz","url":"https:\/\/lospoliticosveracruz.com\/","logo":{"@type":"ImageObject","inLanguage":"es","@id":"https:\/\/lospoliticosveracruz.com\/#\/schema\/logo\/image\/","url":"https:\/\/lospoliticosveracruz.com\/wp-content\/uploads\/2025\/12\/Logo-Nuevo-LOS-POLITICOS-1.jpg","contentUrl":"https:\/\/lospoliticosveracruz.com\/wp-content\/uploads\/2025\/12\/Logo-Nuevo-LOS-POLITICOS-1.jpg","width":260,"height":70,"caption":"Los pol\u00edticos Veracruz"},"image":{"@id":"https:\/\/lospoliticosveracruz.com\/#\/schema\/logo\/image\/"},"sameAs":["https:\/\/www.facebook.com\/people\/Notimemes-de-los-Polticos\/61565672886568\/","https:\/\/x.com\/LosPoliticosVer"]},{"@type":"Person","@id":"https:\/\/lospoliticosveracruz.com\/#\/schema\/person\/b8702bb0e538456e6efd07080bf2a4a2","name":"Lo viste en Los Pol\u00edticos","image":{"@type":"ImageObject","inLanguage":"es","@id":"https:\/\/secure.gravatar.com\/avatar\/3a8de04a2656d44082be478bd6c086daa447c4651605818287b9532d3d0bd435?s=96&d=mm&r=g","url":"https:\/\/secure.gravatar.com\/avatar\/3a8de04a2656d44082be478bd6c086daa447c4651605818287b9532d3d0bd435?s=96&d=mm&r=g","contentUrl":"https:\/\/secure.gravatar.com\/avatar\/3a8de04a2656d44082be478bd6c086daa447c4651605818287b9532d3d0bd435?s=96&d=mm&r=g","caption":"Lo viste en Los Pol\u00edticos"},"url":"https:\/\/lospoliticosveracruz.com\/?author=2"}]}},"_links":{"self":[{"href":"https:\/\/lospoliticosveracruz.com\/index.php?rest_route=\/wp\/v2\/posts\/179923","targetHints":{"allow":["GET"]}}],"collection":[{"href":"https:\/\/lospoliticosveracruz.com\/index.php?rest_route=\/wp\/v2\/posts"}],"about":[{"href":"https:\/\/lospoliticosveracruz.com\/index.php?rest_route=\/wp\/v2\/types\/post"}],"author":[{"embeddable":true,"href":"https:\/\/lospoliticosveracruz.com\/index.php?rest_route=\/wp\/v2\/users\/2"}],"replies":[{"embeddable":true,"href":"https:\/\/lospoliticosveracruz.com\/index.php?rest_route=%2Fwp%2Fv2%2Fcomments&post=179923"}],"version-history":[{"count":2,"href":"https:\/\/lospoliticosveracruz.com\/index.php?rest_route=\/wp\/v2\/posts\/179923\/revisions"}],"predecessor-version":[{"id":179925,"href":"https:\/\/lospoliticosveracruz.com\/index.php?rest_route=\/wp\/v2\/posts\/179923\/revisions\/179925"}],"wp:featuredmedia":[{"embeddable":true,"href":"https:\/\/lospoliticosveracruz.com\/index.php?rest_route=\/wp\/v2\/media\/141398"}],"wp:attachment":[{"href":"https:\/\/lospoliticosveracruz.com\/index.php?rest_route=%2Fwp%2Fv2%2Fmedia&parent=179923"}],"wp:term":[{"taxonomy":"category","embeddable":true,"href":"https:\/\/lospoliticosveracruz.com\/index.php?rest_route=%2Fwp%2Fv2%2Fcategories&post=179923"},{"taxonomy":"post_tag","embeddable":true,"href":"https:\/\/lospoliticosveracruz.com\/index.php?rest_route=%2Fwp%2Fv2%2Ftags&post=179923"}],"curies":[{"name":"wp","href":"https:\/\/api.w.org\/{rel}","templated":true}]}}