{"id":179928,"date":"2026-09-02T21:00:15","date_gmt":"2026-09-03T03:00:15","guid":{"rendered":"https:\/\/lospoliticosveracruz.com\/?p=179928"},"modified":"2026-09-02T21:19:37","modified_gmt":"2026-09-03T03:19:37","slug":"a-un-ano-de-la-protesta-que-no-fue","status":"publish","type":"post","link":"https:\/\/lospoliticosveracruz.com\/?p=179928","title":{"rendered":"A UN A\u00d1O DE LA PROTESTA QUE NO FUE\u2026"},"content":{"rendered":"<div class=\"wp-block-image\">\n<figure class=\"alignleft size-medium is-resized\"><a href=\"https:\/\/lospoliticosveracruz.com\/wp-content\/uploads\/2026\/09\/no-ala-pirotecnia-medio_300x300png.png\"><img loading=\"lazy\" decoding=\"async\" width=\"300\" height=\"300\" src=\"https:\/\/lospoliticosveracruz.com\/wp-content\/uploads\/2026\/09\/no-ala-pirotecnia-medio_300x300png-300x300.png\" alt=\"\" class=\"wp-image-179741\" style=\"width:425px;height:auto\" srcset=\"https:\/\/lospoliticosveracruz.com\/wp-content\/uploads\/2026\/09\/no-ala-pirotecnia-medio_300x300png-300x300.png 300w, https:\/\/lospoliticosveracruz.com\/wp-content\/uploads\/2026\/09\/no-ala-pirotecnia-medio_300x300png-1024x1024.png 1024w, https:\/\/lospoliticosveracruz.com\/wp-content\/uploads\/2026\/09\/no-ala-pirotecnia-medio_300x300png-150x150.png 150w, https:\/\/lospoliticosveracruz.com\/wp-content\/uploads\/2026\/09\/no-ala-pirotecnia-medio_300x300png-768x768.png 768w, https:\/\/lospoliticosveracruz.com\/wp-content\/uploads\/2026\/09\/no-ala-pirotecnia-medio_300x300png-420x420.png 420w, https:\/\/lospoliticosveracruz.com\/wp-content\/uploads\/2026\/09\/no-ala-pirotecnia-medio_300x300png-696x696.png 696w, https:\/\/lospoliticosveracruz.com\/wp-content\/uploads\/2026\/09\/no-ala-pirotecnia-medio_300x300png-1068x1068.png 1068w, https:\/\/lospoliticosveracruz.com\/wp-content\/uploads\/2026\/09\/no-ala-pirotecnia-medio_300x300png.png 1250w\" sizes=\"auto, (max-width: 300px) 100vw, 300px\" \/><\/a><\/figure>\n<\/div>\n\n\n\n\n<p><strong>Marisol Luna Leal*<\/strong><\/p>\n\n\n\n<p>Ayer se cumpli\u00f3 un a\u00f1o de la fecha en que debi\u00f3 tomar protesta la persona titular de la Rector\u00eda de nuestra Universidad para el periodo 2025-2029. No se trataba de una formalidad menor, ni de un gesto protocolario prescindible. La designaci\u00f3n de quien encabeza una instituci\u00f3n p\u00fablica de educaci\u00f3n superior deb\u00eda surgir de un procedimiento legal, leg\u00edtimo, cierto y verificable; no de una operaci\u00f3n confeccionada desde la ambici\u00f3n personal, la complacencia institucional y la interpretaci\u00f3n interesada de la norma.<br>En lugar de un proceso dotado de juridicidad y legitimidad democr\u00e1tica, se consum\u00f3 uno de los fraudes a la ley m\u00e1s graves en la vida universitaria reciente: un grupo de personas, enti\u00e9ndase la junta de gobierno, se arrog\u00f3 la facultad de interpretar la Ley Org\u00e1nica de la Universidad para inventar un procedimiento carente de certeza jur\u00eddica, construido con criterios a modo del principal beneficiario y en abierta invasi\u00f3n de una competencia que corresponde al Congreso del Estado: interpretar la ley.<br>Entre las muchas arbitrariedades cometidas estuvo la de omitir la protesta de ley, bajo el argumento \u2014tan c\u00f3modo como jur\u00eddicamente pobre\u2014 de que, como esa protesta ya se hab\u00eda rendido en 2021, ya no era necesaria. \u201cQuesque\u201d la solemnidad constitucional caduca por conveniencia y se recicla por decreto interno.<br>La protesta de ley no es una cortes\u00eda ceremonial. El art\u00edculo 128 de la Constituci\u00f3n Pol\u00edtica de los Estados Unidos Mexicanos dispone que todo funcionario p\u00fablico, sin excepci\u00f3n alguna, antes de tomar posesi\u00f3n de su encargo, debe protestar guardar la Constituci\u00f3n y las leyes que de ella emanen. En la doctrina parlamentaria oficial, la protesta se entiende como el mandato constitucional mediante el cual la persona servidora p\u00fablica se compromete, antes de iniciar el ejercicio de las responsabilidades inherentes a su encargo, a fundar y razonar sus actos en la ley, preservando con ello la legalidad y el Estado de Derecho. Adem\u00e1s, existe criterio jurisdiccional electoral que ha advertido que la toma de protesta est\u00e1 vinculada al acceso y ejercicio efectivo del cargo, y que su instrumentalizaci\u00f3n no puede utilizarse para crear consecuencias jur\u00eddicas arbitrarias ni para condicionar indebidamente el desempe\u00f1o de una funci\u00f3n p\u00fablica.<br>Por eso, cuando se omite la protesta respecto de un nuevo periodo, no se est\u00e1 ante una an\u00e9cdota administrativa: se debilita el acto formal de asunci\u00f3n, se vac\u00eda de contenido el compromiso p\u00fablico de sujeci\u00f3n a la Constituci\u00f3n y a las leyes, y se env\u00eda un mensaje ominoso a la comunidad universitaria: que la legalidad puede administrarse seg\u00fan la conveniencia del momento.<br>M\u00e1s all\u00e1 del aspecto estrictamente legal \u2014y de las pr\u00e1cticas de intimidaci\u00f3n, represi\u00f3n, castigos, premios, bots, mentiras, uso patrimonialista de los recursos universitarios y campa\u00f1as de desprestigio contra quienes dijimos alto y fuerte la arbitrariedad que se estaba consumando\u2014 la pregunta verdaderamente relevante es otra: \u00bfqu\u00e9 tenemos hoy? O, mejor dicho, \u00bfde qu\u00e9 seguimos careciendo?<br>Seguimos careciendo de una reforma integral, pertinente y evaluable del modelo educativo; una reforma que supere la fragmentaci\u00f3n curricular, la rigidez de las trayectorias escolares y los horarios quebrados que mantienen a miles de estudiantes como rehenes de sus facultades. Cinco a\u00f1os despu\u00e9s, no hay una transformaci\u00f3n, tampoco excelencia acad\u00e9mica verificable, ni una estrategia institucional robusta para mejorar la experiencia formativa, la flexibilidad curricular, la movilidad interna, la eficiencia terminal o la pertinencia social de los programas educativos.<br>Seguimos careciendo de una pol\u00edtica seria de relevo generacional de la planta acad\u00e9mica, con condiciones dignas, previsibles y atractivas para quienes est\u00e1n en posibilidad de jubilarse, y con mecanismos transparentes para incorporar nuevos perfiles docentes y de investigaci\u00f3n. Tambi\u00e9n seguimos careciendo de una soluci\u00f3n estructural para quienes, durante veinte, veinticinco a\u00f1os o m\u00e1s, han sostenido la docencia universitaria desde la precariedad de una contrataci\u00f3n por asignatura.<br>Seguimos padeciendo procedimientos de contrataci\u00f3n lentos, tortuosos, opacos y plagados de vicios que lesionan derechos laborales y afectan de manera directa la continuidad acad\u00e9mica. El da\u00f1o colateral \u2014aunque en realidad es da\u00f1o central\u2014 lo resienten las y los estudiantes que inician semestres sin clase durante semanas o meses porque la instituci\u00f3n no logra resolver, con oportunidad y legalidad, lo elemental: contar con profesorado frente a grupo.<br>Seguimos sin una pol\u00edtica financiera transparente en torno al subsidio que la Federaci\u00f3n y el Estado deben otorgar a la Universidad; sin informaci\u00f3n p\u00fablica suficiente, clara y pedag\u00f3gicamente comprensible sobre las gestiones presupuestales, los criterios de distribuci\u00f3n interna, las prioridades institucionales y la defensa real de la suficiencia financiera universitaria.<br>Seguimos sin una visi\u00f3n estrat\u00e9gica para incorporar, con seriedad y no con ocurrencias, las Tecnolog\u00edas de la Informaci\u00f3n y la Comunicaci\u00f3n, las Tecnolog\u00edas del Aprendizaje y el Conocimiento y las Tecnolog\u00edas para el Empoderamiento y la Participaci\u00f3n \u2014TIC, TAC y TEP\u2014 como herramientas para ampliar matr\u00edcula, diversificar modalidades educativas, modernizar la oferta acad\u00e9mica, fortalecer la educaci\u00f3n h\u00edbrida y responder a los requerimientos contempor\u00e1neos del conocimiento, del trabajo y de la vida p\u00fablica.<br>Eso s\u00ed: han sobrado la soberbia y las ganas de venganza. Ha sobrado la exclusi\u00f3n, el bloqueo, la simulaci\u00f3n y la puesta en escena de \u201cgrandes logros\u201d cuidadosamente iluminados para que nada exhiba al rey desnudo. Han sobrado los aplausos de utiler\u00eda y los escenarios administrados para que la realidad no irrumpa en la fotograf\u00eda oficial.<br>Todo ello ha ocurrido con la complacencia de una junta de gobierno sumisa en lo esencial y omisa en lo sustantivo; una junta que deber\u00eda estar observando, cuestionando, evaluando y corrigiendo, no justificando lo injustificable. Desde febrero, adem\u00e1s, se asegur\u00f3 de \u201clegalizar\u201d en su reglamento la atrocidad de la pr\u00f3rroga, abriendo la puerta para que otras u otros resulten beneficiados por semejante \u201cejercicio democr\u00e1tico\u201d.<br>A esta Junta, como a otras tantas \u2014por lo menos a las dos o tres anteriores, me consta\u2014 les ha gustado asumirse como propietarias de la autonom\u00eda universitaria: elaborar y aprobar su propio reglamento, pasar por alto a la Comisi\u00f3n Permanente de Reglamentos y desplazar al pleno del Consejo Universitario General, como si la autonom\u00eda fuera patrimonio de unos cuantos y no una garant\u00eda institucional al servicio de la comunidad universitaria.<br>Mi posici\u00f3n siempre fue clara: estuve, estoy y seguir\u00e9 estando en contra de la pr\u00f3rroga. Lo dije como universitaria, como jurista y como ex Abogada General de la Universidad Veracruzana. No por animadversi\u00f3n personal, sino por convicci\u00f3n institucional. Porque cuando se tuerce la norma para conservar el poder, no se fortalece la autonom\u00eda: se la degrada.<br>Y cierro con esto: una Universidad puede sobrevivir a la cr\u00edtica; lo que no puede permitirse es normalizar la ilegalidad, premiar la simulaci\u00f3n y llamar estabilidad a lo que, en realidad, no es m\u00e1s que miedo organizado.<\/p>\n\n\n\n<p>*Dra. Marisol Luna Leal. ExAbogada General de la Universidad Veracruzana y profesora de tiempo completo.<br>Boca del R\u00edo, Veracruz. Septiembre 2. 2026.<\/p>\n\n\n\n<p><\/p>\n","protected":false},"excerpt":{"rendered":"<p>Marisol Luna Leal* Ayer se cumpli\u00f3 un a\u00f1o de la fecha en que debi\u00f3 tomar protesta la persona titular de la Rector\u00eda de nuestra Universidad para el periodo 2025-2029. No se trataba de una formalidad menor, ni de un gesto protocolario prescindible. La designaci\u00f3n de quien encabeza una instituci\u00f3n p\u00fablica de educaci\u00f3n superior deb\u00eda surgir [&hellip;]<\/p>\n","protected":false},"author":2,"featured_media":150819,"comment_status":"closed","ping_status":"closed","sticky":false,"template":"","format":"standard","meta":{"tdm_status":"","tdm_grid_status":"","footnotes":""},"categories":[70],"tags":[70221,8398,6717,44005,70996,21307,219],"class_list":{"0":"post-179928","1":"post","2":"type-post","3":"status-publish","4":"format-standard","5":"has-post-thumbnail","7":"category-de-opinion","8":"tag-autonomia-universitaria","9":"tag-junta-de-gobierno","10":"tag-legalidad","11":"tag-marisol-luna-leal","12":"tag-prorroga-rectoral","13":"tag-rectoria-uv","14":"tag-universidad-veracruzana"},"yoast_head":"<!-- This site is optimized with the Yoast SEO plugin v28.1 - https:\/\/yoast.com\/product\/yoast-seo-wordpress\/ -->\n<title>A UN A\u00d1O DE LA PROTESTA QUE NO FUE\u2026 - Los pol\u00edticos Veracruz<\/title>\n<meta name=\"robots\" content=\"index, follow, max-snippet:-1, max-image-preview:large, max-video-preview:-1\" \/>\n<link rel=\"canonical\" href=\"https:\/\/lospoliticosveracruz.com\/?p=179928\" \/>\n<meta property=\"og:locale\" content=\"es_ES\" \/>\n<meta property=\"og:type\" content=\"article\" \/>\n<meta property=\"og:title\" content=\"A UN A\u00d1O DE LA PROTESTA QUE NO FUE\u2026 - Los pol\u00edticos Veracruz\" \/>\n<meta property=\"og:description\" content=\"Marisol Luna Leal* Ayer se cumpli\u00f3 un a\u00f1o de la fecha en que debi\u00f3 tomar protesta la persona titular de la Rector\u00eda de nuestra Universidad para el periodo 2025-2029. No se trataba de una formalidad menor, ni de un gesto protocolario prescindible. La designaci\u00f3n de quien encabeza una instituci\u00f3n p\u00fablica de educaci\u00f3n superior deb\u00eda surgir [&hellip;]\" \/>\n<meta property=\"og:url\" content=\"https:\/\/lospoliticosveracruz.com\/?p=179928\" \/>\n<meta property=\"og:site_name\" content=\"Los pol\u00edticos Veracruz\" \/>\n<meta property=\"article:publisher\" content=\"https:\/\/www.facebook.com\/people\/Notimemes-de-los-Polticos\/61565672886568\/\" \/>\n<meta property=\"article:published_time\" content=\"2026-09-03T03:00:15+00:00\" \/>\n<meta property=\"article:modified_time\" content=\"2026-09-03T03:19:37+00:00\" \/>\n<meta property=\"og:image\" content=\"https:\/\/lospoliticosveracruz.com\/wp-content\/uploads\/2025\/08\/Marisol-Luna-Leal.jpg\" \/>\n\t<meta property=\"og:image:width\" content=\"600\" \/>\n\t<meta property=\"og:image:height\" content=\"320\" \/>\n\t<meta property=\"og:image:type\" content=\"image\/jpeg\" \/>\n<meta name=\"author\" content=\"Lo viste en Los Pol\u00edticos\" \/>\n<meta name=\"twitter:card\" content=\"summary_large_image\" \/>\n<meta name=\"twitter:creator\" content=\"@LosPoliticosVer\" \/>\n<meta name=\"twitter:site\" content=\"@LosPoliticosVer\" \/>\n<meta name=\"twitter:label1\" content=\"Escrito por\" \/>\n\t<meta name=\"twitter:data1\" content=\"Lo viste en Los Pol\u00edticos\" \/>\n\t<meta name=\"twitter:label2\" content=\"Tiempo de lectura\" \/>\n\t<meta name=\"twitter:data2\" content=\"6 minutos\" \/>\n<script type=\"application\/ld+json\" class=\"yoast-schema-graph\">{\"@context\":\"https:\\\/\\\/schema.org\",\"@graph\":[{\"@type\":\"Article\",\"@id\":\"https:\\\/\\\/lospoliticosveracruz.com\\\/?p=179928#article\",\"isPartOf\":{\"@id\":\"https:\\\/\\\/lospoliticosveracruz.com\\\/?p=179928\"},\"author\":{\"name\":\"Lo viste en Los Pol\u00edticos\",\"@id\":\"https:\\\/\\\/lospoliticosveracruz.com\\\/#\\\/schema\\\/person\\\/b8702bb0e538456e6efd07080bf2a4a2\"},\"headline\":\"A UN A\u00d1O DE LA PROTESTA QUE NO FUE\u2026\",\"datePublished\":\"2026-09-03T03:00:15+00:00\",\"dateModified\":\"2026-09-03T03:19:37+00:00\",\"mainEntityOfPage\":{\"@id\":\"https:\\\/\\\/lospoliticosveracruz.com\\\/?p=179928\"},\"wordCount\":1225,\"publisher\":{\"@id\":\"https:\\\/\\\/lospoliticosveracruz.com\\\/#organization\"},\"image\":{\"@id\":\"https:\\\/\\\/lospoliticosveracruz.com\\\/?p=179928#primaryimage\"},\"thumbnailUrl\":\"https:\\\/\\\/lospoliticosveracruz.com\\\/wp-content\\\/uploads\\\/2025\\\/08\\\/Marisol-Luna-Leal.jpg\",\"keywords\":[\"autonom\u00eda universitaria\",\"Junta de Gobierno\",\"legalidad\",\"Marisol Luna Leal\",\"pr\u00f3rroga rectoral\",\"Rector\u00eda UV\",\"Universidad Veracruzana\"],\"articleSection\":[\"De Opini\u00f3n\"],\"inLanguage\":\"es\"},{\"@type\":\"WebPage\",\"@id\":\"https:\\\/\\\/lospoliticosveracruz.com\\\/?p=179928\",\"url\":\"https:\\\/\\\/lospoliticosveracruz.com\\\/?p=179928\",\"name\":\"A UN A\u00d1O DE LA PROTESTA QUE NO FUE\u2026 - Los pol\u00edticos Veracruz\",\"isPartOf\":{\"@id\":\"https:\\\/\\\/lospoliticosveracruz.com\\\/#website\"},\"primaryImageOfPage\":{\"@id\":\"https:\\\/\\\/lospoliticosveracruz.com\\\/?p=179928#primaryimage\"},\"image\":{\"@id\":\"https:\\\/\\\/lospoliticosveracruz.com\\\/?p=179928#primaryimage\"},\"thumbnailUrl\":\"https:\\\/\\\/lospoliticosveracruz.com\\\/wp-content\\\/uploads\\\/2025\\\/08\\\/Marisol-Luna-Leal.jpg\",\"datePublished\":\"2026-09-03T03:00:15+00:00\",\"dateModified\":\"2026-09-03T03:19:37+00:00\",\"breadcrumb\":{\"@id\":\"https:\\\/\\\/lospoliticosveracruz.com\\\/?p=179928#breadcrumb\"},\"inLanguage\":\"es\",\"potentialAction\":[{\"@type\":\"ReadAction\",\"target\":[\"https:\\\/\\\/lospoliticosveracruz.com\\\/?p=179928\"]}]},{\"@type\":\"ImageObject\",\"inLanguage\":\"es\",\"@id\":\"https:\\\/\\\/lospoliticosveracruz.com\\\/?p=179928#primaryimage\",\"url\":\"https:\\\/\\\/lospoliticosveracruz.com\\\/wp-content\\\/uploads\\\/2025\\\/08\\\/Marisol-Luna-Leal.jpg\",\"contentUrl\":\"https:\\\/\\\/lospoliticosveracruz.com\\\/wp-content\\\/uploads\\\/2025\\\/08\\\/Marisol-Luna-Leal.jpg\",\"width\":600,\"height\":320},{\"@type\":\"BreadcrumbList\",\"@id\":\"https:\\\/\\\/lospoliticosveracruz.com\\\/?p=179928#breadcrumb\",\"itemListElement\":[{\"@type\":\"ListItem\",\"position\":1,\"name\":\"Portada\",\"item\":\"https:\\\/\\\/lospoliticosveracruz.com\\\/\"},{\"@type\":\"ListItem\",\"position\":2,\"name\":\"A UN A\u00d1O DE LA PROTESTA QUE NO FUE\u2026\"}]},{\"@type\":\"WebSite\",\"@id\":\"https:\\\/\\\/lospoliticosveracruz.com\\\/#website\",\"url\":\"https:\\\/\\\/lospoliticosveracruz.com\\\/\",\"name\":\"Los pol\u00edticos Veracruz\",\"description\":\"\",\"publisher\":{\"@id\":\"https:\\\/\\\/lospoliticosveracruz.com\\\/#organization\"},\"potentialAction\":[{\"@type\":\"SearchAction\",\"target\":{\"@type\":\"EntryPoint\",\"urlTemplate\":\"https:\\\/\\\/lospoliticosveracruz.com\\\/?s={search_term_string}\"},\"query-input\":{\"@type\":\"PropertyValueSpecification\",\"valueRequired\":true,\"valueName\":\"search_term_string\"}}],\"inLanguage\":\"es\"},{\"@type\":\"Organization\",\"@id\":\"https:\\\/\\\/lospoliticosveracruz.com\\\/#organization\",\"name\":\"Los pol\u00edticos Veracruz\",\"url\":\"https:\\\/\\\/lospoliticosveracruz.com\\\/\",\"logo\":{\"@type\":\"ImageObject\",\"inLanguage\":\"es\",\"@id\":\"https:\\\/\\\/lospoliticosveracruz.com\\\/#\\\/schema\\\/logo\\\/image\\\/\",\"url\":\"https:\\\/\\\/lospoliticosveracruz.com\\\/wp-content\\\/uploads\\\/2025\\\/12\\\/Logo-Nuevo-LOS-POLITICOS-1.jpg\",\"contentUrl\":\"https:\\\/\\\/lospoliticosveracruz.com\\\/wp-content\\\/uploads\\\/2025\\\/12\\\/Logo-Nuevo-LOS-POLITICOS-1.jpg\",\"width\":260,\"height\":70,\"caption\":\"Los pol\u00edticos Veracruz\"},\"image\":{\"@id\":\"https:\\\/\\\/lospoliticosveracruz.com\\\/#\\\/schema\\\/logo\\\/image\\\/\"},\"sameAs\":[\"https:\\\/\\\/www.facebook.com\\\/people\\\/Notimemes-de-los-Polticos\\\/61565672886568\\\/\",\"https:\\\/\\\/x.com\\\/LosPoliticosVer\"]},{\"@type\":\"Person\",\"@id\":\"https:\\\/\\\/lospoliticosveracruz.com\\\/#\\\/schema\\\/person\\\/b8702bb0e538456e6efd07080bf2a4a2\",\"name\":\"Lo viste en Los Pol\u00edticos\",\"image\":{\"@type\":\"ImageObject\",\"inLanguage\":\"es\",\"@id\":\"https:\\\/\\\/secure.gravatar.com\\\/avatar\\\/3a8de04a2656d44082be478bd6c086daa447c4651605818287b9532d3d0bd435?s=96&d=mm&r=g\",\"url\":\"https:\\\/\\\/secure.gravatar.com\\\/avatar\\\/3a8de04a2656d44082be478bd6c086daa447c4651605818287b9532d3d0bd435?s=96&d=mm&r=g\",\"contentUrl\":\"https:\\\/\\\/secure.gravatar.com\\\/avatar\\\/3a8de04a2656d44082be478bd6c086daa447c4651605818287b9532d3d0bd435?s=96&d=mm&r=g\",\"caption\":\"Lo viste en Los Pol\u00edticos\"},\"url\":\"https:\\\/\\\/lospoliticosveracruz.com\\\/?author=2\"}]}<\/script>\n<!-- \/ Yoast SEO plugin. -->","yoast_head_json":{"title":"A UN A\u00d1O DE LA PROTESTA QUE NO FUE\u2026 - Los pol\u00edticos Veracruz","robots":{"index":"index","follow":"follow","max-snippet":"max-snippet:-1","max-image-preview":"max-image-preview:large","max-video-preview":"max-video-preview:-1"},"canonical":"https:\/\/lospoliticosveracruz.com\/?p=179928","og_locale":"es_ES","og_type":"article","og_title":"A UN A\u00d1O DE LA PROTESTA QUE NO FUE\u2026 - Los pol\u00edticos Veracruz","og_description":"Marisol Luna Leal* Ayer se cumpli\u00f3 un a\u00f1o de la fecha en que debi\u00f3 tomar protesta la persona titular de la Rector\u00eda de nuestra Universidad para el periodo 2025-2029. No se trataba de una formalidad menor, ni de un gesto protocolario prescindible. La designaci\u00f3n de quien encabeza una instituci\u00f3n p\u00fablica de educaci\u00f3n superior deb\u00eda surgir [&hellip;]","og_url":"https:\/\/lospoliticosveracruz.com\/?p=179928","og_site_name":"Los pol\u00edticos Veracruz","article_publisher":"https:\/\/www.facebook.com\/people\/Notimemes-de-los-Polticos\/61565672886568\/","article_published_time":"2026-09-03T03:00:15+00:00","article_modified_time":"2026-09-03T03:19:37+00:00","og_image":[{"width":600,"height":320,"url":"https:\/\/lospoliticosveracruz.com\/wp-content\/uploads\/2025\/08\/Marisol-Luna-Leal.jpg","type":"image\/jpeg"}],"author":"Lo viste en Los Pol\u00edticos","twitter_card":"summary_large_image","twitter_creator":"@LosPoliticosVer","twitter_site":"@LosPoliticosVer","twitter_misc":{"Escrito por":"Lo viste en Los Pol\u00edticos","Tiempo de lectura":"6 minutos"},"schema":{"@context":"https:\/\/schema.org","@graph":[{"@type":"Article","@id":"https:\/\/lospoliticosveracruz.com\/?p=179928#article","isPartOf":{"@id":"https:\/\/lospoliticosveracruz.com\/?p=179928"},"author":{"name":"Lo viste en Los Pol\u00edticos","@id":"https:\/\/lospoliticosveracruz.com\/#\/schema\/person\/b8702bb0e538456e6efd07080bf2a4a2"},"headline":"A UN A\u00d1O DE LA PROTESTA QUE NO FUE\u2026","datePublished":"2026-09-03T03:00:15+00:00","dateModified":"2026-09-03T03:19:37+00:00","mainEntityOfPage":{"@id":"https:\/\/lospoliticosveracruz.com\/?p=179928"},"wordCount":1225,"publisher":{"@id":"https:\/\/lospoliticosveracruz.com\/#organization"},"image":{"@id":"https:\/\/lospoliticosveracruz.com\/?p=179928#primaryimage"},"thumbnailUrl":"https:\/\/lospoliticosveracruz.com\/wp-content\/uploads\/2025\/08\/Marisol-Luna-Leal.jpg","keywords":["autonom\u00eda universitaria","Junta de Gobierno","legalidad","Marisol Luna Leal","pr\u00f3rroga rectoral","Rector\u00eda UV","Universidad Veracruzana"],"articleSection":["De Opini\u00f3n"],"inLanguage":"es"},{"@type":"WebPage","@id":"https:\/\/lospoliticosveracruz.com\/?p=179928","url":"https:\/\/lospoliticosveracruz.com\/?p=179928","name":"A UN A\u00d1O DE LA PROTESTA QUE NO FUE\u2026 - Los pol\u00edticos Veracruz","isPartOf":{"@id":"https:\/\/lospoliticosveracruz.com\/#website"},"primaryImageOfPage":{"@id":"https:\/\/lospoliticosveracruz.com\/?p=179928#primaryimage"},"image":{"@id":"https:\/\/lospoliticosveracruz.com\/?p=179928#primaryimage"},"thumbnailUrl":"https:\/\/lospoliticosveracruz.com\/wp-content\/uploads\/2025\/08\/Marisol-Luna-Leal.jpg","datePublished":"2026-09-03T03:00:15+00:00","dateModified":"2026-09-03T03:19:37+00:00","breadcrumb":{"@id":"https:\/\/lospoliticosveracruz.com\/?p=179928#breadcrumb"},"inLanguage":"es","potentialAction":[{"@type":"ReadAction","target":["https:\/\/lospoliticosveracruz.com\/?p=179928"]}]},{"@type":"ImageObject","inLanguage":"es","@id":"https:\/\/lospoliticosveracruz.com\/?p=179928#primaryimage","url":"https:\/\/lospoliticosveracruz.com\/wp-content\/uploads\/2025\/08\/Marisol-Luna-Leal.jpg","contentUrl":"https:\/\/lospoliticosveracruz.com\/wp-content\/uploads\/2025\/08\/Marisol-Luna-Leal.jpg","width":600,"height":320},{"@type":"BreadcrumbList","@id":"https:\/\/lospoliticosveracruz.com\/?p=179928#breadcrumb","itemListElement":[{"@type":"ListItem","position":1,"name":"Portada","item":"https:\/\/lospoliticosveracruz.com\/"},{"@type":"ListItem","position":2,"name":"A UN A\u00d1O DE LA PROTESTA QUE NO FUE\u2026"}]},{"@type":"WebSite","@id":"https:\/\/lospoliticosveracruz.com\/#website","url":"https:\/\/lospoliticosveracruz.com\/","name":"Los pol\u00edticos Veracruz","description":"","publisher":{"@id":"https:\/\/lospoliticosveracruz.com\/#organization"},"potentialAction":[{"@type":"SearchAction","target":{"@type":"EntryPoint","urlTemplate":"https:\/\/lospoliticosveracruz.com\/?s={search_term_string}"},"query-input":{"@type":"PropertyValueSpecification","valueRequired":true,"valueName":"search_term_string"}}],"inLanguage":"es"},{"@type":"Organization","@id":"https:\/\/lospoliticosveracruz.com\/#organization","name":"Los pol\u00edticos Veracruz","url":"https:\/\/lospoliticosveracruz.com\/","logo":{"@type":"ImageObject","inLanguage":"es","@id":"https:\/\/lospoliticosveracruz.com\/#\/schema\/logo\/image\/","url":"https:\/\/lospoliticosveracruz.com\/wp-content\/uploads\/2025\/12\/Logo-Nuevo-LOS-POLITICOS-1.jpg","contentUrl":"https:\/\/lospoliticosveracruz.com\/wp-content\/uploads\/2025\/12\/Logo-Nuevo-LOS-POLITICOS-1.jpg","width":260,"height":70,"caption":"Los pol\u00edticos Veracruz"},"image":{"@id":"https:\/\/lospoliticosveracruz.com\/#\/schema\/logo\/image\/"},"sameAs":["https:\/\/www.facebook.com\/people\/Notimemes-de-los-Polticos\/61565672886568\/","https:\/\/x.com\/LosPoliticosVer"]},{"@type":"Person","@id":"https:\/\/lospoliticosveracruz.com\/#\/schema\/person\/b8702bb0e538456e6efd07080bf2a4a2","name":"Lo viste en Los Pol\u00edticos","image":{"@type":"ImageObject","inLanguage":"es","@id":"https:\/\/secure.gravatar.com\/avatar\/3a8de04a2656d44082be478bd6c086daa447c4651605818287b9532d3d0bd435?s=96&d=mm&r=g","url":"https:\/\/secure.gravatar.com\/avatar\/3a8de04a2656d44082be478bd6c086daa447c4651605818287b9532d3d0bd435?s=96&d=mm&r=g","contentUrl":"https:\/\/secure.gravatar.com\/avatar\/3a8de04a2656d44082be478bd6c086daa447c4651605818287b9532d3d0bd435?s=96&d=mm&r=g","caption":"Lo viste en Los Pol\u00edticos"},"url":"https:\/\/lospoliticosveracruz.com\/?author=2"}]}},"_links":{"self":[{"href":"https:\/\/lospoliticosveracruz.com\/index.php?rest_route=\/wp\/v2\/posts\/179928","targetHints":{"allow":["GET"]}}],"collection":[{"href":"https:\/\/lospoliticosveracruz.com\/index.php?rest_route=\/wp\/v2\/posts"}],"about":[{"href":"https:\/\/lospoliticosveracruz.com\/index.php?rest_route=\/wp\/v2\/types\/post"}],"author":[{"embeddable":true,"href":"https:\/\/lospoliticosveracruz.com\/index.php?rest_route=\/wp\/v2\/users\/2"}],"replies":[{"embeddable":true,"href":"https:\/\/lospoliticosveracruz.com\/index.php?rest_route=%2Fwp%2Fv2%2Fcomments&post=179928"}],"version-history":[{"count":2,"href":"https:\/\/lospoliticosveracruz.com\/index.php?rest_route=\/wp\/v2\/posts\/179928\/revisions"}],"predecessor-version":[{"id":179930,"href":"https:\/\/lospoliticosveracruz.com\/index.php?rest_route=\/wp\/v2\/posts\/179928\/revisions\/179930"}],"wp:featuredmedia":[{"embeddable":true,"href":"https:\/\/lospoliticosveracruz.com\/index.php?rest_route=\/wp\/v2\/media\/150819"}],"wp:attachment":[{"href":"https:\/\/lospoliticosveracruz.com\/index.php?rest_route=%2Fwp%2Fv2%2Fmedia&parent=179928"}],"wp:term":[{"taxonomy":"category","embeddable":true,"href":"https:\/\/lospoliticosveracruz.com\/index.php?rest_route=%2Fwp%2Fv2%2Fcategories&post=179928"},{"taxonomy":"post_tag","embeddable":true,"href":"https:\/\/lospoliticosveracruz.com\/index.php?rest_route=%2Fwp%2Fv2%2Ftags&post=179928"}],"curies":[{"name":"wp","href":"https:\/\/api.w.org\/{rel}","templated":true}]}}