{"id":179931,"date":"2026-09-03T05:28:46","date_gmt":"2026-09-03T11:28:46","guid":{"rendered":"https:\/\/lospoliticosveracruz.com\/?p=179931"},"modified":"2026-09-03T05:28:47","modified_gmt":"2026-09-03T11:28:47","slug":"arturo-lopez-obrador-andres-manuel-y-veracruz","status":"publish","type":"post","link":"https:\/\/lospoliticosveracruz.com\/?p=179931","title":{"rendered":"ARTURO L\u00d3PEZ OBRADOR, ANDR\u00c9S MANUEL Y VERACRUZ"},"content":{"rendered":"<div class=\"wp-block-image\">\n<figure class=\"alignleft size-medium is-resized\"><a href=\"https:\/\/lospoliticosveracruz.com\/wp-content\/uploads\/2026\/09\/no-ala-pirotecnia-medio_300x300png.png\"><img loading=\"lazy\" decoding=\"async\" width=\"300\" height=\"300\" src=\"https:\/\/lospoliticosveracruz.com\/wp-content\/uploads\/2026\/09\/no-ala-pirotecnia-medio_300x300png-300x300.png\" alt=\"\" class=\"wp-image-179741\" style=\"width:425px;height:auto\" srcset=\"https:\/\/lospoliticosveracruz.com\/wp-content\/uploads\/2026\/09\/no-ala-pirotecnia-medio_300x300png-300x300.png 300w, https:\/\/lospoliticosveracruz.com\/wp-content\/uploads\/2026\/09\/no-ala-pirotecnia-medio_300x300png-1024x1024.png 1024w, https:\/\/lospoliticosveracruz.com\/wp-content\/uploads\/2026\/09\/no-ala-pirotecnia-medio_300x300png-150x150.png 150w, https:\/\/lospoliticosveracruz.com\/wp-content\/uploads\/2026\/09\/no-ala-pirotecnia-medio_300x300png-768x768.png 768w, https:\/\/lospoliticosveracruz.com\/wp-content\/uploads\/2026\/09\/no-ala-pirotecnia-medio_300x300png-420x420.png 420w, https:\/\/lospoliticosveracruz.com\/wp-content\/uploads\/2026\/09\/no-ala-pirotecnia-medio_300x300png-696x696.png 696w, https:\/\/lospoliticosveracruz.com\/wp-content\/uploads\/2026\/09\/no-ala-pirotecnia-medio_300x300png-1068x1068.png 1068w, https:\/\/lospoliticosveracruz.com\/wp-content\/uploads\/2026\/09\/no-ala-pirotecnia-medio_300x300png.png 1250w\" sizes=\"auto, (max-width: 300px) 100vw, 300px\" \/><\/a><\/figure>\n<\/div>\n\n\n\n\n<p><strong>Ricardo Chua<\/strong><br><em>Sale y Vale<\/em><\/p>\n\n\n\n<p class=\"dropcapp1\">De nuevo el tema de la familia de Andr\u00e9s Manuel L\u00f3pez Obrardo en Veracruz, ha salido a la luz p\u00fablica, esos personajes que viven en Xalapa y Coatepec, que es la de su hermano menor Arturo L\u00f3pez Obrador, que cuenta con alrededor de 68 a\u00f1os.. Un personaje que tiene muchos a\u00f1os radicando en la entidad, tierra de su familia paterna.. De este caso, se puede decir que la pol\u00e9mica en la que est\u00e1 inmersa esta familia, est\u00e1 llegando a su fin.. Sobre todo porque la gobernadora Roc\u00edo Nahle, ya les dio el respaldo p\u00fablico.. Y despu\u00e9s de eso, dentro de la 4T en el Estado, ya no pasar\u00e1 nada.. Nada de nada..<\/p>\n\n\n\n<p>Ya que Nahle dijo a los medios p\u00fablicamente que son muchachos (Los 3 sobrinos de Andr\u00e9s Manuel e hijos de Arturo) egresados de la Universidad Veracruzana, que son eficientes y que ella no cae en nepotismo en contratarlos porque no son sus familiares.. Y que los tiene ah\u00ed trabajando en el gobierno estatal porque les dan resultado.. TAN.. TAN.. \u00bfQui\u00e9n va a protestar ahora?.. Si ya la \u00abjefa\u00bb les dijo que no hay problema.. Y a otra cosa \u00abmariposa\u00bb.. La oposici\u00f3n ni se ha metido, ni se meter\u00e1.. \u00bfPara qu\u00e9?.. \u00bfSirve de algo?.. Lo que es una realidad es que la \u00abmameyazos\u00bb a Arturo L\u00f3pez Obrador fue \u00abfuego amigo\u00bb.. Lo madrearon desde adentro..<\/p>\n\n\n\n<p>Los chiflidos en su contra en el restaurante de Coatepec.. Fue algo natural, algo org\u00e1nico.. Nadie los financi\u00f3.. Pero los ataques posteriores, las \u00abfiltraciones\u00bb de datos sobre estos sobrinos de AMLO en medios de comunicaci\u00f3n y redes sociales en el pa\u00eds.. Vino directamente de MORENA.. Qui\u00e9n m\u00e1s tiene acceso a esos datos, que no sean funcionarios p\u00fablicos estatales o federales.. Que fue la \u00abultraderecha\u00bb, que no digan mentiras, esa \u00abultraderecha\u00bb en Veracruz casi ni existe.. Y no tiene cargos p\u00fablicos.. Esa informaci\u00f3n viene de adentro, ah\u00ed donde est\u00e1n los enemigos de Nahle y de todos los obradoristas..<\/p>\n\n\n\n<p>As\u00ed que despu\u00e9s de este \u00abrespaldo\u00bb s\u00f3lo los cuestionamientos de los medios de comunicaci\u00f3n serios.. Los mantendr\u00e1n vigente.. Para todos los dem\u00e1s, ser\u00e1 cosa del pasado.. Tanto as\u00ed que el propio titular de SEFIPLAN, Miguel Reyes, no quiso comentar al respecto ayer a la prensa cubr\u00eda las guardias de funcionarios estatales por los festejos patrios en el parque \u00abLos Berros\u00bb en Xalapa.. Mejor corri\u00f3 del lugar y s\u00f3lo atin\u00f3 a \u00abmandarle\u00bb besos a mujeres periodistas que lo cuestionaban de la n\u00f3mina de los sobrinos de AMLO.. Y nadie del gobierno estatal descalific\u00f3 esta acci\u00f3n del funcionario y eso que su jefa es una mujer..<\/p>\n\n\n\n<p>Despu\u00e9s de todo este tema pol\u00e9mico, se puede decir que el asunto no pasar\u00e1 a mayores.. Esto pese a que en su momento, all\u00e1 por el a\u00f1o 2016, Arturo L\u00f3pez Obrador en la campa\u00f1a a gobernador de Veracruz, esa que dur\u00f3 2 a\u00f1os y gan\u00f3 Miguel \u00c1ngel Yunes Linares, este personaje se pronunci\u00f3 a favor del entonces candidato del PRI al gobierno estatal, H\u00e9ctor Yunes Landa.. Lo cual provoc\u00f3 molest\u00eda a su hermano AMLO y sostuvo un desencuentro p\u00fablico epistolar porque Andr\u00e9s Manuel, apoyaba e impuso como candidato de MORENA a Cuitl\u00e1huac Garc\u00eda.. Pero Arturo se fue con H\u00e9ctor..<\/p>\n\n\n\n<p>Lo que son cosas y el poder pol\u00edtico cuando lo detenta un familiar directo.. 10 a\u00f1os despu\u00e9s de ese pleito, las cosas cambiaron entre los hermanos L\u00f3pez Obrador.. Algunos cercanos cuentan que hablaron y dirimieron diferencias.. Por eso, ahora Arturo, pues, transita con la 4T y sus 3 hijos est\u00e1n bien colocados con cargos p\u00fablicos en el gobierno del Estado.. Respaldados por los poderosos personajes que despachan en Palacio de Gobierno.. Recomendados o no, pero ellos son funcionarios p\u00fablicos.. AS\u00cd SEA.. SAQUEN SUS CONCLUSIONES.. AMEN<\/p>\n\n\n\n<p>EL MADRAZO DE MORENA..<\/p>\n\n\n\n<p>Despu\u00e9s que se acercan los d\u00edas para que MORENA emita su convocatoria nacional para todos aquellos personajes, que buscan la nominaci\u00f3n a diputados federales por la coalici\u00f3n MORENA-PVEM y Partido del Trabajo.. Hay, sin duda, personas que est\u00e1n surgiendo como fuertes aspirantes a estos cargos de elecci\u00f3n popular.. Dentro del Movimiento de la 4T.. Y si bien hay distritos en la entidad veracruzana, muy complicados que ellos, hay quienes est\u00e1n dispuestos a correr este riesgo como en la demarcaci\u00f3n de Boca del R\u00edo con el dirigente transportista Carlos Sosa Madrazo.. Qui\u00e9n podr\u00eda ser el postulado..<\/p>\n\n\n\n<p>Madrazo sabe que la tarea para MORENA, no es f\u00e1cil en Boca del R\u00edo.. Es muy complicada, ya que ni en sus peores momentos como partido, el PAN no ha perdido en este distrito.. S\u00f3lo la han podido ganar priistas como Fidel Herrera en 1997, Mart\u00edn Vida\u00f1a en 2003 y Salvador Manzur en 2009.. De ah\u00ed en adelante el distrito se ha vestido de \u00abazul\u00bb.. Y los partidos de izquierda como MORENA, nunca han ganado ese distrito.. Por lo cual, la \u00abaduana\u00bb es m\u00e1s dif\u00edcil concretar.. Pero si Madrazo la busca por el \u00abguinda\u00bb y la logra, se habr\u00e1 anotado un triunfo hist\u00f3rico.. Es la prueba m\u00e1s dif\u00edcil que tiene MORENA en Veracruz..<\/p>\n\n\n\n<p>Finalmente, por su labor con personajes y asociaciones afiliadas, adem\u00e1s de dedicadas al transporte p\u00fablico en general.. El dirigente transportista veracruzano, Carlos Sosa Madrazo, se ha convertido en una pieza fundamental para la comunicaci\u00f3n y apoyo entre muchos sectores de la sociedad y la 4T.. Buscando por todos lados, la mejora del transporte p\u00fablico y de carga en el tema del servicio.. Adem\u00e1s de las mejoras de las condiciones de trabajo del \u00abhombre-cami\u00f3n\u00bb.. Por lo pronto Madrazo contin\u00faa caminando, capacit\u00e1ndose, reuni\u00e9ndose con asociaciones en el tema de transporte.. Y su esfuerzo puede dar \u00abfrutos\u00bb.. Ya s\u00f3lo depende del partido a nivel nacional con su coalici\u00f3n.. Qu\u00e9 es lo que busca en un distrito como Boca del R\u00edo.. Ya que \u00e9l podr\u00eda ser una de las \u00abcartas\u00bb fuertes.. AMEN<\/p>\n","protected":false},"excerpt":{"rendered":"<p>Ricardo ChuaSale y Vale De nuevo el tema de la familia de Andr\u00e9s Manuel L\u00f3pez Obrardo en Veracruz, ha salido a la luz p\u00fablica, esos personajes que viven en Xalapa y Coatepec, que es la de su hermano menor Arturo L\u00f3pez Obrador, que cuenta con alrededor de 68 a\u00f1os.. Un personaje que tiene muchos a\u00f1os [&hellip;]<\/p>\n","protected":false},"author":2,"featured_media":162484,"comment_status":"closed","ping_status":"closed","sticky":false,"template":"","format":"standard","meta":{"tdm_status":"","tdm_grid_status":"","footnotes":""},"categories":[70],"tags":[618,277,41936,4551,28660,3578,640,195,96],"class_list":{"0":"post-179931","1":"post","2":"type-post","3":"status-publish","4":"format-standard","5":"has-post-thumbnail","7":"category-de-opinion","8":"tag-andres-manuel-lopez-obrador","9":"tag-coatepec","10":"tag-miguel-santiago-reyes-hernandez","11":"tag-pedro-arturo-lopez-obrador","12":"tag-ricardo-chua-2","13":"tag-rocio-nahle","14":"tag-sefiplan","15":"tag-veracruz","16":"tag-xalapa"},"yoast_head":"<!-- This site is optimized with the Yoast SEO plugin v28.1 - https:\/\/yoast.com\/product\/yoast-seo-wordpress\/ -->\n<title>ARTURO L\u00d3PEZ OBRADOR, ANDR\u00c9S MANUEL Y VERACRUZ - Los pol\u00edticos Veracruz<\/title>\n<meta name=\"robots\" content=\"index, follow, max-snippet:-1, max-image-preview:large, max-video-preview:-1\" \/>\n<link rel=\"canonical\" href=\"https:\/\/lospoliticosveracruz.com\/?p=179931\" \/>\n<meta property=\"og:locale\" content=\"es_ES\" \/>\n<meta property=\"og:type\" content=\"article\" \/>\n<meta property=\"og:title\" content=\"ARTURO L\u00d3PEZ OBRADOR, ANDR\u00c9S MANUEL Y VERACRUZ - Los pol\u00edticos Veracruz\" \/>\n<meta property=\"og:description\" content=\"Ricardo ChuaSale y Vale De nuevo el tema de la familia de Andr\u00e9s Manuel L\u00f3pez Obrardo en Veracruz, ha salido a la luz p\u00fablica, esos personajes que viven en Xalapa y Coatepec, que es la de su hermano menor Arturo L\u00f3pez Obrador, que cuenta con alrededor de 68 a\u00f1os.. Un personaje que tiene muchos a\u00f1os [&hellip;]\" \/>\n<meta property=\"og:url\" content=\"https:\/\/lospoliticosveracruz.com\/?p=179931\" \/>\n<meta property=\"og:site_name\" content=\"Los pol\u00edticos Veracruz\" \/>\n<meta property=\"article:publisher\" content=\"https:\/\/www.facebook.com\/people\/Notimemes-de-los-Polticos\/61565672886568\/\" \/>\n<meta property=\"article:published_time\" content=\"2026-09-03T11:28:46+00:00\" \/>\n<meta property=\"article:modified_time\" content=\"2026-09-03T11:28:47+00:00\" \/>\n<meta property=\"og:image\" content=\"https:\/\/lospoliticosveracruz.com\/wp-content\/uploads\/2026\/02\/Chua-e1775852093240.jpg\" \/>\n\t<meta property=\"og:image:width\" content=\"600\" \/>\n\t<meta property=\"og:image:height\" content=\"320\" \/>\n\t<meta property=\"og:image:type\" content=\"image\/jpeg\" \/>\n<meta name=\"author\" content=\"Lo viste en Los Pol\u00edticos\" \/>\n<meta name=\"twitter:card\" content=\"summary_large_image\" \/>\n<meta name=\"twitter:creator\" content=\"@LosPoliticosVer\" \/>\n<meta name=\"twitter:site\" content=\"@LosPoliticosVer\" \/>\n<meta name=\"twitter:label1\" content=\"Escrito por\" \/>\n\t<meta name=\"twitter:data1\" content=\"Lo viste en Los Pol\u00edticos\" \/>\n\t<meta name=\"twitter:label2\" content=\"Tiempo de lectura\" \/>\n\t<meta name=\"twitter:data2\" content=\"5 minutos\" \/>\n<script type=\"application\/ld+json\" class=\"yoast-schema-graph\">{\"@context\":\"https:\\\/\\\/schema.org\",\"@graph\":[{\"@type\":\"Article\",\"@id\":\"https:\\\/\\\/lospoliticosveracruz.com\\\/?p=179931#article\",\"isPartOf\":{\"@id\":\"https:\\\/\\\/lospoliticosveracruz.com\\\/?p=179931\"},\"author\":{\"name\":\"Lo viste en Los Pol\u00edticos\",\"@id\":\"https:\\\/\\\/lospoliticosveracruz.com\\\/#\\\/schema\\\/person\\\/b8702bb0e538456e6efd07080bf2a4a2\"},\"headline\":\"ARTURO L\u00d3PEZ OBRADOR, ANDR\u00c9S MANUEL Y VERACRUZ\",\"datePublished\":\"2026-09-03T11:28:46+00:00\",\"dateModified\":\"2026-09-03T11:28:47+00:00\",\"mainEntityOfPage\":{\"@id\":\"https:\\\/\\\/lospoliticosveracruz.com\\\/?p=179931\"},\"wordCount\":1042,\"publisher\":{\"@id\":\"https:\\\/\\\/lospoliticosveracruz.com\\\/#organization\"},\"image\":{\"@id\":\"https:\\\/\\\/lospoliticosveracruz.com\\\/?p=179931#primaryimage\"},\"thumbnailUrl\":\"https:\\\/\\\/lospoliticosveracruz.com\\\/wp-content\\\/uploads\\\/2026\\\/02\\\/Chua-e1775852093240.jpg\",\"keywords\":[\"Andr\u00e9s Manuel L\u00f3pez Obrador\",\"Coatepec\",\"Miguel Santiago Reyes Hern\u00e1ndez\",\"Pedro Arturo L\u00f3pez Obrador\",\"Ricardo Chua\",\"Roc\u00edo Nahle\",\"Sefiplan\",\"Veracruz\",\"Xalapa\"],\"articleSection\":[\"De Opini\u00f3n\"],\"inLanguage\":\"es\"},{\"@type\":\"WebPage\",\"@id\":\"https:\\\/\\\/lospoliticosveracruz.com\\\/?p=179931\",\"url\":\"https:\\\/\\\/lospoliticosveracruz.com\\\/?p=179931\",\"name\":\"ARTURO L\u00d3PEZ OBRADOR, ANDR\u00c9S MANUEL Y VERACRUZ - Los pol\u00edticos Veracruz\",\"isPartOf\":{\"@id\":\"https:\\\/\\\/lospoliticosveracruz.com\\\/#website\"},\"primaryImageOfPage\":{\"@id\":\"https:\\\/\\\/lospoliticosveracruz.com\\\/?p=179931#primaryimage\"},\"image\":{\"@id\":\"https:\\\/\\\/lospoliticosveracruz.com\\\/?p=179931#primaryimage\"},\"thumbnailUrl\":\"https:\\\/\\\/lospoliticosveracruz.com\\\/wp-content\\\/uploads\\\/2026\\\/02\\\/Chua-e1775852093240.jpg\",\"datePublished\":\"2026-09-03T11:28:46+00:00\",\"dateModified\":\"2026-09-03T11:28:47+00:00\",\"breadcrumb\":{\"@id\":\"https:\\\/\\\/lospoliticosveracruz.com\\\/?p=179931#breadcrumb\"},\"inLanguage\":\"es\",\"potentialAction\":[{\"@type\":\"ReadAction\",\"target\":[\"https:\\\/\\\/lospoliticosveracruz.com\\\/?p=179931\"]}]},{\"@type\":\"ImageObject\",\"inLanguage\":\"es\",\"@id\":\"https:\\\/\\\/lospoliticosveracruz.com\\\/?p=179931#primaryimage\",\"url\":\"https:\\\/\\\/lospoliticosveracruz.com\\\/wp-content\\\/uploads\\\/2026\\\/02\\\/Chua-e1775852093240.jpg\",\"contentUrl\":\"https:\\\/\\\/lospoliticosveracruz.com\\\/wp-content\\\/uploads\\\/2026\\\/02\\\/Chua-e1775852093240.jpg\",\"width\":600,\"height\":320},{\"@type\":\"BreadcrumbList\",\"@id\":\"https:\\\/\\\/lospoliticosveracruz.com\\\/?p=179931#breadcrumb\",\"itemListElement\":[{\"@type\":\"ListItem\",\"position\":1,\"name\":\"Portada\",\"item\":\"https:\\\/\\\/lospoliticosveracruz.com\\\/\"},{\"@type\":\"ListItem\",\"position\":2,\"name\":\"ARTURO L\u00d3PEZ OBRADOR, ANDR\u00c9S MANUEL Y VERACRUZ\"}]},{\"@type\":\"WebSite\",\"@id\":\"https:\\\/\\\/lospoliticosveracruz.com\\\/#website\",\"url\":\"https:\\\/\\\/lospoliticosveracruz.com\\\/\",\"name\":\"Los pol\u00edticos Veracruz\",\"description\":\"\",\"publisher\":{\"@id\":\"https:\\\/\\\/lospoliticosveracruz.com\\\/#organization\"},\"potentialAction\":[{\"@type\":\"SearchAction\",\"target\":{\"@type\":\"EntryPoint\",\"urlTemplate\":\"https:\\\/\\\/lospoliticosveracruz.com\\\/?s={search_term_string}\"},\"query-input\":{\"@type\":\"PropertyValueSpecification\",\"valueRequired\":true,\"valueName\":\"search_term_string\"}}],\"inLanguage\":\"es\"},{\"@type\":\"Organization\",\"@id\":\"https:\\\/\\\/lospoliticosveracruz.com\\\/#organization\",\"name\":\"Los pol\u00edticos Veracruz\",\"url\":\"https:\\\/\\\/lospoliticosveracruz.com\\\/\",\"logo\":{\"@type\":\"ImageObject\",\"inLanguage\":\"es\",\"@id\":\"https:\\\/\\\/lospoliticosveracruz.com\\\/#\\\/schema\\\/logo\\\/image\\\/\",\"url\":\"https:\\\/\\\/lospoliticosveracruz.com\\\/wp-content\\\/uploads\\\/2025\\\/12\\\/Logo-Nuevo-LOS-POLITICOS-1.jpg\",\"contentUrl\":\"https:\\\/\\\/lospoliticosveracruz.com\\\/wp-content\\\/uploads\\\/2025\\\/12\\\/Logo-Nuevo-LOS-POLITICOS-1.jpg\",\"width\":260,\"height\":70,\"caption\":\"Los pol\u00edticos Veracruz\"},\"image\":{\"@id\":\"https:\\\/\\\/lospoliticosveracruz.com\\\/#\\\/schema\\\/logo\\\/image\\\/\"},\"sameAs\":[\"https:\\\/\\\/www.facebook.com\\\/people\\\/Notimemes-de-los-Polticos\\\/61565672886568\\\/\",\"https:\\\/\\\/x.com\\\/LosPoliticosVer\"]},{\"@type\":\"Person\",\"@id\":\"https:\\\/\\\/lospoliticosveracruz.com\\\/#\\\/schema\\\/person\\\/b8702bb0e538456e6efd07080bf2a4a2\",\"name\":\"Lo viste en Los Pol\u00edticos\",\"image\":{\"@type\":\"ImageObject\",\"inLanguage\":\"es\",\"@id\":\"https:\\\/\\\/secure.gravatar.com\\\/avatar\\\/3a8de04a2656d44082be478bd6c086daa447c4651605818287b9532d3d0bd435?s=96&d=mm&r=g\",\"url\":\"https:\\\/\\\/secure.gravatar.com\\\/avatar\\\/3a8de04a2656d44082be478bd6c086daa447c4651605818287b9532d3d0bd435?s=96&d=mm&r=g\",\"contentUrl\":\"https:\\\/\\\/secure.gravatar.com\\\/avatar\\\/3a8de04a2656d44082be478bd6c086daa447c4651605818287b9532d3d0bd435?s=96&d=mm&r=g\",\"caption\":\"Lo viste en Los Pol\u00edticos\"},\"url\":\"https:\\\/\\\/lospoliticosveracruz.com\\\/?author=2\"}]}<\/script>\n<!-- \/ Yoast SEO plugin. -->","yoast_head_json":{"title":"ARTURO L\u00d3PEZ OBRADOR, ANDR\u00c9S MANUEL Y VERACRUZ - Los pol\u00edticos Veracruz","robots":{"index":"index","follow":"follow","max-snippet":"max-snippet:-1","max-image-preview":"max-image-preview:large","max-video-preview":"max-video-preview:-1"},"canonical":"https:\/\/lospoliticosveracruz.com\/?p=179931","og_locale":"es_ES","og_type":"article","og_title":"ARTURO L\u00d3PEZ OBRADOR, ANDR\u00c9S MANUEL Y VERACRUZ - Los pol\u00edticos Veracruz","og_description":"Ricardo ChuaSale y Vale De nuevo el tema de la familia de Andr\u00e9s Manuel L\u00f3pez Obrardo en Veracruz, ha salido a la luz p\u00fablica, esos personajes que viven en Xalapa y Coatepec, que es la de su hermano menor Arturo L\u00f3pez Obrador, que cuenta con alrededor de 68 a\u00f1os.. Un personaje que tiene muchos a\u00f1os [&hellip;]","og_url":"https:\/\/lospoliticosveracruz.com\/?p=179931","og_site_name":"Los pol\u00edticos Veracruz","article_publisher":"https:\/\/www.facebook.com\/people\/Notimemes-de-los-Polticos\/61565672886568\/","article_published_time":"2026-09-03T11:28:46+00:00","article_modified_time":"2026-09-03T11:28:47+00:00","og_image":[{"width":600,"height":320,"url":"https:\/\/lospoliticosveracruz.com\/wp-content\/uploads\/2026\/02\/Chua-e1775852093240.jpg","type":"image\/jpeg"}],"author":"Lo viste en Los Pol\u00edticos","twitter_card":"summary_large_image","twitter_creator":"@LosPoliticosVer","twitter_site":"@LosPoliticosVer","twitter_misc":{"Escrito por":"Lo viste en Los Pol\u00edticos","Tiempo de lectura":"5 minutos"},"schema":{"@context":"https:\/\/schema.org","@graph":[{"@type":"Article","@id":"https:\/\/lospoliticosveracruz.com\/?p=179931#article","isPartOf":{"@id":"https:\/\/lospoliticosveracruz.com\/?p=179931"},"author":{"name":"Lo viste en Los Pol\u00edticos","@id":"https:\/\/lospoliticosveracruz.com\/#\/schema\/person\/b8702bb0e538456e6efd07080bf2a4a2"},"headline":"ARTURO L\u00d3PEZ OBRADOR, ANDR\u00c9S MANUEL Y VERACRUZ","datePublished":"2026-09-03T11:28:46+00:00","dateModified":"2026-09-03T11:28:47+00:00","mainEntityOfPage":{"@id":"https:\/\/lospoliticosveracruz.com\/?p=179931"},"wordCount":1042,"publisher":{"@id":"https:\/\/lospoliticosveracruz.com\/#organization"},"image":{"@id":"https:\/\/lospoliticosveracruz.com\/?p=179931#primaryimage"},"thumbnailUrl":"https:\/\/lospoliticosveracruz.com\/wp-content\/uploads\/2026\/02\/Chua-e1775852093240.jpg","keywords":["Andr\u00e9s Manuel L\u00f3pez Obrador","Coatepec","Miguel Santiago Reyes Hern\u00e1ndez","Pedro Arturo L\u00f3pez Obrador","Ricardo Chua","Roc\u00edo Nahle","Sefiplan","Veracruz","Xalapa"],"articleSection":["De Opini\u00f3n"],"inLanguage":"es"},{"@type":"WebPage","@id":"https:\/\/lospoliticosveracruz.com\/?p=179931","url":"https:\/\/lospoliticosveracruz.com\/?p=179931","name":"ARTURO L\u00d3PEZ OBRADOR, ANDR\u00c9S MANUEL Y VERACRUZ - Los pol\u00edticos Veracruz","isPartOf":{"@id":"https:\/\/lospoliticosveracruz.com\/#website"},"primaryImageOfPage":{"@id":"https:\/\/lospoliticosveracruz.com\/?p=179931#primaryimage"},"image":{"@id":"https:\/\/lospoliticosveracruz.com\/?p=179931#primaryimage"},"thumbnailUrl":"https:\/\/lospoliticosveracruz.com\/wp-content\/uploads\/2026\/02\/Chua-e1775852093240.jpg","datePublished":"2026-09-03T11:28:46+00:00","dateModified":"2026-09-03T11:28:47+00:00","breadcrumb":{"@id":"https:\/\/lospoliticosveracruz.com\/?p=179931#breadcrumb"},"inLanguage":"es","potentialAction":[{"@type":"ReadAction","target":["https:\/\/lospoliticosveracruz.com\/?p=179931"]}]},{"@type":"ImageObject","inLanguage":"es","@id":"https:\/\/lospoliticosveracruz.com\/?p=179931#primaryimage","url":"https:\/\/lospoliticosveracruz.com\/wp-content\/uploads\/2026\/02\/Chua-e1775852093240.jpg","contentUrl":"https:\/\/lospoliticosveracruz.com\/wp-content\/uploads\/2026\/02\/Chua-e1775852093240.jpg","width":600,"height":320},{"@type":"BreadcrumbList","@id":"https:\/\/lospoliticosveracruz.com\/?p=179931#breadcrumb","itemListElement":[{"@type":"ListItem","position":1,"name":"Portada","item":"https:\/\/lospoliticosveracruz.com\/"},{"@type":"ListItem","position":2,"name":"ARTURO L\u00d3PEZ OBRADOR, ANDR\u00c9S MANUEL Y VERACRUZ"}]},{"@type":"WebSite","@id":"https:\/\/lospoliticosveracruz.com\/#website","url":"https:\/\/lospoliticosveracruz.com\/","name":"Los pol\u00edticos Veracruz","description":"","publisher":{"@id":"https:\/\/lospoliticosveracruz.com\/#organization"},"potentialAction":[{"@type":"SearchAction","target":{"@type":"EntryPoint","urlTemplate":"https:\/\/lospoliticosveracruz.com\/?s={search_term_string}"},"query-input":{"@type":"PropertyValueSpecification","valueRequired":true,"valueName":"search_term_string"}}],"inLanguage":"es"},{"@type":"Organization","@id":"https:\/\/lospoliticosveracruz.com\/#organization","name":"Los pol\u00edticos Veracruz","url":"https:\/\/lospoliticosveracruz.com\/","logo":{"@type":"ImageObject","inLanguage":"es","@id":"https:\/\/lospoliticosveracruz.com\/#\/schema\/logo\/image\/","url":"https:\/\/lospoliticosveracruz.com\/wp-content\/uploads\/2025\/12\/Logo-Nuevo-LOS-POLITICOS-1.jpg","contentUrl":"https:\/\/lospoliticosveracruz.com\/wp-content\/uploads\/2025\/12\/Logo-Nuevo-LOS-POLITICOS-1.jpg","width":260,"height":70,"caption":"Los pol\u00edticos Veracruz"},"image":{"@id":"https:\/\/lospoliticosveracruz.com\/#\/schema\/logo\/image\/"},"sameAs":["https:\/\/www.facebook.com\/people\/Notimemes-de-los-Polticos\/61565672886568\/","https:\/\/x.com\/LosPoliticosVer"]},{"@type":"Person","@id":"https:\/\/lospoliticosveracruz.com\/#\/schema\/person\/b8702bb0e538456e6efd07080bf2a4a2","name":"Lo viste en Los Pol\u00edticos","image":{"@type":"ImageObject","inLanguage":"es","@id":"https:\/\/secure.gravatar.com\/avatar\/3a8de04a2656d44082be478bd6c086daa447c4651605818287b9532d3d0bd435?s=96&d=mm&r=g","url":"https:\/\/secure.gravatar.com\/avatar\/3a8de04a2656d44082be478bd6c086daa447c4651605818287b9532d3d0bd435?s=96&d=mm&r=g","contentUrl":"https:\/\/secure.gravatar.com\/avatar\/3a8de04a2656d44082be478bd6c086daa447c4651605818287b9532d3d0bd435?s=96&d=mm&r=g","caption":"Lo viste en Los Pol\u00edticos"},"url":"https:\/\/lospoliticosveracruz.com\/?author=2"}]}},"_links":{"self":[{"href":"https:\/\/lospoliticosveracruz.com\/index.php?rest_route=\/wp\/v2\/posts\/179931","targetHints":{"allow":["GET"]}}],"collection":[{"href":"https:\/\/lospoliticosveracruz.com\/index.php?rest_route=\/wp\/v2\/posts"}],"about":[{"href":"https:\/\/lospoliticosveracruz.com\/index.php?rest_route=\/wp\/v2\/types\/post"}],"author":[{"embeddable":true,"href":"https:\/\/lospoliticosveracruz.com\/index.php?rest_route=\/wp\/v2\/users\/2"}],"replies":[{"embeddable":true,"href":"https:\/\/lospoliticosveracruz.com\/index.php?rest_route=%2Fwp%2Fv2%2Fcomments&post=179931"}],"version-history":[{"count":1,"href":"https:\/\/lospoliticosveracruz.com\/index.php?rest_route=\/wp\/v2\/posts\/179931\/revisions"}],"predecessor-version":[{"id":179932,"href":"https:\/\/lospoliticosveracruz.com\/index.php?rest_route=\/wp\/v2\/posts\/179931\/revisions\/179932"}],"wp:featuredmedia":[{"embeddable":true,"href":"https:\/\/lospoliticosveracruz.com\/index.php?rest_route=\/wp\/v2\/media\/162484"}],"wp:attachment":[{"href":"https:\/\/lospoliticosveracruz.com\/index.php?rest_route=%2Fwp%2Fv2%2Fmedia&parent=179931"}],"wp:term":[{"taxonomy":"category","embeddable":true,"href":"https:\/\/lospoliticosveracruz.com\/index.php?rest_route=%2Fwp%2Fv2%2Fcategories&post=179931"},{"taxonomy":"post_tag","embeddable":true,"href":"https:\/\/lospoliticosveracruz.com\/index.php?rest_route=%2Fwp%2Fv2%2Ftags&post=179931"}],"curies":[{"name":"wp","href":"https:\/\/api.w.org\/{rel}","templated":true}]}}