{"id":179933,"date":"2026-09-03T05:35:31","date_gmt":"2026-09-03T11:35:31","guid":{"rendered":"https:\/\/lospoliticosveracruz.com\/?p=179933"},"modified":"2026-09-03T05:36:13","modified_gmt":"2026-09-03T11:36:13","slug":"el-paseo-de-los-lagos","status":"publish","type":"post","link":"https:\/\/lospoliticosveracruz.com\/?p=179933","title":{"rendered":"EL PASEO DE LOS LAGOS"},"content":{"rendered":"<div class=\"wp-block-image\">\n<figure class=\"alignleft size-full is-resized\"><a href=\"https:\/\/lospoliticosveracruz.com\/wp-content\/uploads\/2026\/05\/IMG_1092.png\"><img loading=\"lazy\" decoding=\"async\" width=\"640\" height=\"600\" src=\"https:\/\/lospoliticosveracruz.com\/wp-content\/uploads\/2026\/05\/IMG_1092.png\" alt=\"\" class=\"wp-image-172799\" style=\"width:375px;height:auto\" srcset=\"https:\/\/lospoliticosveracruz.com\/wp-content\/uploads\/2026\/05\/IMG_1092.png 640w, https:\/\/lospoliticosveracruz.com\/wp-content\/uploads\/2026\/05\/IMG_1092-300x281.png 300w, https:\/\/lospoliticosveracruz.com\/wp-content\/uploads\/2026\/05\/IMG_1092-448x420.png 448w, https:\/\/lospoliticosveracruz.com\/wp-content\/uploads\/2026\/05\/IMG_1092-150x141.png 150w\" sizes=\"auto, (max-width: 640px) 100vw, 640px\" \/><\/a><\/figure>\n<\/div>\n\n\n<p class=\"dropcapp1\"><strong>Marco Aurelio Mart\u00ednez<\/strong><br><em>Cr\u00f3nicas de la Capital<\/em><br>&nbsp;<br>El Paseo de los Lagos, ubicado en el barrio de El Dique, constituye un bello remanso xalape\u00f1o en el centro de nuestra capital; conserva un sentido muy local, muy identitario. Ha sido un lugar en donde hist\u00f3ricamente se han cruzado muchas emociones de felicidad, nostalgia, pero tambi\u00e9n romanticismo, deporte, m\u00fasica. Es un sitio inspirador; lo mismo se puede ver a personas leyendo, escribiendo, o simplemente admirando el entorno; otras concurren a trotar, familias a convivir, a disfrutar relajantes caminatas acompa\u00f1adas de sus mascotas en un escenario hermoso, en donde lxs parejxs inician y consolidan relaciones de amor, amistad \u00f3 fraternidad, o todo lo contrario.<br>&nbsp;<br>El Paseo de Los Lagos tiene su historia. Durante la primera mitad del siglo XIX, Xalapa despunt\u00f3 como un centro industrial incentivado por las facilidades hacendarias y por el agua abundante proveniente del r\u00edo Carneros y el manantial Tecuanapan. Se aperturaron cinco f\u00e1bricas textiles: Lucas Mart\u00edn, Molino de Pedreguera, La Bella Uni\u00f3n, La Victoria y la Industrial Xalape\u00f1a. Con esta cantidad de agua se promovi\u00f3 la generaci\u00f3n de energ\u00eda el\u00e9ctrica para algunas factor\u00edas. M\u00e1s tarde se construy\u00f3 un dique de contenci\u00f3n y desde entonces se le conoci\u00f3 popularmente como El Dique, y el barrio aleda\u00f1o adopt\u00f3 el mismo nombre.<br>&nbsp;<br>Algunas fuentes revelan que, durante su administraci\u00f3n, el gobernador Rafael Murillo Vidal mand\u00f3 a construir los dos lagos restantes, que colindan con el edificio de rector\u00eda de la Universidad Veracruzana.<br>&nbsp;<br>Si existiera un \u00e1lbum anecd\u00f3tico xalape\u00f1o, seguramente el Paseo de Los Lagos llevar\u00edan delantera en el bagaje emotivo, amoroso o de alguna vivencia recordable. Mi pregunta es: \u00bfqui\u00e9n no tiene un pasaje de vida en Los Lagos?<br>&nbsp;<br>Recuerdo que, en \u00e9pocas estudiantiles, cuando se efectuaban los populares bailes \u00ab\u00a1Va por Cuba!\u00bb, organizados en Casa de Artesan\u00edas \u2014hoy Casa del Lago\u2014, al concluir uno de ellos, un grupo de universitarios camin\u00e1bamos por la ribera de Los Lagos comentando las incidencias del baile. Eran noches bajo el cobijo de la luna radiante, que sellaba en los mantos de agua un espejo resplandeciente que los hac\u00eda brillar m\u00e1s, un espect\u00e1culo maravilloso, que contrast\u00f3 aquella noche fresca en que rebasamos la frontera e incursionamos en el temido barrio de El Dique, famoso por su alto nivel de rijosidad. Lo corroboramos de inmediato al cruzarnos con un grupo de cinco varones que nos pegaron tremenda corretiza, la cual concluy\u00f3 nuevamente en el recinto de baile, sanos y salvos, aunque p\u00e1lidos y con el pulso por las nubes.<br>&nbsp;<br>Por aquellas mismas \u00e9pocas, al ganar el campeonato de futbol interfacultades, celebrado en los campos Ju\u00e1rez \u2014hoy USBI\u2014, junto con mis compa\u00f1eros de la Facultad de Historia, con el triunfo a cuestas, nos fuimos a celebrar y refrescarnos a Los Lagos. \u00cdbamos tan agotados y sudorosos que el agua fresca nos cay\u00f3 de maravilla, fue un b\u00e1lsamo para el cuerpo. Los intr\u00e9pidos incluso realizaron vistosos y acrob\u00e1ticos clavados que lamentaron d\u00edas despu\u00e9s, al conservar la rasqui\u00f1a y urticarias en la piel. Que buenos tiempos.<br>&nbsp;<br>Despu\u00e9s de varios a\u00f1os sin inversi\u00f3n p\u00fablica municipal, en la presente administraci\u00f3n se invertir\u00e1n casi catorce millones de pesos en la rehabilitaci\u00f3n del primer lago. Los trabajos ya est\u00e1n en curso. Se realizan labores de colocaci\u00f3n de recinto y concreto lavado en andadores, rehabilitaci\u00f3n de alumbrado, restauraci\u00f3n de cruces pluviales en cunetas y murales de piedra, reconstrucci\u00f3n de ba\u00f1os e instalaci\u00f3n de material el\u00e9ctrico de media tensi\u00f3n, entre otros trabajos adicionales.<\/p>\n\n\n\n<p>El siguiente a\u00f1o se har\u00e1 la intervenci\u00f3n en el lago subsecuente y as\u00ed sucesivamente hasta concluir la remodelaci\u00f3n integral del Paseo de Los Lagos, quedar\u00e1 espl\u00e9ndido.<\/p>\n\n\n\n<p>El trabajo arduo, decidido y planificado es la mejor herramienta para erradicar las notas falsas, comentarios dolosos, improperios y frustraciones trasnochadas de mercachifles de la \u201ccomunicaci\u00f3n\u201d. Y la mejor evidencia es que juntos, vamos avanzando. Por el bien de Xalapa.<\/p>\n","protected":false},"excerpt":{"rendered":"<p>Marco Aurelio Mart\u00ednezCr\u00f3nicas de la Capital&nbsp;El Paseo de los Lagos, ubicado en el barrio de El Dique, constituye un bello remanso xalape\u00f1o en el centro de nuestra capital; conserva un sentido muy local, muy identitario. Ha sido un lugar en donde hist\u00f3ricamente se han cruzado muchas emociones de felicidad, nostalgia, pero tambi\u00e9n romanticismo, deporte, m\u00fasica. [&hellip;]<\/p>\n","protected":false},"author":2,"featured_media":178462,"comment_status":"closed","ping_status":"closed","sticky":false,"template":"","format":"standard","meta":{"tdm_status":"","tdm_grid_status":"","footnotes":""},"categories":[70],"tags":[71002,1622,70997,71001,71000,5151,70998,59192,70999,4170,39101,30820,96],"class_list":{"0":"post-179933","1":"post","2":"type-post","3":"status-publish","4":"format-standard","5":"has-post-thumbnail","7":"category-de-opinion","8":"tag-casa-de-artesanias","9":"tag-el-dique","10":"tag-el-paseo-de-los-lagos","11":"tag-industrial-xalapena","12":"tag-la-bella-union","13":"tag-la-victoria","14":"tag-lucas-martin","15":"tag-marco-aurelio-martinez-sanchez","16":"tag-molino-de-pedreguera","17":"tag-rafael-murillo-vidal","18":"tag-rio-carneros","19":"tag-tecuanapan","20":"tag-xalapa"},"yoast_head":"<!-- This site is optimized with the Yoast SEO plugin v28.1 - https:\/\/yoast.com\/product\/yoast-seo-wordpress\/ -->\n<title>EL PASEO DE LOS LAGOS - Los pol\u00edticos Veracruz<\/title>\n<meta name=\"robots\" content=\"index, follow, max-snippet:-1, max-image-preview:large, max-video-preview:-1\" \/>\n<link rel=\"canonical\" href=\"https:\/\/lospoliticosveracruz.com\/?p=179933\" \/>\n<meta property=\"og:locale\" content=\"es_ES\" \/>\n<meta property=\"og:type\" content=\"article\" \/>\n<meta property=\"og:title\" content=\"EL PASEO DE LOS LAGOS - Los pol\u00edticos Veracruz\" \/>\n<meta property=\"og:description\" content=\"Marco Aurelio Mart\u00ednezCr\u00f3nicas de la Capital&nbsp;El Paseo de los Lagos, ubicado en el barrio de El Dique, constituye un bello remanso xalape\u00f1o en el centro de nuestra capital; conserva un sentido muy local, muy identitario. Ha sido un lugar en donde hist\u00f3ricamente se han cruzado muchas emociones de felicidad, nostalgia, pero tambi\u00e9n romanticismo, deporte, m\u00fasica. [&hellip;]\" \/>\n<meta property=\"og:url\" content=\"https:\/\/lospoliticosveracruz.com\/?p=179933\" \/>\n<meta property=\"og:site_name\" content=\"Los pol\u00edticos Veracruz\" \/>\n<meta property=\"article:publisher\" content=\"https:\/\/www.facebook.com\/people\/Notimemes-de-los-Polticos\/61565672886568\/\" \/>\n<meta property=\"article:published_time\" content=\"2026-09-03T11:35:31+00:00\" \/>\n<meta property=\"article:modified_time\" content=\"2026-09-03T11:36:13+00:00\" \/>\n<meta property=\"og:image\" content=\"https:\/\/lospoliticosveracruz.com\/wp-content\/uploads\/2026\/08\/Marco-Aurelio-Martinez.jpg\" \/>\n\t<meta property=\"og:image:width\" content=\"1250\" \/>\n\t<meta property=\"og:image:height\" content=\"667\" \/>\n\t<meta property=\"og:image:type\" content=\"image\/jpeg\" \/>\n<meta name=\"author\" content=\"Lo viste en Los Pol\u00edticos\" \/>\n<meta name=\"twitter:card\" content=\"summary_large_image\" \/>\n<meta name=\"twitter:creator\" content=\"@LosPoliticosVer\" \/>\n<meta name=\"twitter:site\" content=\"@LosPoliticosVer\" \/>\n<meta name=\"twitter:label1\" content=\"Escrito por\" \/>\n\t<meta name=\"twitter:data1\" content=\"Lo viste en Los Pol\u00edticos\" \/>\n\t<meta name=\"twitter:label2\" content=\"Tiempo de lectura\" \/>\n\t<meta name=\"twitter:data2\" content=\"4 minutos\" \/>\n<script type=\"application\/ld+json\" class=\"yoast-schema-graph\">{\"@context\":\"https:\\\/\\\/schema.org\",\"@graph\":[{\"@type\":\"Article\",\"@id\":\"https:\\\/\\\/lospoliticosveracruz.com\\\/?p=179933#article\",\"isPartOf\":{\"@id\":\"https:\\\/\\\/lospoliticosveracruz.com\\\/?p=179933\"},\"author\":{\"name\":\"Lo viste en Los Pol\u00edticos\",\"@id\":\"https:\\\/\\\/lospoliticosveracruz.com\\\/#\\\/schema\\\/person\\\/b8702bb0e538456e6efd07080bf2a4a2\"},\"headline\":\"EL PASEO DE LOS LAGOS\",\"datePublished\":\"2026-09-03T11:35:31+00:00\",\"dateModified\":\"2026-09-03T11:36:13+00:00\",\"mainEntityOfPage\":{\"@id\":\"https:\\\/\\\/lospoliticosveracruz.com\\\/?p=179933\"},\"wordCount\":704,\"publisher\":{\"@id\":\"https:\\\/\\\/lospoliticosveracruz.com\\\/#organization\"},\"image\":{\"@id\":\"https:\\\/\\\/lospoliticosveracruz.com\\\/?p=179933#primaryimage\"},\"thumbnailUrl\":\"https:\\\/\\\/lospoliticosveracruz.com\\\/wp-content\\\/uploads\\\/2026\\\/08\\\/Marco-Aurelio-Martinez.jpg\",\"keywords\":[\"Casa de Artesan\u00edas\",\"El Dique\",\"El Paseo de los Lagos\",\"Industrial Xalape\u00f1a\",\"La Bella Uni\u00f3n\",\"La Victoria\",\"Lucas Mart\u00edn\",\"Marco Aurelio Mart\u00ednez S\u00e1nchez\",\"Molino de Pedreguera\",\"Rafael Murillo Vidal\",\"R\u00edo Carneros\",\"Tecuanapan\",\"Xalapa\"],\"articleSection\":[\"De Opini\u00f3n\"],\"inLanguage\":\"es\"},{\"@type\":\"WebPage\",\"@id\":\"https:\\\/\\\/lospoliticosveracruz.com\\\/?p=179933\",\"url\":\"https:\\\/\\\/lospoliticosveracruz.com\\\/?p=179933\",\"name\":\"EL PASEO DE LOS LAGOS - Los pol\u00edticos Veracruz\",\"isPartOf\":{\"@id\":\"https:\\\/\\\/lospoliticosveracruz.com\\\/#website\"},\"primaryImageOfPage\":{\"@id\":\"https:\\\/\\\/lospoliticosveracruz.com\\\/?p=179933#primaryimage\"},\"image\":{\"@id\":\"https:\\\/\\\/lospoliticosveracruz.com\\\/?p=179933#primaryimage\"},\"thumbnailUrl\":\"https:\\\/\\\/lospoliticosveracruz.com\\\/wp-content\\\/uploads\\\/2026\\\/08\\\/Marco-Aurelio-Martinez.jpg\",\"datePublished\":\"2026-09-03T11:35:31+00:00\",\"dateModified\":\"2026-09-03T11:36:13+00:00\",\"breadcrumb\":{\"@id\":\"https:\\\/\\\/lospoliticosveracruz.com\\\/?p=179933#breadcrumb\"},\"inLanguage\":\"es\",\"potentialAction\":[{\"@type\":\"ReadAction\",\"target\":[\"https:\\\/\\\/lospoliticosveracruz.com\\\/?p=179933\"]}]},{\"@type\":\"ImageObject\",\"inLanguage\":\"es\",\"@id\":\"https:\\\/\\\/lospoliticosveracruz.com\\\/?p=179933#primaryimage\",\"url\":\"https:\\\/\\\/lospoliticosveracruz.com\\\/wp-content\\\/uploads\\\/2026\\\/08\\\/Marco-Aurelio-Martinez.jpg\",\"contentUrl\":\"https:\\\/\\\/lospoliticosveracruz.com\\\/wp-content\\\/uploads\\\/2026\\\/08\\\/Marco-Aurelio-Martinez.jpg\",\"width\":1250,\"height\":667},{\"@type\":\"BreadcrumbList\",\"@id\":\"https:\\\/\\\/lospoliticosveracruz.com\\\/?p=179933#breadcrumb\",\"itemListElement\":[{\"@type\":\"ListItem\",\"position\":1,\"name\":\"Portada\",\"item\":\"https:\\\/\\\/lospoliticosveracruz.com\\\/\"},{\"@type\":\"ListItem\",\"position\":2,\"name\":\"EL PASEO DE LOS LAGOS\"}]},{\"@type\":\"WebSite\",\"@id\":\"https:\\\/\\\/lospoliticosveracruz.com\\\/#website\",\"url\":\"https:\\\/\\\/lospoliticosveracruz.com\\\/\",\"name\":\"Los pol\u00edticos Veracruz\",\"description\":\"\",\"publisher\":{\"@id\":\"https:\\\/\\\/lospoliticosveracruz.com\\\/#organization\"},\"potentialAction\":[{\"@type\":\"SearchAction\",\"target\":{\"@type\":\"EntryPoint\",\"urlTemplate\":\"https:\\\/\\\/lospoliticosveracruz.com\\\/?s={search_term_string}\"},\"query-input\":{\"@type\":\"PropertyValueSpecification\",\"valueRequired\":true,\"valueName\":\"search_term_string\"}}],\"inLanguage\":\"es\"},{\"@type\":\"Organization\",\"@id\":\"https:\\\/\\\/lospoliticosveracruz.com\\\/#organization\",\"name\":\"Los pol\u00edticos Veracruz\",\"url\":\"https:\\\/\\\/lospoliticosveracruz.com\\\/\",\"logo\":{\"@type\":\"ImageObject\",\"inLanguage\":\"es\",\"@id\":\"https:\\\/\\\/lospoliticosveracruz.com\\\/#\\\/schema\\\/logo\\\/image\\\/\",\"url\":\"https:\\\/\\\/lospoliticosveracruz.com\\\/wp-content\\\/uploads\\\/2025\\\/12\\\/Logo-Nuevo-LOS-POLITICOS-1.jpg\",\"contentUrl\":\"https:\\\/\\\/lospoliticosveracruz.com\\\/wp-content\\\/uploads\\\/2025\\\/12\\\/Logo-Nuevo-LOS-POLITICOS-1.jpg\",\"width\":260,\"height\":70,\"caption\":\"Los pol\u00edticos Veracruz\"},\"image\":{\"@id\":\"https:\\\/\\\/lospoliticosveracruz.com\\\/#\\\/schema\\\/logo\\\/image\\\/\"},\"sameAs\":[\"https:\\\/\\\/www.facebook.com\\\/people\\\/Notimemes-de-los-Polticos\\\/61565672886568\\\/\",\"https:\\\/\\\/x.com\\\/LosPoliticosVer\"]},{\"@type\":\"Person\",\"@id\":\"https:\\\/\\\/lospoliticosveracruz.com\\\/#\\\/schema\\\/person\\\/b8702bb0e538456e6efd07080bf2a4a2\",\"name\":\"Lo viste en Los Pol\u00edticos\",\"image\":{\"@type\":\"ImageObject\",\"inLanguage\":\"es\",\"@id\":\"https:\\\/\\\/secure.gravatar.com\\\/avatar\\\/3a8de04a2656d44082be478bd6c086daa447c4651605818287b9532d3d0bd435?s=96&d=mm&r=g\",\"url\":\"https:\\\/\\\/secure.gravatar.com\\\/avatar\\\/3a8de04a2656d44082be478bd6c086daa447c4651605818287b9532d3d0bd435?s=96&d=mm&r=g\",\"contentUrl\":\"https:\\\/\\\/secure.gravatar.com\\\/avatar\\\/3a8de04a2656d44082be478bd6c086daa447c4651605818287b9532d3d0bd435?s=96&d=mm&r=g\",\"caption\":\"Lo viste en Los Pol\u00edticos\"},\"url\":\"https:\\\/\\\/lospoliticosveracruz.com\\\/?author=2\"}]}<\/script>\n<!-- \/ Yoast SEO plugin. -->","yoast_head_json":{"title":"EL PASEO DE LOS LAGOS - Los pol\u00edticos Veracruz","robots":{"index":"index","follow":"follow","max-snippet":"max-snippet:-1","max-image-preview":"max-image-preview:large","max-video-preview":"max-video-preview:-1"},"canonical":"https:\/\/lospoliticosveracruz.com\/?p=179933","og_locale":"es_ES","og_type":"article","og_title":"EL PASEO DE LOS LAGOS - Los pol\u00edticos Veracruz","og_description":"Marco Aurelio Mart\u00ednezCr\u00f3nicas de la Capital&nbsp;El Paseo de los Lagos, ubicado en el barrio de El Dique, constituye un bello remanso xalape\u00f1o en el centro de nuestra capital; conserva un sentido muy local, muy identitario. Ha sido un lugar en donde hist\u00f3ricamente se han cruzado muchas emociones de felicidad, nostalgia, pero tambi\u00e9n romanticismo, deporte, m\u00fasica. [&hellip;]","og_url":"https:\/\/lospoliticosveracruz.com\/?p=179933","og_site_name":"Los pol\u00edticos Veracruz","article_publisher":"https:\/\/www.facebook.com\/people\/Notimemes-de-los-Polticos\/61565672886568\/","article_published_time":"2026-09-03T11:35:31+00:00","article_modified_time":"2026-09-03T11:36:13+00:00","og_image":[{"width":1250,"height":667,"url":"https:\/\/lospoliticosveracruz.com\/wp-content\/uploads\/2026\/08\/Marco-Aurelio-Martinez.jpg","type":"image\/jpeg"}],"author":"Lo viste en Los Pol\u00edticos","twitter_card":"summary_large_image","twitter_creator":"@LosPoliticosVer","twitter_site":"@LosPoliticosVer","twitter_misc":{"Escrito por":"Lo viste en Los Pol\u00edticos","Tiempo de lectura":"4 minutos"},"schema":{"@context":"https:\/\/schema.org","@graph":[{"@type":"Article","@id":"https:\/\/lospoliticosveracruz.com\/?p=179933#article","isPartOf":{"@id":"https:\/\/lospoliticosveracruz.com\/?p=179933"},"author":{"name":"Lo viste en Los Pol\u00edticos","@id":"https:\/\/lospoliticosveracruz.com\/#\/schema\/person\/b8702bb0e538456e6efd07080bf2a4a2"},"headline":"EL PASEO DE LOS LAGOS","datePublished":"2026-09-03T11:35:31+00:00","dateModified":"2026-09-03T11:36:13+00:00","mainEntityOfPage":{"@id":"https:\/\/lospoliticosveracruz.com\/?p=179933"},"wordCount":704,"publisher":{"@id":"https:\/\/lospoliticosveracruz.com\/#organization"},"image":{"@id":"https:\/\/lospoliticosveracruz.com\/?p=179933#primaryimage"},"thumbnailUrl":"https:\/\/lospoliticosveracruz.com\/wp-content\/uploads\/2026\/08\/Marco-Aurelio-Martinez.jpg","keywords":["Casa de Artesan\u00edas","El Dique","El Paseo de los Lagos","Industrial Xalape\u00f1a","La Bella Uni\u00f3n","La Victoria","Lucas Mart\u00edn","Marco Aurelio Mart\u00ednez S\u00e1nchez","Molino de Pedreguera","Rafael Murillo Vidal","R\u00edo Carneros","Tecuanapan","Xalapa"],"articleSection":["De Opini\u00f3n"],"inLanguage":"es"},{"@type":"WebPage","@id":"https:\/\/lospoliticosveracruz.com\/?p=179933","url":"https:\/\/lospoliticosveracruz.com\/?p=179933","name":"EL PASEO DE LOS LAGOS - Los pol\u00edticos Veracruz","isPartOf":{"@id":"https:\/\/lospoliticosveracruz.com\/#website"},"primaryImageOfPage":{"@id":"https:\/\/lospoliticosveracruz.com\/?p=179933#primaryimage"},"image":{"@id":"https:\/\/lospoliticosveracruz.com\/?p=179933#primaryimage"},"thumbnailUrl":"https:\/\/lospoliticosveracruz.com\/wp-content\/uploads\/2026\/08\/Marco-Aurelio-Martinez.jpg","datePublished":"2026-09-03T11:35:31+00:00","dateModified":"2026-09-03T11:36:13+00:00","breadcrumb":{"@id":"https:\/\/lospoliticosveracruz.com\/?p=179933#breadcrumb"},"inLanguage":"es","potentialAction":[{"@type":"ReadAction","target":["https:\/\/lospoliticosveracruz.com\/?p=179933"]}]},{"@type":"ImageObject","inLanguage":"es","@id":"https:\/\/lospoliticosveracruz.com\/?p=179933#primaryimage","url":"https:\/\/lospoliticosveracruz.com\/wp-content\/uploads\/2026\/08\/Marco-Aurelio-Martinez.jpg","contentUrl":"https:\/\/lospoliticosveracruz.com\/wp-content\/uploads\/2026\/08\/Marco-Aurelio-Martinez.jpg","width":1250,"height":667},{"@type":"BreadcrumbList","@id":"https:\/\/lospoliticosveracruz.com\/?p=179933#breadcrumb","itemListElement":[{"@type":"ListItem","position":1,"name":"Portada","item":"https:\/\/lospoliticosveracruz.com\/"},{"@type":"ListItem","position":2,"name":"EL PASEO DE LOS LAGOS"}]},{"@type":"WebSite","@id":"https:\/\/lospoliticosveracruz.com\/#website","url":"https:\/\/lospoliticosveracruz.com\/","name":"Los pol\u00edticos Veracruz","description":"","publisher":{"@id":"https:\/\/lospoliticosveracruz.com\/#organization"},"potentialAction":[{"@type":"SearchAction","target":{"@type":"EntryPoint","urlTemplate":"https:\/\/lospoliticosveracruz.com\/?s={search_term_string}"},"query-input":{"@type":"PropertyValueSpecification","valueRequired":true,"valueName":"search_term_string"}}],"inLanguage":"es"},{"@type":"Organization","@id":"https:\/\/lospoliticosveracruz.com\/#organization","name":"Los pol\u00edticos Veracruz","url":"https:\/\/lospoliticosveracruz.com\/","logo":{"@type":"ImageObject","inLanguage":"es","@id":"https:\/\/lospoliticosveracruz.com\/#\/schema\/logo\/image\/","url":"https:\/\/lospoliticosveracruz.com\/wp-content\/uploads\/2025\/12\/Logo-Nuevo-LOS-POLITICOS-1.jpg","contentUrl":"https:\/\/lospoliticosveracruz.com\/wp-content\/uploads\/2025\/12\/Logo-Nuevo-LOS-POLITICOS-1.jpg","width":260,"height":70,"caption":"Los pol\u00edticos Veracruz"},"image":{"@id":"https:\/\/lospoliticosveracruz.com\/#\/schema\/logo\/image\/"},"sameAs":["https:\/\/www.facebook.com\/people\/Notimemes-de-los-Polticos\/61565672886568\/","https:\/\/x.com\/LosPoliticosVer"]},{"@type":"Person","@id":"https:\/\/lospoliticosveracruz.com\/#\/schema\/person\/b8702bb0e538456e6efd07080bf2a4a2","name":"Lo viste en Los Pol\u00edticos","image":{"@type":"ImageObject","inLanguage":"es","@id":"https:\/\/secure.gravatar.com\/avatar\/3a8de04a2656d44082be478bd6c086daa447c4651605818287b9532d3d0bd435?s=96&d=mm&r=g","url":"https:\/\/secure.gravatar.com\/avatar\/3a8de04a2656d44082be478bd6c086daa447c4651605818287b9532d3d0bd435?s=96&d=mm&r=g","contentUrl":"https:\/\/secure.gravatar.com\/avatar\/3a8de04a2656d44082be478bd6c086daa447c4651605818287b9532d3d0bd435?s=96&d=mm&r=g","caption":"Lo viste en Los Pol\u00edticos"},"url":"https:\/\/lospoliticosveracruz.com\/?author=2"}]}},"_links":{"self":[{"href":"https:\/\/lospoliticosveracruz.com\/index.php?rest_route=\/wp\/v2\/posts\/179933","targetHints":{"allow":["GET"]}}],"collection":[{"href":"https:\/\/lospoliticosveracruz.com\/index.php?rest_route=\/wp\/v2\/posts"}],"about":[{"href":"https:\/\/lospoliticosveracruz.com\/index.php?rest_route=\/wp\/v2\/types\/post"}],"author":[{"embeddable":true,"href":"https:\/\/lospoliticosveracruz.com\/index.php?rest_route=\/wp\/v2\/users\/2"}],"replies":[{"embeddable":true,"href":"https:\/\/lospoliticosveracruz.com\/index.php?rest_route=%2Fwp%2Fv2%2Fcomments&post=179933"}],"version-history":[{"count":2,"href":"https:\/\/lospoliticosveracruz.com\/index.php?rest_route=\/wp\/v2\/posts\/179933\/revisions"}],"predecessor-version":[{"id":179935,"href":"https:\/\/lospoliticosveracruz.com\/index.php?rest_route=\/wp\/v2\/posts\/179933\/revisions\/179935"}],"wp:featuredmedia":[{"embeddable":true,"href":"https:\/\/lospoliticosveracruz.com\/index.php?rest_route=\/wp\/v2\/media\/178462"}],"wp:attachment":[{"href":"https:\/\/lospoliticosveracruz.com\/index.php?rest_route=%2Fwp%2Fv2%2Fmedia&parent=179933"}],"wp:term":[{"taxonomy":"category","embeddable":true,"href":"https:\/\/lospoliticosveracruz.com\/index.php?rest_route=%2Fwp%2Fv2%2Fcategories&post=179933"},{"taxonomy":"post_tag","embeddable":true,"href":"https:\/\/lospoliticosveracruz.com\/index.php?rest_route=%2Fwp%2Fv2%2Ftags&post=179933"}],"curies":[{"name":"wp","href":"https:\/\/api.w.org\/{rel}","templated":true}]}}