{"id":179936,"date":"2026-09-03T05:41:38","date_gmt":"2026-09-03T11:41:38","guid":{"rendered":"https:\/\/lospoliticosveracruz.com\/?p=179936"},"modified":"2026-09-03T05:41:38","modified_gmt":"2026-09-03T11:41:38","slug":"el-apagon-del-sureste","status":"publish","type":"post","link":"https:\/\/lospoliticosveracruz.com\/?p=179936","title":{"rendered":"EL APAG\u00d3N DEL SURESTE"},"content":{"rendered":"<div class=\"wp-block-image\">\n<figure class=\"alignleft size-full is-resized\"><a href=\"https:\/\/lospoliticosveracruz.com\/wp-content\/uploads\/2026\/08\/Fiestas-Veracruz.jpg\"><img loading=\"lazy\" decoding=\"async\" width=\"667\" height=\"625\" src=\"https:\/\/lospoliticosveracruz.com\/wp-content\/uploads\/2026\/08\/Fiestas-Veracruz.jpg\" alt=\"\" class=\"wp-image-179650\" style=\"aspect-ratio:1.067287698577726;width:425px;height:auto\" srcset=\"https:\/\/lospoliticosveracruz.com\/wp-content\/uploads\/2026\/08\/Fiestas-Veracruz.jpg 667w, https:\/\/lospoliticosveracruz.com\/wp-content\/uploads\/2026\/08\/Fiestas-Veracruz-300x281.jpg 300w, https:\/\/lospoliticosveracruz.com\/wp-content\/uploads\/2026\/08\/Fiestas-Veracruz-448x420.jpg 448w, https:\/\/lospoliticosveracruz.com\/wp-content\/uploads\/2026\/08\/Fiestas-Veracruz-150x141.jpg 150w\" sizes=\"auto, (max-width: 667px) 100vw, 667px\" \/><\/a><\/figure>\n<\/div>\n\n\n<p><strong>Carlos Miguel Acosta Bravo<\/strong><br><em>Impronta<\/em><\/p>\n\n\n\n<p class=\"dropcapp1\">La noche del 31 de agosto de 2026, 745,533 usuarios en Yucat\u00e1n, Quintana Roo, Campeche y Chiapas se quedaron sin electricidad durante casi ocho horas. La CFE y la presidenta Claudia Sheinbaum atribuyeron el mega apag\u00f3n a actos de vandalismo en dos l\u00edneas de transmisi\u00f3n de 400 kV.&nbsp;<\/p>\n\n\n\n<p>Pero detr\u00e1s de la explicaci\u00f3n oficial hay una realidad inc\u00f3moda,&nbsp;el sistema el\u00e9ctrico mexicano es m\u00e1s vulnerable de lo que las autoridades admiten, y los apagones recurrentes est\u00e1n erosionando la confianza de empresarios e inversionistas que necesitan certeza para hacer negocios en el pa\u00eds.<\/p>\n\n\n\n<p>Seg\u00fan la CFE, el apag\u00f3n se origin\u00f3 por da\u00f1os intencionales en los aisladores de dos l\u00edneas de transmisi\u00f3n de 400 kilovoltios (las l\u00edneas ESA-A3Q20-TIC y ESA-A3Q30-TIC, tramo Esc\u00e1rcega-Ticul). La falla provoc\u00f3 la desconexi\u00f3n autom\u00e1tica de ambas l\u00edneas, dejando sin electricidad a cientos de miles de usuarios desde la noche del lunes hasta las 3:08 de la madrugada, cuando el servicio fue restablecido al 100%.&nbsp;<\/p>\n\n\n\n<p>La presidenta Sheinbaum fue categ\u00f3rica en su conferencia matutina: \u00abNo tiene que ver con falta de infraestructura, falta de generaci\u00f3n, sino un da\u00f1o que hubo en una torre de transmisi\u00f3n. Por eso se pudo recuperar tan r\u00e1pido\u00bb.&nbsp;Pero esta explicaci\u00f3n, aunque t\u00e9cnicamente posible, deja m\u00e1s preguntas que respuestas.<\/p>\n\n\n\n<p>Expertos en sistemas el\u00e9ctricos consideraron poco cre\u00edble que un acto vand\u00e1lico aislado pudiera causar un apag\u00f3n de esta magnitud. Su razonamiento es simple,&nbsp;un sistema el\u00e9ctrico robusto deber\u00eda tener redundancia y resiliencia para absorber fallas puntuales sin colapsar toda una regi\u00f3n.<\/p>\n\n\n\n<p>El hecho de que dos l\u00edneas desconectadas provocaran un apag\u00f3n que afect\u00f3 a cuatro estados sugiere debilidades en la arquitectura de la red, no solo un acto criminal aislado. El vandalismo puede ser el detonante, pero dif\u00edcilmente es la causa ra\u00edz.<\/p>\n\n\n\n<p>M\u00e1s all\u00e1 del vandalismo, los apagones en M\u00e9xico durante 2026 responden a m\u00faltiples factores estructurales que la CFE y el gobierno federal prefieren no reconocer de llenoInfraestructura envejecida.&nbsp;Gran parte de la red de transmisi\u00f3n y distribuci\u00f3n tiene d\u00e9cadas de operaci\u00f3n sin modernizaci\u00f3n adecuada.&nbsp;Falta de mantenimiento preventivo, as\u00ed como fallas en&nbsp;inspecciones y reparaciones insuficientes dejan vulnerabilidades sin atender.<\/p>\n\n\n\n<p>La demanda el\u00e9ctrica crece, pero la capacidad de generaci\u00f3n y transmisi\u00f3n no se&nbsp;ha&nbsp;expandido&nbsp;al mismo ritmo&nbsp;as\u00ed comocondiciones meteorol\u00f3gicas extremas&nbsp;tormentas, huracanes y olas de calor ponen a prueba una red ya debilitada.<\/p>\n\n\n\n<p>Tambi\u00e9n se han registrado sobrecargas del sistema&nbsp;con picos de demanda (especialmente en verano por aire acondicionado) exceden la capacidad instalada.&nbsp;Fallas en transformadores y centrales, entre ellos&nbsp;equipos obsoletos o mal mantenidos&nbsp;que&nbsp;fallan con mayor frecuencia.<\/p>\n\n\n\n<p>En 2026, la CFE ha reportado apagones por todas estas causas en distintas regiones del pa\u00eds. El vandalismo es solo una pieza de un rompecabezas mucho m\u00e1s complejo.&nbsp;Los apagones de gran escala no son solo una molestia para los ciudadanos. Son un golpe directo a la competitividad de M\u00e9xico y a la confianza de quienes quieren invertir en el pa\u00eds.<\/p>\n\n\n\n<p>Las empresas no pueden garantizar continuidad productiva si el suministro el\u00e9ctrico es intermitente. Esto afecta especialmente a industrias de procesos continuos como manufactura, alimentos y qu\u00edmicos.<\/p>\n\n\n\n<p>Los empresarios deben invertir en plantas de respaldo (generadores di\u00e9sel, sistemas UPS), incrementando sus costos operativos. Y cuando los respaldos fallan o no son suficientes, las p\u00e9rdidas por paradas de producci\u00f3n se multiplican.<\/p>\n\n\n\n<p>Los inversionistas extranjeros comparan a M\u00e9xico con otros destinos como Chile, Colombia o Brasil. La confiabilidad del suministro el\u00e9ctrico es un factor clave en esas decisiones. Apagones recurrentes env\u00edan la se\u00f1al de que la infraestructura b\u00e1sica no est\u00e1 garantizada.<\/p>\n\n\n\n<p>El turismo en Canc\u00fan y la Riviera Maya depende de electricidad constante para hoteles, restaurantes y comercios. Los centros de datos y empresas de&nbsp;informaci\u00f3n&nbsp;requieren suministro ininterrumpido. Los hospitales necesitan energ\u00eda confiable para equipos m\u00e9dicos cr\u00edticos.<\/p>\n\n\n\n<p>Para evitar apagones de gran escala y recuperar la confianza de usuarios, empresarios e inversionistas, la CFE necesita actuar en m\u00faltiples frentes, no solo perseguir v\u00e1ndalos.<\/p>\n\n\n\n<p>El Programa de Desarrollo CFE 2026-2030 contempla invertir 132,000 millones de pesos en&nbsp;<strong>transmisi\u00f3n<\/strong>&nbsp;para agregar 7,545 kil\u00f3metros de l\u00edneas nuevas y aumentar la capacidad de transformaci\u00f3n. Esta inversi\u00f3n debe acelerarse en regiones cr\u00edticas como el sureste del pa\u00eds.&nbsp;Tambi\u00e9n se necesita construir l\u00edneas alternativas que permitan rerutear la energ\u00eda si una l\u00ednea falla, instalar sistemas de protecci\u00f3n autom\u00e1tica m\u00e1s sofisticados que&nbsp;resuelvan&nbsp;fallas sin colapsar toda la red, e implementar redes inteligentes (smart grids) que permitan monitoreo en tiempo real y respuesta autom\u00e1tica a fallas.<\/p>\n\n\n\n<p>Establecer un calendario riguroso de inspecciones de l\u00edneas de transmisi\u00f3n, torres, subestaciones y equipos cr\u00edticos. Usar drones y sensores IoT para detectar puntos calientes, corrosi\u00f3n o da\u00f1os estructurales antes de que causen fallas. Identificar equipos con m\u00e1s de 30-40 a\u00f1os de operaci\u00f3n y planificar su reemplazo gradual, priorizando transformadores y aisladores en zonas de alto riesgo.<\/p>\n\n\n\n<p>El sureste depende excesivamente de unas cuantas l\u00edneas de transmisi\u00f3n desde el centro del pa\u00eds. Se debe impulsar la generaci\u00f3n distribuida en la regi\u00f3n (plantas solares, e\u00f3licas, de ciclo combinado) para reducir la dependencia de transmisi\u00f3n de larga distancia. El Programa de Desarrollo CFE 2026-2030 contempla esquemas mixtos enfocados en centrales renovables, lo que diversifica la generaci\u00f3n y reduce la vulnerabilidad a fallas en l\u00edneas espec\u00edficas.&nbsp;<\/p>\n\n\n\n<p>Se deben instalar sistemas de almacenamiento de energ\u00eda (BESS) en puntos cr\u00edticos de la red para estabilizar el suministro durante fallas transitorias. Mantener plantas de emergencia listas para entrar en operaci\u00f3n cuando se detecten fallas en la red principal.<\/p>\n\n\n\n<p>Cuando ocurran apagones, la CFE debe proporcionar informaci\u00f3n detallada y verificable sobre las causas, no solo atribuciones gen\u00e9ricas a vandalismo. Publicar reportes t\u00e9cnicos que permitan a especialistas independientes evaluar la situaci\u00f3n, as\u00ed como&nbsp;establecer mesas de trabajo permanentes con c\u00e1maras empresariales, gobiernos estatales y organizaciones de usuarios.&nbsp;Asimismo deber\u00e1 comprometerse p\u00fablicamente con metas de reducci\u00f3n de apagones y reportar avances trimestrales.<\/p>\n\n\n\n<p>En el caso de Nuevo Le\u00f3n, el gobernador Samuel Garc\u00eda acord\u00f3 con la CFE una inversi\u00f3n de 10,000 millones de pesos para fortalecer la red, con 60% destinado a transmisi\u00f3n y 20% a distribuci\u00f3n. Este modelo de cofinanciamiento deber\u00eda replicarse en otros estados cr\u00edticos.<\/p>\n\n\n\n<p>La CFE planea que m\u00e1s de la mitad de los recursos del Programa 2026-2030 se financien mediante esquemas fuera del balance, principalmente con participaci\u00f3n del sector privado, incluyendo Fibra E para proyectos de transmisi\u00f3n. Esto podr\u00eda acelerar las inversiones necesarias.<\/p>\n\n\n\n<p>Desarrollar planes de contingencia espec\u00edficos por regi\u00f3n que incluyan identificaci\u00f3n de cargas cr\u00edticas (hospitales, aeropuertos, plantas industriales), protocolos de priorizaci\u00f3n de restablecimiento y coordinaci\u00f3n con gobiernos estatales para comunicaci\u00f3n a la ciudadan\u00eda&nbsp;y realizar simulacros peri\u00f3dicos de apagones masivos para probar la capacidad de respuesta.<\/p>\n\n\n\n<p>La CFE present\u00f3 en agosto de 2026 su Programa de Desarrollo 2026-2030, que contempla&nbsp;una&nbsp;inversi\u00f3n total&nbsp;dehasta&nbsp;740,000 millones de pesos (aproximadamente 37,500-39,800 millones de d\u00f3lares&nbsp;y considera la&nbsp;participaci\u00f3n del sector privado para acelerar proyectos&nbsp;tambi\u00e9n contempla energ\u00edas renovables y modernizaci\u00f3n tecnol\u00f3gica.<\/p>\n\n\n\n<p>No est\u00e1 claro si la inversi\u00f3n se distribuir\u00e1 equitativamente en regiones cr\u00edticas como el sureste. Los plazos (2026-2030) pueden ser demasiado largos para problemas urgentes, en ese nivel falta transparencia en c\u00f3mo se priorizar\u00e1n los proyectos y c\u00f3mo se medir\u00e1 el impacto en reducci\u00f3n de apagones.<\/p>\n\n\n\n<p>Para evitar apagones de gran escala y recuperar la confianza de empresarios e inversionistas, la CFE debe emprender acciones integrales,&nbsp;acelerar la inversi\u00f3n en&nbsp;<strong>transmisi\u00f3n y distribuci\u00f3n<\/strong>&nbsp;los 132,000 millones de pesos contemplados para 2026-2030 deben ejecutarse m\u00e1s r\u00e1pido en regiones cr\u00edticas, implementar programas rigurosos de mantenimiento preventivo, fortalecer la seguridad f\u00edsica y tecnol\u00f3gica de la infraestructura, diversificar las fuentes de generaci\u00f3n en el sureste, instalar sistemas de almacenamiento y respaldo, mejorar la transparencia y comunicaci\u00f3n, coordinar con gobiernos estatales y el sector privado, y desarrollar planes de contingencia regionales.&nbsp;<\/p>\n\n\n\n<p>El Programa de Desarrollo CFE 2026-2030 es un primer paso, pero su efectividad depender\u00e1 de la velocidad de ejecuci\u00f3n, la priorizaci\u00f3n de regiones vulnerables y la transparencia en la rendici\u00f3n de cuentas.&nbsp;<\/p>\n\n\n\n<p>Sin estas acciones, los apagones seguir\u00e1n siendo un lastre para la competitividad de M\u00e9xico y un factor que aleja la inversi\u00f3n nacional y extranjera. La pregunta no es si la CFE tiene los recursos para actuar,&nbsp;el programa contempla&nbsp;una inversi\u00f3n&nbsp;total&nbsp;de&nbsp;740,000 millones de pesos. La pregunta es si tendr\u00e1 la voluntad pol\u00edtica y la capacidad ejecutiva para hacerlo antes de que el pr\u00f3ximo mega apag\u00f3n vuelva a golpear la confianza en el sistema el\u00e9ctrico mexicano.<\/p>\n\n\n\n<p>Porque cuando&nbsp;falla&nbsp;la luz,&nbsp;&nbsp;con estos alcances y afectaciones,&nbsp;no solo se apagan los focos. Se apaga tambi\u00e9n la confianza de quienes quieren invertir, producir y generar empleos en&nbsp;M\u00e9xico. Y esa es una oscuridad mucho m\u00e1s dif\u00edcil de iluminar.<\/p>\n\n\n\n<p><\/p>\n","protected":false},"excerpt":{"rendered":"<p>Carlos Miguel Acosta BravoImpronta La noche del 31 de agosto de 2026, 745,533 usuarios en Yucat\u00e1n, Quintana Roo, Campeche y Chiapas se quedaron sin electricidad durante casi ocho horas. La CFE y la presidenta Claudia Sheinbaum atribuyeron el mega apag\u00f3n a actos de vandalismo en dos l\u00edneas de transmisi\u00f3n de 400 kV.&nbsp; Pero detr\u00e1s de [&hellip;]<\/p>\n","protected":false},"author":2,"featured_media":141377,"comment_status":"closed","ping_status":"closed","sticky":false,"template":"","format":"standard","meta":{"tdm_status":"","tdm_grid_status":"","footnotes":""},"categories":[70],"tags":[2230,4973,544,9627,71003,3970,71004,5360],"class_list":{"0":"post-179936","1":"post","2":"type-post","3":"status-publish","4":"format-standard","5":"has-post-thumbnail","7":"category-de-opinion","8":"tag-campeche","9":"tag-cfe","10":"tag-chiapas","11":"tag-claudia-sheinbaum","12":"tag-mega-apagon","13":"tag-quintana-roo","14":"tag-sureste","15":"tag-yucatan"},"yoast_head":"<!-- This site is optimized with the Yoast SEO plugin v28.1 - https:\/\/yoast.com\/product\/yoast-seo-wordpress\/ -->\n<title>EL APAG\u00d3N DEL SURESTE - Los pol\u00edticos Veracruz<\/title>\n<meta name=\"robots\" content=\"index, follow, max-snippet:-1, max-image-preview:large, max-video-preview:-1\" \/>\n<link rel=\"canonical\" href=\"https:\/\/lospoliticosveracruz.com\/?p=179936\" \/>\n<meta property=\"og:locale\" content=\"es_ES\" \/>\n<meta property=\"og:type\" content=\"article\" \/>\n<meta property=\"og:title\" content=\"EL APAG\u00d3N DEL SURESTE - Los pol\u00edticos Veracruz\" \/>\n<meta property=\"og:description\" content=\"Carlos Miguel Acosta BravoImpronta La noche del 31 de agosto de 2026, 745,533 usuarios en Yucat\u00e1n, Quintana Roo, Campeche y Chiapas se quedaron sin electricidad durante casi ocho horas. La CFE y la presidenta Claudia Sheinbaum atribuyeron el mega apag\u00f3n a actos de vandalismo en dos l\u00edneas de transmisi\u00f3n de 400 kV.&nbsp; Pero detr\u00e1s de [&hellip;]\" \/>\n<meta property=\"og:url\" content=\"https:\/\/lospoliticosveracruz.com\/?p=179936\" \/>\n<meta property=\"og:site_name\" content=\"Los pol\u00edticos Veracruz\" \/>\n<meta property=\"article:publisher\" content=\"https:\/\/www.facebook.com\/people\/Notimemes-de-los-Polticos\/61565672886568\/\" \/>\n<meta property=\"article:published_time\" content=\"2026-09-03T11:41:38+00:00\" \/>\n<meta property=\"og:image\" content=\"https:\/\/lospoliticosveracruz.com\/wp-content\/uploads\/2025\/04\/Carlos-Miguel-Acosta-Bravo-e1780964715690.jpg\" \/>\n\t<meta property=\"og:image:width\" content=\"600\" \/>\n\t<meta property=\"og:image:height\" content=\"320\" \/>\n\t<meta property=\"og:image:type\" content=\"image\/jpeg\" \/>\n<meta name=\"author\" content=\"Lo viste en Los Pol\u00edticos\" \/>\n<meta name=\"twitter:card\" content=\"summary_large_image\" \/>\n<meta name=\"twitter:creator\" content=\"@LosPoliticosVer\" \/>\n<meta name=\"twitter:site\" content=\"@LosPoliticosVer\" \/>\n<meta name=\"twitter:label1\" content=\"Escrito por\" \/>\n\t<meta name=\"twitter:data1\" content=\"Lo viste en Los Pol\u00edticos\" \/>\n\t<meta name=\"twitter:label2\" content=\"Tiempo de lectura\" \/>\n\t<meta name=\"twitter:data2\" content=\"7 minutos\" \/>\n<script type=\"application\/ld+json\" class=\"yoast-schema-graph\">{\"@context\":\"https:\\\/\\\/schema.org\",\"@graph\":[{\"@type\":\"Article\",\"@id\":\"https:\\\/\\\/lospoliticosveracruz.com\\\/?p=179936#article\",\"isPartOf\":{\"@id\":\"https:\\\/\\\/lospoliticosveracruz.com\\\/?p=179936\"},\"author\":{\"name\":\"Lo viste en Los Pol\u00edticos\",\"@id\":\"https:\\\/\\\/lospoliticosveracruz.com\\\/#\\\/schema\\\/person\\\/b8702bb0e538456e6efd07080bf2a4a2\"},\"headline\":\"EL APAG\u00d3N DEL SURESTE\",\"datePublished\":\"2026-09-03T11:41:38+00:00\",\"mainEntityOfPage\":{\"@id\":\"https:\\\/\\\/lospoliticosveracruz.com\\\/?p=179936\"},\"wordCount\":1633,\"publisher\":{\"@id\":\"https:\\\/\\\/lospoliticosveracruz.com\\\/#organization\"},\"image\":{\"@id\":\"https:\\\/\\\/lospoliticosveracruz.com\\\/?p=179936#primaryimage\"},\"thumbnailUrl\":\"https:\\\/\\\/lospoliticosveracruz.com\\\/wp-content\\\/uploads\\\/2025\\\/04\\\/Carlos-Miguel-Acosta-Bravo-e1780964715690.jpg\",\"keywords\":[\"Campeche\",\"CFE\",\"Chiapas\",\"Claudia Sheinbaum\",\"mega apag\u00f3n\",\"Quintana Roo\",\"Sureste\",\"Yucat\u00e1n\"],\"articleSection\":[\"De Opini\u00f3n\"],\"inLanguage\":\"es\"},{\"@type\":\"WebPage\",\"@id\":\"https:\\\/\\\/lospoliticosveracruz.com\\\/?p=179936\",\"url\":\"https:\\\/\\\/lospoliticosveracruz.com\\\/?p=179936\",\"name\":\"EL APAG\u00d3N DEL SURESTE - Los pol\u00edticos Veracruz\",\"isPartOf\":{\"@id\":\"https:\\\/\\\/lospoliticosveracruz.com\\\/#website\"},\"primaryImageOfPage\":{\"@id\":\"https:\\\/\\\/lospoliticosveracruz.com\\\/?p=179936#primaryimage\"},\"image\":{\"@id\":\"https:\\\/\\\/lospoliticosveracruz.com\\\/?p=179936#primaryimage\"},\"thumbnailUrl\":\"https:\\\/\\\/lospoliticosveracruz.com\\\/wp-content\\\/uploads\\\/2025\\\/04\\\/Carlos-Miguel-Acosta-Bravo-e1780964715690.jpg\",\"datePublished\":\"2026-09-03T11:41:38+00:00\",\"breadcrumb\":{\"@id\":\"https:\\\/\\\/lospoliticosveracruz.com\\\/?p=179936#breadcrumb\"},\"inLanguage\":\"es\",\"potentialAction\":[{\"@type\":\"ReadAction\",\"target\":[\"https:\\\/\\\/lospoliticosveracruz.com\\\/?p=179936\"]}]},{\"@type\":\"ImageObject\",\"inLanguage\":\"es\",\"@id\":\"https:\\\/\\\/lospoliticosveracruz.com\\\/?p=179936#primaryimage\",\"url\":\"https:\\\/\\\/lospoliticosveracruz.com\\\/wp-content\\\/uploads\\\/2025\\\/04\\\/Carlos-Miguel-Acosta-Bravo-e1780964715690.jpg\",\"contentUrl\":\"https:\\\/\\\/lospoliticosveracruz.com\\\/wp-content\\\/uploads\\\/2025\\\/04\\\/Carlos-Miguel-Acosta-Bravo-e1780964715690.jpg\",\"width\":600,\"height\":320},{\"@type\":\"BreadcrumbList\",\"@id\":\"https:\\\/\\\/lospoliticosveracruz.com\\\/?p=179936#breadcrumb\",\"itemListElement\":[{\"@type\":\"ListItem\",\"position\":1,\"name\":\"Portada\",\"item\":\"https:\\\/\\\/lospoliticosveracruz.com\\\/\"},{\"@type\":\"ListItem\",\"position\":2,\"name\":\"EL APAG\u00d3N DEL SURESTE\"}]},{\"@type\":\"WebSite\",\"@id\":\"https:\\\/\\\/lospoliticosveracruz.com\\\/#website\",\"url\":\"https:\\\/\\\/lospoliticosveracruz.com\\\/\",\"name\":\"Los pol\u00edticos Veracruz\",\"description\":\"\",\"publisher\":{\"@id\":\"https:\\\/\\\/lospoliticosveracruz.com\\\/#organization\"},\"potentialAction\":[{\"@type\":\"SearchAction\",\"target\":{\"@type\":\"EntryPoint\",\"urlTemplate\":\"https:\\\/\\\/lospoliticosveracruz.com\\\/?s={search_term_string}\"},\"query-input\":{\"@type\":\"PropertyValueSpecification\",\"valueRequired\":true,\"valueName\":\"search_term_string\"}}],\"inLanguage\":\"es\"},{\"@type\":\"Organization\",\"@id\":\"https:\\\/\\\/lospoliticosveracruz.com\\\/#organization\",\"name\":\"Los pol\u00edticos Veracruz\",\"url\":\"https:\\\/\\\/lospoliticosveracruz.com\\\/\",\"logo\":{\"@type\":\"ImageObject\",\"inLanguage\":\"es\",\"@id\":\"https:\\\/\\\/lospoliticosveracruz.com\\\/#\\\/schema\\\/logo\\\/image\\\/\",\"url\":\"https:\\\/\\\/lospoliticosveracruz.com\\\/wp-content\\\/uploads\\\/2025\\\/12\\\/Logo-Nuevo-LOS-POLITICOS-1.jpg\",\"contentUrl\":\"https:\\\/\\\/lospoliticosveracruz.com\\\/wp-content\\\/uploads\\\/2025\\\/12\\\/Logo-Nuevo-LOS-POLITICOS-1.jpg\",\"width\":260,\"height\":70,\"caption\":\"Los pol\u00edticos Veracruz\"},\"image\":{\"@id\":\"https:\\\/\\\/lospoliticosveracruz.com\\\/#\\\/schema\\\/logo\\\/image\\\/\"},\"sameAs\":[\"https:\\\/\\\/www.facebook.com\\\/people\\\/Notimemes-de-los-Polticos\\\/61565672886568\\\/\",\"https:\\\/\\\/x.com\\\/LosPoliticosVer\"]},{\"@type\":\"Person\",\"@id\":\"https:\\\/\\\/lospoliticosveracruz.com\\\/#\\\/schema\\\/person\\\/b8702bb0e538456e6efd07080bf2a4a2\",\"name\":\"Lo viste en Los Pol\u00edticos\",\"image\":{\"@type\":\"ImageObject\",\"inLanguage\":\"es\",\"@id\":\"https:\\\/\\\/secure.gravatar.com\\\/avatar\\\/3a8de04a2656d44082be478bd6c086daa447c4651605818287b9532d3d0bd435?s=96&d=mm&r=g\",\"url\":\"https:\\\/\\\/secure.gravatar.com\\\/avatar\\\/3a8de04a2656d44082be478bd6c086daa447c4651605818287b9532d3d0bd435?s=96&d=mm&r=g\",\"contentUrl\":\"https:\\\/\\\/secure.gravatar.com\\\/avatar\\\/3a8de04a2656d44082be478bd6c086daa447c4651605818287b9532d3d0bd435?s=96&d=mm&r=g\",\"caption\":\"Lo viste en Los Pol\u00edticos\"},\"url\":\"https:\\\/\\\/lospoliticosveracruz.com\\\/?author=2\"}]}<\/script>\n<!-- \/ Yoast SEO plugin. -->","yoast_head_json":{"title":"EL APAG\u00d3N DEL SURESTE - Los pol\u00edticos Veracruz","robots":{"index":"index","follow":"follow","max-snippet":"max-snippet:-1","max-image-preview":"max-image-preview:large","max-video-preview":"max-video-preview:-1"},"canonical":"https:\/\/lospoliticosveracruz.com\/?p=179936","og_locale":"es_ES","og_type":"article","og_title":"EL APAG\u00d3N DEL SURESTE - Los pol\u00edticos Veracruz","og_description":"Carlos Miguel Acosta BravoImpronta La noche del 31 de agosto de 2026, 745,533 usuarios en Yucat\u00e1n, Quintana Roo, Campeche y Chiapas se quedaron sin electricidad durante casi ocho horas. La CFE y la presidenta Claudia Sheinbaum atribuyeron el mega apag\u00f3n a actos de vandalismo en dos l\u00edneas de transmisi\u00f3n de 400 kV.&nbsp; Pero detr\u00e1s de [&hellip;]","og_url":"https:\/\/lospoliticosveracruz.com\/?p=179936","og_site_name":"Los pol\u00edticos Veracruz","article_publisher":"https:\/\/www.facebook.com\/people\/Notimemes-de-los-Polticos\/61565672886568\/","article_published_time":"2026-09-03T11:41:38+00:00","og_image":[{"width":600,"height":320,"url":"https:\/\/lospoliticosveracruz.com\/wp-content\/uploads\/2025\/04\/Carlos-Miguel-Acosta-Bravo-e1780964715690.jpg","type":"image\/jpeg"}],"author":"Lo viste en Los Pol\u00edticos","twitter_card":"summary_large_image","twitter_creator":"@LosPoliticosVer","twitter_site":"@LosPoliticosVer","twitter_misc":{"Escrito por":"Lo viste en Los Pol\u00edticos","Tiempo de lectura":"7 minutos"},"schema":{"@context":"https:\/\/schema.org","@graph":[{"@type":"Article","@id":"https:\/\/lospoliticosveracruz.com\/?p=179936#article","isPartOf":{"@id":"https:\/\/lospoliticosveracruz.com\/?p=179936"},"author":{"name":"Lo viste en Los Pol\u00edticos","@id":"https:\/\/lospoliticosveracruz.com\/#\/schema\/person\/b8702bb0e538456e6efd07080bf2a4a2"},"headline":"EL APAG\u00d3N DEL SURESTE","datePublished":"2026-09-03T11:41:38+00:00","mainEntityOfPage":{"@id":"https:\/\/lospoliticosveracruz.com\/?p=179936"},"wordCount":1633,"publisher":{"@id":"https:\/\/lospoliticosveracruz.com\/#organization"},"image":{"@id":"https:\/\/lospoliticosveracruz.com\/?p=179936#primaryimage"},"thumbnailUrl":"https:\/\/lospoliticosveracruz.com\/wp-content\/uploads\/2025\/04\/Carlos-Miguel-Acosta-Bravo-e1780964715690.jpg","keywords":["Campeche","CFE","Chiapas","Claudia Sheinbaum","mega apag\u00f3n","Quintana Roo","Sureste","Yucat\u00e1n"],"articleSection":["De Opini\u00f3n"],"inLanguage":"es"},{"@type":"WebPage","@id":"https:\/\/lospoliticosveracruz.com\/?p=179936","url":"https:\/\/lospoliticosveracruz.com\/?p=179936","name":"EL APAG\u00d3N DEL SURESTE - Los pol\u00edticos Veracruz","isPartOf":{"@id":"https:\/\/lospoliticosveracruz.com\/#website"},"primaryImageOfPage":{"@id":"https:\/\/lospoliticosveracruz.com\/?p=179936#primaryimage"},"image":{"@id":"https:\/\/lospoliticosveracruz.com\/?p=179936#primaryimage"},"thumbnailUrl":"https:\/\/lospoliticosveracruz.com\/wp-content\/uploads\/2025\/04\/Carlos-Miguel-Acosta-Bravo-e1780964715690.jpg","datePublished":"2026-09-03T11:41:38+00:00","breadcrumb":{"@id":"https:\/\/lospoliticosveracruz.com\/?p=179936#breadcrumb"},"inLanguage":"es","potentialAction":[{"@type":"ReadAction","target":["https:\/\/lospoliticosveracruz.com\/?p=179936"]}]},{"@type":"ImageObject","inLanguage":"es","@id":"https:\/\/lospoliticosveracruz.com\/?p=179936#primaryimage","url":"https:\/\/lospoliticosveracruz.com\/wp-content\/uploads\/2025\/04\/Carlos-Miguel-Acosta-Bravo-e1780964715690.jpg","contentUrl":"https:\/\/lospoliticosveracruz.com\/wp-content\/uploads\/2025\/04\/Carlos-Miguel-Acosta-Bravo-e1780964715690.jpg","width":600,"height":320},{"@type":"BreadcrumbList","@id":"https:\/\/lospoliticosveracruz.com\/?p=179936#breadcrumb","itemListElement":[{"@type":"ListItem","position":1,"name":"Portada","item":"https:\/\/lospoliticosveracruz.com\/"},{"@type":"ListItem","position":2,"name":"EL APAG\u00d3N DEL SURESTE"}]},{"@type":"WebSite","@id":"https:\/\/lospoliticosveracruz.com\/#website","url":"https:\/\/lospoliticosveracruz.com\/","name":"Los pol\u00edticos Veracruz","description":"","publisher":{"@id":"https:\/\/lospoliticosveracruz.com\/#organization"},"potentialAction":[{"@type":"SearchAction","target":{"@type":"EntryPoint","urlTemplate":"https:\/\/lospoliticosveracruz.com\/?s={search_term_string}"},"query-input":{"@type":"PropertyValueSpecification","valueRequired":true,"valueName":"search_term_string"}}],"inLanguage":"es"},{"@type":"Organization","@id":"https:\/\/lospoliticosveracruz.com\/#organization","name":"Los pol\u00edticos Veracruz","url":"https:\/\/lospoliticosveracruz.com\/","logo":{"@type":"ImageObject","inLanguage":"es","@id":"https:\/\/lospoliticosveracruz.com\/#\/schema\/logo\/image\/","url":"https:\/\/lospoliticosveracruz.com\/wp-content\/uploads\/2025\/12\/Logo-Nuevo-LOS-POLITICOS-1.jpg","contentUrl":"https:\/\/lospoliticosveracruz.com\/wp-content\/uploads\/2025\/12\/Logo-Nuevo-LOS-POLITICOS-1.jpg","width":260,"height":70,"caption":"Los pol\u00edticos Veracruz"},"image":{"@id":"https:\/\/lospoliticosveracruz.com\/#\/schema\/logo\/image\/"},"sameAs":["https:\/\/www.facebook.com\/people\/Notimemes-de-los-Polticos\/61565672886568\/","https:\/\/x.com\/LosPoliticosVer"]},{"@type":"Person","@id":"https:\/\/lospoliticosveracruz.com\/#\/schema\/person\/b8702bb0e538456e6efd07080bf2a4a2","name":"Lo viste en Los Pol\u00edticos","image":{"@type":"ImageObject","inLanguage":"es","@id":"https:\/\/secure.gravatar.com\/avatar\/3a8de04a2656d44082be478bd6c086daa447c4651605818287b9532d3d0bd435?s=96&d=mm&r=g","url":"https:\/\/secure.gravatar.com\/avatar\/3a8de04a2656d44082be478bd6c086daa447c4651605818287b9532d3d0bd435?s=96&d=mm&r=g","contentUrl":"https:\/\/secure.gravatar.com\/avatar\/3a8de04a2656d44082be478bd6c086daa447c4651605818287b9532d3d0bd435?s=96&d=mm&r=g","caption":"Lo viste en Los Pol\u00edticos"},"url":"https:\/\/lospoliticosveracruz.com\/?author=2"}]}},"_links":{"self":[{"href":"https:\/\/lospoliticosveracruz.com\/index.php?rest_route=\/wp\/v2\/posts\/179936","targetHints":{"allow":["GET"]}}],"collection":[{"href":"https:\/\/lospoliticosveracruz.com\/index.php?rest_route=\/wp\/v2\/posts"}],"about":[{"href":"https:\/\/lospoliticosveracruz.com\/index.php?rest_route=\/wp\/v2\/types\/post"}],"author":[{"embeddable":true,"href":"https:\/\/lospoliticosveracruz.com\/index.php?rest_route=\/wp\/v2\/users\/2"}],"replies":[{"embeddable":true,"href":"https:\/\/lospoliticosveracruz.com\/index.php?rest_route=%2Fwp%2Fv2%2Fcomments&post=179936"}],"version-history":[{"count":1,"href":"https:\/\/lospoliticosveracruz.com\/index.php?rest_route=\/wp\/v2\/posts\/179936\/revisions"}],"predecessor-version":[{"id":179937,"href":"https:\/\/lospoliticosveracruz.com\/index.php?rest_route=\/wp\/v2\/posts\/179936\/revisions\/179937"}],"wp:featuredmedia":[{"embeddable":true,"href":"https:\/\/lospoliticosveracruz.com\/index.php?rest_route=\/wp\/v2\/media\/141377"}],"wp:attachment":[{"href":"https:\/\/lospoliticosveracruz.com\/index.php?rest_route=%2Fwp%2Fv2%2Fmedia&parent=179936"}],"wp:term":[{"taxonomy":"category","embeddable":true,"href":"https:\/\/lospoliticosveracruz.com\/index.php?rest_route=%2Fwp%2Fv2%2Fcategories&post=179936"},{"taxonomy":"post_tag","embeddable":true,"href":"https:\/\/lospoliticosveracruz.com\/index.php?rest_route=%2Fwp%2Fv2%2Ftags&post=179936"}],"curies":[{"name":"wp","href":"https:\/\/api.w.org\/{rel}","templated":true}]}}