{"id":179938,"date":"2026-09-03T06:10:19","date_gmt":"2026-09-03T12:10:19","guid":{"rendered":"https:\/\/lospoliticosveracruz.com\/?p=179938"},"modified":"2026-09-03T06:10:20","modified_gmt":"2026-09-03T12:10:20","slug":"el-besucon-fugitivo","status":"publish","type":"post","link":"https:\/\/lospoliticosveracruz.com\/?p=179938","title":{"rendered":"EL BESUC\u00d3N FUGITIVO!"},"content":{"rendered":"<div class=\"wp-block-image\">\n<figure class=\"alignleft size-large is-resized\"><a href=\"https:\/\/lospoliticosveracruz.com\/wp-content\/uploads\/2026\/09\/banners-prevencion-suicidio-500x500-1.png\"><img loading=\"lazy\" decoding=\"async\" width=\"1024\" height=\"1024\" src=\"https:\/\/lospoliticosveracruz.com\/wp-content\/uploads\/2026\/09\/banners-prevencion-suicidio-500x500-1-1024x1024.png\" alt=\"\" class=\"wp-image-179740\" style=\"width:476px;height:auto\" srcset=\"https:\/\/lospoliticosveracruz.com\/wp-content\/uploads\/2026\/09\/banners-prevencion-suicidio-500x500-1-1024x1024.png 1024w, https:\/\/lospoliticosveracruz.com\/wp-content\/uploads\/2026\/09\/banners-prevencion-suicidio-500x500-1-300x300.png 300w, https:\/\/lospoliticosveracruz.com\/wp-content\/uploads\/2026\/09\/banners-prevencion-suicidio-500x500-1-150x150.png 150w, https:\/\/lospoliticosveracruz.com\/wp-content\/uploads\/2026\/09\/banners-prevencion-suicidio-500x500-1-768x768.png 768w, https:\/\/lospoliticosveracruz.com\/wp-content\/uploads\/2026\/09\/banners-prevencion-suicidio-500x500-1-1536x1536.png 1536w, https:\/\/lospoliticosveracruz.com\/wp-content\/uploads\/2026\/09\/banners-prevencion-suicidio-500x500-1-2048x2048.png 2048w, https:\/\/lospoliticosveracruz.com\/wp-content\/uploads\/2026\/09\/banners-prevencion-suicidio-500x500-1-420x420.png 420w, https:\/\/lospoliticosveracruz.com\/wp-content\/uploads\/2026\/09\/banners-prevencion-suicidio-500x500-1-696x696.png 696w, https:\/\/lospoliticosveracruz.com\/wp-content\/uploads\/2026\/09\/banners-prevencion-suicidio-500x500-1-1068x1068.png 1068w, https:\/\/lospoliticosveracruz.com\/wp-content\/uploads\/2026\/09\/banners-prevencion-suicidio-500x500-1-1920x1920.png 1920w\" sizes=\"auto, (max-width: 1024px) 100vw, 1024px\" \/><\/a><\/figure>\n<\/div>\n\n\n<p><strong>Fanny Y\u00e9pez<\/strong><br><em>La Columna<\/em><\/p>\n\n\n\n<p class=\"dropcapp1\">El secretario de Finanzas y Planeaci\u00f3n de Veracruz, Miguel Santiago Reyes Hern\u00e1ndez, huy\u00f3 de la prensa para evitar hablar sobre los presuntos salarios de familiares de Andr\u00e9s Manuel L\u00f3pez Obrador que laboran en el gobierno de Roc\u00edo Nahle. \u00bfSera que no cuenta con los argumentos v\u00e1lidos para responder estos cuestionamientos? Por ello prefiere huir ante la insistencia de los periodistas.<br>El incidente ocurri\u00f3 en Xalapa, durante la tradicional ceremonia de las Guardias de Honor en el parque de Los Berros, donde al ser abordado por reporteros locales, prefiri\u00f3 retirarse de forma apresurada en lugar de responder a los cuestionamientos.<br>Periodistas de distintos medios de comunicaci\u00f3n intentaron entrevistarlo sobre la n\u00f3mina oficial, espec\u00edficamente tras confirmarse la contrataci\u00f3n de familiares del expresidente AMLO, dentro de la estructura gubernamental del estado.<br>Los comunicadores locales intentaron entrevistar a Reyes Hern\u00e1ndez para que explicara los montos salariales, las condiciones bajo las cuales fueron contratados los sobrinos de L\u00f3pez Obrador (Pedro Arturo L\u00f3pez Herrer\u00eda y sus hermanas Erandi Isabel y Tarhendi Andrea) dentro de la administraci\u00f3n p\u00fablica veracruzana.<br>Ante la insistencia de los medios de comunicaci\u00f3n en el parque Los Berros, el titular de la Secretar\u00eda de Finanzas y Planeaci\u00f3n (Sefiplan), prefiri\u00f3 retirarse apresuradamente y evadir los micr\u00f3fonos para no dar declaraciones al respecto.<br>Previamente, el secretario de Gobierno, Ricardo Ahued, ya hab\u00eda confirmado de manera p\u00fablica que Pedro L\u00f3pez Herrer\u00eda trabaja para el estado, argumentando que su contrataci\u00f3n no se debi\u00f3 a un tema de nepotismo o influyentismo y descartando que existieran figuras de \u00abaviadores\u00bb en la n\u00f3mina gubernamental.<br>El secretario encabez\u00f3 la guardia matutina a las 10:00 horas correspondientes a la SEFIPLAN, al concluir la ceremonia c\u00edvica, apresur\u00f3 el paso para eludir los micr\u00f3fonos.<br>El hecho se da en medio de las discusiones sobre el Proyecto de Presupuesto de Egresos, elaborado por su dependencia, el cual contempla incrementos salariales generalizados para el personal de confianza y la propia titular del ejecutivo estatal.<br>Miguel Santiago Reyes Hern\u00e1ndez, ha sido objeto de fuertes cr\u00edticas por parte de periodistas y legisladores de oposici\u00f3n, debido a su negativa a aclarar de manera transparente diversos temas econ\u00f3micos y de n\u00f3mina del estado. En lugar de ofrecer explicaciones t\u00e9cnicas o institucionales, el funcionario ha optado por evadir las preguntas, lanzando \u00abbesos\u00bb a los reporteros o desacreditando la capacidad de comprensi\u00f3n de los diputados.<br>Temas que el titular de la Sefiplan evade responder<br>Salarios y nepotismo en el gobierno. &#8211; se niega hablar sobre sueldos superiores al de la gobernadora. Evit\u00f3 justificar los motivos por los cuales diversos funcionarios de la administraci\u00f3n estatal perciben un salario mayor al de la gobernadora Roc\u00edo Nahle.<br>Contrataci\u00f3n de familiares. &#8211; se niega dar explicaciones detalladas ante los cuestionamientos de la prensa, sobre los salarios devengados por presuntos familiares del expresidente Andr\u00e9s Manuel L\u00f3pez Obrador, incorporados a la n\u00f3mina estatal.<br>Presupuesto y desastres naturales. &#8211; tambi\u00e9n evita responder sobre la disminuci\u00f3n real del presupuesto, durante sus comparecencias en el Congreso del Estado, ha evadido responder t\u00e9cnicamente c\u00f3mo afectar\u00e1 a la poblaci\u00f3n la reducci\u00f3n real en el presupuesto, contradiciendo los datos gubernamentales que afirmaban un incremento porcentual.<br>El seguro de desastres naturales. &#8211; ha esquivado clarificar la existencia y operaci\u00f3n real de la supuesta \u00abAseguradora Veracruzana\u00bb o los fondos destinados a la cobertura de contingencias clim\u00e1ticas, lo que ha detonado fuertes altercados con legisladores de la oposici\u00f3n.<br>Y cuando se le pregunta sobre el proceso de la deuda por bursatilizaci\u00f3n el estatus real del pago a tenedores: A pesar de los comunicados oficiales del gobierno estatal que daban por saldada y extinguida la bursatilizaci\u00f3n municipal, el secretario ha evitado aclarar los reportes de la Bolsa Mexicana de Valores emitidos por instituciones financieras (como Multiva), los cuales se\u00f1alan que el pago a los tenedores de los t\u00edtulos a\u00fan sigue en proceso y no se ha liquidado en su totalidad.<br>El funcionario poblano, durante el sexenio del expresidente Andr\u00e9s Manuel L\u00f3pez Obrador, dej\u00f3 las aulas para asumir roles de alta direcci\u00f3n en el sector energ\u00e9tico, trabajando estrechamente bajo la tutela de Manuel Bartlett. Se desempe\u00f1\u00f3 como director general de las empresas filiales de la Comisi\u00f3n Federal de Electricidad: CF Energ\u00eda y CFE International.<br>Que alguien le haga ver que informar es gobernar y que no es hacerle un favor al periodista, sino que \u00e9ste elemento de la comunicaci\u00f3n es el que recaba la informaci\u00f3n para difundirla, porque el pueblo debe estar informado.<br>Que gran decepci\u00f3n con estos funcionarios tan limitados, que no quieren ser reprendidos por responder algo que pueda comprometer a la administraci\u00f3n estatal.<\/p>\n","protected":false},"excerpt":{"rendered":"<p>Fanny Y\u00e9pezLa Columna El secretario de Finanzas y Planeaci\u00f3n de Veracruz, Miguel Santiago Reyes Hern\u00e1ndez, huy\u00f3 de la prensa para evitar hablar sobre los presuntos salarios de familiares de Andr\u00e9s Manuel L\u00f3pez Obrador que laboran en el gobierno de Roc\u00edo Nahle. \u00bfSera que no cuenta con los argumentos v\u00e1lidos para responder estos cuestionamientos? Por ello [&hellip;]<\/p>\n","protected":false},"author":2,"featured_media":141383,"comment_status":"closed","ping_status":"closed","sticky":false,"template":"","format":"standard","meta":{"tdm_status":"","tdm_grid_status":"","footnotes":""},"categories":[70],"tags":[618,42683,3398,41936,1026,71005,4551,3578,640,71006,195],"class_list":{"0":"post-179938","1":"post","2":"type-post","3":"status-publish","4":"format-standard","5":"has-post-thumbnail","7":"category-de-opinion","8":"tag-andres-manuel-lopez-obrador","9":"tag-erandi-isabel-lopez-herreria","10":"tag-fanny-yepez","11":"tag-miguel-santiago-reyes-hernandez","12":"tag-morena","13":"tag-pedro-arturo-lopez-herreria","14":"tag-pedro-arturo-lopez-obrador","15":"tag-rocio-nahle","16":"tag-sefiplan","17":"tag-tarhendi-andrea-lopez-herreria","18":"tag-veracruz"},"yoast_head":"<!-- This site is optimized with the Yoast SEO plugin v28.1 - https:\/\/yoast.com\/product\/yoast-seo-wordpress\/ -->\n<title>EL BESUC\u00d3N FUGITIVO! - Los pol\u00edticos Veracruz<\/title>\n<meta name=\"robots\" content=\"index, follow, max-snippet:-1, max-image-preview:large, max-video-preview:-1\" \/>\n<link rel=\"canonical\" href=\"https:\/\/lospoliticosveracruz.com\/?p=179938\" \/>\n<meta property=\"og:locale\" content=\"es_ES\" \/>\n<meta property=\"og:type\" content=\"article\" \/>\n<meta property=\"og:title\" content=\"EL BESUC\u00d3N FUGITIVO! - Los pol\u00edticos Veracruz\" \/>\n<meta property=\"og:description\" content=\"Fanny Y\u00e9pezLa Columna El secretario de Finanzas y Planeaci\u00f3n de Veracruz, Miguel Santiago Reyes Hern\u00e1ndez, huy\u00f3 de la prensa para evitar hablar sobre los presuntos salarios de familiares de Andr\u00e9s Manuel L\u00f3pez Obrador que laboran en el gobierno de Roc\u00edo Nahle. \u00bfSera que no cuenta con los argumentos v\u00e1lidos para responder estos cuestionamientos? Por ello [&hellip;]\" \/>\n<meta property=\"og:url\" content=\"https:\/\/lospoliticosveracruz.com\/?p=179938\" \/>\n<meta property=\"og:site_name\" content=\"Los pol\u00edticos Veracruz\" \/>\n<meta property=\"article:publisher\" content=\"https:\/\/www.facebook.com\/people\/Notimemes-de-los-Polticos\/61565672886568\/\" \/>\n<meta property=\"article:published_time\" content=\"2026-09-03T12:10:19+00:00\" \/>\n<meta property=\"article:modified_time\" content=\"2026-09-03T12:10:20+00:00\" \/>\n<meta property=\"og:image\" content=\"https:\/\/lospoliticosveracruz.com\/wp-content\/uploads\/2025\/04\/Fanny-Yepez-Luna.jpg\" \/>\n\t<meta property=\"og:image:width\" content=\"1250\" \/>\n\t<meta property=\"og:image:height\" content=\"667\" \/>\n\t<meta property=\"og:image:type\" content=\"image\/jpeg\" \/>\n<meta name=\"author\" content=\"Lo viste en Los Pol\u00edticos\" \/>\n<meta name=\"twitter:card\" content=\"summary_large_image\" \/>\n<meta name=\"twitter:creator\" content=\"@LosPoliticosVer\" \/>\n<meta name=\"twitter:site\" content=\"@LosPoliticosVer\" \/>\n<meta name=\"twitter:label1\" content=\"Escrito por\" \/>\n\t<meta name=\"twitter:data1\" content=\"Lo viste en Los Pol\u00edticos\" \/>\n\t<meta name=\"twitter:label2\" content=\"Tiempo de lectura\" \/>\n\t<meta name=\"twitter:data2\" content=\"4 minutos\" \/>\n<script type=\"application\/ld+json\" class=\"yoast-schema-graph\">{\"@context\":\"https:\\\/\\\/schema.org\",\"@graph\":[{\"@type\":\"Article\",\"@id\":\"https:\\\/\\\/lospoliticosveracruz.com\\\/?p=179938#article\",\"isPartOf\":{\"@id\":\"https:\\\/\\\/lospoliticosveracruz.com\\\/?p=179938\"},\"author\":{\"name\":\"Lo viste en Los Pol\u00edticos\",\"@id\":\"https:\\\/\\\/lospoliticosveracruz.com\\\/#\\\/schema\\\/person\\\/b8702bb0e538456e6efd07080bf2a4a2\"},\"headline\":\"EL BESUC\u00d3N FUGITIVO!\",\"datePublished\":\"2026-09-03T12:10:19+00:00\",\"dateModified\":\"2026-09-03T12:10:20+00:00\",\"mainEntityOfPage\":{\"@id\":\"https:\\\/\\\/lospoliticosveracruz.com\\\/?p=179938\"},\"wordCount\":819,\"publisher\":{\"@id\":\"https:\\\/\\\/lospoliticosveracruz.com\\\/#organization\"},\"image\":{\"@id\":\"https:\\\/\\\/lospoliticosveracruz.com\\\/?p=179938#primaryimage\"},\"thumbnailUrl\":\"https:\\\/\\\/lospoliticosveracruz.com\\\/wp-content\\\/uploads\\\/2025\\\/04\\\/Fanny-Yepez-Luna.jpg\",\"keywords\":[\"Andr\u00e9s Manuel L\u00f3pez Obrador\",\"Erandi Isabel L\u00f3pez Herrer\u00eda\",\"Fanny Y\u00e9pez\",\"Miguel Santiago Reyes Hern\u00e1ndez\",\"Morena\",\"Pedro Arturo L\u00f3pez Herrer\u00eda\",\"Pedro Arturo L\u00f3pez Obrador\",\"Roc\u00edo Nahle\",\"Sefiplan\",\"Tarhendi Andrea L\u00f3pez Herrer\u00eda\",\"Veracruz\"],\"articleSection\":[\"De Opini\u00f3n\"],\"inLanguage\":\"es\"},{\"@type\":\"WebPage\",\"@id\":\"https:\\\/\\\/lospoliticosveracruz.com\\\/?p=179938\",\"url\":\"https:\\\/\\\/lospoliticosveracruz.com\\\/?p=179938\",\"name\":\"EL BESUC\u00d3N FUGITIVO! - Los pol\u00edticos Veracruz\",\"isPartOf\":{\"@id\":\"https:\\\/\\\/lospoliticosveracruz.com\\\/#website\"},\"primaryImageOfPage\":{\"@id\":\"https:\\\/\\\/lospoliticosveracruz.com\\\/?p=179938#primaryimage\"},\"image\":{\"@id\":\"https:\\\/\\\/lospoliticosveracruz.com\\\/?p=179938#primaryimage\"},\"thumbnailUrl\":\"https:\\\/\\\/lospoliticosveracruz.com\\\/wp-content\\\/uploads\\\/2025\\\/04\\\/Fanny-Yepez-Luna.jpg\",\"datePublished\":\"2026-09-03T12:10:19+00:00\",\"dateModified\":\"2026-09-03T12:10:20+00:00\",\"breadcrumb\":{\"@id\":\"https:\\\/\\\/lospoliticosveracruz.com\\\/?p=179938#breadcrumb\"},\"inLanguage\":\"es\",\"potentialAction\":[{\"@type\":\"ReadAction\",\"target\":[\"https:\\\/\\\/lospoliticosveracruz.com\\\/?p=179938\"]}]},{\"@type\":\"ImageObject\",\"inLanguage\":\"es\",\"@id\":\"https:\\\/\\\/lospoliticosveracruz.com\\\/?p=179938#primaryimage\",\"url\":\"https:\\\/\\\/lospoliticosveracruz.com\\\/wp-content\\\/uploads\\\/2025\\\/04\\\/Fanny-Yepez-Luna.jpg\",\"contentUrl\":\"https:\\\/\\\/lospoliticosveracruz.com\\\/wp-content\\\/uploads\\\/2025\\\/04\\\/Fanny-Yepez-Luna.jpg\",\"width\":1250,\"height\":667},{\"@type\":\"BreadcrumbList\",\"@id\":\"https:\\\/\\\/lospoliticosveracruz.com\\\/?p=179938#breadcrumb\",\"itemListElement\":[{\"@type\":\"ListItem\",\"position\":1,\"name\":\"Portada\",\"item\":\"https:\\\/\\\/lospoliticosveracruz.com\\\/\"},{\"@type\":\"ListItem\",\"position\":2,\"name\":\"EL BESUC\u00d3N FUGITIVO!\"}]},{\"@type\":\"WebSite\",\"@id\":\"https:\\\/\\\/lospoliticosveracruz.com\\\/#website\",\"url\":\"https:\\\/\\\/lospoliticosveracruz.com\\\/\",\"name\":\"Los pol\u00edticos Veracruz\",\"description\":\"\",\"publisher\":{\"@id\":\"https:\\\/\\\/lospoliticosveracruz.com\\\/#organization\"},\"potentialAction\":[{\"@type\":\"SearchAction\",\"target\":{\"@type\":\"EntryPoint\",\"urlTemplate\":\"https:\\\/\\\/lospoliticosveracruz.com\\\/?s={search_term_string}\"},\"query-input\":{\"@type\":\"PropertyValueSpecification\",\"valueRequired\":true,\"valueName\":\"search_term_string\"}}],\"inLanguage\":\"es\"},{\"@type\":\"Organization\",\"@id\":\"https:\\\/\\\/lospoliticosveracruz.com\\\/#organization\",\"name\":\"Los pol\u00edticos Veracruz\",\"url\":\"https:\\\/\\\/lospoliticosveracruz.com\\\/\",\"logo\":{\"@type\":\"ImageObject\",\"inLanguage\":\"es\",\"@id\":\"https:\\\/\\\/lospoliticosveracruz.com\\\/#\\\/schema\\\/logo\\\/image\\\/\",\"url\":\"https:\\\/\\\/lospoliticosveracruz.com\\\/wp-content\\\/uploads\\\/2025\\\/12\\\/Logo-Nuevo-LOS-POLITICOS-1.jpg\",\"contentUrl\":\"https:\\\/\\\/lospoliticosveracruz.com\\\/wp-content\\\/uploads\\\/2025\\\/12\\\/Logo-Nuevo-LOS-POLITICOS-1.jpg\",\"width\":260,\"height\":70,\"caption\":\"Los pol\u00edticos Veracruz\"},\"image\":{\"@id\":\"https:\\\/\\\/lospoliticosveracruz.com\\\/#\\\/schema\\\/logo\\\/image\\\/\"},\"sameAs\":[\"https:\\\/\\\/www.facebook.com\\\/people\\\/Notimemes-de-los-Polticos\\\/61565672886568\\\/\",\"https:\\\/\\\/x.com\\\/LosPoliticosVer\"]},{\"@type\":\"Person\",\"@id\":\"https:\\\/\\\/lospoliticosveracruz.com\\\/#\\\/schema\\\/person\\\/b8702bb0e538456e6efd07080bf2a4a2\",\"name\":\"Lo viste en Los Pol\u00edticos\",\"image\":{\"@type\":\"ImageObject\",\"inLanguage\":\"es\",\"@id\":\"https:\\\/\\\/secure.gravatar.com\\\/avatar\\\/3a8de04a2656d44082be478bd6c086daa447c4651605818287b9532d3d0bd435?s=96&d=mm&r=g\",\"url\":\"https:\\\/\\\/secure.gravatar.com\\\/avatar\\\/3a8de04a2656d44082be478bd6c086daa447c4651605818287b9532d3d0bd435?s=96&d=mm&r=g\",\"contentUrl\":\"https:\\\/\\\/secure.gravatar.com\\\/avatar\\\/3a8de04a2656d44082be478bd6c086daa447c4651605818287b9532d3d0bd435?s=96&d=mm&r=g\",\"caption\":\"Lo viste en Los Pol\u00edticos\"},\"url\":\"https:\\\/\\\/lospoliticosveracruz.com\\\/?author=2\"}]}<\/script>\n<!-- \/ Yoast SEO plugin. -->","yoast_head_json":{"title":"EL BESUC\u00d3N FUGITIVO! - Los pol\u00edticos Veracruz","robots":{"index":"index","follow":"follow","max-snippet":"max-snippet:-1","max-image-preview":"max-image-preview:large","max-video-preview":"max-video-preview:-1"},"canonical":"https:\/\/lospoliticosveracruz.com\/?p=179938","og_locale":"es_ES","og_type":"article","og_title":"EL BESUC\u00d3N FUGITIVO! - Los pol\u00edticos Veracruz","og_description":"Fanny Y\u00e9pezLa Columna El secretario de Finanzas y Planeaci\u00f3n de Veracruz, Miguel Santiago Reyes Hern\u00e1ndez, huy\u00f3 de la prensa para evitar hablar sobre los presuntos salarios de familiares de Andr\u00e9s Manuel L\u00f3pez Obrador que laboran en el gobierno de Roc\u00edo Nahle. \u00bfSera que no cuenta con los argumentos v\u00e1lidos para responder estos cuestionamientos? Por ello [&hellip;]","og_url":"https:\/\/lospoliticosveracruz.com\/?p=179938","og_site_name":"Los pol\u00edticos Veracruz","article_publisher":"https:\/\/www.facebook.com\/people\/Notimemes-de-los-Polticos\/61565672886568\/","article_published_time":"2026-09-03T12:10:19+00:00","article_modified_time":"2026-09-03T12:10:20+00:00","og_image":[{"width":1250,"height":667,"url":"https:\/\/lospoliticosveracruz.com\/wp-content\/uploads\/2025\/04\/Fanny-Yepez-Luna.jpg","type":"image\/jpeg"}],"author":"Lo viste en Los Pol\u00edticos","twitter_card":"summary_large_image","twitter_creator":"@LosPoliticosVer","twitter_site":"@LosPoliticosVer","twitter_misc":{"Escrito por":"Lo viste en Los Pol\u00edticos","Tiempo de lectura":"4 minutos"},"schema":{"@context":"https:\/\/schema.org","@graph":[{"@type":"Article","@id":"https:\/\/lospoliticosveracruz.com\/?p=179938#article","isPartOf":{"@id":"https:\/\/lospoliticosveracruz.com\/?p=179938"},"author":{"name":"Lo viste en Los Pol\u00edticos","@id":"https:\/\/lospoliticosveracruz.com\/#\/schema\/person\/b8702bb0e538456e6efd07080bf2a4a2"},"headline":"EL BESUC\u00d3N FUGITIVO!","datePublished":"2026-09-03T12:10:19+00:00","dateModified":"2026-09-03T12:10:20+00:00","mainEntityOfPage":{"@id":"https:\/\/lospoliticosveracruz.com\/?p=179938"},"wordCount":819,"publisher":{"@id":"https:\/\/lospoliticosveracruz.com\/#organization"},"image":{"@id":"https:\/\/lospoliticosveracruz.com\/?p=179938#primaryimage"},"thumbnailUrl":"https:\/\/lospoliticosveracruz.com\/wp-content\/uploads\/2025\/04\/Fanny-Yepez-Luna.jpg","keywords":["Andr\u00e9s Manuel L\u00f3pez Obrador","Erandi Isabel L\u00f3pez Herrer\u00eda","Fanny Y\u00e9pez","Miguel Santiago Reyes Hern\u00e1ndez","Morena","Pedro Arturo L\u00f3pez Herrer\u00eda","Pedro Arturo L\u00f3pez Obrador","Roc\u00edo Nahle","Sefiplan","Tarhendi Andrea L\u00f3pez Herrer\u00eda","Veracruz"],"articleSection":["De Opini\u00f3n"],"inLanguage":"es"},{"@type":"WebPage","@id":"https:\/\/lospoliticosveracruz.com\/?p=179938","url":"https:\/\/lospoliticosveracruz.com\/?p=179938","name":"EL BESUC\u00d3N FUGITIVO! - Los pol\u00edticos Veracruz","isPartOf":{"@id":"https:\/\/lospoliticosveracruz.com\/#website"},"primaryImageOfPage":{"@id":"https:\/\/lospoliticosveracruz.com\/?p=179938#primaryimage"},"image":{"@id":"https:\/\/lospoliticosveracruz.com\/?p=179938#primaryimage"},"thumbnailUrl":"https:\/\/lospoliticosveracruz.com\/wp-content\/uploads\/2025\/04\/Fanny-Yepez-Luna.jpg","datePublished":"2026-09-03T12:10:19+00:00","dateModified":"2026-09-03T12:10:20+00:00","breadcrumb":{"@id":"https:\/\/lospoliticosveracruz.com\/?p=179938#breadcrumb"},"inLanguage":"es","potentialAction":[{"@type":"ReadAction","target":["https:\/\/lospoliticosveracruz.com\/?p=179938"]}]},{"@type":"ImageObject","inLanguage":"es","@id":"https:\/\/lospoliticosveracruz.com\/?p=179938#primaryimage","url":"https:\/\/lospoliticosveracruz.com\/wp-content\/uploads\/2025\/04\/Fanny-Yepez-Luna.jpg","contentUrl":"https:\/\/lospoliticosveracruz.com\/wp-content\/uploads\/2025\/04\/Fanny-Yepez-Luna.jpg","width":1250,"height":667},{"@type":"BreadcrumbList","@id":"https:\/\/lospoliticosveracruz.com\/?p=179938#breadcrumb","itemListElement":[{"@type":"ListItem","position":1,"name":"Portada","item":"https:\/\/lospoliticosveracruz.com\/"},{"@type":"ListItem","position":2,"name":"EL BESUC\u00d3N FUGITIVO!"}]},{"@type":"WebSite","@id":"https:\/\/lospoliticosveracruz.com\/#website","url":"https:\/\/lospoliticosveracruz.com\/","name":"Los pol\u00edticos Veracruz","description":"","publisher":{"@id":"https:\/\/lospoliticosveracruz.com\/#organization"},"potentialAction":[{"@type":"SearchAction","target":{"@type":"EntryPoint","urlTemplate":"https:\/\/lospoliticosveracruz.com\/?s={search_term_string}"},"query-input":{"@type":"PropertyValueSpecification","valueRequired":true,"valueName":"search_term_string"}}],"inLanguage":"es"},{"@type":"Organization","@id":"https:\/\/lospoliticosveracruz.com\/#organization","name":"Los pol\u00edticos Veracruz","url":"https:\/\/lospoliticosveracruz.com\/","logo":{"@type":"ImageObject","inLanguage":"es","@id":"https:\/\/lospoliticosveracruz.com\/#\/schema\/logo\/image\/","url":"https:\/\/lospoliticosveracruz.com\/wp-content\/uploads\/2025\/12\/Logo-Nuevo-LOS-POLITICOS-1.jpg","contentUrl":"https:\/\/lospoliticosveracruz.com\/wp-content\/uploads\/2025\/12\/Logo-Nuevo-LOS-POLITICOS-1.jpg","width":260,"height":70,"caption":"Los pol\u00edticos Veracruz"},"image":{"@id":"https:\/\/lospoliticosveracruz.com\/#\/schema\/logo\/image\/"},"sameAs":["https:\/\/www.facebook.com\/people\/Notimemes-de-los-Polticos\/61565672886568\/","https:\/\/x.com\/LosPoliticosVer"]},{"@type":"Person","@id":"https:\/\/lospoliticosveracruz.com\/#\/schema\/person\/b8702bb0e538456e6efd07080bf2a4a2","name":"Lo viste en Los Pol\u00edticos","image":{"@type":"ImageObject","inLanguage":"es","@id":"https:\/\/secure.gravatar.com\/avatar\/3a8de04a2656d44082be478bd6c086daa447c4651605818287b9532d3d0bd435?s=96&d=mm&r=g","url":"https:\/\/secure.gravatar.com\/avatar\/3a8de04a2656d44082be478bd6c086daa447c4651605818287b9532d3d0bd435?s=96&d=mm&r=g","contentUrl":"https:\/\/secure.gravatar.com\/avatar\/3a8de04a2656d44082be478bd6c086daa447c4651605818287b9532d3d0bd435?s=96&d=mm&r=g","caption":"Lo viste en Los Pol\u00edticos"},"url":"https:\/\/lospoliticosveracruz.com\/?author=2"}]}},"_links":{"self":[{"href":"https:\/\/lospoliticosveracruz.com\/index.php?rest_route=\/wp\/v2\/posts\/179938","targetHints":{"allow":["GET"]}}],"collection":[{"href":"https:\/\/lospoliticosveracruz.com\/index.php?rest_route=\/wp\/v2\/posts"}],"about":[{"href":"https:\/\/lospoliticosveracruz.com\/index.php?rest_route=\/wp\/v2\/types\/post"}],"author":[{"embeddable":true,"href":"https:\/\/lospoliticosveracruz.com\/index.php?rest_route=\/wp\/v2\/users\/2"}],"replies":[{"embeddable":true,"href":"https:\/\/lospoliticosveracruz.com\/index.php?rest_route=%2Fwp%2Fv2%2Fcomments&post=179938"}],"version-history":[{"count":1,"href":"https:\/\/lospoliticosveracruz.com\/index.php?rest_route=\/wp\/v2\/posts\/179938\/revisions"}],"predecessor-version":[{"id":179939,"href":"https:\/\/lospoliticosveracruz.com\/index.php?rest_route=\/wp\/v2\/posts\/179938\/revisions\/179939"}],"wp:featuredmedia":[{"embeddable":true,"href":"https:\/\/lospoliticosveracruz.com\/index.php?rest_route=\/wp\/v2\/media\/141383"}],"wp:attachment":[{"href":"https:\/\/lospoliticosveracruz.com\/index.php?rest_route=%2Fwp%2Fv2%2Fmedia&parent=179938"}],"wp:term":[{"taxonomy":"category","embeddable":true,"href":"https:\/\/lospoliticosveracruz.com\/index.php?rest_route=%2Fwp%2Fv2%2Fcategories&post=179938"},{"taxonomy":"post_tag","embeddable":true,"href":"https:\/\/lospoliticosveracruz.com\/index.php?rest_route=%2Fwp%2Fv2%2Ftags&post=179938"}],"curies":[{"name":"wp","href":"https:\/\/api.w.org\/{rel}","templated":true}]}}