{"id":179945,"date":"2026-09-03T07:54:18","date_gmt":"2026-09-03T13:54:18","guid":{"rendered":"https:\/\/lospoliticosveracruz.com\/?p=179945"},"modified":"2026-09-03T07:54:19","modified_gmt":"2026-09-03T13:54:19","slug":"el-desinforme-de-gobierno","status":"publish","type":"post","link":"https:\/\/lospoliticosveracruz.com\/?p=179945","title":{"rendered":"EL DESINFORME DE GOBIERNO"},"content":{"rendered":"<div class=\"wp-block-image\">\n<figure class=\"alignleft size-full is-resized\"><a href=\"https:\/\/lospoliticosveracruz.com\/wp-content\/uploads\/2026\/05\/IMG_1092.png\"><img loading=\"lazy\" decoding=\"async\" width=\"640\" height=\"600\" src=\"https:\/\/lospoliticosveracruz.com\/wp-content\/uploads\/2026\/05\/IMG_1092.png\" alt=\"\" class=\"wp-image-172799\" style=\"width:375px;height:auto\" srcset=\"https:\/\/lospoliticosveracruz.com\/wp-content\/uploads\/2026\/05\/IMG_1092.png 640w, https:\/\/lospoliticosveracruz.com\/wp-content\/uploads\/2026\/05\/IMG_1092-300x281.png 300w, https:\/\/lospoliticosveracruz.com\/wp-content\/uploads\/2026\/05\/IMG_1092-448x420.png 448w, https:\/\/lospoliticosveracruz.com\/wp-content\/uploads\/2026\/05\/IMG_1092-150x141.png 150w\" sizes=\"auto, (max-width: 640px) 100vw, 640px\" \/><\/a><\/figure>\n<\/div>\n\n\n<p><strong>Pepe Cort\u00e9s<\/strong><\/p>\n\n\n\n<p>Una cifra puede ser cierta y, aun as\u00ed, contar una historia incompleta. Ese es el riesgo cuando los datos econ\u00f3micos se convierten en discurso pol\u00edtico: no siempre es necesario falsearlos, basta con escoger cu\u00e1l presentar, c\u00f3mo presentarlo y qu\u00e9 dejar fuera. El Segundo Informe ofrece un buen ejemplo. M\u00e9xico recibi\u00f3 34 mil 968 millones de d\u00f3lares de Inversi\u00f3n Extranjera Directa durante el primer semestre de 2026. Es un r\u00e9cord y el dato es correcto. Pero una cosa es alcanzar una cifra hist\u00f3rica de IED y otra muy distinta estar recibiendo cantidades hist\u00f3ricas de nuevas inversiones.<\/p>\n\n\n\n<p>Abramos el dato. De esos casi 35 mil millones de d\u00f3lares, 30 mil 957 millones corresponden a reinversi\u00f3n de utilidades, 1,285 millones a cuentas entre compa\u00f1\u00edas y solamente 2 mil 726 millones a nuevas inversiones: 88.5%, 3.7% y 7.8%, respectivamente. La reinversi\u00f3n es positiva y ser\u00eda absurdo minimizarla: significa que empresas extranjeras que producen y obtienen ganancias en M\u00e9xico encuentran razones para mantener recursos en el pa\u00eds. Pero no representa la misma decisi\u00f3n econ\u00f3mica que colocar capital nuevo. Una empresa que ya tiene f\u00e1bricas, trabajadores y cadenas log\u00edsticas construidas enfrenta una realidad distinta a la de quien todav\u00eda puede escoger d\u00f3nde invertir. Una cosa es quedarse y otra decidir llegar.<\/p>\n\n\n\n<p>Y aqu\u00ed no hablamos de una proporci\u00f3n estructural del capital extranjero en M\u00e9xico, sino de un deterioro reciente y medible. Seg\u00fan un an\u00e1lisis de Banco BASE, la inversi\u00f3n nueva promedi\u00f3 26% del total entre 2018 y 2022; en los \u00faltimos tres a\u00f1os ese promedio cay\u00f3 a apenas 6.82%. La evoluci\u00f3n reciente confirma la debilidad: la inversi\u00f3n nueva represent\u00f3 9.2% en el primer semestre de 2025, 16% al cierre del tercer trimestre, 18% al cierre del a\u00f1o completo, 7.2% en el primer trimestre de 2026 y 7.8% en el semestre m\u00e1s reciente. No es una fotograf\u00eda aislada: es una tendencia que retrocedi\u00f3 justo cuando deb\u00eda acelerar.<\/p>\n\n\n\n<p>La diferencia importa porque M\u00e9xico deber\u00eda estar ganando muchas de esas nuevas decisiones. Tenemos m\u00e1s de tres mil kil\u00f3metros de frontera con Estados Unidos, acceso preferencial mediante el T-MEC, d\u00e9cadas de experiencia manufacturera y cadenas productivas integradas con la econom\u00eda m\u00e1s grande del mundo. La reorganizaci\u00f3n internacional de las cadenas de suministro agreg\u00f3 una oportunidad extraordinaria: el nearshoring. Si alg\u00fan pa\u00eds ten\u00eda condiciones para beneficiarse de ese proceso era M\u00e9xico. Por eso la pregunta no es si recibimos inversi\u00f3n, sino por qu\u00e9, teniendo semejantes ventajas, la participaci\u00f3n de la inversi\u00f3n nueva se encuentra muy por debajo de los niveles observados hace apenas unos a\u00f1os.<\/p>\n\n\n\n<p>No existe una explicaci\u00f3n \u00fanica. Hay incertidumbre internacional, tensiones comerciales y la revisi\u00f3n del T-MEC genera cautela. Ser\u00eda incorrecto atribuir todo al gobierno mexicano, pero tambi\u00e9n ser\u00eda equivocado ignorar nuestros problemas internos. El capital necesita electricidad, agua, infraestructura, seguridad y trabajadores capacitados, pero sobre todo necesita certeza. Quien arriesga capital para operar durante d\u00e9cadas necesita saber que sus contratos ser\u00e1n respetados, que las instituciones funcionar\u00e1n y que las reglas no cambiar\u00e1n arbitrariamente. Nuestra geograf\u00eda puede colocarnos entre las opciones; la confianza es la que puede convertirnos en la elecci\u00f3n.<\/p>\n\n\n\n<p>Hay una se\u00f1al adicional. En agosto, ninguno de los especialistas consultados por Banco de M\u00e9xico consider\u00f3 que la coyuntura fuera un buen momento para invertir en M\u00e9xico: 49% respondi\u00f3 que era mal momento y 51% dijo no estar seguro. Gabriela Siller, directora de An\u00e1lisis Econ\u00f3mico de Banco BASE, ha se\u00f1alado que la debilidad de la nueva inversi\u00f3n y el predominio de la reinversi\u00f3n son se\u00f1ales de cautela e incertidumbre. Esto no significa que las empresas est\u00e9n huyendo del pa\u00eds. Una compa\u00f1\u00eda puede seguir operando y reinvirtiendo utilidades mientras pospone una ampliaci\u00f3n o coloca su siguiente proyecto en otro pa\u00eds. Ese es precisamente el problema: la inversi\u00f3n que no llega es invisible. No veremos cerrar una f\u00e1brica que nunca se construy\u00f3 ni podremos contar los empleos que nunca fueron creados, pero su ausencia termina reflej\u00e1ndose en menor crecimiento, productividad y oportunidades.<\/p>\n\n\n\n<p>M\u00e9xico conserva fortalezas extraordinarias y precisamente por eso debemos exigir m\u00e1s. El objetivo no puede limitarse a que quienes ya invirtieron permanezcan y reinviertan. Tenemos que lograr que quienes todav\u00eda pueden elegir encuentren en M\u00e9xico el destino de su siguiente inversi\u00f3n. La ubicaci\u00f3n geogr\u00e1fica es una ventaja, pero no sustituye la certeza; el T-MEC abre puertas, pero no garantiza que el capital las cruce; el nearshoring representa una oportunidad, pero aprovecharla depende de las condiciones que seamos capaces de ofrecer.<\/p>\n\n\n\n<p>Y aqu\u00ed regresamos al Informe. Los casi 35 mil millones de d\u00f3lares de IED son reales y constituyen una buena noticia. El problema aparece cuando una cifra verdadera se utiliza para construir una conclusi\u00f3n que por s\u00ed misma no demuestra. IED r\u00e9cord no significa inversi\u00f3n nueva r\u00e9cord. Los n\u00fameros muestran que el capital nuevo representa hoy una proporci\u00f3n considerablemente menor que la observada a\u00f1os atr\u00e1s.<\/p>\n\n\n\n<p>Ese es el punto que trasciende esta cifra y alcanza al Informe completo. No basta revisar si los n\u00fameros que presenta un gobierno son verdaderos. Tambi\u00e9n debemos preguntar qu\u00e9 miden, c\u00f3mo est\u00e1n construidos, contra qu\u00e9 se comparan y qu\u00e9 informaci\u00f3n queda fuera. Porque una cifra correcta, presentada sin contexto, puede construir una percepci\u00f3n muy diferente de la realidad que pretende describir.<\/p>\n\n\n\n<p>El dato puede ser cierto. La narrativa construida alrededor de \u00e9l puede ser otra cosa.<\/p>\n\n\n\n<p>Por eso, frente a cualquier Informe de Gobierno, no basta preguntar si sus cifras son verdaderas.<\/p>\n\n\n\n<p>Hay que preguntar qu\u00e9 significan.<\/p>\n\n\n\n<p>@pepecortesmx<\/p>\n\n\n\n<p>Pepe Cort\u00e9s es economista y abogado por la Universidad Veracruzana, con posgrados en Administraci\u00f3n P\u00fablica y Control y Fiscalizaci\u00f3n. Consejero estatal y miembro de la Comisi\u00f3n Permanente del PAN en Veracruz; ex director general de Vinculaci\u00f3n y Coordinaci\u00f3n Hacendaria de la SEFIPLAN.<\/p>\n\n\n\n<p><\/p>\n","protected":false},"excerpt":{"rendered":"<p>Pepe Cort\u00e9s Una cifra puede ser cierta y, aun as\u00ed, contar una historia incompleta. Ese es el riesgo cuando los datos econ\u00f3micos se convierten en discurso pol\u00edtico: no siempre es necesario falsearlos, basta con escoger cu\u00e1l presentar, c\u00f3mo presentarlo y qu\u00e9 dejar fuera. El Segundo Informe ofrece un buen ejemplo. M\u00e9xico recibi\u00f3 34 mil 968 [&hellip;]<\/p>\n","protected":false},"author":2,"featured_media":179946,"comment_status":"closed","ping_status":"closed","sticky":false,"template":"","format":"standard","meta":{"tdm_status":"","tdm_grid_status":"","footnotes":""},"categories":[70],"tags":[2228,71009,26792,395,67468,43482,15966],"class_list":{"0":"post-179945","1":"post","2":"type-post","3":"status-publish","4":"format-standard","5":"has-post-thumbnail","7":"category-de-opinion","8":"tag-economia","9":"tag-ied","10":"tag-inversion-extranjera","11":"tag-mexico","12":"tag-nearshoring","13":"tag-pepe-cortes","14":"tag-t-mec"},"yoast_head":"<!-- This site is optimized with the Yoast SEO plugin v28.1 - https:\/\/yoast.com\/product\/yoast-seo-wordpress\/ -->\n<title>EL DESINFORME DE GOBIERNO - Los pol\u00edticos Veracruz<\/title>\n<meta name=\"robots\" content=\"index, follow, max-snippet:-1, max-image-preview:large, max-video-preview:-1\" \/>\n<link rel=\"canonical\" href=\"https:\/\/lospoliticosveracruz.com\/?p=179945\" \/>\n<meta property=\"og:locale\" content=\"es_ES\" \/>\n<meta property=\"og:type\" content=\"article\" \/>\n<meta property=\"og:title\" content=\"EL DESINFORME DE GOBIERNO - Los pol\u00edticos Veracruz\" \/>\n<meta property=\"og:description\" content=\"Pepe Cort\u00e9s Una cifra puede ser cierta y, aun as\u00ed, contar una historia incompleta. Ese es el riesgo cuando los datos econ\u00f3micos se convierten en discurso pol\u00edtico: no siempre es necesario falsearlos, basta con escoger cu\u00e1l presentar, c\u00f3mo presentarlo y qu\u00e9 dejar fuera. El Segundo Informe ofrece un buen ejemplo. M\u00e9xico recibi\u00f3 34 mil 968 [&hellip;]\" \/>\n<meta property=\"og:url\" content=\"https:\/\/lospoliticosveracruz.com\/?p=179945\" \/>\n<meta property=\"og:site_name\" content=\"Los pol\u00edticos Veracruz\" \/>\n<meta property=\"article:publisher\" content=\"https:\/\/www.facebook.com\/people\/Notimemes-de-los-Polticos\/61565672886568\/\" \/>\n<meta property=\"article:published_time\" content=\"2026-09-03T13:54:18+00:00\" \/>\n<meta property=\"article:modified_time\" content=\"2026-09-03T13:54:19+00:00\" \/>\n<meta property=\"og:image\" content=\"https:\/\/lospoliticosveracruz.com\/wp-content\/uploads\/2026\/09\/PP-2.jpg\" \/>\n\t<meta property=\"og:image:width\" content=\"600\" \/>\n\t<meta property=\"og:image:height\" content=\"320\" \/>\n\t<meta property=\"og:image:type\" content=\"image\/jpeg\" \/>\n<meta name=\"author\" content=\"Lo viste en Los Pol\u00edticos\" \/>\n<meta name=\"twitter:card\" content=\"summary_large_image\" \/>\n<meta name=\"twitter:creator\" content=\"@LosPoliticosVer\" \/>\n<meta name=\"twitter:site\" content=\"@LosPoliticosVer\" \/>\n<meta name=\"twitter:label1\" content=\"Escrito por\" \/>\n\t<meta name=\"twitter:data1\" content=\"Lo viste en Los Pol\u00edticos\" \/>\n\t<meta name=\"twitter:label2\" content=\"Tiempo de lectura\" \/>\n\t<meta name=\"twitter:data2\" content=\"5 minutos\" \/>\n<script type=\"application\/ld+json\" class=\"yoast-schema-graph\">{\"@context\":\"https:\\\/\\\/schema.org\",\"@graph\":[{\"@type\":\"Article\",\"@id\":\"https:\\\/\\\/lospoliticosveracruz.com\\\/?p=179945#article\",\"isPartOf\":{\"@id\":\"https:\\\/\\\/lospoliticosveracruz.com\\\/?p=179945\"},\"author\":{\"name\":\"Lo viste en Los Pol\u00edticos\",\"@id\":\"https:\\\/\\\/lospoliticosveracruz.com\\\/#\\\/schema\\\/person\\\/b8702bb0e538456e6efd07080bf2a4a2\"},\"headline\":\"EL DESINFORME DE GOBIERNO\",\"datePublished\":\"2026-09-03T13:54:18+00:00\",\"dateModified\":\"2026-09-03T13:54:19+00:00\",\"mainEntityOfPage\":{\"@id\":\"https:\\\/\\\/lospoliticosveracruz.com\\\/?p=179945\"},\"wordCount\":1017,\"publisher\":{\"@id\":\"https:\\\/\\\/lospoliticosveracruz.com\\\/#organization\"},\"image\":{\"@id\":\"https:\\\/\\\/lospoliticosveracruz.com\\\/?p=179945#primaryimage\"},\"thumbnailUrl\":\"https:\\\/\\\/lospoliticosveracruz.com\\\/wp-content\\\/uploads\\\/2026\\\/09\\\/PP-2.jpg\",\"keywords\":[\"Econom\u00eda\",\"IED\",\"Inversi\u00f3n extranjera\",\"M\u00e9xico\",\"Nearshoring\",\"Pepe Cort\u00e9s\",\"T-MEC\"],\"articleSection\":[\"De Opini\u00f3n\"],\"inLanguage\":\"es\"},{\"@type\":\"WebPage\",\"@id\":\"https:\\\/\\\/lospoliticosveracruz.com\\\/?p=179945\",\"url\":\"https:\\\/\\\/lospoliticosveracruz.com\\\/?p=179945\",\"name\":\"EL DESINFORME DE GOBIERNO - Los pol\u00edticos Veracruz\",\"isPartOf\":{\"@id\":\"https:\\\/\\\/lospoliticosveracruz.com\\\/#website\"},\"primaryImageOfPage\":{\"@id\":\"https:\\\/\\\/lospoliticosveracruz.com\\\/?p=179945#primaryimage\"},\"image\":{\"@id\":\"https:\\\/\\\/lospoliticosveracruz.com\\\/?p=179945#primaryimage\"},\"thumbnailUrl\":\"https:\\\/\\\/lospoliticosveracruz.com\\\/wp-content\\\/uploads\\\/2026\\\/09\\\/PP-2.jpg\",\"datePublished\":\"2026-09-03T13:54:18+00:00\",\"dateModified\":\"2026-09-03T13:54:19+00:00\",\"breadcrumb\":{\"@id\":\"https:\\\/\\\/lospoliticosveracruz.com\\\/?p=179945#breadcrumb\"},\"inLanguage\":\"es\",\"potentialAction\":[{\"@type\":\"ReadAction\",\"target\":[\"https:\\\/\\\/lospoliticosveracruz.com\\\/?p=179945\"]}]},{\"@type\":\"ImageObject\",\"inLanguage\":\"es\",\"@id\":\"https:\\\/\\\/lospoliticosveracruz.com\\\/?p=179945#primaryimage\",\"url\":\"https:\\\/\\\/lospoliticosveracruz.com\\\/wp-content\\\/uploads\\\/2026\\\/09\\\/PP-2.jpg\",\"contentUrl\":\"https:\\\/\\\/lospoliticosveracruz.com\\\/wp-content\\\/uploads\\\/2026\\\/09\\\/PP-2.jpg\",\"width\":600,\"height\":320},{\"@type\":\"BreadcrumbList\",\"@id\":\"https:\\\/\\\/lospoliticosveracruz.com\\\/?p=179945#breadcrumb\",\"itemListElement\":[{\"@type\":\"ListItem\",\"position\":1,\"name\":\"Portada\",\"item\":\"https:\\\/\\\/lospoliticosveracruz.com\\\/\"},{\"@type\":\"ListItem\",\"position\":2,\"name\":\"EL DESINFORME DE GOBIERNO\"}]},{\"@type\":\"WebSite\",\"@id\":\"https:\\\/\\\/lospoliticosveracruz.com\\\/#website\",\"url\":\"https:\\\/\\\/lospoliticosveracruz.com\\\/\",\"name\":\"Los pol\u00edticos Veracruz\",\"description\":\"\",\"publisher\":{\"@id\":\"https:\\\/\\\/lospoliticosveracruz.com\\\/#organization\"},\"potentialAction\":[{\"@type\":\"SearchAction\",\"target\":{\"@type\":\"EntryPoint\",\"urlTemplate\":\"https:\\\/\\\/lospoliticosveracruz.com\\\/?s={search_term_string}\"},\"query-input\":{\"@type\":\"PropertyValueSpecification\",\"valueRequired\":true,\"valueName\":\"search_term_string\"}}],\"inLanguage\":\"es\"},{\"@type\":\"Organization\",\"@id\":\"https:\\\/\\\/lospoliticosveracruz.com\\\/#organization\",\"name\":\"Los pol\u00edticos Veracruz\",\"url\":\"https:\\\/\\\/lospoliticosveracruz.com\\\/\",\"logo\":{\"@type\":\"ImageObject\",\"inLanguage\":\"es\",\"@id\":\"https:\\\/\\\/lospoliticosveracruz.com\\\/#\\\/schema\\\/logo\\\/image\\\/\",\"url\":\"https:\\\/\\\/lospoliticosveracruz.com\\\/wp-content\\\/uploads\\\/2025\\\/12\\\/Logo-Nuevo-LOS-POLITICOS-1.jpg\",\"contentUrl\":\"https:\\\/\\\/lospoliticosveracruz.com\\\/wp-content\\\/uploads\\\/2025\\\/12\\\/Logo-Nuevo-LOS-POLITICOS-1.jpg\",\"width\":260,\"height\":70,\"caption\":\"Los pol\u00edticos Veracruz\"},\"image\":{\"@id\":\"https:\\\/\\\/lospoliticosveracruz.com\\\/#\\\/schema\\\/logo\\\/image\\\/\"},\"sameAs\":[\"https:\\\/\\\/www.facebook.com\\\/people\\\/Notimemes-de-los-Polticos\\\/61565672886568\\\/\",\"https:\\\/\\\/x.com\\\/LosPoliticosVer\"]},{\"@type\":\"Person\",\"@id\":\"https:\\\/\\\/lospoliticosveracruz.com\\\/#\\\/schema\\\/person\\\/b8702bb0e538456e6efd07080bf2a4a2\",\"name\":\"Lo viste en Los Pol\u00edticos\",\"image\":{\"@type\":\"ImageObject\",\"inLanguage\":\"es\",\"@id\":\"https:\\\/\\\/secure.gravatar.com\\\/avatar\\\/3a8de04a2656d44082be478bd6c086daa447c4651605818287b9532d3d0bd435?s=96&d=mm&r=g\",\"url\":\"https:\\\/\\\/secure.gravatar.com\\\/avatar\\\/3a8de04a2656d44082be478bd6c086daa447c4651605818287b9532d3d0bd435?s=96&d=mm&r=g\",\"contentUrl\":\"https:\\\/\\\/secure.gravatar.com\\\/avatar\\\/3a8de04a2656d44082be478bd6c086daa447c4651605818287b9532d3d0bd435?s=96&d=mm&r=g\",\"caption\":\"Lo viste en Los Pol\u00edticos\"},\"url\":\"https:\\\/\\\/lospoliticosveracruz.com\\\/?author=2\"}]}<\/script>\n<!-- \/ Yoast SEO plugin. -->","yoast_head_json":{"title":"EL DESINFORME DE GOBIERNO - Los pol\u00edticos Veracruz","robots":{"index":"index","follow":"follow","max-snippet":"max-snippet:-1","max-image-preview":"max-image-preview:large","max-video-preview":"max-video-preview:-1"},"canonical":"https:\/\/lospoliticosveracruz.com\/?p=179945","og_locale":"es_ES","og_type":"article","og_title":"EL DESINFORME DE GOBIERNO - Los pol\u00edticos Veracruz","og_description":"Pepe Cort\u00e9s Una cifra puede ser cierta y, aun as\u00ed, contar una historia incompleta. Ese es el riesgo cuando los datos econ\u00f3micos se convierten en discurso pol\u00edtico: no siempre es necesario falsearlos, basta con escoger cu\u00e1l presentar, c\u00f3mo presentarlo y qu\u00e9 dejar fuera. El Segundo Informe ofrece un buen ejemplo. M\u00e9xico recibi\u00f3 34 mil 968 [&hellip;]","og_url":"https:\/\/lospoliticosveracruz.com\/?p=179945","og_site_name":"Los pol\u00edticos Veracruz","article_publisher":"https:\/\/www.facebook.com\/people\/Notimemes-de-los-Polticos\/61565672886568\/","article_published_time":"2026-09-03T13:54:18+00:00","article_modified_time":"2026-09-03T13:54:19+00:00","og_image":[{"width":600,"height":320,"url":"https:\/\/lospoliticosveracruz.com\/wp-content\/uploads\/2026\/09\/PP-2.jpg","type":"image\/jpeg"}],"author":"Lo viste en Los Pol\u00edticos","twitter_card":"summary_large_image","twitter_creator":"@LosPoliticosVer","twitter_site":"@LosPoliticosVer","twitter_misc":{"Escrito por":"Lo viste en Los Pol\u00edticos","Tiempo de lectura":"5 minutos"},"schema":{"@context":"https:\/\/schema.org","@graph":[{"@type":"Article","@id":"https:\/\/lospoliticosveracruz.com\/?p=179945#article","isPartOf":{"@id":"https:\/\/lospoliticosveracruz.com\/?p=179945"},"author":{"name":"Lo viste en Los Pol\u00edticos","@id":"https:\/\/lospoliticosveracruz.com\/#\/schema\/person\/b8702bb0e538456e6efd07080bf2a4a2"},"headline":"EL DESINFORME DE GOBIERNO","datePublished":"2026-09-03T13:54:18+00:00","dateModified":"2026-09-03T13:54:19+00:00","mainEntityOfPage":{"@id":"https:\/\/lospoliticosveracruz.com\/?p=179945"},"wordCount":1017,"publisher":{"@id":"https:\/\/lospoliticosveracruz.com\/#organization"},"image":{"@id":"https:\/\/lospoliticosveracruz.com\/?p=179945#primaryimage"},"thumbnailUrl":"https:\/\/lospoliticosveracruz.com\/wp-content\/uploads\/2026\/09\/PP-2.jpg","keywords":["Econom\u00eda","IED","Inversi\u00f3n extranjera","M\u00e9xico","Nearshoring","Pepe Cort\u00e9s","T-MEC"],"articleSection":["De Opini\u00f3n"],"inLanguage":"es"},{"@type":"WebPage","@id":"https:\/\/lospoliticosveracruz.com\/?p=179945","url":"https:\/\/lospoliticosveracruz.com\/?p=179945","name":"EL DESINFORME DE GOBIERNO - Los pol\u00edticos Veracruz","isPartOf":{"@id":"https:\/\/lospoliticosveracruz.com\/#website"},"primaryImageOfPage":{"@id":"https:\/\/lospoliticosveracruz.com\/?p=179945#primaryimage"},"image":{"@id":"https:\/\/lospoliticosveracruz.com\/?p=179945#primaryimage"},"thumbnailUrl":"https:\/\/lospoliticosveracruz.com\/wp-content\/uploads\/2026\/09\/PP-2.jpg","datePublished":"2026-09-03T13:54:18+00:00","dateModified":"2026-09-03T13:54:19+00:00","breadcrumb":{"@id":"https:\/\/lospoliticosveracruz.com\/?p=179945#breadcrumb"},"inLanguage":"es","potentialAction":[{"@type":"ReadAction","target":["https:\/\/lospoliticosveracruz.com\/?p=179945"]}]},{"@type":"ImageObject","inLanguage":"es","@id":"https:\/\/lospoliticosveracruz.com\/?p=179945#primaryimage","url":"https:\/\/lospoliticosveracruz.com\/wp-content\/uploads\/2026\/09\/PP-2.jpg","contentUrl":"https:\/\/lospoliticosveracruz.com\/wp-content\/uploads\/2026\/09\/PP-2.jpg","width":600,"height":320},{"@type":"BreadcrumbList","@id":"https:\/\/lospoliticosveracruz.com\/?p=179945#breadcrumb","itemListElement":[{"@type":"ListItem","position":1,"name":"Portada","item":"https:\/\/lospoliticosveracruz.com\/"},{"@type":"ListItem","position":2,"name":"EL DESINFORME DE GOBIERNO"}]},{"@type":"WebSite","@id":"https:\/\/lospoliticosveracruz.com\/#website","url":"https:\/\/lospoliticosveracruz.com\/","name":"Los pol\u00edticos Veracruz","description":"","publisher":{"@id":"https:\/\/lospoliticosveracruz.com\/#organization"},"potentialAction":[{"@type":"SearchAction","target":{"@type":"EntryPoint","urlTemplate":"https:\/\/lospoliticosveracruz.com\/?s={search_term_string}"},"query-input":{"@type":"PropertyValueSpecification","valueRequired":true,"valueName":"search_term_string"}}],"inLanguage":"es"},{"@type":"Organization","@id":"https:\/\/lospoliticosveracruz.com\/#organization","name":"Los pol\u00edticos Veracruz","url":"https:\/\/lospoliticosveracruz.com\/","logo":{"@type":"ImageObject","inLanguage":"es","@id":"https:\/\/lospoliticosveracruz.com\/#\/schema\/logo\/image\/","url":"https:\/\/lospoliticosveracruz.com\/wp-content\/uploads\/2025\/12\/Logo-Nuevo-LOS-POLITICOS-1.jpg","contentUrl":"https:\/\/lospoliticosveracruz.com\/wp-content\/uploads\/2025\/12\/Logo-Nuevo-LOS-POLITICOS-1.jpg","width":260,"height":70,"caption":"Los pol\u00edticos Veracruz"},"image":{"@id":"https:\/\/lospoliticosveracruz.com\/#\/schema\/logo\/image\/"},"sameAs":["https:\/\/www.facebook.com\/people\/Notimemes-de-los-Polticos\/61565672886568\/","https:\/\/x.com\/LosPoliticosVer"]},{"@type":"Person","@id":"https:\/\/lospoliticosveracruz.com\/#\/schema\/person\/b8702bb0e538456e6efd07080bf2a4a2","name":"Lo viste en Los Pol\u00edticos","image":{"@type":"ImageObject","inLanguage":"es","@id":"https:\/\/secure.gravatar.com\/avatar\/3a8de04a2656d44082be478bd6c086daa447c4651605818287b9532d3d0bd435?s=96&d=mm&r=g","url":"https:\/\/secure.gravatar.com\/avatar\/3a8de04a2656d44082be478bd6c086daa447c4651605818287b9532d3d0bd435?s=96&d=mm&r=g","contentUrl":"https:\/\/secure.gravatar.com\/avatar\/3a8de04a2656d44082be478bd6c086daa447c4651605818287b9532d3d0bd435?s=96&d=mm&r=g","caption":"Lo viste en Los Pol\u00edticos"},"url":"https:\/\/lospoliticosveracruz.com\/?author=2"}]}},"_links":{"self":[{"href":"https:\/\/lospoliticosveracruz.com\/index.php?rest_route=\/wp\/v2\/posts\/179945","targetHints":{"allow":["GET"]}}],"collection":[{"href":"https:\/\/lospoliticosveracruz.com\/index.php?rest_route=\/wp\/v2\/posts"}],"about":[{"href":"https:\/\/lospoliticosveracruz.com\/index.php?rest_route=\/wp\/v2\/types\/post"}],"author":[{"embeddable":true,"href":"https:\/\/lospoliticosveracruz.com\/index.php?rest_route=\/wp\/v2\/users\/2"}],"replies":[{"embeddable":true,"href":"https:\/\/lospoliticosveracruz.com\/index.php?rest_route=%2Fwp%2Fv2%2Fcomments&post=179945"}],"version-history":[{"count":1,"href":"https:\/\/lospoliticosveracruz.com\/index.php?rest_route=\/wp\/v2\/posts\/179945\/revisions"}],"predecessor-version":[{"id":179947,"href":"https:\/\/lospoliticosveracruz.com\/index.php?rest_route=\/wp\/v2\/posts\/179945\/revisions\/179947"}],"wp:featuredmedia":[{"embeddable":true,"href":"https:\/\/lospoliticosveracruz.com\/index.php?rest_route=\/wp\/v2\/media\/179946"}],"wp:attachment":[{"href":"https:\/\/lospoliticosveracruz.com\/index.php?rest_route=%2Fwp%2Fv2%2Fmedia&parent=179945"}],"wp:term":[{"taxonomy":"category","embeddable":true,"href":"https:\/\/lospoliticosveracruz.com\/index.php?rest_route=%2Fwp%2Fv2%2Fcategories&post=179945"},{"taxonomy":"post_tag","embeddable":true,"href":"https:\/\/lospoliticosveracruz.com\/index.php?rest_route=%2Fwp%2Fv2%2Ftags&post=179945"}],"curies":[{"name":"wp","href":"https:\/\/api.w.org\/{rel}","templated":true}]}}