{"id":179959,"date":"2026-09-03T16:00:00","date_gmt":"2026-09-03T22:00:00","guid":{"rendered":"https:\/\/lospoliticosveracruz.com\/?p=179959"},"modified":"2026-09-03T15:39:22","modified_gmt":"2026-09-03T21:39:22","slug":"ni-impunidad-ni-persecucion","status":"publish","type":"post","link":"https:\/\/lospoliticosveracruz.com\/?p=179959","title":{"rendered":"NI IMPUNIDAD NI PERSECUCI\u00d3N"},"content":{"rendered":"<div class=\"wp-block-image\">\n<figure class=\"alignleft size-medium is-resized\"><a href=\"https:\/\/lospoliticosveracruz.com\/wp-content\/uploads\/2026\/09\/no-ala-pirotecnia-medio_300x300png.png\"><img loading=\"lazy\" decoding=\"async\" width=\"300\" height=\"300\" src=\"https:\/\/lospoliticosveracruz.com\/wp-content\/uploads\/2026\/09\/no-ala-pirotecnia-medio_300x300png-300x300.png\" alt=\"\" class=\"wp-image-179741\" style=\"width:425px;height:auto\" srcset=\"https:\/\/lospoliticosveracruz.com\/wp-content\/uploads\/2026\/09\/no-ala-pirotecnia-medio_300x300png-300x300.png 300w, https:\/\/lospoliticosveracruz.com\/wp-content\/uploads\/2026\/09\/no-ala-pirotecnia-medio_300x300png-1024x1024.png 1024w, https:\/\/lospoliticosveracruz.com\/wp-content\/uploads\/2026\/09\/no-ala-pirotecnia-medio_300x300png-150x150.png 150w, https:\/\/lospoliticosveracruz.com\/wp-content\/uploads\/2026\/09\/no-ala-pirotecnia-medio_300x300png-768x768.png 768w, https:\/\/lospoliticosveracruz.com\/wp-content\/uploads\/2026\/09\/no-ala-pirotecnia-medio_300x300png-420x420.png 420w, https:\/\/lospoliticosveracruz.com\/wp-content\/uploads\/2026\/09\/no-ala-pirotecnia-medio_300x300png-696x696.png 696w, https:\/\/lospoliticosveracruz.com\/wp-content\/uploads\/2026\/09\/no-ala-pirotecnia-medio_300x300png-1068x1068.png 1068w, https:\/\/lospoliticosveracruz.com\/wp-content\/uploads\/2026\/09\/no-ala-pirotecnia-medio_300x300png.png 1250w\" sizes=\"auto, (max-width: 300px) 100vw, 300px\" \/><\/a><\/figure>\n<\/div>\n\n\n\n\n<p><strong>Agust\u00edn Torres Delgado<br><\/strong><em>Pa&#8217;Vivir a Gusto<\/em><\/p>\n\n\n\n<p>Hay una frontera que ning\u00fan gobierno que se diga democr\u00e1tico debe cruzar: utilizar las instituciones de justicia para perseguir, intimidar o debilitar a quienes considera sus adversarios pol\u00edticos.<\/p>\n\n\n\n<p>Y justo eso es lo que el licenciado Dante Delgado, presidente de la Comisi\u00f3n Nacional de Convenciones y Procesos Internos, denunci\u00f3 y expuso desde Boca del R\u00edo, Veracruz: que esto ocurre en esa y otras entidades del pa\u00eds contra alcaldes y alcaldesas de Movimiento Ciudadano.<\/p>\n\n\n\n<p>El problema no es que se investigue a un alcalde o una alcaldesa. Nosotros lo hemos dicho siempre: si alguien comete un delito, debe responder ante la ley. La preocupaci\u00f3n surge cuando la investigaci\u00f3n penal deja de responder a criterios jur\u00eddicos y comienza a coincidir, convenientemente, con los intereses pol\u00edticos del poder.<\/p>\n\n\n\n<p>Tenemos muchos casos que lo demuestran. En diciembre de 2021, Jos\u00e9 Manuel Del R\u00edo Virgen, fundador de nuestro Movimiento, fue detenido y encarcelado; su caso fue uno de los episodios m\u00e1s controvertidos de la administraci\u00f3n anterior y un s\u00edmbolo de lo que puede ocurrir cuando la procuraci\u00f3n de justicia se mezcla con la confrontaci\u00f3n pol\u00edtica.<\/p>\n\n\n\n<p>El 5 de agosto, en sesiones a puerta cerrada, el Congreso de Veracruz retir\u00f3 el fuero a Ra\u00fal Gonz\u00e1lez Mart\u00ednez, alcalde de Ixhuatl\u00e1n del Sureste, y a Bert\u00edn Bravo Montero, alcalde de \u00darsulo Galv\u00e1n. Las acusaciones de las que han sido objeto deben investigarse con apego a la ley; el desafuero no acredita culpabilidad y una acusaci\u00f3n pol\u00edtica no sustituye una sentencia.<\/p>\n\n\n\n<p>Veracruz no es un caso aislado. En Nayarit, el alcalde de Tuxpan, municipio ganado por Movimiento Ciudadano, fue detenido despu\u00e9s de que se iniciara una investigaci\u00f3n en su contra; en Puebla, los alcaldes de Ciudad Serd\u00e1n, Tlachichuca y San Nicol\u00e1s de Buenos Aires fueron acusados sin pruebas y privados de su libertad. Al no poder sostener las acusaciones, la Fiscal\u00eda del Estado los volvi\u00f3 a detener por faltas administrativas, como no encontrar un acta de matrimonio en el sistema.<\/p>\n\n\n\n<p>En Tabasco, Alfonso Baca, alcalde de Para\u00edso, fue objeto de cateos por parte de la Fiscal\u00eda General de la Rep\u00fablica, que adem\u00e1s gir\u00f3 una orden de aprehensi\u00f3n en su contra el 19 de agosto, sin que antes se le hubiera requerido comparecer. En Campeche, inhabilitaron al candidato que disput\u00f3 la gubernatura en 2021 y le fincaron responsabilidades que impidieron su llegada al Senado de la Rep\u00fablica. Actualmente, con el mismo procedimiento, quieren impedir su candidatura e incluso han iniciado acciones contra la actual presidenta municipal de Campeche para evitar que Movimiento Ciudadano tenga una candidatura competitiva al gobierno del estado.<\/p>\n\n\n\n<p>En todos los casos hemos exigido que se revisen los expedientes, que se act\u00fae con apego al Estado de derecho y que se respete el debido proceso. Entonces, \u00bfqu\u00e9 ocurre cuando el poder utiliza a las fiscal\u00edas para perseguir a sus adversarios?<\/p>\n\n\n\n<p>Esto no es un conflicto de Movimiento Ciudadano con una gobernadora o un gobernador; el problema es mucho m\u00e1s serio. El patr\u00f3n que Dante Delgado denunci\u00f3 es conocido: primero, la acusaci\u00f3n p\u00fablica; despu\u00e9s, la carpeta de investigaci\u00f3n; y, finalmente, el uso del aparato institucional para intimidar, desacreditar e incluso sacar de la competencia a un adversario.<\/p>\n\n\n\n<p>En M\u00e9xico se crearon las fiscal\u00edas aut\u00f3nomas precisamente para evitar que las y los gobernadores ordenaran directamente contra qui\u00e9n actuar. Sin embargo, lo que vemos es otra cosa: una fiscal\u00eda puede ser formalmente aut\u00f3noma, pero actuar sometida a intereses pol\u00edticos.<\/p>\n\n\n\n<p>Por lo anterior, la propuesta del licenciado Dante Delgado obliga a la reflexi\u00f3n: \u00e9l propone que las fiscal\u00edas vuelvan a depender directamente de los poderes ejecutivos y que quien utilice pol\u00edticamente la justicia asuma el costo pol\u00edtico de sus decisiones.<\/p>\n\n\n\n<p>Es una propuesta que merece debatirse seriamente. Hoy las fiscal\u00edas act\u00faan al servicio del poder; es momento de dejar atr\u00e1s la simulaci\u00f3n y de que caigan las m\u00e1scaras. Asimismo, hizo una distinci\u00f3n que deber\u00eda ser la regla para todos: Movimiento Ciudadano no debe cobijar a ning\u00fan criminal, pero tampoco puede aceptar que las instituciones se utilicen para perseguir a quienes pensamos distinto.<\/p>\n\n\n\n<p>Investigan y desafueran a autoridades municipales de la oposici\u00f3n, pero los funcionarios del partido en el poder reciben un trato distinto y gozan de impunidad. La justicia debe funcionar exactamente igual para todos: ni impunidad para los aliados ni persecuci\u00f3n para los adversarios.<\/p>\n\n\n\n<p>Este acoso sistem\u00e1tico debe obligar a las autoridades a revisar si las fiscal\u00edas est\u00e1n cumpliendo la funci\u00f3n para la que fueron creadas y si act\u00faan con verdadera autonom\u00eda. En una democracia sana, los gobiernos deben derrotar a sus adversarios en las urnas, con resultados, no con expedientes, amenazas ni el aparato penal.<\/p>\n\n\n\n<p>Agust\u00edn Torres Delgado<br>Secretario General de Acuerdos<br>Movimiento Ciudadano<\/p>\n\n\n\n<p><\/p>\n","protected":false},"excerpt":{"rendered":"<p>Agust\u00edn Torres DelgadoPa&#8217;Vivir a Gusto Hay una frontera que ning\u00fan gobierno que se diga democr\u00e1tico debe cruzar: utilizar las instituciones de justicia para perseguir, intimidar o debilitar a quienes considera sus adversarios pol\u00edticos. Y justo eso es lo que el licenciado Dante Delgado, presidente de la Comisi\u00f3n Nacional de Convenciones y Procesos Internos, denunci\u00f3 y [&hellip;]<\/p>\n","protected":false},"author":2,"featured_media":151473,"comment_status":"closed","ping_status":"closed","sticky":false,"template":"","format":"standard","meta":{"tdm_status":"","tdm_grid_status":"","footnotes":""},"categories":[70],"tags":[47220,2219,3503,30732,2327,26734,195],"class_list":{"0":"post-179959","1":"post","2":"type-post","3":"status-publish","4":"format-standard","5":"has-post-thumbnail","7":"category-de-opinion","8":"tag-agustin-torres-delgado","9":"tag-dante-delgado","10":"tag-estado-de-derecho","11":"tag-fiscalias","12":"tag-movimiento-ciudadano","13":"tag-persecucion-politica","14":"tag-veracruz"},"yoast_head":"<!-- This site is optimized with the Yoast SEO plugin v28.1 - https:\/\/yoast.com\/product\/yoast-seo-wordpress\/ -->\n<title>NI IMPUNIDAD NI PERSECUCI\u00d3N - Los pol\u00edticos Veracruz<\/title>\n<meta name=\"robots\" content=\"index, follow, max-snippet:-1, max-image-preview:large, max-video-preview:-1\" \/>\n<link rel=\"canonical\" href=\"https:\/\/lospoliticosveracruz.com\/?p=179959\" \/>\n<meta property=\"og:locale\" content=\"es_ES\" \/>\n<meta property=\"og:type\" content=\"article\" \/>\n<meta property=\"og:title\" content=\"NI IMPUNIDAD NI PERSECUCI\u00d3N - Los pol\u00edticos Veracruz\" \/>\n<meta property=\"og:description\" content=\"Agust\u00edn Torres DelgadoPa&#8217;Vivir a Gusto Hay una frontera que ning\u00fan gobierno que se diga democr\u00e1tico debe cruzar: utilizar las instituciones de justicia para perseguir, intimidar o debilitar a quienes considera sus adversarios pol\u00edticos. Y justo eso es lo que el licenciado Dante Delgado, presidente de la Comisi\u00f3n Nacional de Convenciones y Procesos Internos, denunci\u00f3 y [&hellip;]\" \/>\n<meta property=\"og:url\" content=\"https:\/\/lospoliticosveracruz.com\/?p=179959\" \/>\n<meta property=\"og:site_name\" content=\"Los pol\u00edticos Veracruz\" \/>\n<meta property=\"article:publisher\" content=\"https:\/\/www.facebook.com\/people\/Notimemes-de-los-Polticos\/61565672886568\/\" \/>\n<meta property=\"article:published_time\" content=\"2026-09-03T22:00:00+00:00\" \/>\n<meta property=\"og:image\" content=\"https:\/\/lospoliticosveracruz.com\/wp-content\/uploads\/2025\/08\/Agustin-Torres-Delgado.jpg\" \/>\n\t<meta property=\"og:image:width\" content=\"1250\" \/>\n\t<meta property=\"og:image:height\" content=\"667\" \/>\n\t<meta property=\"og:image:type\" content=\"image\/jpeg\" \/>\n<meta name=\"author\" content=\"Lo viste en Los Pol\u00edticos\" \/>\n<meta name=\"twitter:card\" content=\"summary_large_image\" \/>\n<meta name=\"twitter:creator\" content=\"@LosPoliticosVer\" \/>\n<meta name=\"twitter:site\" content=\"@LosPoliticosVer\" \/>\n<meta name=\"twitter:label1\" content=\"Escrito por\" \/>\n\t<meta name=\"twitter:data1\" content=\"Lo viste en Los Pol\u00edticos\" \/>\n\t<meta name=\"twitter:label2\" content=\"Tiempo de lectura\" \/>\n\t<meta name=\"twitter:data2\" content=\"4 minutos\" \/>\n<script type=\"application\/ld+json\" class=\"yoast-schema-graph\">{\"@context\":\"https:\\\/\\\/schema.org\",\"@graph\":[{\"@type\":\"Article\",\"@id\":\"https:\\\/\\\/lospoliticosveracruz.com\\\/?p=179959#article\",\"isPartOf\":{\"@id\":\"https:\\\/\\\/lospoliticosveracruz.com\\\/?p=179959\"},\"author\":{\"name\":\"Lo viste en Los Pol\u00edticos\",\"@id\":\"https:\\\/\\\/lospoliticosveracruz.com\\\/#\\\/schema\\\/person\\\/b8702bb0e538456e6efd07080bf2a4a2\"},\"headline\":\"NI IMPUNIDAD NI PERSECUCI\u00d3N\",\"datePublished\":\"2026-09-03T22:00:00+00:00\",\"mainEntityOfPage\":{\"@id\":\"https:\\\/\\\/lospoliticosveracruz.com\\\/?p=179959\"},\"wordCount\":844,\"publisher\":{\"@id\":\"https:\\\/\\\/lospoliticosveracruz.com\\\/#organization\"},\"image\":{\"@id\":\"https:\\\/\\\/lospoliticosveracruz.com\\\/?p=179959#primaryimage\"},\"thumbnailUrl\":\"https:\\\/\\\/lospoliticosveracruz.com\\\/wp-content\\\/uploads\\\/2025\\\/08\\\/Agustin-Torres-Delgado.jpg\",\"keywords\":[\"Agust\u00edn Torres Delgado\",\"Dante Delgado\",\"Estado de Derecho\",\"fiscal\u00edas\",\"Movimiento Ciudadano\",\"persecuci\u00f3n pol\u00edtica\",\"Veracruz\"],\"articleSection\":[\"De Opini\u00f3n\"],\"inLanguage\":\"es\"},{\"@type\":\"WebPage\",\"@id\":\"https:\\\/\\\/lospoliticosveracruz.com\\\/?p=179959\",\"url\":\"https:\\\/\\\/lospoliticosveracruz.com\\\/?p=179959\",\"name\":\"NI IMPUNIDAD NI PERSECUCI\u00d3N - Los pol\u00edticos Veracruz\",\"isPartOf\":{\"@id\":\"https:\\\/\\\/lospoliticosveracruz.com\\\/#website\"},\"primaryImageOfPage\":{\"@id\":\"https:\\\/\\\/lospoliticosveracruz.com\\\/?p=179959#primaryimage\"},\"image\":{\"@id\":\"https:\\\/\\\/lospoliticosveracruz.com\\\/?p=179959#primaryimage\"},\"thumbnailUrl\":\"https:\\\/\\\/lospoliticosveracruz.com\\\/wp-content\\\/uploads\\\/2025\\\/08\\\/Agustin-Torres-Delgado.jpg\",\"datePublished\":\"2026-09-03T22:00:00+00:00\",\"breadcrumb\":{\"@id\":\"https:\\\/\\\/lospoliticosveracruz.com\\\/?p=179959#breadcrumb\"},\"inLanguage\":\"es\",\"potentialAction\":[{\"@type\":\"ReadAction\",\"target\":[\"https:\\\/\\\/lospoliticosveracruz.com\\\/?p=179959\"]}]},{\"@type\":\"ImageObject\",\"inLanguage\":\"es\",\"@id\":\"https:\\\/\\\/lospoliticosveracruz.com\\\/?p=179959#primaryimage\",\"url\":\"https:\\\/\\\/lospoliticosveracruz.com\\\/wp-content\\\/uploads\\\/2025\\\/08\\\/Agustin-Torres-Delgado.jpg\",\"contentUrl\":\"https:\\\/\\\/lospoliticosveracruz.com\\\/wp-content\\\/uploads\\\/2025\\\/08\\\/Agustin-Torres-Delgado.jpg\",\"width\":1250,\"height\":667},{\"@type\":\"BreadcrumbList\",\"@id\":\"https:\\\/\\\/lospoliticosveracruz.com\\\/?p=179959#breadcrumb\",\"itemListElement\":[{\"@type\":\"ListItem\",\"position\":1,\"name\":\"Portada\",\"item\":\"https:\\\/\\\/lospoliticosveracruz.com\\\/\"},{\"@type\":\"ListItem\",\"position\":2,\"name\":\"NI IMPUNIDAD NI PERSECUCI\u00d3N\"}]},{\"@type\":\"WebSite\",\"@id\":\"https:\\\/\\\/lospoliticosveracruz.com\\\/#website\",\"url\":\"https:\\\/\\\/lospoliticosveracruz.com\\\/\",\"name\":\"Los pol\u00edticos Veracruz\",\"description\":\"\",\"publisher\":{\"@id\":\"https:\\\/\\\/lospoliticosveracruz.com\\\/#organization\"},\"potentialAction\":[{\"@type\":\"SearchAction\",\"target\":{\"@type\":\"EntryPoint\",\"urlTemplate\":\"https:\\\/\\\/lospoliticosveracruz.com\\\/?s={search_term_string}\"},\"query-input\":{\"@type\":\"PropertyValueSpecification\",\"valueRequired\":true,\"valueName\":\"search_term_string\"}}],\"inLanguage\":\"es\"},{\"@type\":\"Organization\",\"@id\":\"https:\\\/\\\/lospoliticosveracruz.com\\\/#organization\",\"name\":\"Los pol\u00edticos Veracruz\",\"url\":\"https:\\\/\\\/lospoliticosveracruz.com\\\/\",\"logo\":{\"@type\":\"ImageObject\",\"inLanguage\":\"es\",\"@id\":\"https:\\\/\\\/lospoliticosveracruz.com\\\/#\\\/schema\\\/logo\\\/image\\\/\",\"url\":\"https:\\\/\\\/lospoliticosveracruz.com\\\/wp-content\\\/uploads\\\/2025\\\/12\\\/Logo-Nuevo-LOS-POLITICOS-1.jpg\",\"contentUrl\":\"https:\\\/\\\/lospoliticosveracruz.com\\\/wp-content\\\/uploads\\\/2025\\\/12\\\/Logo-Nuevo-LOS-POLITICOS-1.jpg\",\"width\":260,\"height\":70,\"caption\":\"Los pol\u00edticos Veracruz\"},\"image\":{\"@id\":\"https:\\\/\\\/lospoliticosveracruz.com\\\/#\\\/schema\\\/logo\\\/image\\\/\"},\"sameAs\":[\"https:\\\/\\\/www.facebook.com\\\/people\\\/Notimemes-de-los-Polticos\\\/61565672886568\\\/\",\"https:\\\/\\\/x.com\\\/LosPoliticosVer\"]},{\"@type\":\"Person\",\"@id\":\"https:\\\/\\\/lospoliticosveracruz.com\\\/#\\\/schema\\\/person\\\/b8702bb0e538456e6efd07080bf2a4a2\",\"name\":\"Lo viste en Los Pol\u00edticos\",\"image\":{\"@type\":\"ImageObject\",\"inLanguage\":\"es\",\"@id\":\"https:\\\/\\\/secure.gravatar.com\\\/avatar\\\/3a8de04a2656d44082be478bd6c086daa447c4651605818287b9532d3d0bd435?s=96&d=mm&r=g\",\"url\":\"https:\\\/\\\/secure.gravatar.com\\\/avatar\\\/3a8de04a2656d44082be478bd6c086daa447c4651605818287b9532d3d0bd435?s=96&d=mm&r=g\",\"contentUrl\":\"https:\\\/\\\/secure.gravatar.com\\\/avatar\\\/3a8de04a2656d44082be478bd6c086daa447c4651605818287b9532d3d0bd435?s=96&d=mm&r=g\",\"caption\":\"Lo viste en Los Pol\u00edticos\"},\"url\":\"https:\\\/\\\/lospoliticosveracruz.com\\\/?author=2\"}]}<\/script>\n<!-- \/ Yoast SEO plugin. -->","yoast_head_json":{"title":"NI IMPUNIDAD NI PERSECUCI\u00d3N - Los pol\u00edticos Veracruz","robots":{"index":"index","follow":"follow","max-snippet":"max-snippet:-1","max-image-preview":"max-image-preview:large","max-video-preview":"max-video-preview:-1"},"canonical":"https:\/\/lospoliticosveracruz.com\/?p=179959","og_locale":"es_ES","og_type":"article","og_title":"NI IMPUNIDAD NI PERSECUCI\u00d3N - Los pol\u00edticos Veracruz","og_description":"Agust\u00edn Torres DelgadoPa&#8217;Vivir a Gusto Hay una frontera que ning\u00fan gobierno que se diga democr\u00e1tico debe cruzar: utilizar las instituciones de justicia para perseguir, intimidar o debilitar a quienes considera sus adversarios pol\u00edticos. Y justo eso es lo que el licenciado Dante Delgado, presidente de la Comisi\u00f3n Nacional de Convenciones y Procesos Internos, denunci\u00f3 y [&hellip;]","og_url":"https:\/\/lospoliticosveracruz.com\/?p=179959","og_site_name":"Los pol\u00edticos Veracruz","article_publisher":"https:\/\/www.facebook.com\/people\/Notimemes-de-los-Polticos\/61565672886568\/","article_published_time":"2026-09-03T22:00:00+00:00","og_image":[{"width":1250,"height":667,"url":"https:\/\/lospoliticosveracruz.com\/wp-content\/uploads\/2025\/08\/Agustin-Torres-Delgado.jpg","type":"image\/jpeg"}],"author":"Lo viste en Los Pol\u00edticos","twitter_card":"summary_large_image","twitter_creator":"@LosPoliticosVer","twitter_site":"@LosPoliticosVer","twitter_misc":{"Escrito por":"Lo viste en Los Pol\u00edticos","Tiempo de lectura":"4 minutos"},"schema":{"@context":"https:\/\/schema.org","@graph":[{"@type":"Article","@id":"https:\/\/lospoliticosveracruz.com\/?p=179959#article","isPartOf":{"@id":"https:\/\/lospoliticosveracruz.com\/?p=179959"},"author":{"name":"Lo viste en Los Pol\u00edticos","@id":"https:\/\/lospoliticosveracruz.com\/#\/schema\/person\/b8702bb0e538456e6efd07080bf2a4a2"},"headline":"NI IMPUNIDAD NI PERSECUCI\u00d3N","datePublished":"2026-09-03T22:00:00+00:00","mainEntityOfPage":{"@id":"https:\/\/lospoliticosveracruz.com\/?p=179959"},"wordCount":844,"publisher":{"@id":"https:\/\/lospoliticosveracruz.com\/#organization"},"image":{"@id":"https:\/\/lospoliticosveracruz.com\/?p=179959#primaryimage"},"thumbnailUrl":"https:\/\/lospoliticosveracruz.com\/wp-content\/uploads\/2025\/08\/Agustin-Torres-Delgado.jpg","keywords":["Agust\u00edn Torres Delgado","Dante Delgado","Estado de Derecho","fiscal\u00edas","Movimiento Ciudadano","persecuci\u00f3n pol\u00edtica","Veracruz"],"articleSection":["De Opini\u00f3n"],"inLanguage":"es"},{"@type":"WebPage","@id":"https:\/\/lospoliticosveracruz.com\/?p=179959","url":"https:\/\/lospoliticosveracruz.com\/?p=179959","name":"NI IMPUNIDAD NI PERSECUCI\u00d3N - Los pol\u00edticos Veracruz","isPartOf":{"@id":"https:\/\/lospoliticosveracruz.com\/#website"},"primaryImageOfPage":{"@id":"https:\/\/lospoliticosveracruz.com\/?p=179959#primaryimage"},"image":{"@id":"https:\/\/lospoliticosveracruz.com\/?p=179959#primaryimage"},"thumbnailUrl":"https:\/\/lospoliticosveracruz.com\/wp-content\/uploads\/2025\/08\/Agustin-Torres-Delgado.jpg","datePublished":"2026-09-03T22:00:00+00:00","breadcrumb":{"@id":"https:\/\/lospoliticosveracruz.com\/?p=179959#breadcrumb"},"inLanguage":"es","potentialAction":[{"@type":"ReadAction","target":["https:\/\/lospoliticosveracruz.com\/?p=179959"]}]},{"@type":"ImageObject","inLanguage":"es","@id":"https:\/\/lospoliticosveracruz.com\/?p=179959#primaryimage","url":"https:\/\/lospoliticosveracruz.com\/wp-content\/uploads\/2025\/08\/Agustin-Torres-Delgado.jpg","contentUrl":"https:\/\/lospoliticosveracruz.com\/wp-content\/uploads\/2025\/08\/Agustin-Torres-Delgado.jpg","width":1250,"height":667},{"@type":"BreadcrumbList","@id":"https:\/\/lospoliticosveracruz.com\/?p=179959#breadcrumb","itemListElement":[{"@type":"ListItem","position":1,"name":"Portada","item":"https:\/\/lospoliticosveracruz.com\/"},{"@type":"ListItem","position":2,"name":"NI IMPUNIDAD NI PERSECUCI\u00d3N"}]},{"@type":"WebSite","@id":"https:\/\/lospoliticosveracruz.com\/#website","url":"https:\/\/lospoliticosveracruz.com\/","name":"Los pol\u00edticos Veracruz","description":"","publisher":{"@id":"https:\/\/lospoliticosveracruz.com\/#organization"},"potentialAction":[{"@type":"SearchAction","target":{"@type":"EntryPoint","urlTemplate":"https:\/\/lospoliticosveracruz.com\/?s={search_term_string}"},"query-input":{"@type":"PropertyValueSpecification","valueRequired":true,"valueName":"search_term_string"}}],"inLanguage":"es"},{"@type":"Organization","@id":"https:\/\/lospoliticosveracruz.com\/#organization","name":"Los pol\u00edticos Veracruz","url":"https:\/\/lospoliticosveracruz.com\/","logo":{"@type":"ImageObject","inLanguage":"es","@id":"https:\/\/lospoliticosveracruz.com\/#\/schema\/logo\/image\/","url":"https:\/\/lospoliticosveracruz.com\/wp-content\/uploads\/2025\/12\/Logo-Nuevo-LOS-POLITICOS-1.jpg","contentUrl":"https:\/\/lospoliticosveracruz.com\/wp-content\/uploads\/2025\/12\/Logo-Nuevo-LOS-POLITICOS-1.jpg","width":260,"height":70,"caption":"Los pol\u00edticos Veracruz"},"image":{"@id":"https:\/\/lospoliticosveracruz.com\/#\/schema\/logo\/image\/"},"sameAs":["https:\/\/www.facebook.com\/people\/Notimemes-de-los-Polticos\/61565672886568\/","https:\/\/x.com\/LosPoliticosVer"]},{"@type":"Person","@id":"https:\/\/lospoliticosveracruz.com\/#\/schema\/person\/b8702bb0e538456e6efd07080bf2a4a2","name":"Lo viste en Los Pol\u00edticos","image":{"@type":"ImageObject","inLanguage":"es","@id":"https:\/\/secure.gravatar.com\/avatar\/3a8de04a2656d44082be478bd6c086daa447c4651605818287b9532d3d0bd435?s=96&d=mm&r=g","url":"https:\/\/secure.gravatar.com\/avatar\/3a8de04a2656d44082be478bd6c086daa447c4651605818287b9532d3d0bd435?s=96&d=mm&r=g","contentUrl":"https:\/\/secure.gravatar.com\/avatar\/3a8de04a2656d44082be478bd6c086daa447c4651605818287b9532d3d0bd435?s=96&d=mm&r=g","caption":"Lo viste en Los Pol\u00edticos"},"url":"https:\/\/lospoliticosveracruz.com\/?author=2"}]}},"_links":{"self":[{"href":"https:\/\/lospoliticosveracruz.com\/index.php?rest_route=\/wp\/v2\/posts\/179959","targetHints":{"allow":["GET"]}}],"collection":[{"href":"https:\/\/lospoliticosveracruz.com\/index.php?rest_route=\/wp\/v2\/posts"}],"about":[{"href":"https:\/\/lospoliticosveracruz.com\/index.php?rest_route=\/wp\/v2\/types\/post"}],"author":[{"embeddable":true,"href":"https:\/\/lospoliticosveracruz.com\/index.php?rest_route=\/wp\/v2\/users\/2"}],"replies":[{"embeddable":true,"href":"https:\/\/lospoliticosveracruz.com\/index.php?rest_route=%2Fwp%2Fv2%2Fcomments&post=179959"}],"version-history":[{"count":1,"href":"https:\/\/lospoliticosveracruz.com\/index.php?rest_route=\/wp\/v2\/posts\/179959\/revisions"}],"predecessor-version":[{"id":179960,"href":"https:\/\/lospoliticosveracruz.com\/index.php?rest_route=\/wp\/v2\/posts\/179959\/revisions\/179960"}],"wp:featuredmedia":[{"embeddable":true,"href":"https:\/\/lospoliticosveracruz.com\/index.php?rest_route=\/wp\/v2\/media\/151473"}],"wp:attachment":[{"href":"https:\/\/lospoliticosveracruz.com\/index.php?rest_route=%2Fwp%2Fv2%2Fmedia&parent=179959"}],"wp:term":[{"taxonomy":"category","embeddable":true,"href":"https:\/\/lospoliticosveracruz.com\/index.php?rest_route=%2Fwp%2Fv2%2Fcategories&post=179959"},{"taxonomy":"post_tag","embeddable":true,"href":"https:\/\/lospoliticosveracruz.com\/index.php?rest_route=%2Fwp%2Fv2%2Ftags&post=179959"}],"curies":[{"name":"wp","href":"https:\/\/api.w.org\/{rel}","templated":true}]}}