{"id":179961,"date":"2026-09-03T16:00:00","date_gmt":"2026-09-03T22:00:00","guid":{"rendered":"https:\/\/lospoliticosveracruz.com\/?p=179961"},"modified":"2026-09-03T15:43:17","modified_gmt":"2026-09-03T21:43:17","slug":"una-resbaladilla-las-trancas-coatepec","status":"publish","type":"post","link":"https:\/\/lospoliticosveracruz.com\/?p=179961","title":{"rendered":"UNA RESBALADILLA, LAS TRANCAS-COATEPEC"},"content":{"rendered":"<div class=\"wp-block-image\">\n<figure class=\"alignleft size-large is-resized\"><a href=\"https:\/\/lospoliticosveracruz.com\/wp-content\/uploads\/2026\/09\/banners-prevencion-suicidio-500x500-1.png\"><img loading=\"lazy\" decoding=\"async\" width=\"1024\" height=\"1024\" src=\"https:\/\/lospoliticosveracruz.com\/wp-content\/uploads\/2026\/09\/banners-prevencion-suicidio-500x500-1-1024x1024.png\" alt=\"\" class=\"wp-image-179740\" style=\"width:476px;height:auto\" srcset=\"https:\/\/lospoliticosveracruz.com\/wp-content\/uploads\/2026\/09\/banners-prevencion-suicidio-500x500-1-1024x1024.png 1024w, https:\/\/lospoliticosveracruz.com\/wp-content\/uploads\/2026\/09\/banners-prevencion-suicidio-500x500-1-300x300.png 300w, https:\/\/lospoliticosveracruz.com\/wp-content\/uploads\/2026\/09\/banners-prevencion-suicidio-500x500-1-150x150.png 150w, https:\/\/lospoliticosveracruz.com\/wp-content\/uploads\/2026\/09\/banners-prevencion-suicidio-500x500-1-768x768.png 768w, https:\/\/lospoliticosveracruz.com\/wp-content\/uploads\/2026\/09\/banners-prevencion-suicidio-500x500-1-1536x1536.png 1536w, https:\/\/lospoliticosveracruz.com\/wp-content\/uploads\/2026\/09\/banners-prevencion-suicidio-500x500-1-2048x2048.png 2048w, https:\/\/lospoliticosveracruz.com\/wp-content\/uploads\/2026\/09\/banners-prevencion-suicidio-500x500-1-420x420.png 420w, https:\/\/lospoliticosveracruz.com\/wp-content\/uploads\/2026\/09\/banners-prevencion-suicidio-500x500-1-696x696.png 696w, https:\/\/lospoliticosveracruz.com\/wp-content\/uploads\/2026\/09\/banners-prevencion-suicidio-500x500-1-1068x1068.png 1068w, https:\/\/lospoliticosveracruz.com\/wp-content\/uploads\/2026\/09\/banners-prevencion-suicidio-500x500-1-1920x1920.png 1920w\" sizes=\"auto, (max-width: 1024px) 100vw, 1024px\" \/><\/a><\/figure>\n<\/div>\n\n\n<p><strong>\u200b\u00c1ngeles Gonz\u00e1lez Ceballos<\/strong><\/p>\n\n\n\n<p>Tras las manifestaciones de pobladores de diversas comunidades del municipio de Emiliano Zapata, quienes bloquearon la carretera Xalapa-Coatepec-Las Trancas casi por 48 horas, en protesta por los constantes percances viales, el secretario de Gobierno, Ricardo Ahued Bardahuil, inform\u00f3 que el Estado intervendr\u00e1 para solucionar el problema.<\/p>\n\n\n\n<p>\u200bEn conferencia de prensa en palacio de Gobierno, indic\u00f3 que ya hubo una reuni\u00f3n con la Secretar\u00eda de Infraestructura y Obras P\u00fablicas (SIOP).<\/p>\n\n\n\n<p>\u200b\u00bbEn la ma\u00f1ana nos cit\u00f3 con el secretario de SIOP tambi\u00e9n para que atendi\u00e9ramos ese asunto. Es una carretera que tiene un problema porque cuando se construy\u00f3 le pusieron un acelerante para que fraguara mucho m\u00e1s r\u00e1pido y ese concreto cuando, por el desgaste, pero adem\u00e1s con la humedad, es una resbaladilla\u00bb, expres\u00f3.<\/p>\n\n\n\n<p>\u200bExpuso que el Ayuntamiento que encabeza el alcalde Daniel Baizabal no cuenta con los recursos suficientes dentro de su presupuesto para atender la magnitud de este tramo, por lo que solicit\u00f3 el respaldo del Estado ante la leg\u00edtima inquietud de la ciudadan\u00eda.<\/p>\n\n\n\n<p>\u200b\u00bbEl Alcalde no le da el recurso para hacer la v\u00eda a su \u00e1mbito de competencia. Pidi\u00f3 el auxilio de la gobernadora\u00bb, manifest\u00f3.<\/p>\n\n\n\n<p>Reconoci\u00f3 que las m\u00faltiples demandas ciudadanas obedecen a los riesgos e incidentes constantes que se registran en esa v\u00eda de comunicaci\u00f3n.<\/p>\n\n\n\n<p>\u200bRespecto a la fecha del inicio de los trabajos de remodelaci\u00f3n, Ahued Bardahuil dio a conocer que existe un acuerdo firmado en minuta con el edil Daniel Baizabal, as\u00ed como con las vecinas y los vecinos de la zona.<\/p>\n\n\n\n<p>Ah\u00ed, adelant\u00f3 que las obras iniciar\u00e1n despu\u00e9s del 17 de septiembre con la finalidad de no entorpecer las actividades festivas y religiosas de la regi\u00f3n.<\/p>\n\n\n\n<p>\u200b\u00bbAyer estuvieron aqu\u00ed los vecinos y se firm\u00f3 una minuta incluso, el Alcalde y vecinas y vecinos de all\u00e1, para explicarles que se va a hacer la obra despu\u00e9s del 17, porque el mismo alcalde, con toda raz\u00f3n dice: \u00abno lo vayan a hacer en el transcurso de aqu\u00ed al 15 porque all\u00e1 hay muchas festividades en las poblaciones que tengo en esa zona y puede haber un caos y puede haber otra manifestaci\u00f3n en contra de la obra\u00bb, detall\u00f3.<\/p>\n\n\n\n<p>\u200bSobre la extensi\u00f3n que abarcar\u00e1 la repavimentaci\u00f3n, precis\u00f3 que las labores se realizar\u00e1n conforme a las necesidades prioritarias que dictamine la propia poblaci\u00f3n en conjunto con el edil y la SIOP.<\/p>\n\n\n\n<p>La obra contempla un proceso t\u00e9cnico donde se debe fresar el concreto resbaladizo para posteriormente colocar la nueva carpeta asf\u00e1ltica.<\/p>\n\n\n\n<p>\u200b\u00bbAyer no se les puso kilometraje porque se va a hacer, desde luego, la obra que se requiera. Lo que s\u00ed qued\u00f3 claro, que los primeros kil\u00f3metros, dos, tres, cuatro, los que sean, decide la poblaci\u00f3n con el alcalde y con SIOP cu\u00e1l es el que le va a dar prioridad\u00bb, afirm\u00f3.<\/p>\n\n\n\n<p>\u200bEl funcionario a\u00f1adi\u00f3 que se dar\u00e1 preferencia a los puntos cr\u00edticos identificados previamente, ya que hay un camino y una curva que es donde se han identificado la mayor cantidad de accidentes.<\/p>\n\n\n\n<p>\u200bFinalmente, Ricardo Ahued enfatiz\u00f3 que el conflicto vial qued\u00f3 resuelto mediante el di\u00e1logo directo, por lo que garantiz\u00f3 una respuesta t\u00e9cnica y definitiva por etapas.<\/p>\n\n\n\n<p><\/p>\n","protected":false},"excerpt":{"rendered":"<p>\u200b\u00c1ngeles Gonz\u00e1lez Ceballos Tras las manifestaciones de pobladores de diversas comunidades del municipio de Emiliano Zapata, quienes bloquearon la carretera Xalapa-Coatepec-Las Trancas casi por 48 horas, en protesta por los constantes percances viales, el secretario de Gobierno, Ricardo Ahued Bardahuil, inform\u00f3 que el Estado intervendr\u00e1 para solucionar el problema. \u200bEn conferencia de prensa en palacio [&hellip;]<\/p>\n","protected":false},"author":2,"featured_media":179962,"comment_status":"closed","ping_status":"closed","sticky":false,"template":"","format":"standard","meta":{"tdm_status":"","tdm_grid_status":"","footnotes":""},"categories":[6446],"tags":[49986,4347,277,469,1495,876,342],"class_list":{"0":"post-179961","1":"post","2":"type-post","3":"status-publish","4":"format-standard","5":"has-post-thumbnail","7":"category-la-nota","8":"tag-angeles-gonzalez-ceballos","9":"tag-carretera","10":"tag-coatepec","11":"tag-emiliano-zapata","12":"tag-las-trancas","13":"tag-ricardo-ahued","14":"tag-siop"},"yoast_head":"<!-- This site is optimized with the Yoast SEO plugin v28.1 - https:\/\/yoast.com\/product\/yoast-seo-wordpress\/ -->\n<title>UNA RESBALADILLA, LAS TRANCAS-COATEPEC - Los pol\u00edticos Veracruz<\/title>\n<meta name=\"robots\" content=\"index, follow, max-snippet:-1, max-image-preview:large, max-video-preview:-1\" \/>\n<link rel=\"canonical\" href=\"https:\/\/lospoliticosveracruz.com\/?p=179961\" \/>\n<meta property=\"og:locale\" content=\"es_ES\" \/>\n<meta property=\"og:type\" content=\"article\" \/>\n<meta property=\"og:title\" content=\"UNA RESBALADILLA, LAS TRANCAS-COATEPEC - Los pol\u00edticos Veracruz\" \/>\n<meta property=\"og:description\" content=\"\u200b\u00c1ngeles Gonz\u00e1lez Ceballos Tras las manifestaciones de pobladores de diversas comunidades del municipio de Emiliano Zapata, quienes bloquearon la carretera Xalapa-Coatepec-Las Trancas casi por 48 horas, en protesta por los constantes percances viales, el secretario de Gobierno, Ricardo Ahued Bardahuil, inform\u00f3 que el Estado intervendr\u00e1 para solucionar el problema. \u200bEn conferencia de prensa en palacio [&hellip;]\" \/>\n<meta property=\"og:url\" content=\"https:\/\/lospoliticosveracruz.com\/?p=179961\" \/>\n<meta property=\"og:site_name\" content=\"Los pol\u00edticos Veracruz\" \/>\n<meta property=\"article:publisher\" content=\"https:\/\/www.facebook.com\/people\/Notimemes-de-los-Polticos\/61565672886568\/\" \/>\n<meta property=\"article:published_time\" content=\"2026-09-03T22:00:00+00:00\" \/>\n<meta property=\"og:image\" content=\"https:\/\/lospoliticosveracruz.com\/wp-content\/uploads\/2026\/09\/Ahued-1.jpg\" \/>\n\t<meta property=\"og:image:width\" content=\"600\" \/>\n\t<meta property=\"og:image:height\" content=\"320\" \/>\n\t<meta property=\"og:image:type\" content=\"image\/jpeg\" \/>\n<meta name=\"author\" content=\"Lo viste en Los Pol\u00edticos\" \/>\n<meta name=\"twitter:card\" content=\"summary_large_image\" \/>\n<meta name=\"twitter:creator\" content=\"@LosPoliticosVer\" \/>\n<meta name=\"twitter:site\" content=\"@LosPoliticosVer\" \/>\n<meta name=\"twitter:label1\" content=\"Escrito por\" \/>\n\t<meta name=\"twitter:data1\" content=\"Lo viste en Los Pol\u00edticos\" \/>\n\t<meta name=\"twitter:label2\" content=\"Tiempo de lectura\" \/>\n\t<meta name=\"twitter:data2\" content=\"5 minutos\" \/>\n<script type=\"application\/ld+json\" class=\"yoast-schema-graph\">{\"@context\":\"https:\\\/\\\/schema.org\",\"@graph\":[{\"@type\":\"Article\",\"@id\":\"https:\\\/\\\/lospoliticosveracruz.com\\\/?p=179961#article\",\"isPartOf\":{\"@id\":\"https:\\\/\\\/lospoliticosveracruz.com\\\/?p=179961\"},\"author\":{\"name\":\"Lo viste en Los Pol\u00edticos\",\"@id\":\"https:\\\/\\\/lospoliticosveracruz.com\\\/#\\\/schema\\\/person\\\/b8702bb0e538456e6efd07080bf2a4a2\"},\"headline\":\"UNA RESBALADILLA, LAS TRANCAS-COATEPEC\",\"datePublished\":\"2026-09-03T22:00:00+00:00\",\"mainEntityOfPage\":{\"@id\":\"https:\\\/\\\/lospoliticosveracruz.com\\\/?p=179961\"},\"wordCount\":551,\"publisher\":{\"@id\":\"https:\\\/\\\/lospoliticosveracruz.com\\\/#organization\"},\"image\":{\"@id\":\"https:\\\/\\\/lospoliticosveracruz.com\\\/?p=179961#primaryimage\"},\"thumbnailUrl\":\"https:\\\/\\\/lospoliticosveracruz.com\\\/wp-content\\\/uploads\\\/2026\\\/09\\\/Ahued-1.jpg\",\"keywords\":[\"\u00c1ngeles Gonz\u00e1lez Ceballos\",\"carretera\",\"Coatepec\",\"Emiliano Zapata\",\"Las Trancas\",\"Ricardo Ahued\",\"SIOP\"],\"articleSection\":[\"La Nota\"],\"inLanguage\":\"es\"},{\"@type\":\"WebPage\",\"@id\":\"https:\\\/\\\/lospoliticosveracruz.com\\\/?p=179961\",\"url\":\"https:\\\/\\\/lospoliticosveracruz.com\\\/?p=179961\",\"name\":\"UNA RESBALADILLA, LAS TRANCAS-COATEPEC - Los pol\u00edticos Veracruz\",\"isPartOf\":{\"@id\":\"https:\\\/\\\/lospoliticosveracruz.com\\\/#website\"},\"primaryImageOfPage\":{\"@id\":\"https:\\\/\\\/lospoliticosveracruz.com\\\/?p=179961#primaryimage\"},\"image\":{\"@id\":\"https:\\\/\\\/lospoliticosveracruz.com\\\/?p=179961#primaryimage\"},\"thumbnailUrl\":\"https:\\\/\\\/lospoliticosveracruz.com\\\/wp-content\\\/uploads\\\/2026\\\/09\\\/Ahued-1.jpg\",\"datePublished\":\"2026-09-03T22:00:00+00:00\",\"breadcrumb\":{\"@id\":\"https:\\\/\\\/lospoliticosveracruz.com\\\/?p=179961#breadcrumb\"},\"inLanguage\":\"es\",\"potentialAction\":[{\"@type\":\"ReadAction\",\"target\":[\"https:\\\/\\\/lospoliticosveracruz.com\\\/?p=179961\"]}]},{\"@type\":\"ImageObject\",\"inLanguage\":\"es\",\"@id\":\"https:\\\/\\\/lospoliticosveracruz.com\\\/?p=179961#primaryimage\",\"url\":\"https:\\\/\\\/lospoliticosveracruz.com\\\/wp-content\\\/uploads\\\/2026\\\/09\\\/Ahued-1.jpg\",\"contentUrl\":\"https:\\\/\\\/lospoliticosveracruz.com\\\/wp-content\\\/uploads\\\/2026\\\/09\\\/Ahued-1.jpg\",\"width\":600,\"height\":320},{\"@type\":\"BreadcrumbList\",\"@id\":\"https:\\\/\\\/lospoliticosveracruz.com\\\/?p=179961#breadcrumb\",\"itemListElement\":[{\"@type\":\"ListItem\",\"position\":1,\"name\":\"Portada\",\"item\":\"https:\\\/\\\/lospoliticosveracruz.com\\\/\"},{\"@type\":\"ListItem\",\"position\":2,\"name\":\"UNA RESBALADILLA, LAS TRANCAS-COATEPEC\"}]},{\"@type\":\"WebSite\",\"@id\":\"https:\\\/\\\/lospoliticosveracruz.com\\\/#website\",\"url\":\"https:\\\/\\\/lospoliticosveracruz.com\\\/\",\"name\":\"Los pol\u00edticos Veracruz\",\"description\":\"\",\"publisher\":{\"@id\":\"https:\\\/\\\/lospoliticosveracruz.com\\\/#organization\"},\"potentialAction\":[{\"@type\":\"SearchAction\",\"target\":{\"@type\":\"EntryPoint\",\"urlTemplate\":\"https:\\\/\\\/lospoliticosveracruz.com\\\/?s={search_term_string}\"},\"query-input\":{\"@type\":\"PropertyValueSpecification\",\"valueRequired\":true,\"valueName\":\"search_term_string\"}}],\"inLanguage\":\"es\"},{\"@type\":\"Organization\",\"@id\":\"https:\\\/\\\/lospoliticosveracruz.com\\\/#organization\",\"name\":\"Los pol\u00edticos Veracruz\",\"url\":\"https:\\\/\\\/lospoliticosveracruz.com\\\/\",\"logo\":{\"@type\":\"ImageObject\",\"inLanguage\":\"es\",\"@id\":\"https:\\\/\\\/lospoliticosveracruz.com\\\/#\\\/schema\\\/logo\\\/image\\\/\",\"url\":\"https:\\\/\\\/lospoliticosveracruz.com\\\/wp-content\\\/uploads\\\/2025\\\/12\\\/Logo-Nuevo-LOS-POLITICOS-1.jpg\",\"contentUrl\":\"https:\\\/\\\/lospoliticosveracruz.com\\\/wp-content\\\/uploads\\\/2025\\\/12\\\/Logo-Nuevo-LOS-POLITICOS-1.jpg\",\"width\":260,\"height\":70,\"caption\":\"Los pol\u00edticos Veracruz\"},\"image\":{\"@id\":\"https:\\\/\\\/lospoliticosveracruz.com\\\/#\\\/schema\\\/logo\\\/image\\\/\"},\"sameAs\":[\"https:\\\/\\\/www.facebook.com\\\/people\\\/Notimemes-de-los-Polticos\\\/61565672886568\\\/\",\"https:\\\/\\\/x.com\\\/LosPoliticosVer\"]},{\"@type\":\"Person\",\"@id\":\"https:\\\/\\\/lospoliticosveracruz.com\\\/#\\\/schema\\\/person\\\/b8702bb0e538456e6efd07080bf2a4a2\",\"name\":\"Lo viste en Los Pol\u00edticos\",\"image\":{\"@type\":\"ImageObject\",\"inLanguage\":\"es\",\"@id\":\"https:\\\/\\\/secure.gravatar.com\\\/avatar\\\/3a8de04a2656d44082be478bd6c086daa447c4651605818287b9532d3d0bd435?s=96&d=mm&r=g\",\"url\":\"https:\\\/\\\/secure.gravatar.com\\\/avatar\\\/3a8de04a2656d44082be478bd6c086daa447c4651605818287b9532d3d0bd435?s=96&d=mm&r=g\",\"contentUrl\":\"https:\\\/\\\/secure.gravatar.com\\\/avatar\\\/3a8de04a2656d44082be478bd6c086daa447c4651605818287b9532d3d0bd435?s=96&d=mm&r=g\",\"caption\":\"Lo viste en Los Pol\u00edticos\"},\"url\":\"https:\\\/\\\/lospoliticosveracruz.com\\\/?author=2\"}]}<\/script>\n<!-- \/ Yoast SEO plugin. -->","yoast_head_json":{"title":"UNA RESBALADILLA, LAS TRANCAS-COATEPEC - Los pol\u00edticos Veracruz","robots":{"index":"index","follow":"follow","max-snippet":"max-snippet:-1","max-image-preview":"max-image-preview:large","max-video-preview":"max-video-preview:-1"},"canonical":"https:\/\/lospoliticosveracruz.com\/?p=179961","og_locale":"es_ES","og_type":"article","og_title":"UNA RESBALADILLA, LAS TRANCAS-COATEPEC - Los pol\u00edticos Veracruz","og_description":"\u200b\u00c1ngeles Gonz\u00e1lez Ceballos Tras las manifestaciones de pobladores de diversas comunidades del municipio de Emiliano Zapata, quienes bloquearon la carretera Xalapa-Coatepec-Las Trancas casi por 48 horas, en protesta por los constantes percances viales, el secretario de Gobierno, Ricardo Ahued Bardahuil, inform\u00f3 que el Estado intervendr\u00e1 para solucionar el problema. \u200bEn conferencia de prensa en palacio [&hellip;]","og_url":"https:\/\/lospoliticosveracruz.com\/?p=179961","og_site_name":"Los pol\u00edticos Veracruz","article_publisher":"https:\/\/www.facebook.com\/people\/Notimemes-de-los-Polticos\/61565672886568\/","article_published_time":"2026-09-03T22:00:00+00:00","og_image":[{"width":600,"height":320,"url":"https:\/\/lospoliticosveracruz.com\/wp-content\/uploads\/2026\/09\/Ahued-1.jpg","type":"image\/jpeg"}],"author":"Lo viste en Los Pol\u00edticos","twitter_card":"summary_large_image","twitter_creator":"@LosPoliticosVer","twitter_site":"@LosPoliticosVer","twitter_misc":{"Escrito por":"Lo viste en Los Pol\u00edticos","Tiempo de lectura":"5 minutos"},"schema":{"@context":"https:\/\/schema.org","@graph":[{"@type":"Article","@id":"https:\/\/lospoliticosveracruz.com\/?p=179961#article","isPartOf":{"@id":"https:\/\/lospoliticosveracruz.com\/?p=179961"},"author":{"name":"Lo viste en Los Pol\u00edticos","@id":"https:\/\/lospoliticosveracruz.com\/#\/schema\/person\/b8702bb0e538456e6efd07080bf2a4a2"},"headline":"UNA RESBALADILLA, LAS TRANCAS-COATEPEC","datePublished":"2026-09-03T22:00:00+00:00","mainEntityOfPage":{"@id":"https:\/\/lospoliticosveracruz.com\/?p=179961"},"wordCount":551,"publisher":{"@id":"https:\/\/lospoliticosveracruz.com\/#organization"},"image":{"@id":"https:\/\/lospoliticosveracruz.com\/?p=179961#primaryimage"},"thumbnailUrl":"https:\/\/lospoliticosveracruz.com\/wp-content\/uploads\/2026\/09\/Ahued-1.jpg","keywords":["\u00c1ngeles Gonz\u00e1lez Ceballos","carretera","Coatepec","Emiliano Zapata","Las Trancas","Ricardo Ahued","SIOP"],"articleSection":["La Nota"],"inLanguage":"es"},{"@type":"WebPage","@id":"https:\/\/lospoliticosveracruz.com\/?p=179961","url":"https:\/\/lospoliticosveracruz.com\/?p=179961","name":"UNA RESBALADILLA, LAS TRANCAS-COATEPEC - Los pol\u00edticos Veracruz","isPartOf":{"@id":"https:\/\/lospoliticosveracruz.com\/#website"},"primaryImageOfPage":{"@id":"https:\/\/lospoliticosveracruz.com\/?p=179961#primaryimage"},"image":{"@id":"https:\/\/lospoliticosveracruz.com\/?p=179961#primaryimage"},"thumbnailUrl":"https:\/\/lospoliticosveracruz.com\/wp-content\/uploads\/2026\/09\/Ahued-1.jpg","datePublished":"2026-09-03T22:00:00+00:00","breadcrumb":{"@id":"https:\/\/lospoliticosveracruz.com\/?p=179961#breadcrumb"},"inLanguage":"es","potentialAction":[{"@type":"ReadAction","target":["https:\/\/lospoliticosveracruz.com\/?p=179961"]}]},{"@type":"ImageObject","inLanguage":"es","@id":"https:\/\/lospoliticosveracruz.com\/?p=179961#primaryimage","url":"https:\/\/lospoliticosveracruz.com\/wp-content\/uploads\/2026\/09\/Ahued-1.jpg","contentUrl":"https:\/\/lospoliticosveracruz.com\/wp-content\/uploads\/2026\/09\/Ahued-1.jpg","width":600,"height":320},{"@type":"BreadcrumbList","@id":"https:\/\/lospoliticosveracruz.com\/?p=179961#breadcrumb","itemListElement":[{"@type":"ListItem","position":1,"name":"Portada","item":"https:\/\/lospoliticosveracruz.com\/"},{"@type":"ListItem","position":2,"name":"UNA RESBALADILLA, LAS TRANCAS-COATEPEC"}]},{"@type":"WebSite","@id":"https:\/\/lospoliticosveracruz.com\/#website","url":"https:\/\/lospoliticosveracruz.com\/","name":"Los pol\u00edticos Veracruz","description":"","publisher":{"@id":"https:\/\/lospoliticosveracruz.com\/#organization"},"potentialAction":[{"@type":"SearchAction","target":{"@type":"EntryPoint","urlTemplate":"https:\/\/lospoliticosveracruz.com\/?s={search_term_string}"},"query-input":{"@type":"PropertyValueSpecification","valueRequired":true,"valueName":"search_term_string"}}],"inLanguage":"es"},{"@type":"Organization","@id":"https:\/\/lospoliticosveracruz.com\/#organization","name":"Los pol\u00edticos Veracruz","url":"https:\/\/lospoliticosveracruz.com\/","logo":{"@type":"ImageObject","inLanguage":"es","@id":"https:\/\/lospoliticosveracruz.com\/#\/schema\/logo\/image\/","url":"https:\/\/lospoliticosveracruz.com\/wp-content\/uploads\/2025\/12\/Logo-Nuevo-LOS-POLITICOS-1.jpg","contentUrl":"https:\/\/lospoliticosveracruz.com\/wp-content\/uploads\/2025\/12\/Logo-Nuevo-LOS-POLITICOS-1.jpg","width":260,"height":70,"caption":"Los pol\u00edticos Veracruz"},"image":{"@id":"https:\/\/lospoliticosveracruz.com\/#\/schema\/logo\/image\/"},"sameAs":["https:\/\/www.facebook.com\/people\/Notimemes-de-los-Polticos\/61565672886568\/","https:\/\/x.com\/LosPoliticosVer"]},{"@type":"Person","@id":"https:\/\/lospoliticosveracruz.com\/#\/schema\/person\/b8702bb0e538456e6efd07080bf2a4a2","name":"Lo viste en Los Pol\u00edticos","image":{"@type":"ImageObject","inLanguage":"es","@id":"https:\/\/secure.gravatar.com\/avatar\/3a8de04a2656d44082be478bd6c086daa447c4651605818287b9532d3d0bd435?s=96&d=mm&r=g","url":"https:\/\/secure.gravatar.com\/avatar\/3a8de04a2656d44082be478bd6c086daa447c4651605818287b9532d3d0bd435?s=96&d=mm&r=g","contentUrl":"https:\/\/secure.gravatar.com\/avatar\/3a8de04a2656d44082be478bd6c086daa447c4651605818287b9532d3d0bd435?s=96&d=mm&r=g","caption":"Lo viste en Los Pol\u00edticos"},"url":"https:\/\/lospoliticosveracruz.com\/?author=2"}]}},"_links":{"self":[{"href":"https:\/\/lospoliticosveracruz.com\/index.php?rest_route=\/wp\/v2\/posts\/179961","targetHints":{"allow":["GET"]}}],"collection":[{"href":"https:\/\/lospoliticosveracruz.com\/index.php?rest_route=\/wp\/v2\/posts"}],"about":[{"href":"https:\/\/lospoliticosveracruz.com\/index.php?rest_route=\/wp\/v2\/types\/post"}],"author":[{"embeddable":true,"href":"https:\/\/lospoliticosveracruz.com\/index.php?rest_route=\/wp\/v2\/users\/2"}],"replies":[{"embeddable":true,"href":"https:\/\/lospoliticosveracruz.com\/index.php?rest_route=%2Fwp%2Fv2%2Fcomments&post=179961"}],"version-history":[{"count":1,"href":"https:\/\/lospoliticosveracruz.com\/index.php?rest_route=\/wp\/v2\/posts\/179961\/revisions"}],"predecessor-version":[{"id":179963,"href":"https:\/\/lospoliticosveracruz.com\/index.php?rest_route=\/wp\/v2\/posts\/179961\/revisions\/179963"}],"wp:featuredmedia":[{"embeddable":true,"href":"https:\/\/lospoliticosveracruz.com\/index.php?rest_route=\/wp\/v2\/media\/179962"}],"wp:attachment":[{"href":"https:\/\/lospoliticosveracruz.com\/index.php?rest_route=%2Fwp%2Fv2%2Fmedia&parent=179961"}],"wp:term":[{"taxonomy":"category","embeddable":true,"href":"https:\/\/lospoliticosveracruz.com\/index.php?rest_route=%2Fwp%2Fv2%2Fcategories&post=179961"},{"taxonomy":"post_tag","embeddable":true,"href":"https:\/\/lospoliticosveracruz.com\/index.php?rest_route=%2Fwp%2Fv2%2Ftags&post=179961"}],"curies":[{"name":"wp","href":"https:\/\/api.w.org\/{rel}","templated":true}]}}