{"id":179967,"date":"2026-09-03T16:16:30","date_gmt":"2026-09-03T22:16:30","guid":{"rendered":"https:\/\/lospoliticosveracruz.com\/?p=179967"},"modified":"2026-09-03T16:16:32","modified_gmt":"2026-09-03T22:16:32","slug":"impulso-al-turismo-prioridad-de-mi-gobierno","status":"publish","type":"post","link":"https:\/\/lospoliticosveracruz.com\/?p=179967","title":{"rendered":"IMPULSO AL TURISMO, PRIORIDAD DE MI GOBIERNO!\u00a0"},"content":{"rendered":"\n<p>Durante la Primera Sesi\u00f3n Ordinaria del Consejo Consultivo Municipal de Turismo, autoridades, iniciativa privada y prestadores de servicios fortalecieron la coordinaci\u00f3n y el di\u00e1logo para continuar impulsando a Boca del R\u00edo como uno de los principales destinos tur\u00edsticos de Veracruz.<\/p>\n\n\n\n<p>En este marco, la Alcaldesa de Boca del R\u00edo, Maryjose Gamboa Torales, destac\u00f3 que las Fiestas de Santa Ana 2026 fueron un parteaguas para el municipio, al registrar tan solo durante los tres d\u00edas de conciertos una asistencia de 100 mil personas, lo que refleja el alcance que tuvo esta celebraci\u00f3n patronal y su importancia para la actividad tur\u00edstica y econ\u00f3mica de la ciudad.<\/p>\n\n\n\n<p>\u201cSaldo blanco (\u2026) 417 personas entre elementos de la Secretar\u00eda de Marina, Ejercito Mexicano, Secretar\u00eda de Seguridad P\u00fablica y Polic\u00eda Municipal, un extraordinario trabajo\u201d.<\/p>\n\n\n\n<p>Por su parte, Abiga\u00edl Guzm\u00e1n Hern\u00e1ndez, Presidenta de la C\u00e1mara Nacional de la Industria de Restaurantes y Alimentos Condimentados (CANIRAC) Veracruz y Vocal del Consejo, destac\u00f3 el impulso al turismo que generaron las Fiestas de Santa Ana 2026, as\u00ed como la derrama econ\u00f3mica que representaron para el sector restaurantero y de servicios.<\/p>\n\n\n\n<p>\u201cQuiero felicitar a la Coordinaci\u00f3n y a la Alcaldesa, nos sorprendi\u00f3 la seguridad y la limpieza al finalizar el evento los tres d\u00edas, fue impresionante como desalojaban el espacio y empezaban a limpiar\u201d.<\/p>\n\n\n\n<p>Tambi\u00e9n se destac\u00f3 el cambio de ubicaci\u00f3n de los conciertos masivos al bulevar Vicente Fox, decisi\u00f3n que result\u00f3 exitosa al permitir una mejor operaci\u00f3n de los eventos y una mayor capacidad para recibir a los asistentes.<\/p>\n\n\n\n<p>Por su parte, CANIRAC report\u00f3 la llegada de visitantes provenientes de otros municipios, quienes optaron por pernoctar durante el fin de semana en Boca del R\u00edo, atra\u00eddos por el gran cartel art\u00edstico que present\u00f3 la Fiesta Patronal boque\u00f1a, generando beneficios para restaurantes, hoteles y otros establecimientos vinculados con la actividad tur\u00edstica.<\/p>\n\n\n\n<p>Finalmente, la Presidenta Municipal, Maryjose Gamboa Torales, enfatiz\u00f3 que el Consejo Consultivo Municipal de Turismo representa un espacio permanente de di\u00e1logo, colaboraci\u00f3n y construcci\u00f3n de acuerdos entre autoridades, iniciativa privada y prestadores de servicios, lo que permitir\u00e1 fortalecer la competitividad tur\u00edstica de Boca del R\u00edo y consolidar eventos como las Fiestas de Santa Ana como importantes motores de promoci\u00f3n, visitantes y actividad econ\u00f3mica para el municipio.<\/p>\n\n\n\n<p>Estuvieron presentes los vocales del Consejo Consultivo Municipal de Turismo, Regidor S\u00e9ptimo de Boca del R\u00edo y titular de la Comisi\u00f3n de Turismo, H\u00e9ctor Z\u00fa\u00f1iga Sol\u00f3rzano; Coordinador de Desarrollo Econ\u00f3mico, Turismo y Comercio Municipal, Santiago Caram\u00e9s Chaparro; Pedro Bueno Romera, Presidente de la Asociaci\u00f3n Mexicana de Hoteles y Moteles de Veracruz-Boca del R\u00edo (representaci\u00f3n); Jos\u00e9 Tom\u00e1s M\u00e9ndez Valerio, Presidente de la C\u00e1mara de Comercio, Servicios y Turismo de Veracruz (Canaco SERVYTUR); Jaime Arturo Guti\u00e9rrez Fern\u00e1ndez, Representante de Artesanos y Artesanas; Jes\u00fas Emmanuel Ruiz Esparza, Operador tur\u00edstico y representante del sector productivo-operadores tur\u00edsticos-agencias de viajes; Humberto Hern\u00e1ndez Mikel, Representante del Sector Privado Empresarial (representaci\u00f3n) y David Rub\u00e9n P\u00e9rez Campos, Director de Turismo de Boca del R\u00edo.<\/p>\n\n\n\n<p><\/p>\n","protected":false},"excerpt":{"rendered":"<p>Durante la Primera Sesi\u00f3n Ordinaria del Consejo Consultivo Municipal de Turismo, autoridades, iniciativa privada y prestadores de servicios fortalecieron la coordinaci\u00f3n y el di\u00e1logo para continuar impulsando a Boca del R\u00edo como uno de los principales destinos tur\u00edsticos de Veracruz. En este marco, la Alcaldesa de Boca del R\u00edo, Maryjose Gamboa Torales, destac\u00f3 que las [&hellip;]<\/p>\n","protected":false},"author":2,"featured_media":179968,"comment_status":"closed","ping_status":"closed","sticky":false,"template":"","format":"standard","meta":{"tdm_status":"","tdm_grid_status":"","footnotes":""},"categories":[73],"tags":[601,1937],"class_list":{"0":"post-179967","1":"post","2":"type-post","3":"status-publish","4":"format-standard","5":"has-post-thumbnail","7":"category-de-boleto","8":"tag-boca-del-rio","9":"tag-maryjose-gamboa"},"yoast_head":"<!-- This site is optimized with the Yoast SEO plugin v28.1 - https:\/\/yoast.com\/product\/yoast-seo-wordpress\/ -->\n<title>IMPULSO AL TURISMO, PRIORIDAD DE MI GOBIERNO!\u00a0 - Los pol\u00edticos Veracruz<\/title>\n<meta name=\"robots\" content=\"index, follow, max-snippet:-1, max-image-preview:large, max-video-preview:-1\" \/>\n<link rel=\"canonical\" href=\"https:\/\/lospoliticosveracruz.com\/?p=179967\" \/>\n<meta property=\"og:locale\" content=\"es_ES\" \/>\n<meta property=\"og:type\" content=\"article\" \/>\n<meta property=\"og:title\" content=\"IMPULSO AL TURISMO, PRIORIDAD DE MI GOBIERNO!\u00a0 - Los pol\u00edticos Veracruz\" \/>\n<meta property=\"og:description\" content=\"Durante la Primera Sesi\u00f3n Ordinaria del Consejo Consultivo Municipal de Turismo, autoridades, iniciativa privada y prestadores de servicios fortalecieron la coordinaci\u00f3n y el di\u00e1logo para continuar impulsando a Boca del R\u00edo como uno de los principales destinos tur\u00edsticos de Veracruz. En este marco, la Alcaldesa de Boca del R\u00edo, Maryjose Gamboa Torales, destac\u00f3 que las [&hellip;]\" \/>\n<meta property=\"og:url\" content=\"https:\/\/lospoliticosveracruz.com\/?p=179967\" \/>\n<meta property=\"og:site_name\" content=\"Los pol\u00edticos Veracruz\" \/>\n<meta property=\"article:publisher\" content=\"https:\/\/www.facebook.com\/people\/Notimemes-de-los-Polticos\/61565672886568\/\" \/>\n<meta property=\"article:published_time\" content=\"2026-09-03T22:16:30+00:00\" \/>\n<meta property=\"article:modified_time\" content=\"2026-09-03T22:16:32+00:00\" \/>\n<meta property=\"og:image\" content=\"https:\/\/lospoliticosveracruz.com\/wp-content\/uploads\/2026\/09\/IMG_4804.jpeg\" \/>\n\t<meta property=\"og:image:width\" content=\"600\" \/>\n\t<meta property=\"og:image:height\" content=\"320\" \/>\n\t<meta property=\"og:image:type\" content=\"image\/jpeg\" \/>\n<meta name=\"author\" content=\"Lo viste en Los Pol\u00edticos\" \/>\n<meta name=\"twitter:card\" content=\"summary_large_image\" \/>\n<meta name=\"twitter:creator\" content=\"@LosPoliticosVer\" \/>\n<meta name=\"twitter:site\" content=\"@LosPoliticosVer\" \/>\n<meta name=\"twitter:label1\" content=\"Escrito por\" \/>\n\t<meta name=\"twitter:data1\" content=\"Lo viste en Los Pol\u00edticos\" \/>\n\t<meta name=\"twitter:label2\" content=\"Tiempo de lectura\" \/>\n\t<meta name=\"twitter:data2\" content=\"3 minutos\" \/>\n<script type=\"application\/ld+json\" class=\"yoast-schema-graph\">{\"@context\":\"https:\\\/\\\/schema.org\",\"@graph\":[{\"@type\":\"Article\",\"@id\":\"https:\\\/\\\/lospoliticosveracruz.com\\\/?p=179967#article\",\"isPartOf\":{\"@id\":\"https:\\\/\\\/lospoliticosveracruz.com\\\/?p=179967\"},\"author\":{\"name\":\"Lo viste en Los Pol\u00edticos\",\"@id\":\"https:\\\/\\\/lospoliticosveracruz.com\\\/#\\\/schema\\\/person\\\/b8702bb0e538456e6efd07080bf2a4a2\"},\"headline\":\"IMPULSO AL TURISMO, PRIORIDAD DE MI GOBIERNO!\u00a0\",\"datePublished\":\"2026-09-03T22:16:30+00:00\",\"dateModified\":\"2026-09-03T22:16:32+00:00\",\"mainEntityOfPage\":{\"@id\":\"https:\\\/\\\/lospoliticosveracruz.com\\\/?p=179967\"},\"wordCount\":544,\"publisher\":{\"@id\":\"https:\\\/\\\/lospoliticosveracruz.com\\\/#organization\"},\"image\":{\"@id\":\"https:\\\/\\\/lospoliticosveracruz.com\\\/?p=179967#primaryimage\"},\"thumbnailUrl\":\"https:\\\/\\\/lospoliticosveracruz.com\\\/wp-content\\\/uploads\\\/2026\\\/09\\\/IMG_4804.jpeg\",\"keywords\":[\"Boca del R\u00edo\",\"Maryjose Gamboa\"],\"articleSection\":[\"De Boleto\"],\"inLanguage\":\"es\"},{\"@type\":\"WebPage\",\"@id\":\"https:\\\/\\\/lospoliticosveracruz.com\\\/?p=179967\",\"url\":\"https:\\\/\\\/lospoliticosveracruz.com\\\/?p=179967\",\"name\":\"IMPULSO AL TURISMO, PRIORIDAD DE MI GOBIERNO!\u00a0 - Los pol\u00edticos Veracruz\",\"isPartOf\":{\"@id\":\"https:\\\/\\\/lospoliticosveracruz.com\\\/#website\"},\"primaryImageOfPage\":{\"@id\":\"https:\\\/\\\/lospoliticosveracruz.com\\\/?p=179967#primaryimage\"},\"image\":{\"@id\":\"https:\\\/\\\/lospoliticosveracruz.com\\\/?p=179967#primaryimage\"},\"thumbnailUrl\":\"https:\\\/\\\/lospoliticosveracruz.com\\\/wp-content\\\/uploads\\\/2026\\\/09\\\/IMG_4804.jpeg\",\"datePublished\":\"2026-09-03T22:16:30+00:00\",\"dateModified\":\"2026-09-03T22:16:32+00:00\",\"breadcrumb\":{\"@id\":\"https:\\\/\\\/lospoliticosveracruz.com\\\/?p=179967#breadcrumb\"},\"inLanguage\":\"es\",\"potentialAction\":[{\"@type\":\"ReadAction\",\"target\":[\"https:\\\/\\\/lospoliticosveracruz.com\\\/?p=179967\"]}]},{\"@type\":\"ImageObject\",\"inLanguage\":\"es\",\"@id\":\"https:\\\/\\\/lospoliticosveracruz.com\\\/?p=179967#primaryimage\",\"url\":\"https:\\\/\\\/lospoliticosveracruz.com\\\/wp-content\\\/uploads\\\/2026\\\/09\\\/IMG_4804.jpeg\",\"contentUrl\":\"https:\\\/\\\/lospoliticosveracruz.com\\\/wp-content\\\/uploads\\\/2026\\\/09\\\/IMG_4804.jpeg\",\"width\":600,\"height\":320},{\"@type\":\"BreadcrumbList\",\"@id\":\"https:\\\/\\\/lospoliticosveracruz.com\\\/?p=179967#breadcrumb\",\"itemListElement\":[{\"@type\":\"ListItem\",\"position\":1,\"name\":\"Portada\",\"item\":\"https:\\\/\\\/lospoliticosveracruz.com\\\/\"},{\"@type\":\"ListItem\",\"position\":2,\"name\":\"IMPULSO AL TURISMO, PRIORIDAD DE MI GOBIERNO!\u00a0\"}]},{\"@type\":\"WebSite\",\"@id\":\"https:\\\/\\\/lospoliticosveracruz.com\\\/#website\",\"url\":\"https:\\\/\\\/lospoliticosveracruz.com\\\/\",\"name\":\"Los pol\u00edticos Veracruz\",\"description\":\"\",\"publisher\":{\"@id\":\"https:\\\/\\\/lospoliticosveracruz.com\\\/#organization\"},\"potentialAction\":[{\"@type\":\"SearchAction\",\"target\":{\"@type\":\"EntryPoint\",\"urlTemplate\":\"https:\\\/\\\/lospoliticosveracruz.com\\\/?s={search_term_string}\"},\"query-input\":{\"@type\":\"PropertyValueSpecification\",\"valueRequired\":true,\"valueName\":\"search_term_string\"}}],\"inLanguage\":\"es\"},{\"@type\":\"Organization\",\"@id\":\"https:\\\/\\\/lospoliticosveracruz.com\\\/#organization\",\"name\":\"Los pol\u00edticos Veracruz\",\"url\":\"https:\\\/\\\/lospoliticosveracruz.com\\\/\",\"logo\":{\"@type\":\"ImageObject\",\"inLanguage\":\"es\",\"@id\":\"https:\\\/\\\/lospoliticosveracruz.com\\\/#\\\/schema\\\/logo\\\/image\\\/\",\"url\":\"https:\\\/\\\/lospoliticosveracruz.com\\\/wp-content\\\/uploads\\\/2025\\\/12\\\/Logo-Nuevo-LOS-POLITICOS-1.jpg\",\"contentUrl\":\"https:\\\/\\\/lospoliticosveracruz.com\\\/wp-content\\\/uploads\\\/2025\\\/12\\\/Logo-Nuevo-LOS-POLITICOS-1.jpg\",\"width\":260,\"height\":70,\"caption\":\"Los pol\u00edticos Veracruz\"},\"image\":{\"@id\":\"https:\\\/\\\/lospoliticosveracruz.com\\\/#\\\/schema\\\/logo\\\/image\\\/\"},\"sameAs\":[\"https:\\\/\\\/www.facebook.com\\\/people\\\/Notimemes-de-los-Polticos\\\/61565672886568\\\/\",\"https:\\\/\\\/x.com\\\/LosPoliticosVer\"]},{\"@type\":\"Person\",\"@id\":\"https:\\\/\\\/lospoliticosveracruz.com\\\/#\\\/schema\\\/person\\\/b8702bb0e538456e6efd07080bf2a4a2\",\"name\":\"Lo viste en Los Pol\u00edticos\",\"image\":{\"@type\":\"ImageObject\",\"inLanguage\":\"es\",\"@id\":\"https:\\\/\\\/secure.gravatar.com\\\/avatar\\\/3a8de04a2656d44082be478bd6c086daa447c4651605818287b9532d3d0bd435?s=96&d=mm&r=g\",\"url\":\"https:\\\/\\\/secure.gravatar.com\\\/avatar\\\/3a8de04a2656d44082be478bd6c086daa447c4651605818287b9532d3d0bd435?s=96&d=mm&r=g\",\"contentUrl\":\"https:\\\/\\\/secure.gravatar.com\\\/avatar\\\/3a8de04a2656d44082be478bd6c086daa447c4651605818287b9532d3d0bd435?s=96&d=mm&r=g\",\"caption\":\"Lo viste en Los Pol\u00edticos\"},\"url\":\"https:\\\/\\\/lospoliticosveracruz.com\\\/?author=2\"}]}<\/script>\n<!-- \/ Yoast SEO plugin. -->","yoast_head_json":{"title":"IMPULSO AL TURISMO, PRIORIDAD DE MI GOBIERNO!\u00a0 - Los pol\u00edticos Veracruz","robots":{"index":"index","follow":"follow","max-snippet":"max-snippet:-1","max-image-preview":"max-image-preview:large","max-video-preview":"max-video-preview:-1"},"canonical":"https:\/\/lospoliticosveracruz.com\/?p=179967","og_locale":"es_ES","og_type":"article","og_title":"IMPULSO AL TURISMO, PRIORIDAD DE MI GOBIERNO!\u00a0 - Los pol\u00edticos Veracruz","og_description":"Durante la Primera Sesi\u00f3n Ordinaria del Consejo Consultivo Municipal de Turismo, autoridades, iniciativa privada y prestadores de servicios fortalecieron la coordinaci\u00f3n y el di\u00e1logo para continuar impulsando a Boca del R\u00edo como uno de los principales destinos tur\u00edsticos de Veracruz. En este marco, la Alcaldesa de Boca del R\u00edo, Maryjose Gamboa Torales, destac\u00f3 que las [&hellip;]","og_url":"https:\/\/lospoliticosveracruz.com\/?p=179967","og_site_name":"Los pol\u00edticos Veracruz","article_publisher":"https:\/\/www.facebook.com\/people\/Notimemes-de-los-Polticos\/61565672886568\/","article_published_time":"2026-09-03T22:16:30+00:00","article_modified_time":"2026-09-03T22:16:32+00:00","og_image":[{"width":600,"height":320,"url":"https:\/\/lospoliticosveracruz.com\/wp-content\/uploads\/2026\/09\/IMG_4804.jpeg","type":"image\/jpeg"}],"author":"Lo viste en Los Pol\u00edticos","twitter_card":"summary_large_image","twitter_creator":"@LosPoliticosVer","twitter_site":"@LosPoliticosVer","twitter_misc":{"Escrito por":"Lo viste en Los Pol\u00edticos","Tiempo de lectura":"3 minutos"},"schema":{"@context":"https:\/\/schema.org","@graph":[{"@type":"Article","@id":"https:\/\/lospoliticosveracruz.com\/?p=179967#article","isPartOf":{"@id":"https:\/\/lospoliticosveracruz.com\/?p=179967"},"author":{"name":"Lo viste en Los Pol\u00edticos","@id":"https:\/\/lospoliticosveracruz.com\/#\/schema\/person\/b8702bb0e538456e6efd07080bf2a4a2"},"headline":"IMPULSO AL TURISMO, PRIORIDAD DE MI GOBIERNO!\u00a0","datePublished":"2026-09-03T22:16:30+00:00","dateModified":"2026-09-03T22:16:32+00:00","mainEntityOfPage":{"@id":"https:\/\/lospoliticosveracruz.com\/?p=179967"},"wordCount":544,"publisher":{"@id":"https:\/\/lospoliticosveracruz.com\/#organization"},"image":{"@id":"https:\/\/lospoliticosveracruz.com\/?p=179967#primaryimage"},"thumbnailUrl":"https:\/\/lospoliticosveracruz.com\/wp-content\/uploads\/2026\/09\/IMG_4804.jpeg","keywords":["Boca del R\u00edo","Maryjose Gamboa"],"articleSection":["De Boleto"],"inLanguage":"es"},{"@type":"WebPage","@id":"https:\/\/lospoliticosveracruz.com\/?p=179967","url":"https:\/\/lospoliticosveracruz.com\/?p=179967","name":"IMPULSO AL TURISMO, PRIORIDAD DE MI GOBIERNO!\u00a0 - Los pol\u00edticos Veracruz","isPartOf":{"@id":"https:\/\/lospoliticosveracruz.com\/#website"},"primaryImageOfPage":{"@id":"https:\/\/lospoliticosveracruz.com\/?p=179967#primaryimage"},"image":{"@id":"https:\/\/lospoliticosveracruz.com\/?p=179967#primaryimage"},"thumbnailUrl":"https:\/\/lospoliticosveracruz.com\/wp-content\/uploads\/2026\/09\/IMG_4804.jpeg","datePublished":"2026-09-03T22:16:30+00:00","dateModified":"2026-09-03T22:16:32+00:00","breadcrumb":{"@id":"https:\/\/lospoliticosveracruz.com\/?p=179967#breadcrumb"},"inLanguage":"es","potentialAction":[{"@type":"ReadAction","target":["https:\/\/lospoliticosveracruz.com\/?p=179967"]}]},{"@type":"ImageObject","inLanguage":"es","@id":"https:\/\/lospoliticosveracruz.com\/?p=179967#primaryimage","url":"https:\/\/lospoliticosveracruz.com\/wp-content\/uploads\/2026\/09\/IMG_4804.jpeg","contentUrl":"https:\/\/lospoliticosveracruz.com\/wp-content\/uploads\/2026\/09\/IMG_4804.jpeg","width":600,"height":320},{"@type":"BreadcrumbList","@id":"https:\/\/lospoliticosveracruz.com\/?p=179967#breadcrumb","itemListElement":[{"@type":"ListItem","position":1,"name":"Portada","item":"https:\/\/lospoliticosveracruz.com\/"},{"@type":"ListItem","position":2,"name":"IMPULSO AL TURISMO, PRIORIDAD DE MI GOBIERNO!\u00a0"}]},{"@type":"WebSite","@id":"https:\/\/lospoliticosveracruz.com\/#website","url":"https:\/\/lospoliticosveracruz.com\/","name":"Los pol\u00edticos Veracruz","description":"","publisher":{"@id":"https:\/\/lospoliticosveracruz.com\/#organization"},"potentialAction":[{"@type":"SearchAction","target":{"@type":"EntryPoint","urlTemplate":"https:\/\/lospoliticosveracruz.com\/?s={search_term_string}"},"query-input":{"@type":"PropertyValueSpecification","valueRequired":true,"valueName":"search_term_string"}}],"inLanguage":"es"},{"@type":"Organization","@id":"https:\/\/lospoliticosveracruz.com\/#organization","name":"Los pol\u00edticos Veracruz","url":"https:\/\/lospoliticosveracruz.com\/","logo":{"@type":"ImageObject","inLanguage":"es","@id":"https:\/\/lospoliticosveracruz.com\/#\/schema\/logo\/image\/","url":"https:\/\/lospoliticosveracruz.com\/wp-content\/uploads\/2025\/12\/Logo-Nuevo-LOS-POLITICOS-1.jpg","contentUrl":"https:\/\/lospoliticosveracruz.com\/wp-content\/uploads\/2025\/12\/Logo-Nuevo-LOS-POLITICOS-1.jpg","width":260,"height":70,"caption":"Los pol\u00edticos Veracruz"},"image":{"@id":"https:\/\/lospoliticosveracruz.com\/#\/schema\/logo\/image\/"},"sameAs":["https:\/\/www.facebook.com\/people\/Notimemes-de-los-Polticos\/61565672886568\/","https:\/\/x.com\/LosPoliticosVer"]},{"@type":"Person","@id":"https:\/\/lospoliticosveracruz.com\/#\/schema\/person\/b8702bb0e538456e6efd07080bf2a4a2","name":"Lo viste en Los Pol\u00edticos","image":{"@type":"ImageObject","inLanguage":"es","@id":"https:\/\/secure.gravatar.com\/avatar\/3a8de04a2656d44082be478bd6c086daa447c4651605818287b9532d3d0bd435?s=96&d=mm&r=g","url":"https:\/\/secure.gravatar.com\/avatar\/3a8de04a2656d44082be478bd6c086daa447c4651605818287b9532d3d0bd435?s=96&d=mm&r=g","contentUrl":"https:\/\/secure.gravatar.com\/avatar\/3a8de04a2656d44082be478bd6c086daa447c4651605818287b9532d3d0bd435?s=96&d=mm&r=g","caption":"Lo viste en Los Pol\u00edticos"},"url":"https:\/\/lospoliticosveracruz.com\/?author=2"}]}},"_links":{"self":[{"href":"https:\/\/lospoliticosveracruz.com\/index.php?rest_route=\/wp\/v2\/posts\/179967","targetHints":{"allow":["GET"]}}],"collection":[{"href":"https:\/\/lospoliticosveracruz.com\/index.php?rest_route=\/wp\/v2\/posts"}],"about":[{"href":"https:\/\/lospoliticosveracruz.com\/index.php?rest_route=\/wp\/v2\/types\/post"}],"author":[{"embeddable":true,"href":"https:\/\/lospoliticosveracruz.com\/index.php?rest_route=\/wp\/v2\/users\/2"}],"replies":[{"embeddable":true,"href":"https:\/\/lospoliticosveracruz.com\/index.php?rest_route=%2Fwp%2Fv2%2Fcomments&post=179967"}],"version-history":[{"count":1,"href":"https:\/\/lospoliticosveracruz.com\/index.php?rest_route=\/wp\/v2\/posts\/179967\/revisions"}],"predecessor-version":[{"id":179969,"href":"https:\/\/lospoliticosveracruz.com\/index.php?rest_route=\/wp\/v2\/posts\/179967\/revisions\/179969"}],"wp:featuredmedia":[{"embeddable":true,"href":"https:\/\/lospoliticosveracruz.com\/index.php?rest_route=\/wp\/v2\/media\/179968"}],"wp:attachment":[{"href":"https:\/\/lospoliticosveracruz.com\/index.php?rest_route=%2Fwp%2Fv2%2Fmedia&parent=179967"}],"wp:term":[{"taxonomy":"category","embeddable":true,"href":"https:\/\/lospoliticosveracruz.com\/index.php?rest_route=%2Fwp%2Fv2%2Fcategories&post=179967"},{"taxonomy":"post_tag","embeddable":true,"href":"https:\/\/lospoliticosveracruz.com\/index.php?rest_route=%2Fwp%2Fv2%2Ftags&post=179967"}],"curies":[{"name":"wp","href":"https:\/\/api.w.org\/{rel}","templated":true}]}}