{"id":179975,"date":"2026-09-03T18:30:27","date_gmt":"2026-09-04T00:30:27","guid":{"rendered":"https:\/\/lospoliticosveracruz.com\/?p=179975"},"modified":"2026-09-03T18:30:29","modified_gmt":"2026-09-04T00:30:29","slug":"sheinbaum-y-una-reparacion-historica-en-veracruz","status":"publish","type":"post","link":"https:\/\/lospoliticosveracruz.com\/?p=179975","title":{"rendered":"SHEINBAUM Y UNA REPARACI\u00d3N HIST\u00d3RICA EN VERACRUZ"},"content":{"rendered":"<div class=\"wp-block-image\">\n<figure class=\"alignleft size-medium is-resized\"><a href=\"https:\/\/lospoliticosveracruz.com\/wp-content\/uploads\/2026\/09\/no-ala-pirotecnia-medio_300x300png.png\"><img loading=\"lazy\" decoding=\"async\" width=\"300\" height=\"300\" src=\"https:\/\/lospoliticosveracruz.com\/wp-content\/uploads\/2026\/09\/no-ala-pirotecnia-medio_300x300png-300x300.png\" alt=\"\" class=\"wp-image-179741\" style=\"width:425px;height:auto\" srcset=\"https:\/\/lospoliticosveracruz.com\/wp-content\/uploads\/2026\/09\/no-ala-pirotecnia-medio_300x300png-300x300.png 300w, https:\/\/lospoliticosveracruz.com\/wp-content\/uploads\/2026\/09\/no-ala-pirotecnia-medio_300x300png-1024x1024.png 1024w, https:\/\/lospoliticosveracruz.com\/wp-content\/uploads\/2026\/09\/no-ala-pirotecnia-medio_300x300png-150x150.png 150w, https:\/\/lospoliticosveracruz.com\/wp-content\/uploads\/2026\/09\/no-ala-pirotecnia-medio_300x300png-768x768.png 768w, https:\/\/lospoliticosveracruz.com\/wp-content\/uploads\/2026\/09\/no-ala-pirotecnia-medio_300x300png-420x420.png 420w, https:\/\/lospoliticosveracruz.com\/wp-content\/uploads\/2026\/09\/no-ala-pirotecnia-medio_300x300png-696x696.png 696w, https:\/\/lospoliticosveracruz.com\/wp-content\/uploads\/2026\/09\/no-ala-pirotecnia-medio_300x300png-1068x1068.png 1068w, https:\/\/lospoliticosveracruz.com\/wp-content\/uploads\/2026\/09\/no-ala-pirotecnia-medio_300x300png.png 1250w\" sizes=\"auto, (max-width: 300px) 100vw, 300px\" \/><\/a><\/figure>\n<\/div>\n\n\n\n\n<p><strong>Gonzalo Gu\u00edzar Valladares&nbsp;<\/strong><\/p>\n\n\n\n<p><em>En Voz Alta&nbsp;<\/em><\/p>\n\n\n\n<p>Casi 80 a\u00f1os despu\u00e9s de haber sido desplazados por la ejecuci\u00f3n de las presas &#8216;Miguel Alem\u00e1n&#8217; y &#8216;Cerro de Oro&#8217;, 32 comunidades ind\u00edgenas de Veracruz empiezan a ver un resarcimiento de da\u00f1os y comprosimos incumplidos, gracias al &#8216;Plan de Justicia para las Comunidades Chinantecas y Mazatecas del Valle de Uxpanapa&#8217;.<\/p>\n\n\n\n<p>En mi humilde opini\u00f3n, es uno de los temas m\u00e1s destacados de los que puede hablar la Presidenta Claudia Sheinbaum en su Segundo Informe de Labores. Y la jefa de las instituciones de Veracruz, Roc\u00edo Nahle Garc\u00eda, lo sabe y por ello lo ha difundido en sus redes sociales a trav\u00e9s de reels, junto con diversos aspectos que han impactado positivamente en nuestro querido estado.<\/p>\n\n\n\n<p>El &#8216;Plan de Justicia para las Comunidades Chinantecas y Mazatecas del Valle de Uxpanapa&#8217;, es coordinado por el Gobierno de M\u00e9xico y el Instituto Nacional de los Pueblos Ind\u00edgenas (INPI) y, sin duda, es una iniciativa hist\u00f3rica tras el desplazamiento forzado que sufrieron estos pueblos hace m\u00e1s de siete d\u00e9cadas debido a la construcci\u00f3n de las presas \u00abMiguel Alem\u00e1n\u00bb y \u00abCerro de Oro\u00bb.<\/p>\n\n\n\n<p>La primera iniciada por Miguel Alem\u00e1n Vald\u00e9s y concluida por Adolfo Ruiz Cortines; mientras que la segunda fue iniciada por Luis Echeverr\u00eda \u00c1lvarez y terminada por Miguel de la Madrid Hurtado. Ambos proyectos coincidieron con la mayor parte de su obra civil en los t\u00faneles y la cortina, en los a\u00f1os 80&#8217;s.<\/p>\n\n\n\n<p>La construcci\u00f3n de las presas Miguel Alem\u00e1n y Cerro de Oro provoc\u00f3 un desplazamiento forzado masivo que transform\u00f3 de forma irreversible la estructura social, econ\u00f3mica y cultural de los pueblos mazateco y chinanteco. Investigadores y defensores de derechos humanos coinciden en que los procesos operaron bajo una l\u00f3gica de &#8216;desarrollo impuesto&#8217; que dej\u00f3 profundas heridas hist\u00f3ricas.<\/p>\n\n\n\n<p>Miles de familias fueron trasladadas al Valle de Uxpanapa, en el sur de Veracruz y, aunque el gobierno les prometi\u00f3 un \u00abprogreso agr\u00edcola\u00bb, el 90% de las tierras asignadas eran de vocaci\u00f3n selv\u00e1tica, no aptas para la agricultura comercial tradicional que ellos dominaban. Perdieron m\u00e1s de 52 mil hect\u00e1reas de tierras ricas y productivas; sitios sagrados; cementerios; y vieron fragmentadas las di\u00e1sporas, as\u00ed como divididas sus familias y sistemas de hacer pol\u00edtica por usos y costumbres como el Consejo de Ancianos.<\/p>\n\n\n\n<p>Por todo ello, el &#8216;Plan de Justicia para las Comunidades Chinantecas y Mazatecas del Valle de Uxpanapa&#8217;, no se ve simplemente como una entrega de obras p\u00fablicas, sino como una reparaci\u00f3n integral del da\u00f1o hist\u00f3rico y una lucha por recuperar la autonom\u00eda y la dignidad territorial.<\/p>\n\n\n\n<p>El alcance integral del proyecto beneficia de forma directa a 32 comunidades ind\u00edgenas y 7 asentamientos, impactando positivamente a 23 mil 330 personas a trav\u00e9s de una inversi\u00f3n acumulada que supera los 626 millones de pesos, distribuidos en varios ejes.<\/p>\n\n\n\n<p>Como el financiamiento a proyectos de salud y medicina tradicional, econom\u00eda local, preservaci\u00f3n de la lengua y cultura, as\u00ed como la promoci\u00f3n activa de los derechos de las mujeres ind\u00edgenas. Regularizaci\u00f3n agraria y atenci\u00f3n al reclamo hist\u00f3rico de las hect\u00e1reas prometidas para su reacomodo definitivo.<\/p>\n\n\n\n<p>Bajo el mandato de la presidenta Claudia Sheinbaum Pardo, los recursos para la xonstrucci\u00f3n de calles, banquetas, escuelas, hospitales, unidades deportivas y caminos artesanales, son administrados directamente por comit\u00e9s comunitarios aut\u00f3nomos.<\/p>\n\n\n\n<p>Mientras todo mundo habla de otros programas gubernamentales, me quise referir a este aspecto, porque trae consigo una deuda hist\u00f3rica con nuestras comunidades originarias. En hora buena por est\u00e1s 32 comunidades de Veracruz a las que por fin se les est\u00e1 haciendo justicia.. Tres o cuatro generaciones despu\u00e9s&#8230; Pero por fin los alcanz\u00f3 la justicia.<\/p>\n\n\n\n<p><\/p>\n","protected":false},"excerpt":{"rendered":"<p>Gonzalo Gu\u00edzar Valladares&nbsp; En Voz Alta&nbsp; Casi 80 a\u00f1os despu\u00e9s de haber sido desplazados por la ejecuci\u00f3n de las presas &#8216;Miguel Alem\u00e1n&#8217; y &#8216;Cerro de Oro&#8217;, 32 comunidades ind\u00edgenas de Veracruz empiezan a ver un resarcimiento de da\u00f1os y comprosimos incumplidos, gracias al &#8216;Plan de Justicia para las Comunidades Chinantecas y Mazatecas del Valle de [&hellip;]<\/p>\n","protected":false},"author":2,"featured_media":172042,"comment_status":"closed","ping_status":"closed","sticky":false,"template":"","format":"standard","meta":{"tdm_status":"","tdm_grid_status":"","footnotes":""},"categories":[70],"tags":[438],"class_list":{"0":"post-179975","1":"post","2":"type-post","3":"status-publish","4":"format-standard","5":"has-post-thumbnail","7":"category-de-opinion","8":"tag-gonzalo-guizar-valladares"},"yoast_head":"<!-- This site is optimized with the Yoast SEO plugin v28.1 - https:\/\/yoast.com\/product\/yoast-seo-wordpress\/ -->\n<title>SHEINBAUM Y UNA REPARACI\u00d3N HIST\u00d3RICA EN VERACRUZ - Los pol\u00edticos Veracruz<\/title>\n<meta name=\"robots\" content=\"index, follow, max-snippet:-1, max-image-preview:large, max-video-preview:-1\" \/>\n<link rel=\"canonical\" href=\"https:\/\/lospoliticosveracruz.com\/?p=179975\" \/>\n<meta property=\"og:locale\" content=\"es_ES\" \/>\n<meta property=\"og:type\" content=\"article\" \/>\n<meta property=\"og:title\" content=\"SHEINBAUM Y UNA REPARACI\u00d3N HIST\u00d3RICA EN VERACRUZ - Los pol\u00edticos Veracruz\" \/>\n<meta property=\"og:description\" content=\"Gonzalo Gu\u00edzar Valladares&nbsp; En Voz Alta&nbsp; Casi 80 a\u00f1os despu\u00e9s de haber sido desplazados por la ejecuci\u00f3n de las presas &#8216;Miguel Alem\u00e1n&#8217; y &#8216;Cerro de Oro&#8217;, 32 comunidades ind\u00edgenas de Veracruz empiezan a ver un resarcimiento de da\u00f1os y comprosimos incumplidos, gracias al &#8216;Plan de Justicia para las Comunidades Chinantecas y Mazatecas del Valle de [&hellip;]\" \/>\n<meta property=\"og:url\" content=\"https:\/\/lospoliticosveracruz.com\/?p=179975\" \/>\n<meta property=\"og:site_name\" content=\"Los pol\u00edticos Veracruz\" \/>\n<meta property=\"article:publisher\" content=\"https:\/\/www.facebook.com\/people\/Notimemes-de-los-Polticos\/61565672886568\/\" \/>\n<meta property=\"article:published_time\" content=\"2026-09-04T00:30:27+00:00\" \/>\n<meta property=\"article:modified_time\" content=\"2026-09-04T00:30:29+00:00\" \/>\n<meta property=\"og:image\" content=\"https:\/\/lospoliticosveracruz.com\/wp-content\/uploads\/2026\/05\/Gonzalo-Guizar-Valladares.jpg\" \/>\n\t<meta property=\"og:image:width\" content=\"1250\" \/>\n\t<meta property=\"og:image:height\" content=\"667\" \/>\n\t<meta property=\"og:image:type\" content=\"image\/jpeg\" \/>\n<meta name=\"author\" content=\"Lo viste en Los Pol\u00edticos\" \/>\n<meta name=\"twitter:card\" content=\"summary_large_image\" \/>\n<meta name=\"twitter:creator\" content=\"@LosPoliticosVer\" \/>\n<meta name=\"twitter:site\" content=\"@LosPoliticosVer\" \/>\n<meta name=\"twitter:label1\" content=\"Escrito por\" \/>\n\t<meta name=\"twitter:data1\" content=\"Lo viste en Los Pol\u00edticos\" \/>\n\t<meta name=\"twitter:label2\" content=\"Tiempo de lectura\" \/>\n\t<meta name=\"twitter:data2\" content=\"4 minutos\" \/>\n<script type=\"application\/ld+json\" class=\"yoast-schema-graph\">{\"@context\":\"https:\\\/\\\/schema.org\",\"@graph\":[{\"@type\":\"Article\",\"@id\":\"https:\\\/\\\/lospoliticosveracruz.com\\\/?p=179975#article\",\"isPartOf\":{\"@id\":\"https:\\\/\\\/lospoliticosveracruz.com\\\/?p=179975\"},\"author\":{\"name\":\"Lo viste en Los Pol\u00edticos\",\"@id\":\"https:\\\/\\\/lospoliticosveracruz.com\\\/#\\\/schema\\\/person\\\/b8702bb0e538456e6efd07080bf2a4a2\"},\"headline\":\"SHEINBAUM Y UNA REPARACI\u00d3N HIST\u00d3RICA EN VERACRUZ\",\"datePublished\":\"2026-09-04T00:30:27+00:00\",\"dateModified\":\"2026-09-04T00:30:29+00:00\",\"mainEntityOfPage\":{\"@id\":\"https:\\\/\\\/lospoliticosveracruz.com\\\/?p=179975\"},\"wordCount\":649,\"publisher\":{\"@id\":\"https:\\\/\\\/lospoliticosveracruz.com\\\/#organization\"},\"image\":{\"@id\":\"https:\\\/\\\/lospoliticosveracruz.com\\\/?p=179975#primaryimage\"},\"thumbnailUrl\":\"https:\\\/\\\/lospoliticosveracruz.com\\\/wp-content\\\/uploads\\\/2026\\\/05\\\/Gonzalo-Guizar-Valladares.jpg\",\"keywords\":[\"Gonzalo Gu\u00edzar Valladares\"],\"articleSection\":[\"De Opini\u00f3n\"],\"inLanguage\":\"es\"},{\"@type\":\"WebPage\",\"@id\":\"https:\\\/\\\/lospoliticosveracruz.com\\\/?p=179975\",\"url\":\"https:\\\/\\\/lospoliticosveracruz.com\\\/?p=179975\",\"name\":\"SHEINBAUM Y UNA REPARACI\u00d3N HIST\u00d3RICA EN VERACRUZ - Los pol\u00edticos Veracruz\",\"isPartOf\":{\"@id\":\"https:\\\/\\\/lospoliticosveracruz.com\\\/#website\"},\"primaryImageOfPage\":{\"@id\":\"https:\\\/\\\/lospoliticosveracruz.com\\\/?p=179975#primaryimage\"},\"image\":{\"@id\":\"https:\\\/\\\/lospoliticosveracruz.com\\\/?p=179975#primaryimage\"},\"thumbnailUrl\":\"https:\\\/\\\/lospoliticosveracruz.com\\\/wp-content\\\/uploads\\\/2026\\\/05\\\/Gonzalo-Guizar-Valladares.jpg\",\"datePublished\":\"2026-09-04T00:30:27+00:00\",\"dateModified\":\"2026-09-04T00:30:29+00:00\",\"breadcrumb\":{\"@id\":\"https:\\\/\\\/lospoliticosveracruz.com\\\/?p=179975#breadcrumb\"},\"inLanguage\":\"es\",\"potentialAction\":[{\"@type\":\"ReadAction\",\"target\":[\"https:\\\/\\\/lospoliticosveracruz.com\\\/?p=179975\"]}]},{\"@type\":\"ImageObject\",\"inLanguage\":\"es\",\"@id\":\"https:\\\/\\\/lospoliticosveracruz.com\\\/?p=179975#primaryimage\",\"url\":\"https:\\\/\\\/lospoliticosveracruz.com\\\/wp-content\\\/uploads\\\/2026\\\/05\\\/Gonzalo-Guizar-Valladares.jpg\",\"contentUrl\":\"https:\\\/\\\/lospoliticosveracruz.com\\\/wp-content\\\/uploads\\\/2026\\\/05\\\/Gonzalo-Guizar-Valladares.jpg\",\"width\":1250,\"height\":667},{\"@type\":\"BreadcrumbList\",\"@id\":\"https:\\\/\\\/lospoliticosveracruz.com\\\/?p=179975#breadcrumb\",\"itemListElement\":[{\"@type\":\"ListItem\",\"position\":1,\"name\":\"Portada\",\"item\":\"https:\\\/\\\/lospoliticosveracruz.com\\\/\"},{\"@type\":\"ListItem\",\"position\":2,\"name\":\"SHEINBAUM Y UNA REPARACI\u00d3N HIST\u00d3RICA EN VERACRUZ\"}]},{\"@type\":\"WebSite\",\"@id\":\"https:\\\/\\\/lospoliticosveracruz.com\\\/#website\",\"url\":\"https:\\\/\\\/lospoliticosveracruz.com\\\/\",\"name\":\"Los pol\u00edticos Veracruz\",\"description\":\"\",\"publisher\":{\"@id\":\"https:\\\/\\\/lospoliticosveracruz.com\\\/#organization\"},\"potentialAction\":[{\"@type\":\"SearchAction\",\"target\":{\"@type\":\"EntryPoint\",\"urlTemplate\":\"https:\\\/\\\/lospoliticosveracruz.com\\\/?s={search_term_string}\"},\"query-input\":{\"@type\":\"PropertyValueSpecification\",\"valueRequired\":true,\"valueName\":\"search_term_string\"}}],\"inLanguage\":\"es\"},{\"@type\":\"Organization\",\"@id\":\"https:\\\/\\\/lospoliticosveracruz.com\\\/#organization\",\"name\":\"Los pol\u00edticos Veracruz\",\"url\":\"https:\\\/\\\/lospoliticosveracruz.com\\\/\",\"logo\":{\"@type\":\"ImageObject\",\"inLanguage\":\"es\",\"@id\":\"https:\\\/\\\/lospoliticosveracruz.com\\\/#\\\/schema\\\/logo\\\/image\\\/\",\"url\":\"https:\\\/\\\/lospoliticosveracruz.com\\\/wp-content\\\/uploads\\\/2025\\\/12\\\/Logo-Nuevo-LOS-POLITICOS-1.jpg\",\"contentUrl\":\"https:\\\/\\\/lospoliticosveracruz.com\\\/wp-content\\\/uploads\\\/2025\\\/12\\\/Logo-Nuevo-LOS-POLITICOS-1.jpg\",\"width\":260,\"height\":70,\"caption\":\"Los pol\u00edticos Veracruz\"},\"image\":{\"@id\":\"https:\\\/\\\/lospoliticosveracruz.com\\\/#\\\/schema\\\/logo\\\/image\\\/\"},\"sameAs\":[\"https:\\\/\\\/www.facebook.com\\\/people\\\/Notimemes-de-los-Polticos\\\/61565672886568\\\/\",\"https:\\\/\\\/x.com\\\/LosPoliticosVer\"]},{\"@type\":\"Person\",\"@id\":\"https:\\\/\\\/lospoliticosveracruz.com\\\/#\\\/schema\\\/person\\\/b8702bb0e538456e6efd07080bf2a4a2\",\"name\":\"Lo viste en Los Pol\u00edticos\",\"image\":{\"@type\":\"ImageObject\",\"inLanguage\":\"es\",\"@id\":\"https:\\\/\\\/secure.gravatar.com\\\/avatar\\\/3a8de04a2656d44082be478bd6c086daa447c4651605818287b9532d3d0bd435?s=96&d=mm&r=g\",\"url\":\"https:\\\/\\\/secure.gravatar.com\\\/avatar\\\/3a8de04a2656d44082be478bd6c086daa447c4651605818287b9532d3d0bd435?s=96&d=mm&r=g\",\"contentUrl\":\"https:\\\/\\\/secure.gravatar.com\\\/avatar\\\/3a8de04a2656d44082be478bd6c086daa447c4651605818287b9532d3d0bd435?s=96&d=mm&r=g\",\"caption\":\"Lo viste en Los Pol\u00edticos\"},\"url\":\"https:\\\/\\\/lospoliticosveracruz.com\\\/?author=2\"}]}<\/script>\n<!-- \/ Yoast SEO plugin. -->","yoast_head_json":{"title":"SHEINBAUM Y UNA REPARACI\u00d3N HIST\u00d3RICA EN VERACRUZ - Los pol\u00edticos Veracruz","robots":{"index":"index","follow":"follow","max-snippet":"max-snippet:-1","max-image-preview":"max-image-preview:large","max-video-preview":"max-video-preview:-1"},"canonical":"https:\/\/lospoliticosveracruz.com\/?p=179975","og_locale":"es_ES","og_type":"article","og_title":"SHEINBAUM Y UNA REPARACI\u00d3N HIST\u00d3RICA EN VERACRUZ - Los pol\u00edticos Veracruz","og_description":"Gonzalo Gu\u00edzar Valladares&nbsp; En Voz Alta&nbsp; Casi 80 a\u00f1os despu\u00e9s de haber sido desplazados por la ejecuci\u00f3n de las presas &#8216;Miguel Alem\u00e1n&#8217; y &#8216;Cerro de Oro&#8217;, 32 comunidades ind\u00edgenas de Veracruz empiezan a ver un resarcimiento de da\u00f1os y comprosimos incumplidos, gracias al &#8216;Plan de Justicia para las Comunidades Chinantecas y Mazatecas del Valle de [&hellip;]","og_url":"https:\/\/lospoliticosveracruz.com\/?p=179975","og_site_name":"Los pol\u00edticos Veracruz","article_publisher":"https:\/\/www.facebook.com\/people\/Notimemes-de-los-Polticos\/61565672886568\/","article_published_time":"2026-09-04T00:30:27+00:00","article_modified_time":"2026-09-04T00:30:29+00:00","og_image":[{"width":1250,"height":667,"url":"https:\/\/lospoliticosveracruz.com\/wp-content\/uploads\/2026\/05\/Gonzalo-Guizar-Valladares.jpg","type":"image\/jpeg"}],"author":"Lo viste en Los Pol\u00edticos","twitter_card":"summary_large_image","twitter_creator":"@LosPoliticosVer","twitter_site":"@LosPoliticosVer","twitter_misc":{"Escrito por":"Lo viste en Los Pol\u00edticos","Tiempo de lectura":"4 minutos"},"schema":{"@context":"https:\/\/schema.org","@graph":[{"@type":"Article","@id":"https:\/\/lospoliticosveracruz.com\/?p=179975#article","isPartOf":{"@id":"https:\/\/lospoliticosveracruz.com\/?p=179975"},"author":{"name":"Lo viste en Los Pol\u00edticos","@id":"https:\/\/lospoliticosveracruz.com\/#\/schema\/person\/b8702bb0e538456e6efd07080bf2a4a2"},"headline":"SHEINBAUM Y UNA REPARACI\u00d3N HIST\u00d3RICA EN VERACRUZ","datePublished":"2026-09-04T00:30:27+00:00","dateModified":"2026-09-04T00:30:29+00:00","mainEntityOfPage":{"@id":"https:\/\/lospoliticosveracruz.com\/?p=179975"},"wordCount":649,"publisher":{"@id":"https:\/\/lospoliticosveracruz.com\/#organization"},"image":{"@id":"https:\/\/lospoliticosveracruz.com\/?p=179975#primaryimage"},"thumbnailUrl":"https:\/\/lospoliticosveracruz.com\/wp-content\/uploads\/2026\/05\/Gonzalo-Guizar-Valladares.jpg","keywords":["Gonzalo Gu\u00edzar Valladares"],"articleSection":["De Opini\u00f3n"],"inLanguage":"es"},{"@type":"WebPage","@id":"https:\/\/lospoliticosveracruz.com\/?p=179975","url":"https:\/\/lospoliticosveracruz.com\/?p=179975","name":"SHEINBAUM Y UNA REPARACI\u00d3N HIST\u00d3RICA EN VERACRUZ - Los pol\u00edticos Veracruz","isPartOf":{"@id":"https:\/\/lospoliticosveracruz.com\/#website"},"primaryImageOfPage":{"@id":"https:\/\/lospoliticosveracruz.com\/?p=179975#primaryimage"},"image":{"@id":"https:\/\/lospoliticosveracruz.com\/?p=179975#primaryimage"},"thumbnailUrl":"https:\/\/lospoliticosveracruz.com\/wp-content\/uploads\/2026\/05\/Gonzalo-Guizar-Valladares.jpg","datePublished":"2026-09-04T00:30:27+00:00","dateModified":"2026-09-04T00:30:29+00:00","breadcrumb":{"@id":"https:\/\/lospoliticosveracruz.com\/?p=179975#breadcrumb"},"inLanguage":"es","potentialAction":[{"@type":"ReadAction","target":["https:\/\/lospoliticosveracruz.com\/?p=179975"]}]},{"@type":"ImageObject","inLanguage":"es","@id":"https:\/\/lospoliticosveracruz.com\/?p=179975#primaryimage","url":"https:\/\/lospoliticosveracruz.com\/wp-content\/uploads\/2026\/05\/Gonzalo-Guizar-Valladares.jpg","contentUrl":"https:\/\/lospoliticosveracruz.com\/wp-content\/uploads\/2026\/05\/Gonzalo-Guizar-Valladares.jpg","width":1250,"height":667},{"@type":"BreadcrumbList","@id":"https:\/\/lospoliticosveracruz.com\/?p=179975#breadcrumb","itemListElement":[{"@type":"ListItem","position":1,"name":"Portada","item":"https:\/\/lospoliticosveracruz.com\/"},{"@type":"ListItem","position":2,"name":"SHEINBAUM Y UNA REPARACI\u00d3N HIST\u00d3RICA EN VERACRUZ"}]},{"@type":"WebSite","@id":"https:\/\/lospoliticosveracruz.com\/#website","url":"https:\/\/lospoliticosveracruz.com\/","name":"Los pol\u00edticos Veracruz","description":"","publisher":{"@id":"https:\/\/lospoliticosveracruz.com\/#organization"},"potentialAction":[{"@type":"SearchAction","target":{"@type":"EntryPoint","urlTemplate":"https:\/\/lospoliticosveracruz.com\/?s={search_term_string}"},"query-input":{"@type":"PropertyValueSpecification","valueRequired":true,"valueName":"search_term_string"}}],"inLanguage":"es"},{"@type":"Organization","@id":"https:\/\/lospoliticosveracruz.com\/#organization","name":"Los pol\u00edticos Veracruz","url":"https:\/\/lospoliticosveracruz.com\/","logo":{"@type":"ImageObject","inLanguage":"es","@id":"https:\/\/lospoliticosveracruz.com\/#\/schema\/logo\/image\/","url":"https:\/\/lospoliticosveracruz.com\/wp-content\/uploads\/2025\/12\/Logo-Nuevo-LOS-POLITICOS-1.jpg","contentUrl":"https:\/\/lospoliticosveracruz.com\/wp-content\/uploads\/2025\/12\/Logo-Nuevo-LOS-POLITICOS-1.jpg","width":260,"height":70,"caption":"Los pol\u00edticos Veracruz"},"image":{"@id":"https:\/\/lospoliticosveracruz.com\/#\/schema\/logo\/image\/"},"sameAs":["https:\/\/www.facebook.com\/people\/Notimemes-de-los-Polticos\/61565672886568\/","https:\/\/x.com\/LosPoliticosVer"]},{"@type":"Person","@id":"https:\/\/lospoliticosveracruz.com\/#\/schema\/person\/b8702bb0e538456e6efd07080bf2a4a2","name":"Lo viste en Los Pol\u00edticos","image":{"@type":"ImageObject","inLanguage":"es","@id":"https:\/\/secure.gravatar.com\/avatar\/3a8de04a2656d44082be478bd6c086daa447c4651605818287b9532d3d0bd435?s=96&d=mm&r=g","url":"https:\/\/secure.gravatar.com\/avatar\/3a8de04a2656d44082be478bd6c086daa447c4651605818287b9532d3d0bd435?s=96&d=mm&r=g","contentUrl":"https:\/\/secure.gravatar.com\/avatar\/3a8de04a2656d44082be478bd6c086daa447c4651605818287b9532d3d0bd435?s=96&d=mm&r=g","caption":"Lo viste en Los Pol\u00edticos"},"url":"https:\/\/lospoliticosveracruz.com\/?author=2"}]}},"_links":{"self":[{"href":"https:\/\/lospoliticosveracruz.com\/index.php?rest_route=\/wp\/v2\/posts\/179975","targetHints":{"allow":["GET"]}}],"collection":[{"href":"https:\/\/lospoliticosveracruz.com\/index.php?rest_route=\/wp\/v2\/posts"}],"about":[{"href":"https:\/\/lospoliticosveracruz.com\/index.php?rest_route=\/wp\/v2\/types\/post"}],"author":[{"embeddable":true,"href":"https:\/\/lospoliticosveracruz.com\/index.php?rest_route=\/wp\/v2\/users\/2"}],"replies":[{"embeddable":true,"href":"https:\/\/lospoliticosveracruz.com\/index.php?rest_route=%2Fwp%2Fv2%2Fcomments&post=179975"}],"version-history":[{"count":1,"href":"https:\/\/lospoliticosveracruz.com\/index.php?rest_route=\/wp\/v2\/posts\/179975\/revisions"}],"predecessor-version":[{"id":179976,"href":"https:\/\/lospoliticosveracruz.com\/index.php?rest_route=\/wp\/v2\/posts\/179975\/revisions\/179976"}],"wp:featuredmedia":[{"embeddable":true,"href":"https:\/\/lospoliticosveracruz.com\/index.php?rest_route=\/wp\/v2\/media\/172042"}],"wp:attachment":[{"href":"https:\/\/lospoliticosveracruz.com\/index.php?rest_route=%2Fwp%2Fv2%2Fmedia&parent=179975"}],"wp:term":[{"taxonomy":"category","embeddable":true,"href":"https:\/\/lospoliticosveracruz.com\/index.php?rest_route=%2Fwp%2Fv2%2Fcategories&post=179975"},{"taxonomy":"post_tag","embeddable":true,"href":"https:\/\/lospoliticosveracruz.com\/index.php?rest_route=%2Fwp%2Fv2%2Ftags&post=179975"}],"curies":[{"name":"wp","href":"https:\/\/api.w.org\/{rel}","templated":true}]}}