{"id":179981,"date":"2026-09-03T20:00:00","date_gmt":"2026-09-04T02:00:00","guid":{"rendered":"https:\/\/lospoliticosveracruz.com\/?p=179981"},"modified":"2026-09-03T19:17:10","modified_gmt":"2026-09-04T01:17:10","slug":"la-grieta-del-2027","status":"publish","type":"post","link":"https:\/\/lospoliticosveracruz.com\/?p=179981","title":{"rendered":"LA GRIETA DEL 2027"},"content":{"rendered":"<div class=\"wp-block-image\">\n<figure class=\"alignleft size-full is-resized\"><a href=\"https:\/\/lospoliticosveracruz.com\/wp-content\/uploads\/2026\/05\/IMG_1092.png\"><img loading=\"lazy\" decoding=\"async\" width=\"640\" height=\"600\" src=\"https:\/\/lospoliticosveracruz.com\/wp-content\/uploads\/2026\/05\/IMG_1092.png\" alt=\"\" class=\"wp-image-172799\" style=\"width:375px;height:auto\" srcset=\"https:\/\/lospoliticosveracruz.com\/wp-content\/uploads\/2026\/05\/IMG_1092.png 640w, https:\/\/lospoliticosveracruz.com\/wp-content\/uploads\/2026\/05\/IMG_1092-300x281.png 300w, https:\/\/lospoliticosveracruz.com\/wp-content\/uploads\/2026\/05\/IMG_1092-448x420.png 448w, https:\/\/lospoliticosveracruz.com\/wp-content\/uploads\/2026\/05\/IMG_1092-150x141.png 150w\" sizes=\"auto, (max-width: 640px) 100vw, 640px\" \/><\/a><\/figure>\n<\/div>\n\n\n<p><strong>Salvador Mu\u00f1oz<\/strong><\/p>\n\n\n\n<p><em>Los Pol\u00edticos<\/em><\/p>\n\n\n\n<p>Orizaba, Boca del R\u00edo, Poza Rica, Papantla, Cosoleacaque\u2026 \u00bfun distrito de Xalapa?<\/p>\n\n\n\n<p>No son muchos. Tampoco son pocos.<\/p>\n\n\n\n<p>Son, en principio, algunos de los distritos locales donde Morena y sus aliados podr\u00edan encontrarse en 2027 con una elecci\u00f3n bastante distinta a esa caminata triunfal que algunos imaginan desde ahora, porque una cosa es tener el poder; otra, las encuestas; y una muy distinta, abrir las urnas.<\/p>\n\n\n\n<p>En Orizaba, por ejemplo, el Verde ya tuvo oportunidad de medir hasta d\u00f3nde llegaba su fuerza legislativa con Igor Roj\u00ed. La elecci\u00f3n municipal volvi\u00f3 a poner algunas cosas en su lugar con el mismo Igor Roj\u00ed y confirm\u00f3 que ah\u00ed el PRI todav\u00eda sabe d\u00f3nde est\u00e1n las canicas, qui\u00e9n las guarda y, sobre todo, c\u00f3mo jugar con ellas.<\/p>\n\n\n\n<p>No es garant\u00eda de triunfo para el tricolor, por supuesto, pero tampoco ser\u00eda prudente para Morena y compa\u00f1\u00eda entrar a ese distrito silbando y con las manos en los bolsillos.<\/p>\n\n\n\n<p>Boca del R\u00edo es otra historia.<\/p>\n\n\n\n<p>Ah\u00ed hay civilidad pol\u00edtica con la vecina, con la Gobernadora y con quien sea necesario, pero una elecci\u00f3n es una elecci\u00f3n. Para el PAN significa conservar quiz\u00e1 la \u00faltima gran joya de su corona veracruzana; para Morena, arranc\u00e1rsela ser\u00eda un trofeo pol\u00edtico que podr\u00eda presumir durante a\u00f1os. Y aunque falta mucho trecho, hoy los momios parecen favorecer a la casa azul.<\/p>\n\n\n\n<p>Luego vienen Poza Rica y Papantla.<\/p>\n\n\n\n<p>Ah\u00ed Morena carga un equipaje que cada d\u00eda pesa m\u00e1s. El tufillo que dejaron los procesos municipales, las acusaciones de fraude, las inundaciones, la respuesta de las autoridades, la inseguridad y, principalmente en Poza Rica, una violencia que ha terminado por convertirse en parte de la conversaci\u00f3n cotidiana.<\/p>\n\n\n\n<p>Y mientras Morena administra el desgaste, Movimiento Ciudadano seguramente toma nota. Ya le hizo la travesura una vez. \u00bfPor qu\u00e9 no pensar que pueda intentarlo otra?<\/p>\n\n\n\n<p>Cosoleacaque ser\u00e1 otra cosa.<\/p>\n\n\n\n<p>Ah\u00ed habr\u00e1 que esperar nombres. Porque hay municipios y distritos donde los partidos ponen una parte de los votos y los candidatos ponen la otra. Si aparece un V\u00e1zquez en la boleta, m\u00e1s vale que Morena no se conf\u00ede.<\/p>\n\n\n\n<p>Y Xalapa\u2026 Xalapa siempre merece cap\u00edtulo aparte. La capital tiene algo de \u201ccontreras\u201d. No necesariamente de derecha, izquierda o centro; es contreras contra el que manda. Es burocr\u00e1tica, universitaria, clasemediera, politizada, cr\u00edtica y, cuando se le atraviesa, antigobierno, antisistema, antiEstado y hasta anti lo que usted guste y mande. Depender\u00e1 much\u00edsimo de los candidatos.<\/p>\n\n\n\n<p>Hasta ah\u00ed, pudi\u00e9ramos hablar de cinco o seis distritos donde Morena y el Verde tendr\u00edan razones suficientes para no echar las campanas al vuelo.<\/p>\n\n\n\n<p>Pero \u00e9sa no es la grieta. La grieta puede llamarse PT. S\u00ed, ese PT que por s\u00ed solo puede aparentar tener la potencia de un Tehuac\u00e1n sin gas. Porque el asunto no est\u00e1 necesariamente en cu\u00e1ntos distritos pueda ganar el Partido del Trabajo, sino en cu\u00e1ntos pueda hacer perder a Morena. Y ah\u00ed aparece una operaci\u00f3n que pudiera ponerse interesante: la cacha-candidatos. Cuando Morena comience a repartir candidaturas, la tan cacareada unidad tendr\u00e1 que superar su prueba m\u00e1s dif\u00edcil.<\/p>\n\n\n\n<p>Mientras todos son aspirantes, hay abrazos. Mientras todos aparecen en las encuestas, hay sonrisas. Mientras todos creen que pueden ser, hay unidad, transformaci\u00f3n, segundo piso y fraternidad revolucionaria.<\/p>\n\n\n\n<p>El problema empieza cuando s\u00f3lo uno es candidato. Entonces aparece el compa\u00f1ero que ya no era tan compa\u00f1ero, la encuesta que estaba cuchareada, el grupo que no fue tomado en cuenta, la promesa incumplida y el cl\u00e1sico \u201cyo traigo m\u00e1s gente que \u00e9se\u201d. Y si enfrente est\u00e1 el PT con la puerta abierta\u2026 \u201c\u00a1P\u00e1sale, compa\u00f1ero!\u201d<\/p>\n\n\n\n<p>Porque un candidato resentido no llega solo. Trae operadores, estructura, amigos, algunos alcaldes, regidores, l\u00edderes de colonia, empresarios, grupos pol\u00edticos y uno que otro patrocinador dispuesto a demostrar que la dirigencia de Morena se equivoc\u00f3. El PT no tendr\u00eda que ganar. Le bastar\u00eda con partir el voto.<\/p>\n\n\n\n<p>Ah\u00ed es donde cinco o seis distritos complicados pudieran convertirse en ocho, diez o quiz\u00e1 alguno m\u00e1s. Y eso seguramente no forma parte de los buenos deseos de Roc\u00edo Nahle para 2027, cuya apuesta natural pasa por mantener unidos a Morena, Verde y PT porque separados, el adversario no necesariamente ser\u00eda el PAN, PRI o Movimiento Ciudadano. El adversario podr\u00eda terminar siendo un morenista vestido de petista.<\/p>\n\n\n\n<p>Lo curioso es que tampoco habr\u00eda que preocuparse demasiado si alguno gana. Ya conocemos la historia. El PT puede postularlo, llevarlo al Congreso y hasta presumirlo como diputado suyo. Despu\u00e9s Morena ver\u00e1 c\u00f3mo recuperarlo.<\/p>\n\n\n\n<p>Total, en la actual Legislatura el Partido del Trabajo empez\u00f3 con bancada y el camino termin\u00f3 por adelgazarla hasta desaparecerla. As\u00ed que hasta pudiera funcionar como estrategia electoral: El PT le quita diputados a Morena en las urnas\u2026 y Morena se los recupera en c\u00f3modas mensualidades durante la Legislatura. La unidad, pues, existe.<\/p>\n\n\n\n<p>Nom\u00e1s falta saber hasta cu\u00e1ndo.<\/p>\n\n\n\n<p><\/p>\n","protected":false},"excerpt":{"rendered":"<p>Salvador Mu\u00f1oz Los Pol\u00edticos Orizaba, Boca del R\u00edo, Poza Rica, Papantla, Cosoleacaque\u2026 \u00bfun distrito de Xalapa? No son muchos. Tampoco son pocos. Son, en principio, algunos de los distritos locales donde Morena y sus aliados podr\u00edan encontrarse en 2027 con una elecci\u00f3n bastante distinta a esa caminata triunfal que algunos imaginan desde ahora, porque una [&hellip;]<\/p>\n","protected":false},"author":2,"featured_media":141805,"comment_status":"closed","ping_status":"closed","sticky":false,"template":"","format":"standard","meta":{"tdm_status":"","tdm_grid_status":"","footnotes":""},"categories":[70],"tags":[44891,1026,3578,2646,195],"class_list":{"0":"post-179981","1":"post","2":"type-post","3":"status-publish","4":"format-standard","5":"has-post-thumbnail","7":"category-de-opinion","8":"tag-elecciones-2027","9":"tag-morena","10":"tag-rocio-nahle","11":"tag-salvador-munoz","12":"tag-veracruz"},"yoast_head":"<!-- This site is optimized with the Yoast SEO plugin v28.1 - https:\/\/yoast.com\/product\/yoast-seo-wordpress\/ -->\n<title>LA GRIETA DEL 2027 - Los pol\u00edticos Veracruz<\/title>\n<meta name=\"robots\" content=\"index, follow, max-snippet:-1, max-image-preview:large, max-video-preview:-1\" \/>\n<link rel=\"canonical\" href=\"https:\/\/lospoliticosveracruz.com\/?p=179981\" \/>\n<meta property=\"og:locale\" content=\"es_ES\" \/>\n<meta property=\"og:type\" content=\"article\" \/>\n<meta property=\"og:title\" content=\"LA GRIETA DEL 2027 - Los pol\u00edticos Veracruz\" \/>\n<meta property=\"og:description\" content=\"Salvador Mu\u00f1oz Los Pol\u00edticos Orizaba, Boca del R\u00edo, Poza Rica, Papantla, Cosoleacaque\u2026 \u00bfun distrito de Xalapa? No son muchos. Tampoco son pocos. Son, en principio, algunos de los distritos locales donde Morena y sus aliados podr\u00edan encontrarse en 2027 con una elecci\u00f3n bastante distinta a esa caminata triunfal que algunos imaginan desde ahora, porque una [&hellip;]\" \/>\n<meta property=\"og:url\" content=\"https:\/\/lospoliticosveracruz.com\/?p=179981\" \/>\n<meta property=\"og:site_name\" content=\"Los pol\u00edticos Veracruz\" \/>\n<meta property=\"article:publisher\" content=\"https:\/\/www.facebook.com\/people\/Notimemes-de-los-Polticos\/61565672886568\/\" \/>\n<meta property=\"article:published_time\" content=\"2026-09-04T02:00:00+00:00\" \/>\n<meta property=\"og:image\" content=\"https:\/\/lospoliticosveracruz.com\/wp-content\/uploads\/2025\/04\/Chava-Munoz-1-e1780313266383.jpg\" \/>\n\t<meta property=\"og:image:width\" content=\"600\" \/>\n\t<meta property=\"og:image:height\" content=\"320\" \/>\n\t<meta property=\"og:image:type\" content=\"image\/jpeg\" \/>\n<meta name=\"author\" content=\"Lo viste en Los Pol\u00edticos\" \/>\n<meta name=\"twitter:card\" content=\"summary_large_image\" \/>\n<meta name=\"twitter:creator\" content=\"@LosPoliticosVer\" \/>\n<meta name=\"twitter:site\" content=\"@LosPoliticosVer\" \/>\n<meta name=\"twitter:label1\" content=\"Escrito por\" \/>\n\t<meta name=\"twitter:data1\" content=\"Lo viste en Los Pol\u00edticos\" \/>\n\t<meta name=\"twitter:label2\" content=\"Tiempo de lectura\" \/>\n\t<meta name=\"twitter:data2\" content=\"5 minutos\" \/>\n<script type=\"application\/ld+json\" class=\"yoast-schema-graph\">{\"@context\":\"https:\\\/\\\/schema.org\",\"@graph\":[{\"@type\":\"Article\",\"@id\":\"https:\\\/\\\/lospoliticosveracruz.com\\\/?p=179981#article\",\"isPartOf\":{\"@id\":\"https:\\\/\\\/lospoliticosveracruz.com\\\/?p=179981\"},\"author\":{\"name\":\"Lo viste en Los Pol\u00edticos\",\"@id\":\"https:\\\/\\\/lospoliticosveracruz.com\\\/#\\\/schema\\\/person\\\/b8702bb0e538456e6efd07080bf2a4a2\"},\"headline\":\"LA GRIETA DEL 2027\",\"datePublished\":\"2026-09-04T02:00:00+00:00\",\"mainEntityOfPage\":{\"@id\":\"https:\\\/\\\/lospoliticosveracruz.com\\\/?p=179981\"},\"wordCount\":859,\"publisher\":{\"@id\":\"https:\\\/\\\/lospoliticosveracruz.com\\\/#organization\"},\"image\":{\"@id\":\"https:\\\/\\\/lospoliticosveracruz.com\\\/?p=179981#primaryimage\"},\"thumbnailUrl\":\"https:\\\/\\\/lospoliticosveracruz.com\\\/wp-content\\\/uploads\\\/2025\\\/04\\\/Chava-Munoz-1-e1780313266383.jpg\",\"keywords\":[\"elecciones 2027\",\"Morena\",\"Roc\u00edo Nahle\",\"Salvador Mu\u00f1oz\",\"Veracruz\"],\"articleSection\":[\"De Opini\u00f3n\"],\"inLanguage\":\"es\"},{\"@type\":\"WebPage\",\"@id\":\"https:\\\/\\\/lospoliticosveracruz.com\\\/?p=179981\",\"url\":\"https:\\\/\\\/lospoliticosveracruz.com\\\/?p=179981\",\"name\":\"LA GRIETA DEL 2027 - Los pol\u00edticos Veracruz\",\"isPartOf\":{\"@id\":\"https:\\\/\\\/lospoliticosveracruz.com\\\/#website\"},\"primaryImageOfPage\":{\"@id\":\"https:\\\/\\\/lospoliticosveracruz.com\\\/?p=179981#primaryimage\"},\"image\":{\"@id\":\"https:\\\/\\\/lospoliticosveracruz.com\\\/?p=179981#primaryimage\"},\"thumbnailUrl\":\"https:\\\/\\\/lospoliticosveracruz.com\\\/wp-content\\\/uploads\\\/2025\\\/04\\\/Chava-Munoz-1-e1780313266383.jpg\",\"datePublished\":\"2026-09-04T02:00:00+00:00\",\"breadcrumb\":{\"@id\":\"https:\\\/\\\/lospoliticosveracruz.com\\\/?p=179981#breadcrumb\"},\"inLanguage\":\"es\",\"potentialAction\":[{\"@type\":\"ReadAction\",\"target\":[\"https:\\\/\\\/lospoliticosveracruz.com\\\/?p=179981\"]}]},{\"@type\":\"ImageObject\",\"inLanguage\":\"es\",\"@id\":\"https:\\\/\\\/lospoliticosveracruz.com\\\/?p=179981#primaryimage\",\"url\":\"https:\\\/\\\/lospoliticosveracruz.com\\\/wp-content\\\/uploads\\\/2025\\\/04\\\/Chava-Munoz-1-e1780313266383.jpg\",\"contentUrl\":\"https:\\\/\\\/lospoliticosveracruz.com\\\/wp-content\\\/uploads\\\/2025\\\/04\\\/Chava-Munoz-1-e1780313266383.jpg\",\"width\":600,\"height\":320},{\"@type\":\"BreadcrumbList\",\"@id\":\"https:\\\/\\\/lospoliticosveracruz.com\\\/?p=179981#breadcrumb\",\"itemListElement\":[{\"@type\":\"ListItem\",\"position\":1,\"name\":\"Portada\",\"item\":\"https:\\\/\\\/lospoliticosveracruz.com\\\/\"},{\"@type\":\"ListItem\",\"position\":2,\"name\":\"LA GRIETA DEL 2027\"}]},{\"@type\":\"WebSite\",\"@id\":\"https:\\\/\\\/lospoliticosveracruz.com\\\/#website\",\"url\":\"https:\\\/\\\/lospoliticosveracruz.com\\\/\",\"name\":\"Los pol\u00edticos Veracruz\",\"description\":\"\",\"publisher\":{\"@id\":\"https:\\\/\\\/lospoliticosveracruz.com\\\/#organization\"},\"potentialAction\":[{\"@type\":\"SearchAction\",\"target\":{\"@type\":\"EntryPoint\",\"urlTemplate\":\"https:\\\/\\\/lospoliticosveracruz.com\\\/?s={search_term_string}\"},\"query-input\":{\"@type\":\"PropertyValueSpecification\",\"valueRequired\":true,\"valueName\":\"search_term_string\"}}],\"inLanguage\":\"es\"},{\"@type\":\"Organization\",\"@id\":\"https:\\\/\\\/lospoliticosveracruz.com\\\/#organization\",\"name\":\"Los pol\u00edticos Veracruz\",\"url\":\"https:\\\/\\\/lospoliticosveracruz.com\\\/\",\"logo\":{\"@type\":\"ImageObject\",\"inLanguage\":\"es\",\"@id\":\"https:\\\/\\\/lospoliticosveracruz.com\\\/#\\\/schema\\\/logo\\\/image\\\/\",\"url\":\"https:\\\/\\\/lospoliticosveracruz.com\\\/wp-content\\\/uploads\\\/2025\\\/12\\\/Logo-Nuevo-LOS-POLITICOS-1.jpg\",\"contentUrl\":\"https:\\\/\\\/lospoliticosveracruz.com\\\/wp-content\\\/uploads\\\/2025\\\/12\\\/Logo-Nuevo-LOS-POLITICOS-1.jpg\",\"width\":260,\"height\":70,\"caption\":\"Los pol\u00edticos Veracruz\"},\"image\":{\"@id\":\"https:\\\/\\\/lospoliticosveracruz.com\\\/#\\\/schema\\\/logo\\\/image\\\/\"},\"sameAs\":[\"https:\\\/\\\/www.facebook.com\\\/people\\\/Notimemes-de-los-Polticos\\\/61565672886568\\\/\",\"https:\\\/\\\/x.com\\\/LosPoliticosVer\"]},{\"@type\":\"Person\",\"@id\":\"https:\\\/\\\/lospoliticosveracruz.com\\\/#\\\/schema\\\/person\\\/b8702bb0e538456e6efd07080bf2a4a2\",\"name\":\"Lo viste en Los Pol\u00edticos\",\"image\":{\"@type\":\"ImageObject\",\"inLanguage\":\"es\",\"@id\":\"https:\\\/\\\/secure.gravatar.com\\\/avatar\\\/3a8de04a2656d44082be478bd6c086daa447c4651605818287b9532d3d0bd435?s=96&d=mm&r=g\",\"url\":\"https:\\\/\\\/secure.gravatar.com\\\/avatar\\\/3a8de04a2656d44082be478bd6c086daa447c4651605818287b9532d3d0bd435?s=96&d=mm&r=g\",\"contentUrl\":\"https:\\\/\\\/secure.gravatar.com\\\/avatar\\\/3a8de04a2656d44082be478bd6c086daa447c4651605818287b9532d3d0bd435?s=96&d=mm&r=g\",\"caption\":\"Lo viste en Los Pol\u00edticos\"},\"url\":\"https:\\\/\\\/lospoliticosveracruz.com\\\/?author=2\"}]}<\/script>\n<!-- \/ Yoast SEO plugin. -->","yoast_head_json":{"title":"LA GRIETA DEL 2027 - Los pol\u00edticos Veracruz","robots":{"index":"index","follow":"follow","max-snippet":"max-snippet:-1","max-image-preview":"max-image-preview:large","max-video-preview":"max-video-preview:-1"},"canonical":"https:\/\/lospoliticosveracruz.com\/?p=179981","og_locale":"es_ES","og_type":"article","og_title":"LA GRIETA DEL 2027 - Los pol\u00edticos Veracruz","og_description":"Salvador Mu\u00f1oz Los Pol\u00edticos Orizaba, Boca del R\u00edo, Poza Rica, Papantla, Cosoleacaque\u2026 \u00bfun distrito de Xalapa? No son muchos. Tampoco son pocos. Son, en principio, algunos de los distritos locales donde Morena y sus aliados podr\u00edan encontrarse en 2027 con una elecci\u00f3n bastante distinta a esa caminata triunfal que algunos imaginan desde ahora, porque una [&hellip;]","og_url":"https:\/\/lospoliticosveracruz.com\/?p=179981","og_site_name":"Los pol\u00edticos Veracruz","article_publisher":"https:\/\/www.facebook.com\/people\/Notimemes-de-los-Polticos\/61565672886568\/","article_published_time":"2026-09-04T02:00:00+00:00","og_image":[{"width":600,"height":320,"url":"https:\/\/lospoliticosveracruz.com\/wp-content\/uploads\/2025\/04\/Chava-Munoz-1-e1780313266383.jpg","type":"image\/jpeg"}],"author":"Lo viste en Los Pol\u00edticos","twitter_card":"summary_large_image","twitter_creator":"@LosPoliticosVer","twitter_site":"@LosPoliticosVer","twitter_misc":{"Escrito por":"Lo viste en Los Pol\u00edticos","Tiempo de lectura":"5 minutos"},"schema":{"@context":"https:\/\/schema.org","@graph":[{"@type":"Article","@id":"https:\/\/lospoliticosveracruz.com\/?p=179981#article","isPartOf":{"@id":"https:\/\/lospoliticosveracruz.com\/?p=179981"},"author":{"name":"Lo viste en Los Pol\u00edticos","@id":"https:\/\/lospoliticosveracruz.com\/#\/schema\/person\/b8702bb0e538456e6efd07080bf2a4a2"},"headline":"LA GRIETA DEL 2027","datePublished":"2026-09-04T02:00:00+00:00","mainEntityOfPage":{"@id":"https:\/\/lospoliticosveracruz.com\/?p=179981"},"wordCount":859,"publisher":{"@id":"https:\/\/lospoliticosveracruz.com\/#organization"},"image":{"@id":"https:\/\/lospoliticosveracruz.com\/?p=179981#primaryimage"},"thumbnailUrl":"https:\/\/lospoliticosveracruz.com\/wp-content\/uploads\/2025\/04\/Chava-Munoz-1-e1780313266383.jpg","keywords":["elecciones 2027","Morena","Roc\u00edo Nahle","Salvador Mu\u00f1oz","Veracruz"],"articleSection":["De Opini\u00f3n"],"inLanguage":"es"},{"@type":"WebPage","@id":"https:\/\/lospoliticosveracruz.com\/?p=179981","url":"https:\/\/lospoliticosveracruz.com\/?p=179981","name":"LA GRIETA DEL 2027 - Los pol\u00edticos Veracruz","isPartOf":{"@id":"https:\/\/lospoliticosveracruz.com\/#website"},"primaryImageOfPage":{"@id":"https:\/\/lospoliticosveracruz.com\/?p=179981#primaryimage"},"image":{"@id":"https:\/\/lospoliticosveracruz.com\/?p=179981#primaryimage"},"thumbnailUrl":"https:\/\/lospoliticosveracruz.com\/wp-content\/uploads\/2025\/04\/Chava-Munoz-1-e1780313266383.jpg","datePublished":"2026-09-04T02:00:00+00:00","breadcrumb":{"@id":"https:\/\/lospoliticosveracruz.com\/?p=179981#breadcrumb"},"inLanguage":"es","potentialAction":[{"@type":"ReadAction","target":["https:\/\/lospoliticosveracruz.com\/?p=179981"]}]},{"@type":"ImageObject","inLanguage":"es","@id":"https:\/\/lospoliticosveracruz.com\/?p=179981#primaryimage","url":"https:\/\/lospoliticosveracruz.com\/wp-content\/uploads\/2025\/04\/Chava-Munoz-1-e1780313266383.jpg","contentUrl":"https:\/\/lospoliticosveracruz.com\/wp-content\/uploads\/2025\/04\/Chava-Munoz-1-e1780313266383.jpg","width":600,"height":320},{"@type":"BreadcrumbList","@id":"https:\/\/lospoliticosveracruz.com\/?p=179981#breadcrumb","itemListElement":[{"@type":"ListItem","position":1,"name":"Portada","item":"https:\/\/lospoliticosveracruz.com\/"},{"@type":"ListItem","position":2,"name":"LA GRIETA DEL 2027"}]},{"@type":"WebSite","@id":"https:\/\/lospoliticosveracruz.com\/#website","url":"https:\/\/lospoliticosveracruz.com\/","name":"Los pol\u00edticos Veracruz","description":"","publisher":{"@id":"https:\/\/lospoliticosveracruz.com\/#organization"},"potentialAction":[{"@type":"SearchAction","target":{"@type":"EntryPoint","urlTemplate":"https:\/\/lospoliticosveracruz.com\/?s={search_term_string}"},"query-input":{"@type":"PropertyValueSpecification","valueRequired":true,"valueName":"search_term_string"}}],"inLanguage":"es"},{"@type":"Organization","@id":"https:\/\/lospoliticosveracruz.com\/#organization","name":"Los pol\u00edticos Veracruz","url":"https:\/\/lospoliticosveracruz.com\/","logo":{"@type":"ImageObject","inLanguage":"es","@id":"https:\/\/lospoliticosveracruz.com\/#\/schema\/logo\/image\/","url":"https:\/\/lospoliticosveracruz.com\/wp-content\/uploads\/2025\/12\/Logo-Nuevo-LOS-POLITICOS-1.jpg","contentUrl":"https:\/\/lospoliticosveracruz.com\/wp-content\/uploads\/2025\/12\/Logo-Nuevo-LOS-POLITICOS-1.jpg","width":260,"height":70,"caption":"Los pol\u00edticos Veracruz"},"image":{"@id":"https:\/\/lospoliticosveracruz.com\/#\/schema\/logo\/image\/"},"sameAs":["https:\/\/www.facebook.com\/people\/Notimemes-de-los-Polticos\/61565672886568\/","https:\/\/x.com\/LosPoliticosVer"]},{"@type":"Person","@id":"https:\/\/lospoliticosveracruz.com\/#\/schema\/person\/b8702bb0e538456e6efd07080bf2a4a2","name":"Lo viste en Los Pol\u00edticos","image":{"@type":"ImageObject","inLanguage":"es","@id":"https:\/\/secure.gravatar.com\/avatar\/3a8de04a2656d44082be478bd6c086daa447c4651605818287b9532d3d0bd435?s=96&d=mm&r=g","url":"https:\/\/secure.gravatar.com\/avatar\/3a8de04a2656d44082be478bd6c086daa447c4651605818287b9532d3d0bd435?s=96&d=mm&r=g","contentUrl":"https:\/\/secure.gravatar.com\/avatar\/3a8de04a2656d44082be478bd6c086daa447c4651605818287b9532d3d0bd435?s=96&d=mm&r=g","caption":"Lo viste en Los Pol\u00edticos"},"url":"https:\/\/lospoliticosveracruz.com\/?author=2"}]}},"_links":{"self":[{"href":"https:\/\/lospoliticosveracruz.com\/index.php?rest_route=\/wp\/v2\/posts\/179981","targetHints":{"allow":["GET"]}}],"collection":[{"href":"https:\/\/lospoliticosveracruz.com\/index.php?rest_route=\/wp\/v2\/posts"}],"about":[{"href":"https:\/\/lospoliticosveracruz.com\/index.php?rest_route=\/wp\/v2\/types\/post"}],"author":[{"embeddable":true,"href":"https:\/\/lospoliticosveracruz.com\/index.php?rest_route=\/wp\/v2\/users\/2"}],"replies":[{"embeddable":true,"href":"https:\/\/lospoliticosveracruz.com\/index.php?rest_route=%2Fwp%2Fv2%2Fcomments&post=179981"}],"version-history":[{"count":1,"href":"https:\/\/lospoliticosveracruz.com\/index.php?rest_route=\/wp\/v2\/posts\/179981\/revisions"}],"predecessor-version":[{"id":179982,"href":"https:\/\/lospoliticosveracruz.com\/index.php?rest_route=\/wp\/v2\/posts\/179981\/revisions\/179982"}],"wp:featuredmedia":[{"embeddable":true,"href":"https:\/\/lospoliticosveracruz.com\/index.php?rest_route=\/wp\/v2\/media\/141805"}],"wp:attachment":[{"href":"https:\/\/lospoliticosveracruz.com\/index.php?rest_route=%2Fwp%2Fv2%2Fmedia&parent=179981"}],"wp:term":[{"taxonomy":"category","embeddable":true,"href":"https:\/\/lospoliticosveracruz.com\/index.php?rest_route=%2Fwp%2Fv2%2Fcategories&post=179981"},{"taxonomy":"post_tag","embeddable":true,"href":"https:\/\/lospoliticosveracruz.com\/index.php?rest_route=%2Fwp%2Fv2%2Ftags&post=179981"}],"curies":[{"name":"wp","href":"https:\/\/api.w.org\/{rel}","templated":true}]}}