{"id":179987,"date":"2026-09-03T20:20:28","date_gmt":"2026-09-04T02:20:28","guid":{"rendered":"https:\/\/lospoliticosveracruz.com\/?p=179987"},"modified":"2026-09-03T20:20:30","modified_gmt":"2026-09-04T02:20:30","slug":"un-dialogo-ciudadano-necesario","status":"publish","type":"post","link":"https:\/\/lospoliticosveracruz.com\/?p=179987","title":{"rendered":"UN DI\u00c1LOGO CIUDADANO NECESARIO"},"content":{"rendered":"<div class=\"wp-block-image\">\n<figure class=\"alignleft size-large is-resized\"><a href=\"https:\/\/lospoliticosveracruz.com\/wp-content\/uploads\/2026\/09\/banners-prevencion-suicidio-500x500-1.png\"><img loading=\"lazy\" decoding=\"async\" width=\"1024\" height=\"1024\" src=\"https:\/\/lospoliticosveracruz.com\/wp-content\/uploads\/2026\/09\/banners-prevencion-suicidio-500x500-1-1024x1024.png\" alt=\"\" class=\"wp-image-179740\" style=\"width:476px;height:auto\" srcset=\"https:\/\/lospoliticosveracruz.com\/wp-content\/uploads\/2026\/09\/banners-prevencion-suicidio-500x500-1-1024x1024.png 1024w, https:\/\/lospoliticosveracruz.com\/wp-content\/uploads\/2026\/09\/banners-prevencion-suicidio-500x500-1-300x300.png 300w, https:\/\/lospoliticosveracruz.com\/wp-content\/uploads\/2026\/09\/banners-prevencion-suicidio-500x500-1-150x150.png 150w, https:\/\/lospoliticosveracruz.com\/wp-content\/uploads\/2026\/09\/banners-prevencion-suicidio-500x500-1-768x768.png 768w, https:\/\/lospoliticosveracruz.com\/wp-content\/uploads\/2026\/09\/banners-prevencion-suicidio-500x500-1-1536x1536.png 1536w, https:\/\/lospoliticosveracruz.com\/wp-content\/uploads\/2026\/09\/banners-prevencion-suicidio-500x500-1-2048x2048.png 2048w, https:\/\/lospoliticosveracruz.com\/wp-content\/uploads\/2026\/09\/banners-prevencion-suicidio-500x500-1-420x420.png 420w, https:\/\/lospoliticosveracruz.com\/wp-content\/uploads\/2026\/09\/banners-prevencion-suicidio-500x500-1-696x696.png 696w, https:\/\/lospoliticosveracruz.com\/wp-content\/uploads\/2026\/09\/banners-prevencion-suicidio-500x500-1-1068x1068.png 1068w, https:\/\/lospoliticosveracruz.com\/wp-content\/uploads\/2026\/09\/banners-prevencion-suicidio-500x500-1-1920x1920.png 1920w\" sizes=\"auto, (max-width: 1024px) 100vw, 1024px\" \/><\/a><\/figure>\n<\/div>\n\n\n<p><strong>Jair Clodoaldo Xilotl S\u00e1nchez<\/strong><\/p>\n\n\n\n<p>Ya hemos dicho que en el ayuntamiento el Cabildo es el \u00f3rgano colegiado de gobierno municipal encargado de administrar los asuntos p\u00fablicos de un municipio.<\/p>\n\n\n\n<p>Es el tomador de decisiones y qui\u00e9n aprueba los reglamentos locales. Ah\u00ed cabe la funci\u00f3n del regidor, eso lo abordaremos m\u00e1s adelante.<\/p>\n\n\n\n<p>Cabildo abierto es la reuni\u00f3n p\u00fablica donde las autoridades dialogan y debaten decisiones directamente con los ciudadanos.<\/p>\n\n\n\n<p>En el municipio de Teocelo existe, por lo menos en redes sociales, evidencia de decisiones del Cabildo teocelense que no han sido del todo pensando en el bien de la ciudad o para el beneficio de la comunidad, por lo menos no han tenido, en ese cuerpo colegiado, la sensibilidad de ser considerados, por ejemplo, con la opini\u00f3n de los ciudadanos, o profundizar en la legislaci\u00f3n que se ocupe para alcanzar el objetivo que se requiera.<\/p>\n\n\n\n<p>Se ve, se nota, o que los ediles toman decisiones arrebatadas, es decir, por sus pantalones, por conveniencia, flojera o valemadrismo, o los asesores son un grupo poco competente o sin alcance de miras, chafas pues, les ha valido el nepotismo, el compadrazgo, ellos mismos, los asesores \u00bfNo les dicen nada a los ediles?, mantienen las constructoras del exalcalde y \u00bfnadie dice nada?, ven que los ediles van a tomar decisiones equivocadas y \u00bfnadie les dice nada?<\/p>\n\n\n\n<p>As\u00ed que ser\u00eda bueno que adem\u00e1s de asistir al programa de radio a d\u00f3nde visitan a sus amigos, recordando que ese espacio no es un verdadero Cabildo abierto, el de la radio es un reconocido y premiado programa al que tambi\u00e9n he tenido la oportunidad de asistir, sin embargo, no deja de ser un producto de la barra de programas que tiene la querida Radio Teocelo.<\/p>\n\n\n\n<p>Aqu\u00ed se trata de proponer que se haga un Cabildo abierto en la plaza p\u00fablica con la ciudadan\u00eda y la autoridad para que esta exprese lo que est\u00e1 haciendo con su toma de decisiones, que podamos escuchar las propuestas y cuestionar por ejemplo a quien ocupa la regidur\u00eda de cu\u00e1l ha sido su papel frente a las decisiones del resto del Cabildo, porque si alguien tendr\u00eda que estar abogando por hacer bien las cosas en el Cabildo, es la Regidur\u00eda.<\/p>\n\n\n\n<p>No en la regidur\u00eda, sino en el Cabildo, pues el papel de esa figura es representar a una parte del electorado que no vot\u00f3 por la f\u00f3rmula ganadora; la cual por cierto ya no s\u00e9 a quien representa si a los amigos del PT que anduvieron de casa en casa invitando a la gente a no votar por Morena o a los de Morena y el Verde a quienes ellos mismos les arrebataron la elecci\u00f3n, en fin, a alguien han de representar distintos de los naranjas.<\/p>\n\n\n\n<p>Por tanto, es necesario recuperar la relaci\u00f3n constructiva entre la autoridad y la ciudadan\u00eda, fortalecer la convivencia sana evitando el anonimato de las redes sociales y la descalificaci\u00f3n detr\u00e1s de un tel\u00f3n.<\/p>\n\n\n\n<p>As\u00ed podr\u00edamos ver el rumbo que lleva el municipio, a d\u00f3nde por cierto no hay recursos de d\u00f3nde tomar para enfrentar la problem\u00e1tica local, eso es verdad; as\u00ed que urge conocer la situaci\u00f3n del ayuntamiento, y tambi\u00e9n las propuestas de la ciudadan\u00eda, a ver si juntos encontramos la vereda hacia fuera de la barranca, porque de momento no se alcanza a observar la salida para el elefante en la sala del palacio municipal, veremos si este responde al nombre de incompetencia o desorganizado, o tambi\u00e9n juntos le cambiamos el nombre, veremos dijo un ciego.<\/p>\n","protected":false},"excerpt":{"rendered":"<p>Jair Clodoaldo Xilotl S\u00e1nchez Ya hemos dicho que en el ayuntamiento el Cabildo es el \u00f3rgano colegiado de gobierno municipal encargado de administrar los asuntos p\u00fablicos de un municipio. Es el tomador de decisiones y qui\u00e9n aprueba los reglamentos locales. Ah\u00ed cabe la funci\u00f3n del regidor, eso lo abordaremos m\u00e1s adelante. Cabildo abierto es la [&hellip;]<\/p>\n","protected":false},"author":2,"featured_media":166404,"comment_status":"closed","ping_status":"closed","sticky":false,"template":"","format":"standard","meta":{"tdm_status":"","tdm_grid_status":"","footnotes":""},"categories":[70],"tags":[48451,67154,10327,56320,11612,11828,1452],"class_list":{"0":"post-179987","1":"post","2":"type-post","3":"status-publish","4":"format-standard","5":"has-post-thumbnail","7":"category-de-opinion","8":"tag-ayuntamiento","9":"tag-cabildo-abierto","10":"tag-ciudadania","11":"tag-jair-clodoaldo-xilotl-sanchez","12":"tag-participacion-ciudadana","13":"tag-regidores","14":"tag-teocelo"},"yoast_head":"<!-- This site is optimized with the Yoast SEO plugin v28.1 - https:\/\/yoast.com\/product\/yoast-seo-wordpress\/ -->\n<title>UN DI\u00c1LOGO CIUDADANO NECESARIO - Los pol\u00edticos Veracruz<\/title>\n<meta name=\"robots\" content=\"index, follow, max-snippet:-1, max-image-preview:large, max-video-preview:-1\" \/>\n<link rel=\"canonical\" href=\"https:\/\/lospoliticosveracruz.com\/?p=179987\" \/>\n<meta property=\"og:locale\" content=\"es_ES\" \/>\n<meta property=\"og:type\" content=\"article\" \/>\n<meta property=\"og:title\" content=\"UN DI\u00c1LOGO CIUDADANO NECESARIO - Los pol\u00edticos Veracruz\" \/>\n<meta property=\"og:description\" content=\"Jair Clodoaldo Xilotl S\u00e1nchez Ya hemos dicho que en el ayuntamiento el Cabildo es el \u00f3rgano colegiado de gobierno municipal encargado de administrar los asuntos p\u00fablicos de un municipio. Es el tomador de decisiones y qui\u00e9n aprueba los reglamentos locales. Ah\u00ed cabe la funci\u00f3n del regidor, eso lo abordaremos m\u00e1s adelante. Cabildo abierto es la [&hellip;]\" \/>\n<meta property=\"og:url\" content=\"https:\/\/lospoliticosveracruz.com\/?p=179987\" \/>\n<meta property=\"og:site_name\" content=\"Los pol\u00edticos Veracruz\" \/>\n<meta property=\"article:publisher\" content=\"https:\/\/www.facebook.com\/people\/Notimemes-de-los-Polticos\/61565672886568\/\" \/>\n<meta property=\"article:published_time\" content=\"2026-09-04T02:20:28+00:00\" \/>\n<meta property=\"article:modified_time\" content=\"2026-09-04T02:20:30+00:00\" \/>\n<meta property=\"og:image\" content=\"https:\/\/lospoliticosveracruz.com\/wp-content\/uploads\/2026\/03\/Jair-Clodoaldo-Xilotl-Sanchez.jpg\" \/>\n\t<meta property=\"og:image:width\" content=\"1250\" \/>\n\t<meta property=\"og:image:height\" content=\"667\" \/>\n\t<meta property=\"og:image:type\" content=\"image\/jpeg\" \/>\n<meta name=\"author\" content=\"Lo viste en Los Pol\u00edticos\" \/>\n<meta name=\"twitter:card\" content=\"summary_large_image\" \/>\n<meta name=\"twitter:creator\" content=\"@LosPoliticosVer\" \/>\n<meta name=\"twitter:site\" content=\"@LosPoliticosVer\" \/>\n<meta name=\"twitter:label1\" content=\"Escrito por\" \/>\n\t<meta name=\"twitter:data1\" content=\"Lo viste en Los Pol\u00edticos\" \/>\n\t<meta name=\"twitter:label2\" content=\"Tiempo de lectura\" \/>\n\t<meta name=\"twitter:data2\" content=\"4 minutos\" \/>\n<script type=\"application\/ld+json\" class=\"yoast-schema-graph\">{\"@context\":\"https:\\\/\\\/schema.org\",\"@graph\":[{\"@type\":\"Article\",\"@id\":\"https:\\\/\\\/lospoliticosveracruz.com\\\/?p=179987#article\",\"isPartOf\":{\"@id\":\"https:\\\/\\\/lospoliticosveracruz.com\\\/?p=179987\"},\"author\":{\"name\":\"Lo viste en Los Pol\u00edticos\",\"@id\":\"https:\\\/\\\/lospoliticosveracruz.com\\\/#\\\/schema\\\/person\\\/b8702bb0e538456e6efd07080bf2a4a2\"},\"headline\":\"UN DI\u00c1LOGO CIUDADANO NECESARIO\",\"datePublished\":\"2026-09-04T02:20:28+00:00\",\"dateModified\":\"2026-09-04T02:20:30+00:00\",\"mainEntityOfPage\":{\"@id\":\"https:\\\/\\\/lospoliticosveracruz.com\\\/?p=179987\"},\"wordCount\":619,\"publisher\":{\"@id\":\"https:\\\/\\\/lospoliticosveracruz.com\\\/#organization\"},\"image\":{\"@id\":\"https:\\\/\\\/lospoliticosveracruz.com\\\/?p=179987#primaryimage\"},\"thumbnailUrl\":\"https:\\\/\\\/lospoliticosveracruz.com\\\/wp-content\\\/uploads\\\/2026\\\/03\\\/Jair-Clodoaldo-Xilotl-Sanchez.jpg\",\"keywords\":[\"Ayuntamiento\",\"Cabildo Abierto\",\"ciudadan\u00eda\",\"Jair Clodoaldo Xilotl S\u00e1nchez\",\"participaci\u00f3n ciudadana\",\"regidores\",\"Teocelo\"],\"articleSection\":[\"De Opini\u00f3n\"],\"inLanguage\":\"es\"},{\"@type\":\"WebPage\",\"@id\":\"https:\\\/\\\/lospoliticosveracruz.com\\\/?p=179987\",\"url\":\"https:\\\/\\\/lospoliticosveracruz.com\\\/?p=179987\",\"name\":\"UN DI\u00c1LOGO CIUDADANO NECESARIO - Los pol\u00edticos Veracruz\",\"isPartOf\":{\"@id\":\"https:\\\/\\\/lospoliticosveracruz.com\\\/#website\"},\"primaryImageOfPage\":{\"@id\":\"https:\\\/\\\/lospoliticosveracruz.com\\\/?p=179987#primaryimage\"},\"image\":{\"@id\":\"https:\\\/\\\/lospoliticosveracruz.com\\\/?p=179987#primaryimage\"},\"thumbnailUrl\":\"https:\\\/\\\/lospoliticosveracruz.com\\\/wp-content\\\/uploads\\\/2026\\\/03\\\/Jair-Clodoaldo-Xilotl-Sanchez.jpg\",\"datePublished\":\"2026-09-04T02:20:28+00:00\",\"dateModified\":\"2026-09-04T02:20:30+00:00\",\"breadcrumb\":{\"@id\":\"https:\\\/\\\/lospoliticosveracruz.com\\\/?p=179987#breadcrumb\"},\"inLanguage\":\"es\",\"potentialAction\":[{\"@type\":\"ReadAction\",\"target\":[\"https:\\\/\\\/lospoliticosveracruz.com\\\/?p=179987\"]}]},{\"@type\":\"ImageObject\",\"inLanguage\":\"es\",\"@id\":\"https:\\\/\\\/lospoliticosveracruz.com\\\/?p=179987#primaryimage\",\"url\":\"https:\\\/\\\/lospoliticosveracruz.com\\\/wp-content\\\/uploads\\\/2026\\\/03\\\/Jair-Clodoaldo-Xilotl-Sanchez.jpg\",\"contentUrl\":\"https:\\\/\\\/lospoliticosveracruz.com\\\/wp-content\\\/uploads\\\/2026\\\/03\\\/Jair-Clodoaldo-Xilotl-Sanchez.jpg\",\"width\":1250,\"height\":667},{\"@type\":\"BreadcrumbList\",\"@id\":\"https:\\\/\\\/lospoliticosveracruz.com\\\/?p=179987#breadcrumb\",\"itemListElement\":[{\"@type\":\"ListItem\",\"position\":1,\"name\":\"Portada\",\"item\":\"https:\\\/\\\/lospoliticosveracruz.com\\\/\"},{\"@type\":\"ListItem\",\"position\":2,\"name\":\"UN DI\u00c1LOGO CIUDADANO NECESARIO\"}]},{\"@type\":\"WebSite\",\"@id\":\"https:\\\/\\\/lospoliticosveracruz.com\\\/#website\",\"url\":\"https:\\\/\\\/lospoliticosveracruz.com\\\/\",\"name\":\"Los pol\u00edticos Veracruz\",\"description\":\"\",\"publisher\":{\"@id\":\"https:\\\/\\\/lospoliticosveracruz.com\\\/#organization\"},\"potentialAction\":[{\"@type\":\"SearchAction\",\"target\":{\"@type\":\"EntryPoint\",\"urlTemplate\":\"https:\\\/\\\/lospoliticosveracruz.com\\\/?s={search_term_string}\"},\"query-input\":{\"@type\":\"PropertyValueSpecification\",\"valueRequired\":true,\"valueName\":\"search_term_string\"}}],\"inLanguage\":\"es\"},{\"@type\":\"Organization\",\"@id\":\"https:\\\/\\\/lospoliticosveracruz.com\\\/#organization\",\"name\":\"Los pol\u00edticos Veracruz\",\"url\":\"https:\\\/\\\/lospoliticosveracruz.com\\\/\",\"logo\":{\"@type\":\"ImageObject\",\"inLanguage\":\"es\",\"@id\":\"https:\\\/\\\/lospoliticosveracruz.com\\\/#\\\/schema\\\/logo\\\/image\\\/\",\"url\":\"https:\\\/\\\/lospoliticosveracruz.com\\\/wp-content\\\/uploads\\\/2025\\\/12\\\/Logo-Nuevo-LOS-POLITICOS-1.jpg\",\"contentUrl\":\"https:\\\/\\\/lospoliticosveracruz.com\\\/wp-content\\\/uploads\\\/2025\\\/12\\\/Logo-Nuevo-LOS-POLITICOS-1.jpg\",\"width\":260,\"height\":70,\"caption\":\"Los pol\u00edticos Veracruz\"},\"image\":{\"@id\":\"https:\\\/\\\/lospoliticosveracruz.com\\\/#\\\/schema\\\/logo\\\/image\\\/\"},\"sameAs\":[\"https:\\\/\\\/www.facebook.com\\\/people\\\/Notimemes-de-los-Polticos\\\/61565672886568\\\/\",\"https:\\\/\\\/x.com\\\/LosPoliticosVer\"]},{\"@type\":\"Person\",\"@id\":\"https:\\\/\\\/lospoliticosveracruz.com\\\/#\\\/schema\\\/person\\\/b8702bb0e538456e6efd07080bf2a4a2\",\"name\":\"Lo viste en Los Pol\u00edticos\",\"image\":{\"@type\":\"ImageObject\",\"inLanguage\":\"es\",\"@id\":\"https:\\\/\\\/secure.gravatar.com\\\/avatar\\\/3a8de04a2656d44082be478bd6c086daa447c4651605818287b9532d3d0bd435?s=96&d=mm&r=g\",\"url\":\"https:\\\/\\\/secure.gravatar.com\\\/avatar\\\/3a8de04a2656d44082be478bd6c086daa447c4651605818287b9532d3d0bd435?s=96&d=mm&r=g\",\"contentUrl\":\"https:\\\/\\\/secure.gravatar.com\\\/avatar\\\/3a8de04a2656d44082be478bd6c086daa447c4651605818287b9532d3d0bd435?s=96&d=mm&r=g\",\"caption\":\"Lo viste en Los Pol\u00edticos\"},\"url\":\"https:\\\/\\\/lospoliticosveracruz.com\\\/?author=2\"}]}<\/script>\n<!-- \/ Yoast SEO plugin. -->","yoast_head_json":{"title":"UN DI\u00c1LOGO CIUDADANO NECESARIO - Los pol\u00edticos Veracruz","robots":{"index":"index","follow":"follow","max-snippet":"max-snippet:-1","max-image-preview":"max-image-preview:large","max-video-preview":"max-video-preview:-1"},"canonical":"https:\/\/lospoliticosveracruz.com\/?p=179987","og_locale":"es_ES","og_type":"article","og_title":"UN DI\u00c1LOGO CIUDADANO NECESARIO - Los pol\u00edticos Veracruz","og_description":"Jair Clodoaldo Xilotl S\u00e1nchez Ya hemos dicho que en el ayuntamiento el Cabildo es el \u00f3rgano colegiado de gobierno municipal encargado de administrar los asuntos p\u00fablicos de un municipio. Es el tomador de decisiones y qui\u00e9n aprueba los reglamentos locales. Ah\u00ed cabe la funci\u00f3n del regidor, eso lo abordaremos m\u00e1s adelante. Cabildo abierto es la [&hellip;]","og_url":"https:\/\/lospoliticosveracruz.com\/?p=179987","og_site_name":"Los pol\u00edticos Veracruz","article_publisher":"https:\/\/www.facebook.com\/people\/Notimemes-de-los-Polticos\/61565672886568\/","article_published_time":"2026-09-04T02:20:28+00:00","article_modified_time":"2026-09-04T02:20:30+00:00","og_image":[{"width":1250,"height":667,"url":"https:\/\/lospoliticosveracruz.com\/wp-content\/uploads\/2026\/03\/Jair-Clodoaldo-Xilotl-Sanchez.jpg","type":"image\/jpeg"}],"author":"Lo viste en Los Pol\u00edticos","twitter_card":"summary_large_image","twitter_creator":"@LosPoliticosVer","twitter_site":"@LosPoliticosVer","twitter_misc":{"Escrito por":"Lo viste en Los Pol\u00edticos","Tiempo de lectura":"4 minutos"},"schema":{"@context":"https:\/\/schema.org","@graph":[{"@type":"Article","@id":"https:\/\/lospoliticosveracruz.com\/?p=179987#article","isPartOf":{"@id":"https:\/\/lospoliticosveracruz.com\/?p=179987"},"author":{"name":"Lo viste en Los Pol\u00edticos","@id":"https:\/\/lospoliticosveracruz.com\/#\/schema\/person\/b8702bb0e538456e6efd07080bf2a4a2"},"headline":"UN DI\u00c1LOGO CIUDADANO NECESARIO","datePublished":"2026-09-04T02:20:28+00:00","dateModified":"2026-09-04T02:20:30+00:00","mainEntityOfPage":{"@id":"https:\/\/lospoliticosveracruz.com\/?p=179987"},"wordCount":619,"publisher":{"@id":"https:\/\/lospoliticosveracruz.com\/#organization"},"image":{"@id":"https:\/\/lospoliticosveracruz.com\/?p=179987#primaryimage"},"thumbnailUrl":"https:\/\/lospoliticosveracruz.com\/wp-content\/uploads\/2026\/03\/Jair-Clodoaldo-Xilotl-Sanchez.jpg","keywords":["Ayuntamiento","Cabildo Abierto","ciudadan\u00eda","Jair Clodoaldo Xilotl S\u00e1nchez","participaci\u00f3n ciudadana","regidores","Teocelo"],"articleSection":["De Opini\u00f3n"],"inLanguage":"es"},{"@type":"WebPage","@id":"https:\/\/lospoliticosveracruz.com\/?p=179987","url":"https:\/\/lospoliticosveracruz.com\/?p=179987","name":"UN DI\u00c1LOGO CIUDADANO NECESARIO - Los pol\u00edticos Veracruz","isPartOf":{"@id":"https:\/\/lospoliticosveracruz.com\/#website"},"primaryImageOfPage":{"@id":"https:\/\/lospoliticosveracruz.com\/?p=179987#primaryimage"},"image":{"@id":"https:\/\/lospoliticosveracruz.com\/?p=179987#primaryimage"},"thumbnailUrl":"https:\/\/lospoliticosveracruz.com\/wp-content\/uploads\/2026\/03\/Jair-Clodoaldo-Xilotl-Sanchez.jpg","datePublished":"2026-09-04T02:20:28+00:00","dateModified":"2026-09-04T02:20:30+00:00","breadcrumb":{"@id":"https:\/\/lospoliticosveracruz.com\/?p=179987#breadcrumb"},"inLanguage":"es","potentialAction":[{"@type":"ReadAction","target":["https:\/\/lospoliticosveracruz.com\/?p=179987"]}]},{"@type":"ImageObject","inLanguage":"es","@id":"https:\/\/lospoliticosveracruz.com\/?p=179987#primaryimage","url":"https:\/\/lospoliticosveracruz.com\/wp-content\/uploads\/2026\/03\/Jair-Clodoaldo-Xilotl-Sanchez.jpg","contentUrl":"https:\/\/lospoliticosveracruz.com\/wp-content\/uploads\/2026\/03\/Jair-Clodoaldo-Xilotl-Sanchez.jpg","width":1250,"height":667},{"@type":"BreadcrumbList","@id":"https:\/\/lospoliticosveracruz.com\/?p=179987#breadcrumb","itemListElement":[{"@type":"ListItem","position":1,"name":"Portada","item":"https:\/\/lospoliticosveracruz.com\/"},{"@type":"ListItem","position":2,"name":"UN DI\u00c1LOGO CIUDADANO NECESARIO"}]},{"@type":"WebSite","@id":"https:\/\/lospoliticosveracruz.com\/#website","url":"https:\/\/lospoliticosveracruz.com\/","name":"Los pol\u00edticos Veracruz","description":"","publisher":{"@id":"https:\/\/lospoliticosveracruz.com\/#organization"},"potentialAction":[{"@type":"SearchAction","target":{"@type":"EntryPoint","urlTemplate":"https:\/\/lospoliticosveracruz.com\/?s={search_term_string}"},"query-input":{"@type":"PropertyValueSpecification","valueRequired":true,"valueName":"search_term_string"}}],"inLanguage":"es"},{"@type":"Organization","@id":"https:\/\/lospoliticosveracruz.com\/#organization","name":"Los pol\u00edticos Veracruz","url":"https:\/\/lospoliticosveracruz.com\/","logo":{"@type":"ImageObject","inLanguage":"es","@id":"https:\/\/lospoliticosveracruz.com\/#\/schema\/logo\/image\/","url":"https:\/\/lospoliticosveracruz.com\/wp-content\/uploads\/2025\/12\/Logo-Nuevo-LOS-POLITICOS-1.jpg","contentUrl":"https:\/\/lospoliticosveracruz.com\/wp-content\/uploads\/2025\/12\/Logo-Nuevo-LOS-POLITICOS-1.jpg","width":260,"height":70,"caption":"Los pol\u00edticos Veracruz"},"image":{"@id":"https:\/\/lospoliticosveracruz.com\/#\/schema\/logo\/image\/"},"sameAs":["https:\/\/www.facebook.com\/people\/Notimemes-de-los-Polticos\/61565672886568\/","https:\/\/x.com\/LosPoliticosVer"]},{"@type":"Person","@id":"https:\/\/lospoliticosveracruz.com\/#\/schema\/person\/b8702bb0e538456e6efd07080bf2a4a2","name":"Lo viste en Los Pol\u00edticos","image":{"@type":"ImageObject","inLanguage":"es","@id":"https:\/\/secure.gravatar.com\/avatar\/3a8de04a2656d44082be478bd6c086daa447c4651605818287b9532d3d0bd435?s=96&d=mm&r=g","url":"https:\/\/secure.gravatar.com\/avatar\/3a8de04a2656d44082be478bd6c086daa447c4651605818287b9532d3d0bd435?s=96&d=mm&r=g","contentUrl":"https:\/\/secure.gravatar.com\/avatar\/3a8de04a2656d44082be478bd6c086daa447c4651605818287b9532d3d0bd435?s=96&d=mm&r=g","caption":"Lo viste en Los Pol\u00edticos"},"url":"https:\/\/lospoliticosveracruz.com\/?author=2"}]}},"_links":{"self":[{"href":"https:\/\/lospoliticosveracruz.com\/index.php?rest_route=\/wp\/v2\/posts\/179987","targetHints":{"allow":["GET"]}}],"collection":[{"href":"https:\/\/lospoliticosveracruz.com\/index.php?rest_route=\/wp\/v2\/posts"}],"about":[{"href":"https:\/\/lospoliticosveracruz.com\/index.php?rest_route=\/wp\/v2\/types\/post"}],"author":[{"embeddable":true,"href":"https:\/\/lospoliticosveracruz.com\/index.php?rest_route=\/wp\/v2\/users\/2"}],"replies":[{"embeddable":true,"href":"https:\/\/lospoliticosveracruz.com\/index.php?rest_route=%2Fwp%2Fv2%2Fcomments&post=179987"}],"version-history":[{"count":1,"href":"https:\/\/lospoliticosveracruz.com\/index.php?rest_route=\/wp\/v2\/posts\/179987\/revisions"}],"predecessor-version":[{"id":179988,"href":"https:\/\/lospoliticosveracruz.com\/index.php?rest_route=\/wp\/v2\/posts\/179987\/revisions\/179988"}],"wp:featuredmedia":[{"embeddable":true,"href":"https:\/\/lospoliticosveracruz.com\/index.php?rest_route=\/wp\/v2\/media\/166404"}],"wp:attachment":[{"href":"https:\/\/lospoliticosveracruz.com\/index.php?rest_route=%2Fwp%2Fv2%2Fmedia&parent=179987"}],"wp:term":[{"taxonomy":"category","embeddable":true,"href":"https:\/\/lospoliticosveracruz.com\/index.php?rest_route=%2Fwp%2Fv2%2Fcategories&post=179987"},{"taxonomy":"post_tag","embeddable":true,"href":"https:\/\/lospoliticosveracruz.com\/index.php?rest_route=%2Fwp%2Fv2%2Ftags&post=179987"}],"curies":[{"name":"wp","href":"https:\/\/api.w.org\/{rel}","templated":true}]}}