{"id":179991,"date":"2026-09-03T20:33:56","date_gmt":"2026-09-04T02:33:56","guid":{"rendered":"https:\/\/lospoliticosveracruz.com\/?p=179991"},"modified":"2026-09-03T20:33:58","modified_gmt":"2026-09-04T02:33:58","slug":"sueldos-de-los-servidores-publicos-en-la-discusion-social","status":"publish","type":"post","link":"https:\/\/lospoliticosveracruz.com\/?p=179991","title":{"rendered":"SUELDOS DE LOS SERVIDORES P\u00daBLICOS EN LA DISCUSI\u00d3N SOCIAL"},"content":{"rendered":"<div class=\"wp-block-image\">\n<figure class=\"alignleft size-medium is-resized\"><a href=\"https:\/\/lospoliticosveracruz.com\/wp-content\/uploads\/2026\/09\/no-ala-pirotecnia-medio_300x300png.png\"><img loading=\"lazy\" decoding=\"async\" width=\"300\" height=\"300\" src=\"https:\/\/lospoliticosveracruz.com\/wp-content\/uploads\/2026\/09\/no-ala-pirotecnia-medio_300x300png-300x300.png\" alt=\"\" class=\"wp-image-179741\" style=\"width:425px;height:auto\" srcset=\"https:\/\/lospoliticosveracruz.com\/wp-content\/uploads\/2026\/09\/no-ala-pirotecnia-medio_300x300png-300x300.png 300w, https:\/\/lospoliticosveracruz.com\/wp-content\/uploads\/2026\/09\/no-ala-pirotecnia-medio_300x300png-1024x1024.png 1024w, https:\/\/lospoliticosveracruz.com\/wp-content\/uploads\/2026\/09\/no-ala-pirotecnia-medio_300x300png-150x150.png 150w, https:\/\/lospoliticosveracruz.com\/wp-content\/uploads\/2026\/09\/no-ala-pirotecnia-medio_300x300png-768x768.png 768w, https:\/\/lospoliticosveracruz.com\/wp-content\/uploads\/2026\/09\/no-ala-pirotecnia-medio_300x300png-420x420.png 420w, https:\/\/lospoliticosveracruz.com\/wp-content\/uploads\/2026\/09\/no-ala-pirotecnia-medio_300x300png-696x696.png 696w, https:\/\/lospoliticosveracruz.com\/wp-content\/uploads\/2026\/09\/no-ala-pirotecnia-medio_300x300png-1068x1068.png 1068w, https:\/\/lospoliticosveracruz.com\/wp-content\/uploads\/2026\/09\/no-ala-pirotecnia-medio_300x300png.png 1250w\" sizes=\"auto, (max-width: 300px) 100vw, 300px\" \/><\/a><\/figure>\n<\/div>\n\n\n\n\n<p><strong>Jos\u00e9 Luis Enr\u00edquez Ambell<br><\/strong><em>Caf\u00e9 de Ma\u00f1ana<\/em><\/p>\n\n\n\n<p><\/p>\n\n\n\n<p>Una pol\u00e9mica innecesaria \u2014as\u00ed lo creo y pienso\u2014 es el asunto de los sueldos de servidores p\u00fablicos en su conjunto.<\/p>\n\n\n\n<p>La pol\u00e9mica y polarizaci\u00f3n en relaci\u00f3n con el contraste entre las pol\u00edticas de austeridad oficial y los altos ingresos reportados por servidores p\u00fablicos no deber\u00edan ser motivo de discusi\u00f3n en la agenda nacional, al existir otros temas de mayor inter\u00e9s para la poblaci\u00f3n.<\/p>\n\n\n\n<p>Si hay un tope salarial, si igual la norma lo describe en el Art. 127 de la Carta Magna, donde se establece que ning\u00fan servidor p\u00fablico puede recibir una remuneraci\u00f3n mayor a la establecida para el titular del Poder Ejecutivo Federal, lo que es innegable es que no resulta ser el sueldo una agravante para nadie, ni est\u00e1 por encima de otras demandas sociales que son urgentes de atender.<\/p>\n\n\n\n<p>Los enfoques desde distintos puntos de la sociedad, as\u00ed como considerando revisiones patrimoniales relativas a las percepciones mayores a las de la presidenta de M\u00e9xico o de los gobernantes en los estados del pa\u00eds, incluyendo al Poder Judicial e incluso a organismos aut\u00f3nomos, que tambi\u00e9n han protagonizado debates sobre la reducci\u00f3n o autonom\u00eda de sus percepciones salariales, las observaciones son est\u00e9riles en la realidad.<\/p>\n\n\n\n<p>La discusi\u00f3n ha escalado a las pensiones y otros recortes con el \u00e1nimo de freno, pero todo eso es m\u00e1s medi\u00e1tico a que en realidad sea relevante.<\/p>\n\n\n\n<p>Y es que todas esas medidas buscan limitar pagos excesivos si han impactado en empresas del Estado Mexicano, como lo son Pemex o CFE, aunque han provocado hasta desacuerdos y promovido amparos de jubilados afectados, y es que casi todos los argumentos en discusi\u00f3n circulan en la \u00f3rbita de la austeridad y la justicia social, diciendo que los recursos p\u00fablicos deben priorizar el gasto social y as\u00ed frenar los privilegios de la burocracia dorada, pero eso no ha resuelto los problemas de recursos en materia de seguridad, salud, educaci\u00f3n, entre otros.<\/p>\n\n\n\n<p>Ahora bien, no perdamos de la \u00f3ptica, para la transparencia y el combate a la corrupci\u00f3n, que pagar bien reconoce talentos y contribuye a la honestidad en el servicio p\u00fablico.<\/p>\n\n\n\n<p><strong>DE SOBREMESA<\/strong><\/p>\n\n\n\n<p>Cabe decir que, en los sueldos y las prestaciones en el sector oficial, considero que resulta necesario constituir un Comit\u00e9 de Personas Expertas en Econom\u00eda y Finanzas para que elaboren un mejor diagn\u00f3stico objetivo, serio y fundado acerca del costo de la vida, as\u00ed como de su constante crecimiento, y tambi\u00e9n acerca de las reales necesidades econ\u00f3micas personales y familiares que deben satisfacer las y los servidores p\u00fablicos, de tal manera que el mencionado Comit\u00e9 proceda posteriormente a elaborar un pron\u00f3stico serio, s\u00f3lido, fundado y viable, que permita fijar objetivamente los sueldos y prestaciones de los referidos servidores p\u00fablicos, seg\u00fan el nivel que se trate.<\/p>\n\n\n\n<p>Y es que la administraci\u00f3n p\u00fablica no es de ocurrencias, pues las pol\u00edticas p\u00fablicas y los presupuestos p\u00fablicos se edifican con ideas.<\/p>\n\n\n\n<p><strong>UN CAF\u00c9 LECHERO LIGHT<\/strong><\/p>\n\n\n\n<p>En torno a la lista de inscritos para contender por el ORFIS en relevo de Delia Gonz\u00e1lez, la mayor\u00eda, por una \u201cingenuidad\u201d en el quehacer p\u00fablico, acudi\u00f3 a enlistarse ante la Comisi\u00f3n Legislativa Permanente de Vigilancia del Congreso de Veracruz.<\/p>\n\n\n\n<p>Ya de por s\u00ed, la designaci\u00f3n de los titulares de los organismos de fiscalizaci\u00f3n en Veracruz, y desde el sexenio de don Miguel Alem\u00e1n como gobernador, ha sido objeto de discordia y disputa de grupos, y sabiendo que estas decisiones se toman en el piso que se gobierna, as\u00ed de sencillo.<\/p>\n\n\n\n<p>En la lista difundida aparecen nombres que en los pr\u00f3ximos d\u00edas ser\u00e1n objeto de discusi\u00f3n, dimes y diretes, pero lo cierto es que nadie debe hacerse bolas, la decisi\u00f3n la tomar\u00e1 el Congreso entre la comisi\u00f3n en su dictamen de una terna, la Jucopo y el Pleno.<\/p>\n\n\n\n<p>Aunque la disputa polarizada entre los bloques pol\u00edticos en el Congreso Local ser\u00e1 solo una cuesti\u00f3n de tr\u00e1mite.<\/p>\n\n\n\n<p><strong>UN CAF\u00c9 CON PIQUETE<\/strong><\/p>\n\n\n\n<p>Las Guardias de Honor en el Parque de los Berros seguir\u00e1n siendo una sala de prensa en estos d\u00edas y dando notas para la agenda pol\u00edtica de Veracruz.<\/p>\n\n\n\n<p>\u00a1ES CUANTO!<\/p>\n\n\n\n<p>enriquezambell@gmail.com;<br>enamjl62@gmail.com<\/p>\n","protected":false},"excerpt":{"rendered":"<p>Jos\u00e9 Luis Enr\u00edquez AmbellCaf\u00e9 de Ma\u00f1ana Una pol\u00e9mica innecesaria \u2014as\u00ed lo creo y pienso\u2014 es el asunto de los sueldos de servidores p\u00fablicos en su conjunto. La pol\u00e9mica y polarizaci\u00f3n en relaci\u00f3n con el contraste entre las pol\u00edticas de austeridad oficial y los altos ingresos reportados por servidores p\u00fablicos no deber\u00edan ser motivo de discusi\u00f3n [&hellip;]<\/p>\n","protected":false},"author":2,"featured_media":141435,"comment_status":"closed","ping_status":"closed","sticky":false,"template":"","format":"standard","meta":{"tdm_status":"","tdm_grid_status":"","footnotes":""},"categories":[70],"tags":[6154,393,552,8383,135,4074,2530],"class_list":{"0":"post-179991","1":"post","2":"type-post","3":"status-publish","4":"format-standard","5":"has-post-thumbnail","7":"category-de-opinion","8":"tag-austeridad","9":"tag-congreso-de-veracruz","10":"tag-fiscalizacion","11":"tag-jose-luis-enriquez-ambell","12":"tag-orfis","13":"tag-salarios","14":"tag-servidores-publicos"},"yoast_head":"<!-- This site is optimized with the Yoast SEO plugin v28.1 - https:\/\/yoast.com\/product\/yoast-seo-wordpress\/ -->\n<title>SUELDOS DE LOS SERVIDORES P\u00daBLICOS EN LA DISCUSI\u00d3N SOCIAL - Los pol\u00edticos Veracruz<\/title>\n<meta name=\"robots\" content=\"index, follow, max-snippet:-1, max-image-preview:large, max-video-preview:-1\" \/>\n<link rel=\"canonical\" href=\"https:\/\/lospoliticosveracruz.com\/?p=179991\" \/>\n<meta property=\"og:locale\" content=\"es_ES\" \/>\n<meta property=\"og:type\" content=\"article\" \/>\n<meta property=\"og:title\" content=\"SUELDOS DE LOS SERVIDORES P\u00daBLICOS EN LA DISCUSI\u00d3N SOCIAL - Los pol\u00edticos Veracruz\" \/>\n<meta property=\"og:description\" content=\"Jos\u00e9 Luis Enr\u00edquez AmbellCaf\u00e9 de Ma\u00f1ana Una pol\u00e9mica innecesaria \u2014as\u00ed lo creo y pienso\u2014 es el asunto de los sueldos de servidores p\u00fablicos en su conjunto. La pol\u00e9mica y polarizaci\u00f3n en relaci\u00f3n con el contraste entre las pol\u00edticas de austeridad oficial y los altos ingresos reportados por servidores p\u00fablicos no deber\u00edan ser motivo de discusi\u00f3n [&hellip;]\" \/>\n<meta property=\"og:url\" content=\"https:\/\/lospoliticosveracruz.com\/?p=179991\" \/>\n<meta property=\"og:site_name\" content=\"Los pol\u00edticos Veracruz\" \/>\n<meta property=\"article:publisher\" content=\"https:\/\/www.facebook.com\/people\/Notimemes-de-los-Polticos\/61565672886568\/\" \/>\n<meta property=\"article:published_time\" content=\"2026-09-04T02:33:56+00:00\" \/>\n<meta property=\"article:modified_time\" content=\"2026-09-04T02:33:58+00:00\" \/>\n<meta property=\"og:image\" content=\"https:\/\/lospoliticosveracruz.com\/wp-content\/uploads\/2025\/04\/Ambell-e1783888410832.jpg\" \/>\n\t<meta property=\"og:image:width\" content=\"600\" \/>\n\t<meta property=\"og:image:height\" content=\"320\" \/>\n\t<meta property=\"og:image:type\" content=\"image\/jpeg\" \/>\n<meta name=\"author\" content=\"Lo viste en Los Pol\u00edticos\" \/>\n<meta name=\"twitter:card\" content=\"summary_large_image\" \/>\n<meta name=\"twitter:creator\" content=\"@LosPoliticosVer\" \/>\n<meta name=\"twitter:site\" content=\"@LosPoliticosVer\" \/>\n<meta name=\"twitter:label1\" content=\"Escrito por\" \/>\n\t<meta name=\"twitter:data1\" content=\"Lo viste en Los Pol\u00edticos\" \/>\n\t<meta name=\"twitter:label2\" content=\"Tiempo de lectura\" \/>\n\t<meta name=\"twitter:data2\" content=\"4 minutos\" \/>\n<script type=\"application\/ld+json\" class=\"yoast-schema-graph\">{\"@context\":\"https:\\\/\\\/schema.org\",\"@graph\":[{\"@type\":\"Article\",\"@id\":\"https:\\\/\\\/lospoliticosveracruz.com\\\/?p=179991#article\",\"isPartOf\":{\"@id\":\"https:\\\/\\\/lospoliticosveracruz.com\\\/?p=179991\"},\"author\":{\"name\":\"Lo viste en Los Pol\u00edticos\",\"@id\":\"https:\\\/\\\/lospoliticosveracruz.com\\\/#\\\/schema\\\/person\\\/b8702bb0e538456e6efd07080bf2a4a2\"},\"headline\":\"SUELDOS DE LOS SERVIDORES P\u00daBLICOS EN LA DISCUSI\u00d3N SOCIAL\",\"datePublished\":\"2026-09-04T02:33:56+00:00\",\"dateModified\":\"2026-09-04T02:33:58+00:00\",\"mainEntityOfPage\":{\"@id\":\"https:\\\/\\\/lospoliticosveracruz.com\\\/?p=179991\"},\"wordCount\":754,\"publisher\":{\"@id\":\"https:\\\/\\\/lospoliticosveracruz.com\\\/#organization\"},\"image\":{\"@id\":\"https:\\\/\\\/lospoliticosveracruz.com\\\/?p=179991#primaryimage\"},\"thumbnailUrl\":\"https:\\\/\\\/lospoliticosveracruz.com\\\/wp-content\\\/uploads\\\/2025\\\/04\\\/Ambell-e1783888410832.jpg\",\"keywords\":[\"Austeridad\",\"Congreso de Veracruz\",\"fiscalizaci\u00f3n\",\"Jos\u00e9 Luis Enr\u00edquez Ambell\",\"Orfis\",\"salarios\",\"servidores p\u00fablicos\"],\"articleSection\":[\"De Opini\u00f3n\"],\"inLanguage\":\"es\"},{\"@type\":\"WebPage\",\"@id\":\"https:\\\/\\\/lospoliticosveracruz.com\\\/?p=179991\",\"url\":\"https:\\\/\\\/lospoliticosveracruz.com\\\/?p=179991\",\"name\":\"SUELDOS DE LOS SERVIDORES P\u00daBLICOS EN LA DISCUSI\u00d3N SOCIAL - Los pol\u00edticos Veracruz\",\"isPartOf\":{\"@id\":\"https:\\\/\\\/lospoliticosveracruz.com\\\/#website\"},\"primaryImageOfPage\":{\"@id\":\"https:\\\/\\\/lospoliticosveracruz.com\\\/?p=179991#primaryimage\"},\"image\":{\"@id\":\"https:\\\/\\\/lospoliticosveracruz.com\\\/?p=179991#primaryimage\"},\"thumbnailUrl\":\"https:\\\/\\\/lospoliticosveracruz.com\\\/wp-content\\\/uploads\\\/2025\\\/04\\\/Ambell-e1783888410832.jpg\",\"datePublished\":\"2026-09-04T02:33:56+00:00\",\"dateModified\":\"2026-09-04T02:33:58+00:00\",\"breadcrumb\":{\"@id\":\"https:\\\/\\\/lospoliticosveracruz.com\\\/?p=179991#breadcrumb\"},\"inLanguage\":\"es\",\"potentialAction\":[{\"@type\":\"ReadAction\",\"target\":[\"https:\\\/\\\/lospoliticosveracruz.com\\\/?p=179991\"]}]},{\"@type\":\"ImageObject\",\"inLanguage\":\"es\",\"@id\":\"https:\\\/\\\/lospoliticosveracruz.com\\\/?p=179991#primaryimage\",\"url\":\"https:\\\/\\\/lospoliticosveracruz.com\\\/wp-content\\\/uploads\\\/2025\\\/04\\\/Ambell-e1783888410832.jpg\",\"contentUrl\":\"https:\\\/\\\/lospoliticosveracruz.com\\\/wp-content\\\/uploads\\\/2025\\\/04\\\/Ambell-e1783888410832.jpg\",\"width\":600,\"height\":320},{\"@type\":\"BreadcrumbList\",\"@id\":\"https:\\\/\\\/lospoliticosveracruz.com\\\/?p=179991#breadcrumb\",\"itemListElement\":[{\"@type\":\"ListItem\",\"position\":1,\"name\":\"Portada\",\"item\":\"https:\\\/\\\/lospoliticosveracruz.com\\\/\"},{\"@type\":\"ListItem\",\"position\":2,\"name\":\"SUELDOS DE LOS SERVIDORES P\u00daBLICOS EN LA DISCUSI\u00d3N SOCIAL\"}]},{\"@type\":\"WebSite\",\"@id\":\"https:\\\/\\\/lospoliticosveracruz.com\\\/#website\",\"url\":\"https:\\\/\\\/lospoliticosveracruz.com\\\/\",\"name\":\"Los pol\u00edticos Veracruz\",\"description\":\"\",\"publisher\":{\"@id\":\"https:\\\/\\\/lospoliticosveracruz.com\\\/#organization\"},\"potentialAction\":[{\"@type\":\"SearchAction\",\"target\":{\"@type\":\"EntryPoint\",\"urlTemplate\":\"https:\\\/\\\/lospoliticosveracruz.com\\\/?s={search_term_string}\"},\"query-input\":{\"@type\":\"PropertyValueSpecification\",\"valueRequired\":true,\"valueName\":\"search_term_string\"}}],\"inLanguage\":\"es\"},{\"@type\":\"Organization\",\"@id\":\"https:\\\/\\\/lospoliticosveracruz.com\\\/#organization\",\"name\":\"Los pol\u00edticos Veracruz\",\"url\":\"https:\\\/\\\/lospoliticosveracruz.com\\\/\",\"logo\":{\"@type\":\"ImageObject\",\"inLanguage\":\"es\",\"@id\":\"https:\\\/\\\/lospoliticosveracruz.com\\\/#\\\/schema\\\/logo\\\/image\\\/\",\"url\":\"https:\\\/\\\/lospoliticosveracruz.com\\\/wp-content\\\/uploads\\\/2025\\\/12\\\/Logo-Nuevo-LOS-POLITICOS-1.jpg\",\"contentUrl\":\"https:\\\/\\\/lospoliticosveracruz.com\\\/wp-content\\\/uploads\\\/2025\\\/12\\\/Logo-Nuevo-LOS-POLITICOS-1.jpg\",\"width\":260,\"height\":70,\"caption\":\"Los pol\u00edticos Veracruz\"},\"image\":{\"@id\":\"https:\\\/\\\/lospoliticosveracruz.com\\\/#\\\/schema\\\/logo\\\/image\\\/\"},\"sameAs\":[\"https:\\\/\\\/www.facebook.com\\\/people\\\/Notimemes-de-los-Polticos\\\/61565672886568\\\/\",\"https:\\\/\\\/x.com\\\/LosPoliticosVer\"]},{\"@type\":\"Person\",\"@id\":\"https:\\\/\\\/lospoliticosveracruz.com\\\/#\\\/schema\\\/person\\\/b8702bb0e538456e6efd07080bf2a4a2\",\"name\":\"Lo viste en Los Pol\u00edticos\",\"image\":{\"@type\":\"ImageObject\",\"inLanguage\":\"es\",\"@id\":\"https:\\\/\\\/secure.gravatar.com\\\/avatar\\\/3a8de04a2656d44082be478bd6c086daa447c4651605818287b9532d3d0bd435?s=96&d=mm&r=g\",\"url\":\"https:\\\/\\\/secure.gravatar.com\\\/avatar\\\/3a8de04a2656d44082be478bd6c086daa447c4651605818287b9532d3d0bd435?s=96&d=mm&r=g\",\"contentUrl\":\"https:\\\/\\\/secure.gravatar.com\\\/avatar\\\/3a8de04a2656d44082be478bd6c086daa447c4651605818287b9532d3d0bd435?s=96&d=mm&r=g\",\"caption\":\"Lo viste en Los Pol\u00edticos\"},\"url\":\"https:\\\/\\\/lospoliticosveracruz.com\\\/?author=2\"}]}<\/script>\n<!-- \/ Yoast SEO plugin. -->","yoast_head_json":{"title":"SUELDOS DE LOS SERVIDORES P\u00daBLICOS EN LA DISCUSI\u00d3N SOCIAL - Los pol\u00edticos Veracruz","robots":{"index":"index","follow":"follow","max-snippet":"max-snippet:-1","max-image-preview":"max-image-preview:large","max-video-preview":"max-video-preview:-1"},"canonical":"https:\/\/lospoliticosveracruz.com\/?p=179991","og_locale":"es_ES","og_type":"article","og_title":"SUELDOS DE LOS SERVIDORES P\u00daBLICOS EN LA DISCUSI\u00d3N SOCIAL - Los pol\u00edticos Veracruz","og_description":"Jos\u00e9 Luis Enr\u00edquez AmbellCaf\u00e9 de Ma\u00f1ana Una pol\u00e9mica innecesaria \u2014as\u00ed lo creo y pienso\u2014 es el asunto de los sueldos de servidores p\u00fablicos en su conjunto. La pol\u00e9mica y polarizaci\u00f3n en relaci\u00f3n con el contraste entre las pol\u00edticas de austeridad oficial y los altos ingresos reportados por servidores p\u00fablicos no deber\u00edan ser motivo de discusi\u00f3n [&hellip;]","og_url":"https:\/\/lospoliticosveracruz.com\/?p=179991","og_site_name":"Los pol\u00edticos Veracruz","article_publisher":"https:\/\/www.facebook.com\/people\/Notimemes-de-los-Polticos\/61565672886568\/","article_published_time":"2026-09-04T02:33:56+00:00","article_modified_time":"2026-09-04T02:33:58+00:00","og_image":[{"width":600,"height":320,"url":"https:\/\/lospoliticosveracruz.com\/wp-content\/uploads\/2025\/04\/Ambell-e1783888410832.jpg","type":"image\/jpeg"}],"author":"Lo viste en Los Pol\u00edticos","twitter_card":"summary_large_image","twitter_creator":"@LosPoliticosVer","twitter_site":"@LosPoliticosVer","twitter_misc":{"Escrito por":"Lo viste en Los Pol\u00edticos","Tiempo de lectura":"4 minutos"},"schema":{"@context":"https:\/\/schema.org","@graph":[{"@type":"Article","@id":"https:\/\/lospoliticosveracruz.com\/?p=179991#article","isPartOf":{"@id":"https:\/\/lospoliticosveracruz.com\/?p=179991"},"author":{"name":"Lo viste en Los Pol\u00edticos","@id":"https:\/\/lospoliticosveracruz.com\/#\/schema\/person\/b8702bb0e538456e6efd07080bf2a4a2"},"headline":"SUELDOS DE LOS SERVIDORES P\u00daBLICOS EN LA DISCUSI\u00d3N SOCIAL","datePublished":"2026-09-04T02:33:56+00:00","dateModified":"2026-09-04T02:33:58+00:00","mainEntityOfPage":{"@id":"https:\/\/lospoliticosveracruz.com\/?p=179991"},"wordCount":754,"publisher":{"@id":"https:\/\/lospoliticosveracruz.com\/#organization"},"image":{"@id":"https:\/\/lospoliticosveracruz.com\/?p=179991#primaryimage"},"thumbnailUrl":"https:\/\/lospoliticosveracruz.com\/wp-content\/uploads\/2025\/04\/Ambell-e1783888410832.jpg","keywords":["Austeridad","Congreso de Veracruz","fiscalizaci\u00f3n","Jos\u00e9 Luis Enr\u00edquez Ambell","Orfis","salarios","servidores p\u00fablicos"],"articleSection":["De Opini\u00f3n"],"inLanguage":"es"},{"@type":"WebPage","@id":"https:\/\/lospoliticosveracruz.com\/?p=179991","url":"https:\/\/lospoliticosveracruz.com\/?p=179991","name":"SUELDOS DE LOS SERVIDORES P\u00daBLICOS EN LA DISCUSI\u00d3N SOCIAL - Los pol\u00edticos Veracruz","isPartOf":{"@id":"https:\/\/lospoliticosveracruz.com\/#website"},"primaryImageOfPage":{"@id":"https:\/\/lospoliticosveracruz.com\/?p=179991#primaryimage"},"image":{"@id":"https:\/\/lospoliticosveracruz.com\/?p=179991#primaryimage"},"thumbnailUrl":"https:\/\/lospoliticosveracruz.com\/wp-content\/uploads\/2025\/04\/Ambell-e1783888410832.jpg","datePublished":"2026-09-04T02:33:56+00:00","dateModified":"2026-09-04T02:33:58+00:00","breadcrumb":{"@id":"https:\/\/lospoliticosveracruz.com\/?p=179991#breadcrumb"},"inLanguage":"es","potentialAction":[{"@type":"ReadAction","target":["https:\/\/lospoliticosveracruz.com\/?p=179991"]}]},{"@type":"ImageObject","inLanguage":"es","@id":"https:\/\/lospoliticosveracruz.com\/?p=179991#primaryimage","url":"https:\/\/lospoliticosveracruz.com\/wp-content\/uploads\/2025\/04\/Ambell-e1783888410832.jpg","contentUrl":"https:\/\/lospoliticosveracruz.com\/wp-content\/uploads\/2025\/04\/Ambell-e1783888410832.jpg","width":600,"height":320},{"@type":"BreadcrumbList","@id":"https:\/\/lospoliticosveracruz.com\/?p=179991#breadcrumb","itemListElement":[{"@type":"ListItem","position":1,"name":"Portada","item":"https:\/\/lospoliticosveracruz.com\/"},{"@type":"ListItem","position":2,"name":"SUELDOS DE LOS SERVIDORES P\u00daBLICOS EN LA DISCUSI\u00d3N SOCIAL"}]},{"@type":"WebSite","@id":"https:\/\/lospoliticosveracruz.com\/#website","url":"https:\/\/lospoliticosveracruz.com\/","name":"Los pol\u00edticos Veracruz","description":"","publisher":{"@id":"https:\/\/lospoliticosveracruz.com\/#organization"},"potentialAction":[{"@type":"SearchAction","target":{"@type":"EntryPoint","urlTemplate":"https:\/\/lospoliticosveracruz.com\/?s={search_term_string}"},"query-input":{"@type":"PropertyValueSpecification","valueRequired":true,"valueName":"search_term_string"}}],"inLanguage":"es"},{"@type":"Organization","@id":"https:\/\/lospoliticosveracruz.com\/#organization","name":"Los pol\u00edticos Veracruz","url":"https:\/\/lospoliticosveracruz.com\/","logo":{"@type":"ImageObject","inLanguage":"es","@id":"https:\/\/lospoliticosveracruz.com\/#\/schema\/logo\/image\/","url":"https:\/\/lospoliticosveracruz.com\/wp-content\/uploads\/2025\/12\/Logo-Nuevo-LOS-POLITICOS-1.jpg","contentUrl":"https:\/\/lospoliticosveracruz.com\/wp-content\/uploads\/2025\/12\/Logo-Nuevo-LOS-POLITICOS-1.jpg","width":260,"height":70,"caption":"Los pol\u00edticos Veracruz"},"image":{"@id":"https:\/\/lospoliticosveracruz.com\/#\/schema\/logo\/image\/"},"sameAs":["https:\/\/www.facebook.com\/people\/Notimemes-de-los-Polticos\/61565672886568\/","https:\/\/x.com\/LosPoliticosVer"]},{"@type":"Person","@id":"https:\/\/lospoliticosveracruz.com\/#\/schema\/person\/b8702bb0e538456e6efd07080bf2a4a2","name":"Lo viste en Los Pol\u00edticos","image":{"@type":"ImageObject","inLanguage":"es","@id":"https:\/\/secure.gravatar.com\/avatar\/3a8de04a2656d44082be478bd6c086daa447c4651605818287b9532d3d0bd435?s=96&d=mm&r=g","url":"https:\/\/secure.gravatar.com\/avatar\/3a8de04a2656d44082be478bd6c086daa447c4651605818287b9532d3d0bd435?s=96&d=mm&r=g","contentUrl":"https:\/\/secure.gravatar.com\/avatar\/3a8de04a2656d44082be478bd6c086daa447c4651605818287b9532d3d0bd435?s=96&d=mm&r=g","caption":"Lo viste en Los Pol\u00edticos"},"url":"https:\/\/lospoliticosveracruz.com\/?author=2"}]}},"_links":{"self":[{"href":"https:\/\/lospoliticosveracruz.com\/index.php?rest_route=\/wp\/v2\/posts\/179991","targetHints":{"allow":["GET"]}}],"collection":[{"href":"https:\/\/lospoliticosveracruz.com\/index.php?rest_route=\/wp\/v2\/posts"}],"about":[{"href":"https:\/\/lospoliticosveracruz.com\/index.php?rest_route=\/wp\/v2\/types\/post"}],"author":[{"embeddable":true,"href":"https:\/\/lospoliticosveracruz.com\/index.php?rest_route=\/wp\/v2\/users\/2"}],"replies":[{"embeddable":true,"href":"https:\/\/lospoliticosveracruz.com\/index.php?rest_route=%2Fwp%2Fv2%2Fcomments&post=179991"}],"version-history":[{"count":1,"href":"https:\/\/lospoliticosveracruz.com\/index.php?rest_route=\/wp\/v2\/posts\/179991\/revisions"}],"predecessor-version":[{"id":179992,"href":"https:\/\/lospoliticosveracruz.com\/index.php?rest_route=\/wp\/v2\/posts\/179991\/revisions\/179992"}],"wp:featuredmedia":[{"embeddable":true,"href":"https:\/\/lospoliticosveracruz.com\/index.php?rest_route=\/wp\/v2\/media\/141435"}],"wp:attachment":[{"href":"https:\/\/lospoliticosveracruz.com\/index.php?rest_route=%2Fwp%2Fv2%2Fmedia&parent=179991"}],"wp:term":[{"taxonomy":"category","embeddable":true,"href":"https:\/\/lospoliticosveracruz.com\/index.php?rest_route=%2Fwp%2Fv2%2Fcategories&post=179991"},{"taxonomy":"post_tag","embeddable":true,"href":"https:\/\/lospoliticosveracruz.com\/index.php?rest_route=%2Fwp%2Fv2%2Ftags&post=179991"}],"curies":[{"name":"wp","href":"https:\/\/api.w.org\/{rel}","templated":true}]}}