{"id":179993,"date":"2026-09-03T21:26:59","date_gmt":"2026-09-04T03:26:59","guid":{"rendered":"https:\/\/lospoliticosveracruz.com\/?p=179993"},"modified":"2026-09-03T21:27:01","modified_gmt":"2026-09-04T03:27:01","slug":"proceso-electoral-2026-2027-las-muertas","status":"publish","type":"post","link":"https:\/\/lospoliticosveracruz.com\/?p=179993","title":{"rendered":"PROCESO ELECTORAL 2026-2027: LAS MUERTAS\u2026"},"content":{"rendered":"<div class=\"wp-block-image\">\n<figure class=\"alignleft size-large is-resized\"><a href=\"https:\/\/lospoliticosveracruz.com\/wp-content\/uploads\/2026\/09\/banners-prevencion-suicidio-500x500-1.png\"><img loading=\"lazy\" decoding=\"async\" width=\"1024\" height=\"1024\" src=\"https:\/\/lospoliticosveracruz.com\/wp-content\/uploads\/2026\/09\/banners-prevencion-suicidio-500x500-1-1024x1024.png\" alt=\"\" class=\"wp-image-179740\" style=\"width:476px;height:auto\" srcset=\"https:\/\/lospoliticosveracruz.com\/wp-content\/uploads\/2026\/09\/banners-prevencion-suicidio-500x500-1-1024x1024.png 1024w, https:\/\/lospoliticosveracruz.com\/wp-content\/uploads\/2026\/09\/banners-prevencion-suicidio-500x500-1-300x300.png 300w, https:\/\/lospoliticosveracruz.com\/wp-content\/uploads\/2026\/09\/banners-prevencion-suicidio-500x500-1-150x150.png 150w, https:\/\/lospoliticosveracruz.com\/wp-content\/uploads\/2026\/09\/banners-prevencion-suicidio-500x500-1-768x768.png 768w, https:\/\/lospoliticosveracruz.com\/wp-content\/uploads\/2026\/09\/banners-prevencion-suicidio-500x500-1-1536x1536.png 1536w, https:\/\/lospoliticosveracruz.com\/wp-content\/uploads\/2026\/09\/banners-prevencion-suicidio-500x500-1-2048x2048.png 2048w, https:\/\/lospoliticosveracruz.com\/wp-content\/uploads\/2026\/09\/banners-prevencion-suicidio-500x500-1-420x420.png 420w, https:\/\/lospoliticosveracruz.com\/wp-content\/uploads\/2026\/09\/banners-prevencion-suicidio-500x500-1-696x696.png 696w, https:\/\/lospoliticosveracruz.com\/wp-content\/uploads\/2026\/09\/banners-prevencion-suicidio-500x500-1-1068x1068.png 1068w, https:\/\/lospoliticosveracruz.com\/wp-content\/uploads\/2026\/09\/banners-prevencion-suicidio-500x500-1-1920x1920.png 1920w\" sizes=\"auto, (max-width: 1024px) 100vw, 1024px\" \/><\/a><\/figure>\n<\/div>\n\n\n<p><strong>Jos\u00e9 Luis Ortega Vidal<br><\/strong><em>Claroscuros<\/em><\/p>\n\n\n\n<p>\u00bfDe los 300 distritos electorales federales a disputarse en la elecci\u00f3n del primer domingo de junio del 2027, en cu\u00e1nto y cu\u00e1les se podr\u00e1 contar con la certeza de mantener alejados los tent\u00e1culos del crimen organizado?<br>(2)<br>Va un antecedente.<br>(3)<br>Retomo informaci\u00f3n de M\u00e9xico Eval\u00faa:<\/p>\n\n\n\n<p><a href=\"https:\/\/mexicoevalua.org\/violencia-en-elecciones-de-2024-supero-la-de-2018-y-2021\/.\"><strong><em>https:\/\/mexicoevalua.org\/violencia-en-elecciones-de-2024-supero-la-de-2018-y-2021\/.<\/em><\/strong><\/a><\/p>\n\n\n\n<p>(4)<br>Un art\u00edculo de este organismo publicado un mes despu\u00e9s de los comicios federales del 2024, expone:<\/p>\n\n\n\n<p>\u201cViolencia en elecciones de 2024 super\u00f3 la de 2018 y 2021<\/p>\n\n\n\n<p>Armed Conflict Location and Event Data (ACLED), Data C\u00edvica, M\u00e9xico Eval\u00faa y Animal Pol\u00edtico presentaron un balance de la violencia pol\u00edtico-criminal y sus implicaciones en la democracia de M\u00e9xico.<br>La elecci\u00f3n de 2024 registr\u00f3 mayores niveles de violencia que los procesos electorales de 2018 y de 2021.<br>La violencia pol\u00edtico-criminal no se ha detenido tras la elecci\u00f3n del primero de junio: se registraron 19 ataques durante los primeros 15 d\u00edas de ese mes; sin embargo, ya no existen medidas de protecci\u00f3n para resguardar a los actores pol\u00edticos.<\/p>\n\n\n\n<p>Ciudad de M\u00e9xico, 2 de julio de 2024.- Las organizaciones Armed Conflict Location and Event Data (ACLED), Data C\u00edvica, M\u00e9xico Eval\u00faa y el medio digital Animal Pol\u00edtico presentaron un balance de la violencia pol\u00edtico-criminal y sus implicaciones en la democracia mexicana, pasado un mes de la jornada electoral de junio de 2024.<br>De acuerdo con el \u00cdndice de Conflictos elaborado por ACLED, M\u00e9xico se mantuvo como el pa\u00eds m\u00e1s peligroso del mundo para civiles en 2023, y seg\u00fan las mediciones de Exposici\u00f3n a Conflictos m\u00e1s de 43 millones de personas estuvieron expuestas a violencia pol\u00edtica en M\u00e9xico durante ese a\u00f1o. Al respecto, Sandra Pellegrini, especialista para Am\u00e9rica Latina, coment\u00f3 que en M\u00e9xico el panorama de conflictos est\u00e1 fragmentado, debido a la proliferaci\u00f3n de grupos armados no estatales que generan violencia que afecta mayormente a la poblaci\u00f3n civil y deriva en altos niveles de letalidad.<br>Por su parte, Tiziano Breda, coordinador asociado de an\u00e1lisis para Am\u00e9rica Latina, resalt\u00f3 que el proceso electoral de 2023-2024 fue marcado por uno de los m\u00e1s altos niveles de violencia contra figuras pol\u00edticas registrados desde 2018, en particular contra funcionarios y aspirantes a cargos locales.<br>Aunque la competencia entre grupos del crimen organizado impulsa gran parte de la violencia pol\u00edtica, al menos el 30% de los incidentes incluyeron disturbios y destrucci\u00f3n de propiedades, lo que sugiere que las luchas de poder locales y los reclamos comunitarios de irregularidades durante el proceso, o el rechazo de los resultados, tambi\u00e9n pueden desencadenar violencia contra figuras pol\u00edticas.<br>Datos del monitoreo de Votar entre Balas, de Data C\u00edvica, dan cuenta de 130 personas aspirantes, precandidatas y candidatas, que fueron atacadas presuntamente por grupos del crimen organizado durante el pasado proceso electoral, entre el 7 de septiembre de 2023 y el 2 de junio de 2024. De \u00e9stas, 34 fueron asesinadas, 40 sobrevivieron a atentados, 32 recibieron amenazas tangibles (en mantas, videos, u otras que provocaron la renuncia a la candidatura), 10 personas candidatas fueron secuestradas, y en 14 ataques armados la persona candidata sobrevivi\u00f3 pero alguien m\u00e1s muri\u00f3.\u201d<br>(5)<br>En el Estado de M\u00e9xico, el 10 de febrero del 2024 fue asesinado Mart\u00edn Romero Segura, aspirante de MORENA a diputado federal por el Distrito 16 en Ecatepec.<br>En Acapulco, Guerrero, el 21 de diciembre del 2023 sufri\u00f3 un ataque mortal el aspirante morenista a repetir como diputado federal, Ricardo Taja Ram\u00edrez.<br>(6)<br>Esta informaci\u00f3n refiere s\u00f3lo a dos aspirantes a diputados federales; pero la lista de asesinatos relacionados con los comicios de dos a\u00f1os atr\u00e1s abarca -por lo menos- unos treinta casos que incluyen aspirantes a alcald\u00edas, sindicaturas, regidurias y diputaciones locales en varias entidades del pa\u00eds como Veracruz, Michoac\u00e1n, Guerrero, Puebla, Morelos, Chiapas, Sinaloa, Jalisco, Oaxaca, Tamaulipas, Guanajuato, Zacatecas, Colima y el Estado de M\u00e9xico.<br>(7)<br>El domingo seis de junio del 2027, en el estado de Veracruz habr\u00e1 elecciones concurrentes de diputados federales (19 distritos) y locales (30 distritos).<br>(8)<br>Durante el proceso electoral 2023-2024, en nuestra entidad ocurrieron los cr\u00edmenes de:<br>\u2022\u2060 \u2060Wilman Monje Morales, aspirante a la alcald\u00eda de Guti\u00e9rrez Zamora por MORENA; ultimado el 11 de octubre del 2023.<br>\u2022\u2060 \u2060Jos\u00e9 Alejandro Naredo Garc\u00eda, l\u00edder regional del PRD en Cuitl\u00e1huac, ejecutado el 27 de enero del 2024.<br>\u2022\u2060 \u2060Manuel Hern\u00e1ndez, aspirante a diputado local por Misantla bajo la bandera de MORENA, asesinado el 15 de febrero del 2024.<br>(9)<br>Es importante tomar en cuenta los contextos diversos de la violencia pol\u00edtica, en este caso ubicada durante un proceso electoral que incluy\u00f3 registros de aspirantes, precandidaturas, candidaturas, precampa\u00f1as, campa\u00f1as, la jornada electoral del domingo 2 de junio del 2024, adem\u00e1s de d\u00edas, semanas o meses de conteo, revisi\u00f3n y reconteo de votos.<br>A lo largo de estas jornadas que suelen tomar m\u00e1s de nueve meses y pueden rebasar el a\u00f1o en casos muy disputados, se registran ataques de \u00edndole diversa con saldos de muertos y heridos.<br>(10)<br>Otro contexto son las v\u00edctimas civiles que no forman del proceso electoral y aquellas que participan como auxiliares partidistas y terminan afectados o da\u00f1ados con gravedad f\u00edsica, mental o econ\u00f3micamente; en lo individual, lo familiar o lo colectivo\u2026<br>CONTINUAR\u00c1.<\/p>\n","protected":false},"excerpt":{"rendered":"<p>Jos\u00e9 Luis Ortega VidalClaroscuros \u00bfDe los 300 distritos electorales federales a disputarse en la elecci\u00f3n del primer domingo de junio del 2027, en cu\u00e1nto y cu\u00e1les se podr\u00e1 contar con la certeza de mantener alejados los tent\u00e1culos del crimen organizado?(2)Va un antecedente.(3)Retomo informaci\u00f3n de M\u00e9xico Eval\u00faa: https:\/\/mexicoevalua.org\/violencia-en-elecciones-de-2024-supero-la-de-2018-y-2021\/. (4)Un art\u00edculo de este organismo publicado un mes [&hellip;]<\/p>\n","protected":false},"author":2,"featured_media":141392,"comment_status":"closed","ping_status":"closed","sticky":false,"template":"","format":"standard","meta":{"tdm_status":"","tdm_grid_status":"","footnotes":""},"categories":[70],"tags":[1100,44891,2692,2769,11193,195,65095],"class_list":{"0":"post-179993","1":"post","2":"type-post","3":"status-publish","4":"format-standard","5":"has-post-thumbnail","7":"category-de-opinion","8":"tag-crimen-organizado","9":"tag-elecciones-2027","10":"tag-elecciones-federales","11":"tag-jose-luis-ortega-vidal","12":"tag-proceso-electoral","13":"tag-veracruz","14":"tag-violencia-politica"},"yoast_head":"<!-- This site is optimized with the Yoast SEO plugin v28.1 - https:\/\/yoast.com\/product\/yoast-seo-wordpress\/ -->\n<title>PROCESO ELECTORAL 2026-2027: LAS MUERTAS\u2026 - Los pol\u00edticos Veracruz<\/title>\n<meta name=\"robots\" content=\"index, follow, max-snippet:-1, max-image-preview:large, max-video-preview:-1\" \/>\n<link rel=\"canonical\" href=\"https:\/\/lospoliticosveracruz.com\/?p=179993\" \/>\n<meta property=\"og:locale\" content=\"es_ES\" \/>\n<meta property=\"og:type\" content=\"article\" \/>\n<meta property=\"og:title\" content=\"PROCESO ELECTORAL 2026-2027: LAS MUERTAS\u2026 - Los pol\u00edticos Veracruz\" \/>\n<meta property=\"og:description\" content=\"Jos\u00e9 Luis Ortega VidalClaroscuros \u00bfDe los 300 distritos electorales federales a disputarse en la elecci\u00f3n del primer domingo de junio del 2027, en cu\u00e1nto y cu\u00e1les se podr\u00e1 contar con la certeza de mantener alejados los tent\u00e1culos del crimen organizado?(2)Va un antecedente.(3)Retomo informaci\u00f3n de M\u00e9xico Eval\u00faa: https:\/\/mexicoevalua.org\/violencia-en-elecciones-de-2024-supero-la-de-2018-y-2021\/. (4)Un art\u00edculo de este organismo publicado un mes [&hellip;]\" \/>\n<meta property=\"og:url\" content=\"https:\/\/lospoliticosveracruz.com\/?p=179993\" \/>\n<meta property=\"og:site_name\" content=\"Los pol\u00edticos Veracruz\" \/>\n<meta property=\"article:publisher\" content=\"https:\/\/www.facebook.com\/people\/Notimemes-de-los-Polticos\/61565672886568\/\" \/>\n<meta property=\"article:published_time\" content=\"2026-09-04T03:26:59+00:00\" \/>\n<meta property=\"article:modified_time\" content=\"2026-09-04T03:27:01+00:00\" \/>\n<meta property=\"og:image\" content=\"https:\/\/lospoliticosveracruz.com\/wp-content\/uploads\/2025\/04\/Jose-Luis-Ortega-Vidal.jpg\" \/>\n\t<meta property=\"og:image:width\" content=\"1250\" \/>\n\t<meta property=\"og:image:height\" content=\"667\" \/>\n\t<meta property=\"og:image:type\" content=\"image\/jpeg\" \/>\n<meta name=\"author\" content=\"Lo viste en Los Pol\u00edticos\" \/>\n<meta name=\"twitter:card\" content=\"summary_large_image\" \/>\n<meta name=\"twitter:creator\" content=\"@LosPoliticosVer\" \/>\n<meta name=\"twitter:site\" content=\"@LosPoliticosVer\" \/>\n<meta name=\"twitter:label1\" content=\"Escrito por\" \/>\n\t<meta name=\"twitter:data1\" content=\"Lo viste en Los Pol\u00edticos\" \/>\n\t<meta name=\"twitter:label2\" content=\"Tiempo de lectura\" \/>\n\t<meta name=\"twitter:data2\" content=\"5 minutos\" \/>\n<script type=\"application\/ld+json\" class=\"yoast-schema-graph\">{\"@context\":\"https:\\\/\\\/schema.org\",\"@graph\":[{\"@type\":\"Article\",\"@id\":\"https:\\\/\\\/lospoliticosveracruz.com\\\/?p=179993#article\",\"isPartOf\":{\"@id\":\"https:\\\/\\\/lospoliticosveracruz.com\\\/?p=179993\"},\"author\":{\"name\":\"Lo viste en Los Pol\u00edticos\",\"@id\":\"https:\\\/\\\/lospoliticosveracruz.com\\\/#\\\/schema\\\/person\\\/b8702bb0e538456e6efd07080bf2a4a2\"},\"headline\":\"PROCESO ELECTORAL 2026-2027: LAS MUERTAS\u2026\",\"datePublished\":\"2026-09-04T03:26:59+00:00\",\"dateModified\":\"2026-09-04T03:27:01+00:00\",\"mainEntityOfPage\":{\"@id\":\"https:\\\/\\\/lospoliticosveracruz.com\\\/?p=179993\"},\"wordCount\":882,\"publisher\":{\"@id\":\"https:\\\/\\\/lospoliticosveracruz.com\\\/#organization\"},\"image\":{\"@id\":\"https:\\\/\\\/lospoliticosveracruz.com\\\/?p=179993#primaryimage\"},\"thumbnailUrl\":\"https:\\\/\\\/lospoliticosveracruz.com\\\/wp-content\\\/uploads\\\/2025\\\/04\\\/Jose-Luis-Ortega-Vidal.jpg\",\"keywords\":[\"crimen organizado\",\"elecciones 2027\",\"Elecciones federales\",\"Jos\u00e9 Luis Ortega Vidal\",\"proceso electoral\",\"Veracruz\",\"Violencia pol\u00edtica\"],\"articleSection\":[\"De Opini\u00f3n\"],\"inLanguage\":\"es\"},{\"@type\":\"WebPage\",\"@id\":\"https:\\\/\\\/lospoliticosveracruz.com\\\/?p=179993\",\"url\":\"https:\\\/\\\/lospoliticosveracruz.com\\\/?p=179993\",\"name\":\"PROCESO ELECTORAL 2026-2027: LAS MUERTAS\u2026 - Los pol\u00edticos Veracruz\",\"isPartOf\":{\"@id\":\"https:\\\/\\\/lospoliticosveracruz.com\\\/#website\"},\"primaryImageOfPage\":{\"@id\":\"https:\\\/\\\/lospoliticosveracruz.com\\\/?p=179993#primaryimage\"},\"image\":{\"@id\":\"https:\\\/\\\/lospoliticosveracruz.com\\\/?p=179993#primaryimage\"},\"thumbnailUrl\":\"https:\\\/\\\/lospoliticosveracruz.com\\\/wp-content\\\/uploads\\\/2025\\\/04\\\/Jose-Luis-Ortega-Vidal.jpg\",\"datePublished\":\"2026-09-04T03:26:59+00:00\",\"dateModified\":\"2026-09-04T03:27:01+00:00\",\"breadcrumb\":{\"@id\":\"https:\\\/\\\/lospoliticosveracruz.com\\\/?p=179993#breadcrumb\"},\"inLanguage\":\"es\",\"potentialAction\":[{\"@type\":\"ReadAction\",\"target\":[\"https:\\\/\\\/lospoliticosveracruz.com\\\/?p=179993\"]}]},{\"@type\":\"ImageObject\",\"inLanguage\":\"es\",\"@id\":\"https:\\\/\\\/lospoliticosveracruz.com\\\/?p=179993#primaryimage\",\"url\":\"https:\\\/\\\/lospoliticosveracruz.com\\\/wp-content\\\/uploads\\\/2025\\\/04\\\/Jose-Luis-Ortega-Vidal.jpg\",\"contentUrl\":\"https:\\\/\\\/lospoliticosveracruz.com\\\/wp-content\\\/uploads\\\/2025\\\/04\\\/Jose-Luis-Ortega-Vidal.jpg\",\"width\":1250,\"height\":667},{\"@type\":\"BreadcrumbList\",\"@id\":\"https:\\\/\\\/lospoliticosveracruz.com\\\/?p=179993#breadcrumb\",\"itemListElement\":[{\"@type\":\"ListItem\",\"position\":1,\"name\":\"Portada\",\"item\":\"https:\\\/\\\/lospoliticosveracruz.com\\\/\"},{\"@type\":\"ListItem\",\"position\":2,\"name\":\"PROCESO ELECTORAL 2026-2027: LAS MUERTAS\u2026\"}]},{\"@type\":\"WebSite\",\"@id\":\"https:\\\/\\\/lospoliticosveracruz.com\\\/#website\",\"url\":\"https:\\\/\\\/lospoliticosveracruz.com\\\/\",\"name\":\"Los pol\u00edticos Veracruz\",\"description\":\"\",\"publisher\":{\"@id\":\"https:\\\/\\\/lospoliticosveracruz.com\\\/#organization\"},\"potentialAction\":[{\"@type\":\"SearchAction\",\"target\":{\"@type\":\"EntryPoint\",\"urlTemplate\":\"https:\\\/\\\/lospoliticosveracruz.com\\\/?s={search_term_string}\"},\"query-input\":{\"@type\":\"PropertyValueSpecification\",\"valueRequired\":true,\"valueName\":\"search_term_string\"}}],\"inLanguage\":\"es\"},{\"@type\":\"Organization\",\"@id\":\"https:\\\/\\\/lospoliticosveracruz.com\\\/#organization\",\"name\":\"Los pol\u00edticos Veracruz\",\"url\":\"https:\\\/\\\/lospoliticosveracruz.com\\\/\",\"logo\":{\"@type\":\"ImageObject\",\"inLanguage\":\"es\",\"@id\":\"https:\\\/\\\/lospoliticosveracruz.com\\\/#\\\/schema\\\/logo\\\/image\\\/\",\"url\":\"https:\\\/\\\/lospoliticosveracruz.com\\\/wp-content\\\/uploads\\\/2025\\\/12\\\/Logo-Nuevo-LOS-POLITICOS-1.jpg\",\"contentUrl\":\"https:\\\/\\\/lospoliticosveracruz.com\\\/wp-content\\\/uploads\\\/2025\\\/12\\\/Logo-Nuevo-LOS-POLITICOS-1.jpg\",\"width\":260,\"height\":70,\"caption\":\"Los pol\u00edticos Veracruz\"},\"image\":{\"@id\":\"https:\\\/\\\/lospoliticosveracruz.com\\\/#\\\/schema\\\/logo\\\/image\\\/\"},\"sameAs\":[\"https:\\\/\\\/www.facebook.com\\\/people\\\/Notimemes-de-los-Polticos\\\/61565672886568\\\/\",\"https:\\\/\\\/x.com\\\/LosPoliticosVer\"]},{\"@type\":\"Person\",\"@id\":\"https:\\\/\\\/lospoliticosveracruz.com\\\/#\\\/schema\\\/person\\\/b8702bb0e538456e6efd07080bf2a4a2\",\"name\":\"Lo viste en Los Pol\u00edticos\",\"image\":{\"@type\":\"ImageObject\",\"inLanguage\":\"es\",\"@id\":\"https:\\\/\\\/secure.gravatar.com\\\/avatar\\\/3a8de04a2656d44082be478bd6c086daa447c4651605818287b9532d3d0bd435?s=96&d=mm&r=g\",\"url\":\"https:\\\/\\\/secure.gravatar.com\\\/avatar\\\/3a8de04a2656d44082be478bd6c086daa447c4651605818287b9532d3d0bd435?s=96&d=mm&r=g\",\"contentUrl\":\"https:\\\/\\\/secure.gravatar.com\\\/avatar\\\/3a8de04a2656d44082be478bd6c086daa447c4651605818287b9532d3d0bd435?s=96&d=mm&r=g\",\"caption\":\"Lo viste en Los Pol\u00edticos\"},\"url\":\"https:\\\/\\\/lospoliticosveracruz.com\\\/?author=2\"}]}<\/script>\n<!-- \/ Yoast SEO plugin. -->","yoast_head_json":{"title":"PROCESO ELECTORAL 2026-2027: LAS MUERTAS\u2026 - Los pol\u00edticos Veracruz","robots":{"index":"index","follow":"follow","max-snippet":"max-snippet:-1","max-image-preview":"max-image-preview:large","max-video-preview":"max-video-preview:-1"},"canonical":"https:\/\/lospoliticosveracruz.com\/?p=179993","og_locale":"es_ES","og_type":"article","og_title":"PROCESO ELECTORAL 2026-2027: LAS MUERTAS\u2026 - Los pol\u00edticos Veracruz","og_description":"Jos\u00e9 Luis Ortega VidalClaroscuros \u00bfDe los 300 distritos electorales federales a disputarse en la elecci\u00f3n del primer domingo de junio del 2027, en cu\u00e1nto y cu\u00e1les se podr\u00e1 contar con la certeza de mantener alejados los tent\u00e1culos del crimen organizado?(2)Va un antecedente.(3)Retomo informaci\u00f3n de M\u00e9xico Eval\u00faa: https:\/\/mexicoevalua.org\/violencia-en-elecciones-de-2024-supero-la-de-2018-y-2021\/. (4)Un art\u00edculo de este organismo publicado un mes [&hellip;]","og_url":"https:\/\/lospoliticosveracruz.com\/?p=179993","og_site_name":"Los pol\u00edticos Veracruz","article_publisher":"https:\/\/www.facebook.com\/people\/Notimemes-de-los-Polticos\/61565672886568\/","article_published_time":"2026-09-04T03:26:59+00:00","article_modified_time":"2026-09-04T03:27:01+00:00","og_image":[{"width":1250,"height":667,"url":"https:\/\/lospoliticosveracruz.com\/wp-content\/uploads\/2025\/04\/Jose-Luis-Ortega-Vidal.jpg","type":"image\/jpeg"}],"author":"Lo viste en Los Pol\u00edticos","twitter_card":"summary_large_image","twitter_creator":"@LosPoliticosVer","twitter_site":"@LosPoliticosVer","twitter_misc":{"Escrito por":"Lo viste en Los Pol\u00edticos","Tiempo de lectura":"5 minutos"},"schema":{"@context":"https:\/\/schema.org","@graph":[{"@type":"Article","@id":"https:\/\/lospoliticosveracruz.com\/?p=179993#article","isPartOf":{"@id":"https:\/\/lospoliticosveracruz.com\/?p=179993"},"author":{"name":"Lo viste en Los Pol\u00edticos","@id":"https:\/\/lospoliticosveracruz.com\/#\/schema\/person\/b8702bb0e538456e6efd07080bf2a4a2"},"headline":"PROCESO ELECTORAL 2026-2027: LAS MUERTAS\u2026","datePublished":"2026-09-04T03:26:59+00:00","dateModified":"2026-09-04T03:27:01+00:00","mainEntityOfPage":{"@id":"https:\/\/lospoliticosveracruz.com\/?p=179993"},"wordCount":882,"publisher":{"@id":"https:\/\/lospoliticosveracruz.com\/#organization"},"image":{"@id":"https:\/\/lospoliticosveracruz.com\/?p=179993#primaryimage"},"thumbnailUrl":"https:\/\/lospoliticosveracruz.com\/wp-content\/uploads\/2025\/04\/Jose-Luis-Ortega-Vidal.jpg","keywords":["crimen organizado","elecciones 2027","Elecciones federales","Jos\u00e9 Luis Ortega Vidal","proceso electoral","Veracruz","Violencia pol\u00edtica"],"articleSection":["De Opini\u00f3n"],"inLanguage":"es"},{"@type":"WebPage","@id":"https:\/\/lospoliticosveracruz.com\/?p=179993","url":"https:\/\/lospoliticosveracruz.com\/?p=179993","name":"PROCESO ELECTORAL 2026-2027: LAS MUERTAS\u2026 - Los pol\u00edticos Veracruz","isPartOf":{"@id":"https:\/\/lospoliticosveracruz.com\/#website"},"primaryImageOfPage":{"@id":"https:\/\/lospoliticosveracruz.com\/?p=179993#primaryimage"},"image":{"@id":"https:\/\/lospoliticosveracruz.com\/?p=179993#primaryimage"},"thumbnailUrl":"https:\/\/lospoliticosveracruz.com\/wp-content\/uploads\/2025\/04\/Jose-Luis-Ortega-Vidal.jpg","datePublished":"2026-09-04T03:26:59+00:00","dateModified":"2026-09-04T03:27:01+00:00","breadcrumb":{"@id":"https:\/\/lospoliticosveracruz.com\/?p=179993#breadcrumb"},"inLanguage":"es","potentialAction":[{"@type":"ReadAction","target":["https:\/\/lospoliticosveracruz.com\/?p=179993"]}]},{"@type":"ImageObject","inLanguage":"es","@id":"https:\/\/lospoliticosveracruz.com\/?p=179993#primaryimage","url":"https:\/\/lospoliticosveracruz.com\/wp-content\/uploads\/2025\/04\/Jose-Luis-Ortega-Vidal.jpg","contentUrl":"https:\/\/lospoliticosveracruz.com\/wp-content\/uploads\/2025\/04\/Jose-Luis-Ortega-Vidal.jpg","width":1250,"height":667},{"@type":"BreadcrumbList","@id":"https:\/\/lospoliticosveracruz.com\/?p=179993#breadcrumb","itemListElement":[{"@type":"ListItem","position":1,"name":"Portada","item":"https:\/\/lospoliticosveracruz.com\/"},{"@type":"ListItem","position":2,"name":"PROCESO ELECTORAL 2026-2027: LAS MUERTAS\u2026"}]},{"@type":"WebSite","@id":"https:\/\/lospoliticosveracruz.com\/#website","url":"https:\/\/lospoliticosveracruz.com\/","name":"Los pol\u00edticos Veracruz","description":"","publisher":{"@id":"https:\/\/lospoliticosveracruz.com\/#organization"},"potentialAction":[{"@type":"SearchAction","target":{"@type":"EntryPoint","urlTemplate":"https:\/\/lospoliticosveracruz.com\/?s={search_term_string}"},"query-input":{"@type":"PropertyValueSpecification","valueRequired":true,"valueName":"search_term_string"}}],"inLanguage":"es"},{"@type":"Organization","@id":"https:\/\/lospoliticosveracruz.com\/#organization","name":"Los pol\u00edticos Veracruz","url":"https:\/\/lospoliticosveracruz.com\/","logo":{"@type":"ImageObject","inLanguage":"es","@id":"https:\/\/lospoliticosveracruz.com\/#\/schema\/logo\/image\/","url":"https:\/\/lospoliticosveracruz.com\/wp-content\/uploads\/2025\/12\/Logo-Nuevo-LOS-POLITICOS-1.jpg","contentUrl":"https:\/\/lospoliticosveracruz.com\/wp-content\/uploads\/2025\/12\/Logo-Nuevo-LOS-POLITICOS-1.jpg","width":260,"height":70,"caption":"Los pol\u00edticos Veracruz"},"image":{"@id":"https:\/\/lospoliticosveracruz.com\/#\/schema\/logo\/image\/"},"sameAs":["https:\/\/www.facebook.com\/people\/Notimemes-de-los-Polticos\/61565672886568\/","https:\/\/x.com\/LosPoliticosVer"]},{"@type":"Person","@id":"https:\/\/lospoliticosveracruz.com\/#\/schema\/person\/b8702bb0e538456e6efd07080bf2a4a2","name":"Lo viste en Los Pol\u00edticos","image":{"@type":"ImageObject","inLanguage":"es","@id":"https:\/\/secure.gravatar.com\/avatar\/3a8de04a2656d44082be478bd6c086daa447c4651605818287b9532d3d0bd435?s=96&d=mm&r=g","url":"https:\/\/secure.gravatar.com\/avatar\/3a8de04a2656d44082be478bd6c086daa447c4651605818287b9532d3d0bd435?s=96&d=mm&r=g","contentUrl":"https:\/\/secure.gravatar.com\/avatar\/3a8de04a2656d44082be478bd6c086daa447c4651605818287b9532d3d0bd435?s=96&d=mm&r=g","caption":"Lo viste en Los Pol\u00edticos"},"url":"https:\/\/lospoliticosveracruz.com\/?author=2"}]}},"_links":{"self":[{"href":"https:\/\/lospoliticosveracruz.com\/index.php?rest_route=\/wp\/v2\/posts\/179993","targetHints":{"allow":["GET"]}}],"collection":[{"href":"https:\/\/lospoliticosveracruz.com\/index.php?rest_route=\/wp\/v2\/posts"}],"about":[{"href":"https:\/\/lospoliticosveracruz.com\/index.php?rest_route=\/wp\/v2\/types\/post"}],"author":[{"embeddable":true,"href":"https:\/\/lospoliticosveracruz.com\/index.php?rest_route=\/wp\/v2\/users\/2"}],"replies":[{"embeddable":true,"href":"https:\/\/lospoliticosveracruz.com\/index.php?rest_route=%2Fwp%2Fv2%2Fcomments&post=179993"}],"version-history":[{"count":1,"href":"https:\/\/lospoliticosveracruz.com\/index.php?rest_route=\/wp\/v2\/posts\/179993\/revisions"}],"predecessor-version":[{"id":179994,"href":"https:\/\/lospoliticosveracruz.com\/index.php?rest_route=\/wp\/v2\/posts\/179993\/revisions\/179994"}],"wp:featuredmedia":[{"embeddable":true,"href":"https:\/\/lospoliticosveracruz.com\/index.php?rest_route=\/wp\/v2\/media\/141392"}],"wp:attachment":[{"href":"https:\/\/lospoliticosveracruz.com\/index.php?rest_route=%2Fwp%2Fv2%2Fmedia&parent=179993"}],"wp:term":[{"taxonomy":"category","embeddable":true,"href":"https:\/\/lospoliticosveracruz.com\/index.php?rest_route=%2Fwp%2Fv2%2Fcategories&post=179993"},{"taxonomy":"post_tag","embeddable":true,"href":"https:\/\/lospoliticosveracruz.com\/index.php?rest_route=%2Fwp%2Fv2%2Ftags&post=179993"}],"curies":[{"name":"wp","href":"https:\/\/api.w.org\/{rel}","templated":true}]}}