{"id":179999,"date":"2026-09-04T05:29:20","date_gmt":"2026-09-04T11:29:20","guid":{"rendered":"https:\/\/lospoliticosveracruz.com\/?p=179999"},"modified":"2026-09-04T05:33:06","modified_gmt":"2026-09-04T11:33:06","slug":"puebla-santuario-de-capos","status":"publish","type":"post","link":"https:\/\/lospoliticosveracruz.com\/?p=179999","title":{"rendered":"PUEBLA, SANTUARIO DE CAPOS"},"content":{"rendered":"<div class=\"wp-block-image\">\n<figure class=\"alignleft size-full is-resized\"><a href=\"https:\/\/lospoliticosveracruz.com\/wp-content\/uploads\/2026\/08\/Fiestas-Veracruz.jpg\"><img loading=\"lazy\" decoding=\"async\" width=\"667\" height=\"625\" src=\"https:\/\/lospoliticosveracruz.com\/wp-content\/uploads\/2026\/08\/Fiestas-Veracruz.jpg\" alt=\"\" class=\"wp-image-179650\" style=\"aspect-ratio:1.067287698577726;width:425px;height:auto\" srcset=\"https:\/\/lospoliticosveracruz.com\/wp-content\/uploads\/2026\/08\/Fiestas-Veracruz.jpg 667w, https:\/\/lospoliticosveracruz.com\/wp-content\/uploads\/2026\/08\/Fiestas-Veracruz-300x281.jpg 300w, https:\/\/lospoliticosveracruz.com\/wp-content\/uploads\/2026\/08\/Fiestas-Veracruz-448x420.jpg 448w, https:\/\/lospoliticosveracruz.com\/wp-content\/uploads\/2026\/08\/Fiestas-Veracruz-150x141.jpg 150w\" sizes=\"auto, (max-width: 667px) 100vw, 667px\" \/><\/a><\/figure>\n<\/div>\n\n\n<p><strong>Jorge Ram\u00f3n Rizzo*<\/strong><br><em>Focus Group<\/em><\/p>\n\n\n\n<p class=\"dropcapp1\">El megaoperativo federal desplegado en la zona residencial de Lomas de Angel\u00f3polis, en la ciudad de Puebla, deriv\u00f3 en el hist\u00f3rico decomiso de una impresionante flota de autos de s\u00faper lujo, armas y estupefacientes vinculados a Gov\u00e9n Ulisses \u00abN\u00bb, alias \u00abEl Amarillo\u00bb o \u00abEl Gob\u00e9n\u00bb.<\/p>\n\n\n\n<p>Las autoridades confiscaron un total de 39 veh\u00edculos de alta gama, entre los que destacan modelos ex\u00f3ticos y camionetas blindadas de uso com\u00fan en las c\u00fapulas del crimen organizado. Un superdeportivo brit\u00e1nico McLaren de edici\u00f3n exclusiva, una &#8216;todoterreno&#8217; de lujo con blindaje integrado de la marca Mercedes Benz y modelo AMG G 63, adem\u00e1s de un arsenal de armas, droga y sus bienes inmuebles en la lujosa &#8216;Sonata Tower&#8217; que han quedado a disposici\u00f3n del Ministerio P\u00fablico Federal, para integrar la carpeta de investigaci\u00f3n por delincuencia organizada y operaciones con recursos de procedencia il\u00edcita.<\/p>\n\n\n\n<p>Tambi\u00e9n la &#8216;Concesionaria Dimont&#8217;, en las inmediaciones de la V\u00eda Atlixc\u00e1yotl permanece bajo un estricto resguardo militar preventivo ya que el detenido es identificado como el l\u00edder de una c\u00e9lula criminal al servicio del grupo delictivo \u00abLos Rusos\u00bb, un brazo armado del C\u00e1rtel de Sinaloa que azota principalmente al puerto de Acapulco, Guerrero.<\/p>\n\n\n\n<p>El apelativo de &#8216;El Amarillo&#8217; me hizo recordar a un jefe de plaza que oper\u00f3 en Veracruz en la primer d\u00e9cada de este siglo, llamado Mauricio Gu\u00edzar C\u00e1rdenas, alias &#8216;El Amarillo&#8217;, que fue un alto mando de la organizaci\u00f3n criminal &#8216;Los Zetas&#8217;, que oper\u00f3 identificado hist\u00f3ricamente como un colaborador y hombre de total confianza de Omar Trevi\u00f1o Morales, alias &#8216;El Z-42&#8217;.<\/p>\n\n\n\n<p>Ese &#8216;Amarillo&#8217; controlaba operaciones en cinco entidades federativas: Tabasco, Veracruz, Chiapas, Campeche y Quintana Roo, adem\u00e1s de haber operado redes de narcotr\u00e1fico en Guatemala, donde las agencias de seguridad internacionales lo vincularon como un autor intelectual de &#8216;La Masacre de Pet\u00e9n&#8217;, ocurrida en 201.<\/p>\n\n\n\n<p>&#8216;El Amarillo&#8217; del pasado tambi\u00e9n fue detenido en Puebla en el 2012 por la Marina durante un operativo en un hotel del municipio de Huejotzingo, Puebla. Al momento de su arresto, imag\u00ednese que se le incaut\u00f3 un lanzacohetes antitanque, adem\u00e1s de granadas, armas largas y drogas sint\u00e9ticas.<\/p>\n\n\n\n<p>&#8216;El Amarillo&#8217; que fue detenido recientemente en Puebla es un capo que concentraba principalmente sus operaciones en Acapulco, Guerrero; solamente comparte el mismo alias, pero su historial delictivo pertenece a Guerrero y no guarda relaci\u00f3n con los antecedentes criminales de &#8216;El Amarillo&#8217; de Veracruz, que por cierto fue sentenciado a 20 a\u00f1os de prisi\u00f3n por delincuencia organizada apenas en el a\u00f1o 2023.<\/p>\n\n\n\n<p>Repito, &#8216;El Amarillo&#8217; detenido en Lomas de Angel\u00f3polis es identificado como el l\u00edder de una c\u00e9lula criminal al servicio del grupo delictivo &#8216;Los Rusos&#8217;, un brazo armado del C\u00e1rtel de Sinaloa que azota principalmente a diversos municipios en el Pacifico mexicano.<\/p>\n\n\n\n<p>D\u00e9jeme contarle que de acuerdo con las declaraciones del secretario de Seguridad P\u00fablica de Puebla, Francisco S\u00e1nchez Gonz\u00e1lez, &#8216;Los Rusos&#8217; no cuentan con una estructura operativa o cobro de piso en la entidad poblana.<\/p>\n\n\n\n<p>Pero lo que si acept\u00f3 el funcionario del gabinete del gobernador poblano Alejandro Armenta, es que grandes capos de otros estados de regiones colindantes suelen utilizar los fraccionamientos exclusivos de Angel\u00f3polis como un &#8216;santuario&#8217; o refugio temporal para esconderse junto a sus familias debido a la conectividad geogr\u00e1fica y adquieren los inmuebles por la plusval\u00eda de la zona.<\/p>\n\n\n\n<p>&#8216;Los Rusos&#8217;, no son un cartel independiente, sino la fuerza de choque \u00e9lite, sumamente violenta y leal que ejecuta la estrategia militar y comercial; son el brazo armado y ala m\u00e1s radical de la facci\u00f3n de Ismael &#8216;El Mayo&#8217; Zambada Garc\u00eda y actualmente de su hijo, Ismael Zambada Sicarios, alias &#8216;Mayito Flaco&#8217;, facci\u00f3n denominada en el argot policial y criminal como \u00abLa Mayiza\u00bb.<\/p>\n\n\n\n<p>Debe quedar claro algo: Este fue un golpe directo para &#8216;Los Rusos&#8217;, ya que aunque su n\u00facleo de poder hist\u00f3rico se concentra en el noroeste de M\u00e9xico, los informes de inteligencia criminal revelan que su alcance se extiende desde la frontera con Estados Unidos hasta las costas del Pac\u00edfico sur.<\/p>\n\n\n\n<p>Debido a esta vasta influencia y su naturaleza despiadada, el gobierno de los Estados Unidos considera a su l\u00edder, Juan Jos\u00e9 Ponce F\u00e9lix &#8216;El Ruso&#8217;, un objetivo prioritario internacional, ofreciendo una recompensa activa de 5 millones de d\u00f3lares por informaci\u00f3n que lleve a su captura\u2026 De ese tama\u00f1o est\u00e1n las cosas.<\/p>\n\n\n\n<p>*Periodista\/Tlaxcala<\/p>\n\n\n\n<p><\/p>\n","protected":false},"excerpt":{"rendered":"<p>Jorge Ram\u00f3n Rizzo*Focus Group El megaoperativo federal desplegado en la zona residencial de Lomas de Angel\u00f3polis, en la ciudad de Puebla, deriv\u00f3 en el hist\u00f3rico decomiso de una impresionante flota de autos de s\u00faper lujo, armas y estupefacientes vinculados a Gov\u00e9n Ulisses \u00abN\u00bb, alias \u00abEl Amarillo\u00bb o \u00abEl Gob\u00e9n\u00bb. Las autoridades confiscaron un total de [&hellip;]<\/p>\n","protected":false},"author":2,"featured_media":174802,"comment_status":"closed","ping_status":"closed","sticky":false,"template":"","format":"standard","meta":{"tdm_status":"","tdm_grid_status":"","footnotes":""},"categories":[70],"tags":[2230,544,71019,71021,71018,71022,61245,71017,71020,3132,2231,195],"class_list":{"0":"post-179999","1":"post","2":"type-post","3":"status-publish","4":"format-standard","5":"has-post-thumbnail","7":"category-de-opinion","8":"tag-campeche","9":"tag-chiapas","10":"tag-concesionaria-dimont","11":"tag-el-amarillo","12":"tag-goven-ulises","13":"tag-huejotzingo","14":"tag-jorge-ramon-rizzo","15":"tag-lomas-de-angelopolis","16":"tag-los-rusos","17":"tag-puebla","18":"tag-tabasco","19":"tag-veracruz"},"yoast_head":"<!-- This site is optimized with the Yoast SEO plugin v28.1 - https:\/\/yoast.com\/product\/yoast-seo-wordpress\/ -->\n<title>PUEBLA, SANTUARIO DE CAPOS - Los pol\u00edticos Veracruz<\/title>\n<meta name=\"robots\" content=\"index, follow, max-snippet:-1, max-image-preview:large, max-video-preview:-1\" \/>\n<link rel=\"canonical\" href=\"https:\/\/lospoliticosveracruz.com\/?p=179999\" \/>\n<meta property=\"og:locale\" content=\"es_ES\" \/>\n<meta property=\"og:type\" content=\"article\" \/>\n<meta property=\"og:title\" content=\"PUEBLA, SANTUARIO DE CAPOS - Los pol\u00edticos Veracruz\" \/>\n<meta property=\"og:description\" content=\"Jorge Ram\u00f3n Rizzo*Focus Group El megaoperativo federal desplegado en la zona residencial de Lomas de Angel\u00f3polis, en la ciudad de Puebla, deriv\u00f3 en el hist\u00f3rico decomiso de una impresionante flota de autos de s\u00faper lujo, armas y estupefacientes vinculados a Gov\u00e9n Ulisses \u00abN\u00bb, alias \u00abEl Amarillo\u00bb o \u00abEl Gob\u00e9n\u00bb. Las autoridades confiscaron un total de [&hellip;]\" \/>\n<meta property=\"og:url\" content=\"https:\/\/lospoliticosveracruz.com\/?p=179999\" \/>\n<meta property=\"og:site_name\" content=\"Los pol\u00edticos Veracruz\" \/>\n<meta property=\"article:publisher\" content=\"https:\/\/www.facebook.com\/people\/Notimemes-de-los-Polticos\/61565672886568\/\" \/>\n<meta property=\"article:published_time\" content=\"2026-09-04T11:29:20+00:00\" \/>\n<meta property=\"article:modified_time\" content=\"2026-09-04T11:33:06+00:00\" \/>\n<meta property=\"og:image\" content=\"https:\/\/lospoliticosveracruz.com\/wp-content\/uploads\/2026\/06\/Jorge-Ramon-Rizzo-e1788521417192.jpg\" \/>\n\t<meta property=\"og:image:width\" content=\"600\" \/>\n\t<meta property=\"og:image:height\" content=\"315\" \/>\n\t<meta property=\"og:image:type\" content=\"image\/jpeg\" \/>\n<meta name=\"author\" content=\"Lo viste en Los Pol\u00edticos\" \/>\n<meta name=\"twitter:card\" content=\"summary_large_image\" \/>\n<meta name=\"twitter:creator\" content=\"@LosPoliticosVer\" \/>\n<meta name=\"twitter:site\" content=\"@LosPoliticosVer\" \/>\n<meta name=\"twitter:label1\" content=\"Escrito por\" \/>\n\t<meta name=\"twitter:data1\" content=\"Lo viste en Los Pol\u00edticos\" \/>\n\t<meta name=\"twitter:label2\" content=\"Tiempo de lectura\" \/>\n\t<meta name=\"twitter:data2\" content=\"7 minutos\" \/>\n<script type=\"application\/ld+json\" class=\"yoast-schema-graph\">{\"@context\":\"https:\\\/\\\/schema.org\",\"@graph\":[{\"@type\":\"Article\",\"@id\":\"https:\\\/\\\/lospoliticosveracruz.com\\\/?p=179999#article\",\"isPartOf\":{\"@id\":\"https:\\\/\\\/lospoliticosveracruz.com\\\/?p=179999\"},\"author\":{\"name\":\"Lo viste en Los Pol\u00edticos\",\"@id\":\"https:\\\/\\\/lospoliticosveracruz.com\\\/#\\\/schema\\\/person\\\/b8702bb0e538456e6efd07080bf2a4a2\"},\"headline\":\"PUEBLA, SANTUARIO DE CAPOS\",\"datePublished\":\"2026-09-04T11:29:20+00:00\",\"dateModified\":\"2026-09-04T11:33:06+00:00\",\"mainEntityOfPage\":{\"@id\":\"https:\\\/\\\/lospoliticosveracruz.com\\\/?p=179999\"},\"wordCount\":772,\"publisher\":{\"@id\":\"https:\\\/\\\/lospoliticosveracruz.com\\\/#organization\"},\"image\":{\"@id\":\"https:\\\/\\\/lospoliticosveracruz.com\\\/?p=179999#primaryimage\"},\"thumbnailUrl\":\"https:\\\/\\\/lospoliticosveracruz.com\\\/wp-content\\\/uploads\\\/2026\\\/06\\\/Jorge-Ramon-Rizzo-e1788521417192.jpg\",\"keywords\":[\"Campeche\",\"Chiapas\",\"Concesionaria Dimont\",\"El Amarillo\",\"Gov\u00e9n Ulises\",\"Huejotzingo\",\"Jorge Ram\u00f3n Rizzo\",\"Lomas de Angel\u00f3polis\",\"Los Rusos\",\"Puebla\",\"Tabasco\",\"Veracruz\"],\"articleSection\":[\"De Opini\u00f3n\"],\"inLanguage\":\"es\"},{\"@type\":\"WebPage\",\"@id\":\"https:\\\/\\\/lospoliticosveracruz.com\\\/?p=179999\",\"url\":\"https:\\\/\\\/lospoliticosveracruz.com\\\/?p=179999\",\"name\":\"PUEBLA, SANTUARIO DE CAPOS - Los pol\u00edticos Veracruz\",\"isPartOf\":{\"@id\":\"https:\\\/\\\/lospoliticosveracruz.com\\\/#website\"},\"primaryImageOfPage\":{\"@id\":\"https:\\\/\\\/lospoliticosveracruz.com\\\/?p=179999#primaryimage\"},\"image\":{\"@id\":\"https:\\\/\\\/lospoliticosveracruz.com\\\/?p=179999#primaryimage\"},\"thumbnailUrl\":\"https:\\\/\\\/lospoliticosveracruz.com\\\/wp-content\\\/uploads\\\/2026\\\/06\\\/Jorge-Ramon-Rizzo-e1788521417192.jpg\",\"datePublished\":\"2026-09-04T11:29:20+00:00\",\"dateModified\":\"2026-09-04T11:33:06+00:00\",\"breadcrumb\":{\"@id\":\"https:\\\/\\\/lospoliticosveracruz.com\\\/?p=179999#breadcrumb\"},\"inLanguage\":\"es\",\"potentialAction\":[{\"@type\":\"ReadAction\",\"target\":[\"https:\\\/\\\/lospoliticosveracruz.com\\\/?p=179999\"]}]},{\"@type\":\"ImageObject\",\"inLanguage\":\"es\",\"@id\":\"https:\\\/\\\/lospoliticosveracruz.com\\\/?p=179999#primaryimage\",\"url\":\"https:\\\/\\\/lospoliticosveracruz.com\\\/wp-content\\\/uploads\\\/2026\\\/06\\\/Jorge-Ramon-Rizzo-e1788521417192.jpg\",\"contentUrl\":\"https:\\\/\\\/lospoliticosveracruz.com\\\/wp-content\\\/uploads\\\/2026\\\/06\\\/Jorge-Ramon-Rizzo-e1788521417192.jpg\",\"width\":600,\"height\":315},{\"@type\":\"BreadcrumbList\",\"@id\":\"https:\\\/\\\/lospoliticosveracruz.com\\\/?p=179999#breadcrumb\",\"itemListElement\":[{\"@type\":\"ListItem\",\"position\":1,\"name\":\"Portada\",\"item\":\"https:\\\/\\\/lospoliticosveracruz.com\\\/\"},{\"@type\":\"ListItem\",\"position\":2,\"name\":\"PUEBLA, SANTUARIO DE CAPOS\"}]},{\"@type\":\"WebSite\",\"@id\":\"https:\\\/\\\/lospoliticosveracruz.com\\\/#website\",\"url\":\"https:\\\/\\\/lospoliticosveracruz.com\\\/\",\"name\":\"Los pol\u00edticos Veracruz\",\"description\":\"\",\"publisher\":{\"@id\":\"https:\\\/\\\/lospoliticosveracruz.com\\\/#organization\"},\"potentialAction\":[{\"@type\":\"SearchAction\",\"target\":{\"@type\":\"EntryPoint\",\"urlTemplate\":\"https:\\\/\\\/lospoliticosveracruz.com\\\/?s={search_term_string}\"},\"query-input\":{\"@type\":\"PropertyValueSpecification\",\"valueRequired\":true,\"valueName\":\"search_term_string\"}}],\"inLanguage\":\"es\"},{\"@type\":\"Organization\",\"@id\":\"https:\\\/\\\/lospoliticosveracruz.com\\\/#organization\",\"name\":\"Los pol\u00edticos Veracruz\",\"url\":\"https:\\\/\\\/lospoliticosveracruz.com\\\/\",\"logo\":{\"@type\":\"ImageObject\",\"inLanguage\":\"es\",\"@id\":\"https:\\\/\\\/lospoliticosveracruz.com\\\/#\\\/schema\\\/logo\\\/image\\\/\",\"url\":\"https:\\\/\\\/lospoliticosveracruz.com\\\/wp-content\\\/uploads\\\/2025\\\/12\\\/Logo-Nuevo-LOS-POLITICOS-1.jpg\",\"contentUrl\":\"https:\\\/\\\/lospoliticosveracruz.com\\\/wp-content\\\/uploads\\\/2025\\\/12\\\/Logo-Nuevo-LOS-POLITICOS-1.jpg\",\"width\":260,\"height\":70,\"caption\":\"Los pol\u00edticos Veracruz\"},\"image\":{\"@id\":\"https:\\\/\\\/lospoliticosveracruz.com\\\/#\\\/schema\\\/logo\\\/image\\\/\"},\"sameAs\":[\"https:\\\/\\\/www.facebook.com\\\/people\\\/Notimemes-de-los-Polticos\\\/61565672886568\\\/\",\"https:\\\/\\\/x.com\\\/LosPoliticosVer\"]},{\"@type\":\"Person\",\"@id\":\"https:\\\/\\\/lospoliticosveracruz.com\\\/#\\\/schema\\\/person\\\/b8702bb0e538456e6efd07080bf2a4a2\",\"name\":\"Lo viste en Los Pol\u00edticos\",\"image\":{\"@type\":\"ImageObject\",\"inLanguage\":\"es\",\"@id\":\"https:\\\/\\\/secure.gravatar.com\\\/avatar\\\/3a8de04a2656d44082be478bd6c086daa447c4651605818287b9532d3d0bd435?s=96&d=mm&r=g\",\"url\":\"https:\\\/\\\/secure.gravatar.com\\\/avatar\\\/3a8de04a2656d44082be478bd6c086daa447c4651605818287b9532d3d0bd435?s=96&d=mm&r=g\",\"contentUrl\":\"https:\\\/\\\/secure.gravatar.com\\\/avatar\\\/3a8de04a2656d44082be478bd6c086daa447c4651605818287b9532d3d0bd435?s=96&d=mm&r=g\",\"caption\":\"Lo viste en Los Pol\u00edticos\"},\"url\":\"https:\\\/\\\/lospoliticosveracruz.com\\\/?author=2\"}]}<\/script>\n<!-- \/ Yoast SEO plugin. -->","yoast_head_json":{"title":"PUEBLA, SANTUARIO DE CAPOS - Los pol\u00edticos Veracruz","robots":{"index":"index","follow":"follow","max-snippet":"max-snippet:-1","max-image-preview":"max-image-preview:large","max-video-preview":"max-video-preview:-1"},"canonical":"https:\/\/lospoliticosveracruz.com\/?p=179999","og_locale":"es_ES","og_type":"article","og_title":"PUEBLA, SANTUARIO DE CAPOS - Los pol\u00edticos Veracruz","og_description":"Jorge Ram\u00f3n Rizzo*Focus Group El megaoperativo federal desplegado en la zona residencial de Lomas de Angel\u00f3polis, en la ciudad de Puebla, deriv\u00f3 en el hist\u00f3rico decomiso de una impresionante flota de autos de s\u00faper lujo, armas y estupefacientes vinculados a Gov\u00e9n Ulisses \u00abN\u00bb, alias \u00abEl Amarillo\u00bb o \u00abEl Gob\u00e9n\u00bb. Las autoridades confiscaron un total de [&hellip;]","og_url":"https:\/\/lospoliticosveracruz.com\/?p=179999","og_site_name":"Los pol\u00edticos Veracruz","article_publisher":"https:\/\/www.facebook.com\/people\/Notimemes-de-los-Polticos\/61565672886568\/","article_published_time":"2026-09-04T11:29:20+00:00","article_modified_time":"2026-09-04T11:33:06+00:00","og_image":[{"width":600,"height":315,"url":"https:\/\/lospoliticosveracruz.com\/wp-content\/uploads\/2026\/06\/Jorge-Ramon-Rizzo-e1788521417192.jpg","type":"image\/jpeg"}],"author":"Lo viste en Los Pol\u00edticos","twitter_card":"summary_large_image","twitter_creator":"@LosPoliticosVer","twitter_site":"@LosPoliticosVer","twitter_misc":{"Escrito por":"Lo viste en Los Pol\u00edticos","Tiempo de lectura":"7 minutos"},"schema":{"@context":"https:\/\/schema.org","@graph":[{"@type":"Article","@id":"https:\/\/lospoliticosveracruz.com\/?p=179999#article","isPartOf":{"@id":"https:\/\/lospoliticosveracruz.com\/?p=179999"},"author":{"name":"Lo viste en Los Pol\u00edticos","@id":"https:\/\/lospoliticosveracruz.com\/#\/schema\/person\/b8702bb0e538456e6efd07080bf2a4a2"},"headline":"PUEBLA, SANTUARIO DE CAPOS","datePublished":"2026-09-04T11:29:20+00:00","dateModified":"2026-09-04T11:33:06+00:00","mainEntityOfPage":{"@id":"https:\/\/lospoliticosveracruz.com\/?p=179999"},"wordCount":772,"publisher":{"@id":"https:\/\/lospoliticosveracruz.com\/#organization"},"image":{"@id":"https:\/\/lospoliticosveracruz.com\/?p=179999#primaryimage"},"thumbnailUrl":"https:\/\/lospoliticosveracruz.com\/wp-content\/uploads\/2026\/06\/Jorge-Ramon-Rizzo-e1788521417192.jpg","keywords":["Campeche","Chiapas","Concesionaria Dimont","El Amarillo","Gov\u00e9n Ulises","Huejotzingo","Jorge Ram\u00f3n Rizzo","Lomas de Angel\u00f3polis","Los Rusos","Puebla","Tabasco","Veracruz"],"articleSection":["De Opini\u00f3n"],"inLanguage":"es"},{"@type":"WebPage","@id":"https:\/\/lospoliticosveracruz.com\/?p=179999","url":"https:\/\/lospoliticosveracruz.com\/?p=179999","name":"PUEBLA, SANTUARIO DE CAPOS - Los pol\u00edticos Veracruz","isPartOf":{"@id":"https:\/\/lospoliticosveracruz.com\/#website"},"primaryImageOfPage":{"@id":"https:\/\/lospoliticosveracruz.com\/?p=179999#primaryimage"},"image":{"@id":"https:\/\/lospoliticosveracruz.com\/?p=179999#primaryimage"},"thumbnailUrl":"https:\/\/lospoliticosveracruz.com\/wp-content\/uploads\/2026\/06\/Jorge-Ramon-Rizzo-e1788521417192.jpg","datePublished":"2026-09-04T11:29:20+00:00","dateModified":"2026-09-04T11:33:06+00:00","breadcrumb":{"@id":"https:\/\/lospoliticosveracruz.com\/?p=179999#breadcrumb"},"inLanguage":"es","potentialAction":[{"@type":"ReadAction","target":["https:\/\/lospoliticosveracruz.com\/?p=179999"]}]},{"@type":"ImageObject","inLanguage":"es","@id":"https:\/\/lospoliticosveracruz.com\/?p=179999#primaryimage","url":"https:\/\/lospoliticosveracruz.com\/wp-content\/uploads\/2026\/06\/Jorge-Ramon-Rizzo-e1788521417192.jpg","contentUrl":"https:\/\/lospoliticosveracruz.com\/wp-content\/uploads\/2026\/06\/Jorge-Ramon-Rizzo-e1788521417192.jpg","width":600,"height":315},{"@type":"BreadcrumbList","@id":"https:\/\/lospoliticosveracruz.com\/?p=179999#breadcrumb","itemListElement":[{"@type":"ListItem","position":1,"name":"Portada","item":"https:\/\/lospoliticosveracruz.com\/"},{"@type":"ListItem","position":2,"name":"PUEBLA, SANTUARIO DE CAPOS"}]},{"@type":"WebSite","@id":"https:\/\/lospoliticosveracruz.com\/#website","url":"https:\/\/lospoliticosveracruz.com\/","name":"Los pol\u00edticos Veracruz","description":"","publisher":{"@id":"https:\/\/lospoliticosveracruz.com\/#organization"},"potentialAction":[{"@type":"SearchAction","target":{"@type":"EntryPoint","urlTemplate":"https:\/\/lospoliticosveracruz.com\/?s={search_term_string}"},"query-input":{"@type":"PropertyValueSpecification","valueRequired":true,"valueName":"search_term_string"}}],"inLanguage":"es"},{"@type":"Organization","@id":"https:\/\/lospoliticosveracruz.com\/#organization","name":"Los pol\u00edticos Veracruz","url":"https:\/\/lospoliticosveracruz.com\/","logo":{"@type":"ImageObject","inLanguage":"es","@id":"https:\/\/lospoliticosveracruz.com\/#\/schema\/logo\/image\/","url":"https:\/\/lospoliticosveracruz.com\/wp-content\/uploads\/2025\/12\/Logo-Nuevo-LOS-POLITICOS-1.jpg","contentUrl":"https:\/\/lospoliticosveracruz.com\/wp-content\/uploads\/2025\/12\/Logo-Nuevo-LOS-POLITICOS-1.jpg","width":260,"height":70,"caption":"Los pol\u00edticos Veracruz"},"image":{"@id":"https:\/\/lospoliticosveracruz.com\/#\/schema\/logo\/image\/"},"sameAs":["https:\/\/www.facebook.com\/people\/Notimemes-de-los-Polticos\/61565672886568\/","https:\/\/x.com\/LosPoliticosVer"]},{"@type":"Person","@id":"https:\/\/lospoliticosveracruz.com\/#\/schema\/person\/b8702bb0e538456e6efd07080bf2a4a2","name":"Lo viste en Los Pol\u00edticos","image":{"@type":"ImageObject","inLanguage":"es","@id":"https:\/\/secure.gravatar.com\/avatar\/3a8de04a2656d44082be478bd6c086daa447c4651605818287b9532d3d0bd435?s=96&d=mm&r=g","url":"https:\/\/secure.gravatar.com\/avatar\/3a8de04a2656d44082be478bd6c086daa447c4651605818287b9532d3d0bd435?s=96&d=mm&r=g","contentUrl":"https:\/\/secure.gravatar.com\/avatar\/3a8de04a2656d44082be478bd6c086daa447c4651605818287b9532d3d0bd435?s=96&d=mm&r=g","caption":"Lo viste en Los Pol\u00edticos"},"url":"https:\/\/lospoliticosveracruz.com\/?author=2"}]}},"_links":{"self":[{"href":"https:\/\/lospoliticosveracruz.com\/index.php?rest_route=\/wp\/v2\/posts\/179999","targetHints":{"allow":["GET"]}}],"collection":[{"href":"https:\/\/lospoliticosveracruz.com\/index.php?rest_route=\/wp\/v2\/posts"}],"about":[{"href":"https:\/\/lospoliticosveracruz.com\/index.php?rest_route=\/wp\/v2\/types\/post"}],"author":[{"embeddable":true,"href":"https:\/\/lospoliticosveracruz.com\/index.php?rest_route=\/wp\/v2\/users\/2"}],"replies":[{"embeddable":true,"href":"https:\/\/lospoliticosveracruz.com\/index.php?rest_route=%2Fwp%2Fv2%2Fcomments&post=179999"}],"version-history":[{"count":1,"href":"https:\/\/lospoliticosveracruz.com\/index.php?rest_route=\/wp\/v2\/posts\/179999\/revisions"}],"predecessor-version":[{"id":180000,"href":"https:\/\/lospoliticosveracruz.com\/index.php?rest_route=\/wp\/v2\/posts\/179999\/revisions\/180000"}],"wp:featuredmedia":[{"embeddable":true,"href":"https:\/\/lospoliticosveracruz.com\/index.php?rest_route=\/wp\/v2\/media\/174802"}],"wp:attachment":[{"href":"https:\/\/lospoliticosveracruz.com\/index.php?rest_route=%2Fwp%2Fv2%2Fmedia&parent=179999"}],"wp:term":[{"taxonomy":"category","embeddable":true,"href":"https:\/\/lospoliticosveracruz.com\/index.php?rest_route=%2Fwp%2Fv2%2Fcategories&post=179999"},{"taxonomy":"post_tag","embeddable":true,"href":"https:\/\/lospoliticosveracruz.com\/index.php?rest_route=%2Fwp%2Fv2%2Ftags&post=179999"}],"curies":[{"name":"wp","href":"https:\/\/api.w.org\/{rel}","templated":true}]}}