{"id":180002,"date":"2026-09-04T05:38:06","date_gmt":"2026-09-04T11:38:06","guid":{"rendered":"https:\/\/lospoliticosveracruz.com\/?p=180002"},"modified":"2026-09-04T05:38:08","modified_gmt":"2026-09-04T11:38:08","slug":"vandalismo-electrico","status":"publish","type":"post","link":"https:\/\/lospoliticosveracruz.com\/?p=180002","title":{"rendered":"VANDALISMO EL\u00c9CTRICO"},"content":{"rendered":"<div class=\"wp-block-image\">\n<figure class=\"alignleft size-full is-resized\"><a href=\"https:\/\/lospoliticosveracruz.com\/wp-content\/uploads\/2026\/05\/IMG_1092.png\"><img loading=\"lazy\" decoding=\"async\" width=\"640\" height=\"600\" src=\"https:\/\/lospoliticosveracruz.com\/wp-content\/uploads\/2026\/05\/IMG_1092.png\" alt=\"\" class=\"wp-image-172799\" style=\"width:375px;height:auto\" srcset=\"https:\/\/lospoliticosveracruz.com\/wp-content\/uploads\/2026\/05\/IMG_1092.png 640w, https:\/\/lospoliticosveracruz.com\/wp-content\/uploads\/2026\/05\/IMG_1092-300x281.png 300w, https:\/\/lospoliticosveracruz.com\/wp-content\/uploads\/2026\/05\/IMG_1092-448x420.png 448w, https:\/\/lospoliticosveracruz.com\/wp-content\/uploads\/2026\/05\/IMG_1092-150x141.png 150w\" sizes=\"auto, (max-width: 640px) 100vw, 640px\" \/><\/a><\/figure>\n<\/div>\n\n\n<p><strong>Carlos Miguel Acosta Bravo<\/strong><br><em>Impronta<\/em><\/p>\n\n\n\n<p class=\"dropcapp1\">La titular de la Secretar\u00eda de Energ\u00eda (SENER), Luz Elena Gonz\u00e1lez Escobar, anunci\u00f3 en el Foro de Infraestructura Energ\u00e9tica del Consejo Coordinador Empresarial (CCE) una inversi\u00f3n de 3,750 millones de d\u00f3lares para construir 100 plantas de generaci\u00f3n el\u00e9ctrica en todo el pa\u00eds. La noticia llega apenas d\u00edas despu\u00e9s del mega apag\u00f3n que dej\u00f3 sin electricidad a 745,533 usuarios en Yucat\u00e1n, Quintana Roo, Campeche y Chiapas, oficialmente atribuido a actos de vandalismo en dos l\u00edneas de transmisi\u00f3n.<\/p>\n\n\n\n<p>Pero m\u00e1s all\u00e1 del timing, la pregunta es: \u00bfqu\u00e9 beneficios reales traer\u00e1 esta inversi\u00f3n al sector el\u00e9ctrico mexicano? \u00bfY constituye un reconocimiento impl\u00edcito de que el apag\u00f3n del sureste respondi\u00f3 a fallas estructurales m\u00e1s que a sabotaje?<\/p>\n\n\n\n<p>La construcci\u00f3n de 100 plantas de generaci\u00f3n el\u00e9ctrica distribuidas por todo el pa\u00eds permitir\u00e1 agregar capacidad instalada significativa. De los 55 proyectos ya asignados (17 privados y 38 mixtos con CFE), se aportar\u00e1n cerca de 10,883 megawatts (MW) de capacidad, equivalente al 11% de la capacidad total de generaci\u00f3n el\u00e9ctrica del pa\u00eds.&nbsp;<\/p>\n\n\n\n<p>Las plantas estar\u00e1n distribuidas en diferentes regiones, reduciendo la dependencia de pocas l\u00edneas de transmisi\u00f3n desde el centro del pa\u00eds hacia el sureste, exactamente el punto d\u00e9bil que colaps\u00f3 en el apag\u00f3n del 31 de agosto. Se espera que entren en operaci\u00f3n escalonada entre 2029 y 2030, alineadas con la meta del Programa de Desarrollo CFE 2026-2030.<\/p>\n\n\n\n<p>De los 55 proyectos ya asignados, 17 son totalmente privados y aportar\u00e1n casi 3,000 MW de capacidad renovable, mientras que 38 operar\u00e1n bajo esquemas mixtos con la CFE, aportando hasta 8,025 MW adicionales de capacidad conjunta. Adem\u00e1s, 34 proyectos renovables ya est\u00e1n terminados y se est\u00e1n renovando 23 subestaciones.&nbsp;Esto contribuir\u00e1 a la meta del gobierno de que M\u00e9xico produzca casi el 50% de su energ\u00eda a partir de fuentes renovables para 2040, un compromiso que el pa\u00eds ha asumido en foros internacionales sobre cambio clim\u00e1tico.<\/p>\n\n\n\n<p>La secretaria Gonz\u00e1lez Escobar se\u00f1al\u00f3 que el sector el\u00e9ctrico cuenta con un robusto programa de transmisi\u00f3n y distribuci\u00f3n para asegurar que la energ\u00eda llegue a todos los rincones del pa\u00eds, con inversiones cercanas a 250,000 millones de pesos en modernizaci\u00f3n de redes.<\/p>\n\n\n\n<p>Esto incluye reducci\u00f3n de vulnerabilidades al tener m\u00e1s plantas distribuidas geogr\u00e1ficamente, se reduce la dependencia de l\u00edneas de transmisi\u00f3n de larga distancia,&nbsp;mayor resiliencia, pues&nbsp;un sistema con m\u00e1s puntos de generaci\u00f3n es m\u00e1s resistente a fallas puntuales y cobertura del 99.9% de los hogares mexicanos con acceso a electricidad.<\/p>\n\n\n\n<p>Jos\u00e9 Medina Mora, presidente del CCE, destac\u00f3 que el marco normativo actual define reglas claras para esquemas de inversi\u00f3n mixta y privada, lo que ha permitido destrabar 19 grandes proyectos de inversi\u00f3n que sumaban 3,750 millones de d\u00f3lares retenidos por burocracia.&nbsp;<\/p>\n\n\n\n<p>El 60% de estos recursos (2,250 millones de d\u00f3lares) corresponden a proyectos de generaci\u00f3n el\u00e9ctrica e hidrocarburos. Proyectos que llevaban meses o a\u00f1os sin respuesta ahora reciben aprobaci\u00f3n en \u00abuna o dos semanas\u00bb, seg\u00fan Medina Mora. El CCE prev\u00e9 un \u00abboom\u00bb de inversi\u00f3n nacional y extranjera en el sector energ\u00e9tico ante esta certidumbre jur\u00eddica.&nbsp;<\/p>\n\n\n\n<p>Los proyectos ser\u00e1n desarrollados bajo esquemas mixtos por la CFE, donde la paraestatal tendr\u00e1 54% de participaci\u00f3n mediante aportaciones en \u00abespecie\u00bb y derechos \u00abcomunes\u00bb, mientras que el socio privado tendr\u00e1 46% con aportaciones \u00aben capital\u00bb y derechos \u00abpreferentes\u00bb. De 20 a 30% de la inversi\u00f3n se realizar\u00e1 con capital, mientras que 70 a 80% ser\u00e1 con deuda.&nbsp;<\/p>\n\n\n\n<p>Aqu\u00ed viene la pregunta inc\u00f3moda.&nbsp;\u00bfReconoce el gobierno impl\u00edcitamente fallas estructurales?&nbsp;El anuncio de inversi\u00f3n masiva en generaci\u00f3n y transmisi\u00f3n puede interpretarse de dos maneras:&nbsp;S\u00ed, hay reconocimiento impl\u00edcito, el timing es revelador.&nbsp;El anuncio se hace apenas d\u00edas despu\u00e9s del mega apag\u00f3n del 31 de agosto. La inversi\u00f3n aborda causas estructurales&nbsp;ampliar la capacidad de generaci\u00f3n y diversificar geogr\u00e1ficamente las plantas es exactamente lo que los especialistas recomendaron despu\u00e9s de que expertos dudaran de que el vandalismo aislado pudiera causar un apag\u00f3n de esa magnitud.<\/p>\n\n\n\n<p>Se pone \u00e9nfasis en transmisi\u00f3n y distribuci\u00f3n,&nbsp;la SENER anunci\u00f3 inversiones cercanas a 250,000 millones de pesos en modernizaci\u00f3n de redes, lo que sugiere reconocimiento de que la infraestructura necesita fortalecimiento.&nbsp;El Programa de Desarrollo&nbsp;de la&nbsp;CFE 2026-2030&nbsp;contempla 132,000 millones de pesos solo en transmisi\u00f3n para agregar 7,545 km de l\u00edneas nuevas, lo que responde directamente a la vulnerabilidad expuesta por el apag\u00f3n.<\/p>\n\n\n\n<p>La otra versi\u00f3n es planificaci\u00f3n de largo plazo, el programa es anterior al apag\u00f3n,&nbsp;el Programa de Desarrollo CFE 2026-2030 se present\u00f3 en agosto de 2026, antes del apag\u00f3n del 31 de agosto.&nbsp;La postura oficial no ha cambiado.&nbsp;Ni la SENER ni la presidencia han modificado su versi\u00f3n de que el apag\u00f3n fue por vandalismo. La secretaria Gonz\u00e1lez Escobar no hizo referencia al apag\u00f3n en su intervenci\u00f3n en el foro del CCE. Los proyectos ya estaban en marcha,&nbsp;los 55 proyectos renovables ya hab\u00edan sido asignados antes del foro, y 34 ya estaban terminados.<\/p>\n\n\n\n<p>Lo m\u00e1s probable es que ambas interpretaciones tengan algo de verdad.<strong>&nbsp;<\/strong>El gobierno no ha reconocido expl\u00edcitamente que el apag\u00f3n del sureste fue por fallas estructurales m\u00e1s que por vandalismo. Sin embargo, la aceleraci\u00f3n y el \u00e9nfasis en proyectos de generaci\u00f3n distribuida y modernizaci\u00f3n de transmisi\u00f3n sugieren que hay conciencia interna de que el sistema es vulnerable y necesita fortalecimiento, independientemente de la causa espec\u00edfica del apag\u00f3n.<\/p>\n\n\n\n<p>Pol\u00edticamente, es m\u00e1s f\u00e1cil para el gobierno presentar estas inversiones como parte de un plan de largo plazo (el Programa 2026-2030) que como una respuesta reactiva a un apag\u00f3n espec\u00edfico, especialmente cuando la narrativa oficial ha sido que \u00abno fue falta de infraestructura\u00bb.&nbsp;T\u00e9cnicamente, los expertos ten\u00edan raz\u00f3n,&nbsp;un sistema robusto deber\u00eda absorber fallas puntuales sin colapsar. El gobierno puede no admitirlo p\u00fablicamente, pero las inversiones anunciadas responden exactamente a esa debilidad estructural.<\/p>\n\n\n\n<p>\u00bfReconoce el gobierno impl\u00edcitamente que el apag\u00f3n no fue por vandalismo?&nbsp;La respuesta m\u00e1s precisa es,&nbsp;no expl\u00edcitamente, pero las acciones sugieren conciencia de vulnerabilidades estructurales. El gobierno mantiene la narrativa oficial de vandalismo, pero las inversiones anunciadas en generaci\u00f3n distribuida y transmisi\u00f3n responden exactamente a las debilidades que los expertos identificaron como causas de fondo del apag\u00f3n.<\/p>\n\n\n\n<p>Pol\u00edticamente, es m\u00e1s viable presentar esto como un plan de largo plazo que como una respuesta reactiva. T\u00e9cnicamente, es exactamente lo que el sistema necesitaba, apag\u00f3n o no. Y eso, al final, es lo que importa,&nbsp;que el sistema el\u00e9ctrico mexicano se fortalezca, independientemente de c\u00f3mo se nombre la causa del \u00faltimo apag\u00f3n.<\/p>\n\n\n\n<p>Lo que realmente importa es que&nbsp;el abasto el\u00e9ctrico&nbsp;vuelva para quedarse. Y para eso, se necesitan m\u00e1s que buenas intenciones,&nbsp;se necesitan inversiones concretas, planificaci\u00f3n de largo plazo y, sobre todo, voluntad pol\u00edtica para reconocer que un sistema el\u00e9ctrico del siglo XXI no puede operar con mentalidad del siglo pasado.<\/p>\n\n\n\n<p>Comente u opine a:<br>cacostabravo@yahoo.com.mx<\/p>\n\n\n\n<p><em>Maestro en Comunicaci\u00f3n por la Universidad Iberoamericana. Form\u00f3 parte &nbsp;del cuerpo<\/em><em>&nbsp;acad\u00e9mico de la Licenciatura en Comunicaci\u00f3n en esa instituci\u00f3n, as\u00ed como de la Universidad An\u00e1huac, camp\u00fas norte.<\/em><\/p>\n\n\n\n<p><\/p>\n","protected":false},"excerpt":{"rendered":"<p>Carlos Miguel Acosta BravoImpronta La titular de la Secretar\u00eda de Energ\u00eda (SENER), Luz Elena Gonz\u00e1lez Escobar, anunci\u00f3 en el Foro de Infraestructura Energ\u00e9tica del Consejo Coordinador Empresarial (CCE) una inversi\u00f3n de 3,750 millones de d\u00f3lares para construir 100 plantas de generaci\u00f3n el\u00e9ctrica en todo el pa\u00eds. La noticia llega apenas d\u00edas despu\u00e9s del mega apag\u00f3n [&hellip;]<\/p>\n","protected":false},"author":2,"featured_media":141377,"comment_status":"closed","ping_status":"closed","sticky":false,"template":"","format":"standard","meta":{"tdm_status":"","tdm_grid_status":"","footnotes":""},"categories":[70],"tags":[71024,43303,4973,34084,71023,18990],"class_list":{"0":"post-180002","1":"post","2":"type-post","3":"status-publish","4":"format-standard","5":"has-post-thumbnail","7":"category-de-opinion","8":"tag-apagon","9":"tag-carlos-miguel-acosta-bravo-2","10":"tag-cfe","11":"tag-jose-medina-mora","12":"tag-luz-elena-gonzalez-escobar","13":"tag-sener"},"yoast_head":"<!-- This site is optimized with the Yoast SEO plugin v28.1 - https:\/\/yoast.com\/product\/yoast-seo-wordpress\/ -->\n<title>VANDALISMO EL\u00c9CTRICO - Los pol\u00edticos Veracruz<\/title>\n<meta name=\"robots\" content=\"index, follow, max-snippet:-1, max-image-preview:large, max-video-preview:-1\" \/>\n<link rel=\"canonical\" href=\"https:\/\/lospoliticosveracruz.com\/?p=180002\" \/>\n<meta property=\"og:locale\" content=\"es_ES\" \/>\n<meta property=\"og:type\" content=\"article\" \/>\n<meta property=\"og:title\" content=\"VANDALISMO EL\u00c9CTRICO - Los pol\u00edticos Veracruz\" \/>\n<meta property=\"og:description\" content=\"Carlos Miguel Acosta BravoImpronta La titular de la Secretar\u00eda de Energ\u00eda (SENER), Luz Elena Gonz\u00e1lez Escobar, anunci\u00f3 en el Foro de Infraestructura Energ\u00e9tica del Consejo Coordinador Empresarial (CCE) una inversi\u00f3n de 3,750 millones de d\u00f3lares para construir 100 plantas de generaci\u00f3n el\u00e9ctrica en todo el pa\u00eds. La noticia llega apenas d\u00edas despu\u00e9s del mega apag\u00f3n [&hellip;]\" \/>\n<meta property=\"og:url\" content=\"https:\/\/lospoliticosveracruz.com\/?p=180002\" \/>\n<meta property=\"og:site_name\" content=\"Los pol\u00edticos Veracruz\" \/>\n<meta property=\"article:publisher\" content=\"https:\/\/www.facebook.com\/people\/Notimemes-de-los-Polticos\/61565672886568\/\" \/>\n<meta property=\"article:published_time\" content=\"2026-09-04T11:38:06+00:00\" \/>\n<meta property=\"article:modified_time\" content=\"2026-09-04T11:38:08+00:00\" \/>\n<meta property=\"og:image\" content=\"https:\/\/lospoliticosveracruz.com\/wp-content\/uploads\/2025\/04\/Carlos-Miguel-Acosta-Bravo-e1780964715690.jpg\" \/>\n\t<meta property=\"og:image:width\" content=\"600\" \/>\n\t<meta property=\"og:image:height\" content=\"320\" \/>\n\t<meta property=\"og:image:type\" content=\"image\/jpeg\" \/>\n<meta name=\"author\" content=\"Lo viste en Los Pol\u00edticos\" \/>\n<meta name=\"twitter:card\" content=\"summary_large_image\" \/>\n<meta name=\"twitter:creator\" content=\"@LosPoliticosVer\" \/>\n<meta name=\"twitter:site\" content=\"@LosPoliticosVer\" \/>\n<meta name=\"twitter:label1\" content=\"Escrito por\" \/>\n\t<meta name=\"twitter:data1\" content=\"Lo viste en Los Pol\u00edticos\" \/>\n\t<meta name=\"twitter:label2\" content=\"Tiempo de lectura\" \/>\n\t<meta name=\"twitter:data2\" content=\"11 minutos\" \/>\n<script type=\"application\/ld+json\" class=\"yoast-schema-graph\">{\"@context\":\"https:\\\/\\\/schema.org\",\"@graph\":[{\"@type\":\"Article\",\"@id\":\"https:\\\/\\\/lospoliticosveracruz.com\\\/?p=180002#article\",\"isPartOf\":{\"@id\":\"https:\\\/\\\/lospoliticosveracruz.com\\\/?p=180002\"},\"author\":{\"name\":\"Lo viste en Los Pol\u00edticos\",\"@id\":\"https:\\\/\\\/lospoliticosveracruz.com\\\/#\\\/schema\\\/person\\\/b8702bb0e538456e6efd07080bf2a4a2\"},\"headline\":\"VANDALISMO EL\u00c9CTRICO\",\"datePublished\":\"2026-09-04T11:38:06+00:00\",\"dateModified\":\"2026-09-04T11:38:08+00:00\",\"mainEntityOfPage\":{\"@id\":\"https:\\\/\\\/lospoliticosveracruz.com\\\/?p=180002\"},\"wordCount\":1286,\"publisher\":{\"@id\":\"https:\\\/\\\/lospoliticosveracruz.com\\\/#organization\"},\"image\":{\"@id\":\"https:\\\/\\\/lospoliticosveracruz.com\\\/?p=180002#primaryimage\"},\"thumbnailUrl\":\"https:\\\/\\\/lospoliticosveracruz.com\\\/wp-content\\\/uploads\\\/2025\\\/04\\\/Carlos-Miguel-Acosta-Bravo-e1780964715690.jpg\",\"keywords\":[\"Apag\u00f3n\",\"Carlos Miguel Acosta Bravo\",\"CFE\",\"Jos\u00e9 Medina Mora\",\"Luz Elena Gonz\u00e1lez Escobar\",\"Sener\"],\"articleSection\":[\"De Opini\u00f3n\"],\"inLanguage\":\"es\"},{\"@type\":\"WebPage\",\"@id\":\"https:\\\/\\\/lospoliticosveracruz.com\\\/?p=180002\",\"url\":\"https:\\\/\\\/lospoliticosveracruz.com\\\/?p=180002\",\"name\":\"VANDALISMO EL\u00c9CTRICO - Los pol\u00edticos Veracruz\",\"isPartOf\":{\"@id\":\"https:\\\/\\\/lospoliticosveracruz.com\\\/#website\"},\"primaryImageOfPage\":{\"@id\":\"https:\\\/\\\/lospoliticosveracruz.com\\\/?p=180002#primaryimage\"},\"image\":{\"@id\":\"https:\\\/\\\/lospoliticosveracruz.com\\\/?p=180002#primaryimage\"},\"thumbnailUrl\":\"https:\\\/\\\/lospoliticosveracruz.com\\\/wp-content\\\/uploads\\\/2025\\\/04\\\/Carlos-Miguel-Acosta-Bravo-e1780964715690.jpg\",\"datePublished\":\"2026-09-04T11:38:06+00:00\",\"dateModified\":\"2026-09-04T11:38:08+00:00\",\"breadcrumb\":{\"@id\":\"https:\\\/\\\/lospoliticosveracruz.com\\\/?p=180002#breadcrumb\"},\"inLanguage\":\"es\",\"potentialAction\":[{\"@type\":\"ReadAction\",\"target\":[\"https:\\\/\\\/lospoliticosveracruz.com\\\/?p=180002\"]}]},{\"@type\":\"ImageObject\",\"inLanguage\":\"es\",\"@id\":\"https:\\\/\\\/lospoliticosveracruz.com\\\/?p=180002#primaryimage\",\"url\":\"https:\\\/\\\/lospoliticosveracruz.com\\\/wp-content\\\/uploads\\\/2025\\\/04\\\/Carlos-Miguel-Acosta-Bravo-e1780964715690.jpg\",\"contentUrl\":\"https:\\\/\\\/lospoliticosveracruz.com\\\/wp-content\\\/uploads\\\/2025\\\/04\\\/Carlos-Miguel-Acosta-Bravo-e1780964715690.jpg\",\"width\":600,\"height\":320},{\"@type\":\"BreadcrumbList\",\"@id\":\"https:\\\/\\\/lospoliticosveracruz.com\\\/?p=180002#breadcrumb\",\"itemListElement\":[{\"@type\":\"ListItem\",\"position\":1,\"name\":\"Portada\",\"item\":\"https:\\\/\\\/lospoliticosveracruz.com\\\/\"},{\"@type\":\"ListItem\",\"position\":2,\"name\":\"VANDALISMO EL\u00c9CTRICO\"}]},{\"@type\":\"WebSite\",\"@id\":\"https:\\\/\\\/lospoliticosveracruz.com\\\/#website\",\"url\":\"https:\\\/\\\/lospoliticosveracruz.com\\\/\",\"name\":\"Los pol\u00edticos Veracruz\",\"description\":\"\",\"publisher\":{\"@id\":\"https:\\\/\\\/lospoliticosveracruz.com\\\/#organization\"},\"potentialAction\":[{\"@type\":\"SearchAction\",\"target\":{\"@type\":\"EntryPoint\",\"urlTemplate\":\"https:\\\/\\\/lospoliticosveracruz.com\\\/?s={search_term_string}\"},\"query-input\":{\"@type\":\"PropertyValueSpecification\",\"valueRequired\":true,\"valueName\":\"search_term_string\"}}],\"inLanguage\":\"es\"},{\"@type\":\"Organization\",\"@id\":\"https:\\\/\\\/lospoliticosveracruz.com\\\/#organization\",\"name\":\"Los pol\u00edticos Veracruz\",\"url\":\"https:\\\/\\\/lospoliticosveracruz.com\\\/\",\"logo\":{\"@type\":\"ImageObject\",\"inLanguage\":\"es\",\"@id\":\"https:\\\/\\\/lospoliticosveracruz.com\\\/#\\\/schema\\\/logo\\\/image\\\/\",\"url\":\"https:\\\/\\\/lospoliticosveracruz.com\\\/wp-content\\\/uploads\\\/2025\\\/12\\\/Logo-Nuevo-LOS-POLITICOS-1.jpg\",\"contentUrl\":\"https:\\\/\\\/lospoliticosveracruz.com\\\/wp-content\\\/uploads\\\/2025\\\/12\\\/Logo-Nuevo-LOS-POLITICOS-1.jpg\",\"width\":260,\"height\":70,\"caption\":\"Los pol\u00edticos Veracruz\"},\"image\":{\"@id\":\"https:\\\/\\\/lospoliticosveracruz.com\\\/#\\\/schema\\\/logo\\\/image\\\/\"},\"sameAs\":[\"https:\\\/\\\/www.facebook.com\\\/people\\\/Notimemes-de-los-Polticos\\\/61565672886568\\\/\",\"https:\\\/\\\/x.com\\\/LosPoliticosVer\"]},{\"@type\":\"Person\",\"@id\":\"https:\\\/\\\/lospoliticosveracruz.com\\\/#\\\/schema\\\/person\\\/b8702bb0e538456e6efd07080bf2a4a2\",\"name\":\"Lo viste en Los Pol\u00edticos\",\"image\":{\"@type\":\"ImageObject\",\"inLanguage\":\"es\",\"@id\":\"https:\\\/\\\/secure.gravatar.com\\\/avatar\\\/3a8de04a2656d44082be478bd6c086daa447c4651605818287b9532d3d0bd435?s=96&d=mm&r=g\",\"url\":\"https:\\\/\\\/secure.gravatar.com\\\/avatar\\\/3a8de04a2656d44082be478bd6c086daa447c4651605818287b9532d3d0bd435?s=96&d=mm&r=g\",\"contentUrl\":\"https:\\\/\\\/secure.gravatar.com\\\/avatar\\\/3a8de04a2656d44082be478bd6c086daa447c4651605818287b9532d3d0bd435?s=96&d=mm&r=g\",\"caption\":\"Lo viste en Los Pol\u00edticos\"},\"url\":\"https:\\\/\\\/lospoliticosveracruz.com\\\/?author=2\"}]}<\/script>\n<!-- \/ Yoast SEO plugin. -->","yoast_head_json":{"title":"VANDALISMO EL\u00c9CTRICO - Los pol\u00edticos Veracruz","robots":{"index":"index","follow":"follow","max-snippet":"max-snippet:-1","max-image-preview":"max-image-preview:large","max-video-preview":"max-video-preview:-1"},"canonical":"https:\/\/lospoliticosveracruz.com\/?p=180002","og_locale":"es_ES","og_type":"article","og_title":"VANDALISMO EL\u00c9CTRICO - Los pol\u00edticos Veracruz","og_description":"Carlos Miguel Acosta BravoImpronta La titular de la Secretar\u00eda de Energ\u00eda (SENER), Luz Elena Gonz\u00e1lez Escobar, anunci\u00f3 en el Foro de Infraestructura Energ\u00e9tica del Consejo Coordinador Empresarial (CCE) una inversi\u00f3n de 3,750 millones de d\u00f3lares para construir 100 plantas de generaci\u00f3n el\u00e9ctrica en todo el pa\u00eds. La noticia llega apenas d\u00edas despu\u00e9s del mega apag\u00f3n [&hellip;]","og_url":"https:\/\/lospoliticosveracruz.com\/?p=180002","og_site_name":"Los pol\u00edticos Veracruz","article_publisher":"https:\/\/www.facebook.com\/people\/Notimemes-de-los-Polticos\/61565672886568\/","article_published_time":"2026-09-04T11:38:06+00:00","article_modified_time":"2026-09-04T11:38:08+00:00","og_image":[{"width":600,"height":320,"url":"https:\/\/lospoliticosveracruz.com\/wp-content\/uploads\/2025\/04\/Carlos-Miguel-Acosta-Bravo-e1780964715690.jpg","type":"image\/jpeg"}],"author":"Lo viste en Los Pol\u00edticos","twitter_card":"summary_large_image","twitter_creator":"@LosPoliticosVer","twitter_site":"@LosPoliticosVer","twitter_misc":{"Escrito por":"Lo viste en Los Pol\u00edticos","Tiempo de lectura":"11 minutos"},"schema":{"@context":"https:\/\/schema.org","@graph":[{"@type":"Article","@id":"https:\/\/lospoliticosveracruz.com\/?p=180002#article","isPartOf":{"@id":"https:\/\/lospoliticosveracruz.com\/?p=180002"},"author":{"name":"Lo viste en Los Pol\u00edticos","@id":"https:\/\/lospoliticosveracruz.com\/#\/schema\/person\/b8702bb0e538456e6efd07080bf2a4a2"},"headline":"VANDALISMO EL\u00c9CTRICO","datePublished":"2026-09-04T11:38:06+00:00","dateModified":"2026-09-04T11:38:08+00:00","mainEntityOfPage":{"@id":"https:\/\/lospoliticosveracruz.com\/?p=180002"},"wordCount":1286,"publisher":{"@id":"https:\/\/lospoliticosveracruz.com\/#organization"},"image":{"@id":"https:\/\/lospoliticosveracruz.com\/?p=180002#primaryimage"},"thumbnailUrl":"https:\/\/lospoliticosveracruz.com\/wp-content\/uploads\/2025\/04\/Carlos-Miguel-Acosta-Bravo-e1780964715690.jpg","keywords":["Apag\u00f3n","Carlos Miguel Acosta Bravo","CFE","Jos\u00e9 Medina Mora","Luz Elena Gonz\u00e1lez Escobar","Sener"],"articleSection":["De Opini\u00f3n"],"inLanguage":"es"},{"@type":"WebPage","@id":"https:\/\/lospoliticosveracruz.com\/?p=180002","url":"https:\/\/lospoliticosveracruz.com\/?p=180002","name":"VANDALISMO EL\u00c9CTRICO - Los pol\u00edticos Veracruz","isPartOf":{"@id":"https:\/\/lospoliticosveracruz.com\/#website"},"primaryImageOfPage":{"@id":"https:\/\/lospoliticosveracruz.com\/?p=180002#primaryimage"},"image":{"@id":"https:\/\/lospoliticosveracruz.com\/?p=180002#primaryimage"},"thumbnailUrl":"https:\/\/lospoliticosveracruz.com\/wp-content\/uploads\/2025\/04\/Carlos-Miguel-Acosta-Bravo-e1780964715690.jpg","datePublished":"2026-09-04T11:38:06+00:00","dateModified":"2026-09-04T11:38:08+00:00","breadcrumb":{"@id":"https:\/\/lospoliticosveracruz.com\/?p=180002#breadcrumb"},"inLanguage":"es","potentialAction":[{"@type":"ReadAction","target":["https:\/\/lospoliticosveracruz.com\/?p=180002"]}]},{"@type":"ImageObject","inLanguage":"es","@id":"https:\/\/lospoliticosveracruz.com\/?p=180002#primaryimage","url":"https:\/\/lospoliticosveracruz.com\/wp-content\/uploads\/2025\/04\/Carlos-Miguel-Acosta-Bravo-e1780964715690.jpg","contentUrl":"https:\/\/lospoliticosveracruz.com\/wp-content\/uploads\/2025\/04\/Carlos-Miguel-Acosta-Bravo-e1780964715690.jpg","width":600,"height":320},{"@type":"BreadcrumbList","@id":"https:\/\/lospoliticosveracruz.com\/?p=180002#breadcrumb","itemListElement":[{"@type":"ListItem","position":1,"name":"Portada","item":"https:\/\/lospoliticosveracruz.com\/"},{"@type":"ListItem","position":2,"name":"VANDALISMO EL\u00c9CTRICO"}]},{"@type":"WebSite","@id":"https:\/\/lospoliticosveracruz.com\/#website","url":"https:\/\/lospoliticosveracruz.com\/","name":"Los pol\u00edticos Veracruz","description":"","publisher":{"@id":"https:\/\/lospoliticosveracruz.com\/#organization"},"potentialAction":[{"@type":"SearchAction","target":{"@type":"EntryPoint","urlTemplate":"https:\/\/lospoliticosveracruz.com\/?s={search_term_string}"},"query-input":{"@type":"PropertyValueSpecification","valueRequired":true,"valueName":"search_term_string"}}],"inLanguage":"es"},{"@type":"Organization","@id":"https:\/\/lospoliticosveracruz.com\/#organization","name":"Los pol\u00edticos Veracruz","url":"https:\/\/lospoliticosveracruz.com\/","logo":{"@type":"ImageObject","inLanguage":"es","@id":"https:\/\/lospoliticosveracruz.com\/#\/schema\/logo\/image\/","url":"https:\/\/lospoliticosveracruz.com\/wp-content\/uploads\/2025\/12\/Logo-Nuevo-LOS-POLITICOS-1.jpg","contentUrl":"https:\/\/lospoliticosveracruz.com\/wp-content\/uploads\/2025\/12\/Logo-Nuevo-LOS-POLITICOS-1.jpg","width":260,"height":70,"caption":"Los pol\u00edticos Veracruz"},"image":{"@id":"https:\/\/lospoliticosveracruz.com\/#\/schema\/logo\/image\/"},"sameAs":["https:\/\/www.facebook.com\/people\/Notimemes-de-los-Polticos\/61565672886568\/","https:\/\/x.com\/LosPoliticosVer"]},{"@type":"Person","@id":"https:\/\/lospoliticosveracruz.com\/#\/schema\/person\/b8702bb0e538456e6efd07080bf2a4a2","name":"Lo viste en Los Pol\u00edticos","image":{"@type":"ImageObject","inLanguage":"es","@id":"https:\/\/secure.gravatar.com\/avatar\/3a8de04a2656d44082be478bd6c086daa447c4651605818287b9532d3d0bd435?s=96&d=mm&r=g","url":"https:\/\/secure.gravatar.com\/avatar\/3a8de04a2656d44082be478bd6c086daa447c4651605818287b9532d3d0bd435?s=96&d=mm&r=g","contentUrl":"https:\/\/secure.gravatar.com\/avatar\/3a8de04a2656d44082be478bd6c086daa447c4651605818287b9532d3d0bd435?s=96&d=mm&r=g","caption":"Lo viste en Los Pol\u00edticos"},"url":"https:\/\/lospoliticosveracruz.com\/?author=2"}]}},"_links":{"self":[{"href":"https:\/\/lospoliticosveracruz.com\/index.php?rest_route=\/wp\/v2\/posts\/180002","targetHints":{"allow":["GET"]}}],"collection":[{"href":"https:\/\/lospoliticosveracruz.com\/index.php?rest_route=\/wp\/v2\/posts"}],"about":[{"href":"https:\/\/lospoliticosveracruz.com\/index.php?rest_route=\/wp\/v2\/types\/post"}],"author":[{"embeddable":true,"href":"https:\/\/lospoliticosveracruz.com\/index.php?rest_route=\/wp\/v2\/users\/2"}],"replies":[{"embeddable":true,"href":"https:\/\/lospoliticosveracruz.com\/index.php?rest_route=%2Fwp%2Fv2%2Fcomments&post=180002"}],"version-history":[{"count":1,"href":"https:\/\/lospoliticosveracruz.com\/index.php?rest_route=\/wp\/v2\/posts\/180002\/revisions"}],"predecessor-version":[{"id":180003,"href":"https:\/\/lospoliticosveracruz.com\/index.php?rest_route=\/wp\/v2\/posts\/180002\/revisions\/180003"}],"wp:featuredmedia":[{"embeddable":true,"href":"https:\/\/lospoliticosveracruz.com\/index.php?rest_route=\/wp\/v2\/media\/141377"}],"wp:attachment":[{"href":"https:\/\/lospoliticosveracruz.com\/index.php?rest_route=%2Fwp%2Fv2%2Fmedia&parent=180002"}],"wp:term":[{"taxonomy":"category","embeddable":true,"href":"https:\/\/lospoliticosveracruz.com\/index.php?rest_route=%2Fwp%2Fv2%2Fcategories&post=180002"},{"taxonomy":"post_tag","embeddable":true,"href":"https:\/\/lospoliticosveracruz.com\/index.php?rest_route=%2Fwp%2Fv2%2Ftags&post=180002"}],"curies":[{"name":"wp","href":"https:\/\/api.w.org\/{rel}","templated":true}]}}