{"id":180004,"date":"2026-09-04T05:42:57","date_gmt":"2026-09-04T11:42:57","guid":{"rendered":"https:\/\/lospoliticosveracruz.com\/?p=180004"},"modified":"2026-09-04T05:42:59","modified_gmt":"2026-09-04T11:42:59","slug":"acaba-transito-de-veracruz-con-la-caceria","status":"publish","type":"post","link":"https:\/\/lospoliticosveracruz.com\/?p=180004","title":{"rendered":"ACABA TR\u00c1NSITO DE VERACRUZ CON LA CACER\u00cdA"},"content":{"rendered":"<div class=\"wp-block-image\">\n<figure class=\"alignleft size-large is-resized\"><a href=\"https:\/\/lospoliticosveracruz.com\/wp-content\/uploads\/2026\/09\/banners-prevencion-suicidio-500x500-1.png\"><img loading=\"lazy\" decoding=\"async\" width=\"1024\" height=\"1024\" src=\"https:\/\/lospoliticosveracruz.com\/wp-content\/uploads\/2026\/09\/banners-prevencion-suicidio-500x500-1-1024x1024.png\" alt=\"\" class=\"wp-image-179740\" style=\"width:476px;height:auto\" srcset=\"https:\/\/lospoliticosveracruz.com\/wp-content\/uploads\/2026\/09\/banners-prevencion-suicidio-500x500-1-1024x1024.png 1024w, https:\/\/lospoliticosveracruz.com\/wp-content\/uploads\/2026\/09\/banners-prevencion-suicidio-500x500-1-300x300.png 300w, https:\/\/lospoliticosveracruz.com\/wp-content\/uploads\/2026\/09\/banners-prevencion-suicidio-500x500-1-150x150.png 150w, https:\/\/lospoliticosveracruz.com\/wp-content\/uploads\/2026\/09\/banners-prevencion-suicidio-500x500-1-768x768.png 768w, https:\/\/lospoliticosveracruz.com\/wp-content\/uploads\/2026\/09\/banners-prevencion-suicidio-500x500-1-1536x1536.png 1536w, https:\/\/lospoliticosveracruz.com\/wp-content\/uploads\/2026\/09\/banners-prevencion-suicidio-500x500-1-2048x2048.png 2048w, https:\/\/lospoliticosveracruz.com\/wp-content\/uploads\/2026\/09\/banners-prevencion-suicidio-500x500-1-420x420.png 420w, https:\/\/lospoliticosveracruz.com\/wp-content\/uploads\/2026\/09\/banners-prevencion-suicidio-500x500-1-696x696.png 696w, https:\/\/lospoliticosveracruz.com\/wp-content\/uploads\/2026\/09\/banners-prevencion-suicidio-500x500-1-1068x1068.png 1068w, https:\/\/lospoliticosveracruz.com\/wp-content\/uploads\/2026\/09\/banners-prevencion-suicidio-500x500-1-1920x1920.png 1920w\" sizes=\"auto, (max-width: 1024px) 100vw, 1024px\" \/><\/a><\/figure>\n<\/div>\n\n\n<p><strong>Alejandra Herrera<\/strong><br><em>Resulta y Resalta<\/em><\/p>\n\n\n\n<p class=\"dropcapp1\">RESULTA que\u2026 algo cambi\u00f3 en las calles de Veracruz y los automovilistas comenzaron a notarlo desde el inicio de la presente administraci\u00f3n municipal.<\/p>\n\n\n\n<p>Durante a\u00f1os manejar por la ciudad significaba tambi\u00e9n estar pendiente de que no apareciera, pr\u00e1cticamente de la nada, una patrulla de Tr\u00e1nsito para detenerte por cualquier error.<\/p>\n\n\n\n<p>En las administraciones de Fernando Yunes y Patricia Lobeira se gener\u00f3 entre muchos automovilistas la percepci\u00f3n de que los agentes estaban m\u00e1s preocupados por encontrar a qui\u00e9n infraccionar que por ayudar a ordenar la circulaci\u00f3n.<\/p>\n\n\n\n<p>Retenes, patrullas y agentes vigilando cualquier movimiento hicieron que para muchos manejar por Veracruz se convirtiera tambi\u00e9n en estar cuid\u00e1ndose de Tr\u00e1nsito.<\/p>\n\n\n\n<p>Y no se trata de pedir que desaparezcan las infracciones.<\/p>\n\n\n\n<p>Si alguien maneja con el celular en la mano, se pasa un alto, conduce a exceso de velocidad, no lleva sus documentos en regla o pone en riesgo a los dem\u00e1s, por supuesto que debe aplicarse el reglamento, para eso est\u00e1 Tr\u00e1nsito.<\/p>\n\n\n\n<p>El problema comienza cuando la prevenci\u00f3n se convierte en persecuci\u00f3n y el ciudadano siente que la autoridad est\u00e1 esperando que cometa el m\u00e1s m\u00ednimo error para sancionarlo.<\/p>\n\n\n\n<p>RESALTA que\u2026 a poco m\u00e1s de ocho meses de haber iniciado el gobierno de Rosa Mar\u00eda Hern\u00e1ndez Espejo, esa imagen cambi\u00f3.<\/p>\n\n\n\n<p>Hoy vemos a los elementos de Tr\u00e1nsito en los cruceros, ayudando a agilizar la circulaci\u00f3n; afuera de las escuelas ahora que regresaron los ni\u00f1os a clases; atendiendo accidentes o poniendo orden donde realmente hace falta.<\/p>\n\n\n\n<p>Y quiz\u00e1 eso deber\u00eda ser lo normal, pero durante mucho tiempo en Veracruz dej\u00f3 de serlo.<\/p>\n\n\n\n<p>Desde que lleg\u00f3 al Ayuntamiento, Rosa Mar\u00eda Hern\u00e1ndez Espejo dej\u00f3 clara una instrucci\u00f3n: no quer\u00eda elementos acosando ciudadanos, sino orient\u00e1ndolos y ayudando a mantener el orden.<\/p>\n\n\n\n<p>Pero ojo, porque dejar de perseguir automovilistas tampoco significa dejar de poner orden.<\/p>\n\n\n\n<p>Ah\u00ed est\u00e1n, por ejemplo, los cruces 1&#215;1 que se han instalado en diferentes puntos de la ciudad para tratar de mejorar la circulaci\u00f3n y, de paso, fomentar algo que tambi\u00e9n hace mucha falta, como es la cultura vial. Uno pasa, luego el otro, as\u00ed de sencillo.<\/p>\n\n\n\n<p>Y hay otro problema que durante a\u00f1os ha generado quejas en las colonias, los llamados autos maceta, veh\u00edculos abandonados que ocupan la v\u00eda p\u00fablica, estorban la circulaci\u00f3n y en algunos casos llevan meses o hasta a\u00f1os en el mismo lugar.<\/p>\n\n\n\n<p>La actual administraci\u00f3n busc\u00f3 un mecanismo para poder retirarlos dentro de la legalidad, notificando primero y dando oportunidad a sus propietarios de hacerse responsables antes de proceder.<\/p>\n\n\n\n<p>Es decir, se atiende una queja ciudadana, pero tambi\u00e9n se cuida no atropellar los derechos de nadie y ah\u00ed est\u00e1 la diferencia.<\/p>\n\n\n\n<p>No se trata de que Tr\u00e1nsito haya dejado de hacer su trabajo. Se trata de hacerlo de otra manera, el ciudadano tambi\u00e9n tiene obligaciones como respetar sem\u00e1foros, l\u00edmites de velocidad, utilizar el cintur\u00f3n, dejar el celular mientras conduce y tener licencia y documentos en regla.<\/p>\n\n\n\n<p>Pero una cosa es aplicar la ley y otra muy diferente salir a cazar infracciones.<\/p>\n\n\n\n<p>El agente de Tr\u00e1nsito debe estar para prevenir un accidente antes que para contar multas al final del d\u00eda; para ayudar a destrabar un crucero antes que esconderse esperando una falta; para orientar al ciudadano antes que verlo como una oportunidad para infraccionar.<\/p>\n\n\n\n<p>Eso parece haberlo entendido la nueva administraci\u00f3n municipal. Es cierto que falta mucho por hacer, porque Veracruz sigue teniendo cruceros complicados, conductores irresponsables, autos abandonados y horas en las que el tr\u00e1fico pone a prueba la paciencia de cualquiera, pero tambi\u00e9n hay que reconocer cuando las cosas cambian.<\/p>\n\n\n\n<p>Hoy se puede manejar por Veracruz con mayor tranquilidad, sabiendo que cumplir el reglamento sigue siendo obligaci\u00f3n de todos, pero sin aquella sensaci\u00f3n de que en cualquier esquina hay alguien esperando el menor error para sacar la libreta de infracciones.<\/p>\n","protected":false},"excerpt":{"rendered":"<p>Alejandra HerreraResulta y Resalta RESULTA que\u2026 algo cambi\u00f3 en las calles de Veracruz y los automovilistas comenzaron a notarlo desde el inicio de la presente administraci\u00f3n municipal. Durante a\u00f1os manejar por la ciudad significaba tambi\u00e9n estar pendiente de que no apareciera, pr\u00e1cticamente de la nada, una patrulla de Tr\u00e1nsito para detenerte por cualquier error. En [&hellip;]<\/p>\n","protected":false},"author":2,"featured_media":169900,"comment_status":"closed","ping_status":"closed","sticky":false,"template":"","format":"standard","meta":{"tdm_status":"","tdm_grid_status":"","footnotes":""},"categories":[70],"tags":[62514,818,2871,28254,11900,71025,195],"class_list":{"0":"post-180004","1":"post","2":"type-post","3":"status-publish","4":"format-standard","5":"has-post-thumbnail","7":"category-de-opinion","8":"tag-alejandra-herrera","9":"tag-fernando-yunes-marquez","10":"tag-infracciones","11":"tag-patricia-lobeira","12":"tag-rosa-maria-hernandez-espejo","13":"tag-trasito-municipal","14":"tag-veracruz"},"yoast_head":"<!-- This site is optimized with the Yoast SEO plugin v28.1 - https:\/\/yoast.com\/product\/yoast-seo-wordpress\/ -->\n<title>ACABA TR\u00c1NSITO DE VERACRUZ CON LA CACER\u00cdA - Los pol\u00edticos Veracruz<\/title>\n<meta name=\"robots\" content=\"index, follow, max-snippet:-1, max-image-preview:large, max-video-preview:-1\" \/>\n<link rel=\"canonical\" href=\"https:\/\/lospoliticosveracruz.com\/?p=180004\" \/>\n<meta property=\"og:locale\" content=\"es_ES\" \/>\n<meta property=\"og:type\" content=\"article\" \/>\n<meta property=\"og:title\" content=\"ACABA TR\u00c1NSITO DE VERACRUZ CON LA CACER\u00cdA - Los pol\u00edticos Veracruz\" \/>\n<meta property=\"og:description\" content=\"Alejandra HerreraResulta y Resalta RESULTA que\u2026 algo cambi\u00f3 en las calles de Veracruz y los automovilistas comenzaron a notarlo desde el inicio de la presente administraci\u00f3n municipal. Durante a\u00f1os manejar por la ciudad significaba tambi\u00e9n estar pendiente de que no apareciera, pr\u00e1cticamente de la nada, una patrulla de Tr\u00e1nsito para detenerte por cualquier error. En [&hellip;]\" \/>\n<meta property=\"og:url\" content=\"https:\/\/lospoliticosveracruz.com\/?p=180004\" \/>\n<meta property=\"og:site_name\" content=\"Los pol\u00edticos Veracruz\" \/>\n<meta property=\"article:publisher\" content=\"https:\/\/www.facebook.com\/people\/Notimemes-de-los-Polticos\/61565672886568\/\" \/>\n<meta property=\"article:published_time\" content=\"2026-09-04T11:42:57+00:00\" \/>\n<meta property=\"article:modified_time\" content=\"2026-09-04T11:42:59+00:00\" \/>\n<meta property=\"og:image\" content=\"https:\/\/lospoliticosveracruz.com\/wp-content\/uploads\/2026\/04\/Alejandra-Herrera-e1778253059458.jpg\" \/>\n\t<meta property=\"og:image:width\" content=\"600\" \/>\n\t<meta property=\"og:image:height\" content=\"320\" \/>\n\t<meta property=\"og:image:type\" content=\"image\/jpeg\" \/>\n<meta name=\"author\" content=\"Lo viste en Los Pol\u00edticos\" \/>\n<meta name=\"twitter:card\" content=\"summary_large_image\" \/>\n<meta name=\"twitter:creator\" content=\"@LosPoliticosVer\" \/>\n<meta name=\"twitter:site\" content=\"@LosPoliticosVer\" \/>\n<meta name=\"twitter:label1\" content=\"Escrito por\" \/>\n\t<meta name=\"twitter:data1\" content=\"Lo viste en Los Pol\u00edticos\" \/>\n\t<meta name=\"twitter:label2\" content=\"Tiempo de lectura\" \/>\n\t<meta name=\"twitter:data2\" content=\"4 minutos\" \/>\n<script type=\"application\/ld+json\" class=\"yoast-schema-graph\">{\"@context\":\"https:\\\/\\\/schema.org\",\"@graph\":[{\"@type\":\"Article\",\"@id\":\"https:\\\/\\\/lospoliticosveracruz.com\\\/?p=180004#article\",\"isPartOf\":{\"@id\":\"https:\\\/\\\/lospoliticosveracruz.com\\\/?p=180004\"},\"author\":{\"name\":\"Lo viste en Los Pol\u00edticos\",\"@id\":\"https:\\\/\\\/lospoliticosveracruz.com\\\/#\\\/schema\\\/person\\\/b8702bb0e538456e6efd07080bf2a4a2\"},\"headline\":\"ACABA TR\u00c1NSITO DE VERACRUZ CON LA CACER\u00cdA\",\"datePublished\":\"2026-09-04T11:42:57+00:00\",\"dateModified\":\"2026-09-04T11:42:59+00:00\",\"mainEntityOfPage\":{\"@id\":\"https:\\\/\\\/lospoliticosveracruz.com\\\/?p=180004\"},\"wordCount\":690,\"publisher\":{\"@id\":\"https:\\\/\\\/lospoliticosveracruz.com\\\/#organization\"},\"image\":{\"@id\":\"https:\\\/\\\/lospoliticosveracruz.com\\\/?p=180004#primaryimage\"},\"thumbnailUrl\":\"https:\\\/\\\/lospoliticosveracruz.com\\\/wp-content\\\/uploads\\\/2026\\\/04\\\/Alejandra-Herrera-e1778253059458.jpg\",\"keywords\":[\"Alejandra Herrera\",\"Fernando Yunes M\u00e1rquez\",\"infracciones\",\"Patricia Lobeira\",\"Rosa Mar\u00eda Hern\u00e1ndez Espejo\",\"Tr\u00e1sito Municipal\",\"Veracruz\"],\"articleSection\":[\"De Opini\u00f3n\"],\"inLanguage\":\"es\"},{\"@type\":\"WebPage\",\"@id\":\"https:\\\/\\\/lospoliticosveracruz.com\\\/?p=180004\",\"url\":\"https:\\\/\\\/lospoliticosveracruz.com\\\/?p=180004\",\"name\":\"ACABA TR\u00c1NSITO DE VERACRUZ CON LA CACER\u00cdA - Los pol\u00edticos Veracruz\",\"isPartOf\":{\"@id\":\"https:\\\/\\\/lospoliticosveracruz.com\\\/#website\"},\"primaryImageOfPage\":{\"@id\":\"https:\\\/\\\/lospoliticosveracruz.com\\\/?p=180004#primaryimage\"},\"image\":{\"@id\":\"https:\\\/\\\/lospoliticosveracruz.com\\\/?p=180004#primaryimage\"},\"thumbnailUrl\":\"https:\\\/\\\/lospoliticosveracruz.com\\\/wp-content\\\/uploads\\\/2026\\\/04\\\/Alejandra-Herrera-e1778253059458.jpg\",\"datePublished\":\"2026-09-04T11:42:57+00:00\",\"dateModified\":\"2026-09-04T11:42:59+00:00\",\"breadcrumb\":{\"@id\":\"https:\\\/\\\/lospoliticosveracruz.com\\\/?p=180004#breadcrumb\"},\"inLanguage\":\"es\",\"potentialAction\":[{\"@type\":\"ReadAction\",\"target\":[\"https:\\\/\\\/lospoliticosveracruz.com\\\/?p=180004\"]}]},{\"@type\":\"ImageObject\",\"inLanguage\":\"es\",\"@id\":\"https:\\\/\\\/lospoliticosveracruz.com\\\/?p=180004#primaryimage\",\"url\":\"https:\\\/\\\/lospoliticosveracruz.com\\\/wp-content\\\/uploads\\\/2026\\\/04\\\/Alejandra-Herrera-e1778253059458.jpg\",\"contentUrl\":\"https:\\\/\\\/lospoliticosveracruz.com\\\/wp-content\\\/uploads\\\/2026\\\/04\\\/Alejandra-Herrera-e1778253059458.jpg\",\"width\":600,\"height\":320},{\"@type\":\"BreadcrumbList\",\"@id\":\"https:\\\/\\\/lospoliticosveracruz.com\\\/?p=180004#breadcrumb\",\"itemListElement\":[{\"@type\":\"ListItem\",\"position\":1,\"name\":\"Portada\",\"item\":\"https:\\\/\\\/lospoliticosveracruz.com\\\/\"},{\"@type\":\"ListItem\",\"position\":2,\"name\":\"ACABA TR\u00c1NSITO DE VERACRUZ CON LA CACER\u00cdA\"}]},{\"@type\":\"WebSite\",\"@id\":\"https:\\\/\\\/lospoliticosveracruz.com\\\/#website\",\"url\":\"https:\\\/\\\/lospoliticosveracruz.com\\\/\",\"name\":\"Los pol\u00edticos Veracruz\",\"description\":\"\",\"publisher\":{\"@id\":\"https:\\\/\\\/lospoliticosveracruz.com\\\/#organization\"},\"potentialAction\":[{\"@type\":\"SearchAction\",\"target\":{\"@type\":\"EntryPoint\",\"urlTemplate\":\"https:\\\/\\\/lospoliticosveracruz.com\\\/?s={search_term_string}\"},\"query-input\":{\"@type\":\"PropertyValueSpecification\",\"valueRequired\":true,\"valueName\":\"search_term_string\"}}],\"inLanguage\":\"es\"},{\"@type\":\"Organization\",\"@id\":\"https:\\\/\\\/lospoliticosveracruz.com\\\/#organization\",\"name\":\"Los pol\u00edticos Veracruz\",\"url\":\"https:\\\/\\\/lospoliticosveracruz.com\\\/\",\"logo\":{\"@type\":\"ImageObject\",\"inLanguage\":\"es\",\"@id\":\"https:\\\/\\\/lospoliticosveracruz.com\\\/#\\\/schema\\\/logo\\\/image\\\/\",\"url\":\"https:\\\/\\\/lospoliticosveracruz.com\\\/wp-content\\\/uploads\\\/2025\\\/12\\\/Logo-Nuevo-LOS-POLITICOS-1.jpg\",\"contentUrl\":\"https:\\\/\\\/lospoliticosveracruz.com\\\/wp-content\\\/uploads\\\/2025\\\/12\\\/Logo-Nuevo-LOS-POLITICOS-1.jpg\",\"width\":260,\"height\":70,\"caption\":\"Los pol\u00edticos Veracruz\"},\"image\":{\"@id\":\"https:\\\/\\\/lospoliticosveracruz.com\\\/#\\\/schema\\\/logo\\\/image\\\/\"},\"sameAs\":[\"https:\\\/\\\/www.facebook.com\\\/people\\\/Notimemes-de-los-Polticos\\\/61565672886568\\\/\",\"https:\\\/\\\/x.com\\\/LosPoliticosVer\"]},{\"@type\":\"Person\",\"@id\":\"https:\\\/\\\/lospoliticosveracruz.com\\\/#\\\/schema\\\/person\\\/b8702bb0e538456e6efd07080bf2a4a2\",\"name\":\"Lo viste en Los Pol\u00edticos\",\"image\":{\"@type\":\"ImageObject\",\"inLanguage\":\"es\",\"@id\":\"https:\\\/\\\/secure.gravatar.com\\\/avatar\\\/3a8de04a2656d44082be478bd6c086daa447c4651605818287b9532d3d0bd435?s=96&d=mm&r=g\",\"url\":\"https:\\\/\\\/secure.gravatar.com\\\/avatar\\\/3a8de04a2656d44082be478bd6c086daa447c4651605818287b9532d3d0bd435?s=96&d=mm&r=g\",\"contentUrl\":\"https:\\\/\\\/secure.gravatar.com\\\/avatar\\\/3a8de04a2656d44082be478bd6c086daa447c4651605818287b9532d3d0bd435?s=96&d=mm&r=g\",\"caption\":\"Lo viste en Los Pol\u00edticos\"},\"url\":\"https:\\\/\\\/lospoliticosveracruz.com\\\/?author=2\"}]}<\/script>\n<!-- \/ Yoast SEO plugin. -->","yoast_head_json":{"title":"ACABA TR\u00c1NSITO DE VERACRUZ CON LA CACER\u00cdA - Los pol\u00edticos Veracruz","robots":{"index":"index","follow":"follow","max-snippet":"max-snippet:-1","max-image-preview":"max-image-preview:large","max-video-preview":"max-video-preview:-1"},"canonical":"https:\/\/lospoliticosveracruz.com\/?p=180004","og_locale":"es_ES","og_type":"article","og_title":"ACABA TR\u00c1NSITO DE VERACRUZ CON LA CACER\u00cdA - Los pol\u00edticos Veracruz","og_description":"Alejandra HerreraResulta y Resalta RESULTA que\u2026 algo cambi\u00f3 en las calles de Veracruz y los automovilistas comenzaron a notarlo desde el inicio de la presente administraci\u00f3n municipal. Durante a\u00f1os manejar por la ciudad significaba tambi\u00e9n estar pendiente de que no apareciera, pr\u00e1cticamente de la nada, una patrulla de Tr\u00e1nsito para detenerte por cualquier error. En [&hellip;]","og_url":"https:\/\/lospoliticosveracruz.com\/?p=180004","og_site_name":"Los pol\u00edticos Veracruz","article_publisher":"https:\/\/www.facebook.com\/people\/Notimemes-de-los-Polticos\/61565672886568\/","article_published_time":"2026-09-04T11:42:57+00:00","article_modified_time":"2026-09-04T11:42:59+00:00","og_image":[{"width":600,"height":320,"url":"https:\/\/lospoliticosveracruz.com\/wp-content\/uploads\/2026\/04\/Alejandra-Herrera-e1778253059458.jpg","type":"image\/jpeg"}],"author":"Lo viste en Los Pol\u00edticos","twitter_card":"summary_large_image","twitter_creator":"@LosPoliticosVer","twitter_site":"@LosPoliticosVer","twitter_misc":{"Escrito por":"Lo viste en Los Pol\u00edticos","Tiempo de lectura":"4 minutos"},"schema":{"@context":"https:\/\/schema.org","@graph":[{"@type":"Article","@id":"https:\/\/lospoliticosveracruz.com\/?p=180004#article","isPartOf":{"@id":"https:\/\/lospoliticosveracruz.com\/?p=180004"},"author":{"name":"Lo viste en Los Pol\u00edticos","@id":"https:\/\/lospoliticosveracruz.com\/#\/schema\/person\/b8702bb0e538456e6efd07080bf2a4a2"},"headline":"ACABA TR\u00c1NSITO DE VERACRUZ CON LA CACER\u00cdA","datePublished":"2026-09-04T11:42:57+00:00","dateModified":"2026-09-04T11:42:59+00:00","mainEntityOfPage":{"@id":"https:\/\/lospoliticosveracruz.com\/?p=180004"},"wordCount":690,"publisher":{"@id":"https:\/\/lospoliticosveracruz.com\/#organization"},"image":{"@id":"https:\/\/lospoliticosveracruz.com\/?p=180004#primaryimage"},"thumbnailUrl":"https:\/\/lospoliticosveracruz.com\/wp-content\/uploads\/2026\/04\/Alejandra-Herrera-e1778253059458.jpg","keywords":["Alejandra Herrera","Fernando Yunes M\u00e1rquez","infracciones","Patricia Lobeira","Rosa Mar\u00eda Hern\u00e1ndez Espejo","Tr\u00e1sito Municipal","Veracruz"],"articleSection":["De Opini\u00f3n"],"inLanguage":"es"},{"@type":"WebPage","@id":"https:\/\/lospoliticosveracruz.com\/?p=180004","url":"https:\/\/lospoliticosveracruz.com\/?p=180004","name":"ACABA TR\u00c1NSITO DE VERACRUZ CON LA CACER\u00cdA - Los pol\u00edticos Veracruz","isPartOf":{"@id":"https:\/\/lospoliticosveracruz.com\/#website"},"primaryImageOfPage":{"@id":"https:\/\/lospoliticosveracruz.com\/?p=180004#primaryimage"},"image":{"@id":"https:\/\/lospoliticosveracruz.com\/?p=180004#primaryimage"},"thumbnailUrl":"https:\/\/lospoliticosveracruz.com\/wp-content\/uploads\/2026\/04\/Alejandra-Herrera-e1778253059458.jpg","datePublished":"2026-09-04T11:42:57+00:00","dateModified":"2026-09-04T11:42:59+00:00","breadcrumb":{"@id":"https:\/\/lospoliticosveracruz.com\/?p=180004#breadcrumb"},"inLanguage":"es","potentialAction":[{"@type":"ReadAction","target":["https:\/\/lospoliticosveracruz.com\/?p=180004"]}]},{"@type":"ImageObject","inLanguage":"es","@id":"https:\/\/lospoliticosveracruz.com\/?p=180004#primaryimage","url":"https:\/\/lospoliticosveracruz.com\/wp-content\/uploads\/2026\/04\/Alejandra-Herrera-e1778253059458.jpg","contentUrl":"https:\/\/lospoliticosveracruz.com\/wp-content\/uploads\/2026\/04\/Alejandra-Herrera-e1778253059458.jpg","width":600,"height":320},{"@type":"BreadcrumbList","@id":"https:\/\/lospoliticosveracruz.com\/?p=180004#breadcrumb","itemListElement":[{"@type":"ListItem","position":1,"name":"Portada","item":"https:\/\/lospoliticosveracruz.com\/"},{"@type":"ListItem","position":2,"name":"ACABA TR\u00c1NSITO DE VERACRUZ CON LA CACER\u00cdA"}]},{"@type":"WebSite","@id":"https:\/\/lospoliticosveracruz.com\/#website","url":"https:\/\/lospoliticosveracruz.com\/","name":"Los pol\u00edticos Veracruz","description":"","publisher":{"@id":"https:\/\/lospoliticosveracruz.com\/#organization"},"potentialAction":[{"@type":"SearchAction","target":{"@type":"EntryPoint","urlTemplate":"https:\/\/lospoliticosveracruz.com\/?s={search_term_string}"},"query-input":{"@type":"PropertyValueSpecification","valueRequired":true,"valueName":"search_term_string"}}],"inLanguage":"es"},{"@type":"Organization","@id":"https:\/\/lospoliticosveracruz.com\/#organization","name":"Los pol\u00edticos Veracruz","url":"https:\/\/lospoliticosveracruz.com\/","logo":{"@type":"ImageObject","inLanguage":"es","@id":"https:\/\/lospoliticosveracruz.com\/#\/schema\/logo\/image\/","url":"https:\/\/lospoliticosveracruz.com\/wp-content\/uploads\/2025\/12\/Logo-Nuevo-LOS-POLITICOS-1.jpg","contentUrl":"https:\/\/lospoliticosveracruz.com\/wp-content\/uploads\/2025\/12\/Logo-Nuevo-LOS-POLITICOS-1.jpg","width":260,"height":70,"caption":"Los pol\u00edticos Veracruz"},"image":{"@id":"https:\/\/lospoliticosveracruz.com\/#\/schema\/logo\/image\/"},"sameAs":["https:\/\/www.facebook.com\/people\/Notimemes-de-los-Polticos\/61565672886568\/","https:\/\/x.com\/LosPoliticosVer"]},{"@type":"Person","@id":"https:\/\/lospoliticosveracruz.com\/#\/schema\/person\/b8702bb0e538456e6efd07080bf2a4a2","name":"Lo viste en Los Pol\u00edticos","image":{"@type":"ImageObject","inLanguage":"es","@id":"https:\/\/secure.gravatar.com\/avatar\/3a8de04a2656d44082be478bd6c086daa447c4651605818287b9532d3d0bd435?s=96&d=mm&r=g","url":"https:\/\/secure.gravatar.com\/avatar\/3a8de04a2656d44082be478bd6c086daa447c4651605818287b9532d3d0bd435?s=96&d=mm&r=g","contentUrl":"https:\/\/secure.gravatar.com\/avatar\/3a8de04a2656d44082be478bd6c086daa447c4651605818287b9532d3d0bd435?s=96&d=mm&r=g","caption":"Lo viste en Los Pol\u00edticos"},"url":"https:\/\/lospoliticosveracruz.com\/?author=2"}]}},"_links":{"self":[{"href":"https:\/\/lospoliticosveracruz.com\/index.php?rest_route=\/wp\/v2\/posts\/180004","targetHints":{"allow":["GET"]}}],"collection":[{"href":"https:\/\/lospoliticosveracruz.com\/index.php?rest_route=\/wp\/v2\/posts"}],"about":[{"href":"https:\/\/lospoliticosveracruz.com\/index.php?rest_route=\/wp\/v2\/types\/post"}],"author":[{"embeddable":true,"href":"https:\/\/lospoliticosveracruz.com\/index.php?rest_route=\/wp\/v2\/users\/2"}],"replies":[{"embeddable":true,"href":"https:\/\/lospoliticosveracruz.com\/index.php?rest_route=%2Fwp%2Fv2%2Fcomments&post=180004"}],"version-history":[{"count":1,"href":"https:\/\/lospoliticosveracruz.com\/index.php?rest_route=\/wp\/v2\/posts\/180004\/revisions"}],"predecessor-version":[{"id":180005,"href":"https:\/\/lospoliticosveracruz.com\/index.php?rest_route=\/wp\/v2\/posts\/180004\/revisions\/180005"}],"wp:featuredmedia":[{"embeddable":true,"href":"https:\/\/lospoliticosveracruz.com\/index.php?rest_route=\/wp\/v2\/media\/169900"}],"wp:attachment":[{"href":"https:\/\/lospoliticosveracruz.com\/index.php?rest_route=%2Fwp%2Fv2%2Fmedia&parent=180004"}],"wp:term":[{"taxonomy":"category","embeddable":true,"href":"https:\/\/lospoliticosveracruz.com\/index.php?rest_route=%2Fwp%2Fv2%2Fcategories&post=180004"},{"taxonomy":"post_tag","embeddable":true,"href":"https:\/\/lospoliticosveracruz.com\/index.php?rest_route=%2Fwp%2Fv2%2Ftags&post=180004"}],"curies":[{"name":"wp","href":"https:\/\/api.w.org\/{rel}","templated":true}]}}