{"id":180008,"date":"2026-09-04T06:13:07","date_gmt":"2026-09-04T12:13:07","guid":{"rendered":"https:\/\/lospoliticosveracruz.com\/?p=180008"},"modified":"2026-09-04T06:13:10","modified_gmt":"2026-09-04T12:13:10","slug":"los-desafios-de-morena-dentro-de-morena","status":"publish","type":"post","link":"https:\/\/lospoliticosveracruz.com\/?p=180008","title":{"rendered":"LOS DESAF\u00cdOS DE MORENA DENTRO DE MORENA"},"content":{"rendered":"<div class=\"wp-block-image\">\n<figure class=\"alignleft size-full is-resized\"><a href=\"https:\/\/lospoliticosveracruz.com\/wp-content\/uploads\/2026\/08\/Fiestas-Veracruz.jpg\"><img loading=\"lazy\" decoding=\"async\" width=\"667\" height=\"625\" src=\"https:\/\/lospoliticosveracruz.com\/wp-content\/uploads\/2026\/08\/Fiestas-Veracruz.jpg\" alt=\"\" class=\"wp-image-179650\" style=\"aspect-ratio:1.067287698577726;width:425px;height:auto\" srcset=\"https:\/\/lospoliticosveracruz.com\/wp-content\/uploads\/2026\/08\/Fiestas-Veracruz.jpg 667w, https:\/\/lospoliticosveracruz.com\/wp-content\/uploads\/2026\/08\/Fiestas-Veracruz-300x281.jpg 300w, https:\/\/lospoliticosveracruz.com\/wp-content\/uploads\/2026\/08\/Fiestas-Veracruz-448x420.jpg 448w, https:\/\/lospoliticosveracruz.com\/wp-content\/uploads\/2026\/08\/Fiestas-Veracruz-150x141.jpg 150w\" sizes=\"auto, (max-width: 667px) 100vw, 667px\" \/><\/a><\/figure>\n<\/div>\n\n\n<p><strong>Fanny Y\u00e9pez<\/strong><br><em>La Columna<\/em><\/p>\n\n\n\n<p class=\"dropcapp1\">De cara a las elecciones intermedias de 2027, el partido Morena enfrenta un panorama complejo. Aunque se mantiene como la principal fuerza pol\u00edtica del pa\u00eds, sus mayores desaf\u00edos actuales no provienen de la oposici\u00f3n fragmentada, sino de su propia estructura, el ejercicio de sus gobiernos y el proceso de institucionalizaci\u00f3n interna.<br>Los principales problemas e incertidumbres que enfrenta el partido oficialista se dividen en los siguientes ejes cr\u00edticos; disputas internas por candidaturas, riesgo de fracturas y p\u00e9rdida de credibilidad por los v\u00ednculos de algunos destacados correligionarios con el narcotr\u00e1fico.<br>El partido ha experimentado una masiva cantidad de registros para competir por las candidaturas de las 17 gubernaturas que se renovar\u00e1n en 2027.<br>Guerra intestina, figuras de la c\u00fapula partidista han advertido sobre el riesgo de enfrentamientos internos descontrolados, por la nominaci\u00f3n en estados clave como Chihuahua, Guerrero, Michoac\u00e1n y Tabasco.<br>Costo de exclusi\u00f3n y rupturas, al haber tantos aspirantes competitivos, la dirigencia enfrenta dificultades para reducir las listas antes de las encuestas definitivas.<br>Quienes queden fuera amenazan con provocar disidencias o unirse a partidos aliados para competir por separado, lo que dividir\u00eda el voto morenista.<br>Desgaste y evaluaci\u00f3n de sus gobiernos estatales, a diferencia de procesos anteriores, donde Morena compet\u00eda bajo la bandera de la \u00abesperanza\u00bb frente a los partidos tradicionales, en esta ocasi\u00f3n deber\u00e1 rendir cuentas directamente de sus administraciones locales.<br>Voto de castigo. &#8211; sectores cr\u00edticos de la poblaci\u00f3n eval\u00faan negativamente la gesti\u00f3n de ciertos alcaldes y gobernadores oficialistas, los temas de seguridad y econom\u00eda, son problemas complejos como la persistente violencia, las crisis de seguridad regionales y el desgaste en el ejercicio diario del poder, son los que representan puntos vulnerables que la oposici\u00f3n intentar\u00e1 capitalizar.<br>Filtros de seguridad. &#8211; nepotismo y esc\u00e1ndalos, la selecci\u00f3n de perfiles se ha convertido en un terreno minado, debido al escrutinio p\u00fablico y a las presiones del exterior.<br>Diversos aspirantes arrastran se\u00f1alamientos medi\u00e1ticos o investigaciones por supuestos desv\u00edos financieros o presuntas relaciones opacas, lo que da\u00f1a la reputaci\u00f3n del movimiento.<br>Frenos al nepotismo. &#8211; la aplicaci\u00f3n rigurosa de directrices partidistas internas, para evitar que familiares directos sucedan a los gobernantes en funciones, ha bloqueado a perfiles con arraigo local, detonando resistencias internas.<br>La gran prueba de fuego hist\u00f3rica para Morena es operar de forma coordinada y retener su cohesi\u00f3n sin depender del mando directo de su fundador hist\u00f3rico, consolidando un partido institucionalizado m\u00e1s all\u00e1 del personalismo. Las recientes reconfiguraciones en la dirigencia nacional buscan endurecer el control y la disciplina militante frente a las corrientes que amenazan con desbordar la unidad interna de cara a la contienda.<br>En el estado de Veracruz, la antesala del proceso electoral de 2027 genera fricciones entre los diferentes grupos del partido oficial por los espacios en diputaciones federales y locales.<br>El aval para que legisladores busquen mantenerse en el cargo incrementa el descontento de nuevos aspirantes, que buscan espacios dentro del movimiento.<br>Actos anticipados. &#8211; se multiplican las denuncias p\u00fablicas e institucionales por el uso adelantado de propaganda y promoci\u00f3n personalizada de figuras locales.<br>Fricciones con aliados (PT y PVEM) los reclamos del Partido del Trabajo, este instituto pol\u00edtico advirti\u00f3 sobre una posible ruptura de alianza en los distritos federales, si Morena no respeta los acuerdos y las encuestas internas para la selecci\u00f3n de candidatos.<br>Robo de alcaldes. &#8211; la incorporaci\u00f3n de alcaldes electos bajo las siglas del PT a las filas de Morena provoc\u00f3 tensiones pol\u00edticas, ya que el partido aliado acusa un desmantelamiento de su fuerza territorial lograda en las urnas.<br>Choques de liderazgos confrontaciones p\u00fablicas, las diferencias entre senadores, diputados, alcaldes y operadores pol\u00edticos rebasaron los espacios privados y se reflejan en declaraciones a medios y redes sociales, esta situaci\u00f3n tiende a polarizarse conforme se vayan acercando las fechas del destape los candidatos federales y locales.<\/p>\n","protected":false},"excerpt":{"rendered":"<p>Fanny Y\u00e9pezLa Columna De cara a las elecciones intermedias de 2027, el partido Morena enfrenta un panorama complejo. Aunque se mantiene como la principal fuerza pol\u00edtica del pa\u00eds, sus mayores desaf\u00edos actuales no provienen de la oposici\u00f3n fragmentada, sino de su propia estructura, el ejercicio de sus gobiernos y el proceso de institucionalizaci\u00f3n interna.Los principales [&hellip;]<\/p>\n","protected":false},"author":2,"featured_media":141383,"comment_status":"closed","ping_status":"closed","sticky":false,"template":"","format":"standard","meta":{"tdm_status":"","tdm_grid_status":"","footnotes":""},"categories":[70],"tags":[3398,1026,2289,264,195],"class_list":{"0":"post-180008","1":"post","2":"type-post","3":"status-publish","4":"format-standard","5":"has-post-thumbnail","7":"category-de-opinion","8":"tag-fanny-yepez","9":"tag-morena","10":"tag-pt","11":"tag-pvem","12":"tag-veracruz"},"yoast_head":"<!-- This site is optimized with the Yoast SEO plugin v28.1 - https:\/\/yoast.com\/product\/yoast-seo-wordpress\/ -->\n<title>LOS DESAF\u00cdOS DE MORENA DENTRO DE MORENA - Los pol\u00edticos Veracruz<\/title>\n<meta name=\"robots\" content=\"index, follow, max-snippet:-1, max-image-preview:large, max-video-preview:-1\" \/>\n<link rel=\"canonical\" href=\"https:\/\/lospoliticosveracruz.com\/?p=180008\" \/>\n<meta property=\"og:locale\" content=\"es_ES\" \/>\n<meta property=\"og:type\" content=\"article\" \/>\n<meta property=\"og:title\" content=\"LOS DESAF\u00cdOS DE MORENA DENTRO DE MORENA - Los pol\u00edticos Veracruz\" \/>\n<meta property=\"og:description\" content=\"Fanny Y\u00e9pezLa Columna De cara a las elecciones intermedias de 2027, el partido Morena enfrenta un panorama complejo. Aunque se mantiene como la principal fuerza pol\u00edtica del pa\u00eds, sus mayores desaf\u00edos actuales no provienen de la oposici\u00f3n fragmentada, sino de su propia estructura, el ejercicio de sus gobiernos y el proceso de institucionalizaci\u00f3n interna.Los principales [&hellip;]\" \/>\n<meta property=\"og:url\" content=\"https:\/\/lospoliticosveracruz.com\/?p=180008\" \/>\n<meta property=\"og:site_name\" content=\"Los pol\u00edticos Veracruz\" \/>\n<meta property=\"article:publisher\" content=\"https:\/\/www.facebook.com\/people\/Notimemes-de-los-Polticos\/61565672886568\/\" \/>\n<meta property=\"article:published_time\" content=\"2026-09-04T12:13:07+00:00\" \/>\n<meta property=\"article:modified_time\" content=\"2026-09-04T12:13:10+00:00\" \/>\n<meta property=\"og:image\" content=\"https:\/\/lospoliticosveracruz.com\/wp-content\/uploads\/2025\/04\/Fanny-Yepez-Luna.jpg\" \/>\n\t<meta property=\"og:image:width\" content=\"1250\" \/>\n\t<meta property=\"og:image:height\" content=\"667\" \/>\n\t<meta property=\"og:image:type\" content=\"image\/jpeg\" \/>\n<meta name=\"author\" content=\"Lo viste en Los Pol\u00edticos\" \/>\n<meta name=\"twitter:card\" content=\"summary_large_image\" \/>\n<meta name=\"twitter:creator\" content=\"@LosPoliticosVer\" \/>\n<meta name=\"twitter:site\" content=\"@LosPoliticosVer\" \/>\n<meta name=\"twitter:label1\" content=\"Escrito por\" \/>\n\t<meta name=\"twitter:data1\" content=\"Lo viste en Los Pol\u00edticos\" \/>\n\t<meta name=\"twitter:label2\" content=\"Tiempo de lectura\" \/>\n\t<meta name=\"twitter:data2\" content=\"4 minutos\" \/>\n<script type=\"application\/ld+json\" class=\"yoast-schema-graph\">{\"@context\":\"https:\\\/\\\/schema.org\",\"@graph\":[{\"@type\":\"Article\",\"@id\":\"https:\\\/\\\/lospoliticosveracruz.com\\\/?p=180008#article\",\"isPartOf\":{\"@id\":\"https:\\\/\\\/lospoliticosveracruz.com\\\/?p=180008\"},\"author\":{\"name\":\"Lo viste en Los Pol\u00edticos\",\"@id\":\"https:\\\/\\\/lospoliticosveracruz.com\\\/#\\\/schema\\\/person\\\/b8702bb0e538456e6efd07080bf2a4a2\"},\"headline\":\"LOS DESAF\u00cdOS DE MORENA DENTRO DE MORENA\",\"datePublished\":\"2026-09-04T12:13:07+00:00\",\"dateModified\":\"2026-09-04T12:13:10+00:00\",\"mainEntityOfPage\":{\"@id\":\"https:\\\/\\\/lospoliticosveracruz.com\\\/?p=180008\"},\"wordCount\":679,\"publisher\":{\"@id\":\"https:\\\/\\\/lospoliticosveracruz.com\\\/#organization\"},\"image\":{\"@id\":\"https:\\\/\\\/lospoliticosveracruz.com\\\/?p=180008#primaryimage\"},\"thumbnailUrl\":\"https:\\\/\\\/lospoliticosveracruz.com\\\/wp-content\\\/uploads\\\/2025\\\/04\\\/Fanny-Yepez-Luna.jpg\",\"keywords\":[\"Fanny Y\u00e9pez\",\"Morena\",\"PT\",\"PVEM\",\"Veracruz\"],\"articleSection\":[\"De Opini\u00f3n\"],\"inLanguage\":\"es\"},{\"@type\":\"WebPage\",\"@id\":\"https:\\\/\\\/lospoliticosveracruz.com\\\/?p=180008\",\"url\":\"https:\\\/\\\/lospoliticosveracruz.com\\\/?p=180008\",\"name\":\"LOS DESAF\u00cdOS DE MORENA DENTRO DE MORENA - Los pol\u00edticos Veracruz\",\"isPartOf\":{\"@id\":\"https:\\\/\\\/lospoliticosveracruz.com\\\/#website\"},\"primaryImageOfPage\":{\"@id\":\"https:\\\/\\\/lospoliticosveracruz.com\\\/?p=180008#primaryimage\"},\"image\":{\"@id\":\"https:\\\/\\\/lospoliticosveracruz.com\\\/?p=180008#primaryimage\"},\"thumbnailUrl\":\"https:\\\/\\\/lospoliticosveracruz.com\\\/wp-content\\\/uploads\\\/2025\\\/04\\\/Fanny-Yepez-Luna.jpg\",\"datePublished\":\"2026-09-04T12:13:07+00:00\",\"dateModified\":\"2026-09-04T12:13:10+00:00\",\"breadcrumb\":{\"@id\":\"https:\\\/\\\/lospoliticosveracruz.com\\\/?p=180008#breadcrumb\"},\"inLanguage\":\"es\",\"potentialAction\":[{\"@type\":\"ReadAction\",\"target\":[\"https:\\\/\\\/lospoliticosveracruz.com\\\/?p=180008\"]}]},{\"@type\":\"ImageObject\",\"inLanguage\":\"es\",\"@id\":\"https:\\\/\\\/lospoliticosveracruz.com\\\/?p=180008#primaryimage\",\"url\":\"https:\\\/\\\/lospoliticosveracruz.com\\\/wp-content\\\/uploads\\\/2025\\\/04\\\/Fanny-Yepez-Luna.jpg\",\"contentUrl\":\"https:\\\/\\\/lospoliticosveracruz.com\\\/wp-content\\\/uploads\\\/2025\\\/04\\\/Fanny-Yepez-Luna.jpg\",\"width\":1250,\"height\":667},{\"@type\":\"BreadcrumbList\",\"@id\":\"https:\\\/\\\/lospoliticosveracruz.com\\\/?p=180008#breadcrumb\",\"itemListElement\":[{\"@type\":\"ListItem\",\"position\":1,\"name\":\"Portada\",\"item\":\"https:\\\/\\\/lospoliticosveracruz.com\\\/\"},{\"@type\":\"ListItem\",\"position\":2,\"name\":\"LOS DESAF\u00cdOS DE MORENA DENTRO DE MORENA\"}]},{\"@type\":\"WebSite\",\"@id\":\"https:\\\/\\\/lospoliticosveracruz.com\\\/#website\",\"url\":\"https:\\\/\\\/lospoliticosveracruz.com\\\/\",\"name\":\"Los pol\u00edticos Veracruz\",\"description\":\"\",\"publisher\":{\"@id\":\"https:\\\/\\\/lospoliticosveracruz.com\\\/#organization\"},\"potentialAction\":[{\"@type\":\"SearchAction\",\"target\":{\"@type\":\"EntryPoint\",\"urlTemplate\":\"https:\\\/\\\/lospoliticosveracruz.com\\\/?s={search_term_string}\"},\"query-input\":{\"@type\":\"PropertyValueSpecification\",\"valueRequired\":true,\"valueName\":\"search_term_string\"}}],\"inLanguage\":\"es\"},{\"@type\":\"Organization\",\"@id\":\"https:\\\/\\\/lospoliticosveracruz.com\\\/#organization\",\"name\":\"Los pol\u00edticos Veracruz\",\"url\":\"https:\\\/\\\/lospoliticosveracruz.com\\\/\",\"logo\":{\"@type\":\"ImageObject\",\"inLanguage\":\"es\",\"@id\":\"https:\\\/\\\/lospoliticosveracruz.com\\\/#\\\/schema\\\/logo\\\/image\\\/\",\"url\":\"https:\\\/\\\/lospoliticosveracruz.com\\\/wp-content\\\/uploads\\\/2025\\\/12\\\/Logo-Nuevo-LOS-POLITICOS-1.jpg\",\"contentUrl\":\"https:\\\/\\\/lospoliticosveracruz.com\\\/wp-content\\\/uploads\\\/2025\\\/12\\\/Logo-Nuevo-LOS-POLITICOS-1.jpg\",\"width\":260,\"height\":70,\"caption\":\"Los pol\u00edticos Veracruz\"},\"image\":{\"@id\":\"https:\\\/\\\/lospoliticosveracruz.com\\\/#\\\/schema\\\/logo\\\/image\\\/\"},\"sameAs\":[\"https:\\\/\\\/www.facebook.com\\\/people\\\/Notimemes-de-los-Polticos\\\/61565672886568\\\/\",\"https:\\\/\\\/x.com\\\/LosPoliticosVer\"]},{\"@type\":\"Person\",\"@id\":\"https:\\\/\\\/lospoliticosveracruz.com\\\/#\\\/schema\\\/person\\\/b8702bb0e538456e6efd07080bf2a4a2\",\"name\":\"Lo viste en Los Pol\u00edticos\",\"image\":{\"@type\":\"ImageObject\",\"inLanguage\":\"es\",\"@id\":\"https:\\\/\\\/secure.gravatar.com\\\/avatar\\\/3a8de04a2656d44082be478bd6c086daa447c4651605818287b9532d3d0bd435?s=96&d=mm&r=g\",\"url\":\"https:\\\/\\\/secure.gravatar.com\\\/avatar\\\/3a8de04a2656d44082be478bd6c086daa447c4651605818287b9532d3d0bd435?s=96&d=mm&r=g\",\"contentUrl\":\"https:\\\/\\\/secure.gravatar.com\\\/avatar\\\/3a8de04a2656d44082be478bd6c086daa447c4651605818287b9532d3d0bd435?s=96&d=mm&r=g\",\"caption\":\"Lo viste en Los Pol\u00edticos\"},\"url\":\"https:\\\/\\\/lospoliticosveracruz.com\\\/?author=2\"}]}<\/script>\n<!-- \/ Yoast SEO plugin. -->","yoast_head_json":{"title":"LOS DESAF\u00cdOS DE MORENA DENTRO DE MORENA - Los pol\u00edticos Veracruz","robots":{"index":"index","follow":"follow","max-snippet":"max-snippet:-1","max-image-preview":"max-image-preview:large","max-video-preview":"max-video-preview:-1"},"canonical":"https:\/\/lospoliticosveracruz.com\/?p=180008","og_locale":"es_ES","og_type":"article","og_title":"LOS DESAF\u00cdOS DE MORENA DENTRO DE MORENA - Los pol\u00edticos Veracruz","og_description":"Fanny Y\u00e9pezLa Columna De cara a las elecciones intermedias de 2027, el partido Morena enfrenta un panorama complejo. Aunque se mantiene como la principal fuerza pol\u00edtica del pa\u00eds, sus mayores desaf\u00edos actuales no provienen de la oposici\u00f3n fragmentada, sino de su propia estructura, el ejercicio de sus gobiernos y el proceso de institucionalizaci\u00f3n interna.Los principales [&hellip;]","og_url":"https:\/\/lospoliticosveracruz.com\/?p=180008","og_site_name":"Los pol\u00edticos Veracruz","article_publisher":"https:\/\/www.facebook.com\/people\/Notimemes-de-los-Polticos\/61565672886568\/","article_published_time":"2026-09-04T12:13:07+00:00","article_modified_time":"2026-09-04T12:13:10+00:00","og_image":[{"width":1250,"height":667,"url":"https:\/\/lospoliticosveracruz.com\/wp-content\/uploads\/2025\/04\/Fanny-Yepez-Luna.jpg","type":"image\/jpeg"}],"author":"Lo viste en Los Pol\u00edticos","twitter_card":"summary_large_image","twitter_creator":"@LosPoliticosVer","twitter_site":"@LosPoliticosVer","twitter_misc":{"Escrito por":"Lo viste en Los Pol\u00edticos","Tiempo de lectura":"4 minutos"},"schema":{"@context":"https:\/\/schema.org","@graph":[{"@type":"Article","@id":"https:\/\/lospoliticosveracruz.com\/?p=180008#article","isPartOf":{"@id":"https:\/\/lospoliticosveracruz.com\/?p=180008"},"author":{"name":"Lo viste en Los Pol\u00edticos","@id":"https:\/\/lospoliticosveracruz.com\/#\/schema\/person\/b8702bb0e538456e6efd07080bf2a4a2"},"headline":"LOS DESAF\u00cdOS DE MORENA DENTRO DE MORENA","datePublished":"2026-09-04T12:13:07+00:00","dateModified":"2026-09-04T12:13:10+00:00","mainEntityOfPage":{"@id":"https:\/\/lospoliticosveracruz.com\/?p=180008"},"wordCount":679,"publisher":{"@id":"https:\/\/lospoliticosveracruz.com\/#organization"},"image":{"@id":"https:\/\/lospoliticosveracruz.com\/?p=180008#primaryimage"},"thumbnailUrl":"https:\/\/lospoliticosveracruz.com\/wp-content\/uploads\/2025\/04\/Fanny-Yepez-Luna.jpg","keywords":["Fanny Y\u00e9pez","Morena","PT","PVEM","Veracruz"],"articleSection":["De Opini\u00f3n"],"inLanguage":"es"},{"@type":"WebPage","@id":"https:\/\/lospoliticosveracruz.com\/?p=180008","url":"https:\/\/lospoliticosveracruz.com\/?p=180008","name":"LOS DESAF\u00cdOS DE MORENA DENTRO DE MORENA - Los pol\u00edticos Veracruz","isPartOf":{"@id":"https:\/\/lospoliticosveracruz.com\/#website"},"primaryImageOfPage":{"@id":"https:\/\/lospoliticosveracruz.com\/?p=180008#primaryimage"},"image":{"@id":"https:\/\/lospoliticosveracruz.com\/?p=180008#primaryimage"},"thumbnailUrl":"https:\/\/lospoliticosveracruz.com\/wp-content\/uploads\/2025\/04\/Fanny-Yepez-Luna.jpg","datePublished":"2026-09-04T12:13:07+00:00","dateModified":"2026-09-04T12:13:10+00:00","breadcrumb":{"@id":"https:\/\/lospoliticosveracruz.com\/?p=180008#breadcrumb"},"inLanguage":"es","potentialAction":[{"@type":"ReadAction","target":["https:\/\/lospoliticosveracruz.com\/?p=180008"]}]},{"@type":"ImageObject","inLanguage":"es","@id":"https:\/\/lospoliticosveracruz.com\/?p=180008#primaryimage","url":"https:\/\/lospoliticosveracruz.com\/wp-content\/uploads\/2025\/04\/Fanny-Yepez-Luna.jpg","contentUrl":"https:\/\/lospoliticosveracruz.com\/wp-content\/uploads\/2025\/04\/Fanny-Yepez-Luna.jpg","width":1250,"height":667},{"@type":"BreadcrumbList","@id":"https:\/\/lospoliticosveracruz.com\/?p=180008#breadcrumb","itemListElement":[{"@type":"ListItem","position":1,"name":"Portada","item":"https:\/\/lospoliticosveracruz.com\/"},{"@type":"ListItem","position":2,"name":"LOS DESAF\u00cdOS DE MORENA DENTRO DE MORENA"}]},{"@type":"WebSite","@id":"https:\/\/lospoliticosveracruz.com\/#website","url":"https:\/\/lospoliticosveracruz.com\/","name":"Los pol\u00edticos Veracruz","description":"","publisher":{"@id":"https:\/\/lospoliticosveracruz.com\/#organization"},"potentialAction":[{"@type":"SearchAction","target":{"@type":"EntryPoint","urlTemplate":"https:\/\/lospoliticosveracruz.com\/?s={search_term_string}"},"query-input":{"@type":"PropertyValueSpecification","valueRequired":true,"valueName":"search_term_string"}}],"inLanguage":"es"},{"@type":"Organization","@id":"https:\/\/lospoliticosveracruz.com\/#organization","name":"Los pol\u00edticos Veracruz","url":"https:\/\/lospoliticosveracruz.com\/","logo":{"@type":"ImageObject","inLanguage":"es","@id":"https:\/\/lospoliticosveracruz.com\/#\/schema\/logo\/image\/","url":"https:\/\/lospoliticosveracruz.com\/wp-content\/uploads\/2025\/12\/Logo-Nuevo-LOS-POLITICOS-1.jpg","contentUrl":"https:\/\/lospoliticosveracruz.com\/wp-content\/uploads\/2025\/12\/Logo-Nuevo-LOS-POLITICOS-1.jpg","width":260,"height":70,"caption":"Los pol\u00edticos Veracruz"},"image":{"@id":"https:\/\/lospoliticosveracruz.com\/#\/schema\/logo\/image\/"},"sameAs":["https:\/\/www.facebook.com\/people\/Notimemes-de-los-Polticos\/61565672886568\/","https:\/\/x.com\/LosPoliticosVer"]},{"@type":"Person","@id":"https:\/\/lospoliticosveracruz.com\/#\/schema\/person\/b8702bb0e538456e6efd07080bf2a4a2","name":"Lo viste en Los Pol\u00edticos","image":{"@type":"ImageObject","inLanguage":"es","@id":"https:\/\/secure.gravatar.com\/avatar\/3a8de04a2656d44082be478bd6c086daa447c4651605818287b9532d3d0bd435?s=96&d=mm&r=g","url":"https:\/\/secure.gravatar.com\/avatar\/3a8de04a2656d44082be478bd6c086daa447c4651605818287b9532d3d0bd435?s=96&d=mm&r=g","contentUrl":"https:\/\/secure.gravatar.com\/avatar\/3a8de04a2656d44082be478bd6c086daa447c4651605818287b9532d3d0bd435?s=96&d=mm&r=g","caption":"Lo viste en Los Pol\u00edticos"},"url":"https:\/\/lospoliticosveracruz.com\/?author=2"}]}},"_links":{"self":[{"href":"https:\/\/lospoliticosveracruz.com\/index.php?rest_route=\/wp\/v2\/posts\/180008","targetHints":{"allow":["GET"]}}],"collection":[{"href":"https:\/\/lospoliticosveracruz.com\/index.php?rest_route=\/wp\/v2\/posts"}],"about":[{"href":"https:\/\/lospoliticosveracruz.com\/index.php?rest_route=\/wp\/v2\/types\/post"}],"author":[{"embeddable":true,"href":"https:\/\/lospoliticosveracruz.com\/index.php?rest_route=\/wp\/v2\/users\/2"}],"replies":[{"embeddable":true,"href":"https:\/\/lospoliticosveracruz.com\/index.php?rest_route=%2Fwp%2Fv2%2Fcomments&post=180008"}],"version-history":[{"count":1,"href":"https:\/\/lospoliticosveracruz.com\/index.php?rest_route=\/wp\/v2\/posts\/180008\/revisions"}],"predecessor-version":[{"id":180009,"href":"https:\/\/lospoliticosveracruz.com\/index.php?rest_route=\/wp\/v2\/posts\/180008\/revisions\/180009"}],"wp:featuredmedia":[{"embeddable":true,"href":"https:\/\/lospoliticosveracruz.com\/index.php?rest_route=\/wp\/v2\/media\/141383"}],"wp:attachment":[{"href":"https:\/\/lospoliticosveracruz.com\/index.php?rest_route=%2Fwp%2Fv2%2Fmedia&parent=180008"}],"wp:term":[{"taxonomy":"category","embeddable":true,"href":"https:\/\/lospoliticosveracruz.com\/index.php?rest_route=%2Fwp%2Fv2%2Fcategories&post=180008"},{"taxonomy":"post_tag","embeddable":true,"href":"https:\/\/lospoliticosveracruz.com\/index.php?rest_route=%2Fwp%2Fv2%2Ftags&post=180008"}],"curies":[{"name":"wp","href":"https:\/\/api.w.org\/{rel}","templated":true}]}}