{"id":180017,"date":"2026-09-04T08:11:29","date_gmt":"2026-09-04T14:11:29","guid":{"rendered":"https:\/\/lospoliticosveracruz.com\/?p=180017"},"modified":"2026-09-04T08:11:31","modified_gmt":"2026-09-04T14:11:31","slug":"el-informe-propaganda-vs-realidad","status":"publish","type":"post","link":"https:\/\/lospoliticosveracruz.com\/?p=180017","title":{"rendered":"EL INFORME: PROPAGANDA VS REALIDAD"},"content":{"rendered":"<div class=\"wp-block-image\">\n<figure class=\"alignleft size-full is-resized\"><a href=\"https:\/\/lospoliticosveracruz.com\/wp-content\/uploads\/2026\/05\/IMG_1092.png\"><img loading=\"lazy\" decoding=\"async\" width=\"640\" height=\"600\" src=\"https:\/\/lospoliticosveracruz.com\/wp-content\/uploads\/2026\/05\/IMG_1092.png\" alt=\"\" class=\"wp-image-172799\" style=\"width:375px;height:auto\" srcset=\"https:\/\/lospoliticosveracruz.com\/wp-content\/uploads\/2026\/05\/IMG_1092.png 640w, https:\/\/lospoliticosveracruz.com\/wp-content\/uploads\/2026\/05\/IMG_1092-300x281.png 300w, https:\/\/lospoliticosveracruz.com\/wp-content\/uploads\/2026\/05\/IMG_1092-448x420.png 448w, https:\/\/lospoliticosveracruz.com\/wp-content\/uploads\/2026\/05\/IMG_1092-150x141.png 150w\" sizes=\"auto, (max-width: 640px) 100vw, 640px\" \/><\/a><\/figure>\n<\/div>\n\n\n<p><strong>Felipe de Jes\u00fas Fern\u00e1ndez Basilio<\/strong><\/p>\n\n\n\n<p>Desde a Janela<br><\/p>\n\n\n\n<p>Antes de entrar en materia, voy a hacer un par de comentarios, uno sobre el evento en s\u00ed y otro en relaci\u00f3n a su protagonista.<\/p>\n\n\n\n<p>1: El informe de gobierno como acto de rendici\u00f3n de cuentas republicano se encuentra m\u00e1s devaluado que nunca, en primer lugar por la absurda reforma constitucional de principios de siglo, por cierto, cortes\u00eda de la autodenominada \u201cizquierda\u201d que impidi\u00f3 que el presidente acudiera al Congreso a realizar el informe y a escuchar la respuesta que el presidente del Congreso de la Uni\u00f3n le diera y en segundo lugar, porque debido al programa diario de variedades cotidiano que lleva a cabo la presidente, se provoca que en realidad no haya nada nuevo que escuchar en la rendici\u00f3n del informe, es decir, el evento pas\u00f3 como un programa matutino m\u00e1s.<\/p>\n\n\n\n<p>2: Previo al mensaje de la presidente corrieron versiones de que su salud se vio muy afectada por una crisis nerviosa que casi causa la cancelaci\u00f3n del evento, obviamente esa informaci\u00f3n no se puede dar por cierta debido a que no fue validada; pero lo que s\u00ed fue muy notoria, fue la imagen que Sheinbaum present\u00f3 ese d\u00eda, se le ve\u00eda muy p\u00e1lida y muy r\u00edgida, tal y como si estuviera delicada de salud e incluso medicada; el aspecto que dio fue muy parecido al que se observa en las representaciones de la reina Isabel I de Inglaterra en sus \u00faltimos a\u00f1os.<\/p>\n\n\n\n<p>Ahora s\u00ed, vamos a platicar un poco sobre el informe en s\u00ed, el cual dicho sea de paso fue un acto propagand\u00edstico confrontado, incluso en tiempo real, por la realidad.<\/p>\n\n\n\n<p>Por ejemplo, Sheinbaum habl\u00f3 de las maravillas del Tren Maya cuando este acababa de sufrir un descarrilamiento m\u00e1s, ahora en Campeche.<\/p>\n\n\n\n<p>Tambi\u00e9n hablaba sobre las \u201cgrandes compras\u201d de medicamentos para el sector salud, cuando en el estado de Veracruz los m\u00e9dicos adscritos al servicio p\u00fablico estaban protestando porque no cuentan ni siquiera con paracetamol para realizar su trabajo.<\/p>\n\n\n\n<p>Ahora bien, Sheinbaum dijo que los trabajadores mexicanos est\u00e1n viviendo una \u201cprimavera laboral\u201d debido a los aumentos al salario m\u00ednimo, lo que ya no dijo es que precisamente por esos aumentos, cada vez son menos los trabajadores formales.<\/p>\n\n\n\n<p>As\u00ed es, se ha aumentado el valor del salario muy por encima del de la productividad, lo cual tiene como consecuencia que muchos patrones recorten personal o se abstengan de contratar a m\u00e1s trabajadores por la simple raz\u00f3n que las utilidades no son suficientes para pagarles.<\/p>\n\n\n\n<p>Tambi\u00e9n habl\u00f3 de que el peso es una moneda fuerte, lo cual no es cierto; ya que la verdad es que gracias a las veleidades de Trump es el d\u00f3lar el que est\u00e1 m\u00e1s d\u00e9bil que nunca.<\/p>\n\n\n\n<p>En cuesti\u00f3n de seguridad presumi\u00f3 una gran cantidad de avances, pero no dijo nada sobre la impunidad general en la que se encuentran los dignatarios de su partido que han sido ligados al crimen organizado y que, precisamente por eso, entidades como Sinaloa siguen viviendo un infierno cotidiano.<\/p>\n\n\n\n<p>Por \u00faltimo, dice ser v\u00edctima de violencia pol\u00edtica de g\u00e9nero y de misoginia debido a que sistem\u00e1ticamente se se\u00f1ala que ella carece de mando y que el poder real lo tiene su jefe pol\u00edtico y mentor L\u00f3pez Obrador cuando es m\u00e1s que evidente que casi nadie en el gobierno y en su partido le rinde cuentas a ella.<\/p>\n\n\n\n<p>La realidad es que no se dice que se encuentra subordinada por el hecho de ser mujer sino que se pone en relieve la subordinaci\u00f3n que tiene respecto a L\u00f3pez, porque carece de la voluntad de asumir su funci\u00f3n a plenitud y eso puede suceder con cualquier persona independientemente de su g\u00e9nero.<\/p>\n\n\n\n<p>Y esto \u00faltimo lo hemos se\u00f1alado en este espacio varias veces, Sheinbaum siempre ha sido segundona y por lo visto, sigue muy conforme con ese papel.<\/p>\n\n\n\n<p>Felipe de Jes\u00fas Fern\u00e1ndez Basilio<br>felfebas@gmail.com<br>X: @FelipeFBasilio<\/p>\n","protected":false},"excerpt":{"rendered":"<p>Felipe de Jes\u00fas Fern\u00e1ndez Basilio Desde a Janela Antes de entrar en materia, voy a hacer un par de comentarios, uno sobre el evento en s\u00ed y otro en relaci\u00f3n a su protagonista. 1: El informe de gobierno como acto de rendici\u00f3n de cuentas republicano se encuentra m\u00e1s devaluado que nunca, en primer lugar por [&hellip;]<\/p>\n","protected":false},"author":2,"featured_media":141384,"comment_status":"closed","ping_status":"closed","sticky":false,"template":"","format":"standard","meta":{"tdm_status":"","tdm_grid_status":"","footnotes":""},"categories":[70],"tags":[9627,2228,12710,4345,1003,1088,360],"class_list":{"0":"post-180017","1":"post","2":"type-post","3":"status-publish","4":"format-standard","5":"has-post-thumbnail","7":"category-de-opinion","8":"tag-claudia-sheinbaum","9":"tag-economia","10":"tag-felipe-de-jesus-fernandez-basilio","11":"tag-informe-de-gobierno","12":"tag-lopez-obrador","13":"tag-propaganda","14":"tag-seguridad"},"yoast_head":"<!-- This site is optimized with the Yoast SEO plugin v28.1 - https:\/\/yoast.com\/product\/yoast-seo-wordpress\/ -->\n<title>EL INFORME: PROPAGANDA VS REALIDAD - Los pol\u00edticos Veracruz<\/title>\n<meta name=\"robots\" content=\"index, follow, max-snippet:-1, max-image-preview:large, max-video-preview:-1\" \/>\n<link rel=\"canonical\" href=\"https:\/\/lospoliticosveracruz.com\/?p=180017\" \/>\n<meta property=\"og:locale\" content=\"es_ES\" \/>\n<meta property=\"og:type\" content=\"article\" \/>\n<meta property=\"og:title\" content=\"EL INFORME: PROPAGANDA VS REALIDAD - Los pol\u00edticos Veracruz\" \/>\n<meta property=\"og:description\" content=\"Felipe de Jes\u00fas Fern\u00e1ndez Basilio Desde a Janela Antes de entrar en materia, voy a hacer un par de comentarios, uno sobre el evento en s\u00ed y otro en relaci\u00f3n a su protagonista. 1: El informe de gobierno como acto de rendici\u00f3n de cuentas republicano se encuentra m\u00e1s devaluado que nunca, en primer lugar por [&hellip;]\" \/>\n<meta property=\"og:url\" content=\"https:\/\/lospoliticosveracruz.com\/?p=180017\" \/>\n<meta property=\"og:site_name\" content=\"Los pol\u00edticos Veracruz\" \/>\n<meta property=\"article:publisher\" content=\"https:\/\/www.facebook.com\/people\/Notimemes-de-los-Polticos\/61565672886568\/\" \/>\n<meta property=\"article:published_time\" content=\"2026-09-04T14:11:29+00:00\" \/>\n<meta property=\"article:modified_time\" content=\"2026-09-04T14:11:31+00:00\" \/>\n<meta property=\"og:image\" content=\"https:\/\/lospoliticosveracruz.com\/wp-content\/uploads\/2025\/04\/Felipe-Fernandez-Basilio-e1767959429910.jpg\" \/>\n\t<meta property=\"og:image:width\" content=\"600\" \/>\n\t<meta property=\"og:image:height\" content=\"320\" \/>\n\t<meta property=\"og:image:type\" content=\"image\/jpeg\" \/>\n<meta name=\"author\" content=\"Lo viste en Los Pol\u00edticos\" \/>\n<meta name=\"twitter:card\" content=\"summary_large_image\" \/>\n<meta name=\"twitter:creator\" content=\"@LosPoliticosVer\" \/>\n<meta name=\"twitter:site\" content=\"@LosPoliticosVer\" \/>\n<meta name=\"twitter:label1\" content=\"Escrito por\" \/>\n\t<meta name=\"twitter:data1\" content=\"Lo viste en Los Pol\u00edticos\" \/>\n\t<meta name=\"twitter:label2\" content=\"Tiempo de lectura\" \/>\n\t<meta name=\"twitter:data2\" content=\"4 minutos\" \/>\n<script type=\"application\/ld+json\" class=\"yoast-schema-graph\">{\"@context\":\"https:\\\/\\\/schema.org\",\"@graph\":[{\"@type\":\"Article\",\"@id\":\"https:\\\/\\\/lospoliticosveracruz.com\\\/?p=180017#article\",\"isPartOf\":{\"@id\":\"https:\\\/\\\/lospoliticosveracruz.com\\\/?p=180017\"},\"author\":{\"name\":\"Lo viste en Los Pol\u00edticos\",\"@id\":\"https:\\\/\\\/lospoliticosveracruz.com\\\/#\\\/schema\\\/person\\\/b8702bb0e538456e6efd07080bf2a4a2\"},\"headline\":\"EL INFORME: PROPAGANDA VS REALIDAD\",\"datePublished\":\"2026-09-04T14:11:29+00:00\",\"dateModified\":\"2026-09-04T14:11:31+00:00\",\"mainEntityOfPage\":{\"@id\":\"https:\\\/\\\/lospoliticosveracruz.com\\\/?p=180017\"},\"wordCount\":692,\"publisher\":{\"@id\":\"https:\\\/\\\/lospoliticosveracruz.com\\\/#organization\"},\"image\":{\"@id\":\"https:\\\/\\\/lospoliticosveracruz.com\\\/?p=180017#primaryimage\"},\"thumbnailUrl\":\"https:\\\/\\\/lospoliticosveracruz.com\\\/wp-content\\\/uploads\\\/2025\\\/04\\\/Felipe-Fernandez-Basilio-e1767959429910.jpg\",\"keywords\":[\"Claudia Sheinbaum\",\"Econom\u00eda\",\"Felipe de Jes\u00fas Fern\u00e1ndez Basilio\",\"Informe de Gobierno\",\"L\u00f3pez Obrador\",\"propaganda\",\"Seguridad\"],\"articleSection\":[\"De Opini\u00f3n\"],\"inLanguage\":\"es\"},{\"@type\":\"WebPage\",\"@id\":\"https:\\\/\\\/lospoliticosveracruz.com\\\/?p=180017\",\"url\":\"https:\\\/\\\/lospoliticosveracruz.com\\\/?p=180017\",\"name\":\"EL INFORME: PROPAGANDA VS REALIDAD - Los pol\u00edticos Veracruz\",\"isPartOf\":{\"@id\":\"https:\\\/\\\/lospoliticosveracruz.com\\\/#website\"},\"primaryImageOfPage\":{\"@id\":\"https:\\\/\\\/lospoliticosveracruz.com\\\/?p=180017#primaryimage\"},\"image\":{\"@id\":\"https:\\\/\\\/lospoliticosveracruz.com\\\/?p=180017#primaryimage\"},\"thumbnailUrl\":\"https:\\\/\\\/lospoliticosveracruz.com\\\/wp-content\\\/uploads\\\/2025\\\/04\\\/Felipe-Fernandez-Basilio-e1767959429910.jpg\",\"datePublished\":\"2026-09-04T14:11:29+00:00\",\"dateModified\":\"2026-09-04T14:11:31+00:00\",\"breadcrumb\":{\"@id\":\"https:\\\/\\\/lospoliticosveracruz.com\\\/?p=180017#breadcrumb\"},\"inLanguage\":\"es\",\"potentialAction\":[{\"@type\":\"ReadAction\",\"target\":[\"https:\\\/\\\/lospoliticosveracruz.com\\\/?p=180017\"]}]},{\"@type\":\"ImageObject\",\"inLanguage\":\"es\",\"@id\":\"https:\\\/\\\/lospoliticosveracruz.com\\\/?p=180017#primaryimage\",\"url\":\"https:\\\/\\\/lospoliticosveracruz.com\\\/wp-content\\\/uploads\\\/2025\\\/04\\\/Felipe-Fernandez-Basilio-e1767959429910.jpg\",\"contentUrl\":\"https:\\\/\\\/lospoliticosveracruz.com\\\/wp-content\\\/uploads\\\/2025\\\/04\\\/Felipe-Fernandez-Basilio-e1767959429910.jpg\",\"width\":600,\"height\":320},{\"@type\":\"BreadcrumbList\",\"@id\":\"https:\\\/\\\/lospoliticosveracruz.com\\\/?p=180017#breadcrumb\",\"itemListElement\":[{\"@type\":\"ListItem\",\"position\":1,\"name\":\"Portada\",\"item\":\"https:\\\/\\\/lospoliticosveracruz.com\\\/\"},{\"@type\":\"ListItem\",\"position\":2,\"name\":\"EL INFORME: PROPAGANDA VS REALIDAD\"}]},{\"@type\":\"WebSite\",\"@id\":\"https:\\\/\\\/lospoliticosveracruz.com\\\/#website\",\"url\":\"https:\\\/\\\/lospoliticosveracruz.com\\\/\",\"name\":\"Los pol\u00edticos Veracruz\",\"description\":\"\",\"publisher\":{\"@id\":\"https:\\\/\\\/lospoliticosveracruz.com\\\/#organization\"},\"potentialAction\":[{\"@type\":\"SearchAction\",\"target\":{\"@type\":\"EntryPoint\",\"urlTemplate\":\"https:\\\/\\\/lospoliticosveracruz.com\\\/?s={search_term_string}\"},\"query-input\":{\"@type\":\"PropertyValueSpecification\",\"valueRequired\":true,\"valueName\":\"search_term_string\"}}],\"inLanguage\":\"es\"},{\"@type\":\"Organization\",\"@id\":\"https:\\\/\\\/lospoliticosveracruz.com\\\/#organization\",\"name\":\"Los pol\u00edticos Veracruz\",\"url\":\"https:\\\/\\\/lospoliticosveracruz.com\\\/\",\"logo\":{\"@type\":\"ImageObject\",\"inLanguage\":\"es\",\"@id\":\"https:\\\/\\\/lospoliticosveracruz.com\\\/#\\\/schema\\\/logo\\\/image\\\/\",\"url\":\"https:\\\/\\\/lospoliticosveracruz.com\\\/wp-content\\\/uploads\\\/2025\\\/12\\\/Logo-Nuevo-LOS-POLITICOS-1.jpg\",\"contentUrl\":\"https:\\\/\\\/lospoliticosveracruz.com\\\/wp-content\\\/uploads\\\/2025\\\/12\\\/Logo-Nuevo-LOS-POLITICOS-1.jpg\",\"width\":260,\"height\":70,\"caption\":\"Los pol\u00edticos Veracruz\"},\"image\":{\"@id\":\"https:\\\/\\\/lospoliticosveracruz.com\\\/#\\\/schema\\\/logo\\\/image\\\/\"},\"sameAs\":[\"https:\\\/\\\/www.facebook.com\\\/people\\\/Notimemes-de-los-Polticos\\\/61565672886568\\\/\",\"https:\\\/\\\/x.com\\\/LosPoliticosVer\"]},{\"@type\":\"Person\",\"@id\":\"https:\\\/\\\/lospoliticosveracruz.com\\\/#\\\/schema\\\/person\\\/b8702bb0e538456e6efd07080bf2a4a2\",\"name\":\"Lo viste en Los Pol\u00edticos\",\"image\":{\"@type\":\"ImageObject\",\"inLanguage\":\"es\",\"@id\":\"https:\\\/\\\/secure.gravatar.com\\\/avatar\\\/3a8de04a2656d44082be478bd6c086daa447c4651605818287b9532d3d0bd435?s=96&d=mm&r=g\",\"url\":\"https:\\\/\\\/secure.gravatar.com\\\/avatar\\\/3a8de04a2656d44082be478bd6c086daa447c4651605818287b9532d3d0bd435?s=96&d=mm&r=g\",\"contentUrl\":\"https:\\\/\\\/secure.gravatar.com\\\/avatar\\\/3a8de04a2656d44082be478bd6c086daa447c4651605818287b9532d3d0bd435?s=96&d=mm&r=g\",\"caption\":\"Lo viste en Los Pol\u00edticos\"},\"url\":\"https:\\\/\\\/lospoliticosveracruz.com\\\/?author=2\"}]}<\/script>\n<!-- \/ Yoast SEO plugin. -->","yoast_head_json":{"title":"EL INFORME: PROPAGANDA VS REALIDAD - Los pol\u00edticos Veracruz","robots":{"index":"index","follow":"follow","max-snippet":"max-snippet:-1","max-image-preview":"max-image-preview:large","max-video-preview":"max-video-preview:-1"},"canonical":"https:\/\/lospoliticosveracruz.com\/?p=180017","og_locale":"es_ES","og_type":"article","og_title":"EL INFORME: PROPAGANDA VS REALIDAD - Los pol\u00edticos Veracruz","og_description":"Felipe de Jes\u00fas Fern\u00e1ndez Basilio Desde a Janela Antes de entrar en materia, voy a hacer un par de comentarios, uno sobre el evento en s\u00ed y otro en relaci\u00f3n a su protagonista. 1: El informe de gobierno como acto de rendici\u00f3n de cuentas republicano se encuentra m\u00e1s devaluado que nunca, en primer lugar por [&hellip;]","og_url":"https:\/\/lospoliticosveracruz.com\/?p=180017","og_site_name":"Los pol\u00edticos Veracruz","article_publisher":"https:\/\/www.facebook.com\/people\/Notimemes-de-los-Polticos\/61565672886568\/","article_published_time":"2026-09-04T14:11:29+00:00","article_modified_time":"2026-09-04T14:11:31+00:00","og_image":[{"width":600,"height":320,"url":"https:\/\/lospoliticosveracruz.com\/wp-content\/uploads\/2025\/04\/Felipe-Fernandez-Basilio-e1767959429910.jpg","type":"image\/jpeg"}],"author":"Lo viste en Los Pol\u00edticos","twitter_card":"summary_large_image","twitter_creator":"@LosPoliticosVer","twitter_site":"@LosPoliticosVer","twitter_misc":{"Escrito por":"Lo viste en Los Pol\u00edticos","Tiempo de lectura":"4 minutos"},"schema":{"@context":"https:\/\/schema.org","@graph":[{"@type":"Article","@id":"https:\/\/lospoliticosveracruz.com\/?p=180017#article","isPartOf":{"@id":"https:\/\/lospoliticosveracruz.com\/?p=180017"},"author":{"name":"Lo viste en Los Pol\u00edticos","@id":"https:\/\/lospoliticosveracruz.com\/#\/schema\/person\/b8702bb0e538456e6efd07080bf2a4a2"},"headline":"EL INFORME: PROPAGANDA VS REALIDAD","datePublished":"2026-09-04T14:11:29+00:00","dateModified":"2026-09-04T14:11:31+00:00","mainEntityOfPage":{"@id":"https:\/\/lospoliticosveracruz.com\/?p=180017"},"wordCount":692,"publisher":{"@id":"https:\/\/lospoliticosveracruz.com\/#organization"},"image":{"@id":"https:\/\/lospoliticosveracruz.com\/?p=180017#primaryimage"},"thumbnailUrl":"https:\/\/lospoliticosveracruz.com\/wp-content\/uploads\/2025\/04\/Felipe-Fernandez-Basilio-e1767959429910.jpg","keywords":["Claudia Sheinbaum","Econom\u00eda","Felipe de Jes\u00fas Fern\u00e1ndez Basilio","Informe de Gobierno","L\u00f3pez Obrador","propaganda","Seguridad"],"articleSection":["De Opini\u00f3n"],"inLanguage":"es"},{"@type":"WebPage","@id":"https:\/\/lospoliticosveracruz.com\/?p=180017","url":"https:\/\/lospoliticosveracruz.com\/?p=180017","name":"EL INFORME: PROPAGANDA VS REALIDAD - Los pol\u00edticos Veracruz","isPartOf":{"@id":"https:\/\/lospoliticosveracruz.com\/#website"},"primaryImageOfPage":{"@id":"https:\/\/lospoliticosveracruz.com\/?p=180017#primaryimage"},"image":{"@id":"https:\/\/lospoliticosveracruz.com\/?p=180017#primaryimage"},"thumbnailUrl":"https:\/\/lospoliticosveracruz.com\/wp-content\/uploads\/2025\/04\/Felipe-Fernandez-Basilio-e1767959429910.jpg","datePublished":"2026-09-04T14:11:29+00:00","dateModified":"2026-09-04T14:11:31+00:00","breadcrumb":{"@id":"https:\/\/lospoliticosveracruz.com\/?p=180017#breadcrumb"},"inLanguage":"es","potentialAction":[{"@type":"ReadAction","target":["https:\/\/lospoliticosveracruz.com\/?p=180017"]}]},{"@type":"ImageObject","inLanguage":"es","@id":"https:\/\/lospoliticosveracruz.com\/?p=180017#primaryimage","url":"https:\/\/lospoliticosveracruz.com\/wp-content\/uploads\/2025\/04\/Felipe-Fernandez-Basilio-e1767959429910.jpg","contentUrl":"https:\/\/lospoliticosveracruz.com\/wp-content\/uploads\/2025\/04\/Felipe-Fernandez-Basilio-e1767959429910.jpg","width":600,"height":320},{"@type":"BreadcrumbList","@id":"https:\/\/lospoliticosveracruz.com\/?p=180017#breadcrumb","itemListElement":[{"@type":"ListItem","position":1,"name":"Portada","item":"https:\/\/lospoliticosveracruz.com\/"},{"@type":"ListItem","position":2,"name":"EL INFORME: PROPAGANDA VS REALIDAD"}]},{"@type":"WebSite","@id":"https:\/\/lospoliticosveracruz.com\/#website","url":"https:\/\/lospoliticosveracruz.com\/","name":"Los pol\u00edticos Veracruz","description":"","publisher":{"@id":"https:\/\/lospoliticosveracruz.com\/#organization"},"potentialAction":[{"@type":"SearchAction","target":{"@type":"EntryPoint","urlTemplate":"https:\/\/lospoliticosveracruz.com\/?s={search_term_string}"},"query-input":{"@type":"PropertyValueSpecification","valueRequired":true,"valueName":"search_term_string"}}],"inLanguage":"es"},{"@type":"Organization","@id":"https:\/\/lospoliticosveracruz.com\/#organization","name":"Los pol\u00edticos Veracruz","url":"https:\/\/lospoliticosveracruz.com\/","logo":{"@type":"ImageObject","inLanguage":"es","@id":"https:\/\/lospoliticosveracruz.com\/#\/schema\/logo\/image\/","url":"https:\/\/lospoliticosveracruz.com\/wp-content\/uploads\/2025\/12\/Logo-Nuevo-LOS-POLITICOS-1.jpg","contentUrl":"https:\/\/lospoliticosveracruz.com\/wp-content\/uploads\/2025\/12\/Logo-Nuevo-LOS-POLITICOS-1.jpg","width":260,"height":70,"caption":"Los pol\u00edticos Veracruz"},"image":{"@id":"https:\/\/lospoliticosveracruz.com\/#\/schema\/logo\/image\/"},"sameAs":["https:\/\/www.facebook.com\/people\/Notimemes-de-los-Polticos\/61565672886568\/","https:\/\/x.com\/LosPoliticosVer"]},{"@type":"Person","@id":"https:\/\/lospoliticosveracruz.com\/#\/schema\/person\/b8702bb0e538456e6efd07080bf2a4a2","name":"Lo viste en Los Pol\u00edticos","image":{"@type":"ImageObject","inLanguage":"es","@id":"https:\/\/secure.gravatar.com\/avatar\/3a8de04a2656d44082be478bd6c086daa447c4651605818287b9532d3d0bd435?s=96&d=mm&r=g","url":"https:\/\/secure.gravatar.com\/avatar\/3a8de04a2656d44082be478bd6c086daa447c4651605818287b9532d3d0bd435?s=96&d=mm&r=g","contentUrl":"https:\/\/secure.gravatar.com\/avatar\/3a8de04a2656d44082be478bd6c086daa447c4651605818287b9532d3d0bd435?s=96&d=mm&r=g","caption":"Lo viste en Los Pol\u00edticos"},"url":"https:\/\/lospoliticosveracruz.com\/?author=2"}]}},"_links":{"self":[{"href":"https:\/\/lospoliticosveracruz.com\/index.php?rest_route=\/wp\/v2\/posts\/180017","targetHints":{"allow":["GET"]}}],"collection":[{"href":"https:\/\/lospoliticosveracruz.com\/index.php?rest_route=\/wp\/v2\/posts"}],"about":[{"href":"https:\/\/lospoliticosveracruz.com\/index.php?rest_route=\/wp\/v2\/types\/post"}],"author":[{"embeddable":true,"href":"https:\/\/lospoliticosveracruz.com\/index.php?rest_route=\/wp\/v2\/users\/2"}],"replies":[{"embeddable":true,"href":"https:\/\/lospoliticosveracruz.com\/index.php?rest_route=%2Fwp%2Fv2%2Fcomments&post=180017"}],"version-history":[{"count":1,"href":"https:\/\/lospoliticosveracruz.com\/index.php?rest_route=\/wp\/v2\/posts\/180017\/revisions"}],"predecessor-version":[{"id":180018,"href":"https:\/\/lospoliticosveracruz.com\/index.php?rest_route=\/wp\/v2\/posts\/180017\/revisions\/180018"}],"wp:featuredmedia":[{"embeddable":true,"href":"https:\/\/lospoliticosveracruz.com\/index.php?rest_route=\/wp\/v2\/media\/141384"}],"wp:attachment":[{"href":"https:\/\/lospoliticosveracruz.com\/index.php?rest_route=%2Fwp%2Fv2%2Fmedia&parent=180017"}],"wp:term":[{"taxonomy":"category","embeddable":true,"href":"https:\/\/lospoliticosveracruz.com\/index.php?rest_route=%2Fwp%2Fv2%2Fcategories&post=180017"},{"taxonomy":"post_tag","embeddable":true,"href":"https:\/\/lospoliticosveracruz.com\/index.php?rest_route=%2Fwp%2Fv2%2Ftags&post=180017"}],"curies":[{"name":"wp","href":"https:\/\/api.w.org\/{rel}","templated":true}]}}