{"id":180019,"date":"2026-09-04T08:14:00","date_gmt":"2026-09-04T14:14:00","guid":{"rendered":"https:\/\/lospoliticosveracruz.com\/?p=180019"},"modified":"2026-09-04T08:14:02","modified_gmt":"2026-09-04T14:14:02","slug":"las-prisas-el-peor-enemigo-de-tu-bolsillo","status":"publish","type":"post","link":"https:\/\/lospoliticosveracruz.com\/?p=180019","title":{"rendered":"LAS PRISAS, EL PEOR ENEMIGO DE TU BOLSILLO"},"content":{"rendered":"<div class=\"wp-block-image\">\n<figure class=\"alignleft size-large is-resized\"><a href=\"https:\/\/lospoliticosveracruz.com\/wp-content\/uploads\/2026\/09\/banners-prevencion-suicidio-500x500-1.png\"><img loading=\"lazy\" decoding=\"async\" width=\"1024\" height=\"1024\" src=\"https:\/\/lospoliticosveracruz.com\/wp-content\/uploads\/2026\/09\/banners-prevencion-suicidio-500x500-1-1024x1024.png\" alt=\"\" class=\"wp-image-179740\" style=\"width:476px;height:auto\" srcset=\"https:\/\/lospoliticosveracruz.com\/wp-content\/uploads\/2026\/09\/banners-prevencion-suicidio-500x500-1-1024x1024.png 1024w, https:\/\/lospoliticosveracruz.com\/wp-content\/uploads\/2026\/09\/banners-prevencion-suicidio-500x500-1-300x300.png 300w, https:\/\/lospoliticosveracruz.com\/wp-content\/uploads\/2026\/09\/banners-prevencion-suicidio-500x500-1-150x150.png 150w, https:\/\/lospoliticosveracruz.com\/wp-content\/uploads\/2026\/09\/banners-prevencion-suicidio-500x500-1-768x768.png 768w, https:\/\/lospoliticosveracruz.com\/wp-content\/uploads\/2026\/09\/banners-prevencion-suicidio-500x500-1-1536x1536.png 1536w, https:\/\/lospoliticosveracruz.com\/wp-content\/uploads\/2026\/09\/banners-prevencion-suicidio-500x500-1-2048x2048.png 2048w, https:\/\/lospoliticosveracruz.com\/wp-content\/uploads\/2026\/09\/banners-prevencion-suicidio-500x500-1-420x420.png 420w, https:\/\/lospoliticosveracruz.com\/wp-content\/uploads\/2026\/09\/banners-prevencion-suicidio-500x500-1-696x696.png 696w, https:\/\/lospoliticosveracruz.com\/wp-content\/uploads\/2026\/09\/banners-prevencion-suicidio-500x500-1-1068x1068.png 1068w, https:\/\/lospoliticosveracruz.com\/wp-content\/uploads\/2026\/09\/banners-prevencion-suicidio-500x500-1-1920x1920.png 1920w\" sizes=\"auto, (max-width: 1024px) 100vw, 1024px\" \/><\/a><\/figure>\n<\/div>\n\n\n<p><strong>Teresa Carbajal<\/strong><\/p>\n\n\n\n<p><em>Debo, no niego; pago, lo justo<br><\/em><\/p>\n\n\n\n<p>Agustina, nombre usado para proteger su verdadera identidad, es una m\u00e9dica jubilada inquieta, que no para de actualizarse en el ramo de salud.<\/p>\n\n\n\n<p>Sus estudios no se restringen solo a la medicina al\u00f3pata, sino que van hasta la homeopat\u00eda, nutrici\u00f3n, y ahora en cuidados de la columna vertebral; en los \u00faltimos a\u00f1os se ha enfocado en medicina restaurativa, y atenci\u00f3n de adultos mayores.<\/p>\n\n\n\n<p>Es tan activa, que una de las an\u00e9cdotas m\u00e1s bellas de la maternidad (ejercida en doble jornada), me la comparti\u00f3 ella hace muchos a\u00f1os, y la llevo siempre en mis recuerdos; dicha an\u00e9cdota versa sobre c\u00f3mo nos ven los hijos cuando somos madres trabajadoras.<\/p>\n\n\n\n<p>Pues dice que cuando regresaba a su trabajo de una de las jefaturas que tuvo en el -hoy agonizante- seguro social, sent\u00eda mucha pena de dejar a sus dos peque\u00f1os, y as\u00ed conforme los ve\u00eda crecer, a ratos pensaba en la idea de dejar de trabajar para dedicarse a ellos.<\/p>\n\n\n\n<p>Cuando grandes, les pidi\u00f3 disculpas, por haber estado siempre ocupada; pero la m\u00e1s peque\u00f1a, ya siendo una profesionista, respondi\u00f3 a la disculpa, \u201cno Mam\u00e1, siempre estuve orgullosa de ti al verte salir a trabajar para nosotros\u201d.<\/p>\n\n\n\n<p>Con l\u00e1grimas en los ojos, dio Gracias a Dios, de haber tomado la decisi\u00f3n correcta, nunca dejar de trabajar.<\/p>\n\n\n\n<p>Hoy goza de su jubilaci\u00f3n, pero qued\u00f3 con \u201cmucha cuerda\u201d, y desde luego con la energ\u00eda necesaria para desarrollar sus planes, as\u00ed que siempre anda en cursos, y actualizaciones como lo dije de principio.<\/p>\n\n\n\n<p>Pues resulta que Agustina, reci\u00e9n particip\u00f3 en una actualizaci\u00f3n m\u00e9dica cuya ceremonia de clausura, fue prevista por los organizadores para llevarse a cabo en Oaxaca, en donde adem\u00e1s habr\u00e1 un congreso, y dem\u00e1s.<\/p>\n\n\n\n<p>Todos los eventos que rodean el acontecimiento que convoca a m\u00e9dicos de todo el pa\u00eds, tendr\u00edan lugar en un conocido hotel, que brindar\u00eda hospedajes, alimentos y los espacios requeridos, as\u00ed como amenidades y lo que suele hacerse en estos casos.<\/p>\n\n\n\n<p>As\u00ed las cosas, la convocatoria se hizo llegar a la comunidad con la advertencia de apartar sus lugares, espacios, hospedajes o servicios con la debida oportunidad; aunque faltan dos meses para ello.<\/p>\n\n\n\n<p>La idea era asegurarse el lugar, y gozar de atractivos descuentos. Y bueno, siempre que nos dicen \u201cdescuento\u201d la mente comienza a trabajar a tambor batiente, para no perderse ese descuento.<\/p>\n\n\n\n<p>Esto fue lo que sucedi\u00f3 a Agustina, quien sinti\u00f3 dinamita en las manos por concretar el tr\u00e1mite; hizo cuentas; consult\u00f3 sus saldos; y se dispuso a hacer el pago.<\/p>\n\n\n\n<p>Medio ley\u00f3 el documento enviado, hasta localizar un n\u00famero de contacto, en este caso fue telef\u00f3nico, que la llev\u00f3 a otro n\u00famero telef\u00f3nico, luego a una p\u00e1gina web y despu\u00e9s a un what\u2019s app\u2026<\/p>\n\n\n\n<p>Enseguida la amable voz del otro lado de la l\u00ednea le indic\u00f3 la cuenta para hacer el pago, la suma, y le meti\u00f3 m\u00e1s prisa a la que de por s\u00ed, ya ten\u00eda, para hacer el dep\u00f3sito.<\/p>\n\n\n\n<p>Dici\u00e9ndole que eran ya los \u00faltimos lugares y que ten\u00eda solo hasta ese d\u00eda para pagar. Asi, Agustina deposit\u00f3 en la primera tienda de conveniencia que se le atraves\u00f3 y enseguida envi\u00f3 el comprobante, luego le dijeron que el pago estaba incompleto y que faltaba dinero.<\/p>\n\n\n\n<p>Anot\u00f3 en una hoja, y crey\u00f3 que por un descuido hab\u00eda tomado mal la nota del monto a depositar, entonces corri\u00f3 a otra tienda de conveniencia e hizo el pago del remanente.<\/p>\n\n\n\n<p>Volvi\u00f3 a enviar el comprobante por what\u2019s app, para su mala suerte le respondieron que el dinero estaba correcto, pero que lo hab\u00eda hecho a una cuenta equivocada y que \u2018ten\u00edan que rescatar el dinero de ah\u00ed\u2019, para devolv\u00e9rselo, pero ahora le proporcionaron otra cuenta para hacer el dep\u00f3sito correcto.<\/p>\n\n\n\n<p>Ya para ese entonces molesta, cuestion\u00f3 que el error no hab\u00eda sido suyo, con la misma amabilidad de inicio, le ofrecieron una disculpa, y le dijeron que le recuperar\u00edan su dinero, incluso le mandaron una hoja membretada de la Sectur, (Secretaria de Turismo) y del hotel en donde le reconoc\u00edan el error y se compromet\u00edan a devolver el dinero, a cambio de cuatro mil pesos m\u00e1s.<\/p>\n\n\n\n<p>En total 25 mil pesos por todo, pero llegada la fecha para recibir la devoluci\u00f3n del dinero, fue bloqueada del what\u2019s app, y dejaron de contestarle en la l\u00ednea telef\u00f3nica de \u201catenci\u00f3n al cliente y aclaraciones\u201d.<\/p>\n\n\n\n<p>El final de la historia, es que cuando se quej\u00f3 con los organizadores de los errores, y mal servicio del hotel, result\u00f3 que el hotel jam\u00e1s recibi\u00f3 pago alguna de Agustina, y tampoco ten\u00eda registrada reservaci\u00f3n a su nombre.<\/p>\n\n\n\n<p>Fue entonces que se dio cuenta que cay\u00f3 en una \u201cp\u00e1gina falsa\u201d del hotel, y que fue v\u00edctima de estafadores, \u00a1y todo por no darse el tiempo de anotar, analizar y dar seguimiento a su tr\u00e1mite!<\/p>\n\n\n\n<p>Dobl\u00f3 el papel en el que hab\u00eda anotado todo y guard\u00f3 sus comprobantes de pago, y dijo: \u201cca\u00ed, ni modo ca\u00ed\u201d.<\/p>\n\n\n\n<p>Horas despu\u00e9s se enter\u00f3 de que no fue la \u00fanica en haber sido v\u00edctima, pero si la primera en denunciar la estafa a los organizadores, quienes ya toman cartas en el asunto.<\/p>\n\n\n\n<p>Que el mal rato que pasa Agustina, no te pase a t\u00ed. Date el tiempo para verificar tus datos, sobre todo cuando se trata de dinero o dep\u00f3sitos, o pide ayuda en caso de cualquier duda por m\u00ednima que sea.<\/p>\n\n\n\n<p>\u00danase ya, a la Jornada Estatal para la Defensa del Patrimonio Familiar 2281148502 visite www.elbarzonrc.org Contacte elbarzonrc@yahoo.com.mx, O s\u00edgame en @terecarbajal<\/p>\n","protected":false},"excerpt":{"rendered":"<p>Teresa Carbajal Debo, no niego; pago, lo justo Agustina, nombre usado para proteger su verdadera identidad, es una m\u00e9dica jubilada inquieta, que no para de actualizarse en el ramo de salud. Sus estudios no se restringen solo a la medicina al\u00f3pata, sino que van hasta la homeopat\u00eda, nutrici\u00f3n, y ahora en cuidados de la columna [&hellip;]<\/p>\n","protected":false},"author":2,"featured_media":141431,"comment_status":"closed","ping_status":"closed","sticky":false,"template":"","format":"standard","meta":{"tdm_status":"","tdm_grid_status":"","footnotes":""},"categories":[70],"tags":[984,26119,2178,71029,20318,45019,15570],"class_list":{"0":"post-180019","1":"post","2":"type-post","3":"status-publish","4":"format-standard","5":"has-post-thumbnail","7":"category-de-opinion","8":"tag-depositos","9":"tag-estafas","10":"tag-fraude","11":"tag-pagina-falsa","12":"tag-patrimonio-familiar","13":"tag-seguridad-financiera","14":"tag-teresa-carbajal"},"yoast_head":"<!-- This site is optimized with the Yoast SEO plugin v28.1 - https:\/\/yoast.com\/product\/yoast-seo-wordpress\/ -->\n<title>LAS PRISAS, EL PEOR ENEMIGO DE TU BOLSILLO - Los pol\u00edticos Veracruz<\/title>\n<meta name=\"robots\" content=\"index, follow, max-snippet:-1, max-image-preview:large, max-video-preview:-1\" \/>\n<link rel=\"canonical\" href=\"https:\/\/lospoliticosveracruz.com\/?p=180019\" \/>\n<meta property=\"og:locale\" content=\"es_ES\" \/>\n<meta property=\"og:type\" content=\"article\" \/>\n<meta property=\"og:title\" content=\"LAS PRISAS, EL PEOR ENEMIGO DE TU BOLSILLO - Los pol\u00edticos Veracruz\" \/>\n<meta property=\"og:description\" content=\"Teresa Carbajal Debo, no niego; pago, lo justo Agustina, nombre usado para proteger su verdadera identidad, es una m\u00e9dica jubilada inquieta, que no para de actualizarse en el ramo de salud. Sus estudios no se restringen solo a la medicina al\u00f3pata, sino que van hasta la homeopat\u00eda, nutrici\u00f3n, y ahora en cuidados de la columna [&hellip;]\" \/>\n<meta property=\"og:url\" content=\"https:\/\/lospoliticosveracruz.com\/?p=180019\" \/>\n<meta property=\"og:site_name\" content=\"Los pol\u00edticos Veracruz\" \/>\n<meta property=\"article:publisher\" content=\"https:\/\/www.facebook.com\/people\/Notimemes-de-los-Polticos\/61565672886568\/\" \/>\n<meta property=\"article:published_time\" content=\"2026-09-04T14:14:00+00:00\" \/>\n<meta property=\"article:modified_time\" content=\"2026-09-04T14:14:02+00:00\" \/>\n<meta property=\"og:image\" content=\"https:\/\/lospoliticosveracruz.com\/wp-content\/uploads\/2025\/04\/Teresa-Carbajal.jpg\" \/>\n\t<meta property=\"og:image:width\" content=\"1250\" \/>\n\t<meta property=\"og:image:height\" content=\"667\" \/>\n\t<meta property=\"og:image:type\" content=\"image\/jpeg\" \/>\n<meta name=\"author\" content=\"Lo viste en Los Pol\u00edticos\" \/>\n<meta name=\"twitter:card\" content=\"summary_large_image\" \/>\n<meta name=\"twitter:creator\" content=\"@LosPoliticosVer\" \/>\n<meta name=\"twitter:site\" content=\"@LosPoliticosVer\" \/>\n<meta name=\"twitter:label1\" content=\"Escrito por\" \/>\n\t<meta name=\"twitter:data1\" content=\"Lo viste en Los Pol\u00edticos\" \/>\n\t<meta name=\"twitter:label2\" content=\"Tiempo de lectura\" \/>\n\t<meta name=\"twitter:data2\" content=\"5 minutos\" \/>\n<script type=\"application\/ld+json\" class=\"yoast-schema-graph\">{\"@context\":\"https:\\\/\\\/schema.org\",\"@graph\":[{\"@type\":\"Article\",\"@id\":\"https:\\\/\\\/lospoliticosveracruz.com\\\/?p=180019#article\",\"isPartOf\":{\"@id\":\"https:\\\/\\\/lospoliticosveracruz.com\\\/?p=180019\"},\"author\":{\"name\":\"Lo viste en Los Pol\u00edticos\",\"@id\":\"https:\\\/\\\/lospoliticosveracruz.com\\\/#\\\/schema\\\/person\\\/b8702bb0e538456e6efd07080bf2a4a2\"},\"headline\":\"LAS PRISAS, EL PEOR ENEMIGO DE TU BOLSILLO\",\"datePublished\":\"2026-09-04T14:14:00+00:00\",\"dateModified\":\"2026-09-04T14:14:02+00:00\",\"mainEntityOfPage\":{\"@id\":\"https:\\\/\\\/lospoliticosveracruz.com\\\/?p=180019\"},\"wordCount\":992,\"publisher\":{\"@id\":\"https:\\\/\\\/lospoliticosveracruz.com\\\/#organization\"},\"image\":{\"@id\":\"https:\\\/\\\/lospoliticosveracruz.com\\\/?p=180019#primaryimage\"},\"thumbnailUrl\":\"https:\\\/\\\/lospoliticosveracruz.com\\\/wp-content\\\/uploads\\\/2025\\\/04\\\/Teresa-Carbajal.jpg\",\"keywords\":[\"dep\u00f3sitos\",\"Estafas\",\"Fraude\",\"p\u00e1gina falsa\",\"Patrimonio familiar\",\"seguridad financiera\",\"Teresa Carbajal\"],\"articleSection\":[\"De Opini\u00f3n\"],\"inLanguage\":\"es\"},{\"@type\":\"WebPage\",\"@id\":\"https:\\\/\\\/lospoliticosveracruz.com\\\/?p=180019\",\"url\":\"https:\\\/\\\/lospoliticosveracruz.com\\\/?p=180019\",\"name\":\"LAS PRISAS, EL PEOR ENEMIGO DE TU BOLSILLO - Los pol\u00edticos Veracruz\",\"isPartOf\":{\"@id\":\"https:\\\/\\\/lospoliticosveracruz.com\\\/#website\"},\"primaryImageOfPage\":{\"@id\":\"https:\\\/\\\/lospoliticosveracruz.com\\\/?p=180019#primaryimage\"},\"image\":{\"@id\":\"https:\\\/\\\/lospoliticosveracruz.com\\\/?p=180019#primaryimage\"},\"thumbnailUrl\":\"https:\\\/\\\/lospoliticosveracruz.com\\\/wp-content\\\/uploads\\\/2025\\\/04\\\/Teresa-Carbajal.jpg\",\"datePublished\":\"2026-09-04T14:14:00+00:00\",\"dateModified\":\"2026-09-04T14:14:02+00:00\",\"breadcrumb\":{\"@id\":\"https:\\\/\\\/lospoliticosveracruz.com\\\/?p=180019#breadcrumb\"},\"inLanguage\":\"es\",\"potentialAction\":[{\"@type\":\"ReadAction\",\"target\":[\"https:\\\/\\\/lospoliticosveracruz.com\\\/?p=180019\"]}]},{\"@type\":\"ImageObject\",\"inLanguage\":\"es\",\"@id\":\"https:\\\/\\\/lospoliticosveracruz.com\\\/?p=180019#primaryimage\",\"url\":\"https:\\\/\\\/lospoliticosveracruz.com\\\/wp-content\\\/uploads\\\/2025\\\/04\\\/Teresa-Carbajal.jpg\",\"contentUrl\":\"https:\\\/\\\/lospoliticosveracruz.com\\\/wp-content\\\/uploads\\\/2025\\\/04\\\/Teresa-Carbajal.jpg\",\"width\":1250,\"height\":667},{\"@type\":\"BreadcrumbList\",\"@id\":\"https:\\\/\\\/lospoliticosveracruz.com\\\/?p=180019#breadcrumb\",\"itemListElement\":[{\"@type\":\"ListItem\",\"position\":1,\"name\":\"Portada\",\"item\":\"https:\\\/\\\/lospoliticosveracruz.com\\\/\"},{\"@type\":\"ListItem\",\"position\":2,\"name\":\"LAS PRISAS, EL PEOR ENEMIGO DE TU BOLSILLO\"}]},{\"@type\":\"WebSite\",\"@id\":\"https:\\\/\\\/lospoliticosveracruz.com\\\/#website\",\"url\":\"https:\\\/\\\/lospoliticosveracruz.com\\\/\",\"name\":\"Los pol\u00edticos Veracruz\",\"description\":\"\",\"publisher\":{\"@id\":\"https:\\\/\\\/lospoliticosveracruz.com\\\/#organization\"},\"potentialAction\":[{\"@type\":\"SearchAction\",\"target\":{\"@type\":\"EntryPoint\",\"urlTemplate\":\"https:\\\/\\\/lospoliticosveracruz.com\\\/?s={search_term_string}\"},\"query-input\":{\"@type\":\"PropertyValueSpecification\",\"valueRequired\":true,\"valueName\":\"search_term_string\"}}],\"inLanguage\":\"es\"},{\"@type\":\"Organization\",\"@id\":\"https:\\\/\\\/lospoliticosveracruz.com\\\/#organization\",\"name\":\"Los pol\u00edticos Veracruz\",\"url\":\"https:\\\/\\\/lospoliticosveracruz.com\\\/\",\"logo\":{\"@type\":\"ImageObject\",\"inLanguage\":\"es\",\"@id\":\"https:\\\/\\\/lospoliticosveracruz.com\\\/#\\\/schema\\\/logo\\\/image\\\/\",\"url\":\"https:\\\/\\\/lospoliticosveracruz.com\\\/wp-content\\\/uploads\\\/2025\\\/12\\\/Logo-Nuevo-LOS-POLITICOS-1.jpg\",\"contentUrl\":\"https:\\\/\\\/lospoliticosveracruz.com\\\/wp-content\\\/uploads\\\/2025\\\/12\\\/Logo-Nuevo-LOS-POLITICOS-1.jpg\",\"width\":260,\"height\":70,\"caption\":\"Los pol\u00edticos Veracruz\"},\"image\":{\"@id\":\"https:\\\/\\\/lospoliticosveracruz.com\\\/#\\\/schema\\\/logo\\\/image\\\/\"},\"sameAs\":[\"https:\\\/\\\/www.facebook.com\\\/people\\\/Notimemes-de-los-Polticos\\\/61565672886568\\\/\",\"https:\\\/\\\/x.com\\\/LosPoliticosVer\"]},{\"@type\":\"Person\",\"@id\":\"https:\\\/\\\/lospoliticosveracruz.com\\\/#\\\/schema\\\/person\\\/b8702bb0e538456e6efd07080bf2a4a2\",\"name\":\"Lo viste en Los Pol\u00edticos\",\"image\":{\"@type\":\"ImageObject\",\"inLanguage\":\"es\",\"@id\":\"https:\\\/\\\/secure.gravatar.com\\\/avatar\\\/3a8de04a2656d44082be478bd6c086daa447c4651605818287b9532d3d0bd435?s=96&d=mm&r=g\",\"url\":\"https:\\\/\\\/secure.gravatar.com\\\/avatar\\\/3a8de04a2656d44082be478bd6c086daa447c4651605818287b9532d3d0bd435?s=96&d=mm&r=g\",\"contentUrl\":\"https:\\\/\\\/secure.gravatar.com\\\/avatar\\\/3a8de04a2656d44082be478bd6c086daa447c4651605818287b9532d3d0bd435?s=96&d=mm&r=g\",\"caption\":\"Lo viste en Los Pol\u00edticos\"},\"url\":\"https:\\\/\\\/lospoliticosveracruz.com\\\/?author=2\"}]}<\/script>\n<!-- \/ Yoast SEO plugin. -->","yoast_head_json":{"title":"LAS PRISAS, EL PEOR ENEMIGO DE TU BOLSILLO - Los pol\u00edticos Veracruz","robots":{"index":"index","follow":"follow","max-snippet":"max-snippet:-1","max-image-preview":"max-image-preview:large","max-video-preview":"max-video-preview:-1"},"canonical":"https:\/\/lospoliticosveracruz.com\/?p=180019","og_locale":"es_ES","og_type":"article","og_title":"LAS PRISAS, EL PEOR ENEMIGO DE TU BOLSILLO - Los pol\u00edticos Veracruz","og_description":"Teresa Carbajal Debo, no niego; pago, lo justo Agustina, nombre usado para proteger su verdadera identidad, es una m\u00e9dica jubilada inquieta, que no para de actualizarse en el ramo de salud. Sus estudios no se restringen solo a la medicina al\u00f3pata, sino que van hasta la homeopat\u00eda, nutrici\u00f3n, y ahora en cuidados de la columna [&hellip;]","og_url":"https:\/\/lospoliticosveracruz.com\/?p=180019","og_site_name":"Los pol\u00edticos Veracruz","article_publisher":"https:\/\/www.facebook.com\/people\/Notimemes-de-los-Polticos\/61565672886568\/","article_published_time":"2026-09-04T14:14:00+00:00","article_modified_time":"2026-09-04T14:14:02+00:00","og_image":[{"width":1250,"height":667,"url":"https:\/\/lospoliticosveracruz.com\/wp-content\/uploads\/2025\/04\/Teresa-Carbajal.jpg","type":"image\/jpeg"}],"author":"Lo viste en Los Pol\u00edticos","twitter_card":"summary_large_image","twitter_creator":"@LosPoliticosVer","twitter_site":"@LosPoliticosVer","twitter_misc":{"Escrito por":"Lo viste en Los Pol\u00edticos","Tiempo de lectura":"5 minutos"},"schema":{"@context":"https:\/\/schema.org","@graph":[{"@type":"Article","@id":"https:\/\/lospoliticosveracruz.com\/?p=180019#article","isPartOf":{"@id":"https:\/\/lospoliticosveracruz.com\/?p=180019"},"author":{"name":"Lo viste en Los Pol\u00edticos","@id":"https:\/\/lospoliticosveracruz.com\/#\/schema\/person\/b8702bb0e538456e6efd07080bf2a4a2"},"headline":"LAS PRISAS, EL PEOR ENEMIGO DE TU BOLSILLO","datePublished":"2026-09-04T14:14:00+00:00","dateModified":"2026-09-04T14:14:02+00:00","mainEntityOfPage":{"@id":"https:\/\/lospoliticosveracruz.com\/?p=180019"},"wordCount":992,"publisher":{"@id":"https:\/\/lospoliticosveracruz.com\/#organization"},"image":{"@id":"https:\/\/lospoliticosveracruz.com\/?p=180019#primaryimage"},"thumbnailUrl":"https:\/\/lospoliticosveracruz.com\/wp-content\/uploads\/2025\/04\/Teresa-Carbajal.jpg","keywords":["dep\u00f3sitos","Estafas","Fraude","p\u00e1gina falsa","Patrimonio familiar","seguridad financiera","Teresa Carbajal"],"articleSection":["De Opini\u00f3n"],"inLanguage":"es"},{"@type":"WebPage","@id":"https:\/\/lospoliticosveracruz.com\/?p=180019","url":"https:\/\/lospoliticosveracruz.com\/?p=180019","name":"LAS PRISAS, EL PEOR ENEMIGO DE TU BOLSILLO - Los pol\u00edticos Veracruz","isPartOf":{"@id":"https:\/\/lospoliticosveracruz.com\/#website"},"primaryImageOfPage":{"@id":"https:\/\/lospoliticosveracruz.com\/?p=180019#primaryimage"},"image":{"@id":"https:\/\/lospoliticosveracruz.com\/?p=180019#primaryimage"},"thumbnailUrl":"https:\/\/lospoliticosveracruz.com\/wp-content\/uploads\/2025\/04\/Teresa-Carbajal.jpg","datePublished":"2026-09-04T14:14:00+00:00","dateModified":"2026-09-04T14:14:02+00:00","breadcrumb":{"@id":"https:\/\/lospoliticosveracruz.com\/?p=180019#breadcrumb"},"inLanguage":"es","potentialAction":[{"@type":"ReadAction","target":["https:\/\/lospoliticosveracruz.com\/?p=180019"]}]},{"@type":"ImageObject","inLanguage":"es","@id":"https:\/\/lospoliticosveracruz.com\/?p=180019#primaryimage","url":"https:\/\/lospoliticosveracruz.com\/wp-content\/uploads\/2025\/04\/Teresa-Carbajal.jpg","contentUrl":"https:\/\/lospoliticosveracruz.com\/wp-content\/uploads\/2025\/04\/Teresa-Carbajal.jpg","width":1250,"height":667},{"@type":"BreadcrumbList","@id":"https:\/\/lospoliticosveracruz.com\/?p=180019#breadcrumb","itemListElement":[{"@type":"ListItem","position":1,"name":"Portada","item":"https:\/\/lospoliticosveracruz.com\/"},{"@type":"ListItem","position":2,"name":"LAS PRISAS, EL PEOR ENEMIGO DE TU BOLSILLO"}]},{"@type":"WebSite","@id":"https:\/\/lospoliticosveracruz.com\/#website","url":"https:\/\/lospoliticosveracruz.com\/","name":"Los pol\u00edticos Veracruz","description":"","publisher":{"@id":"https:\/\/lospoliticosveracruz.com\/#organization"},"potentialAction":[{"@type":"SearchAction","target":{"@type":"EntryPoint","urlTemplate":"https:\/\/lospoliticosveracruz.com\/?s={search_term_string}"},"query-input":{"@type":"PropertyValueSpecification","valueRequired":true,"valueName":"search_term_string"}}],"inLanguage":"es"},{"@type":"Organization","@id":"https:\/\/lospoliticosveracruz.com\/#organization","name":"Los pol\u00edticos Veracruz","url":"https:\/\/lospoliticosveracruz.com\/","logo":{"@type":"ImageObject","inLanguage":"es","@id":"https:\/\/lospoliticosveracruz.com\/#\/schema\/logo\/image\/","url":"https:\/\/lospoliticosveracruz.com\/wp-content\/uploads\/2025\/12\/Logo-Nuevo-LOS-POLITICOS-1.jpg","contentUrl":"https:\/\/lospoliticosveracruz.com\/wp-content\/uploads\/2025\/12\/Logo-Nuevo-LOS-POLITICOS-1.jpg","width":260,"height":70,"caption":"Los pol\u00edticos Veracruz"},"image":{"@id":"https:\/\/lospoliticosveracruz.com\/#\/schema\/logo\/image\/"},"sameAs":["https:\/\/www.facebook.com\/people\/Notimemes-de-los-Polticos\/61565672886568\/","https:\/\/x.com\/LosPoliticosVer"]},{"@type":"Person","@id":"https:\/\/lospoliticosveracruz.com\/#\/schema\/person\/b8702bb0e538456e6efd07080bf2a4a2","name":"Lo viste en Los Pol\u00edticos","image":{"@type":"ImageObject","inLanguage":"es","@id":"https:\/\/secure.gravatar.com\/avatar\/3a8de04a2656d44082be478bd6c086daa447c4651605818287b9532d3d0bd435?s=96&d=mm&r=g","url":"https:\/\/secure.gravatar.com\/avatar\/3a8de04a2656d44082be478bd6c086daa447c4651605818287b9532d3d0bd435?s=96&d=mm&r=g","contentUrl":"https:\/\/secure.gravatar.com\/avatar\/3a8de04a2656d44082be478bd6c086daa447c4651605818287b9532d3d0bd435?s=96&d=mm&r=g","caption":"Lo viste en Los Pol\u00edticos"},"url":"https:\/\/lospoliticosveracruz.com\/?author=2"}]}},"_links":{"self":[{"href":"https:\/\/lospoliticosveracruz.com\/index.php?rest_route=\/wp\/v2\/posts\/180019","targetHints":{"allow":["GET"]}}],"collection":[{"href":"https:\/\/lospoliticosveracruz.com\/index.php?rest_route=\/wp\/v2\/posts"}],"about":[{"href":"https:\/\/lospoliticosveracruz.com\/index.php?rest_route=\/wp\/v2\/types\/post"}],"author":[{"embeddable":true,"href":"https:\/\/lospoliticosveracruz.com\/index.php?rest_route=\/wp\/v2\/users\/2"}],"replies":[{"embeddable":true,"href":"https:\/\/lospoliticosveracruz.com\/index.php?rest_route=%2Fwp%2Fv2%2Fcomments&post=180019"}],"version-history":[{"count":1,"href":"https:\/\/lospoliticosveracruz.com\/index.php?rest_route=\/wp\/v2\/posts\/180019\/revisions"}],"predecessor-version":[{"id":180020,"href":"https:\/\/lospoliticosveracruz.com\/index.php?rest_route=\/wp\/v2\/posts\/180019\/revisions\/180020"}],"wp:featuredmedia":[{"embeddable":true,"href":"https:\/\/lospoliticosveracruz.com\/index.php?rest_route=\/wp\/v2\/media\/141431"}],"wp:attachment":[{"href":"https:\/\/lospoliticosveracruz.com\/index.php?rest_route=%2Fwp%2Fv2%2Fmedia&parent=180019"}],"wp:term":[{"taxonomy":"category","embeddable":true,"href":"https:\/\/lospoliticosveracruz.com\/index.php?rest_route=%2Fwp%2Fv2%2Fcategories&post=180019"},{"taxonomy":"post_tag","embeddable":true,"href":"https:\/\/lospoliticosveracruz.com\/index.php?rest_route=%2Fwp%2Fv2%2Ftags&post=180019"}],"curies":[{"name":"wp","href":"https:\/\/api.w.org\/{rel}","templated":true}]}}