{"id":180021,"date":"2026-09-04T10:06:47","date_gmt":"2026-09-04T16:06:47","guid":{"rendered":"https:\/\/lospoliticosveracruz.com\/?p=180021"},"modified":"2026-09-04T10:24:03","modified_gmt":"2026-09-04T16:24:03","slug":"coatza-a-la-deriva","status":"publish","type":"post","link":"https:\/\/lospoliticosveracruz.com\/?p=180021","title":{"rendered":"COATZA A LA DERIVA\u2026"},"content":{"rendered":"<div class=\"wp-block-image\">\n<figure class=\"alignleft size-full is-resized\"><a href=\"https:\/\/lospoliticosveracruz.com\/wp-content\/uploads\/2026\/05\/IMG_1092.png\"><img loading=\"lazy\" decoding=\"async\" width=\"640\" height=\"600\" src=\"https:\/\/lospoliticosveracruz.com\/wp-content\/uploads\/2026\/05\/IMG_1092.png\" alt=\"\" class=\"wp-image-172799\" style=\"width:375px;height:auto\" srcset=\"https:\/\/lospoliticosveracruz.com\/wp-content\/uploads\/2026\/05\/IMG_1092.png 640w, https:\/\/lospoliticosveracruz.com\/wp-content\/uploads\/2026\/05\/IMG_1092-300x281.png 300w, https:\/\/lospoliticosveracruz.com\/wp-content\/uploads\/2026\/05\/IMG_1092-448x420.png 448w, https:\/\/lospoliticosveracruz.com\/wp-content\/uploads\/2026\/05\/IMG_1092-150x141.png 150w\" sizes=\"auto, (max-width: 640px) 100vw, 640px\" \/><\/a><\/figure>\n<\/div>\n\n\n<p><strong>Oved Contreras&nbsp;<\/strong><\/p>\n\n\n\n<p><em>Secas Mecas<\/em><\/p>\n\n\n\n<p>LO NIEGA TODO\u2026 Los tundeteclas de la capital le pegaron una corretiza a la rectora de&nbsp;El Colegio de Veracruz&nbsp;(Colver),&nbsp;Erandi Isabel L\u00f3pez Herrer\u00eda, sobrina del expresidente&nbsp;Andr\u00e9s Manuel L\u00f3pez Obrador, ayer que acudi\u00f3 a montar la guardia de honor por el \u201cMes de la Patria\u201d, y neg\u00f3 que perciba un salario superior al de la gobernadora Roc\u00edo Nahle\u2026 que su sueldo corresponde al&nbsp;tabulador estatal.<\/p>\n\n\n\n<p>Cuando vio acercarse a los reporteros que amenazaban con entrevistarla, la funcionaria emprendi\u00f3 la huida hacia su veh\u00edculo para evitar a la prensa pero le cerraron el paso y no le qued\u00f3 de otra que responder apenas un par de preguntas relacionadas con su sueldazo de lujo como rectora del Colegio de Veracruz.<\/p>\n\n\n\n<p>\u201cEs total y absolutamente falso, yo gano de acuerdo al tabulador estatal de sueldos y salarios, de acuerdo a mi nivel como director general, en este caso como rectora del Colegio de Veracruz\u201d, respond\u00eda sin detener el paso, mientras sus guardaespaldas empujaron a una reportera que casi le cay\u00f3 encima.<\/p>\n\n\n\n<p>Sus dichos se contraponen con la informaci\u00f3n reportada en la Plataforma Nacional de Transparencia, donde se consigna que durante el segundo trimestre de 2026, L\u00f3pez Herrer\u00eda registr\u00f3 una percepci\u00f3n mensual de 145 mil 322.51 pesos brutos y 106 mil 433.37 pesos netos. En el tabulador para un director, se detalla que se le paga tambi\u00e9n una prima vacacional de 40 d\u00edas de sueldo tabular, as\u00ed como 60 d\u00edas de gratificaci\u00f3n extraordinaria; se contempla una prestaci\u00f3n equivalente a 12 d\u00edas anuales del sueldo.<\/p>\n\n\n\n<p>Como los reporteros andaban de metichones, los guaruras de la funcionaria empezaron a pegar de codazos y a empujar a las compa\u00f1eras reporteras para que dejaran de preguntar. Erandi Isabel L\u00f3pez insist\u00eda en que su sueldo est\u00e1 sujeto al tabulador estatal y que no gana lo que se difundi\u00f3 recientemente\u2026dijera el cl\u00e1sico: niega todo aunque te cachen.<\/p>\n\n\n\n<p>COATZA A LA DERIVA\u2026De poco ha servido que los oficialistas se acaben las manos aplaudi\u00e9ndole al alcalde morenista de Coatzacoalcos, Pedro Miguel Rosaldo, a quien lo mueven como el favorito de ya saben qui\u00e9n y que es uno de los prospectos para el 2030, pero no dicen si para el \u201cDuport Osti\u00f3n\u201d o para qu\u00e9 otro puesto\u2026pintan a Coatzacoalcos como uno de los municipios con m\u00e1s desarrollo pero la realidad dice otra cosa: no solo rezago en infraestructura urbana sino la inseguridad que a diario padecen los ciudadanos.<\/p>\n\n\n\n<p>No es golpeteo de la derecha como ellos dicen: los datos del Segundo Informe de Gobierno de la Presidenta Claudia Sheinbaum retratan de cuerpo entero el Coatzacoalcos de Pedro Miguel Rosaldo. Los \u201cotros datos\u201d del gobierno federal indican que la percepci\u00f3n de inseguridad en Coatzacoalcos se elev\u00f3 al 77.7 por ciento de la poblaci\u00f3n de ese municipio, lo que quiere decir que hoy la poblaci\u00f3n se siente insegura frente a la delincuencia que se apoder\u00f3 del municipio.<\/p>\n\n\n\n<p>Hace un a\u00f1o, Coatzacoalcos estaba en el lugar 34 de percepci\u00f3n de inseguridad, hoy est\u00e1 en el puesto 15. Hace un a\u00f1o estaba 6.6 puntos por abajo del promedio nacional, hoy se encuentra a 15 puntos manteni\u00e9ndose como la ciudad con mayor sensaci\u00f3n de riesgo en el estado de Veracruz. Y eso que el alcalde Pedro Miguel Rosaldo, y sus aplaudidores dicen que todo es mejor y que van viento en popa.<\/p>\n\n\n\n<p>Y Poza Rica, donde gobierna la morenista Adanely Rodr\u00edguez, la misma que le rob\u00f3 la elecci\u00f3n a Movimiento Ciudadano, no canta mal las rancheras. Aunque la Encuesta Nacional de Seguridad P\u00fablica Urbana (ENSU) del INEGI NO mide a Poza Rica de manera individual, como s\u00ed eval\u00faa a Xalapa, Coatzacoalcos y el Puerto de Veracruz, los delitos de alto impacto golpean en la percepci\u00f3n ciudadana pozarricense sobre la inseguridad.<\/p>\n\n\n\n<p>A nivel estatal, plataformas de monitoreo como el \u00cdndice de Seguridad de Mercado ubican a Poza Rica con una calificaci\u00f3n promedio de 60\/100 (Grado C &#8211; Riesgo Moderado), siendo hist\u00f3ricamente el municipio con mayor volumen de carpetas delictivas en su microregi\u00f3n, por encima de vecinos como Tihuatl\u00e1n.<\/p>\n\n\n\n<p>Diversos estudios urbanos y sociales locales analizan por qu\u00e9 la poblaci\u00f3n de Poza Rica experimenta un debilitamiento en su sensaci\u00f3n de seguridad: La falta de iluminaci\u00f3n adecuada, el abandono de \u00e1reas comunes y el deterioro de la infraestructura urbana incrementan de forma directa la sensaci\u00f3n de vulnerabilidad en los trayectos diarios de los habitantes.<\/p>\n\n\n\n<p>Aunque a nivel estatal Veracruz ha reportado periodos con disminuciones hist\u00f3ricas en este rubro, Poza Rica mantiene una tasa estimada de 9 homicidios por cada 100 mil habitantes. El entorno delictivo se ha visto afectado por disputas territoriales entre c\u00e9lulas locales del crimen organizado.<\/p>\n\n\n\n<p>En cuanto a la desaparici\u00f3n de personas, es uno de los focos rojos m\u00e1s sensibles de la regi\u00f3n. Colectivos de b\u00fasqueda y reportes locales ubican a Poza Rica en el cuarto lugar estatal con mayor n\u00famero de personas desaparecidas, acumulando m\u00e1s de 250 casos vigentes. No todo es culpa de Adanely: recibi\u00f3 de manos del \u201cPulpo\u201d Remes, el alcalde morenista que le antecedi\u00f3, una ciudad en crisis de seguridad y el lugar m\u00e1s peligroso del estado para ejercer el periodismo.<\/p>\n\n\n\n<p>VA LA MILLONIZA\u2026como acto urgente frente a las denuncias sobre falta de insumos en hospitales, el gobierno de Roc\u00edo Nahle invertir\u00e1 mil millones de pesos en compra de insumos y medicinas para hospitales. Lo acaba de anunciar el secretario de Gobierno, Ricardo Ahued. Tiene una semana que en los hospitales el personal m\u00e9dico comenz\u00f3 a pegar hojas para solicitar a pacientes y familiares que compren materiales porque no hay ni curitas.&nbsp;<\/p>\n\n\n\n<p>Claro que lo ten\u00edan que anunciar porque ayer presentaron el programa art\u00edstico para la ceremonia de El Grito, la noche del 15 de septiembre. Entre otros artistas aparece la cantante de \u00f3pera Olivia Gorra y el grupo Ca\u00f1averal. Ecl\u00e9ctico el asunto, dice la periodista Lul\u00fa L\u00f3pez. Suscribimos.<\/p>\n\n\n\n<p><\/p>\n","protected":false},"excerpt":{"rendered":"<p>Oved Contreras&nbsp; Secas Mecas LO NIEGA TODO\u2026 Los tundeteclas de la capital le pegaron una corretiza a la rectora de&nbsp;El Colegio de Veracruz&nbsp;(Colver),&nbsp;Erandi Isabel L\u00f3pez Herrer\u00eda, sobrina del expresidente&nbsp;Andr\u00e9s Manuel L\u00f3pez Obrador, ayer que acudi\u00f3 a montar la guardia de honor por el \u201cMes de la Patria\u201d, y neg\u00f3 que perciba un salario superior al [&hellip;]<\/p>\n","protected":false},"author":2,"featured_media":141426,"comment_status":"closed","ping_status":"closed","sticky":false,"template":"","format":"standard","meta":{"tdm_status":"","tdm_grid_status":"","footnotes":""},"categories":[70],"tags":[371,71030,196,39715,42696,1267,3578],"class_list":{"0":"post-180021","1":"post","2":"type-post","3":"status-publish","4":"format-standard","5":"has-post-thumbnail","7":"category-de-opinion","8":"tag-coatzacoalcos","9":"tag-erandi-lopez-herreria","10":"tag-inseguridad","11":"tag-oved-contreras","12":"tag-pedro-miguel-rosaldo","13":"tag-poza-rica","14":"tag-rocio-nahle"},"yoast_head":"<!-- This site is optimized with the Yoast SEO plugin v28.1 - https:\/\/yoast.com\/product\/yoast-seo-wordpress\/ -->\n<title>COATZA A LA DERIVA\u2026 - Los pol\u00edticos Veracruz<\/title>\n<meta name=\"robots\" content=\"index, follow, max-snippet:-1, max-image-preview:large, max-video-preview:-1\" \/>\n<link rel=\"canonical\" href=\"https:\/\/lospoliticosveracruz.com\/?p=180021\" \/>\n<meta property=\"og:locale\" content=\"es_ES\" \/>\n<meta property=\"og:type\" content=\"article\" \/>\n<meta property=\"og:title\" content=\"COATZA A LA DERIVA\u2026 - Los pol\u00edticos Veracruz\" \/>\n<meta property=\"og:description\" content=\"Oved Contreras&nbsp; Secas Mecas LO NIEGA TODO\u2026 Los tundeteclas de la capital le pegaron una corretiza a la rectora de&nbsp;El Colegio de Veracruz&nbsp;(Colver),&nbsp;Erandi Isabel L\u00f3pez Herrer\u00eda, sobrina del expresidente&nbsp;Andr\u00e9s Manuel L\u00f3pez Obrador, ayer que acudi\u00f3 a montar la guardia de honor por el \u201cMes de la Patria\u201d, y neg\u00f3 que perciba un salario superior al [&hellip;]\" \/>\n<meta property=\"og:url\" content=\"https:\/\/lospoliticosveracruz.com\/?p=180021\" \/>\n<meta property=\"og:site_name\" content=\"Los pol\u00edticos Veracruz\" \/>\n<meta property=\"article:publisher\" content=\"https:\/\/www.facebook.com\/people\/Notimemes-de-los-Polticos\/61565672886568\/\" \/>\n<meta property=\"article:published_time\" content=\"2026-09-04T16:06:47+00:00\" \/>\n<meta property=\"article:modified_time\" content=\"2026-09-04T16:24:03+00:00\" \/>\n<meta property=\"og:image\" content=\"https:\/\/lospoliticosveracruz.com\/wp-content\/uploads\/2025\/04\/Oved-Contreras-e1768066319253.jpg\" \/>\n\t<meta property=\"og:image:width\" content=\"600\" \/>\n\t<meta property=\"og:image:height\" content=\"320\" \/>\n\t<meta property=\"og:image:type\" content=\"image\/jpeg\" \/>\n<meta name=\"author\" content=\"Lo viste en Los Pol\u00edticos\" \/>\n<meta name=\"twitter:card\" content=\"summary_large_image\" \/>\n<meta name=\"twitter:creator\" content=\"@LosPoliticosVer\" \/>\n<meta name=\"twitter:site\" content=\"@LosPoliticosVer\" \/>\n<meta name=\"twitter:label1\" content=\"Escrito por\" \/>\n\t<meta name=\"twitter:data1\" content=\"Lo viste en Los Pol\u00edticos\" \/>\n\t<meta name=\"twitter:label2\" content=\"Tiempo de lectura\" \/>\n\t<meta name=\"twitter:data2\" content=\"10 minutos\" \/>\n<script type=\"application\/ld+json\" class=\"yoast-schema-graph\">{\"@context\":\"https:\\\/\\\/schema.org\",\"@graph\":[{\"@type\":\"Article\",\"@id\":\"https:\\\/\\\/lospoliticosveracruz.com\\\/?p=180021#article\",\"isPartOf\":{\"@id\":\"https:\\\/\\\/lospoliticosveracruz.com\\\/?p=180021\"},\"author\":{\"name\":\"Lo viste en Los Pol\u00edticos\",\"@id\":\"https:\\\/\\\/lospoliticosveracruz.com\\\/#\\\/schema\\\/person\\\/b8702bb0e538456e6efd07080bf2a4a2\"},\"headline\":\"COATZA A LA DERIVA\u2026\",\"datePublished\":\"2026-09-04T16:06:47+00:00\",\"dateModified\":\"2026-09-04T16:24:03+00:00\",\"mainEntityOfPage\":{\"@id\":\"https:\\\/\\\/lospoliticosveracruz.com\\\/?p=180021\"},\"wordCount\":1019,\"publisher\":{\"@id\":\"https:\\\/\\\/lospoliticosveracruz.com\\\/#organization\"},\"image\":{\"@id\":\"https:\\\/\\\/lospoliticosveracruz.com\\\/?p=180021#primaryimage\"},\"thumbnailUrl\":\"https:\\\/\\\/lospoliticosveracruz.com\\\/wp-content\\\/uploads\\\/2025\\\/04\\\/Oved-Contreras-e1768066319253.jpg\",\"keywords\":[\"Coatzacoalcos\",\"Erandi L\u00f3pez Herrer\u00eda\",\"inseguridad\",\"Oved Contreras\",\"Pedro Miguel Rosaldo\",\"Poza Rica\",\"Roc\u00edo Nahle\"],\"articleSection\":[\"De Opini\u00f3n\"],\"inLanguage\":\"es\"},{\"@type\":\"WebPage\",\"@id\":\"https:\\\/\\\/lospoliticosveracruz.com\\\/?p=180021\",\"url\":\"https:\\\/\\\/lospoliticosveracruz.com\\\/?p=180021\",\"name\":\"COATZA A LA DERIVA\u2026 - Los pol\u00edticos Veracruz\",\"isPartOf\":{\"@id\":\"https:\\\/\\\/lospoliticosveracruz.com\\\/#website\"},\"primaryImageOfPage\":{\"@id\":\"https:\\\/\\\/lospoliticosveracruz.com\\\/?p=180021#primaryimage\"},\"image\":{\"@id\":\"https:\\\/\\\/lospoliticosveracruz.com\\\/?p=180021#primaryimage\"},\"thumbnailUrl\":\"https:\\\/\\\/lospoliticosveracruz.com\\\/wp-content\\\/uploads\\\/2025\\\/04\\\/Oved-Contreras-e1768066319253.jpg\",\"datePublished\":\"2026-09-04T16:06:47+00:00\",\"dateModified\":\"2026-09-04T16:24:03+00:00\",\"breadcrumb\":{\"@id\":\"https:\\\/\\\/lospoliticosveracruz.com\\\/?p=180021#breadcrumb\"},\"inLanguage\":\"es\",\"potentialAction\":[{\"@type\":\"ReadAction\",\"target\":[\"https:\\\/\\\/lospoliticosveracruz.com\\\/?p=180021\"]}]},{\"@type\":\"ImageObject\",\"inLanguage\":\"es\",\"@id\":\"https:\\\/\\\/lospoliticosveracruz.com\\\/?p=180021#primaryimage\",\"url\":\"https:\\\/\\\/lospoliticosveracruz.com\\\/wp-content\\\/uploads\\\/2025\\\/04\\\/Oved-Contreras-e1768066319253.jpg\",\"contentUrl\":\"https:\\\/\\\/lospoliticosveracruz.com\\\/wp-content\\\/uploads\\\/2025\\\/04\\\/Oved-Contreras-e1768066319253.jpg\",\"width\":600,\"height\":320},{\"@type\":\"BreadcrumbList\",\"@id\":\"https:\\\/\\\/lospoliticosveracruz.com\\\/?p=180021#breadcrumb\",\"itemListElement\":[{\"@type\":\"ListItem\",\"position\":1,\"name\":\"Portada\",\"item\":\"https:\\\/\\\/lospoliticosveracruz.com\\\/\"},{\"@type\":\"ListItem\",\"position\":2,\"name\":\"COATZA A LA DERIVA\u2026\"}]},{\"@type\":\"WebSite\",\"@id\":\"https:\\\/\\\/lospoliticosveracruz.com\\\/#website\",\"url\":\"https:\\\/\\\/lospoliticosveracruz.com\\\/\",\"name\":\"Los pol\u00edticos Veracruz\",\"description\":\"\",\"publisher\":{\"@id\":\"https:\\\/\\\/lospoliticosveracruz.com\\\/#organization\"},\"potentialAction\":[{\"@type\":\"SearchAction\",\"target\":{\"@type\":\"EntryPoint\",\"urlTemplate\":\"https:\\\/\\\/lospoliticosveracruz.com\\\/?s={search_term_string}\"},\"query-input\":{\"@type\":\"PropertyValueSpecification\",\"valueRequired\":true,\"valueName\":\"search_term_string\"}}],\"inLanguage\":\"es\"},{\"@type\":\"Organization\",\"@id\":\"https:\\\/\\\/lospoliticosveracruz.com\\\/#organization\",\"name\":\"Los pol\u00edticos Veracruz\",\"url\":\"https:\\\/\\\/lospoliticosveracruz.com\\\/\",\"logo\":{\"@type\":\"ImageObject\",\"inLanguage\":\"es\",\"@id\":\"https:\\\/\\\/lospoliticosveracruz.com\\\/#\\\/schema\\\/logo\\\/image\\\/\",\"url\":\"https:\\\/\\\/lospoliticosveracruz.com\\\/wp-content\\\/uploads\\\/2025\\\/12\\\/Logo-Nuevo-LOS-POLITICOS-1.jpg\",\"contentUrl\":\"https:\\\/\\\/lospoliticosveracruz.com\\\/wp-content\\\/uploads\\\/2025\\\/12\\\/Logo-Nuevo-LOS-POLITICOS-1.jpg\",\"width\":260,\"height\":70,\"caption\":\"Los pol\u00edticos Veracruz\"},\"image\":{\"@id\":\"https:\\\/\\\/lospoliticosveracruz.com\\\/#\\\/schema\\\/logo\\\/image\\\/\"},\"sameAs\":[\"https:\\\/\\\/www.facebook.com\\\/people\\\/Notimemes-de-los-Polticos\\\/61565672886568\\\/\",\"https:\\\/\\\/x.com\\\/LosPoliticosVer\"]},{\"@type\":\"Person\",\"@id\":\"https:\\\/\\\/lospoliticosveracruz.com\\\/#\\\/schema\\\/person\\\/b8702bb0e538456e6efd07080bf2a4a2\",\"name\":\"Lo viste en Los Pol\u00edticos\",\"image\":{\"@type\":\"ImageObject\",\"inLanguage\":\"es\",\"@id\":\"https:\\\/\\\/secure.gravatar.com\\\/avatar\\\/3a8de04a2656d44082be478bd6c086daa447c4651605818287b9532d3d0bd435?s=96&d=mm&r=g\",\"url\":\"https:\\\/\\\/secure.gravatar.com\\\/avatar\\\/3a8de04a2656d44082be478bd6c086daa447c4651605818287b9532d3d0bd435?s=96&d=mm&r=g\",\"contentUrl\":\"https:\\\/\\\/secure.gravatar.com\\\/avatar\\\/3a8de04a2656d44082be478bd6c086daa447c4651605818287b9532d3d0bd435?s=96&d=mm&r=g\",\"caption\":\"Lo viste en Los Pol\u00edticos\"},\"url\":\"https:\\\/\\\/lospoliticosveracruz.com\\\/?author=2\"}]}<\/script>\n<!-- \/ Yoast SEO plugin. -->","yoast_head_json":{"title":"COATZA A LA DERIVA\u2026 - Los pol\u00edticos Veracruz","robots":{"index":"index","follow":"follow","max-snippet":"max-snippet:-1","max-image-preview":"max-image-preview:large","max-video-preview":"max-video-preview:-1"},"canonical":"https:\/\/lospoliticosveracruz.com\/?p=180021","og_locale":"es_ES","og_type":"article","og_title":"COATZA A LA DERIVA\u2026 - Los pol\u00edticos Veracruz","og_description":"Oved Contreras&nbsp; Secas Mecas LO NIEGA TODO\u2026 Los tundeteclas de la capital le pegaron una corretiza a la rectora de&nbsp;El Colegio de Veracruz&nbsp;(Colver),&nbsp;Erandi Isabel L\u00f3pez Herrer\u00eda, sobrina del expresidente&nbsp;Andr\u00e9s Manuel L\u00f3pez Obrador, ayer que acudi\u00f3 a montar la guardia de honor por el \u201cMes de la Patria\u201d, y neg\u00f3 que perciba un salario superior al [&hellip;]","og_url":"https:\/\/lospoliticosveracruz.com\/?p=180021","og_site_name":"Los pol\u00edticos Veracruz","article_publisher":"https:\/\/www.facebook.com\/people\/Notimemes-de-los-Polticos\/61565672886568\/","article_published_time":"2026-09-04T16:06:47+00:00","article_modified_time":"2026-09-04T16:24:03+00:00","og_image":[{"width":600,"height":320,"url":"https:\/\/lospoliticosveracruz.com\/wp-content\/uploads\/2025\/04\/Oved-Contreras-e1768066319253.jpg","type":"image\/jpeg"}],"author":"Lo viste en Los Pol\u00edticos","twitter_card":"summary_large_image","twitter_creator":"@LosPoliticosVer","twitter_site":"@LosPoliticosVer","twitter_misc":{"Escrito por":"Lo viste en Los Pol\u00edticos","Tiempo de lectura":"10 minutos"},"schema":{"@context":"https:\/\/schema.org","@graph":[{"@type":"Article","@id":"https:\/\/lospoliticosveracruz.com\/?p=180021#article","isPartOf":{"@id":"https:\/\/lospoliticosveracruz.com\/?p=180021"},"author":{"name":"Lo viste en Los Pol\u00edticos","@id":"https:\/\/lospoliticosveracruz.com\/#\/schema\/person\/b8702bb0e538456e6efd07080bf2a4a2"},"headline":"COATZA A LA DERIVA\u2026","datePublished":"2026-09-04T16:06:47+00:00","dateModified":"2026-09-04T16:24:03+00:00","mainEntityOfPage":{"@id":"https:\/\/lospoliticosveracruz.com\/?p=180021"},"wordCount":1019,"publisher":{"@id":"https:\/\/lospoliticosveracruz.com\/#organization"},"image":{"@id":"https:\/\/lospoliticosveracruz.com\/?p=180021#primaryimage"},"thumbnailUrl":"https:\/\/lospoliticosveracruz.com\/wp-content\/uploads\/2025\/04\/Oved-Contreras-e1768066319253.jpg","keywords":["Coatzacoalcos","Erandi L\u00f3pez Herrer\u00eda","inseguridad","Oved Contreras","Pedro Miguel Rosaldo","Poza Rica","Roc\u00edo Nahle"],"articleSection":["De Opini\u00f3n"],"inLanguage":"es"},{"@type":"WebPage","@id":"https:\/\/lospoliticosveracruz.com\/?p=180021","url":"https:\/\/lospoliticosveracruz.com\/?p=180021","name":"COATZA A LA DERIVA\u2026 - Los pol\u00edticos Veracruz","isPartOf":{"@id":"https:\/\/lospoliticosveracruz.com\/#website"},"primaryImageOfPage":{"@id":"https:\/\/lospoliticosveracruz.com\/?p=180021#primaryimage"},"image":{"@id":"https:\/\/lospoliticosveracruz.com\/?p=180021#primaryimage"},"thumbnailUrl":"https:\/\/lospoliticosveracruz.com\/wp-content\/uploads\/2025\/04\/Oved-Contreras-e1768066319253.jpg","datePublished":"2026-09-04T16:06:47+00:00","dateModified":"2026-09-04T16:24:03+00:00","breadcrumb":{"@id":"https:\/\/lospoliticosveracruz.com\/?p=180021#breadcrumb"},"inLanguage":"es","potentialAction":[{"@type":"ReadAction","target":["https:\/\/lospoliticosveracruz.com\/?p=180021"]}]},{"@type":"ImageObject","inLanguage":"es","@id":"https:\/\/lospoliticosveracruz.com\/?p=180021#primaryimage","url":"https:\/\/lospoliticosveracruz.com\/wp-content\/uploads\/2025\/04\/Oved-Contreras-e1768066319253.jpg","contentUrl":"https:\/\/lospoliticosveracruz.com\/wp-content\/uploads\/2025\/04\/Oved-Contreras-e1768066319253.jpg","width":600,"height":320},{"@type":"BreadcrumbList","@id":"https:\/\/lospoliticosveracruz.com\/?p=180021#breadcrumb","itemListElement":[{"@type":"ListItem","position":1,"name":"Portada","item":"https:\/\/lospoliticosveracruz.com\/"},{"@type":"ListItem","position":2,"name":"COATZA A LA DERIVA\u2026"}]},{"@type":"WebSite","@id":"https:\/\/lospoliticosveracruz.com\/#website","url":"https:\/\/lospoliticosveracruz.com\/","name":"Los pol\u00edticos Veracruz","description":"","publisher":{"@id":"https:\/\/lospoliticosveracruz.com\/#organization"},"potentialAction":[{"@type":"SearchAction","target":{"@type":"EntryPoint","urlTemplate":"https:\/\/lospoliticosveracruz.com\/?s={search_term_string}"},"query-input":{"@type":"PropertyValueSpecification","valueRequired":true,"valueName":"search_term_string"}}],"inLanguage":"es"},{"@type":"Organization","@id":"https:\/\/lospoliticosveracruz.com\/#organization","name":"Los pol\u00edticos Veracruz","url":"https:\/\/lospoliticosveracruz.com\/","logo":{"@type":"ImageObject","inLanguage":"es","@id":"https:\/\/lospoliticosveracruz.com\/#\/schema\/logo\/image\/","url":"https:\/\/lospoliticosveracruz.com\/wp-content\/uploads\/2025\/12\/Logo-Nuevo-LOS-POLITICOS-1.jpg","contentUrl":"https:\/\/lospoliticosveracruz.com\/wp-content\/uploads\/2025\/12\/Logo-Nuevo-LOS-POLITICOS-1.jpg","width":260,"height":70,"caption":"Los pol\u00edticos Veracruz"},"image":{"@id":"https:\/\/lospoliticosveracruz.com\/#\/schema\/logo\/image\/"},"sameAs":["https:\/\/www.facebook.com\/people\/Notimemes-de-los-Polticos\/61565672886568\/","https:\/\/x.com\/LosPoliticosVer"]},{"@type":"Person","@id":"https:\/\/lospoliticosveracruz.com\/#\/schema\/person\/b8702bb0e538456e6efd07080bf2a4a2","name":"Lo viste en Los Pol\u00edticos","image":{"@type":"ImageObject","inLanguage":"es","@id":"https:\/\/secure.gravatar.com\/avatar\/3a8de04a2656d44082be478bd6c086daa447c4651605818287b9532d3d0bd435?s=96&d=mm&r=g","url":"https:\/\/secure.gravatar.com\/avatar\/3a8de04a2656d44082be478bd6c086daa447c4651605818287b9532d3d0bd435?s=96&d=mm&r=g","contentUrl":"https:\/\/secure.gravatar.com\/avatar\/3a8de04a2656d44082be478bd6c086daa447c4651605818287b9532d3d0bd435?s=96&d=mm&r=g","caption":"Lo viste en Los Pol\u00edticos"},"url":"https:\/\/lospoliticosveracruz.com\/?author=2"}]}},"_links":{"self":[{"href":"https:\/\/lospoliticosveracruz.com\/index.php?rest_route=\/wp\/v2\/posts\/180021","targetHints":{"allow":["GET"]}}],"collection":[{"href":"https:\/\/lospoliticosveracruz.com\/index.php?rest_route=\/wp\/v2\/posts"}],"about":[{"href":"https:\/\/lospoliticosveracruz.com\/index.php?rest_route=\/wp\/v2\/types\/post"}],"author":[{"embeddable":true,"href":"https:\/\/lospoliticosveracruz.com\/index.php?rest_route=\/wp\/v2\/users\/2"}],"replies":[{"embeddable":true,"href":"https:\/\/lospoliticosveracruz.com\/index.php?rest_route=%2Fwp%2Fv2%2Fcomments&post=180021"}],"version-history":[{"count":1,"href":"https:\/\/lospoliticosveracruz.com\/index.php?rest_route=\/wp\/v2\/posts\/180021\/revisions"}],"predecessor-version":[{"id":180022,"href":"https:\/\/lospoliticosveracruz.com\/index.php?rest_route=\/wp\/v2\/posts\/180021\/revisions\/180022"}],"wp:featuredmedia":[{"embeddable":true,"href":"https:\/\/lospoliticosveracruz.com\/index.php?rest_route=\/wp\/v2\/media\/141426"}],"wp:attachment":[{"href":"https:\/\/lospoliticosveracruz.com\/index.php?rest_route=%2Fwp%2Fv2%2Fmedia&parent=180021"}],"wp:term":[{"taxonomy":"category","embeddable":true,"href":"https:\/\/lospoliticosveracruz.com\/index.php?rest_route=%2Fwp%2Fv2%2Fcategories&post=180021"},{"taxonomy":"post_tag","embeddable":true,"href":"https:\/\/lospoliticosveracruz.com\/index.php?rest_route=%2Fwp%2Fv2%2Ftags&post=180021"}],"curies":[{"name":"wp","href":"https:\/\/api.w.org\/{rel}","templated":true}]}}