{"id":180023,"date":"2026-09-04T10:09:46","date_gmt":"2026-09-04T16:09:46","guid":{"rendered":"https:\/\/lospoliticosveracruz.com\/?p=180023"},"modified":"2026-09-04T10:22:49","modified_gmt":"2026-09-04T16:22:49","slug":"rosalba-hernandez","status":"publish","type":"post","link":"https:\/\/lospoliticosveracruz.com\/?p=180023","title":{"rendered":"ROSALBA HERN\u00c1NDEZ"},"content":{"rendered":"<div class=\"wp-block-image\">\n<figure class=\"alignleft size-large is-resized\"><a href=\"https:\/\/lospoliticosveracruz.com\/wp-content\/uploads\/2026\/09\/banners-prevencion-suicidio-500x500-1.png\"><img loading=\"lazy\" decoding=\"async\" width=\"1024\" height=\"1024\" src=\"https:\/\/lospoliticosveracruz.com\/wp-content\/uploads\/2026\/09\/banners-prevencion-suicidio-500x500-1-1024x1024.png\" alt=\"\" class=\"wp-image-179740\" style=\"width:476px;height:auto\" srcset=\"https:\/\/lospoliticosveracruz.com\/wp-content\/uploads\/2026\/09\/banners-prevencion-suicidio-500x500-1-1024x1024.png 1024w, https:\/\/lospoliticosveracruz.com\/wp-content\/uploads\/2026\/09\/banners-prevencion-suicidio-500x500-1-300x300.png 300w, https:\/\/lospoliticosveracruz.com\/wp-content\/uploads\/2026\/09\/banners-prevencion-suicidio-500x500-1-150x150.png 150w, https:\/\/lospoliticosveracruz.com\/wp-content\/uploads\/2026\/09\/banners-prevencion-suicidio-500x500-1-768x768.png 768w, https:\/\/lospoliticosveracruz.com\/wp-content\/uploads\/2026\/09\/banners-prevencion-suicidio-500x500-1-1536x1536.png 1536w, https:\/\/lospoliticosveracruz.com\/wp-content\/uploads\/2026\/09\/banners-prevencion-suicidio-500x500-1-2048x2048.png 2048w, https:\/\/lospoliticosveracruz.com\/wp-content\/uploads\/2026\/09\/banners-prevencion-suicidio-500x500-1-420x420.png 420w, https:\/\/lospoliticosveracruz.com\/wp-content\/uploads\/2026\/09\/banners-prevencion-suicidio-500x500-1-696x696.png 696w, https:\/\/lospoliticosveracruz.com\/wp-content\/uploads\/2026\/09\/banners-prevencion-suicidio-500x500-1-1068x1068.png 1068w, https:\/\/lospoliticosveracruz.com\/wp-content\/uploads\/2026\/09\/banners-prevencion-suicidio-500x500-1-1920x1920.png 1920w\" sizes=\"auto, (max-width: 1024px) 100vw, 1024px\" \/><\/a><\/figure>\n<\/div>\n\n\n<p><strong>Miguel Valera<\/strong><\/p>\n\n\n\n<p><em>Contrase\u00f1as<\/em><\/p>\n\n\n\n<p>Ha pasado un a\u00f1o de la configuraci\u00f3n del nuevo Tribunal Superior de Justicia del Estado de Veracruz y para quienes consignamos el devenir de la historia como mirones profesionales, las cosas han ido bien, se ha mantenido una buena relaci\u00f3n al interior de este poder y con la gobernadora Roc\u00edo Nahle Garc\u00eda, en bien de los justiciables veracruzanos.<\/p>\n\n\n\n<p>A pesar de que hace un a\u00f1o se hablaba de grupos de inter\u00e9s al interior del TSJE \u2014lo cual seguramente sigue habiendo\u2014 y se le quer\u00eda etiquetar a la Magistrada Presidenta Rosalba Hern\u00e1ndez Hern\u00e1ndez ligas con personajes pol\u00edticos no afines a la mandataria veracruzana, lo cierto es que este poder, en general, ha dado buenos resultados a los veracruzanos y as\u00ed se dej\u00f3 ver en el informe que present\u00f3 el pasado 31 de agosto.<\/p>\n\n\n\n<p>Presente, en el Auditorio C, del Edificio C, de la Ciudad Judicial de Xalapa, la mandataria veracruzana, Roc\u00edo Nahle Garc\u00eda, escuch\u00f3 con atenci\u00f3n el mensaje de 41 cuartillas de la Magistrada presidenta y luego, en sus redes sociales la felicit\u00f3 por la presentaci\u00f3n de su Primer Informe de Resultados 2025-2026. \u201cMi reconocimiento por el trabajo realizado durante este primer a\u00f1o de gesti\u00f3n en favor de la impartici\u00f3n de justicia en Veracruz. \u00a1Enhorabuena!\u201d, indic\u00f3.<\/p>\n\n\n\n<p>Flanqueada de la a\u00fan presidenta de la Mesa Directiva de la LXVII Legislatura, diputada Naomi Edith G\u00f3mez Santos, la Magistrada Rosalba Hern\u00e1ndez Hern\u00e1ndez destac\u00f3 que \u201cvivimos un momento in\u00e9dito, un anhelo de generaciones que hoy es una realidad: el Tiempo de Mujeres\u201d.<\/p>\n\n\n\n<p>\u201cEn Veracruz, los tres Poderes del Estado tienen rostro, voz y liderazgo femenino, en total sinton\u00eda con la conducci\u00f3n nacional de nuestra primera Presidenta de la Rep\u00fablica mexicana, la Doctora Claudia Sheinbaum Pardo\u201d.<\/p>\n\n\n\n<p>\u201cEste acceso al poder no es una concesi\u00f3n; es el resultado de profundas luchas democr\u00e1ticas y del mandato soberano del pueblo. Por ello, no es coincidencia que este proceso hist\u00f3rico se refleje en el Poder Judicial del Estado de Veracruz, donde hoy, por decisi\u00f3n del voto popular, tres mujeres asumimos la responsabilidad de liderar los Tribunales que lo conforman\u201d.<\/p>\n\n\n\n<p>Y ah\u00ed, con firmeza, de manera enf\u00e1tica, la Magistrada Presidenta destac\u00f3 de manera especial la presencia de la Presidenta del Tribunal de Conciliaci\u00f3n y Arbitraje, Magistrada Luz Mar\u00eda L\u00f3pez Aburto, as\u00ed como de la Presidenta del Tribunal de Disciplina Judicial, Magistrada Paulina Elizabeth Ahumada Santana.<\/p>\n\n\n\n<p>\u201cMagistradas, su presencia, demuestra que los pilares de la justicia laboral, la \u00e9tica y la vigilancia, est\u00e1n en manos capaces y comprometidas con la excelencia y la rendici\u00f3n de cuentas\u201d. A\u00f1adi\u00f3: \u201cbienvenidas Magistradas y Magistrados integrantes del Tribunal de Conciliaci\u00f3n y Arbitraje y del Tribunal de Disciplina Judicial\u201d.<\/p>\n\n\n\n<p>\u201cSaludo tambi\u00e9n la presencia de quienes integran el \u00d3rgano de Administraci\u00f3n, de su presidenta, Maestra Alma Rosa Flores Ceballos\u201d.<\/p>\n\n\n\n<p>A su vez, reconoci\u00f3 que este a\u00f1o ha sido de profundas transformaciones. \u201cExigi\u00f3 una transici\u00f3n ordenada sin detener el servicio diario que la sociedad exige. Ante este reto, logramos una unificaci\u00f3n arm\u00f3nica entre la experiencia del personal en funciones y quienes fuimos electos en las urnas. Reconozco el trabajo responsable, y respetuoso de todas las magistradas y magistrados del Tribunal Superior de Justicia y de su personal\u201d, indic\u00f3.<\/p>\n\n\n\n<p>En un mensaje pol\u00edtico claro \u2014sobre todo a quienes han criticado las diferencias y han planteado escenarios de enfrentamientos internos\u2014 dijo que \u201cel Pleno, es el m\u00e1ximo \u00f3rgano del Poder Judicial. Como su presidenta, tengo claro que dirigirlo no implica uniformar el pensamiento, sino deliberar con respeto. Cada resoluci\u00f3n corresponde a sus integrantes, sustentada en la autonom\u00eda de criterio y la responsabilidad jur\u00eddica. Mi funci\u00f3n es, y seguir\u00e1 siendo, garantizar debates serios, ordenados y \u00fatiles que aporten soluciones y certeza a la justicia en Veracruz\u201d.<\/p>\n\n\n\n<p>Al final de su largo mensaje, la Presidenta del Tribunal Superior de Justicia de Veracruz, Jurista comprometida con la defensa de los derechos humanos, derechos ind\u00edgenas y afro, la igualdad de g\u00e9nero y la justicia social., como se lee en el curriculum colgado en la web de la dependencia, dedic\u00f3 \u201cunas palabras a las personas que hoy nos escuchan y que han tenido que acudir ante una autoridad judicial\u201d.<\/p>\n\n\n\n<p>\u201cSabemos que nadie llega a un tribunal por gusto. Se llega porque existe un conflicto, una p\u00e9rdida, una incertidumbre o un derecho que se considera vulnerado. En esos momentos, el tiempo importa; el trato importa; la informaci\u00f3n importa; y la independencia de quien decide importa. La instituci\u00f3n debe estar a la altura de esa necesidad, aun cuando sus decisiones no siempre coincidan con lo que una de las partes desea\u201d.<\/p>\n\n\n\n<p>Por ello cit\u00f3 a las secretarias y los secretarios, a las defensoras y los defensores, a quienes laboran en oficial\u00edas de partes, archivos, \u00e1reas t\u00e9cnicas, administrativas, de servicios generales y de atenci\u00f3n, \u201cles expreso mi reconocimiento. Este informe no pertenece a una persona. Es resultado del trabajo ustedes, desde cada una de sus responsabilidades, juntas, juntos,&nbsp;&nbsp;sostenemos la misi\u00f3n constitucional de impartir justicia\u201d, indic\u00f3.<\/p>\n\n\n\n<p>\u201cEste ejercicio de rendici\u00f3n de cuentas, se\u00f1ala los avances, pero no ignora los desaf\u00edos de un estado amplio, diverso y con desigualdades persistentes. La carga de trabajo, las distancias y las brechas tecnol\u00f3gicas son retos estructurales, por ello, este acto es tambi\u00e9n una convocatoria a seguir trabajando. Que cada decisi\u00f3n fortalezca el Estado de derecho y que cada resoluci\u00f3n nos recuerde que, en Veracruz, la justicia debe ser siempre independiente, imparcial, accesible y profundamente humana\u201d, concluy\u00f3, antes de agradecer a Fernando, el maestro de ceremonias y a Roberto, el int\u00e9rprete de se\u00f1as.<\/p>\n\n\n\n<p>Su discurso, cargado de mensajes entrel\u00edneas, refleja el compromiso de una mujer del pueblo, de lucha, que viene desde abajo y quien, con dedicaci\u00f3n y esfuerzo se prepar\u00f3 para ejercer este cargo en bien de los justiciables veracruzanos. Tan tan.<\/p>\n\n\n\n<p>@MValeraH<\/p>\n\n\n\n<p><\/p>\n","protected":false},"excerpt":{"rendered":"<p>Miguel Valera Contrase\u00f1as Ha pasado un a\u00f1o de la configuraci\u00f3n del nuevo Tribunal Superior de Justicia del Estado de Veracruz y para quienes consignamos el devenir de la historia como mirones profesionales, las cosas han ido bien, se ha mantenido una buena relaci\u00f3n al interior de este poder y con la gobernadora Roc\u00edo Nahle Garc\u00eda, [&hellip;]<\/p>\n","protected":false},"author":2,"featured_media":141429,"comment_status":"closed","ping_status":"closed","sticky":false,"template":"","format":"standard","meta":{"tdm_status":"","tdm_grid_status":"","footnotes":""},"categories":[70],"tags":[1048,9776,82,3578,44127,6738,195],"class_list":{"0":"post-180023","1":"post","2":"type-post","3":"status-publish","4":"format-standard","5":"has-post-thumbnail","7":"category-de-opinion","8":"tag-justicia","9":"tag-miguel-valera","10":"tag-poder-judicial","11":"tag-rocio-nahle","12":"tag-rosalba-hernandez","13":"tag-tsje","14":"tag-veracruz"},"yoast_head":"<!-- This site is optimized with the Yoast SEO plugin v28.1 - https:\/\/yoast.com\/product\/yoast-seo-wordpress\/ -->\n<title>ROSALBA HERN\u00c1NDEZ - Los pol\u00edticos Veracruz<\/title>\n<meta name=\"robots\" content=\"index, follow, max-snippet:-1, max-image-preview:large, max-video-preview:-1\" \/>\n<link rel=\"canonical\" href=\"https:\/\/lospoliticosveracruz.com\/?p=180023\" \/>\n<meta property=\"og:locale\" content=\"es_ES\" \/>\n<meta property=\"og:type\" content=\"article\" \/>\n<meta property=\"og:title\" content=\"ROSALBA HERN\u00c1NDEZ - Los pol\u00edticos Veracruz\" \/>\n<meta property=\"og:description\" content=\"Miguel Valera Contrase\u00f1as Ha pasado un a\u00f1o de la configuraci\u00f3n del nuevo Tribunal Superior de Justicia del Estado de Veracruz y para quienes consignamos el devenir de la historia como mirones profesionales, las cosas han ido bien, se ha mantenido una buena relaci\u00f3n al interior de este poder y con la gobernadora Roc\u00edo Nahle Garc\u00eda, [&hellip;]\" \/>\n<meta property=\"og:url\" content=\"https:\/\/lospoliticosveracruz.com\/?p=180023\" \/>\n<meta property=\"og:site_name\" content=\"Los pol\u00edticos Veracruz\" \/>\n<meta property=\"article:publisher\" content=\"https:\/\/www.facebook.com\/people\/Notimemes-de-los-Polticos\/61565672886568\/\" \/>\n<meta property=\"article:published_time\" content=\"2026-09-04T16:09:46+00:00\" \/>\n<meta property=\"article:modified_time\" content=\"2026-09-04T16:22:49+00:00\" \/>\n<meta property=\"og:image\" content=\"https:\/\/lospoliticosveracruz.com\/wp-content\/uploads\/2025\/04\/Miguel-Valera-e1785731940684.jpg\" \/>\n\t<meta property=\"og:image:width\" content=\"600\" \/>\n\t<meta property=\"og:image:height\" content=\"320\" \/>\n\t<meta property=\"og:image:type\" content=\"image\/jpeg\" \/>\n<meta name=\"author\" content=\"Lo viste en Los Pol\u00edticos\" \/>\n<meta name=\"twitter:card\" content=\"summary_large_image\" \/>\n<meta name=\"twitter:creator\" content=\"@LosPoliticosVer\" \/>\n<meta name=\"twitter:site\" content=\"@LosPoliticosVer\" \/>\n<meta name=\"twitter:label1\" content=\"Escrito por\" \/>\n\t<meta name=\"twitter:data1\" content=\"Lo viste en Los Pol\u00edticos\" \/>\n\t<meta name=\"twitter:label2\" content=\"Tiempo de lectura\" \/>\n\t<meta name=\"twitter:data2\" content=\"9 minutos\" \/>\n<script type=\"application\/ld+json\" class=\"yoast-schema-graph\">{\"@context\":\"https:\\\/\\\/schema.org\",\"@graph\":[{\"@type\":\"Article\",\"@id\":\"https:\\\/\\\/lospoliticosveracruz.com\\\/?p=180023#article\",\"isPartOf\":{\"@id\":\"https:\\\/\\\/lospoliticosveracruz.com\\\/?p=180023\"},\"author\":{\"name\":\"Lo viste en Los Pol\u00edticos\",\"@id\":\"https:\\\/\\\/lospoliticosveracruz.com\\\/#\\\/schema\\\/person\\\/b8702bb0e538456e6efd07080bf2a4a2\"},\"headline\":\"ROSALBA HERN\u00c1NDEZ\",\"datePublished\":\"2026-09-04T16:09:46+00:00\",\"dateModified\":\"2026-09-04T16:22:49+00:00\",\"mainEntityOfPage\":{\"@id\":\"https:\\\/\\\/lospoliticosveracruz.com\\\/?p=180023\"},\"wordCount\":1017,\"publisher\":{\"@id\":\"https:\\\/\\\/lospoliticosveracruz.com\\\/#organization\"},\"image\":{\"@id\":\"https:\\\/\\\/lospoliticosveracruz.com\\\/?p=180023#primaryimage\"},\"thumbnailUrl\":\"https:\\\/\\\/lospoliticosveracruz.com\\\/wp-content\\\/uploads\\\/2025\\\/04\\\/Miguel-Valera-e1785731940684.jpg\",\"keywords\":[\"justicia\",\"Miguel Valera\",\"Poder Judicial\",\"Roc\u00edo Nahle\",\"Rosalba Hern\u00e1ndez\",\"TSJE\",\"Veracruz\"],\"articleSection\":[\"De Opini\u00f3n\"],\"inLanguage\":\"es\"},{\"@type\":\"WebPage\",\"@id\":\"https:\\\/\\\/lospoliticosveracruz.com\\\/?p=180023\",\"url\":\"https:\\\/\\\/lospoliticosveracruz.com\\\/?p=180023\",\"name\":\"ROSALBA HERN\u00c1NDEZ - Los pol\u00edticos Veracruz\",\"isPartOf\":{\"@id\":\"https:\\\/\\\/lospoliticosveracruz.com\\\/#website\"},\"primaryImageOfPage\":{\"@id\":\"https:\\\/\\\/lospoliticosveracruz.com\\\/?p=180023#primaryimage\"},\"image\":{\"@id\":\"https:\\\/\\\/lospoliticosveracruz.com\\\/?p=180023#primaryimage\"},\"thumbnailUrl\":\"https:\\\/\\\/lospoliticosveracruz.com\\\/wp-content\\\/uploads\\\/2025\\\/04\\\/Miguel-Valera-e1785731940684.jpg\",\"datePublished\":\"2026-09-04T16:09:46+00:00\",\"dateModified\":\"2026-09-04T16:22:49+00:00\",\"breadcrumb\":{\"@id\":\"https:\\\/\\\/lospoliticosveracruz.com\\\/?p=180023#breadcrumb\"},\"inLanguage\":\"es\",\"potentialAction\":[{\"@type\":\"ReadAction\",\"target\":[\"https:\\\/\\\/lospoliticosveracruz.com\\\/?p=180023\"]}]},{\"@type\":\"ImageObject\",\"inLanguage\":\"es\",\"@id\":\"https:\\\/\\\/lospoliticosveracruz.com\\\/?p=180023#primaryimage\",\"url\":\"https:\\\/\\\/lospoliticosveracruz.com\\\/wp-content\\\/uploads\\\/2025\\\/04\\\/Miguel-Valera-e1785731940684.jpg\",\"contentUrl\":\"https:\\\/\\\/lospoliticosveracruz.com\\\/wp-content\\\/uploads\\\/2025\\\/04\\\/Miguel-Valera-e1785731940684.jpg\",\"width\":600,\"height\":320},{\"@type\":\"BreadcrumbList\",\"@id\":\"https:\\\/\\\/lospoliticosveracruz.com\\\/?p=180023#breadcrumb\",\"itemListElement\":[{\"@type\":\"ListItem\",\"position\":1,\"name\":\"Portada\",\"item\":\"https:\\\/\\\/lospoliticosveracruz.com\\\/\"},{\"@type\":\"ListItem\",\"position\":2,\"name\":\"ROSALBA HERN\u00c1NDEZ\"}]},{\"@type\":\"WebSite\",\"@id\":\"https:\\\/\\\/lospoliticosveracruz.com\\\/#website\",\"url\":\"https:\\\/\\\/lospoliticosveracruz.com\\\/\",\"name\":\"Los pol\u00edticos Veracruz\",\"description\":\"\",\"publisher\":{\"@id\":\"https:\\\/\\\/lospoliticosveracruz.com\\\/#organization\"},\"potentialAction\":[{\"@type\":\"SearchAction\",\"target\":{\"@type\":\"EntryPoint\",\"urlTemplate\":\"https:\\\/\\\/lospoliticosveracruz.com\\\/?s={search_term_string}\"},\"query-input\":{\"@type\":\"PropertyValueSpecification\",\"valueRequired\":true,\"valueName\":\"search_term_string\"}}],\"inLanguage\":\"es\"},{\"@type\":\"Organization\",\"@id\":\"https:\\\/\\\/lospoliticosveracruz.com\\\/#organization\",\"name\":\"Los pol\u00edticos Veracruz\",\"url\":\"https:\\\/\\\/lospoliticosveracruz.com\\\/\",\"logo\":{\"@type\":\"ImageObject\",\"inLanguage\":\"es\",\"@id\":\"https:\\\/\\\/lospoliticosveracruz.com\\\/#\\\/schema\\\/logo\\\/image\\\/\",\"url\":\"https:\\\/\\\/lospoliticosveracruz.com\\\/wp-content\\\/uploads\\\/2025\\\/12\\\/Logo-Nuevo-LOS-POLITICOS-1.jpg\",\"contentUrl\":\"https:\\\/\\\/lospoliticosveracruz.com\\\/wp-content\\\/uploads\\\/2025\\\/12\\\/Logo-Nuevo-LOS-POLITICOS-1.jpg\",\"width\":260,\"height\":70,\"caption\":\"Los pol\u00edticos Veracruz\"},\"image\":{\"@id\":\"https:\\\/\\\/lospoliticosveracruz.com\\\/#\\\/schema\\\/logo\\\/image\\\/\"},\"sameAs\":[\"https:\\\/\\\/www.facebook.com\\\/people\\\/Notimemes-de-los-Polticos\\\/61565672886568\\\/\",\"https:\\\/\\\/x.com\\\/LosPoliticosVer\"]},{\"@type\":\"Person\",\"@id\":\"https:\\\/\\\/lospoliticosveracruz.com\\\/#\\\/schema\\\/person\\\/b8702bb0e538456e6efd07080bf2a4a2\",\"name\":\"Lo viste en Los Pol\u00edticos\",\"image\":{\"@type\":\"ImageObject\",\"inLanguage\":\"es\",\"@id\":\"https:\\\/\\\/secure.gravatar.com\\\/avatar\\\/3a8de04a2656d44082be478bd6c086daa447c4651605818287b9532d3d0bd435?s=96&d=mm&r=g\",\"url\":\"https:\\\/\\\/secure.gravatar.com\\\/avatar\\\/3a8de04a2656d44082be478bd6c086daa447c4651605818287b9532d3d0bd435?s=96&d=mm&r=g\",\"contentUrl\":\"https:\\\/\\\/secure.gravatar.com\\\/avatar\\\/3a8de04a2656d44082be478bd6c086daa447c4651605818287b9532d3d0bd435?s=96&d=mm&r=g\",\"caption\":\"Lo viste en Los Pol\u00edticos\"},\"url\":\"https:\\\/\\\/lospoliticosveracruz.com\\\/?author=2\"}]}<\/script>\n<!-- \/ Yoast SEO plugin. -->","yoast_head_json":{"title":"ROSALBA HERN\u00c1NDEZ - Los pol\u00edticos Veracruz","robots":{"index":"index","follow":"follow","max-snippet":"max-snippet:-1","max-image-preview":"max-image-preview:large","max-video-preview":"max-video-preview:-1"},"canonical":"https:\/\/lospoliticosveracruz.com\/?p=180023","og_locale":"es_ES","og_type":"article","og_title":"ROSALBA HERN\u00c1NDEZ - Los pol\u00edticos Veracruz","og_description":"Miguel Valera Contrase\u00f1as Ha pasado un a\u00f1o de la configuraci\u00f3n del nuevo Tribunal Superior de Justicia del Estado de Veracruz y para quienes consignamos el devenir de la historia como mirones profesionales, las cosas han ido bien, se ha mantenido una buena relaci\u00f3n al interior de este poder y con la gobernadora Roc\u00edo Nahle Garc\u00eda, [&hellip;]","og_url":"https:\/\/lospoliticosveracruz.com\/?p=180023","og_site_name":"Los pol\u00edticos Veracruz","article_publisher":"https:\/\/www.facebook.com\/people\/Notimemes-de-los-Polticos\/61565672886568\/","article_published_time":"2026-09-04T16:09:46+00:00","article_modified_time":"2026-09-04T16:22:49+00:00","og_image":[{"width":600,"height":320,"url":"https:\/\/lospoliticosveracruz.com\/wp-content\/uploads\/2025\/04\/Miguel-Valera-e1785731940684.jpg","type":"image\/jpeg"}],"author":"Lo viste en Los Pol\u00edticos","twitter_card":"summary_large_image","twitter_creator":"@LosPoliticosVer","twitter_site":"@LosPoliticosVer","twitter_misc":{"Escrito por":"Lo viste en Los Pol\u00edticos","Tiempo de lectura":"9 minutos"},"schema":{"@context":"https:\/\/schema.org","@graph":[{"@type":"Article","@id":"https:\/\/lospoliticosveracruz.com\/?p=180023#article","isPartOf":{"@id":"https:\/\/lospoliticosveracruz.com\/?p=180023"},"author":{"name":"Lo viste en Los Pol\u00edticos","@id":"https:\/\/lospoliticosveracruz.com\/#\/schema\/person\/b8702bb0e538456e6efd07080bf2a4a2"},"headline":"ROSALBA HERN\u00c1NDEZ","datePublished":"2026-09-04T16:09:46+00:00","dateModified":"2026-09-04T16:22:49+00:00","mainEntityOfPage":{"@id":"https:\/\/lospoliticosveracruz.com\/?p=180023"},"wordCount":1017,"publisher":{"@id":"https:\/\/lospoliticosveracruz.com\/#organization"},"image":{"@id":"https:\/\/lospoliticosveracruz.com\/?p=180023#primaryimage"},"thumbnailUrl":"https:\/\/lospoliticosveracruz.com\/wp-content\/uploads\/2025\/04\/Miguel-Valera-e1785731940684.jpg","keywords":["justicia","Miguel Valera","Poder Judicial","Roc\u00edo Nahle","Rosalba Hern\u00e1ndez","TSJE","Veracruz"],"articleSection":["De Opini\u00f3n"],"inLanguage":"es"},{"@type":"WebPage","@id":"https:\/\/lospoliticosveracruz.com\/?p=180023","url":"https:\/\/lospoliticosveracruz.com\/?p=180023","name":"ROSALBA HERN\u00c1NDEZ - Los pol\u00edticos Veracruz","isPartOf":{"@id":"https:\/\/lospoliticosveracruz.com\/#website"},"primaryImageOfPage":{"@id":"https:\/\/lospoliticosveracruz.com\/?p=180023#primaryimage"},"image":{"@id":"https:\/\/lospoliticosveracruz.com\/?p=180023#primaryimage"},"thumbnailUrl":"https:\/\/lospoliticosveracruz.com\/wp-content\/uploads\/2025\/04\/Miguel-Valera-e1785731940684.jpg","datePublished":"2026-09-04T16:09:46+00:00","dateModified":"2026-09-04T16:22:49+00:00","breadcrumb":{"@id":"https:\/\/lospoliticosveracruz.com\/?p=180023#breadcrumb"},"inLanguage":"es","potentialAction":[{"@type":"ReadAction","target":["https:\/\/lospoliticosveracruz.com\/?p=180023"]}]},{"@type":"ImageObject","inLanguage":"es","@id":"https:\/\/lospoliticosveracruz.com\/?p=180023#primaryimage","url":"https:\/\/lospoliticosveracruz.com\/wp-content\/uploads\/2025\/04\/Miguel-Valera-e1785731940684.jpg","contentUrl":"https:\/\/lospoliticosveracruz.com\/wp-content\/uploads\/2025\/04\/Miguel-Valera-e1785731940684.jpg","width":600,"height":320},{"@type":"BreadcrumbList","@id":"https:\/\/lospoliticosveracruz.com\/?p=180023#breadcrumb","itemListElement":[{"@type":"ListItem","position":1,"name":"Portada","item":"https:\/\/lospoliticosveracruz.com\/"},{"@type":"ListItem","position":2,"name":"ROSALBA HERN\u00c1NDEZ"}]},{"@type":"WebSite","@id":"https:\/\/lospoliticosveracruz.com\/#website","url":"https:\/\/lospoliticosveracruz.com\/","name":"Los pol\u00edticos Veracruz","description":"","publisher":{"@id":"https:\/\/lospoliticosveracruz.com\/#organization"},"potentialAction":[{"@type":"SearchAction","target":{"@type":"EntryPoint","urlTemplate":"https:\/\/lospoliticosveracruz.com\/?s={search_term_string}"},"query-input":{"@type":"PropertyValueSpecification","valueRequired":true,"valueName":"search_term_string"}}],"inLanguage":"es"},{"@type":"Organization","@id":"https:\/\/lospoliticosveracruz.com\/#organization","name":"Los pol\u00edticos Veracruz","url":"https:\/\/lospoliticosveracruz.com\/","logo":{"@type":"ImageObject","inLanguage":"es","@id":"https:\/\/lospoliticosveracruz.com\/#\/schema\/logo\/image\/","url":"https:\/\/lospoliticosveracruz.com\/wp-content\/uploads\/2025\/12\/Logo-Nuevo-LOS-POLITICOS-1.jpg","contentUrl":"https:\/\/lospoliticosveracruz.com\/wp-content\/uploads\/2025\/12\/Logo-Nuevo-LOS-POLITICOS-1.jpg","width":260,"height":70,"caption":"Los pol\u00edticos Veracruz"},"image":{"@id":"https:\/\/lospoliticosveracruz.com\/#\/schema\/logo\/image\/"},"sameAs":["https:\/\/www.facebook.com\/people\/Notimemes-de-los-Polticos\/61565672886568\/","https:\/\/x.com\/LosPoliticosVer"]},{"@type":"Person","@id":"https:\/\/lospoliticosveracruz.com\/#\/schema\/person\/b8702bb0e538456e6efd07080bf2a4a2","name":"Lo viste en Los Pol\u00edticos","image":{"@type":"ImageObject","inLanguage":"es","@id":"https:\/\/secure.gravatar.com\/avatar\/3a8de04a2656d44082be478bd6c086daa447c4651605818287b9532d3d0bd435?s=96&d=mm&r=g","url":"https:\/\/secure.gravatar.com\/avatar\/3a8de04a2656d44082be478bd6c086daa447c4651605818287b9532d3d0bd435?s=96&d=mm&r=g","contentUrl":"https:\/\/secure.gravatar.com\/avatar\/3a8de04a2656d44082be478bd6c086daa447c4651605818287b9532d3d0bd435?s=96&d=mm&r=g","caption":"Lo viste en Los Pol\u00edticos"},"url":"https:\/\/lospoliticosveracruz.com\/?author=2"}]}},"_links":{"self":[{"href":"https:\/\/lospoliticosveracruz.com\/index.php?rest_route=\/wp\/v2\/posts\/180023","targetHints":{"allow":["GET"]}}],"collection":[{"href":"https:\/\/lospoliticosveracruz.com\/index.php?rest_route=\/wp\/v2\/posts"}],"about":[{"href":"https:\/\/lospoliticosveracruz.com\/index.php?rest_route=\/wp\/v2\/types\/post"}],"author":[{"embeddable":true,"href":"https:\/\/lospoliticosveracruz.com\/index.php?rest_route=\/wp\/v2\/users\/2"}],"replies":[{"embeddable":true,"href":"https:\/\/lospoliticosveracruz.com\/index.php?rest_route=%2Fwp%2Fv2%2Fcomments&post=180023"}],"version-history":[{"count":1,"href":"https:\/\/lospoliticosveracruz.com\/index.php?rest_route=\/wp\/v2\/posts\/180023\/revisions"}],"predecessor-version":[{"id":180024,"href":"https:\/\/lospoliticosveracruz.com\/index.php?rest_route=\/wp\/v2\/posts\/180023\/revisions\/180024"}],"wp:featuredmedia":[{"embeddable":true,"href":"https:\/\/lospoliticosveracruz.com\/index.php?rest_route=\/wp\/v2\/media\/141429"}],"wp:attachment":[{"href":"https:\/\/lospoliticosveracruz.com\/index.php?rest_route=%2Fwp%2Fv2%2Fmedia&parent=180023"}],"wp:term":[{"taxonomy":"category","embeddable":true,"href":"https:\/\/lospoliticosveracruz.com\/index.php?rest_route=%2Fwp%2Fv2%2Fcategories&post=180023"},{"taxonomy":"post_tag","embeddable":true,"href":"https:\/\/lospoliticosveracruz.com\/index.php?rest_route=%2Fwp%2Fv2%2Ftags&post=180023"}],"curies":[{"name":"wp","href":"https:\/\/api.w.org\/{rel}","templated":true}]}}