{"id":180028,"date":"2026-09-04T10:20:48","date_gmt":"2026-09-04T16:20:48","guid":{"rendered":"https:\/\/lospoliticosveracruz.com\/?p=180028"},"modified":"2026-09-04T10:20:50","modified_gmt":"2026-09-04T16:20:50","slug":"sera-dante-no-pepe","status":"publish","type":"post","link":"https:\/\/lospoliticosveracruz.com\/?p=180028","title":{"rendered":"SER\u00c1 DANTE, NO PEPE!"},"content":{"rendered":"<div class=\"wp-block-image\">\n<figure class=\"alignleft size-medium is-resized\"><a href=\"https:\/\/lospoliticosveracruz.com\/wp-content\/uploads\/2026\/09\/no-ala-pirotecnia-medio_300x300png.png\"><img loading=\"lazy\" decoding=\"async\" width=\"300\" height=\"300\" src=\"https:\/\/lospoliticosveracruz.com\/wp-content\/uploads\/2026\/09\/no-ala-pirotecnia-medio_300x300png-300x300.png\" alt=\"\" class=\"wp-image-179741\" style=\"width:425px;height:auto\" srcset=\"https:\/\/lospoliticosveracruz.com\/wp-content\/uploads\/2026\/09\/no-ala-pirotecnia-medio_300x300png-300x300.png 300w, https:\/\/lospoliticosveracruz.com\/wp-content\/uploads\/2026\/09\/no-ala-pirotecnia-medio_300x300png-1024x1024.png 1024w, https:\/\/lospoliticosveracruz.com\/wp-content\/uploads\/2026\/09\/no-ala-pirotecnia-medio_300x300png-150x150.png 150w, https:\/\/lospoliticosveracruz.com\/wp-content\/uploads\/2026\/09\/no-ala-pirotecnia-medio_300x300png-768x768.png 768w, https:\/\/lospoliticosveracruz.com\/wp-content\/uploads\/2026\/09\/no-ala-pirotecnia-medio_300x300png-420x420.png 420w, https:\/\/lospoliticosveracruz.com\/wp-content\/uploads\/2026\/09\/no-ala-pirotecnia-medio_300x300png-696x696.png 696w, https:\/\/lospoliticosveracruz.com\/wp-content\/uploads\/2026\/09\/no-ala-pirotecnia-medio_300x300png-1068x1068.png 1068w, https:\/\/lospoliticosveracruz.com\/wp-content\/uploads\/2026\/09\/no-ala-pirotecnia-medio_300x300png.png 1250w\" sizes=\"auto, (max-width: 300px) 100vw, 300px\" \/><\/a><\/figure>\n<\/div>\n\n\n\n\n<p><strong>\u00c1ngeles Gonz\u00e1lez Ceballos<\/strong><\/p>\n\n\n\n<p>El diputado local independiente, H\u00e9ctor Yunes Landa, defini\u00f3 que el \u00abgran frente opositor\u00bb no ser\u00e1 articulado por ning\u00fan otro actor pol\u00edtico de oposici\u00f3n m\u00e1s que Dante Delgado Rannauro, l\u00edder moral de Movimiento Ciudadano.<\/p>\n\n\n\n<p>En ese sentido, descart\u00f3 de forma tajante que el articulador del frente opositor vaya a ser el presidente del Comit\u00e9 Directivo Nacional del PRI, Alejandro Moreno.<\/p>\n\n\n\n<p>En entrevista, luego de montar guardia de honor en el monumento al Padre de la Patria, Miguel Hidalgo, expres\u00f3 \u00abno hay que hacernos bolas\u00bb, ya que el \u00fanico que puede convocar a los actores pol\u00edticos de oposici\u00f3n como \u00e9l o Pepe Yunes del PRI, entre otros, es el exgobernador de Veracruz.<\/p>\n\n\n\n<p>\u00abOjal\u00e1 no se difundan vaciladas como esas, que no s\u00f3lo no se dieron, es imposible que se dieran\u00bb, manifest\u00f3 al referir que se public\u00f3 que comieron varios l\u00edderes entre esos Manlio Fabio Beltrones.<\/p>\n\n\n\n<p>\u00abEsa versi\u00f3n se le ocurri\u00f3 a alguien que m\u00e1s bien debe de escribir novelas, no ser periodista, porque es una mentira, una vacilada. No hubo tal comida, no he ido, Manlio tampoco fue, Dante tampoco.<\/p>\n\n\n\n<p>\u00bfT\u00fa te imaginas que podamos coincidir en una misma reuni\u00f3n Manlio, Dante y un servidor, donde est\u00e9 Alito (Alejandro Moreno),?, es imposible, es una mentira absoluta\u00bb, sostuvo.<\/p>\n\n\n\n<p>Fue as\u00ed donde extern\u00f3 que seguramente se podr\u00e1 construir un gran frente opositor, pero el \u00fanico que no ser\u00e1 invitado ser\u00e1 el dirigente nacional del PRI, \u00abporque es un impresentable\u00bb.<\/p>\n\n\n\n<p>Ah\u00ed, recrimin\u00f3 que hace unos d\u00edas vino al Estado para pedir que se construya un gran frente opositor, cuando todo mundo le ha dicho al l\u00edder del Tricolor que con \u00e9l no van \u00abni a la esquina\u00bb.<\/p>\n\n\n\n<p>H\u00e9ctor Yunes Landa opin\u00f3 que Dante Delgado es la figura m\u00e1s respetable de los liderazgos de oposici\u00f3n, adem\u00e1s de que es el \u00fanico que tiene capacidad de convocar a los dem\u00e1s.<\/p>\n\n\n\n<p>\u00abSe llama Dante Delgado y lo digo como presidente de un partido en donde seguir\u00e9, es en el que milito (Alianza Generacional por Veracruz), es en la calle Estanzuela, en la Pomona, donde antes era el PRD\u00bb detall\u00f3.<\/p>\n","protected":false},"excerpt":{"rendered":"<p>\u00c1ngeles Gonz\u00e1lez Ceballos El diputado local independiente, H\u00e9ctor Yunes Landa, defini\u00f3 que el \u00abgran frente opositor\u00bb no ser\u00e1 articulado por ning\u00fan otro actor pol\u00edtico de oposici\u00f3n m\u00e1s que Dante Delgado Rannauro, l\u00edder moral de Movimiento Ciudadano. En ese sentido, descart\u00f3 de forma tajante que el articulador del frente opositor vaya a ser el presidente del [&hellip;]<\/p>\n","protected":false},"author":2,"featured_media":176180,"comment_status":"closed","ping_status":"closed","sticky":false,"template":"","format":"standard","meta":{"tdm_status":"","tdm_grid_status":"","footnotes":""},"categories":[6446],"tags":[14170,49986,2219,70953,119,2327,195],"class_list":{"0":"post-180028","1":"post","2":"type-post","3":"status-publish","4":"format-standard","5":"has-post-thumbnail","7":"category-la-nota","8":"tag-alejandro-moreno","9":"tag-angeles-gonzalez-ceballos","10":"tag-dante-delgado","11":"tag-frente-opositor","12":"tag-hector-yunes","13":"tag-movimiento-ciudadano","14":"tag-veracruz"},"yoast_head":"<!-- This site is optimized with the Yoast SEO plugin v28.1 - https:\/\/yoast.com\/product\/yoast-seo-wordpress\/ -->\n<title>SER\u00c1 DANTE, NO PEPE! - Los pol\u00edticos Veracruz<\/title>\n<meta name=\"robots\" content=\"index, follow, max-snippet:-1, max-image-preview:large, max-video-preview:-1\" \/>\n<link rel=\"canonical\" href=\"https:\/\/lospoliticosveracruz.com\/?p=180028\" \/>\n<meta property=\"og:locale\" content=\"es_ES\" \/>\n<meta property=\"og:type\" content=\"article\" \/>\n<meta property=\"og:title\" content=\"SER\u00c1 DANTE, NO PEPE! - Los pol\u00edticos Veracruz\" \/>\n<meta property=\"og:description\" content=\"\u00c1ngeles Gonz\u00e1lez Ceballos El diputado local independiente, H\u00e9ctor Yunes Landa, defini\u00f3 que el \u00abgran frente opositor\u00bb no ser\u00e1 articulado por ning\u00fan otro actor pol\u00edtico de oposici\u00f3n m\u00e1s que Dante Delgado Rannauro, l\u00edder moral de Movimiento Ciudadano. En ese sentido, descart\u00f3 de forma tajante que el articulador del frente opositor vaya a ser el presidente del [&hellip;]\" \/>\n<meta property=\"og:url\" content=\"https:\/\/lospoliticosveracruz.com\/?p=180028\" \/>\n<meta property=\"og:site_name\" content=\"Los pol\u00edticos Veracruz\" \/>\n<meta property=\"article:publisher\" content=\"https:\/\/www.facebook.com\/people\/Notimemes-de-los-Polticos\/61565672886568\/\" \/>\n<meta property=\"article:published_time\" content=\"2026-09-04T16:20:48+00:00\" \/>\n<meta property=\"article:modified_time\" content=\"2026-09-04T16:20:50+00:00\" \/>\n<meta property=\"og:image\" content=\"https:\/\/lospoliticosveracruz.com\/wp-content\/uploads\/2026\/07\/Hector-Yunes-.jpg\" \/>\n\t<meta property=\"og:image:width\" content=\"600\" \/>\n\t<meta property=\"og:image:height\" content=\"320\" \/>\n\t<meta property=\"og:image:type\" content=\"image\/jpeg\" \/>\n<meta name=\"author\" content=\"Lo viste en Los Pol\u00edticos\" \/>\n<meta name=\"twitter:card\" content=\"summary_large_image\" \/>\n<meta name=\"twitter:creator\" content=\"@LosPoliticosVer\" \/>\n<meta name=\"twitter:site\" content=\"@LosPoliticosVer\" \/>\n<meta name=\"twitter:label1\" content=\"Escrito por\" \/>\n\t<meta name=\"twitter:data1\" content=\"Lo viste en Los Pol\u00edticos\" \/>\n\t<meta name=\"twitter:label2\" content=\"Tiempo de lectura\" \/>\n\t<meta name=\"twitter:data2\" content=\"2 minutos\" \/>\n<script type=\"application\/ld+json\" class=\"yoast-schema-graph\">{\"@context\":\"https:\\\/\\\/schema.org\",\"@graph\":[{\"@type\":\"Article\",\"@id\":\"https:\\\/\\\/lospoliticosveracruz.com\\\/?p=180028#article\",\"isPartOf\":{\"@id\":\"https:\\\/\\\/lospoliticosveracruz.com\\\/?p=180028\"},\"author\":{\"name\":\"Lo viste en Los Pol\u00edticos\",\"@id\":\"https:\\\/\\\/lospoliticosveracruz.com\\\/#\\\/schema\\\/person\\\/b8702bb0e538456e6efd07080bf2a4a2\"},\"headline\":\"SER\u00c1 DANTE, NO PEPE!\",\"datePublished\":\"2026-09-04T16:20:48+00:00\",\"dateModified\":\"2026-09-04T16:20:50+00:00\",\"mainEntityOfPage\":{\"@id\":\"https:\\\/\\\/lospoliticosveracruz.com\\\/?p=180028\"},\"wordCount\":369,\"publisher\":{\"@id\":\"https:\\\/\\\/lospoliticosveracruz.com\\\/#organization\"},\"image\":{\"@id\":\"https:\\\/\\\/lospoliticosveracruz.com\\\/?p=180028#primaryimage\"},\"thumbnailUrl\":\"https:\\\/\\\/lospoliticosveracruz.com\\\/wp-content\\\/uploads\\\/2026\\\/07\\\/Hector-Yunes-.jpg\",\"keywords\":[\"Alejandro Moreno\",\"\u00c1ngeles Gonz\u00e1lez Ceballos\",\"Dante Delgado\",\"frente opositor\",\"H\u00e9ctor Yunes\",\"Movimiento Ciudadano\",\"Veracruz\"],\"articleSection\":[\"La Nota\"],\"inLanguage\":\"es\"},{\"@type\":\"WebPage\",\"@id\":\"https:\\\/\\\/lospoliticosveracruz.com\\\/?p=180028\",\"url\":\"https:\\\/\\\/lospoliticosveracruz.com\\\/?p=180028\",\"name\":\"SER\u00c1 DANTE, NO PEPE! - Los pol\u00edticos Veracruz\",\"isPartOf\":{\"@id\":\"https:\\\/\\\/lospoliticosveracruz.com\\\/#website\"},\"primaryImageOfPage\":{\"@id\":\"https:\\\/\\\/lospoliticosveracruz.com\\\/?p=180028#primaryimage\"},\"image\":{\"@id\":\"https:\\\/\\\/lospoliticosveracruz.com\\\/?p=180028#primaryimage\"},\"thumbnailUrl\":\"https:\\\/\\\/lospoliticosveracruz.com\\\/wp-content\\\/uploads\\\/2026\\\/07\\\/Hector-Yunes-.jpg\",\"datePublished\":\"2026-09-04T16:20:48+00:00\",\"dateModified\":\"2026-09-04T16:20:50+00:00\",\"breadcrumb\":{\"@id\":\"https:\\\/\\\/lospoliticosveracruz.com\\\/?p=180028#breadcrumb\"},\"inLanguage\":\"es\",\"potentialAction\":[{\"@type\":\"ReadAction\",\"target\":[\"https:\\\/\\\/lospoliticosveracruz.com\\\/?p=180028\"]}]},{\"@type\":\"ImageObject\",\"inLanguage\":\"es\",\"@id\":\"https:\\\/\\\/lospoliticosveracruz.com\\\/?p=180028#primaryimage\",\"url\":\"https:\\\/\\\/lospoliticosveracruz.com\\\/wp-content\\\/uploads\\\/2026\\\/07\\\/Hector-Yunes-.jpg\",\"contentUrl\":\"https:\\\/\\\/lospoliticosveracruz.com\\\/wp-content\\\/uploads\\\/2026\\\/07\\\/Hector-Yunes-.jpg\",\"width\":600,\"height\":320},{\"@type\":\"BreadcrumbList\",\"@id\":\"https:\\\/\\\/lospoliticosveracruz.com\\\/?p=180028#breadcrumb\",\"itemListElement\":[{\"@type\":\"ListItem\",\"position\":1,\"name\":\"Portada\",\"item\":\"https:\\\/\\\/lospoliticosveracruz.com\\\/\"},{\"@type\":\"ListItem\",\"position\":2,\"name\":\"SER\u00c1 DANTE, NO PEPE!\"}]},{\"@type\":\"WebSite\",\"@id\":\"https:\\\/\\\/lospoliticosveracruz.com\\\/#website\",\"url\":\"https:\\\/\\\/lospoliticosveracruz.com\\\/\",\"name\":\"Los pol\u00edticos Veracruz\",\"description\":\"\",\"publisher\":{\"@id\":\"https:\\\/\\\/lospoliticosveracruz.com\\\/#organization\"},\"potentialAction\":[{\"@type\":\"SearchAction\",\"target\":{\"@type\":\"EntryPoint\",\"urlTemplate\":\"https:\\\/\\\/lospoliticosveracruz.com\\\/?s={search_term_string}\"},\"query-input\":{\"@type\":\"PropertyValueSpecification\",\"valueRequired\":true,\"valueName\":\"search_term_string\"}}],\"inLanguage\":\"es\"},{\"@type\":\"Organization\",\"@id\":\"https:\\\/\\\/lospoliticosveracruz.com\\\/#organization\",\"name\":\"Los pol\u00edticos Veracruz\",\"url\":\"https:\\\/\\\/lospoliticosveracruz.com\\\/\",\"logo\":{\"@type\":\"ImageObject\",\"inLanguage\":\"es\",\"@id\":\"https:\\\/\\\/lospoliticosveracruz.com\\\/#\\\/schema\\\/logo\\\/image\\\/\",\"url\":\"https:\\\/\\\/lospoliticosveracruz.com\\\/wp-content\\\/uploads\\\/2025\\\/12\\\/Logo-Nuevo-LOS-POLITICOS-1.jpg\",\"contentUrl\":\"https:\\\/\\\/lospoliticosveracruz.com\\\/wp-content\\\/uploads\\\/2025\\\/12\\\/Logo-Nuevo-LOS-POLITICOS-1.jpg\",\"width\":260,\"height\":70,\"caption\":\"Los pol\u00edticos Veracruz\"},\"image\":{\"@id\":\"https:\\\/\\\/lospoliticosveracruz.com\\\/#\\\/schema\\\/logo\\\/image\\\/\"},\"sameAs\":[\"https:\\\/\\\/www.facebook.com\\\/people\\\/Notimemes-de-los-Polticos\\\/61565672886568\\\/\",\"https:\\\/\\\/x.com\\\/LosPoliticosVer\"]},{\"@type\":\"Person\",\"@id\":\"https:\\\/\\\/lospoliticosveracruz.com\\\/#\\\/schema\\\/person\\\/b8702bb0e538456e6efd07080bf2a4a2\",\"name\":\"Lo viste en Los Pol\u00edticos\",\"image\":{\"@type\":\"ImageObject\",\"inLanguage\":\"es\",\"@id\":\"https:\\\/\\\/secure.gravatar.com\\\/avatar\\\/3a8de04a2656d44082be478bd6c086daa447c4651605818287b9532d3d0bd435?s=96&d=mm&r=g\",\"url\":\"https:\\\/\\\/secure.gravatar.com\\\/avatar\\\/3a8de04a2656d44082be478bd6c086daa447c4651605818287b9532d3d0bd435?s=96&d=mm&r=g\",\"contentUrl\":\"https:\\\/\\\/secure.gravatar.com\\\/avatar\\\/3a8de04a2656d44082be478bd6c086daa447c4651605818287b9532d3d0bd435?s=96&d=mm&r=g\",\"caption\":\"Lo viste en Los Pol\u00edticos\"},\"url\":\"https:\\\/\\\/lospoliticosveracruz.com\\\/?author=2\"}]}<\/script>\n<!-- \/ Yoast SEO plugin. -->","yoast_head_json":{"title":"SER\u00c1 DANTE, NO PEPE! - Los pol\u00edticos Veracruz","robots":{"index":"index","follow":"follow","max-snippet":"max-snippet:-1","max-image-preview":"max-image-preview:large","max-video-preview":"max-video-preview:-1"},"canonical":"https:\/\/lospoliticosveracruz.com\/?p=180028","og_locale":"es_ES","og_type":"article","og_title":"SER\u00c1 DANTE, NO PEPE! - Los pol\u00edticos Veracruz","og_description":"\u00c1ngeles Gonz\u00e1lez Ceballos El diputado local independiente, H\u00e9ctor Yunes Landa, defini\u00f3 que el \u00abgran frente opositor\u00bb no ser\u00e1 articulado por ning\u00fan otro actor pol\u00edtico de oposici\u00f3n m\u00e1s que Dante Delgado Rannauro, l\u00edder moral de Movimiento Ciudadano. En ese sentido, descart\u00f3 de forma tajante que el articulador del frente opositor vaya a ser el presidente del [&hellip;]","og_url":"https:\/\/lospoliticosveracruz.com\/?p=180028","og_site_name":"Los pol\u00edticos Veracruz","article_publisher":"https:\/\/www.facebook.com\/people\/Notimemes-de-los-Polticos\/61565672886568\/","article_published_time":"2026-09-04T16:20:48+00:00","article_modified_time":"2026-09-04T16:20:50+00:00","og_image":[{"width":600,"height":320,"url":"https:\/\/lospoliticosveracruz.com\/wp-content\/uploads\/2026\/07\/Hector-Yunes-.jpg","type":"image\/jpeg"}],"author":"Lo viste en Los Pol\u00edticos","twitter_card":"summary_large_image","twitter_creator":"@LosPoliticosVer","twitter_site":"@LosPoliticosVer","twitter_misc":{"Escrito por":"Lo viste en Los Pol\u00edticos","Tiempo de lectura":"2 minutos"},"schema":{"@context":"https:\/\/schema.org","@graph":[{"@type":"Article","@id":"https:\/\/lospoliticosveracruz.com\/?p=180028#article","isPartOf":{"@id":"https:\/\/lospoliticosveracruz.com\/?p=180028"},"author":{"name":"Lo viste en Los Pol\u00edticos","@id":"https:\/\/lospoliticosveracruz.com\/#\/schema\/person\/b8702bb0e538456e6efd07080bf2a4a2"},"headline":"SER\u00c1 DANTE, NO PEPE!","datePublished":"2026-09-04T16:20:48+00:00","dateModified":"2026-09-04T16:20:50+00:00","mainEntityOfPage":{"@id":"https:\/\/lospoliticosveracruz.com\/?p=180028"},"wordCount":369,"publisher":{"@id":"https:\/\/lospoliticosveracruz.com\/#organization"},"image":{"@id":"https:\/\/lospoliticosveracruz.com\/?p=180028#primaryimage"},"thumbnailUrl":"https:\/\/lospoliticosveracruz.com\/wp-content\/uploads\/2026\/07\/Hector-Yunes-.jpg","keywords":["Alejandro Moreno","\u00c1ngeles Gonz\u00e1lez Ceballos","Dante Delgado","frente opositor","H\u00e9ctor Yunes","Movimiento Ciudadano","Veracruz"],"articleSection":["La Nota"],"inLanguage":"es"},{"@type":"WebPage","@id":"https:\/\/lospoliticosveracruz.com\/?p=180028","url":"https:\/\/lospoliticosveracruz.com\/?p=180028","name":"SER\u00c1 DANTE, NO PEPE! - Los pol\u00edticos Veracruz","isPartOf":{"@id":"https:\/\/lospoliticosveracruz.com\/#website"},"primaryImageOfPage":{"@id":"https:\/\/lospoliticosveracruz.com\/?p=180028#primaryimage"},"image":{"@id":"https:\/\/lospoliticosveracruz.com\/?p=180028#primaryimage"},"thumbnailUrl":"https:\/\/lospoliticosveracruz.com\/wp-content\/uploads\/2026\/07\/Hector-Yunes-.jpg","datePublished":"2026-09-04T16:20:48+00:00","dateModified":"2026-09-04T16:20:50+00:00","breadcrumb":{"@id":"https:\/\/lospoliticosveracruz.com\/?p=180028#breadcrumb"},"inLanguage":"es","potentialAction":[{"@type":"ReadAction","target":["https:\/\/lospoliticosveracruz.com\/?p=180028"]}]},{"@type":"ImageObject","inLanguage":"es","@id":"https:\/\/lospoliticosveracruz.com\/?p=180028#primaryimage","url":"https:\/\/lospoliticosveracruz.com\/wp-content\/uploads\/2026\/07\/Hector-Yunes-.jpg","contentUrl":"https:\/\/lospoliticosveracruz.com\/wp-content\/uploads\/2026\/07\/Hector-Yunes-.jpg","width":600,"height":320},{"@type":"BreadcrumbList","@id":"https:\/\/lospoliticosveracruz.com\/?p=180028#breadcrumb","itemListElement":[{"@type":"ListItem","position":1,"name":"Portada","item":"https:\/\/lospoliticosveracruz.com\/"},{"@type":"ListItem","position":2,"name":"SER\u00c1 DANTE, NO PEPE!"}]},{"@type":"WebSite","@id":"https:\/\/lospoliticosveracruz.com\/#website","url":"https:\/\/lospoliticosveracruz.com\/","name":"Los pol\u00edticos Veracruz","description":"","publisher":{"@id":"https:\/\/lospoliticosveracruz.com\/#organization"},"potentialAction":[{"@type":"SearchAction","target":{"@type":"EntryPoint","urlTemplate":"https:\/\/lospoliticosveracruz.com\/?s={search_term_string}"},"query-input":{"@type":"PropertyValueSpecification","valueRequired":true,"valueName":"search_term_string"}}],"inLanguage":"es"},{"@type":"Organization","@id":"https:\/\/lospoliticosveracruz.com\/#organization","name":"Los pol\u00edticos Veracruz","url":"https:\/\/lospoliticosveracruz.com\/","logo":{"@type":"ImageObject","inLanguage":"es","@id":"https:\/\/lospoliticosveracruz.com\/#\/schema\/logo\/image\/","url":"https:\/\/lospoliticosveracruz.com\/wp-content\/uploads\/2025\/12\/Logo-Nuevo-LOS-POLITICOS-1.jpg","contentUrl":"https:\/\/lospoliticosveracruz.com\/wp-content\/uploads\/2025\/12\/Logo-Nuevo-LOS-POLITICOS-1.jpg","width":260,"height":70,"caption":"Los pol\u00edticos Veracruz"},"image":{"@id":"https:\/\/lospoliticosveracruz.com\/#\/schema\/logo\/image\/"},"sameAs":["https:\/\/www.facebook.com\/people\/Notimemes-de-los-Polticos\/61565672886568\/","https:\/\/x.com\/LosPoliticosVer"]},{"@type":"Person","@id":"https:\/\/lospoliticosveracruz.com\/#\/schema\/person\/b8702bb0e538456e6efd07080bf2a4a2","name":"Lo viste en Los Pol\u00edticos","image":{"@type":"ImageObject","inLanguage":"es","@id":"https:\/\/secure.gravatar.com\/avatar\/3a8de04a2656d44082be478bd6c086daa447c4651605818287b9532d3d0bd435?s=96&d=mm&r=g","url":"https:\/\/secure.gravatar.com\/avatar\/3a8de04a2656d44082be478bd6c086daa447c4651605818287b9532d3d0bd435?s=96&d=mm&r=g","contentUrl":"https:\/\/secure.gravatar.com\/avatar\/3a8de04a2656d44082be478bd6c086daa447c4651605818287b9532d3d0bd435?s=96&d=mm&r=g","caption":"Lo viste en Los Pol\u00edticos"},"url":"https:\/\/lospoliticosveracruz.com\/?author=2"}]}},"_links":{"self":[{"href":"https:\/\/lospoliticosveracruz.com\/index.php?rest_route=\/wp\/v2\/posts\/180028","targetHints":{"allow":["GET"]}}],"collection":[{"href":"https:\/\/lospoliticosveracruz.com\/index.php?rest_route=\/wp\/v2\/posts"}],"about":[{"href":"https:\/\/lospoliticosveracruz.com\/index.php?rest_route=\/wp\/v2\/types\/post"}],"author":[{"embeddable":true,"href":"https:\/\/lospoliticosveracruz.com\/index.php?rest_route=\/wp\/v2\/users\/2"}],"replies":[{"embeddable":true,"href":"https:\/\/lospoliticosveracruz.com\/index.php?rest_route=%2Fwp%2Fv2%2Fcomments&post=180028"}],"version-history":[{"count":1,"href":"https:\/\/lospoliticosveracruz.com\/index.php?rest_route=\/wp\/v2\/posts\/180028\/revisions"}],"predecessor-version":[{"id":180029,"href":"https:\/\/lospoliticosveracruz.com\/index.php?rest_route=\/wp\/v2\/posts\/180028\/revisions\/180029"}],"wp:featuredmedia":[{"embeddable":true,"href":"https:\/\/lospoliticosveracruz.com\/index.php?rest_route=\/wp\/v2\/media\/176180"}],"wp:attachment":[{"href":"https:\/\/lospoliticosveracruz.com\/index.php?rest_route=%2Fwp%2Fv2%2Fmedia&parent=180028"}],"wp:term":[{"taxonomy":"category","embeddable":true,"href":"https:\/\/lospoliticosveracruz.com\/index.php?rest_route=%2Fwp%2Fv2%2Fcategories&post=180028"},{"taxonomy":"post_tag","embeddable":true,"href":"https:\/\/lospoliticosveracruz.com\/index.php?rest_route=%2Fwp%2Fv2%2Ftags&post=180028"}],"curies":[{"name":"wp","href":"https:\/\/api.w.org\/{rel}","templated":true}]}}