{"id":180033,"date":"2026-09-04T12:05:07","date_gmt":"2026-09-04T18:05:07","guid":{"rendered":"https:\/\/lospoliticosveracruz.com\/?p=180033"},"modified":"2026-09-04T12:05:08","modified_gmt":"2026-09-04T18:05:08","slug":"sin-focos-rojos-por-inseguridad-ople","status":"publish","type":"post","link":"https:\/\/lospoliticosveracruz.com\/?p=180033","title":{"rendered":"SIN FOCOS ROJOS POR INSEGURIDAD: OPLE"},"content":{"rendered":"<div class=\"wp-block-image\">\n<figure class=\"alignleft size-full is-resized\"><a href=\"https:\/\/lospoliticosveracruz.com\/wp-content\/uploads\/2026\/08\/Fiestas-Veracruz.jpg\"><img loading=\"lazy\" decoding=\"async\" width=\"667\" height=\"625\" src=\"https:\/\/lospoliticosveracruz.com\/wp-content\/uploads\/2026\/08\/Fiestas-Veracruz.jpg\" alt=\"\" class=\"wp-image-179650\" style=\"aspect-ratio:1.067287698577726;width:425px;height:auto\" srcset=\"https:\/\/lospoliticosveracruz.com\/wp-content\/uploads\/2026\/08\/Fiestas-Veracruz.jpg 667w, https:\/\/lospoliticosveracruz.com\/wp-content\/uploads\/2026\/08\/Fiestas-Veracruz-300x281.jpg 300w, https:\/\/lospoliticosveracruz.com\/wp-content\/uploads\/2026\/08\/Fiestas-Veracruz-448x420.jpg 448w, https:\/\/lospoliticosveracruz.com\/wp-content\/uploads\/2026\/08\/Fiestas-Veracruz-150x141.jpg 150w\" sizes=\"auto, (max-width: 667px) 100vw, 667px\" \/><\/a><\/figure>\n<\/div>\n\n\n<p><strong>\u00c1ngeles Gonz\u00e1lez Ceballos<\/strong>&nbsp;<\/p>\n\n\n\n<p>La consejera presidenta del Organismo P\u00fablico Local Electoral (OPLE), Marisol Alivia Delgadillo Morales, descart\u00f3 que en este momento tengan identificados \u00abfocos rojos\u00bb en materia de seguridad en los municipios o distritos del Estado.<\/p>\n\n\n\n<p>\u00abComo tal no, recordaran que en proceso electoral, conforme se politizan las zonas, se presentar\u00e1n algunas situaciones y es a donde vamos haciendo estos acompa\u00f1amientos con las representaciones de los partidos pol\u00edticos\u00bb, expres\u00f3.<\/p>\n\n\n\n<p>En entrevista, adelant\u00f3 que el pr\u00f3ximo 6 de noviembre ser\u00e1 cuando se haga la instalaci\u00f3n formal del proceso electoral del 2027, en el Museo de Antropolog\u00eda.<\/p>\n\n\n\n<p>En ese sentido, inform\u00f3 que deber\u00e1n tener acercamientos con las instancias encargadas de la seguridad p\u00fablica del Estado y de la Federaci\u00f3n.<\/p>\n\n\n\n<p>Manifest\u00f3 que en este momento lo que les corresponde hacer es la instalaci\u00f3n de los 30 consejos distritales, ah\u00ed podr\u00e1n ir detectando alguna situaci\u00f3n, pero recalc\u00f3 que en este momento no tienen detectado alg\u00fan punto.<\/p>\n\n\n\n<p>\u00abEn este caso vamos por otro tipo de elecci\u00f3n, la pasada fue municipal, ah\u00ed hay mayor inter\u00e9s pol\u00edtico de la ciudadan\u00eda, ah\u00ed hay otros escenarios.<\/p>\n\n\n\n<p>Ahora vamos a un escenario de elecci\u00f3n para renovar el Congreso del Estado, es una distritaci\u00f3n electoral conformada por&nbsp;&nbsp;distritos electorales\u00bb, coment\u00f3.<\/p>\n\n\n\n<p>Sobre la participaci\u00f3n de los partidos pol\u00edticos en la pr\u00f3xima elecci\u00f3n de diputaciones, la Consejera confirm\u00f3 que todas las fuerzas pol\u00edticas con registro podr\u00e1n contender.<\/p>\n\n\n\n<p>Explic\u00f3 que actualmente 10 partidos pol\u00edticos forman parte del Consejo General del OPLE, entre ellos dos partidos locales y fuerzas pol\u00edticas nacionales.<\/p>\n\n\n\n<p>Sin embargo, aclar\u00f3 que los partidos de nueva creaci\u00f3n no podr\u00e1n participar en coaliciones durante su primera elecci\u00f3n, por lo que deber\u00e1n contender por s\u00ed mismos y medir su fuerza electoral.<\/p>\n\n\n\n<p>Record\u00f3 que para conservar el registro, los partidos pol\u00edticos deber\u00e1n obtener al menos 3 por ciento de la votaci\u00f3n en la elecci\u00f3n correspondiente.<\/p>\n\n\n\n<p>En el caso de las coaliciones, indic\u00f3 que los partidos que ya cuentan con el derecho para hacerlo podr\u00e1n establecer acuerdos parciales o totales, conforme avance el proceso electoral.<\/p>\n\n\n\n<p>La presidenta del OPLE tambi\u00e9n inform\u00f3 tambi\u00e9n que actualmente existen 15 asociaciones pol\u00edticas registradas en Veracruz, las cuales participan en actividades de difusi\u00f3n y promoci\u00f3n de la cultura democr\u00e1tica y ciudadana<\/p>\n\n\n\n<p>Expuso que entre las actividades preparatorias est\u00e1n las mesas de trabajo con el Instituto Nacional Electoral (INE) para revisar el convenio de coordinaci\u00f3n, as\u00ed como sus anexos t\u00e9cnicos y financieros.<\/p>\n\n\n\n<p>Puntualiz\u00f3 que una vez instalado el Consejo General, comenzar\u00e1 la emisi\u00f3n de las primeras convocatorias para la participaci\u00f3n ciudadana en el proceso electoral, entre ellas las dirigidas a quienes aspiren a integrar los consejos distritales y a quienes busquen participar mediante candidaturas independientes.<\/p>\n\n\n\n<p>En materia presupuestal, dijo que ya analizan las actividades que se realizar\u00e1n el 2027 y que en septiembre vence el plazo legal para presentar ante el Ejecutivo estatal su anteproyecto de presupuesto.<\/p>\n\n\n\n<p>Ah\u00ed, se contemplar\u00e1n los recursos necesarios para desarrollar el proceso de renovaci\u00f3n del Congreso del Estado y las actividades relacionadas con la elecci\u00f3n judicial que comenzar\u00e1 a prepararse en el mismo periodo.<\/p>\n\n\n\n<p>Record\u00f3 que, derivado de la reforma electoral, los poderes estatales tendr\u00e1n nuevos procesos de renovaci\u00f3n y que el OPLE deber\u00e1 dar seguimiento a las actividades correspondientes.<\/p>\n\n\n\n<p>Respecto de las denuncias y quejas electorales, sobre todo por violencia pol\u00edtica contra las mujeres en raz\u00f3n de g\u00e9nero, la presidenta del OPLE aclar\u00f3 que el organismo ha recibido 56 quejas en total, aunque estas corresponden a diferentes tipos de asuntos.<\/p>\n\n\n\n<p>Explic\u00f3 que entre los expedientes se encuentran denuncias relacionadas con la elecci\u00f3n extraordinaria de Tamiahua, casos de violencia pol\u00edtica en raz\u00f3n de g\u00e9nero y asuntos promovidos por servidoras p\u00fablicas que actualmente se encuentran en funciones, adem\u00e1s de quejas relacionadas con el inicio del proceso electoral.<\/p>\n\n\n\n<p>Precis\u00f3 que 16 expedientes ya se encuentran iniciados y son atendidos por la Comisi\u00f3n de Quejas del organismo.<\/p>\n\n\n\n<p>Entre los actos denunciados se encuentran presuntos actos anticipados de campa\u00f1a, uso indebido de recursos p\u00fablicos y distintas conductas relacionadas con promociones en redes sociales.<\/p>\n\n\n\n<p><\/p>\n","protected":false},"excerpt":{"rendered":"<p>\u00c1ngeles Gonz\u00e1lez Ceballos&nbsp; La consejera presidenta del Organismo P\u00fablico Local Electoral (OPLE), Marisol Alivia Delgadillo Morales, descart\u00f3 que en este momento tengan identificados \u00abfocos rojos\u00bb en materia de seguridad en los municipios o distritos del Estado. \u00abComo tal no, recordaran que en proceso electoral, conforme se politizan las zonas, se presentar\u00e1n algunas situaciones y es [&hellip;]<\/p>\n","protected":false},"author":2,"featured_media":180034,"comment_status":"closed","ping_status":"closed","sticky":false,"template":"","format":"standard","meta":{"tdm_status":"","tdm_grid_status":"","footnotes":""},"categories":[6446],"tags":[50446,4509],"class_list":{"0":"post-180033","1":"post","2":"type-post","3":"status-publish","4":"format-standard","5":"has-post-thumbnail","7":"category-la-nota","8":"tag-marisol-delgadillo-morales-ople","9":"tag-ople-de-veracruz"},"yoast_head":"<!-- This site is optimized with the Yoast SEO plugin v28.1 - https:\/\/yoast.com\/product\/yoast-seo-wordpress\/ -->\n<title>SIN FOCOS ROJOS POR INSEGURIDAD: OPLE - Los pol\u00edticos Veracruz<\/title>\n<meta name=\"robots\" content=\"index, follow, max-snippet:-1, max-image-preview:large, max-video-preview:-1\" \/>\n<link rel=\"canonical\" href=\"https:\/\/lospoliticosveracruz.com\/?p=180033\" \/>\n<meta property=\"og:locale\" content=\"es_ES\" \/>\n<meta property=\"og:type\" content=\"article\" \/>\n<meta property=\"og:title\" content=\"SIN FOCOS ROJOS POR INSEGURIDAD: OPLE - Los pol\u00edticos Veracruz\" \/>\n<meta property=\"og:description\" content=\"\u00c1ngeles Gonz\u00e1lez Ceballos&nbsp; La consejera presidenta del Organismo P\u00fablico Local Electoral (OPLE), Marisol Alivia Delgadillo Morales, descart\u00f3 que en este momento tengan identificados \u00abfocos rojos\u00bb en materia de seguridad en los municipios o distritos del Estado. \u00abComo tal no, recordaran que en proceso electoral, conforme se politizan las zonas, se presentar\u00e1n algunas situaciones y es [&hellip;]\" \/>\n<meta property=\"og:url\" content=\"https:\/\/lospoliticosveracruz.com\/?p=180033\" \/>\n<meta property=\"og:site_name\" content=\"Los pol\u00edticos Veracruz\" \/>\n<meta property=\"article:publisher\" content=\"https:\/\/www.facebook.com\/people\/Notimemes-de-los-Polticos\/61565672886568\/\" \/>\n<meta property=\"article:published_time\" content=\"2026-09-04T18:05:07+00:00\" \/>\n<meta property=\"article:modified_time\" content=\"2026-09-04T18:05:08+00:00\" \/>\n<meta property=\"og:image\" content=\"https:\/\/lospoliticosveracruz.com\/wp-content\/uploads\/2026\/09\/Marisol-Delgadillo.jpg\" \/>\n\t<meta property=\"og:image:width\" content=\"600\" \/>\n\t<meta property=\"og:image:height\" content=\"320\" \/>\n\t<meta property=\"og:image:type\" content=\"image\/jpeg\" \/>\n<meta name=\"author\" content=\"Lo viste en Los Pol\u00edticos\" \/>\n<meta name=\"twitter:card\" content=\"summary_large_image\" \/>\n<meta name=\"twitter:creator\" content=\"@LosPoliticosVer\" \/>\n<meta name=\"twitter:site\" content=\"@LosPoliticosVer\" \/>\n<meta name=\"twitter:label1\" content=\"Escrito por\" \/>\n\t<meta name=\"twitter:data1\" content=\"Lo viste en Los Pol\u00edticos\" \/>\n\t<meta name=\"twitter:label2\" content=\"Tiempo de lectura\" \/>\n\t<meta name=\"twitter:data2\" content=\"4 minutos\" \/>\n<script type=\"application\/ld+json\" class=\"yoast-schema-graph\">{\"@context\":\"https:\\\/\\\/schema.org\",\"@graph\":[{\"@type\":\"Article\",\"@id\":\"https:\\\/\\\/lospoliticosveracruz.com\\\/?p=180033#article\",\"isPartOf\":{\"@id\":\"https:\\\/\\\/lospoliticosveracruz.com\\\/?p=180033\"},\"author\":{\"name\":\"Lo viste en Los Pol\u00edticos\",\"@id\":\"https:\\\/\\\/lospoliticosveracruz.com\\\/#\\\/schema\\\/person\\\/b8702bb0e538456e6efd07080bf2a4a2\"},\"headline\":\"SIN FOCOS ROJOS POR INSEGURIDAD: OPLE\",\"datePublished\":\"2026-09-04T18:05:07+00:00\",\"dateModified\":\"2026-09-04T18:05:08+00:00\",\"mainEntityOfPage\":{\"@id\":\"https:\\\/\\\/lospoliticosveracruz.com\\\/?p=180033\"},\"wordCount\":719,\"publisher\":{\"@id\":\"https:\\\/\\\/lospoliticosveracruz.com\\\/#organization\"},\"image\":{\"@id\":\"https:\\\/\\\/lospoliticosveracruz.com\\\/?p=180033#primaryimage\"},\"thumbnailUrl\":\"https:\\\/\\\/lospoliticosveracruz.com\\\/wp-content\\\/uploads\\\/2026\\\/09\\\/Marisol-Delgadillo.jpg\",\"keywords\":[\"Marisol Delgadillo Morales OPLE\",\"Ople de Veracruz\"],\"articleSection\":[\"La Nota\"],\"inLanguage\":\"es\"},{\"@type\":\"WebPage\",\"@id\":\"https:\\\/\\\/lospoliticosveracruz.com\\\/?p=180033\",\"url\":\"https:\\\/\\\/lospoliticosveracruz.com\\\/?p=180033\",\"name\":\"SIN FOCOS ROJOS POR INSEGURIDAD: OPLE - Los pol\u00edticos Veracruz\",\"isPartOf\":{\"@id\":\"https:\\\/\\\/lospoliticosveracruz.com\\\/#website\"},\"primaryImageOfPage\":{\"@id\":\"https:\\\/\\\/lospoliticosveracruz.com\\\/?p=180033#primaryimage\"},\"image\":{\"@id\":\"https:\\\/\\\/lospoliticosveracruz.com\\\/?p=180033#primaryimage\"},\"thumbnailUrl\":\"https:\\\/\\\/lospoliticosveracruz.com\\\/wp-content\\\/uploads\\\/2026\\\/09\\\/Marisol-Delgadillo.jpg\",\"datePublished\":\"2026-09-04T18:05:07+00:00\",\"dateModified\":\"2026-09-04T18:05:08+00:00\",\"breadcrumb\":{\"@id\":\"https:\\\/\\\/lospoliticosveracruz.com\\\/?p=180033#breadcrumb\"},\"inLanguage\":\"es\",\"potentialAction\":[{\"@type\":\"ReadAction\",\"target\":[\"https:\\\/\\\/lospoliticosveracruz.com\\\/?p=180033\"]}]},{\"@type\":\"ImageObject\",\"inLanguage\":\"es\",\"@id\":\"https:\\\/\\\/lospoliticosveracruz.com\\\/?p=180033#primaryimage\",\"url\":\"https:\\\/\\\/lospoliticosveracruz.com\\\/wp-content\\\/uploads\\\/2026\\\/09\\\/Marisol-Delgadillo.jpg\",\"contentUrl\":\"https:\\\/\\\/lospoliticosveracruz.com\\\/wp-content\\\/uploads\\\/2026\\\/09\\\/Marisol-Delgadillo.jpg\",\"width\":600,\"height\":320},{\"@type\":\"BreadcrumbList\",\"@id\":\"https:\\\/\\\/lospoliticosveracruz.com\\\/?p=180033#breadcrumb\",\"itemListElement\":[{\"@type\":\"ListItem\",\"position\":1,\"name\":\"Portada\",\"item\":\"https:\\\/\\\/lospoliticosveracruz.com\\\/\"},{\"@type\":\"ListItem\",\"position\":2,\"name\":\"SIN FOCOS ROJOS POR INSEGURIDAD: OPLE\"}]},{\"@type\":\"WebSite\",\"@id\":\"https:\\\/\\\/lospoliticosveracruz.com\\\/#website\",\"url\":\"https:\\\/\\\/lospoliticosveracruz.com\\\/\",\"name\":\"Los pol\u00edticos Veracruz\",\"description\":\"\",\"publisher\":{\"@id\":\"https:\\\/\\\/lospoliticosveracruz.com\\\/#organization\"},\"potentialAction\":[{\"@type\":\"SearchAction\",\"target\":{\"@type\":\"EntryPoint\",\"urlTemplate\":\"https:\\\/\\\/lospoliticosveracruz.com\\\/?s={search_term_string}\"},\"query-input\":{\"@type\":\"PropertyValueSpecification\",\"valueRequired\":true,\"valueName\":\"search_term_string\"}}],\"inLanguage\":\"es\"},{\"@type\":\"Organization\",\"@id\":\"https:\\\/\\\/lospoliticosveracruz.com\\\/#organization\",\"name\":\"Los pol\u00edticos Veracruz\",\"url\":\"https:\\\/\\\/lospoliticosveracruz.com\\\/\",\"logo\":{\"@type\":\"ImageObject\",\"inLanguage\":\"es\",\"@id\":\"https:\\\/\\\/lospoliticosveracruz.com\\\/#\\\/schema\\\/logo\\\/image\\\/\",\"url\":\"https:\\\/\\\/lospoliticosveracruz.com\\\/wp-content\\\/uploads\\\/2025\\\/12\\\/Logo-Nuevo-LOS-POLITICOS-1.jpg\",\"contentUrl\":\"https:\\\/\\\/lospoliticosveracruz.com\\\/wp-content\\\/uploads\\\/2025\\\/12\\\/Logo-Nuevo-LOS-POLITICOS-1.jpg\",\"width\":260,\"height\":70,\"caption\":\"Los pol\u00edticos Veracruz\"},\"image\":{\"@id\":\"https:\\\/\\\/lospoliticosveracruz.com\\\/#\\\/schema\\\/logo\\\/image\\\/\"},\"sameAs\":[\"https:\\\/\\\/www.facebook.com\\\/people\\\/Notimemes-de-los-Polticos\\\/61565672886568\\\/\",\"https:\\\/\\\/x.com\\\/LosPoliticosVer\"]},{\"@type\":\"Person\",\"@id\":\"https:\\\/\\\/lospoliticosveracruz.com\\\/#\\\/schema\\\/person\\\/b8702bb0e538456e6efd07080bf2a4a2\",\"name\":\"Lo viste en Los Pol\u00edticos\",\"image\":{\"@type\":\"ImageObject\",\"inLanguage\":\"es\",\"@id\":\"https:\\\/\\\/secure.gravatar.com\\\/avatar\\\/3a8de04a2656d44082be478bd6c086daa447c4651605818287b9532d3d0bd435?s=96&d=mm&r=g\",\"url\":\"https:\\\/\\\/secure.gravatar.com\\\/avatar\\\/3a8de04a2656d44082be478bd6c086daa447c4651605818287b9532d3d0bd435?s=96&d=mm&r=g\",\"contentUrl\":\"https:\\\/\\\/secure.gravatar.com\\\/avatar\\\/3a8de04a2656d44082be478bd6c086daa447c4651605818287b9532d3d0bd435?s=96&d=mm&r=g\",\"caption\":\"Lo viste en Los Pol\u00edticos\"},\"url\":\"https:\\\/\\\/lospoliticosveracruz.com\\\/?author=2\"}]}<\/script>\n<!-- \/ Yoast SEO plugin. -->","yoast_head_json":{"title":"SIN FOCOS ROJOS POR INSEGURIDAD: OPLE - Los pol\u00edticos Veracruz","robots":{"index":"index","follow":"follow","max-snippet":"max-snippet:-1","max-image-preview":"max-image-preview:large","max-video-preview":"max-video-preview:-1"},"canonical":"https:\/\/lospoliticosveracruz.com\/?p=180033","og_locale":"es_ES","og_type":"article","og_title":"SIN FOCOS ROJOS POR INSEGURIDAD: OPLE - Los pol\u00edticos Veracruz","og_description":"\u00c1ngeles Gonz\u00e1lez Ceballos&nbsp; La consejera presidenta del Organismo P\u00fablico Local Electoral (OPLE), Marisol Alivia Delgadillo Morales, descart\u00f3 que en este momento tengan identificados \u00abfocos rojos\u00bb en materia de seguridad en los municipios o distritos del Estado. \u00abComo tal no, recordaran que en proceso electoral, conforme se politizan las zonas, se presentar\u00e1n algunas situaciones y es [&hellip;]","og_url":"https:\/\/lospoliticosveracruz.com\/?p=180033","og_site_name":"Los pol\u00edticos Veracruz","article_publisher":"https:\/\/www.facebook.com\/people\/Notimemes-de-los-Polticos\/61565672886568\/","article_published_time":"2026-09-04T18:05:07+00:00","article_modified_time":"2026-09-04T18:05:08+00:00","og_image":[{"width":600,"height":320,"url":"https:\/\/lospoliticosveracruz.com\/wp-content\/uploads\/2026\/09\/Marisol-Delgadillo.jpg","type":"image\/jpeg"}],"author":"Lo viste en Los Pol\u00edticos","twitter_card":"summary_large_image","twitter_creator":"@LosPoliticosVer","twitter_site":"@LosPoliticosVer","twitter_misc":{"Escrito por":"Lo viste en Los Pol\u00edticos","Tiempo de lectura":"4 minutos"},"schema":{"@context":"https:\/\/schema.org","@graph":[{"@type":"Article","@id":"https:\/\/lospoliticosveracruz.com\/?p=180033#article","isPartOf":{"@id":"https:\/\/lospoliticosveracruz.com\/?p=180033"},"author":{"name":"Lo viste en Los Pol\u00edticos","@id":"https:\/\/lospoliticosveracruz.com\/#\/schema\/person\/b8702bb0e538456e6efd07080bf2a4a2"},"headline":"SIN FOCOS ROJOS POR INSEGURIDAD: OPLE","datePublished":"2026-09-04T18:05:07+00:00","dateModified":"2026-09-04T18:05:08+00:00","mainEntityOfPage":{"@id":"https:\/\/lospoliticosveracruz.com\/?p=180033"},"wordCount":719,"publisher":{"@id":"https:\/\/lospoliticosveracruz.com\/#organization"},"image":{"@id":"https:\/\/lospoliticosveracruz.com\/?p=180033#primaryimage"},"thumbnailUrl":"https:\/\/lospoliticosveracruz.com\/wp-content\/uploads\/2026\/09\/Marisol-Delgadillo.jpg","keywords":["Marisol Delgadillo Morales OPLE","Ople de Veracruz"],"articleSection":["La Nota"],"inLanguage":"es"},{"@type":"WebPage","@id":"https:\/\/lospoliticosveracruz.com\/?p=180033","url":"https:\/\/lospoliticosveracruz.com\/?p=180033","name":"SIN FOCOS ROJOS POR INSEGURIDAD: OPLE - Los pol\u00edticos Veracruz","isPartOf":{"@id":"https:\/\/lospoliticosveracruz.com\/#website"},"primaryImageOfPage":{"@id":"https:\/\/lospoliticosveracruz.com\/?p=180033#primaryimage"},"image":{"@id":"https:\/\/lospoliticosveracruz.com\/?p=180033#primaryimage"},"thumbnailUrl":"https:\/\/lospoliticosveracruz.com\/wp-content\/uploads\/2026\/09\/Marisol-Delgadillo.jpg","datePublished":"2026-09-04T18:05:07+00:00","dateModified":"2026-09-04T18:05:08+00:00","breadcrumb":{"@id":"https:\/\/lospoliticosveracruz.com\/?p=180033#breadcrumb"},"inLanguage":"es","potentialAction":[{"@type":"ReadAction","target":["https:\/\/lospoliticosveracruz.com\/?p=180033"]}]},{"@type":"ImageObject","inLanguage":"es","@id":"https:\/\/lospoliticosveracruz.com\/?p=180033#primaryimage","url":"https:\/\/lospoliticosveracruz.com\/wp-content\/uploads\/2026\/09\/Marisol-Delgadillo.jpg","contentUrl":"https:\/\/lospoliticosveracruz.com\/wp-content\/uploads\/2026\/09\/Marisol-Delgadillo.jpg","width":600,"height":320},{"@type":"BreadcrumbList","@id":"https:\/\/lospoliticosveracruz.com\/?p=180033#breadcrumb","itemListElement":[{"@type":"ListItem","position":1,"name":"Portada","item":"https:\/\/lospoliticosveracruz.com\/"},{"@type":"ListItem","position":2,"name":"SIN FOCOS ROJOS POR INSEGURIDAD: OPLE"}]},{"@type":"WebSite","@id":"https:\/\/lospoliticosveracruz.com\/#website","url":"https:\/\/lospoliticosveracruz.com\/","name":"Los pol\u00edticos Veracruz","description":"","publisher":{"@id":"https:\/\/lospoliticosveracruz.com\/#organization"},"potentialAction":[{"@type":"SearchAction","target":{"@type":"EntryPoint","urlTemplate":"https:\/\/lospoliticosveracruz.com\/?s={search_term_string}"},"query-input":{"@type":"PropertyValueSpecification","valueRequired":true,"valueName":"search_term_string"}}],"inLanguage":"es"},{"@type":"Organization","@id":"https:\/\/lospoliticosveracruz.com\/#organization","name":"Los pol\u00edticos Veracruz","url":"https:\/\/lospoliticosveracruz.com\/","logo":{"@type":"ImageObject","inLanguage":"es","@id":"https:\/\/lospoliticosveracruz.com\/#\/schema\/logo\/image\/","url":"https:\/\/lospoliticosveracruz.com\/wp-content\/uploads\/2025\/12\/Logo-Nuevo-LOS-POLITICOS-1.jpg","contentUrl":"https:\/\/lospoliticosveracruz.com\/wp-content\/uploads\/2025\/12\/Logo-Nuevo-LOS-POLITICOS-1.jpg","width":260,"height":70,"caption":"Los pol\u00edticos Veracruz"},"image":{"@id":"https:\/\/lospoliticosveracruz.com\/#\/schema\/logo\/image\/"},"sameAs":["https:\/\/www.facebook.com\/people\/Notimemes-de-los-Polticos\/61565672886568\/","https:\/\/x.com\/LosPoliticosVer"]},{"@type":"Person","@id":"https:\/\/lospoliticosveracruz.com\/#\/schema\/person\/b8702bb0e538456e6efd07080bf2a4a2","name":"Lo viste en Los Pol\u00edticos","image":{"@type":"ImageObject","inLanguage":"es","@id":"https:\/\/secure.gravatar.com\/avatar\/3a8de04a2656d44082be478bd6c086daa447c4651605818287b9532d3d0bd435?s=96&d=mm&r=g","url":"https:\/\/secure.gravatar.com\/avatar\/3a8de04a2656d44082be478bd6c086daa447c4651605818287b9532d3d0bd435?s=96&d=mm&r=g","contentUrl":"https:\/\/secure.gravatar.com\/avatar\/3a8de04a2656d44082be478bd6c086daa447c4651605818287b9532d3d0bd435?s=96&d=mm&r=g","caption":"Lo viste en Los Pol\u00edticos"},"url":"https:\/\/lospoliticosveracruz.com\/?author=2"}]}},"_links":{"self":[{"href":"https:\/\/lospoliticosveracruz.com\/index.php?rest_route=\/wp\/v2\/posts\/180033","targetHints":{"allow":["GET"]}}],"collection":[{"href":"https:\/\/lospoliticosveracruz.com\/index.php?rest_route=\/wp\/v2\/posts"}],"about":[{"href":"https:\/\/lospoliticosveracruz.com\/index.php?rest_route=\/wp\/v2\/types\/post"}],"author":[{"embeddable":true,"href":"https:\/\/lospoliticosveracruz.com\/index.php?rest_route=\/wp\/v2\/users\/2"}],"replies":[{"embeddable":true,"href":"https:\/\/lospoliticosveracruz.com\/index.php?rest_route=%2Fwp%2Fv2%2Fcomments&post=180033"}],"version-history":[{"count":1,"href":"https:\/\/lospoliticosveracruz.com\/index.php?rest_route=\/wp\/v2\/posts\/180033\/revisions"}],"predecessor-version":[{"id":180035,"href":"https:\/\/lospoliticosveracruz.com\/index.php?rest_route=\/wp\/v2\/posts\/180033\/revisions\/180035"}],"wp:featuredmedia":[{"embeddable":true,"href":"https:\/\/lospoliticosveracruz.com\/index.php?rest_route=\/wp\/v2\/media\/180034"}],"wp:attachment":[{"href":"https:\/\/lospoliticosveracruz.com\/index.php?rest_route=%2Fwp%2Fv2%2Fmedia&parent=180033"}],"wp:term":[{"taxonomy":"category","embeddable":true,"href":"https:\/\/lospoliticosveracruz.com\/index.php?rest_route=%2Fwp%2Fv2%2Fcategories&post=180033"},{"taxonomy":"post_tag","embeddable":true,"href":"https:\/\/lospoliticosveracruz.com\/index.php?rest_route=%2Fwp%2Fv2%2Ftags&post=180033"}],"curies":[{"name":"wp","href":"https:\/\/api.w.org\/{rel}","templated":true}]}}