{"id":180042,"date":"2026-09-04T14:31:54","date_gmt":"2026-09-04T20:31:54","guid":{"rendered":"https:\/\/lospoliticosveracruz.com\/?p=180042"},"modified":"2026-09-04T14:31:56","modified_gmt":"2026-09-04T20:31:56","slug":"fgr-atraera-caso-zenyazen","status":"publish","type":"post","link":"https:\/\/lospoliticosveracruz.com\/?p=180042","title":{"rendered":"FGR ATRAER\u00c1 CASO ZENYAZEN\u00a0"},"content":{"rendered":"<div class=\"wp-block-image\">\n<figure class=\"alignleft size-medium is-resized\"><a href=\"https:\/\/lospoliticosveracruz.com\/wp-content\/uploads\/2026\/09\/no-ala-pirotecnia-medio_300x300png.png\"><img loading=\"lazy\" decoding=\"async\" width=\"300\" height=\"300\" src=\"https:\/\/lospoliticosveracruz.com\/wp-content\/uploads\/2026\/09\/no-ala-pirotecnia-medio_300x300png-300x300.png\" alt=\"\" class=\"wp-image-179741\" style=\"width:425px;height:auto\" srcset=\"https:\/\/lospoliticosveracruz.com\/wp-content\/uploads\/2026\/09\/no-ala-pirotecnia-medio_300x300png-300x300.png 300w, https:\/\/lospoliticosveracruz.com\/wp-content\/uploads\/2026\/09\/no-ala-pirotecnia-medio_300x300png-1024x1024.png 1024w, https:\/\/lospoliticosveracruz.com\/wp-content\/uploads\/2026\/09\/no-ala-pirotecnia-medio_300x300png-150x150.png 150w, https:\/\/lospoliticosveracruz.com\/wp-content\/uploads\/2026\/09\/no-ala-pirotecnia-medio_300x300png-768x768.png 768w, https:\/\/lospoliticosveracruz.com\/wp-content\/uploads\/2026\/09\/no-ala-pirotecnia-medio_300x300png-420x420.png 420w, https:\/\/lospoliticosveracruz.com\/wp-content\/uploads\/2026\/09\/no-ala-pirotecnia-medio_300x300png-696x696.png 696w, https:\/\/lospoliticosveracruz.com\/wp-content\/uploads\/2026\/09\/no-ala-pirotecnia-medio_300x300png-1068x1068.png 1068w, https:\/\/lospoliticosveracruz.com\/wp-content\/uploads\/2026\/09\/no-ala-pirotecnia-medio_300x300png.png 1250w\" sizes=\"auto, (max-width: 300px) 100vw, 300px\" \/><\/a><\/figure>\n<\/div>\n\n\n\n\n<p><strong>\u00c1ngeles Gonz\u00e1lez Ceballos&nbsp;<\/strong><\/p>\n\n\n\n<p>El secretario de Gobierno, Ricardo Ahued Bardahuil, confirm\u00f3 que este viernes fue hallado sin vida al diputado Zenyazen Escobar Garc\u00eda.<\/p>\n\n\n\n<p>\u200bPoco despu\u00e9s de las 12:15 horas de este dio convoc\u00f3 a los medios de comunicaci\u00f3n para confirmar que cerca de Xalapa, hab\u00eda sido hallado el cuerpo del legislador federal de Morena, en la comunidad La Gloria, perteneciente al municipio aqu\u00ed de Puente Nacional.&nbsp;<\/p>\n\n\n\n<p>\u00abDecirles que la Fiscal\u00eda General del Estado est\u00e1 tomando, desde luego, en este momento \u2014porque acaba de ser encontrado\u2014, est\u00e1 tomando todos los datos periciales que sean necesarios. Se est\u00e1 investigando; no se tiene mayor informaci\u00f3n\u00bb, expuso.<\/p>\n\n\n\n<p>\u200bAs\u00ed mismo, que la Fiscal\u00eda General de la Rep\u00fablica va a atraer el caso para que se refuerce la investigaci\u00f3n.&nbsp;<\/p>\n\n\n\n<p>\u00abY desde aqu\u00ed a su familia este deceso tan lamentable. El gobierno que dirige nuestra se\u00f1ora gobernadora lo lamenta mucho. A su familia, nuestro respeto ante todo; sabemos del dolor que representa, pero se tiene que investigar tanto con la Fiscal\u00eda del Estado y hoy tambi\u00e9n lo retoma la Fiscal\u00eda General de la Rep\u00fablica\u00bb, expres\u00f3.<\/p>\n\n\n\n<p>Ahued Bardahuil insisti\u00f3 en que se deben aclarar los hechos y tener informaci\u00f3n de lo sucedido.<\/p>\n\n\n\n<p>\u00abSe agotar\u00e1n todas las l\u00edneas de investigaci\u00f3n para que se tenga la informaci\u00f3n precisa\u00bb, agreg\u00f3.<\/p>\n\n\n\n<p>El secretario adelant\u00f3 que una de las periciales es que en el lugar, fue hallada un arma de fuego.<\/p>\n\n\n\n<p>\u200bEl Secretario descart\u00f3 de manera anticipada que se haya tratado de un atentado.<\/p>\n\n\n\n<p>\u00abNo fue un atentado porque el carro est\u00e1 a un lado, no se nota que haya sido mayor agresi\u00f3n al veh\u00edculo, fue interno.&nbsp;<\/p>\n\n\n\n<p>No quisiera abonar por algo que est\u00e1 en plena investigaci\u00f3n, pero est\u00e1 a un lado en un acotamiento. No s\u00e9, en este momento nos notifican que no como tal es un atentado, un ataque; es una lamentable fallecimiento por un arma de fuego donde no podemos ampliar cosas que puedan este, digamos, este ser precisamente aclaradas tanto por la Fiscal\u00eda y ahora con la atracci\u00f3n de la Fiscal\u00eda General de la Rep\u00fablica\u00bb, expres\u00f3.<\/p>\n\n\n\n<p>\u200bEvit\u00f3 dar mayor informaci\u00f3n para evitar entorpecer las investigaciones.<\/p>\n\n\n\n<p>\u00abSer\u00eda muy irresponsable de mi parte, mejor esperemos la informaci\u00f3n que d\u00e9 la Fiscal\u00eda General de la Rep\u00fablica, la Fiscal\u00eda del Estado. Ya se est\u00e1n haciendo los levantamientos, acaba de suceder\u00bb, indic\u00f3.<\/p>\n\n\n\n<p>Indic\u00f3 que el veh\u00edculo del legislador estaba en una posici\u00f3n correcta en la carretera.<\/p>\n\n\n\n<p>\u00abNo sabemos a d\u00f3nde viajaba o si ven\u00eda. Nada m\u00e1s quiero reiterar que apareci\u00f3 ah\u00ed hace un momento, como ustedes lo saben, las noticias lo dan, y est\u00e1 a un lado en un acotamiento con un arma de fuego que est\u00e1 al lado y que tiene un disparo. Eso es lo que se presume\u00bb, expres\u00f3.<\/p>\n\n\n\n<p>Dijo que no ten\u00eda conocimiento si el Diputado, quien regularmente viajaba con varios acompa\u00f1antes o escoltas iba solo.<\/p>\n\n\n\n<p>\u00abNo, no, no se tiene todav\u00eda eso. Seguramente precisamente se acordon\u00f3 para todos los elementos que aparezcan en el veh\u00edculo para que periciales pueda tomar conocimiento y no se vaya de ninguna manera a manipular. No se dej\u00f3 manipular, m\u00e1s que est\u00e1n precisamente acordonado para que los periciales hagan todo&nbsp;&nbsp;digamos, el estudio correspondiente\u00bb, reiter\u00f3.<\/p>\n\n\n\n<p><\/p>\n","protected":false},"excerpt":{"rendered":"<p>\u00c1ngeles Gonz\u00e1lez Ceballos&nbsp; El secretario de Gobierno, Ricardo Ahued Bardahuil, confirm\u00f3 que este viernes fue hallado sin vida al diputado Zenyazen Escobar Garc\u00eda. \u200bPoco despu\u00e9s de las 12:15 horas de este dio convoc\u00f3 a los medios de comunicaci\u00f3n para confirmar que cerca de Xalapa, hab\u00eda sido hallado el cuerpo del legislador federal de Morena, en [&hellip;]<\/p>\n","protected":false},"author":2,"featured_media":180043,"comment_status":"closed","ping_status":"closed","sticky":false,"template":"","format":"standard","meta":{"tdm_status":"","tdm_grid_status":"","footnotes":""},"categories":[6446],"tags":[1026,195,51505],"class_list":{"0":"post-180042","1":"post","2":"type-post","3":"status-publish","4":"format-standard","5":"has-post-thumbnail","7":"category-la-nota","8":"tag-morena","9":"tag-veracruz","10":"tag-zenyazen-escobar"},"yoast_head":"<!-- This site is optimized with the Yoast SEO plugin v28.1 - https:\/\/yoast.com\/product\/yoast-seo-wordpress\/ -->\n<title>FGR ATRAER\u00c1 CASO ZENYAZEN\u00a0 - Los pol\u00edticos Veracruz<\/title>\n<meta name=\"robots\" content=\"index, follow, max-snippet:-1, max-image-preview:large, max-video-preview:-1\" \/>\n<link rel=\"canonical\" href=\"https:\/\/lospoliticosveracruz.com\/?p=180042\" \/>\n<meta property=\"og:locale\" content=\"es_ES\" \/>\n<meta property=\"og:type\" content=\"article\" \/>\n<meta property=\"og:title\" content=\"FGR ATRAER\u00c1 CASO ZENYAZEN\u00a0 - Los pol\u00edticos Veracruz\" \/>\n<meta property=\"og:description\" content=\"\u00c1ngeles Gonz\u00e1lez Ceballos&nbsp; El secretario de Gobierno, Ricardo Ahued Bardahuil, confirm\u00f3 que este viernes fue hallado sin vida al diputado Zenyazen Escobar Garc\u00eda. \u200bPoco despu\u00e9s de las 12:15 horas de este dio convoc\u00f3 a los medios de comunicaci\u00f3n para confirmar que cerca de Xalapa, hab\u00eda sido hallado el cuerpo del legislador federal de Morena, en [&hellip;]\" \/>\n<meta property=\"og:url\" content=\"https:\/\/lospoliticosveracruz.com\/?p=180042\" \/>\n<meta property=\"og:site_name\" content=\"Los pol\u00edticos Veracruz\" \/>\n<meta property=\"article:publisher\" content=\"https:\/\/www.facebook.com\/people\/Notimemes-de-los-Polticos\/61565672886568\/\" \/>\n<meta property=\"article:published_time\" content=\"2026-09-04T20:31:54+00:00\" \/>\n<meta property=\"article:modified_time\" content=\"2026-09-04T20:31:56+00:00\" \/>\n<meta property=\"og:image\" content=\"https:\/\/lospoliticosveracruz.com\/wp-content\/uploads\/2026\/09\/IMG_4872.jpeg\" \/>\n\t<meta property=\"og:image:width\" content=\"600\" \/>\n\t<meta property=\"og:image:height\" content=\"320\" \/>\n\t<meta property=\"og:image:type\" content=\"image\/jpeg\" \/>\n<meta name=\"author\" content=\"Lo viste en Los Pol\u00edticos\" \/>\n<meta name=\"twitter:card\" content=\"summary_large_image\" \/>\n<meta name=\"twitter:creator\" content=\"@LosPoliticosVer\" \/>\n<meta name=\"twitter:site\" content=\"@LosPoliticosVer\" \/>\n<meta name=\"twitter:label1\" content=\"Escrito por\" \/>\n\t<meta name=\"twitter:data1\" content=\"Lo viste en Los Pol\u00edticos\" \/>\n\t<meta name=\"twitter:label2\" content=\"Tiempo de lectura\" \/>\n\t<meta name=\"twitter:data2\" content=\"3 minutos\" \/>\n<script type=\"application\/ld+json\" class=\"yoast-schema-graph\">{\"@context\":\"https:\\\/\\\/schema.org\",\"@graph\":[{\"@type\":\"Article\",\"@id\":\"https:\\\/\\\/lospoliticosveracruz.com\\\/?p=180042#article\",\"isPartOf\":{\"@id\":\"https:\\\/\\\/lospoliticosveracruz.com\\\/?p=180042\"},\"author\":{\"name\":\"Lo viste en Los Pol\u00edticos\",\"@id\":\"https:\\\/\\\/lospoliticosveracruz.com\\\/#\\\/schema\\\/person\\\/b8702bb0e538456e6efd07080bf2a4a2\"},\"headline\":\"FGR ATRAER\u00c1 CASO ZENYAZEN\u00a0\",\"datePublished\":\"2026-09-04T20:31:54+00:00\",\"dateModified\":\"2026-09-04T20:31:56+00:00\",\"mainEntityOfPage\":{\"@id\":\"https:\\\/\\\/lospoliticosveracruz.com\\\/?p=180042\"},\"wordCount\":574,\"publisher\":{\"@id\":\"https:\\\/\\\/lospoliticosveracruz.com\\\/#organization\"},\"image\":{\"@id\":\"https:\\\/\\\/lospoliticosveracruz.com\\\/?p=180042#primaryimage\"},\"thumbnailUrl\":\"https:\\\/\\\/lospoliticosveracruz.com\\\/wp-content\\\/uploads\\\/2026\\\/09\\\/IMG_4872.jpeg\",\"keywords\":[\"Morena\",\"Veracruz\",\"Zenyazen Escobar\"],\"articleSection\":[\"La Nota\"],\"inLanguage\":\"es\"},{\"@type\":\"WebPage\",\"@id\":\"https:\\\/\\\/lospoliticosveracruz.com\\\/?p=180042\",\"url\":\"https:\\\/\\\/lospoliticosveracruz.com\\\/?p=180042\",\"name\":\"FGR ATRAER\u00c1 CASO ZENYAZEN\u00a0 - Los pol\u00edticos Veracruz\",\"isPartOf\":{\"@id\":\"https:\\\/\\\/lospoliticosveracruz.com\\\/#website\"},\"primaryImageOfPage\":{\"@id\":\"https:\\\/\\\/lospoliticosveracruz.com\\\/?p=180042#primaryimage\"},\"image\":{\"@id\":\"https:\\\/\\\/lospoliticosveracruz.com\\\/?p=180042#primaryimage\"},\"thumbnailUrl\":\"https:\\\/\\\/lospoliticosveracruz.com\\\/wp-content\\\/uploads\\\/2026\\\/09\\\/IMG_4872.jpeg\",\"datePublished\":\"2026-09-04T20:31:54+00:00\",\"dateModified\":\"2026-09-04T20:31:56+00:00\",\"breadcrumb\":{\"@id\":\"https:\\\/\\\/lospoliticosveracruz.com\\\/?p=180042#breadcrumb\"},\"inLanguage\":\"es\",\"potentialAction\":[{\"@type\":\"ReadAction\",\"target\":[\"https:\\\/\\\/lospoliticosveracruz.com\\\/?p=180042\"]}]},{\"@type\":\"ImageObject\",\"inLanguage\":\"es\",\"@id\":\"https:\\\/\\\/lospoliticosveracruz.com\\\/?p=180042#primaryimage\",\"url\":\"https:\\\/\\\/lospoliticosveracruz.com\\\/wp-content\\\/uploads\\\/2026\\\/09\\\/IMG_4872.jpeg\",\"contentUrl\":\"https:\\\/\\\/lospoliticosveracruz.com\\\/wp-content\\\/uploads\\\/2026\\\/09\\\/IMG_4872.jpeg\",\"width\":600,\"height\":320},{\"@type\":\"BreadcrumbList\",\"@id\":\"https:\\\/\\\/lospoliticosveracruz.com\\\/?p=180042#breadcrumb\",\"itemListElement\":[{\"@type\":\"ListItem\",\"position\":1,\"name\":\"Portada\",\"item\":\"https:\\\/\\\/lospoliticosveracruz.com\\\/\"},{\"@type\":\"ListItem\",\"position\":2,\"name\":\"FGR ATRAER\u00c1 CASO ZENYAZEN\u00a0\"}]},{\"@type\":\"WebSite\",\"@id\":\"https:\\\/\\\/lospoliticosveracruz.com\\\/#website\",\"url\":\"https:\\\/\\\/lospoliticosveracruz.com\\\/\",\"name\":\"Los pol\u00edticos Veracruz\",\"description\":\"\",\"publisher\":{\"@id\":\"https:\\\/\\\/lospoliticosveracruz.com\\\/#organization\"},\"potentialAction\":[{\"@type\":\"SearchAction\",\"target\":{\"@type\":\"EntryPoint\",\"urlTemplate\":\"https:\\\/\\\/lospoliticosveracruz.com\\\/?s={search_term_string}\"},\"query-input\":{\"@type\":\"PropertyValueSpecification\",\"valueRequired\":true,\"valueName\":\"search_term_string\"}}],\"inLanguage\":\"es\"},{\"@type\":\"Organization\",\"@id\":\"https:\\\/\\\/lospoliticosveracruz.com\\\/#organization\",\"name\":\"Los pol\u00edticos Veracruz\",\"url\":\"https:\\\/\\\/lospoliticosveracruz.com\\\/\",\"logo\":{\"@type\":\"ImageObject\",\"inLanguage\":\"es\",\"@id\":\"https:\\\/\\\/lospoliticosveracruz.com\\\/#\\\/schema\\\/logo\\\/image\\\/\",\"url\":\"https:\\\/\\\/lospoliticosveracruz.com\\\/wp-content\\\/uploads\\\/2025\\\/12\\\/Logo-Nuevo-LOS-POLITICOS-1.jpg\",\"contentUrl\":\"https:\\\/\\\/lospoliticosveracruz.com\\\/wp-content\\\/uploads\\\/2025\\\/12\\\/Logo-Nuevo-LOS-POLITICOS-1.jpg\",\"width\":260,\"height\":70,\"caption\":\"Los pol\u00edticos Veracruz\"},\"image\":{\"@id\":\"https:\\\/\\\/lospoliticosveracruz.com\\\/#\\\/schema\\\/logo\\\/image\\\/\"},\"sameAs\":[\"https:\\\/\\\/www.facebook.com\\\/people\\\/Notimemes-de-los-Polticos\\\/61565672886568\\\/\",\"https:\\\/\\\/x.com\\\/LosPoliticosVer\"]},{\"@type\":\"Person\",\"@id\":\"https:\\\/\\\/lospoliticosveracruz.com\\\/#\\\/schema\\\/person\\\/b8702bb0e538456e6efd07080bf2a4a2\",\"name\":\"Lo viste en Los Pol\u00edticos\",\"image\":{\"@type\":\"ImageObject\",\"inLanguage\":\"es\",\"@id\":\"https:\\\/\\\/secure.gravatar.com\\\/avatar\\\/3a8de04a2656d44082be478bd6c086daa447c4651605818287b9532d3d0bd435?s=96&d=mm&r=g\",\"url\":\"https:\\\/\\\/secure.gravatar.com\\\/avatar\\\/3a8de04a2656d44082be478bd6c086daa447c4651605818287b9532d3d0bd435?s=96&d=mm&r=g\",\"contentUrl\":\"https:\\\/\\\/secure.gravatar.com\\\/avatar\\\/3a8de04a2656d44082be478bd6c086daa447c4651605818287b9532d3d0bd435?s=96&d=mm&r=g\",\"caption\":\"Lo viste en Los Pol\u00edticos\"},\"url\":\"https:\\\/\\\/lospoliticosveracruz.com\\\/?author=2\"}]}<\/script>\n<!-- \/ Yoast SEO plugin. -->","yoast_head_json":{"title":"FGR ATRAER\u00c1 CASO ZENYAZEN\u00a0 - Los pol\u00edticos Veracruz","robots":{"index":"index","follow":"follow","max-snippet":"max-snippet:-1","max-image-preview":"max-image-preview:large","max-video-preview":"max-video-preview:-1"},"canonical":"https:\/\/lospoliticosveracruz.com\/?p=180042","og_locale":"es_ES","og_type":"article","og_title":"FGR ATRAER\u00c1 CASO ZENYAZEN\u00a0 - Los pol\u00edticos Veracruz","og_description":"\u00c1ngeles Gonz\u00e1lez Ceballos&nbsp; El secretario de Gobierno, Ricardo Ahued Bardahuil, confirm\u00f3 que este viernes fue hallado sin vida al diputado Zenyazen Escobar Garc\u00eda. \u200bPoco despu\u00e9s de las 12:15 horas de este dio convoc\u00f3 a los medios de comunicaci\u00f3n para confirmar que cerca de Xalapa, hab\u00eda sido hallado el cuerpo del legislador federal de Morena, en [&hellip;]","og_url":"https:\/\/lospoliticosveracruz.com\/?p=180042","og_site_name":"Los pol\u00edticos Veracruz","article_publisher":"https:\/\/www.facebook.com\/people\/Notimemes-de-los-Polticos\/61565672886568\/","article_published_time":"2026-09-04T20:31:54+00:00","article_modified_time":"2026-09-04T20:31:56+00:00","og_image":[{"width":600,"height":320,"url":"https:\/\/lospoliticosveracruz.com\/wp-content\/uploads\/2026\/09\/IMG_4872.jpeg","type":"image\/jpeg"}],"author":"Lo viste en Los Pol\u00edticos","twitter_card":"summary_large_image","twitter_creator":"@LosPoliticosVer","twitter_site":"@LosPoliticosVer","twitter_misc":{"Escrito por":"Lo viste en Los Pol\u00edticos","Tiempo de lectura":"3 minutos"},"schema":{"@context":"https:\/\/schema.org","@graph":[{"@type":"Article","@id":"https:\/\/lospoliticosveracruz.com\/?p=180042#article","isPartOf":{"@id":"https:\/\/lospoliticosveracruz.com\/?p=180042"},"author":{"name":"Lo viste en Los Pol\u00edticos","@id":"https:\/\/lospoliticosveracruz.com\/#\/schema\/person\/b8702bb0e538456e6efd07080bf2a4a2"},"headline":"FGR ATRAER\u00c1 CASO ZENYAZEN\u00a0","datePublished":"2026-09-04T20:31:54+00:00","dateModified":"2026-09-04T20:31:56+00:00","mainEntityOfPage":{"@id":"https:\/\/lospoliticosveracruz.com\/?p=180042"},"wordCount":574,"publisher":{"@id":"https:\/\/lospoliticosveracruz.com\/#organization"},"image":{"@id":"https:\/\/lospoliticosveracruz.com\/?p=180042#primaryimage"},"thumbnailUrl":"https:\/\/lospoliticosveracruz.com\/wp-content\/uploads\/2026\/09\/IMG_4872.jpeg","keywords":["Morena","Veracruz","Zenyazen Escobar"],"articleSection":["La Nota"],"inLanguage":"es"},{"@type":"WebPage","@id":"https:\/\/lospoliticosveracruz.com\/?p=180042","url":"https:\/\/lospoliticosveracruz.com\/?p=180042","name":"FGR ATRAER\u00c1 CASO ZENYAZEN\u00a0 - Los pol\u00edticos Veracruz","isPartOf":{"@id":"https:\/\/lospoliticosveracruz.com\/#website"},"primaryImageOfPage":{"@id":"https:\/\/lospoliticosveracruz.com\/?p=180042#primaryimage"},"image":{"@id":"https:\/\/lospoliticosveracruz.com\/?p=180042#primaryimage"},"thumbnailUrl":"https:\/\/lospoliticosveracruz.com\/wp-content\/uploads\/2026\/09\/IMG_4872.jpeg","datePublished":"2026-09-04T20:31:54+00:00","dateModified":"2026-09-04T20:31:56+00:00","breadcrumb":{"@id":"https:\/\/lospoliticosveracruz.com\/?p=180042#breadcrumb"},"inLanguage":"es","potentialAction":[{"@type":"ReadAction","target":["https:\/\/lospoliticosveracruz.com\/?p=180042"]}]},{"@type":"ImageObject","inLanguage":"es","@id":"https:\/\/lospoliticosveracruz.com\/?p=180042#primaryimage","url":"https:\/\/lospoliticosveracruz.com\/wp-content\/uploads\/2026\/09\/IMG_4872.jpeg","contentUrl":"https:\/\/lospoliticosveracruz.com\/wp-content\/uploads\/2026\/09\/IMG_4872.jpeg","width":600,"height":320},{"@type":"BreadcrumbList","@id":"https:\/\/lospoliticosveracruz.com\/?p=180042#breadcrumb","itemListElement":[{"@type":"ListItem","position":1,"name":"Portada","item":"https:\/\/lospoliticosveracruz.com\/"},{"@type":"ListItem","position":2,"name":"FGR ATRAER\u00c1 CASO ZENYAZEN\u00a0"}]},{"@type":"WebSite","@id":"https:\/\/lospoliticosveracruz.com\/#website","url":"https:\/\/lospoliticosveracruz.com\/","name":"Los pol\u00edticos Veracruz","description":"","publisher":{"@id":"https:\/\/lospoliticosveracruz.com\/#organization"},"potentialAction":[{"@type":"SearchAction","target":{"@type":"EntryPoint","urlTemplate":"https:\/\/lospoliticosveracruz.com\/?s={search_term_string}"},"query-input":{"@type":"PropertyValueSpecification","valueRequired":true,"valueName":"search_term_string"}}],"inLanguage":"es"},{"@type":"Organization","@id":"https:\/\/lospoliticosveracruz.com\/#organization","name":"Los pol\u00edticos Veracruz","url":"https:\/\/lospoliticosveracruz.com\/","logo":{"@type":"ImageObject","inLanguage":"es","@id":"https:\/\/lospoliticosveracruz.com\/#\/schema\/logo\/image\/","url":"https:\/\/lospoliticosveracruz.com\/wp-content\/uploads\/2025\/12\/Logo-Nuevo-LOS-POLITICOS-1.jpg","contentUrl":"https:\/\/lospoliticosveracruz.com\/wp-content\/uploads\/2025\/12\/Logo-Nuevo-LOS-POLITICOS-1.jpg","width":260,"height":70,"caption":"Los pol\u00edticos Veracruz"},"image":{"@id":"https:\/\/lospoliticosveracruz.com\/#\/schema\/logo\/image\/"},"sameAs":["https:\/\/www.facebook.com\/people\/Notimemes-de-los-Polticos\/61565672886568\/","https:\/\/x.com\/LosPoliticosVer"]},{"@type":"Person","@id":"https:\/\/lospoliticosveracruz.com\/#\/schema\/person\/b8702bb0e538456e6efd07080bf2a4a2","name":"Lo viste en Los Pol\u00edticos","image":{"@type":"ImageObject","inLanguage":"es","@id":"https:\/\/secure.gravatar.com\/avatar\/3a8de04a2656d44082be478bd6c086daa447c4651605818287b9532d3d0bd435?s=96&d=mm&r=g","url":"https:\/\/secure.gravatar.com\/avatar\/3a8de04a2656d44082be478bd6c086daa447c4651605818287b9532d3d0bd435?s=96&d=mm&r=g","contentUrl":"https:\/\/secure.gravatar.com\/avatar\/3a8de04a2656d44082be478bd6c086daa447c4651605818287b9532d3d0bd435?s=96&d=mm&r=g","caption":"Lo viste en Los Pol\u00edticos"},"url":"https:\/\/lospoliticosveracruz.com\/?author=2"}]}},"_links":{"self":[{"href":"https:\/\/lospoliticosveracruz.com\/index.php?rest_route=\/wp\/v2\/posts\/180042","targetHints":{"allow":["GET"]}}],"collection":[{"href":"https:\/\/lospoliticosveracruz.com\/index.php?rest_route=\/wp\/v2\/posts"}],"about":[{"href":"https:\/\/lospoliticosveracruz.com\/index.php?rest_route=\/wp\/v2\/types\/post"}],"author":[{"embeddable":true,"href":"https:\/\/lospoliticosveracruz.com\/index.php?rest_route=\/wp\/v2\/users\/2"}],"replies":[{"embeddable":true,"href":"https:\/\/lospoliticosveracruz.com\/index.php?rest_route=%2Fwp%2Fv2%2Fcomments&post=180042"}],"version-history":[{"count":1,"href":"https:\/\/lospoliticosveracruz.com\/index.php?rest_route=\/wp\/v2\/posts\/180042\/revisions"}],"predecessor-version":[{"id":180044,"href":"https:\/\/lospoliticosveracruz.com\/index.php?rest_route=\/wp\/v2\/posts\/180042\/revisions\/180044"}],"wp:featuredmedia":[{"embeddable":true,"href":"https:\/\/lospoliticosveracruz.com\/index.php?rest_route=\/wp\/v2\/media\/180043"}],"wp:attachment":[{"href":"https:\/\/lospoliticosveracruz.com\/index.php?rest_route=%2Fwp%2Fv2%2Fmedia&parent=180042"}],"wp:term":[{"taxonomy":"category","embeddable":true,"href":"https:\/\/lospoliticosveracruz.com\/index.php?rest_route=%2Fwp%2Fv2%2Fcategories&post=180042"},{"taxonomy":"post_tag","embeddable":true,"href":"https:\/\/lospoliticosveracruz.com\/index.php?rest_route=%2Fwp%2Fv2%2Ftags&post=180042"}],"curies":[{"name":"wp","href":"https:\/\/api.w.org\/{rel}","templated":true}]}}