{"id":180045,"date":"2026-09-04T14:36:08","date_gmt":"2026-09-04T20:36:08","guid":{"rendered":"https:\/\/lospoliticosveracruz.com\/?p=180045"},"modified":"2026-09-04T14:36:10","modified_gmt":"2026-09-04T20:36:10","slug":"entre-danieles","status":"publish","type":"post","link":"https:\/\/lospoliticosveracruz.com\/?p=180045","title":{"rendered":"ENTRE \u201cDANIELES\u201d"},"content":{"rendered":"<div class=\"wp-block-image\">\n<figure class=\"alignleft size-medium is-resized\"><a href=\"https:\/\/lospoliticosveracruz.com\/wp-content\/uploads\/2026\/09\/no-ala-pirotecnia-medio_300x300png.png\"><img loading=\"lazy\" decoding=\"async\" width=\"300\" height=\"300\" src=\"https:\/\/lospoliticosveracruz.com\/wp-content\/uploads\/2026\/09\/no-ala-pirotecnia-medio_300x300png-300x300.png\" alt=\"\" class=\"wp-image-179741\" style=\"width:425px;height:auto\" srcset=\"https:\/\/lospoliticosveracruz.com\/wp-content\/uploads\/2026\/09\/no-ala-pirotecnia-medio_300x300png-300x300.png 300w, https:\/\/lospoliticosveracruz.com\/wp-content\/uploads\/2026\/09\/no-ala-pirotecnia-medio_300x300png-1024x1024.png 1024w, https:\/\/lospoliticosveracruz.com\/wp-content\/uploads\/2026\/09\/no-ala-pirotecnia-medio_300x300png-150x150.png 150w, https:\/\/lospoliticosveracruz.com\/wp-content\/uploads\/2026\/09\/no-ala-pirotecnia-medio_300x300png-768x768.png 768w, https:\/\/lospoliticosveracruz.com\/wp-content\/uploads\/2026\/09\/no-ala-pirotecnia-medio_300x300png-420x420.png 420w, https:\/\/lospoliticosveracruz.com\/wp-content\/uploads\/2026\/09\/no-ala-pirotecnia-medio_300x300png-696x696.png 696w, https:\/\/lospoliticosveracruz.com\/wp-content\/uploads\/2026\/09\/no-ala-pirotecnia-medio_300x300png-1068x1068.png 1068w, https:\/\/lospoliticosveracruz.com\/wp-content\/uploads\/2026\/09\/no-ala-pirotecnia-medio_300x300png.png 1250w\" sizes=\"auto, (max-width: 300px) 100vw, 300px\" \/><\/a><\/figure>\n<\/div>\n\n\n\n\n<p>Con el fin de garantizar el suministro del agua e impulsar el desarrollo metropolitano, en representaci\u00f3n de las Comisiones Municipales de Agua Potable y Saneamiento (CMAS) de Xalapa y Emiliano Zapata, la Alcaldesa, Lic. Daniela Griego Ceballos, y el Alcalde, Ing. Daniel Antonio Baizabal Gonz\u00e1lez, firmaron un Convenio de Colaboraci\u00f3n Interinstitucional.<\/p>\n\n\n\n<p>Durante el acto en el que estuvo acompa\u00f1ada por el Regidor Cuarto, Lic. Alfonso Osegueda Cruz, la Presidenta Municipal precis\u00f3 que este convenio permitir\u00e1 continuar prestando los servicios de agua potable, drenaje sanitario, tratamiento y disposici\u00f3n de aguas residuales.<\/p>\n\n\n\n<p>Asimismo, destac\u00f3 que, con esta acci\u00f3n, por primera vez, se establece un pol\u00edgono de calles y colonias espec\u00edficas a beneficiar en las zonas colindantes de ambos municipios.<\/p>\n\n\n\n<p>Con ello, dijo, se contribuye a garantizar el derecho al agua de la ciudadan\u00eda y a brindar los servicios en mejores condiciones, independientemente de que la CMAS Xalapa ha invertido importantes recursos en infraestructura y tanques de almacenamiento para optimizar la distribuci\u00f3n y captaci\u00f3n de agua.<\/p>\n\n\n\n<p>En presencia del Director General de la CMAS Xalapa, Mtro. Eric Omar Rodolfo Ju\u00e1rez Valladares, reconoci\u00f3 que el gobierno que encabeza la Ing. Roc\u00edo Nahle Garc\u00eda, a trav\u00e9s de la Comisi\u00f3n del Agua del Estado de Veracruz (CAEV), ha impulsado diversos proyectos para disponer de nuevas fuentes de abasto.<\/p>\n\n\n\n<p>Al respecto, el Alcalde de Emiliano Zapata, Ing. Daniel Antonio Baizabal Gonz\u00e1lez, reconoci\u00f3 la generosidad y sentido humanista de la Administraci\u00f3n que encabeza la Presidenta Municipal, Lic. Daniela Griego Ceballos, pues este convenio representa un beneficio directo para miles de personas.<\/p>\n\n\n\n<p>En este sentido, refrend\u00f3 su disposici\u00f3n para seguir trabajando con Xalapa en temas de agua, saneamiento, el manejo de los residuos s\u00f3lidos y la delimitaci\u00f3n de los l\u00edmites territoriales, en favor del desarrollo de la zona metropolitana.<\/p>\n\n\n\n<p>Al acto protocolario de firma asistieron, por parte del \u00d3rgano de Gobierno de la CMAS Xalapa, el Contralor del Ayuntamiento, Lic. H\u00e9ctor Mart\u00ednez Merinos; el Director de Operaci\u00f3n, Ing. Felipe Medina Landa; el Director de Servicios al Usuario, Ing. Ignacio Salom\u00f3n Quintana; as\u00ed como la Secretaria T\u00e9cnica, Mtra. Mar\u00eda Magda Zayas Mu\u00f1oz; adem\u00e1s del Asesor de la Direcci\u00f3n General de la CMAS, Mtro. Oshman Seth Escudero Ram\u00edrez.<\/p>\n\n\n\n<p>Por parte del Ayuntamiento de Emiliano Zapata, la S\u00edndica \u00danica, Liliana Chiu V\u00e1zquez; el Director de la CMAS, Ing. Andr\u00e9s Mej\u00eda Rivero; la Gerente de Finanzas, Ivett Orozco Lara; as\u00ed como el Gerente de Operaciones y Mantenimiento, Ing. Herminio Ortega Barradas.<\/p>\n\n\n\n<p><\/p>\n","protected":false},"excerpt":{"rendered":"<p>Con el fin de garantizar el suministro del agua e impulsar el desarrollo metropolitano, en representaci\u00f3n de las Comisiones Municipales de Agua Potable y Saneamiento (CMAS) de Xalapa y Emiliano Zapata, la Alcaldesa, Lic. Daniela Griego Ceballos, y el Alcalde, Ing. Daniel Antonio Baizabal Gonz\u00e1lez, firmaron un Convenio de Colaboraci\u00f3n Interinstitucional. Durante el acto en [&hellip;]<\/p>\n","protected":false},"author":2,"featured_media":180046,"comment_status":"closed","ping_status":"closed","sticky":false,"template":"","format":"standard","meta":{"tdm_status":"","tdm_grid_status":"","footnotes":""},"categories":[52572],"tags":[42391,96],"class_list":{"0":"post-180045","1":"post","2":"type-post","3":"status-publish","4":"format-standard","5":"has-post-thumbnail","7":"category-desdelaatenas","8":"tag-daniela-griega","9":"tag-xalapa"},"yoast_head":"<!-- This site is optimized with the Yoast SEO plugin v28.1 - https:\/\/yoast.com\/product\/yoast-seo-wordpress\/ -->\n<title>ENTRE \u201cDANIELES\u201d - Los pol\u00edticos Veracruz<\/title>\n<meta name=\"robots\" content=\"index, follow, max-snippet:-1, max-image-preview:large, max-video-preview:-1\" \/>\n<link rel=\"canonical\" href=\"https:\/\/lospoliticosveracruz.com\/?p=180045\" \/>\n<meta property=\"og:locale\" content=\"es_ES\" \/>\n<meta property=\"og:type\" content=\"article\" \/>\n<meta property=\"og:title\" content=\"ENTRE \u201cDANIELES\u201d - Los pol\u00edticos Veracruz\" \/>\n<meta property=\"og:description\" content=\"Con el fin de garantizar el suministro del agua e impulsar el desarrollo metropolitano, en representaci\u00f3n de las Comisiones Municipales de Agua Potable y Saneamiento (CMAS) de Xalapa y Emiliano Zapata, la Alcaldesa, Lic. Daniela Griego Ceballos, y el Alcalde, Ing. Daniel Antonio Baizabal Gonz\u00e1lez, firmaron un Convenio de Colaboraci\u00f3n Interinstitucional. Durante el acto en [&hellip;]\" \/>\n<meta property=\"og:url\" content=\"https:\/\/lospoliticosveracruz.com\/?p=180045\" \/>\n<meta property=\"og:site_name\" content=\"Los pol\u00edticos Veracruz\" \/>\n<meta property=\"article:publisher\" content=\"https:\/\/www.facebook.com\/people\/Notimemes-de-los-Polticos\/61565672886568\/\" \/>\n<meta property=\"article:published_time\" content=\"2026-09-04T20:36:08+00:00\" \/>\n<meta property=\"article:modified_time\" content=\"2026-09-04T20:36:10+00:00\" \/>\n<meta property=\"og:image\" content=\"https:\/\/lospoliticosveracruz.com\/wp-content\/uploads\/2026\/09\/IMG_4874.jpeg\" \/>\n\t<meta property=\"og:image:width\" content=\"600\" \/>\n\t<meta property=\"og:image:height\" content=\"320\" \/>\n\t<meta property=\"og:image:type\" content=\"image\/jpeg\" \/>\n<meta name=\"author\" content=\"Lo viste en Los Pol\u00edticos\" \/>\n<meta name=\"twitter:card\" content=\"summary_large_image\" \/>\n<meta name=\"twitter:creator\" content=\"@LosPoliticosVer\" \/>\n<meta name=\"twitter:site\" content=\"@LosPoliticosVer\" \/>\n<meta name=\"twitter:label1\" content=\"Escrito por\" \/>\n\t<meta name=\"twitter:data1\" content=\"Lo viste en Los Pol\u00edticos\" \/>\n\t<meta name=\"twitter:label2\" content=\"Tiempo de lectura\" \/>\n\t<meta name=\"twitter:data2\" content=\"3 minutos\" \/>\n<script type=\"application\/ld+json\" class=\"yoast-schema-graph\">{\"@context\":\"https:\\\/\\\/schema.org\",\"@graph\":[{\"@type\":\"Article\",\"@id\":\"https:\\\/\\\/lospoliticosveracruz.com\\\/?p=180045#article\",\"isPartOf\":{\"@id\":\"https:\\\/\\\/lospoliticosveracruz.com\\\/?p=180045\"},\"author\":{\"name\":\"Lo viste en Los Pol\u00edticos\",\"@id\":\"https:\\\/\\\/lospoliticosveracruz.com\\\/#\\\/schema\\\/person\\\/b8702bb0e538456e6efd07080bf2a4a2\"},\"headline\":\"ENTRE \u201cDANIELES\u201d\",\"datePublished\":\"2026-09-04T20:36:08+00:00\",\"dateModified\":\"2026-09-04T20:36:10+00:00\",\"mainEntityOfPage\":{\"@id\":\"https:\\\/\\\/lospoliticosveracruz.com\\\/?p=180045\"},\"wordCount\":436,\"publisher\":{\"@id\":\"https:\\\/\\\/lospoliticosveracruz.com\\\/#organization\"},\"image\":{\"@id\":\"https:\\\/\\\/lospoliticosveracruz.com\\\/?p=180045#primaryimage\"},\"thumbnailUrl\":\"https:\\\/\\\/lospoliticosveracruz.com\\\/wp-content\\\/uploads\\\/2026\\\/09\\\/IMG_4874.jpeg\",\"keywords\":[\"Daniela Griega\",\"Xalapa\"],\"articleSection\":[\"Desde La Atenas\"],\"inLanguage\":\"es\"},{\"@type\":\"WebPage\",\"@id\":\"https:\\\/\\\/lospoliticosveracruz.com\\\/?p=180045\",\"url\":\"https:\\\/\\\/lospoliticosveracruz.com\\\/?p=180045\",\"name\":\"ENTRE \u201cDANIELES\u201d - Los pol\u00edticos Veracruz\",\"isPartOf\":{\"@id\":\"https:\\\/\\\/lospoliticosveracruz.com\\\/#website\"},\"primaryImageOfPage\":{\"@id\":\"https:\\\/\\\/lospoliticosveracruz.com\\\/?p=180045#primaryimage\"},\"image\":{\"@id\":\"https:\\\/\\\/lospoliticosveracruz.com\\\/?p=180045#primaryimage\"},\"thumbnailUrl\":\"https:\\\/\\\/lospoliticosveracruz.com\\\/wp-content\\\/uploads\\\/2026\\\/09\\\/IMG_4874.jpeg\",\"datePublished\":\"2026-09-04T20:36:08+00:00\",\"dateModified\":\"2026-09-04T20:36:10+00:00\",\"breadcrumb\":{\"@id\":\"https:\\\/\\\/lospoliticosveracruz.com\\\/?p=180045#breadcrumb\"},\"inLanguage\":\"es\",\"potentialAction\":[{\"@type\":\"ReadAction\",\"target\":[\"https:\\\/\\\/lospoliticosveracruz.com\\\/?p=180045\"]}]},{\"@type\":\"ImageObject\",\"inLanguage\":\"es\",\"@id\":\"https:\\\/\\\/lospoliticosveracruz.com\\\/?p=180045#primaryimage\",\"url\":\"https:\\\/\\\/lospoliticosveracruz.com\\\/wp-content\\\/uploads\\\/2026\\\/09\\\/IMG_4874.jpeg\",\"contentUrl\":\"https:\\\/\\\/lospoliticosveracruz.com\\\/wp-content\\\/uploads\\\/2026\\\/09\\\/IMG_4874.jpeg\",\"width\":600,\"height\":320},{\"@type\":\"BreadcrumbList\",\"@id\":\"https:\\\/\\\/lospoliticosveracruz.com\\\/?p=180045#breadcrumb\",\"itemListElement\":[{\"@type\":\"ListItem\",\"position\":1,\"name\":\"Portada\",\"item\":\"https:\\\/\\\/lospoliticosveracruz.com\\\/\"},{\"@type\":\"ListItem\",\"position\":2,\"name\":\"ENTRE \u201cDANIELES\u201d\"}]},{\"@type\":\"WebSite\",\"@id\":\"https:\\\/\\\/lospoliticosveracruz.com\\\/#website\",\"url\":\"https:\\\/\\\/lospoliticosveracruz.com\\\/\",\"name\":\"Los pol\u00edticos Veracruz\",\"description\":\"\",\"publisher\":{\"@id\":\"https:\\\/\\\/lospoliticosveracruz.com\\\/#organization\"},\"potentialAction\":[{\"@type\":\"SearchAction\",\"target\":{\"@type\":\"EntryPoint\",\"urlTemplate\":\"https:\\\/\\\/lospoliticosveracruz.com\\\/?s={search_term_string}\"},\"query-input\":{\"@type\":\"PropertyValueSpecification\",\"valueRequired\":true,\"valueName\":\"search_term_string\"}}],\"inLanguage\":\"es\"},{\"@type\":\"Organization\",\"@id\":\"https:\\\/\\\/lospoliticosveracruz.com\\\/#organization\",\"name\":\"Los pol\u00edticos Veracruz\",\"url\":\"https:\\\/\\\/lospoliticosveracruz.com\\\/\",\"logo\":{\"@type\":\"ImageObject\",\"inLanguage\":\"es\",\"@id\":\"https:\\\/\\\/lospoliticosveracruz.com\\\/#\\\/schema\\\/logo\\\/image\\\/\",\"url\":\"https:\\\/\\\/lospoliticosveracruz.com\\\/wp-content\\\/uploads\\\/2025\\\/12\\\/Logo-Nuevo-LOS-POLITICOS-1.jpg\",\"contentUrl\":\"https:\\\/\\\/lospoliticosveracruz.com\\\/wp-content\\\/uploads\\\/2025\\\/12\\\/Logo-Nuevo-LOS-POLITICOS-1.jpg\",\"width\":260,\"height\":70,\"caption\":\"Los pol\u00edticos Veracruz\"},\"image\":{\"@id\":\"https:\\\/\\\/lospoliticosveracruz.com\\\/#\\\/schema\\\/logo\\\/image\\\/\"},\"sameAs\":[\"https:\\\/\\\/www.facebook.com\\\/people\\\/Notimemes-de-los-Polticos\\\/61565672886568\\\/\",\"https:\\\/\\\/x.com\\\/LosPoliticosVer\"]},{\"@type\":\"Person\",\"@id\":\"https:\\\/\\\/lospoliticosveracruz.com\\\/#\\\/schema\\\/person\\\/b8702bb0e538456e6efd07080bf2a4a2\",\"name\":\"Lo viste en Los Pol\u00edticos\",\"image\":{\"@type\":\"ImageObject\",\"inLanguage\":\"es\",\"@id\":\"https:\\\/\\\/secure.gravatar.com\\\/avatar\\\/3a8de04a2656d44082be478bd6c086daa447c4651605818287b9532d3d0bd435?s=96&d=mm&r=g\",\"url\":\"https:\\\/\\\/secure.gravatar.com\\\/avatar\\\/3a8de04a2656d44082be478bd6c086daa447c4651605818287b9532d3d0bd435?s=96&d=mm&r=g\",\"contentUrl\":\"https:\\\/\\\/secure.gravatar.com\\\/avatar\\\/3a8de04a2656d44082be478bd6c086daa447c4651605818287b9532d3d0bd435?s=96&d=mm&r=g\",\"caption\":\"Lo viste en Los Pol\u00edticos\"},\"url\":\"https:\\\/\\\/lospoliticosveracruz.com\\\/?author=2\"}]}<\/script>\n<!-- \/ Yoast SEO plugin. -->","yoast_head_json":{"title":"ENTRE \u201cDANIELES\u201d - Los pol\u00edticos Veracruz","robots":{"index":"index","follow":"follow","max-snippet":"max-snippet:-1","max-image-preview":"max-image-preview:large","max-video-preview":"max-video-preview:-1"},"canonical":"https:\/\/lospoliticosveracruz.com\/?p=180045","og_locale":"es_ES","og_type":"article","og_title":"ENTRE \u201cDANIELES\u201d - Los pol\u00edticos Veracruz","og_description":"Con el fin de garantizar el suministro del agua e impulsar el desarrollo metropolitano, en representaci\u00f3n de las Comisiones Municipales de Agua Potable y Saneamiento (CMAS) de Xalapa y Emiliano Zapata, la Alcaldesa, Lic. Daniela Griego Ceballos, y el Alcalde, Ing. Daniel Antonio Baizabal Gonz\u00e1lez, firmaron un Convenio de Colaboraci\u00f3n Interinstitucional. Durante el acto en [&hellip;]","og_url":"https:\/\/lospoliticosveracruz.com\/?p=180045","og_site_name":"Los pol\u00edticos Veracruz","article_publisher":"https:\/\/www.facebook.com\/people\/Notimemes-de-los-Polticos\/61565672886568\/","article_published_time":"2026-09-04T20:36:08+00:00","article_modified_time":"2026-09-04T20:36:10+00:00","og_image":[{"width":600,"height":320,"url":"https:\/\/lospoliticosveracruz.com\/wp-content\/uploads\/2026\/09\/IMG_4874.jpeg","type":"image\/jpeg"}],"author":"Lo viste en Los Pol\u00edticos","twitter_card":"summary_large_image","twitter_creator":"@LosPoliticosVer","twitter_site":"@LosPoliticosVer","twitter_misc":{"Escrito por":"Lo viste en Los Pol\u00edticos","Tiempo de lectura":"3 minutos"},"schema":{"@context":"https:\/\/schema.org","@graph":[{"@type":"Article","@id":"https:\/\/lospoliticosveracruz.com\/?p=180045#article","isPartOf":{"@id":"https:\/\/lospoliticosveracruz.com\/?p=180045"},"author":{"name":"Lo viste en Los Pol\u00edticos","@id":"https:\/\/lospoliticosveracruz.com\/#\/schema\/person\/b8702bb0e538456e6efd07080bf2a4a2"},"headline":"ENTRE \u201cDANIELES\u201d","datePublished":"2026-09-04T20:36:08+00:00","dateModified":"2026-09-04T20:36:10+00:00","mainEntityOfPage":{"@id":"https:\/\/lospoliticosveracruz.com\/?p=180045"},"wordCount":436,"publisher":{"@id":"https:\/\/lospoliticosveracruz.com\/#organization"},"image":{"@id":"https:\/\/lospoliticosveracruz.com\/?p=180045#primaryimage"},"thumbnailUrl":"https:\/\/lospoliticosveracruz.com\/wp-content\/uploads\/2026\/09\/IMG_4874.jpeg","keywords":["Daniela Griega","Xalapa"],"articleSection":["Desde La Atenas"],"inLanguage":"es"},{"@type":"WebPage","@id":"https:\/\/lospoliticosveracruz.com\/?p=180045","url":"https:\/\/lospoliticosveracruz.com\/?p=180045","name":"ENTRE \u201cDANIELES\u201d - Los pol\u00edticos Veracruz","isPartOf":{"@id":"https:\/\/lospoliticosveracruz.com\/#website"},"primaryImageOfPage":{"@id":"https:\/\/lospoliticosveracruz.com\/?p=180045#primaryimage"},"image":{"@id":"https:\/\/lospoliticosveracruz.com\/?p=180045#primaryimage"},"thumbnailUrl":"https:\/\/lospoliticosveracruz.com\/wp-content\/uploads\/2026\/09\/IMG_4874.jpeg","datePublished":"2026-09-04T20:36:08+00:00","dateModified":"2026-09-04T20:36:10+00:00","breadcrumb":{"@id":"https:\/\/lospoliticosveracruz.com\/?p=180045#breadcrumb"},"inLanguage":"es","potentialAction":[{"@type":"ReadAction","target":["https:\/\/lospoliticosveracruz.com\/?p=180045"]}]},{"@type":"ImageObject","inLanguage":"es","@id":"https:\/\/lospoliticosveracruz.com\/?p=180045#primaryimage","url":"https:\/\/lospoliticosveracruz.com\/wp-content\/uploads\/2026\/09\/IMG_4874.jpeg","contentUrl":"https:\/\/lospoliticosveracruz.com\/wp-content\/uploads\/2026\/09\/IMG_4874.jpeg","width":600,"height":320},{"@type":"BreadcrumbList","@id":"https:\/\/lospoliticosveracruz.com\/?p=180045#breadcrumb","itemListElement":[{"@type":"ListItem","position":1,"name":"Portada","item":"https:\/\/lospoliticosveracruz.com\/"},{"@type":"ListItem","position":2,"name":"ENTRE \u201cDANIELES\u201d"}]},{"@type":"WebSite","@id":"https:\/\/lospoliticosveracruz.com\/#website","url":"https:\/\/lospoliticosveracruz.com\/","name":"Los pol\u00edticos Veracruz","description":"","publisher":{"@id":"https:\/\/lospoliticosveracruz.com\/#organization"},"potentialAction":[{"@type":"SearchAction","target":{"@type":"EntryPoint","urlTemplate":"https:\/\/lospoliticosveracruz.com\/?s={search_term_string}"},"query-input":{"@type":"PropertyValueSpecification","valueRequired":true,"valueName":"search_term_string"}}],"inLanguage":"es"},{"@type":"Organization","@id":"https:\/\/lospoliticosveracruz.com\/#organization","name":"Los pol\u00edticos Veracruz","url":"https:\/\/lospoliticosveracruz.com\/","logo":{"@type":"ImageObject","inLanguage":"es","@id":"https:\/\/lospoliticosveracruz.com\/#\/schema\/logo\/image\/","url":"https:\/\/lospoliticosveracruz.com\/wp-content\/uploads\/2025\/12\/Logo-Nuevo-LOS-POLITICOS-1.jpg","contentUrl":"https:\/\/lospoliticosveracruz.com\/wp-content\/uploads\/2025\/12\/Logo-Nuevo-LOS-POLITICOS-1.jpg","width":260,"height":70,"caption":"Los pol\u00edticos Veracruz"},"image":{"@id":"https:\/\/lospoliticosveracruz.com\/#\/schema\/logo\/image\/"},"sameAs":["https:\/\/www.facebook.com\/people\/Notimemes-de-los-Polticos\/61565672886568\/","https:\/\/x.com\/LosPoliticosVer"]},{"@type":"Person","@id":"https:\/\/lospoliticosveracruz.com\/#\/schema\/person\/b8702bb0e538456e6efd07080bf2a4a2","name":"Lo viste en Los Pol\u00edticos","image":{"@type":"ImageObject","inLanguage":"es","@id":"https:\/\/secure.gravatar.com\/avatar\/3a8de04a2656d44082be478bd6c086daa447c4651605818287b9532d3d0bd435?s=96&d=mm&r=g","url":"https:\/\/secure.gravatar.com\/avatar\/3a8de04a2656d44082be478bd6c086daa447c4651605818287b9532d3d0bd435?s=96&d=mm&r=g","contentUrl":"https:\/\/secure.gravatar.com\/avatar\/3a8de04a2656d44082be478bd6c086daa447c4651605818287b9532d3d0bd435?s=96&d=mm&r=g","caption":"Lo viste en Los Pol\u00edticos"},"url":"https:\/\/lospoliticosveracruz.com\/?author=2"}]}},"_links":{"self":[{"href":"https:\/\/lospoliticosveracruz.com\/index.php?rest_route=\/wp\/v2\/posts\/180045","targetHints":{"allow":["GET"]}}],"collection":[{"href":"https:\/\/lospoliticosveracruz.com\/index.php?rest_route=\/wp\/v2\/posts"}],"about":[{"href":"https:\/\/lospoliticosveracruz.com\/index.php?rest_route=\/wp\/v2\/types\/post"}],"author":[{"embeddable":true,"href":"https:\/\/lospoliticosveracruz.com\/index.php?rest_route=\/wp\/v2\/users\/2"}],"replies":[{"embeddable":true,"href":"https:\/\/lospoliticosveracruz.com\/index.php?rest_route=%2Fwp%2Fv2%2Fcomments&post=180045"}],"version-history":[{"count":1,"href":"https:\/\/lospoliticosveracruz.com\/index.php?rest_route=\/wp\/v2\/posts\/180045\/revisions"}],"predecessor-version":[{"id":180047,"href":"https:\/\/lospoliticosveracruz.com\/index.php?rest_route=\/wp\/v2\/posts\/180045\/revisions\/180047"}],"wp:featuredmedia":[{"embeddable":true,"href":"https:\/\/lospoliticosveracruz.com\/index.php?rest_route=\/wp\/v2\/media\/180046"}],"wp:attachment":[{"href":"https:\/\/lospoliticosveracruz.com\/index.php?rest_route=%2Fwp%2Fv2%2Fmedia&parent=180045"}],"wp:term":[{"taxonomy":"category","embeddable":true,"href":"https:\/\/lospoliticosveracruz.com\/index.php?rest_route=%2Fwp%2Fv2%2Fcategories&post=180045"},{"taxonomy":"post_tag","embeddable":true,"href":"https:\/\/lospoliticosveracruz.com\/index.php?rest_route=%2Fwp%2Fv2%2Ftags&post=180045"}],"curies":[{"name":"wp","href":"https:\/\/api.w.org\/{rel}","templated":true}]}}