{"id":180054,"date":"2026-09-04T17:25:26","date_gmt":"2026-09-04T23:25:26","guid":{"rendered":"https:\/\/lospoliticosveracruz.com\/?p=180054"},"modified":"2026-09-04T17:25:28","modified_gmt":"2026-09-04T23:25:28","slug":"dinamarca-aun-esta-muy-lejos","status":"publish","type":"post","link":"https:\/\/lospoliticosveracruz.com\/?p=180054","title":{"rendered":"DINAMARCA A\u00daN EST\u00c1 MUY LEJOS"},"content":{"rendered":"<div class=\"wp-block-image\">\n<figure class=\"alignleft size-large is-resized\"><a href=\"https:\/\/lospoliticosveracruz.com\/wp-content\/uploads\/2026\/09\/banners-prevencion-suicidio-500x500-1.png\"><img loading=\"lazy\" decoding=\"async\" width=\"1024\" height=\"1024\" src=\"https:\/\/lospoliticosveracruz.com\/wp-content\/uploads\/2026\/09\/banners-prevencion-suicidio-500x500-1-1024x1024.png\" alt=\"\" class=\"wp-image-179740\" style=\"width:476px;height:auto\" srcset=\"https:\/\/lospoliticosveracruz.com\/wp-content\/uploads\/2026\/09\/banners-prevencion-suicidio-500x500-1-1024x1024.png 1024w, https:\/\/lospoliticosveracruz.com\/wp-content\/uploads\/2026\/09\/banners-prevencion-suicidio-500x500-1-300x300.png 300w, https:\/\/lospoliticosveracruz.com\/wp-content\/uploads\/2026\/09\/banners-prevencion-suicidio-500x500-1-150x150.png 150w, https:\/\/lospoliticosveracruz.com\/wp-content\/uploads\/2026\/09\/banners-prevencion-suicidio-500x500-1-768x768.png 768w, https:\/\/lospoliticosveracruz.com\/wp-content\/uploads\/2026\/09\/banners-prevencion-suicidio-500x500-1-1536x1536.png 1536w, https:\/\/lospoliticosveracruz.com\/wp-content\/uploads\/2026\/09\/banners-prevencion-suicidio-500x500-1-2048x2048.png 2048w, https:\/\/lospoliticosveracruz.com\/wp-content\/uploads\/2026\/09\/banners-prevencion-suicidio-500x500-1-420x420.png 420w, https:\/\/lospoliticosveracruz.com\/wp-content\/uploads\/2026\/09\/banners-prevencion-suicidio-500x500-1-696x696.png 696w, https:\/\/lospoliticosveracruz.com\/wp-content\/uploads\/2026\/09\/banners-prevencion-suicidio-500x500-1-1068x1068.png 1068w, https:\/\/lospoliticosveracruz.com\/wp-content\/uploads\/2026\/09\/banners-prevencion-suicidio-500x500-1-1920x1920.png 1920w\" sizes=\"auto, (max-width: 1024px) 100vw, 1024px\" \/><\/a><\/figure>\n<\/div>\n\n\n<p><strong>Vicente Luna Hern\u00e1ndez<\/strong><\/p>\n\n\n\n<p>En un Z\u00f3calo lleno de simpatizantes guindas, en el coraz\u00f3n pol\u00edtico del pa\u00eds, un mensaje llen\u00f3 de jubil\u00f3 los corazones de todos los presentes con una diferencia esencial: unos sab\u00edan que eran falsas esas palabras y la mayor\u00eda con la Esperanza que la m\u00e1xima de \u201cno robar, NO MENTIR y NO TRACIONAR AL PUEBLO\u201d\u2026fuera algo m\u00e1s que un slogan de campa\u00f1a, sin embargo, la realidad se ha encargado de dar de bofetadas al pueblo bueno.<br>Durante su sexto informe de gobierno en el Z\u00f3calo de la ciudad de M\u00e9xico, el Presidente de la Rep\u00fablica se\u00f1al\u00f3 en septiembre de 2024 que el sistema de salud ya superaba \u2013 bendita 4T \u2013 al de Dinamarca\u2026y los daneses se pusieron tristes.<br>Lleno de orgullo el \u201cl\u00edder moral\u201d de Morena se\u00f1al\u00f3:<br>\u201cDije que \u2013 refiri\u00e9ndose al sistema de salud &#8211; iba a ser como el de Dinamarca. No, no es como el de Dinamarca, es mejor que el de Dinamarca\u201d\u2026y el pueblo bueno y sabio presente aplaudi\u00f3 de manera entusiasta, \u00bfel pueblo presente fue m\u00e1s bueno y menos sabio?<br>Al otro d\u00eda lleno de satisfacci\u00f3n y en tono burl\u00f3n, el presidente reconoci\u00f3 &#8211; entre risas miserables \u2013 que su afirmaci\u00f3n tuvo un \u201cplan con ma\u00f1a\u201d para provocar titulares y llamar la atenci\u00f3n de la prensa, as\u00ed como tambi\u00e9n, me imagino para darle motivos a la oposici\u00f3n de descargar su \u201cfuria\u201d contra \u00e9l, \u00bftuvo un costo pol\u00edtico semejante burla al pueblo bueno y sabio? Ninguna.<br>Hoy en Veracruz hay protestas del personal m\u00e9dico por varios motivos, hoy la poblaci\u00f3n &#8211; tal vez algunos estuvieron en el Z\u00f3calo en septiembre del 2025 \u2013 son testigos y v\u00edctimas de la pobreza material y de la falta de especialistas en el sistema de salud en Veracruz, \u00bfpor qu\u00e9 el pueblo a veces es m\u00e1s bueno que sabio?<br>Ante los reclamos del personal m\u00e9dico y pacientes molestos al descubrir que no est\u00e1n en Dinamarca, el gobierno del Estado inform\u00f3 que Veracruz invertir\u00e1 Mil millones de pesos para atender estas carencias que atentan contra la salud y la vida del pueblo que es testigo que la transformaci\u00f3n no ha llegado al sistema de salud.<br>Veracruz cuenta con 60 unidades hospitalarias incorporadas al IMSS- BIENESTAR, esos \u2013 presuntamente &#8211; mil millones ser\u00e1n canalizados para la adquisici\u00f3n de medicamentos, material de curaci\u00f3n y otros insumos que requieren hospitales y centros de salud, \u00bfpor qu\u00e9 esperar a la protesta social? \u00bfAcaso la Secretar\u00eda de Salud y el Coordinador estatal del IMSS- BIENESTAR ignoran la realidad que se respira en el sistema de salud? \u00bfO es acaso que ellos s\u00ed est\u00e1n convencidos que Dinamarca tiene que alzar la vista para ver el sistema de salud de M\u00e9xico?<br>Hay una realidad que no se puede ni debe ocultar, las carencias en medicamentos e insumos en el sistema de salud y los representantes populares \u2013 incluidos los de la alianza oficial \u2013 deben poner en la mesa de discusi\u00f3n y de debates en todo momento, es la salud y la vida de la poblaci\u00f3n que est\u00e1 en riesgo, es cierto, hay carencias materiales, se requieren m\u00e1s y mejores instalaciones y surtido eficaz de medicinas, se requiere el n\u00famero necesario de m\u00e9dicos especialistas, eso es parte de la responsabilidad de todo gobierno, sin embargo, hay un \u201cdetalle\u201d que no depende de alguna dependencia oficial, simplemente se necesita:<br>Atenci\u00f3n, calidez, paciencia, sencillez y empat\u00eda por parte del personal tanto m\u00e9dico como administrativo de todo centro de salud, no podemos culpa a la secretaria, al coordinador ni mucho menos a la Gobernadora del trato grosero, insensible y algunas veces d\u00e9spota de quienes tienen el orgullo de formar parte de una dependencia con alto impacto social al proteger la vida y bienestar del enfermo y de sus familiares.<br>Hay un caso que llama la atenci\u00f3n, el hospital Regional ubicado en Ciudad Isla, a\u00f1os vienen y a\u00f1os van, diputadas y diputados de todos los partidos lo han visitado como candidatos pero no regresaron como legisladores, \u00bfpor qu\u00e9 los familiares deben estar a la intemperie al visitar a sus enfermos? \u00bfPor qu\u00e9 tienen que viajar largas distancias \u2013 con todo lo que eso implica \u2013 m\u00e1s gastos econ\u00f3micos, m\u00e1s desgaste f\u00edsico de enfermos y familiares, m\u00e1s tiempo en trayectos largos para la atenci\u00f3n m\u00e9dica ante la falta de m\u00e9dicos especialistas? \u00bfQu\u00e9 debe pasar para que ese hospital le haga honor a la categor\u00eda en la que est\u00e1 ubicado? \u00bfPor qu\u00e9 viajar a hospitales de Jos\u00e9 Azueta, Minatitl\u00e1n y Veracruz poniendo en riesgo la salud de los enfermos? \u00bfQu\u00e9 debe suceder para que el Hospital Regional de Ciudad Isla deje de ser un \u201celefante blanco\u201d y ser un elefante dan\u00e9s?<br>La verdadera transformaci\u00f3n no son los llenos en el Z\u00f3calo de la Ciudad de M\u00e9xico, la transformaci\u00f3n no puede ni debe ser de cuarta, la trasformaci\u00f3n es la suma de voluntades de todo gobierno para atender y resolver toda demanda justa que tenga que ver con el bienestar de la poblaci\u00f3n, la trasformaci\u00f3n se debe respirar en todo hospital y centro de salud, para ello, no solo el gobierno debe asumir sus responsabilidades, seguramente el personal m\u00e9dico y administrativo juega un papel vital para que m\u00e1s all\u00e1 de ser llamada la 4, 5 o 6, realmente la transformaci\u00f3n sea una realidad aunque Dinamarca nos quede lejos de M\u00e9xico.<br>P D.- Con el \u00e1nimo que las y los ciudadanos de Ciudad Isla y municipios vecinos, de manera organizada y dentro del marco legal, defiendan su derecho a una salud digna\u2026Escribir\u00e9 otro d\u00eda.<\/p>\n","protected":false},"excerpt":{"rendered":"<p>Vicente Luna Hern\u00e1ndez En un Z\u00f3calo lleno de simpatizantes guindas, en el coraz\u00f3n pol\u00edtico del pa\u00eds, un mensaje llen\u00f3 de jubil\u00f3 los corazones de todos los presentes con una diferencia esencial: unos sab\u00edan que eran falsas esas palabras y la mayor\u00eda con la Esperanza que la m\u00e1xima de \u201cno robar, NO MENTIR y NO TRACIONAR [&hellip;]<\/p>\n","protected":false},"author":2,"featured_media":141415,"comment_status":"closed","ping_status":"closed","sticky":false,"template":"","format":"standard","meta":{"tdm_status":"","tdm_grid_status":"","footnotes":""},"categories":[70],"tags":[13602,11187,13470,7076,1090,195,15667],"class_list":{"0":"post-180054","1":"post","2":"type-post","3":"status-publish","4":"format-standard","5":"has-post-thumbnail","7":"category-de-opinion","8":"tag-ciudad-isla","9":"tag-hospitales","10":"tag-imss-bienestar","11":"tag-medicamentos","12":"tag-sector-salud","13":"tag-veracruz","14":"tag-vicente-luna-hernandez"},"yoast_head":"<!-- This site is optimized with the Yoast SEO plugin v28.1 - https:\/\/yoast.com\/product\/yoast-seo-wordpress\/ -->\n<title>DINAMARCA A\u00daN EST\u00c1 MUY LEJOS - Los pol\u00edticos Veracruz<\/title>\n<meta name=\"robots\" content=\"index, follow, max-snippet:-1, max-image-preview:large, max-video-preview:-1\" \/>\n<link rel=\"canonical\" href=\"https:\/\/lospoliticosveracruz.com\/?p=180054\" \/>\n<meta property=\"og:locale\" content=\"es_ES\" \/>\n<meta property=\"og:type\" content=\"article\" \/>\n<meta property=\"og:title\" content=\"DINAMARCA A\u00daN EST\u00c1 MUY LEJOS - Los pol\u00edticos Veracruz\" \/>\n<meta property=\"og:description\" content=\"Vicente Luna Hern\u00e1ndez En un Z\u00f3calo lleno de simpatizantes guindas, en el coraz\u00f3n pol\u00edtico del pa\u00eds, un mensaje llen\u00f3 de jubil\u00f3 los corazones de todos los presentes con una diferencia esencial: unos sab\u00edan que eran falsas esas palabras y la mayor\u00eda con la Esperanza que la m\u00e1xima de \u201cno robar, NO MENTIR y NO TRACIONAR [&hellip;]\" \/>\n<meta property=\"og:url\" content=\"https:\/\/lospoliticosveracruz.com\/?p=180054\" \/>\n<meta property=\"og:site_name\" content=\"Los pol\u00edticos Veracruz\" \/>\n<meta property=\"article:publisher\" content=\"https:\/\/www.facebook.com\/people\/Notimemes-de-los-Polticos\/61565672886568\/\" \/>\n<meta property=\"article:published_time\" content=\"2026-09-04T23:25:26+00:00\" \/>\n<meta property=\"article:modified_time\" content=\"2026-09-04T23:25:28+00:00\" \/>\n<meta property=\"og:image\" content=\"https:\/\/lospoliticosveracruz.com\/wp-content\/uploads\/2025\/04\/Vicente-Luna-Hernandez.jpg\" \/>\n\t<meta property=\"og:image:width\" content=\"1250\" \/>\n\t<meta property=\"og:image:height\" content=\"667\" \/>\n\t<meta property=\"og:image:type\" content=\"image\/jpeg\" \/>\n<meta name=\"author\" content=\"Lo viste en Los Pol\u00edticos\" \/>\n<meta name=\"twitter:card\" content=\"summary_large_image\" \/>\n<meta name=\"twitter:creator\" content=\"@LosPoliticosVer\" \/>\n<meta name=\"twitter:site\" content=\"@LosPoliticosVer\" \/>\n<meta name=\"twitter:label1\" content=\"Escrito por\" \/>\n\t<meta name=\"twitter:data1\" content=\"Lo viste en Los Pol\u00edticos\" \/>\n\t<meta name=\"twitter:label2\" content=\"Tiempo de lectura\" \/>\n\t<meta name=\"twitter:data2\" content=\"5 minutos\" \/>\n<script type=\"application\/ld+json\" class=\"yoast-schema-graph\">{\"@context\":\"https:\\\/\\\/schema.org\",\"@graph\":[{\"@type\":\"Article\",\"@id\":\"https:\\\/\\\/lospoliticosveracruz.com\\\/?p=180054#article\",\"isPartOf\":{\"@id\":\"https:\\\/\\\/lospoliticosveracruz.com\\\/?p=180054\"},\"author\":{\"name\":\"Lo viste en Los Pol\u00edticos\",\"@id\":\"https:\\\/\\\/lospoliticosveracruz.com\\\/#\\\/schema\\\/person\\\/b8702bb0e538456e6efd07080bf2a4a2\"},\"headline\":\"DINAMARCA A\u00daN EST\u00c1 MUY LEJOS\",\"datePublished\":\"2026-09-04T23:25:26+00:00\",\"dateModified\":\"2026-09-04T23:25:28+00:00\",\"mainEntityOfPage\":{\"@id\":\"https:\\\/\\\/lospoliticosveracruz.com\\\/?p=180054\"},\"wordCount\":982,\"publisher\":{\"@id\":\"https:\\\/\\\/lospoliticosveracruz.com\\\/#organization\"},\"image\":{\"@id\":\"https:\\\/\\\/lospoliticosveracruz.com\\\/?p=180054#primaryimage\"},\"thumbnailUrl\":\"https:\\\/\\\/lospoliticosveracruz.com\\\/wp-content\\\/uploads\\\/2025\\\/04\\\/Vicente-Luna-Hernandez.jpg\",\"keywords\":[\"Ciudad Isla\",\"Hospitales\",\"IMSS-Bienestar\",\"Medicamentos\",\"Sector Salud\",\"Veracruz\",\"Vicente Luna Hern\u00e1ndez\"],\"articleSection\":[\"De Opini\u00f3n\"],\"inLanguage\":\"es\"},{\"@type\":\"WebPage\",\"@id\":\"https:\\\/\\\/lospoliticosveracruz.com\\\/?p=180054\",\"url\":\"https:\\\/\\\/lospoliticosveracruz.com\\\/?p=180054\",\"name\":\"DINAMARCA A\u00daN EST\u00c1 MUY LEJOS - Los pol\u00edticos Veracruz\",\"isPartOf\":{\"@id\":\"https:\\\/\\\/lospoliticosveracruz.com\\\/#website\"},\"primaryImageOfPage\":{\"@id\":\"https:\\\/\\\/lospoliticosveracruz.com\\\/?p=180054#primaryimage\"},\"image\":{\"@id\":\"https:\\\/\\\/lospoliticosveracruz.com\\\/?p=180054#primaryimage\"},\"thumbnailUrl\":\"https:\\\/\\\/lospoliticosveracruz.com\\\/wp-content\\\/uploads\\\/2025\\\/04\\\/Vicente-Luna-Hernandez.jpg\",\"datePublished\":\"2026-09-04T23:25:26+00:00\",\"dateModified\":\"2026-09-04T23:25:28+00:00\",\"breadcrumb\":{\"@id\":\"https:\\\/\\\/lospoliticosveracruz.com\\\/?p=180054#breadcrumb\"},\"inLanguage\":\"es\",\"potentialAction\":[{\"@type\":\"ReadAction\",\"target\":[\"https:\\\/\\\/lospoliticosveracruz.com\\\/?p=180054\"]}]},{\"@type\":\"ImageObject\",\"inLanguage\":\"es\",\"@id\":\"https:\\\/\\\/lospoliticosveracruz.com\\\/?p=180054#primaryimage\",\"url\":\"https:\\\/\\\/lospoliticosveracruz.com\\\/wp-content\\\/uploads\\\/2025\\\/04\\\/Vicente-Luna-Hernandez.jpg\",\"contentUrl\":\"https:\\\/\\\/lospoliticosveracruz.com\\\/wp-content\\\/uploads\\\/2025\\\/04\\\/Vicente-Luna-Hernandez.jpg\",\"width\":1250,\"height\":667},{\"@type\":\"BreadcrumbList\",\"@id\":\"https:\\\/\\\/lospoliticosveracruz.com\\\/?p=180054#breadcrumb\",\"itemListElement\":[{\"@type\":\"ListItem\",\"position\":1,\"name\":\"Portada\",\"item\":\"https:\\\/\\\/lospoliticosveracruz.com\\\/\"},{\"@type\":\"ListItem\",\"position\":2,\"name\":\"DINAMARCA A\u00daN EST\u00c1 MUY LEJOS\"}]},{\"@type\":\"WebSite\",\"@id\":\"https:\\\/\\\/lospoliticosveracruz.com\\\/#website\",\"url\":\"https:\\\/\\\/lospoliticosveracruz.com\\\/\",\"name\":\"Los pol\u00edticos Veracruz\",\"description\":\"\",\"publisher\":{\"@id\":\"https:\\\/\\\/lospoliticosveracruz.com\\\/#organization\"},\"potentialAction\":[{\"@type\":\"SearchAction\",\"target\":{\"@type\":\"EntryPoint\",\"urlTemplate\":\"https:\\\/\\\/lospoliticosveracruz.com\\\/?s={search_term_string}\"},\"query-input\":{\"@type\":\"PropertyValueSpecification\",\"valueRequired\":true,\"valueName\":\"search_term_string\"}}],\"inLanguage\":\"es\"},{\"@type\":\"Organization\",\"@id\":\"https:\\\/\\\/lospoliticosveracruz.com\\\/#organization\",\"name\":\"Los pol\u00edticos Veracruz\",\"url\":\"https:\\\/\\\/lospoliticosveracruz.com\\\/\",\"logo\":{\"@type\":\"ImageObject\",\"inLanguage\":\"es\",\"@id\":\"https:\\\/\\\/lospoliticosveracruz.com\\\/#\\\/schema\\\/logo\\\/image\\\/\",\"url\":\"https:\\\/\\\/lospoliticosveracruz.com\\\/wp-content\\\/uploads\\\/2025\\\/12\\\/Logo-Nuevo-LOS-POLITICOS-1.jpg\",\"contentUrl\":\"https:\\\/\\\/lospoliticosveracruz.com\\\/wp-content\\\/uploads\\\/2025\\\/12\\\/Logo-Nuevo-LOS-POLITICOS-1.jpg\",\"width\":260,\"height\":70,\"caption\":\"Los pol\u00edticos Veracruz\"},\"image\":{\"@id\":\"https:\\\/\\\/lospoliticosveracruz.com\\\/#\\\/schema\\\/logo\\\/image\\\/\"},\"sameAs\":[\"https:\\\/\\\/www.facebook.com\\\/people\\\/Notimemes-de-los-Polticos\\\/61565672886568\\\/\",\"https:\\\/\\\/x.com\\\/LosPoliticosVer\"]},{\"@type\":\"Person\",\"@id\":\"https:\\\/\\\/lospoliticosveracruz.com\\\/#\\\/schema\\\/person\\\/b8702bb0e538456e6efd07080bf2a4a2\",\"name\":\"Lo viste en Los Pol\u00edticos\",\"image\":{\"@type\":\"ImageObject\",\"inLanguage\":\"es\",\"@id\":\"https:\\\/\\\/secure.gravatar.com\\\/avatar\\\/3a8de04a2656d44082be478bd6c086daa447c4651605818287b9532d3d0bd435?s=96&d=mm&r=g\",\"url\":\"https:\\\/\\\/secure.gravatar.com\\\/avatar\\\/3a8de04a2656d44082be478bd6c086daa447c4651605818287b9532d3d0bd435?s=96&d=mm&r=g\",\"contentUrl\":\"https:\\\/\\\/secure.gravatar.com\\\/avatar\\\/3a8de04a2656d44082be478bd6c086daa447c4651605818287b9532d3d0bd435?s=96&d=mm&r=g\",\"caption\":\"Lo viste en Los Pol\u00edticos\"},\"url\":\"https:\\\/\\\/lospoliticosveracruz.com\\\/?author=2\"}]}<\/script>\n<!-- \/ Yoast SEO plugin. -->","yoast_head_json":{"title":"DINAMARCA A\u00daN EST\u00c1 MUY LEJOS - Los pol\u00edticos Veracruz","robots":{"index":"index","follow":"follow","max-snippet":"max-snippet:-1","max-image-preview":"max-image-preview:large","max-video-preview":"max-video-preview:-1"},"canonical":"https:\/\/lospoliticosveracruz.com\/?p=180054","og_locale":"es_ES","og_type":"article","og_title":"DINAMARCA A\u00daN EST\u00c1 MUY LEJOS - Los pol\u00edticos Veracruz","og_description":"Vicente Luna Hern\u00e1ndez En un Z\u00f3calo lleno de simpatizantes guindas, en el coraz\u00f3n pol\u00edtico del pa\u00eds, un mensaje llen\u00f3 de jubil\u00f3 los corazones de todos los presentes con una diferencia esencial: unos sab\u00edan que eran falsas esas palabras y la mayor\u00eda con la Esperanza que la m\u00e1xima de \u201cno robar, NO MENTIR y NO TRACIONAR [&hellip;]","og_url":"https:\/\/lospoliticosveracruz.com\/?p=180054","og_site_name":"Los pol\u00edticos Veracruz","article_publisher":"https:\/\/www.facebook.com\/people\/Notimemes-de-los-Polticos\/61565672886568\/","article_published_time":"2026-09-04T23:25:26+00:00","article_modified_time":"2026-09-04T23:25:28+00:00","og_image":[{"width":1250,"height":667,"url":"https:\/\/lospoliticosveracruz.com\/wp-content\/uploads\/2025\/04\/Vicente-Luna-Hernandez.jpg","type":"image\/jpeg"}],"author":"Lo viste en Los Pol\u00edticos","twitter_card":"summary_large_image","twitter_creator":"@LosPoliticosVer","twitter_site":"@LosPoliticosVer","twitter_misc":{"Escrito por":"Lo viste en Los Pol\u00edticos","Tiempo de lectura":"5 minutos"},"schema":{"@context":"https:\/\/schema.org","@graph":[{"@type":"Article","@id":"https:\/\/lospoliticosveracruz.com\/?p=180054#article","isPartOf":{"@id":"https:\/\/lospoliticosveracruz.com\/?p=180054"},"author":{"name":"Lo viste en Los Pol\u00edticos","@id":"https:\/\/lospoliticosveracruz.com\/#\/schema\/person\/b8702bb0e538456e6efd07080bf2a4a2"},"headline":"DINAMARCA A\u00daN EST\u00c1 MUY LEJOS","datePublished":"2026-09-04T23:25:26+00:00","dateModified":"2026-09-04T23:25:28+00:00","mainEntityOfPage":{"@id":"https:\/\/lospoliticosveracruz.com\/?p=180054"},"wordCount":982,"publisher":{"@id":"https:\/\/lospoliticosveracruz.com\/#organization"},"image":{"@id":"https:\/\/lospoliticosveracruz.com\/?p=180054#primaryimage"},"thumbnailUrl":"https:\/\/lospoliticosveracruz.com\/wp-content\/uploads\/2025\/04\/Vicente-Luna-Hernandez.jpg","keywords":["Ciudad Isla","Hospitales","IMSS-Bienestar","Medicamentos","Sector Salud","Veracruz","Vicente Luna Hern\u00e1ndez"],"articleSection":["De Opini\u00f3n"],"inLanguage":"es"},{"@type":"WebPage","@id":"https:\/\/lospoliticosveracruz.com\/?p=180054","url":"https:\/\/lospoliticosveracruz.com\/?p=180054","name":"DINAMARCA A\u00daN EST\u00c1 MUY LEJOS - Los pol\u00edticos Veracruz","isPartOf":{"@id":"https:\/\/lospoliticosveracruz.com\/#website"},"primaryImageOfPage":{"@id":"https:\/\/lospoliticosveracruz.com\/?p=180054#primaryimage"},"image":{"@id":"https:\/\/lospoliticosveracruz.com\/?p=180054#primaryimage"},"thumbnailUrl":"https:\/\/lospoliticosveracruz.com\/wp-content\/uploads\/2025\/04\/Vicente-Luna-Hernandez.jpg","datePublished":"2026-09-04T23:25:26+00:00","dateModified":"2026-09-04T23:25:28+00:00","breadcrumb":{"@id":"https:\/\/lospoliticosveracruz.com\/?p=180054#breadcrumb"},"inLanguage":"es","potentialAction":[{"@type":"ReadAction","target":["https:\/\/lospoliticosveracruz.com\/?p=180054"]}]},{"@type":"ImageObject","inLanguage":"es","@id":"https:\/\/lospoliticosveracruz.com\/?p=180054#primaryimage","url":"https:\/\/lospoliticosveracruz.com\/wp-content\/uploads\/2025\/04\/Vicente-Luna-Hernandez.jpg","contentUrl":"https:\/\/lospoliticosveracruz.com\/wp-content\/uploads\/2025\/04\/Vicente-Luna-Hernandez.jpg","width":1250,"height":667},{"@type":"BreadcrumbList","@id":"https:\/\/lospoliticosveracruz.com\/?p=180054#breadcrumb","itemListElement":[{"@type":"ListItem","position":1,"name":"Portada","item":"https:\/\/lospoliticosveracruz.com\/"},{"@type":"ListItem","position":2,"name":"DINAMARCA A\u00daN EST\u00c1 MUY LEJOS"}]},{"@type":"WebSite","@id":"https:\/\/lospoliticosveracruz.com\/#website","url":"https:\/\/lospoliticosveracruz.com\/","name":"Los pol\u00edticos Veracruz","description":"","publisher":{"@id":"https:\/\/lospoliticosveracruz.com\/#organization"},"potentialAction":[{"@type":"SearchAction","target":{"@type":"EntryPoint","urlTemplate":"https:\/\/lospoliticosveracruz.com\/?s={search_term_string}"},"query-input":{"@type":"PropertyValueSpecification","valueRequired":true,"valueName":"search_term_string"}}],"inLanguage":"es"},{"@type":"Organization","@id":"https:\/\/lospoliticosveracruz.com\/#organization","name":"Los pol\u00edticos Veracruz","url":"https:\/\/lospoliticosveracruz.com\/","logo":{"@type":"ImageObject","inLanguage":"es","@id":"https:\/\/lospoliticosveracruz.com\/#\/schema\/logo\/image\/","url":"https:\/\/lospoliticosveracruz.com\/wp-content\/uploads\/2025\/12\/Logo-Nuevo-LOS-POLITICOS-1.jpg","contentUrl":"https:\/\/lospoliticosveracruz.com\/wp-content\/uploads\/2025\/12\/Logo-Nuevo-LOS-POLITICOS-1.jpg","width":260,"height":70,"caption":"Los pol\u00edticos Veracruz"},"image":{"@id":"https:\/\/lospoliticosveracruz.com\/#\/schema\/logo\/image\/"},"sameAs":["https:\/\/www.facebook.com\/people\/Notimemes-de-los-Polticos\/61565672886568\/","https:\/\/x.com\/LosPoliticosVer"]},{"@type":"Person","@id":"https:\/\/lospoliticosveracruz.com\/#\/schema\/person\/b8702bb0e538456e6efd07080bf2a4a2","name":"Lo viste en Los Pol\u00edticos","image":{"@type":"ImageObject","inLanguage":"es","@id":"https:\/\/secure.gravatar.com\/avatar\/3a8de04a2656d44082be478bd6c086daa447c4651605818287b9532d3d0bd435?s=96&d=mm&r=g","url":"https:\/\/secure.gravatar.com\/avatar\/3a8de04a2656d44082be478bd6c086daa447c4651605818287b9532d3d0bd435?s=96&d=mm&r=g","contentUrl":"https:\/\/secure.gravatar.com\/avatar\/3a8de04a2656d44082be478bd6c086daa447c4651605818287b9532d3d0bd435?s=96&d=mm&r=g","caption":"Lo viste en Los Pol\u00edticos"},"url":"https:\/\/lospoliticosveracruz.com\/?author=2"}]}},"_links":{"self":[{"href":"https:\/\/lospoliticosveracruz.com\/index.php?rest_route=\/wp\/v2\/posts\/180054","targetHints":{"allow":["GET"]}}],"collection":[{"href":"https:\/\/lospoliticosveracruz.com\/index.php?rest_route=\/wp\/v2\/posts"}],"about":[{"href":"https:\/\/lospoliticosveracruz.com\/index.php?rest_route=\/wp\/v2\/types\/post"}],"author":[{"embeddable":true,"href":"https:\/\/lospoliticosveracruz.com\/index.php?rest_route=\/wp\/v2\/users\/2"}],"replies":[{"embeddable":true,"href":"https:\/\/lospoliticosveracruz.com\/index.php?rest_route=%2Fwp%2Fv2%2Fcomments&post=180054"}],"version-history":[{"count":1,"href":"https:\/\/lospoliticosveracruz.com\/index.php?rest_route=\/wp\/v2\/posts\/180054\/revisions"}],"predecessor-version":[{"id":180055,"href":"https:\/\/lospoliticosveracruz.com\/index.php?rest_route=\/wp\/v2\/posts\/180054\/revisions\/180055"}],"wp:featuredmedia":[{"embeddable":true,"href":"https:\/\/lospoliticosveracruz.com\/index.php?rest_route=\/wp\/v2\/media\/141415"}],"wp:attachment":[{"href":"https:\/\/lospoliticosveracruz.com\/index.php?rest_route=%2Fwp%2Fv2%2Fmedia&parent=180054"}],"wp:term":[{"taxonomy":"category","embeddable":true,"href":"https:\/\/lospoliticosveracruz.com\/index.php?rest_route=%2Fwp%2Fv2%2Fcategories&post=180054"},{"taxonomy":"post_tag","embeddable":true,"href":"https:\/\/lospoliticosveracruz.com\/index.php?rest_route=%2Fwp%2Fv2%2Ftags&post=180054"}],"curies":[{"name":"wp","href":"https:\/\/api.w.org\/{rel}","templated":true}]}}