{"id":180056,"date":"2026-09-04T18:00:04","date_gmt":"2026-09-05T00:00:04","guid":{"rendered":"https:\/\/lospoliticosveracruz.com\/?p=180056"},"modified":"2026-09-04T18:00:07","modified_gmt":"2026-09-05T00:00:07","slug":"raul-de-la-huerta-valdes-un-gran-abogado","status":"publish","type":"post","link":"https:\/\/lospoliticosveracruz.com\/?p=180056","title":{"rendered":"RA\u00daL DE LA HUERTA VALD\u00c9S, UN GRAN ABOGADO"},"content":{"rendered":"<div class=\"wp-block-image\">\n<figure class=\"alignleft size-medium is-resized\"><a href=\"https:\/\/lospoliticosveracruz.com\/wp-content\/uploads\/2026\/09\/no-ala-pirotecnia-medio_300x300png.png\"><img loading=\"lazy\" decoding=\"async\" width=\"300\" height=\"300\" src=\"https:\/\/lospoliticosveracruz.com\/wp-content\/uploads\/2026\/09\/no-ala-pirotecnia-medio_300x300png-300x300.png\" alt=\"\" class=\"wp-image-179741\" style=\"width:425px;height:auto\" srcset=\"https:\/\/lospoliticosveracruz.com\/wp-content\/uploads\/2026\/09\/no-ala-pirotecnia-medio_300x300png-300x300.png 300w, https:\/\/lospoliticosveracruz.com\/wp-content\/uploads\/2026\/09\/no-ala-pirotecnia-medio_300x300png-1024x1024.png 1024w, https:\/\/lospoliticosveracruz.com\/wp-content\/uploads\/2026\/09\/no-ala-pirotecnia-medio_300x300png-150x150.png 150w, https:\/\/lospoliticosveracruz.com\/wp-content\/uploads\/2026\/09\/no-ala-pirotecnia-medio_300x300png-768x768.png 768w, https:\/\/lospoliticosveracruz.com\/wp-content\/uploads\/2026\/09\/no-ala-pirotecnia-medio_300x300png-420x420.png 420w, https:\/\/lospoliticosveracruz.com\/wp-content\/uploads\/2026\/09\/no-ala-pirotecnia-medio_300x300png-696x696.png 696w, https:\/\/lospoliticosveracruz.com\/wp-content\/uploads\/2026\/09\/no-ala-pirotecnia-medio_300x300png-1068x1068.png 1068w, https:\/\/lospoliticosveracruz.com\/wp-content\/uploads\/2026\/09\/no-ala-pirotecnia-medio_300x300png.png 1250w\" sizes=\"auto, (max-width: 300px) 100vw, 300px\" \/><\/a><\/figure>\n<\/div>\n\n\n\n\n<p><strong>Severo Francisco Mar Morales<\/strong><\/p>\n\n\n\n<p><em>Banquillo Pol\u00edtico<\/em><\/p>\n\n\n\n<p>El pujante municipio de Poza Rica no olvida a quienes le dieron luz donde hab\u00eda petr\u00f3leo y oscurantismo jur\u00eddico. Este s\u00e1bado 5 de septiembre a las 12 del d\u00eda, en el Auditorio Adela del Toro, de la calle Doce # 215, en la Colonia Cazones, la Universidad Veracruzana har\u00e1 lo que pocas veces hace: reconocer en vida a uno de los suyos.<\/p>\n\n\n\n<p>El Sistema de Ense\u00f1anza Abierta (SEA), Regi\u00f3n Poza Rica-Tuxpan, en alianza con la Barra Independiente de Abogados A.C., rendir\u00e1 homenaje Acad\u00e9mico e Institucional al LIC. RA\u00daL DE LA HUERTA VALD\u00c9S.<\/p>\n\n\n\n<p>Y no es para menos; De la Huerta Vald\u00e9s no fue un Magistrado de Escritorio. Fue de los que entendieron que el Derecho no se imparte solo desde Xalapa. Como Magistrado de la Sala Constitucional del Tribunal Superior de Justicia de Veracruz, toc\u00f3 la parte m\u00e1s fina del Poder Judicial; la que decide si una Ley es o no Constitucional. Como Secretario del Jurado Examinador del Instituto de Capacitaci\u00f3n Judicial le toco ser un gran Sinodal.<\/p>\n\n\n\n<p>Su verdadera trinchera fue en m\u00faltiples ocasiones en Poza Rica, cuando nadie apostaba por el SEA en el Norte, \u00e9l como Exdelegado Universitario de la UV, carg\u00f3 con la Universidad Veracruzana al hombro. Convirti\u00f3 un Sistema Abierto en una verdadera escuela de Abogados. De ah\u00ed salieron litigantes, Ministerios P\u00fablicos, Jueces Municipales y Defensores que hoy despachan y atienden en todo el Estado. El ciment\u00f3 como bien dice la invitaci\u00f3n a la Universidad Veracruzana.<\/p>\n\n\n\n<p>Y lo m\u00e1s importante: hizo familia. Y qu\u00e9 familia.<\/p>\n\n\n\n<p>De la Huerta Vald\u00e9s es el patriarca de una dinast\u00eda jur\u00eddica que pocos pueden presumir en Veracruz.<\/p>\n\n\n\n<p>Sus hijos, RAFAEL DE LA HUERTA MANJARREZ, hoy Notario P\u00fablico N\u00famero16 de Xalapa, la capital, cuna de la pol\u00edtica veracruzana. Notario de fuste, de los que dan fe no solo de firmas, sino tambi\u00e9n de la historia pol\u00edtica del Estado.<\/p>\n\n\n\n<p>Su otro hijo, JORGE DE LA HUERTA MANJARREZ, Notario P\u00fablico N\u00famero 12 del Puerto de Veracruz. En el puerto, donde el Derecho Mercantil huele a mar y a aduana, ah\u00ed despacha Jorge, con la misma escuela de su apreciado Padre: seriedad y Derecho.<\/p>\n\n\n\n<p>Y el tercero, RA\u00daL DE LA HUERTA MANJARREZ, que no se inclin\u00f3 por la apasionante carrera del notariado, y hoy en d\u00eda es el Director del Archivo General del Estado (AGEV). Es decir, el custodio de la historia de Veracruz. El que guarda los Decretos, las Actas las huellas de los Tejeda, de los Jara de los gobernadores que pasaron. No es casualidad: de tal palo, tal astilla.<\/p>\n\n\n\n<p>Tres hijos, tres trincheras del Derecho: la fe p\u00fablica en Xalapa, la fe p\u00fablica en Veracruz, y la memoria hist\u00f3rica del Estado.<\/p>\n\n\n\n<p>Por eso el homenaje de este s\u00e1bado no es solo a un Magistrado. Es a una escuela. A una forma de entender el Derecho como servicio y como familia.<\/p>\n\n\n\n<p>En tiempos donde el Poder Judicial est\u00e1 bajo fuego, donde se habla de Reforma Judicial y de nuevos Magistrados, vale la pena voltear a ver a los que hicieron carrera sin esc\u00e1ndalos, sin reflectores, pero con alumnos que hoy los recuerdan con aprecio y con alta estima.<\/p>\n\n\n\n<p>La cita es este s\u00e1bado 5 de septiembre a las 12 horas en el Auditorio Adela del Toro. Ah\u00ed estar\u00e1 la Universidad Veracruzana, la Barra Independiente de Abogados, acudir\u00e1n los colegas abogados del SEA, y estaremos los que creemos que Poza Rica tambi\u00e9n es tierra de grandes juristas y no solo de petroleros.<\/p>\n\n\n\n<p>Enhorabuena para Don RA\u00daL DE LA HUERTA VALD\u00c9S.<\/p>\n\n\n\n<p>\u00a1HONOR A QUIEN HONOR MERECE!<\/p>\n\n\n\n<p>@pamar0712<\/p>\n\n\n\n<p>pamar0712@hotmail.com<\/p>\n\n\n\n<p><\/p>\n","protected":false},"excerpt":{"rendered":"<p>Severo Francisco Mar Morales Banquillo Pol\u00edtico El pujante municipio de Poza Rica no olvida a quienes le dieron luz donde hab\u00eda petr\u00f3leo y oscurantismo jur\u00eddico. Este s\u00e1bado 5 de septiembre a las 12 del d\u00eda, en el Auditorio Adela del Toro, de la calle Doce # 215, en la Colonia Cazones, la Universidad Veracruzana har\u00e1 [&hellip;]<\/p>\n","protected":false},"author":2,"featured_media":141412,"comment_status":"closed","ping_status":"closed","sticky":false,"template":"","format":"standard","meta":{"tdm_status":"","tdm_grid_status":"","footnotes":""},"categories":[70],"tags":[],"class_list":{"0":"post-180056","1":"post","2":"type-post","3":"status-publish","4":"format-standard","5":"has-post-thumbnail","7":"category-de-opinion"},"yoast_head":"<!-- This site is optimized with the Yoast SEO plugin v28.1 - https:\/\/yoast.com\/product\/yoast-seo-wordpress\/ -->\n<title>RA\u00daL DE LA HUERTA VALD\u00c9S, UN GRAN ABOGADO - Los pol\u00edticos Veracruz<\/title>\n<meta name=\"robots\" content=\"index, follow, max-snippet:-1, max-image-preview:large, max-video-preview:-1\" \/>\n<link rel=\"canonical\" href=\"https:\/\/lospoliticosveracruz.com\/?p=180056\" \/>\n<meta property=\"og:locale\" content=\"es_ES\" \/>\n<meta property=\"og:type\" content=\"article\" \/>\n<meta property=\"og:title\" content=\"RA\u00daL DE LA HUERTA VALD\u00c9S, UN GRAN ABOGADO - Los pol\u00edticos Veracruz\" \/>\n<meta property=\"og:description\" content=\"Severo Francisco Mar Morales Banquillo Pol\u00edtico El pujante municipio de Poza Rica no olvida a quienes le dieron luz donde hab\u00eda petr\u00f3leo y oscurantismo jur\u00eddico. Este s\u00e1bado 5 de septiembre a las 12 del d\u00eda, en el Auditorio Adela del Toro, de la calle Doce # 215, en la Colonia Cazones, la Universidad Veracruzana har\u00e1 [&hellip;]\" \/>\n<meta property=\"og:url\" content=\"https:\/\/lospoliticosveracruz.com\/?p=180056\" \/>\n<meta property=\"og:site_name\" content=\"Los pol\u00edticos Veracruz\" \/>\n<meta property=\"article:publisher\" content=\"https:\/\/www.facebook.com\/people\/Notimemes-de-los-Polticos\/61565672886568\/\" \/>\n<meta property=\"article:published_time\" content=\"2026-09-05T00:00:04+00:00\" \/>\n<meta property=\"article:modified_time\" content=\"2026-09-05T00:00:07+00:00\" \/>\n<meta property=\"og:image\" content=\"https:\/\/lospoliticosveracruz.com\/wp-content\/uploads\/2025\/04\/Severo-Francisco-Mar.jpg\" \/>\n\t<meta property=\"og:image:width\" content=\"1250\" \/>\n\t<meta property=\"og:image:height\" content=\"667\" \/>\n\t<meta property=\"og:image:type\" content=\"image\/jpeg\" \/>\n<meta name=\"author\" content=\"Lo viste en Los Pol\u00edticos\" \/>\n<meta name=\"twitter:card\" content=\"summary_large_image\" \/>\n<meta name=\"twitter:creator\" content=\"@LosPoliticosVer\" \/>\n<meta name=\"twitter:site\" content=\"@LosPoliticosVer\" \/>\n<meta name=\"twitter:label1\" content=\"Escrito por\" \/>\n\t<meta name=\"twitter:data1\" content=\"Lo viste en Los Pol\u00edticos\" \/>\n\t<meta name=\"twitter:label2\" content=\"Tiempo de lectura\" \/>\n\t<meta name=\"twitter:data2\" content=\"4 minutos\" \/>\n<script type=\"application\/ld+json\" class=\"yoast-schema-graph\">{\"@context\":\"https:\\\/\\\/schema.org\",\"@graph\":[{\"@type\":\"Article\",\"@id\":\"https:\\\/\\\/lospoliticosveracruz.com\\\/?p=180056#article\",\"isPartOf\":{\"@id\":\"https:\\\/\\\/lospoliticosveracruz.com\\\/?p=180056\"},\"author\":{\"name\":\"Lo viste en Los Pol\u00edticos\",\"@id\":\"https:\\\/\\\/lospoliticosveracruz.com\\\/#\\\/schema\\\/person\\\/b8702bb0e538456e6efd07080bf2a4a2\"},\"headline\":\"RA\u00daL DE LA HUERTA VALD\u00c9S, UN GRAN ABOGADO\",\"datePublished\":\"2026-09-05T00:00:04+00:00\",\"dateModified\":\"2026-09-05T00:00:07+00:00\",\"mainEntityOfPage\":{\"@id\":\"https:\\\/\\\/lospoliticosveracruz.com\\\/?p=180056\"},\"wordCount\":636,\"publisher\":{\"@id\":\"https:\\\/\\\/lospoliticosveracruz.com\\\/#organization\"},\"image\":{\"@id\":\"https:\\\/\\\/lospoliticosveracruz.com\\\/?p=180056#primaryimage\"},\"thumbnailUrl\":\"https:\\\/\\\/lospoliticosveracruz.com\\\/wp-content\\\/uploads\\\/2025\\\/04\\\/Severo-Francisco-Mar.jpg\",\"articleSection\":[\"De Opini\u00f3n\"],\"inLanguage\":\"es\"},{\"@type\":\"WebPage\",\"@id\":\"https:\\\/\\\/lospoliticosveracruz.com\\\/?p=180056\",\"url\":\"https:\\\/\\\/lospoliticosveracruz.com\\\/?p=180056\",\"name\":\"RA\u00daL DE LA HUERTA VALD\u00c9S, UN GRAN ABOGADO - Los pol\u00edticos Veracruz\",\"isPartOf\":{\"@id\":\"https:\\\/\\\/lospoliticosveracruz.com\\\/#website\"},\"primaryImageOfPage\":{\"@id\":\"https:\\\/\\\/lospoliticosveracruz.com\\\/?p=180056#primaryimage\"},\"image\":{\"@id\":\"https:\\\/\\\/lospoliticosveracruz.com\\\/?p=180056#primaryimage\"},\"thumbnailUrl\":\"https:\\\/\\\/lospoliticosveracruz.com\\\/wp-content\\\/uploads\\\/2025\\\/04\\\/Severo-Francisco-Mar.jpg\",\"datePublished\":\"2026-09-05T00:00:04+00:00\",\"dateModified\":\"2026-09-05T00:00:07+00:00\",\"breadcrumb\":{\"@id\":\"https:\\\/\\\/lospoliticosveracruz.com\\\/?p=180056#breadcrumb\"},\"inLanguage\":\"es\",\"potentialAction\":[{\"@type\":\"ReadAction\",\"target\":[\"https:\\\/\\\/lospoliticosveracruz.com\\\/?p=180056\"]}]},{\"@type\":\"ImageObject\",\"inLanguage\":\"es\",\"@id\":\"https:\\\/\\\/lospoliticosveracruz.com\\\/?p=180056#primaryimage\",\"url\":\"https:\\\/\\\/lospoliticosveracruz.com\\\/wp-content\\\/uploads\\\/2025\\\/04\\\/Severo-Francisco-Mar.jpg\",\"contentUrl\":\"https:\\\/\\\/lospoliticosveracruz.com\\\/wp-content\\\/uploads\\\/2025\\\/04\\\/Severo-Francisco-Mar.jpg\",\"width\":1250,\"height\":667},{\"@type\":\"BreadcrumbList\",\"@id\":\"https:\\\/\\\/lospoliticosveracruz.com\\\/?p=180056#breadcrumb\",\"itemListElement\":[{\"@type\":\"ListItem\",\"position\":1,\"name\":\"Portada\",\"item\":\"https:\\\/\\\/lospoliticosveracruz.com\\\/\"},{\"@type\":\"ListItem\",\"position\":2,\"name\":\"RA\u00daL DE LA HUERTA VALD\u00c9S, UN GRAN ABOGADO\"}]},{\"@type\":\"WebSite\",\"@id\":\"https:\\\/\\\/lospoliticosveracruz.com\\\/#website\",\"url\":\"https:\\\/\\\/lospoliticosveracruz.com\\\/\",\"name\":\"Los pol\u00edticos Veracruz\",\"description\":\"\",\"publisher\":{\"@id\":\"https:\\\/\\\/lospoliticosveracruz.com\\\/#organization\"},\"potentialAction\":[{\"@type\":\"SearchAction\",\"target\":{\"@type\":\"EntryPoint\",\"urlTemplate\":\"https:\\\/\\\/lospoliticosveracruz.com\\\/?s={search_term_string}\"},\"query-input\":{\"@type\":\"PropertyValueSpecification\",\"valueRequired\":true,\"valueName\":\"search_term_string\"}}],\"inLanguage\":\"es\"},{\"@type\":\"Organization\",\"@id\":\"https:\\\/\\\/lospoliticosveracruz.com\\\/#organization\",\"name\":\"Los pol\u00edticos Veracruz\",\"url\":\"https:\\\/\\\/lospoliticosveracruz.com\\\/\",\"logo\":{\"@type\":\"ImageObject\",\"inLanguage\":\"es\",\"@id\":\"https:\\\/\\\/lospoliticosveracruz.com\\\/#\\\/schema\\\/logo\\\/image\\\/\",\"url\":\"https:\\\/\\\/lospoliticosveracruz.com\\\/wp-content\\\/uploads\\\/2025\\\/12\\\/Logo-Nuevo-LOS-POLITICOS-1.jpg\",\"contentUrl\":\"https:\\\/\\\/lospoliticosveracruz.com\\\/wp-content\\\/uploads\\\/2025\\\/12\\\/Logo-Nuevo-LOS-POLITICOS-1.jpg\",\"width\":260,\"height\":70,\"caption\":\"Los pol\u00edticos Veracruz\"},\"image\":{\"@id\":\"https:\\\/\\\/lospoliticosveracruz.com\\\/#\\\/schema\\\/logo\\\/image\\\/\"},\"sameAs\":[\"https:\\\/\\\/www.facebook.com\\\/people\\\/Notimemes-de-los-Polticos\\\/61565672886568\\\/\",\"https:\\\/\\\/x.com\\\/LosPoliticosVer\"]},{\"@type\":\"Person\",\"@id\":\"https:\\\/\\\/lospoliticosveracruz.com\\\/#\\\/schema\\\/person\\\/b8702bb0e538456e6efd07080bf2a4a2\",\"name\":\"Lo viste en Los Pol\u00edticos\",\"image\":{\"@type\":\"ImageObject\",\"inLanguage\":\"es\",\"@id\":\"https:\\\/\\\/secure.gravatar.com\\\/avatar\\\/3a8de04a2656d44082be478bd6c086daa447c4651605818287b9532d3d0bd435?s=96&d=mm&r=g\",\"url\":\"https:\\\/\\\/secure.gravatar.com\\\/avatar\\\/3a8de04a2656d44082be478bd6c086daa447c4651605818287b9532d3d0bd435?s=96&d=mm&r=g\",\"contentUrl\":\"https:\\\/\\\/secure.gravatar.com\\\/avatar\\\/3a8de04a2656d44082be478bd6c086daa447c4651605818287b9532d3d0bd435?s=96&d=mm&r=g\",\"caption\":\"Lo viste en Los Pol\u00edticos\"},\"url\":\"https:\\\/\\\/lospoliticosveracruz.com\\\/?author=2\"}]}<\/script>\n<!-- \/ Yoast SEO plugin. -->","yoast_head_json":{"title":"RA\u00daL DE LA HUERTA VALD\u00c9S, UN GRAN ABOGADO - Los pol\u00edticos Veracruz","robots":{"index":"index","follow":"follow","max-snippet":"max-snippet:-1","max-image-preview":"max-image-preview:large","max-video-preview":"max-video-preview:-1"},"canonical":"https:\/\/lospoliticosveracruz.com\/?p=180056","og_locale":"es_ES","og_type":"article","og_title":"RA\u00daL DE LA HUERTA VALD\u00c9S, UN GRAN ABOGADO - Los pol\u00edticos Veracruz","og_description":"Severo Francisco Mar Morales Banquillo Pol\u00edtico El pujante municipio de Poza Rica no olvida a quienes le dieron luz donde hab\u00eda petr\u00f3leo y oscurantismo jur\u00eddico. Este s\u00e1bado 5 de septiembre a las 12 del d\u00eda, en el Auditorio Adela del Toro, de la calle Doce # 215, en la Colonia Cazones, la Universidad Veracruzana har\u00e1 [&hellip;]","og_url":"https:\/\/lospoliticosveracruz.com\/?p=180056","og_site_name":"Los pol\u00edticos Veracruz","article_publisher":"https:\/\/www.facebook.com\/people\/Notimemes-de-los-Polticos\/61565672886568\/","article_published_time":"2026-09-05T00:00:04+00:00","article_modified_time":"2026-09-05T00:00:07+00:00","og_image":[{"width":1250,"height":667,"url":"https:\/\/lospoliticosveracruz.com\/wp-content\/uploads\/2025\/04\/Severo-Francisco-Mar.jpg","type":"image\/jpeg"}],"author":"Lo viste en Los Pol\u00edticos","twitter_card":"summary_large_image","twitter_creator":"@LosPoliticosVer","twitter_site":"@LosPoliticosVer","twitter_misc":{"Escrito por":"Lo viste en Los Pol\u00edticos","Tiempo de lectura":"4 minutos"},"schema":{"@context":"https:\/\/schema.org","@graph":[{"@type":"Article","@id":"https:\/\/lospoliticosveracruz.com\/?p=180056#article","isPartOf":{"@id":"https:\/\/lospoliticosveracruz.com\/?p=180056"},"author":{"name":"Lo viste en Los Pol\u00edticos","@id":"https:\/\/lospoliticosveracruz.com\/#\/schema\/person\/b8702bb0e538456e6efd07080bf2a4a2"},"headline":"RA\u00daL DE LA HUERTA VALD\u00c9S, UN GRAN ABOGADO","datePublished":"2026-09-05T00:00:04+00:00","dateModified":"2026-09-05T00:00:07+00:00","mainEntityOfPage":{"@id":"https:\/\/lospoliticosveracruz.com\/?p=180056"},"wordCount":636,"publisher":{"@id":"https:\/\/lospoliticosveracruz.com\/#organization"},"image":{"@id":"https:\/\/lospoliticosveracruz.com\/?p=180056#primaryimage"},"thumbnailUrl":"https:\/\/lospoliticosveracruz.com\/wp-content\/uploads\/2025\/04\/Severo-Francisco-Mar.jpg","articleSection":["De Opini\u00f3n"],"inLanguage":"es"},{"@type":"WebPage","@id":"https:\/\/lospoliticosveracruz.com\/?p=180056","url":"https:\/\/lospoliticosveracruz.com\/?p=180056","name":"RA\u00daL DE LA HUERTA VALD\u00c9S, UN GRAN ABOGADO - Los pol\u00edticos Veracruz","isPartOf":{"@id":"https:\/\/lospoliticosveracruz.com\/#website"},"primaryImageOfPage":{"@id":"https:\/\/lospoliticosveracruz.com\/?p=180056#primaryimage"},"image":{"@id":"https:\/\/lospoliticosveracruz.com\/?p=180056#primaryimage"},"thumbnailUrl":"https:\/\/lospoliticosveracruz.com\/wp-content\/uploads\/2025\/04\/Severo-Francisco-Mar.jpg","datePublished":"2026-09-05T00:00:04+00:00","dateModified":"2026-09-05T00:00:07+00:00","breadcrumb":{"@id":"https:\/\/lospoliticosveracruz.com\/?p=180056#breadcrumb"},"inLanguage":"es","potentialAction":[{"@type":"ReadAction","target":["https:\/\/lospoliticosveracruz.com\/?p=180056"]}]},{"@type":"ImageObject","inLanguage":"es","@id":"https:\/\/lospoliticosveracruz.com\/?p=180056#primaryimage","url":"https:\/\/lospoliticosveracruz.com\/wp-content\/uploads\/2025\/04\/Severo-Francisco-Mar.jpg","contentUrl":"https:\/\/lospoliticosveracruz.com\/wp-content\/uploads\/2025\/04\/Severo-Francisco-Mar.jpg","width":1250,"height":667},{"@type":"BreadcrumbList","@id":"https:\/\/lospoliticosveracruz.com\/?p=180056#breadcrumb","itemListElement":[{"@type":"ListItem","position":1,"name":"Portada","item":"https:\/\/lospoliticosveracruz.com\/"},{"@type":"ListItem","position":2,"name":"RA\u00daL DE LA HUERTA VALD\u00c9S, UN GRAN ABOGADO"}]},{"@type":"WebSite","@id":"https:\/\/lospoliticosveracruz.com\/#website","url":"https:\/\/lospoliticosveracruz.com\/","name":"Los pol\u00edticos Veracruz","description":"","publisher":{"@id":"https:\/\/lospoliticosveracruz.com\/#organization"},"potentialAction":[{"@type":"SearchAction","target":{"@type":"EntryPoint","urlTemplate":"https:\/\/lospoliticosveracruz.com\/?s={search_term_string}"},"query-input":{"@type":"PropertyValueSpecification","valueRequired":true,"valueName":"search_term_string"}}],"inLanguage":"es"},{"@type":"Organization","@id":"https:\/\/lospoliticosveracruz.com\/#organization","name":"Los pol\u00edticos Veracruz","url":"https:\/\/lospoliticosveracruz.com\/","logo":{"@type":"ImageObject","inLanguage":"es","@id":"https:\/\/lospoliticosveracruz.com\/#\/schema\/logo\/image\/","url":"https:\/\/lospoliticosveracruz.com\/wp-content\/uploads\/2025\/12\/Logo-Nuevo-LOS-POLITICOS-1.jpg","contentUrl":"https:\/\/lospoliticosveracruz.com\/wp-content\/uploads\/2025\/12\/Logo-Nuevo-LOS-POLITICOS-1.jpg","width":260,"height":70,"caption":"Los pol\u00edticos Veracruz"},"image":{"@id":"https:\/\/lospoliticosveracruz.com\/#\/schema\/logo\/image\/"},"sameAs":["https:\/\/www.facebook.com\/people\/Notimemes-de-los-Polticos\/61565672886568\/","https:\/\/x.com\/LosPoliticosVer"]},{"@type":"Person","@id":"https:\/\/lospoliticosveracruz.com\/#\/schema\/person\/b8702bb0e538456e6efd07080bf2a4a2","name":"Lo viste en Los Pol\u00edticos","image":{"@type":"ImageObject","inLanguage":"es","@id":"https:\/\/secure.gravatar.com\/avatar\/3a8de04a2656d44082be478bd6c086daa447c4651605818287b9532d3d0bd435?s=96&d=mm&r=g","url":"https:\/\/secure.gravatar.com\/avatar\/3a8de04a2656d44082be478bd6c086daa447c4651605818287b9532d3d0bd435?s=96&d=mm&r=g","contentUrl":"https:\/\/secure.gravatar.com\/avatar\/3a8de04a2656d44082be478bd6c086daa447c4651605818287b9532d3d0bd435?s=96&d=mm&r=g","caption":"Lo viste en Los Pol\u00edticos"},"url":"https:\/\/lospoliticosveracruz.com\/?author=2"}]}},"_links":{"self":[{"href":"https:\/\/lospoliticosveracruz.com\/index.php?rest_route=\/wp\/v2\/posts\/180056","targetHints":{"allow":["GET"]}}],"collection":[{"href":"https:\/\/lospoliticosveracruz.com\/index.php?rest_route=\/wp\/v2\/posts"}],"about":[{"href":"https:\/\/lospoliticosveracruz.com\/index.php?rest_route=\/wp\/v2\/types\/post"}],"author":[{"embeddable":true,"href":"https:\/\/lospoliticosveracruz.com\/index.php?rest_route=\/wp\/v2\/users\/2"}],"replies":[{"embeddable":true,"href":"https:\/\/lospoliticosveracruz.com\/index.php?rest_route=%2Fwp%2Fv2%2Fcomments&post=180056"}],"version-history":[{"count":1,"href":"https:\/\/lospoliticosveracruz.com\/index.php?rest_route=\/wp\/v2\/posts\/180056\/revisions"}],"predecessor-version":[{"id":180057,"href":"https:\/\/lospoliticosveracruz.com\/index.php?rest_route=\/wp\/v2\/posts\/180056\/revisions\/180057"}],"wp:featuredmedia":[{"embeddable":true,"href":"https:\/\/lospoliticosveracruz.com\/index.php?rest_route=\/wp\/v2\/media\/141412"}],"wp:attachment":[{"href":"https:\/\/lospoliticosveracruz.com\/index.php?rest_route=%2Fwp%2Fv2%2Fmedia&parent=180056"}],"wp:term":[{"taxonomy":"category","embeddable":true,"href":"https:\/\/lospoliticosveracruz.com\/index.php?rest_route=%2Fwp%2Fv2%2Fcategories&post=180056"},{"taxonomy":"post_tag","embeddable":true,"href":"https:\/\/lospoliticosveracruz.com\/index.php?rest_route=%2Fwp%2Fv2%2Ftags&post=180056"}],"curies":[{"name":"wp","href":"https:\/\/api.w.org\/{rel}","templated":true}]}}