{"id":180077,"date":"2026-09-05T07:01:10","date_gmt":"2026-09-05T13:01:10","guid":{"rendered":"https:\/\/lospoliticosveracruz.com\/?p=180077"},"modified":"2026-09-05T07:01:12","modified_gmt":"2026-09-05T13:01:12","slug":"proceso-electoral-2026-2027-las-muertas-2","status":"publish","type":"post","link":"https:\/\/lospoliticosveracruz.com\/?p=180077","title":{"rendered":"PROCESO ELECTORAL 2026-2027: LAS MUERTAS"},"content":{"rendered":"<div class=\"wp-block-image\">\n<figure class=\"alignleft size-medium is-resized\"><a href=\"https:\/\/lospoliticosveracruz.com\/wp-content\/uploads\/2026\/09\/no-ala-pirotecnia-medio_300x300png.png\"><img loading=\"lazy\" decoding=\"async\" width=\"300\" height=\"300\" src=\"https:\/\/lospoliticosveracruz.com\/wp-content\/uploads\/2026\/09\/no-ala-pirotecnia-medio_300x300png-300x300.png\" alt=\"\" class=\"wp-image-179741\" style=\"width:425px;height:auto\" srcset=\"https:\/\/lospoliticosveracruz.com\/wp-content\/uploads\/2026\/09\/no-ala-pirotecnia-medio_300x300png-300x300.png 300w, https:\/\/lospoliticosveracruz.com\/wp-content\/uploads\/2026\/09\/no-ala-pirotecnia-medio_300x300png-1024x1024.png 1024w, https:\/\/lospoliticosveracruz.com\/wp-content\/uploads\/2026\/09\/no-ala-pirotecnia-medio_300x300png-150x150.png 150w, https:\/\/lospoliticosveracruz.com\/wp-content\/uploads\/2026\/09\/no-ala-pirotecnia-medio_300x300png-768x768.png 768w, https:\/\/lospoliticosveracruz.com\/wp-content\/uploads\/2026\/09\/no-ala-pirotecnia-medio_300x300png-420x420.png 420w, https:\/\/lospoliticosveracruz.com\/wp-content\/uploads\/2026\/09\/no-ala-pirotecnia-medio_300x300png-696x696.png 696w, https:\/\/lospoliticosveracruz.com\/wp-content\/uploads\/2026\/09\/no-ala-pirotecnia-medio_300x300png-1068x1068.png 1068w, https:\/\/lospoliticosveracruz.com\/wp-content\/uploads\/2026\/09\/no-ala-pirotecnia-medio_300x300png.png 1250w\" sizes=\"auto, (max-width: 300px) 100vw, 300px\" \/><\/a><\/figure>\n<\/div>\n\n\n\n\n<p><strong>Jos\u00e9 Luis Ortega Vidal<\/strong><br><em>Claroscuros<\/em><\/p>\n\n\n\n<p class=\"dropcapp1\">Sobre el auto de lujo, marca Mercedes Benz color negro, en cuyo interior fue hallado el cuerpo sin vida del diputado federal Zenyanzen Escobar Garc\u00eda, resulta importante indagar el nombre del propietario y\/o la persona a quien se le habia asignado su uso.<br>La unidad ser\u00eda propiedad de una hija del coordinador de los diputados federales de Veracruz en la LXVI legislatura.<br>Zenyanzen no ser\u00eda, de acuerdo a fuentes consultadas por el reportero, la persona asignada para el empleo usual del veh\u00edculo hallado alrededor de las 11:00 horas de este viernes 4 de septiembre a la altura de Chichicaxtle y poblado La Gloria, municipio de Puente Nacional, Veracruz.<br>El dato es relevante para las diversas o la principal l\u00ednea de investigaci\u00f3n de la Fiscal\u00eda General de la Rep\u00fablica en torno a este caso que marca el inicio -no oficial- del proceso electoral 2026-2027 o elecci\u00f3n intermedia del gobierno de la presidenta Claudia Sheinbaum Pardo.<br>(2)<br>Solo la FGR puede -oficialmente- determinar si se trat\u00f3 de un suicidio o un homicidio.<br>Las especulaciones da\u00f1an, duelen y no sirven a nadie.<br>Ocurre lo mismo con los enga\u00f1os oficiales.<br>Hay que esperar, por ello, los informes periciales en torno a la escena donde aparece sin vida Zenyanzen Escobar -quien no era zurdo sino diestro-, con una pistola entre sus piernas; v\u00edctima de un disparo en la cabeza y dentro de un auto de lujo sin huellas de impactos, ni vidrios rotos, ni se\u00f1ales de violencia.<br>Hay que esperar, si; pero el resultado de la investigaci\u00f3n debe ser pulcro, fuera de toda duda o sospecha de contubernio.<br>(3)<br>La parte de esta tragedia donde la FGR no determina nada, es la pol\u00edtica.<br>Gran contradicci\u00f3n porque se le vea por donde se le vea, estamos ante una muerte de antecedentes, contexto y consecuencias pol\u00edticas.<br>(4)<br>Al respecto, el tema escala en autom\u00e1tico y directamente hasta la Presidencia de la Rep\u00fablica.<br>Desde luego, el segundo caso de muerte violenta de un diputado veracruzano de la LXVI legislatura federal tambi\u00e9n pasa por el gobierno estatal a cargo de Roc\u00edo Nahle Garc\u00eda\u2026<br>La fiscal\u00eda estatal -independiente, dicen- ser\u00e1 coadyuvante en la investigaci\u00f3n de la FGR, mientras en el palacio de gobierno sobre la avenida Enr\u00edquez, en Xalapa, ya est\u00e1n y estar\u00e1n sintiendo la presi\u00f3n desde el poder central en la CDMX.<br>(5)<br>Ya se padeci\u00f3 una presi\u00f3n pol\u00edtica semejante por el asesinato del diputado federal Benito Aguas Atlahua, ultimado el 9 de diciembre del 2024 en la comunidad de Tepenacaxtla, municipio de Zongolica, cabecera distrital a la que representaba en la c\u00e1mara baja del Congreso.<br>La muerte de Zenyanzen Escobar, empero, a\u00f1ade fuerza negativa en ambos gobiernos -estatal y federal- por varias razones:<\/p>\n\n\n\n<p>a) Es el segundo de 19 diputados electos por voto directo en Veracruz durante los comicios del 2024, que muere de forma violenta. A Benito Aguas lo mataron de varios disparos; Zenyanzen Escobar habr\u00eda muerto de un balazo.<br>b) Zenyanzen Escobar Garc\u00eda tuvo, desde el 2016, un estatus pol\u00edtico muy elevado en Veracruz y concretamente en el grupo de poder de MORENA a cuyo frente se encuentra Cuitl\u00e1huac Garc\u00eda Jim\u00e9nez, exgobernador durante el sexenio 2018-2024.<br>Garc\u00eda Jim\u00e9nez impuls\u00f3 y apoy\u00f3 la carrera pol\u00edtica de Escobar Garc\u00eda desde antes del 2018 al respaldarlo para convertirse en diputado local morenista durante el breve gobierno de Miguel \u00c1ngel Yunes Linares: 2016-2018.<br>Luego, Cuitl\u00e1huac Garc\u00eda nombr\u00f3 a su amigo Zenyanzen como secretario de Educaci\u00f3n durante su gobierno y lo envi\u00f3 como precandidato a gobernador en el 2023, en un proceso donde result\u00f3 candidata la hoy gobernadora Roc\u00edo Nahle Garc\u00eda por orden, decisi\u00f3n y respaldo de Andr\u00e9s Manuel L\u00f3pez Obrador.<br>De aquella precandidatura a gobernador, Zenyanzen brinc\u00f3 como candidato exitoso a diputado federal por el distrito XVI de C\u00f3rdoba, hasta convertirse en l\u00edder de la bancada federal veracruzana en San L\u00e1zaro.<br>c) La muerte de Zenyanzen Escobar agrava y adelanta los tiempos, de por s\u00ed complejos y violentos, del listado que revisa -nombre por nombre- la presidenta Claudia Sheinbaum, para definir las 300 candidaturas a legisladores de su partido, MORENA, de cara a los comicios del pr\u00f3ximo a\u00f1o.<br>d) No se trata solo de la muerte de un diputado federal l\u00edder, sino de un golpe muy duro a un grupo de poder pol\u00edtico de Veracruz que a\u00fan encabeza, promueve, opera el hoy titular de CENAGAS, Cuitl\u00e1huac Garc\u00eda Jim\u00e9nez.<br>Y el golpe a uno de los grupos m\u00e1s s\u00f3lidos de MORENA en Veracruz, mueve escenarios, sacude confianzas, altera potenciales acuerdos, despierta sospechas; todo al interior a MORENA, tanto a nivel estatal como federal,<br>e) Por lo que hace a Roc\u00edo Nahle, esta muerte a\u00f1ade puntos negativos a una imagen de por s\u00ed da\u00f1ada que describe un Veracruz sumido en conflictos de inseguridad, problemas econ\u00f3micos, retrasos en infraestructura y v\u00edas de comunicaci\u00f3n, confrontaciones medi\u00e1ticas en torno a esc\u00e1ndalos pol\u00edticos nacionales, entre otros rubros.<br>(6)<br>La justicia no es un fin en s\u00ed mismo; es un medio\u2026<br>La justicia es un elemento m\u00e1s de un proceso muy profundo donde descansa buena parte del sentido de la vida: la felicidad.<br>La justicia no genera felicidad; con ella se busca que en el futuro, quienes nos releven sean lo felices que nosotros no alcanzamos a ser.<br>La muerte de Zenyanzen Escobar genera tristeza y dolor, ambos elementos contrarios a la felicidad; a la cual Arist\u00f3teles vinculaba al concepto de \u00c9tica.<br>(7)<br>La pol\u00edtica debiera ser \u00e9tica pero no lo es.<br>Claudia Sheinbaum se enfrenta a la condici\u00f3n dial\u00e9ctica del poder y la muerte del diputado federal Zenyanzen Escobar Garc\u00eda lo exhibe cruelmente frente al rostro presidencial, a pocos d\u00edas de la emblem\u00e1tica carta por el regreso pol\u00edticamente agresivo de Rub\u00e9n Rocha Moya a la gubernatura de Sinaloa.<br>(8)<br>Los aparatos de procuraci\u00f3n y aplicaci\u00f3n de justicia forman parte del Estado y cuando aparecen fallas al respecto se trata de errores o da\u00f1os en la estructura del gobierno o del Estado.<br>Las muertes de Benito Aguas y Zenyanzen Escobar son producto de rupturas severas y profundas en la estructura del Estado.<br>Alguien o algunos, dentro del aparato oficial, ha o han sido elegido la muerte como alternativa para la lucha pol\u00edtica.<br>Lo estar\u00edan haciendo de forma directa o por interp\u00f3sita persona\u2026<br>Se trata de condiciones, de fallas a\u00f1ejas que se mantienen plenamente vigentes.<br>(9)<br>El proceso electoral 2026-2027 ha dado inicio antes del plazo oficial -10 de septiembre-; lleg\u00f3 cargado de muertas y de muertes, como sucedi\u00f3 en relevos de poder previos desde varios a\u00f1os a la fecha.<\/p>\n","protected":false},"excerpt":{"rendered":"<p>Jos\u00e9 Luis Ortega VidalClaroscuros Sobre el auto de lujo, marca Mercedes Benz color negro, en cuyo interior fue hallado el cuerpo sin vida del diputado federal Zenyanzen Escobar Garc\u00eda, resulta importante indagar el nombre del propietario y\/o la persona a quien se le habia asignado su uso.La unidad ser\u00eda propiedad de una hija del coordinador [&hellip;]<\/p>\n","protected":false},"author":2,"featured_media":141392,"comment_status":"closed","ping_status":"closed","sticky":false,"template":"","format":"standard","meta":{"tdm_status":"","tdm_grid_status":"","footnotes":""},"categories":[70],"tags":[8387,9627,13731,2769,3578,195,51505],"class_list":{"0":"post-180077","1":"post","2":"type-post","3":"status-publish","4":"format-standard","5":"has-post-thumbnail","7":"category-de-opinion","8":"tag-benito-aguas","9":"tag-claudia-sheinbaum","10":"tag-fgr","11":"tag-jose-luis-ortega-vidal","12":"tag-rocio-nahle","13":"tag-veracruz","14":"tag-zenyazen-escobar"},"yoast_head":"<!-- This site is optimized with the Yoast SEO plugin v28.1 - https:\/\/yoast.com\/product\/yoast-seo-wordpress\/ -->\n<title>PROCESO ELECTORAL 2026-2027: LAS MUERTAS - Los pol\u00edticos Veracruz<\/title>\n<meta name=\"robots\" content=\"index, follow, max-snippet:-1, max-image-preview:large, max-video-preview:-1\" \/>\n<link rel=\"canonical\" href=\"https:\/\/lospoliticosveracruz.com\/?p=180077\" \/>\n<meta property=\"og:locale\" content=\"es_ES\" \/>\n<meta property=\"og:type\" content=\"article\" \/>\n<meta property=\"og:title\" content=\"PROCESO ELECTORAL 2026-2027: LAS MUERTAS - Los pol\u00edticos Veracruz\" \/>\n<meta property=\"og:description\" content=\"Jos\u00e9 Luis Ortega VidalClaroscuros Sobre el auto de lujo, marca Mercedes Benz color negro, en cuyo interior fue hallado el cuerpo sin vida del diputado federal Zenyanzen Escobar Garc\u00eda, resulta importante indagar el nombre del propietario y\/o la persona a quien se le habia asignado su uso.La unidad ser\u00eda propiedad de una hija del coordinador [&hellip;]\" \/>\n<meta property=\"og:url\" content=\"https:\/\/lospoliticosveracruz.com\/?p=180077\" \/>\n<meta property=\"og:site_name\" content=\"Los pol\u00edticos Veracruz\" \/>\n<meta property=\"article:publisher\" content=\"https:\/\/www.facebook.com\/people\/Notimemes-de-los-Polticos\/61565672886568\/\" \/>\n<meta property=\"article:published_time\" content=\"2026-09-05T13:01:10+00:00\" \/>\n<meta property=\"article:modified_time\" content=\"2026-09-05T13:01:12+00:00\" \/>\n<meta property=\"og:image\" content=\"https:\/\/lospoliticosveracruz.com\/wp-content\/uploads\/2025\/04\/Jose-Luis-Ortega-Vidal.jpg\" \/>\n\t<meta property=\"og:image:width\" content=\"1250\" \/>\n\t<meta property=\"og:image:height\" content=\"667\" \/>\n\t<meta property=\"og:image:type\" content=\"image\/jpeg\" \/>\n<meta name=\"author\" content=\"Lo viste en Los Pol\u00edticos\" \/>\n<meta name=\"twitter:card\" content=\"summary_large_image\" \/>\n<meta name=\"twitter:creator\" content=\"@LosPoliticosVer\" \/>\n<meta name=\"twitter:site\" content=\"@LosPoliticosVer\" \/>\n<meta name=\"twitter:label1\" content=\"Escrito por\" \/>\n\t<meta name=\"twitter:data1\" content=\"Lo viste en Los Pol\u00edticos\" \/>\n\t<meta name=\"twitter:label2\" content=\"Tiempo de lectura\" \/>\n\t<meta name=\"twitter:data2\" content=\"6 minutos\" \/>\n<script type=\"application\/ld+json\" class=\"yoast-schema-graph\">{\"@context\":\"https:\\\/\\\/schema.org\",\"@graph\":[{\"@type\":\"Article\",\"@id\":\"https:\\\/\\\/lospoliticosveracruz.com\\\/?p=180077#article\",\"isPartOf\":{\"@id\":\"https:\\\/\\\/lospoliticosveracruz.com\\\/?p=180077\"},\"author\":{\"name\":\"Lo viste en Los Pol\u00edticos\",\"@id\":\"https:\\\/\\\/lospoliticosveracruz.com\\\/#\\\/schema\\\/person\\\/b8702bb0e538456e6efd07080bf2a4a2\"},\"headline\":\"PROCESO ELECTORAL 2026-2027: LAS MUERTAS\",\"datePublished\":\"2026-09-05T13:01:10+00:00\",\"dateModified\":\"2026-09-05T13:01:12+00:00\",\"mainEntityOfPage\":{\"@id\":\"https:\\\/\\\/lospoliticosveracruz.com\\\/?p=180077\"},\"wordCount\":1155,\"publisher\":{\"@id\":\"https:\\\/\\\/lospoliticosveracruz.com\\\/#organization\"},\"image\":{\"@id\":\"https:\\\/\\\/lospoliticosveracruz.com\\\/?p=180077#primaryimage\"},\"thumbnailUrl\":\"https:\\\/\\\/lospoliticosveracruz.com\\\/wp-content\\\/uploads\\\/2025\\\/04\\\/Jose-Luis-Ortega-Vidal.jpg\",\"keywords\":[\"Benito Aguas\",\"Claudia Sheinbaum\",\"FGR\",\"Jos\u00e9 Luis Ortega Vidal\",\"Roc\u00edo Nahle\",\"Veracruz\",\"Zenyazen Escobar\"],\"articleSection\":[\"De Opini\u00f3n\"],\"inLanguage\":\"es\"},{\"@type\":\"WebPage\",\"@id\":\"https:\\\/\\\/lospoliticosveracruz.com\\\/?p=180077\",\"url\":\"https:\\\/\\\/lospoliticosveracruz.com\\\/?p=180077\",\"name\":\"PROCESO ELECTORAL 2026-2027: LAS MUERTAS - Los pol\u00edticos Veracruz\",\"isPartOf\":{\"@id\":\"https:\\\/\\\/lospoliticosveracruz.com\\\/#website\"},\"primaryImageOfPage\":{\"@id\":\"https:\\\/\\\/lospoliticosveracruz.com\\\/?p=180077#primaryimage\"},\"image\":{\"@id\":\"https:\\\/\\\/lospoliticosveracruz.com\\\/?p=180077#primaryimage\"},\"thumbnailUrl\":\"https:\\\/\\\/lospoliticosveracruz.com\\\/wp-content\\\/uploads\\\/2025\\\/04\\\/Jose-Luis-Ortega-Vidal.jpg\",\"datePublished\":\"2026-09-05T13:01:10+00:00\",\"dateModified\":\"2026-09-05T13:01:12+00:00\",\"breadcrumb\":{\"@id\":\"https:\\\/\\\/lospoliticosveracruz.com\\\/?p=180077#breadcrumb\"},\"inLanguage\":\"es\",\"potentialAction\":[{\"@type\":\"ReadAction\",\"target\":[\"https:\\\/\\\/lospoliticosveracruz.com\\\/?p=180077\"]}]},{\"@type\":\"ImageObject\",\"inLanguage\":\"es\",\"@id\":\"https:\\\/\\\/lospoliticosveracruz.com\\\/?p=180077#primaryimage\",\"url\":\"https:\\\/\\\/lospoliticosveracruz.com\\\/wp-content\\\/uploads\\\/2025\\\/04\\\/Jose-Luis-Ortega-Vidal.jpg\",\"contentUrl\":\"https:\\\/\\\/lospoliticosveracruz.com\\\/wp-content\\\/uploads\\\/2025\\\/04\\\/Jose-Luis-Ortega-Vidal.jpg\",\"width\":1250,\"height\":667},{\"@type\":\"BreadcrumbList\",\"@id\":\"https:\\\/\\\/lospoliticosveracruz.com\\\/?p=180077#breadcrumb\",\"itemListElement\":[{\"@type\":\"ListItem\",\"position\":1,\"name\":\"Portada\",\"item\":\"https:\\\/\\\/lospoliticosveracruz.com\\\/\"},{\"@type\":\"ListItem\",\"position\":2,\"name\":\"PROCESO ELECTORAL 2026-2027: LAS MUERTAS\"}]},{\"@type\":\"WebSite\",\"@id\":\"https:\\\/\\\/lospoliticosveracruz.com\\\/#website\",\"url\":\"https:\\\/\\\/lospoliticosveracruz.com\\\/\",\"name\":\"Los pol\u00edticos Veracruz\",\"description\":\"\",\"publisher\":{\"@id\":\"https:\\\/\\\/lospoliticosveracruz.com\\\/#organization\"},\"potentialAction\":[{\"@type\":\"SearchAction\",\"target\":{\"@type\":\"EntryPoint\",\"urlTemplate\":\"https:\\\/\\\/lospoliticosveracruz.com\\\/?s={search_term_string}\"},\"query-input\":{\"@type\":\"PropertyValueSpecification\",\"valueRequired\":true,\"valueName\":\"search_term_string\"}}],\"inLanguage\":\"es\"},{\"@type\":\"Organization\",\"@id\":\"https:\\\/\\\/lospoliticosveracruz.com\\\/#organization\",\"name\":\"Los pol\u00edticos Veracruz\",\"url\":\"https:\\\/\\\/lospoliticosveracruz.com\\\/\",\"logo\":{\"@type\":\"ImageObject\",\"inLanguage\":\"es\",\"@id\":\"https:\\\/\\\/lospoliticosveracruz.com\\\/#\\\/schema\\\/logo\\\/image\\\/\",\"url\":\"https:\\\/\\\/lospoliticosveracruz.com\\\/wp-content\\\/uploads\\\/2025\\\/12\\\/Logo-Nuevo-LOS-POLITICOS-1.jpg\",\"contentUrl\":\"https:\\\/\\\/lospoliticosveracruz.com\\\/wp-content\\\/uploads\\\/2025\\\/12\\\/Logo-Nuevo-LOS-POLITICOS-1.jpg\",\"width\":260,\"height\":70,\"caption\":\"Los pol\u00edticos Veracruz\"},\"image\":{\"@id\":\"https:\\\/\\\/lospoliticosveracruz.com\\\/#\\\/schema\\\/logo\\\/image\\\/\"},\"sameAs\":[\"https:\\\/\\\/www.facebook.com\\\/people\\\/Notimemes-de-los-Polticos\\\/61565672886568\\\/\",\"https:\\\/\\\/x.com\\\/LosPoliticosVer\"]},{\"@type\":\"Person\",\"@id\":\"https:\\\/\\\/lospoliticosveracruz.com\\\/#\\\/schema\\\/person\\\/b8702bb0e538456e6efd07080bf2a4a2\",\"name\":\"Lo viste en Los Pol\u00edticos\",\"image\":{\"@type\":\"ImageObject\",\"inLanguage\":\"es\",\"@id\":\"https:\\\/\\\/secure.gravatar.com\\\/avatar\\\/3a8de04a2656d44082be478bd6c086daa447c4651605818287b9532d3d0bd435?s=96&d=mm&r=g\",\"url\":\"https:\\\/\\\/secure.gravatar.com\\\/avatar\\\/3a8de04a2656d44082be478bd6c086daa447c4651605818287b9532d3d0bd435?s=96&d=mm&r=g\",\"contentUrl\":\"https:\\\/\\\/secure.gravatar.com\\\/avatar\\\/3a8de04a2656d44082be478bd6c086daa447c4651605818287b9532d3d0bd435?s=96&d=mm&r=g\",\"caption\":\"Lo viste en Los Pol\u00edticos\"},\"url\":\"https:\\\/\\\/lospoliticosveracruz.com\\\/?author=2\"}]}<\/script>\n<!-- \/ Yoast SEO plugin. -->","yoast_head_json":{"title":"PROCESO ELECTORAL 2026-2027: LAS MUERTAS - Los pol\u00edticos Veracruz","robots":{"index":"index","follow":"follow","max-snippet":"max-snippet:-1","max-image-preview":"max-image-preview:large","max-video-preview":"max-video-preview:-1"},"canonical":"https:\/\/lospoliticosveracruz.com\/?p=180077","og_locale":"es_ES","og_type":"article","og_title":"PROCESO ELECTORAL 2026-2027: LAS MUERTAS - Los pol\u00edticos Veracruz","og_description":"Jos\u00e9 Luis Ortega VidalClaroscuros Sobre el auto de lujo, marca Mercedes Benz color negro, en cuyo interior fue hallado el cuerpo sin vida del diputado federal Zenyanzen Escobar Garc\u00eda, resulta importante indagar el nombre del propietario y\/o la persona a quien se le habia asignado su uso.La unidad ser\u00eda propiedad de una hija del coordinador [&hellip;]","og_url":"https:\/\/lospoliticosveracruz.com\/?p=180077","og_site_name":"Los pol\u00edticos Veracruz","article_publisher":"https:\/\/www.facebook.com\/people\/Notimemes-de-los-Polticos\/61565672886568\/","article_published_time":"2026-09-05T13:01:10+00:00","article_modified_time":"2026-09-05T13:01:12+00:00","og_image":[{"width":1250,"height":667,"url":"https:\/\/lospoliticosveracruz.com\/wp-content\/uploads\/2025\/04\/Jose-Luis-Ortega-Vidal.jpg","type":"image\/jpeg"}],"author":"Lo viste en Los Pol\u00edticos","twitter_card":"summary_large_image","twitter_creator":"@LosPoliticosVer","twitter_site":"@LosPoliticosVer","twitter_misc":{"Escrito por":"Lo viste en Los Pol\u00edticos","Tiempo de lectura":"6 minutos"},"schema":{"@context":"https:\/\/schema.org","@graph":[{"@type":"Article","@id":"https:\/\/lospoliticosveracruz.com\/?p=180077#article","isPartOf":{"@id":"https:\/\/lospoliticosveracruz.com\/?p=180077"},"author":{"name":"Lo viste en Los Pol\u00edticos","@id":"https:\/\/lospoliticosveracruz.com\/#\/schema\/person\/b8702bb0e538456e6efd07080bf2a4a2"},"headline":"PROCESO ELECTORAL 2026-2027: LAS MUERTAS","datePublished":"2026-09-05T13:01:10+00:00","dateModified":"2026-09-05T13:01:12+00:00","mainEntityOfPage":{"@id":"https:\/\/lospoliticosveracruz.com\/?p=180077"},"wordCount":1155,"publisher":{"@id":"https:\/\/lospoliticosveracruz.com\/#organization"},"image":{"@id":"https:\/\/lospoliticosveracruz.com\/?p=180077#primaryimage"},"thumbnailUrl":"https:\/\/lospoliticosveracruz.com\/wp-content\/uploads\/2025\/04\/Jose-Luis-Ortega-Vidal.jpg","keywords":["Benito Aguas","Claudia Sheinbaum","FGR","Jos\u00e9 Luis Ortega Vidal","Roc\u00edo Nahle","Veracruz","Zenyazen Escobar"],"articleSection":["De Opini\u00f3n"],"inLanguage":"es"},{"@type":"WebPage","@id":"https:\/\/lospoliticosveracruz.com\/?p=180077","url":"https:\/\/lospoliticosveracruz.com\/?p=180077","name":"PROCESO ELECTORAL 2026-2027: LAS MUERTAS - Los pol\u00edticos Veracruz","isPartOf":{"@id":"https:\/\/lospoliticosveracruz.com\/#website"},"primaryImageOfPage":{"@id":"https:\/\/lospoliticosveracruz.com\/?p=180077#primaryimage"},"image":{"@id":"https:\/\/lospoliticosveracruz.com\/?p=180077#primaryimage"},"thumbnailUrl":"https:\/\/lospoliticosveracruz.com\/wp-content\/uploads\/2025\/04\/Jose-Luis-Ortega-Vidal.jpg","datePublished":"2026-09-05T13:01:10+00:00","dateModified":"2026-09-05T13:01:12+00:00","breadcrumb":{"@id":"https:\/\/lospoliticosveracruz.com\/?p=180077#breadcrumb"},"inLanguage":"es","potentialAction":[{"@type":"ReadAction","target":["https:\/\/lospoliticosveracruz.com\/?p=180077"]}]},{"@type":"ImageObject","inLanguage":"es","@id":"https:\/\/lospoliticosveracruz.com\/?p=180077#primaryimage","url":"https:\/\/lospoliticosveracruz.com\/wp-content\/uploads\/2025\/04\/Jose-Luis-Ortega-Vidal.jpg","contentUrl":"https:\/\/lospoliticosveracruz.com\/wp-content\/uploads\/2025\/04\/Jose-Luis-Ortega-Vidal.jpg","width":1250,"height":667},{"@type":"BreadcrumbList","@id":"https:\/\/lospoliticosveracruz.com\/?p=180077#breadcrumb","itemListElement":[{"@type":"ListItem","position":1,"name":"Portada","item":"https:\/\/lospoliticosveracruz.com\/"},{"@type":"ListItem","position":2,"name":"PROCESO ELECTORAL 2026-2027: LAS MUERTAS"}]},{"@type":"WebSite","@id":"https:\/\/lospoliticosveracruz.com\/#website","url":"https:\/\/lospoliticosveracruz.com\/","name":"Los pol\u00edticos Veracruz","description":"","publisher":{"@id":"https:\/\/lospoliticosveracruz.com\/#organization"},"potentialAction":[{"@type":"SearchAction","target":{"@type":"EntryPoint","urlTemplate":"https:\/\/lospoliticosveracruz.com\/?s={search_term_string}"},"query-input":{"@type":"PropertyValueSpecification","valueRequired":true,"valueName":"search_term_string"}}],"inLanguage":"es"},{"@type":"Organization","@id":"https:\/\/lospoliticosveracruz.com\/#organization","name":"Los pol\u00edticos Veracruz","url":"https:\/\/lospoliticosveracruz.com\/","logo":{"@type":"ImageObject","inLanguage":"es","@id":"https:\/\/lospoliticosveracruz.com\/#\/schema\/logo\/image\/","url":"https:\/\/lospoliticosveracruz.com\/wp-content\/uploads\/2025\/12\/Logo-Nuevo-LOS-POLITICOS-1.jpg","contentUrl":"https:\/\/lospoliticosveracruz.com\/wp-content\/uploads\/2025\/12\/Logo-Nuevo-LOS-POLITICOS-1.jpg","width":260,"height":70,"caption":"Los pol\u00edticos Veracruz"},"image":{"@id":"https:\/\/lospoliticosveracruz.com\/#\/schema\/logo\/image\/"},"sameAs":["https:\/\/www.facebook.com\/people\/Notimemes-de-los-Polticos\/61565672886568\/","https:\/\/x.com\/LosPoliticosVer"]},{"@type":"Person","@id":"https:\/\/lospoliticosveracruz.com\/#\/schema\/person\/b8702bb0e538456e6efd07080bf2a4a2","name":"Lo viste en Los Pol\u00edticos","image":{"@type":"ImageObject","inLanguage":"es","@id":"https:\/\/secure.gravatar.com\/avatar\/3a8de04a2656d44082be478bd6c086daa447c4651605818287b9532d3d0bd435?s=96&d=mm&r=g","url":"https:\/\/secure.gravatar.com\/avatar\/3a8de04a2656d44082be478bd6c086daa447c4651605818287b9532d3d0bd435?s=96&d=mm&r=g","contentUrl":"https:\/\/secure.gravatar.com\/avatar\/3a8de04a2656d44082be478bd6c086daa447c4651605818287b9532d3d0bd435?s=96&d=mm&r=g","caption":"Lo viste en Los Pol\u00edticos"},"url":"https:\/\/lospoliticosveracruz.com\/?author=2"}]}},"_links":{"self":[{"href":"https:\/\/lospoliticosveracruz.com\/index.php?rest_route=\/wp\/v2\/posts\/180077","targetHints":{"allow":["GET"]}}],"collection":[{"href":"https:\/\/lospoliticosveracruz.com\/index.php?rest_route=\/wp\/v2\/posts"}],"about":[{"href":"https:\/\/lospoliticosveracruz.com\/index.php?rest_route=\/wp\/v2\/types\/post"}],"author":[{"embeddable":true,"href":"https:\/\/lospoliticosveracruz.com\/index.php?rest_route=\/wp\/v2\/users\/2"}],"replies":[{"embeddable":true,"href":"https:\/\/lospoliticosveracruz.com\/index.php?rest_route=%2Fwp%2Fv2%2Fcomments&post=180077"}],"version-history":[{"count":1,"href":"https:\/\/lospoliticosveracruz.com\/index.php?rest_route=\/wp\/v2\/posts\/180077\/revisions"}],"predecessor-version":[{"id":180078,"href":"https:\/\/lospoliticosveracruz.com\/index.php?rest_route=\/wp\/v2\/posts\/180077\/revisions\/180078"}],"wp:featuredmedia":[{"embeddable":true,"href":"https:\/\/lospoliticosveracruz.com\/index.php?rest_route=\/wp\/v2\/media\/141392"}],"wp:attachment":[{"href":"https:\/\/lospoliticosveracruz.com\/index.php?rest_route=%2Fwp%2Fv2%2Fmedia&parent=180077"}],"wp:term":[{"taxonomy":"category","embeddable":true,"href":"https:\/\/lospoliticosveracruz.com\/index.php?rest_route=%2Fwp%2Fv2%2Fcategories&post=180077"},{"taxonomy":"post_tag","embeddable":true,"href":"https:\/\/lospoliticosveracruz.com\/index.php?rest_route=%2Fwp%2Fv2%2Ftags&post=180077"}],"curies":[{"name":"wp","href":"https:\/\/api.w.org\/{rel}","templated":true}]}}