{"id":180081,"date":"2026-09-05T07:09:58","date_gmt":"2026-09-05T13:09:58","guid":{"rendered":"https:\/\/lospoliticosveracruz.com\/?p=180081"},"modified":"2026-09-05T07:10:00","modified_gmt":"2026-09-05T13:10:00","slug":"pobreza-y-bienestar","status":"publish","type":"post","link":"https:\/\/lospoliticosveracruz.com\/?p=180081","title":{"rendered":"POBREZA Y BIENESTAR"},"content":{"rendered":"<div class=\"wp-block-image\">\n<figure class=\"alignleft size-large is-resized\"><a href=\"https:\/\/lospoliticosveracruz.com\/wp-content\/uploads\/2026\/09\/banners-prevencion-suicidio-500x500-1.png\"><img loading=\"lazy\" decoding=\"async\" width=\"1024\" height=\"1024\" src=\"https:\/\/lospoliticosveracruz.com\/wp-content\/uploads\/2026\/09\/banners-prevencion-suicidio-500x500-1-1024x1024.png\" alt=\"\" class=\"wp-image-179740\" style=\"width:476px;height:auto\" srcset=\"https:\/\/lospoliticosveracruz.com\/wp-content\/uploads\/2026\/09\/banners-prevencion-suicidio-500x500-1-1024x1024.png 1024w, https:\/\/lospoliticosveracruz.com\/wp-content\/uploads\/2026\/09\/banners-prevencion-suicidio-500x500-1-300x300.png 300w, https:\/\/lospoliticosveracruz.com\/wp-content\/uploads\/2026\/09\/banners-prevencion-suicidio-500x500-1-150x150.png 150w, https:\/\/lospoliticosveracruz.com\/wp-content\/uploads\/2026\/09\/banners-prevencion-suicidio-500x500-1-768x768.png 768w, https:\/\/lospoliticosveracruz.com\/wp-content\/uploads\/2026\/09\/banners-prevencion-suicidio-500x500-1-1536x1536.png 1536w, https:\/\/lospoliticosveracruz.com\/wp-content\/uploads\/2026\/09\/banners-prevencion-suicidio-500x500-1-2048x2048.png 2048w, https:\/\/lospoliticosveracruz.com\/wp-content\/uploads\/2026\/09\/banners-prevencion-suicidio-500x500-1-420x420.png 420w, https:\/\/lospoliticosveracruz.com\/wp-content\/uploads\/2026\/09\/banners-prevencion-suicidio-500x500-1-696x696.png 696w, https:\/\/lospoliticosveracruz.com\/wp-content\/uploads\/2026\/09\/banners-prevencion-suicidio-500x500-1-1068x1068.png 1068w, https:\/\/lospoliticosveracruz.com\/wp-content\/uploads\/2026\/09\/banners-prevencion-suicidio-500x500-1-1920x1920.png 1920w\" sizes=\"auto, (max-width: 1024px) 100vw, 1024px\" \/><\/a><\/figure>\n<\/div>\n\n\n<p><strong>Carlos Miguel Acosta Bravo<\/strong><br><em>Impronta<\/em><\/p>\n\n\n\n<p class=\"dropcapp1\">Los Programas para el Bienestar del Gobierno de M\u00e9xico que en 2026&nbsp;benefician&nbsp;a cerca de 42.8 millones de derechohabientes con una inversi\u00f3n de alrededor de 1 bill\u00f3n de pesos,&nbsp;han contribuido de manera significativa a reducir la pobreza por ingresos, especialmente entre adultos mayores y hogares de bajos recursos, aunque persisten debates sobre si las transferencias monetarias sustituyen o complementan la inversi\u00f3n estructural en servicios p\u00fablicos como educaci\u00f3n y salud.<\/p>\n\n\n\n<p>Su influencia en el combate a la pobreza&nbsp;,cobertura y monto.Al cierre de 2026 se estima que 42 millones 860 mil 296 personas reciben apoyos directos pensiones, becas, apoyos a personas con discapacidad, programas al campo, etc., con un presupuesto cercano a 1 bill\u00f3n de pesos.<\/p>\n\n\n\n<p>El propio gobierno atribuye a estas pol\u00edticas una reducci\u00f3n importante de la pobreza por ingresos; fuentes citan que entre 2019 y 2024 alrededor de 13.4 millones de personas superaron la condici\u00f3n de pobreza, y estimaciones del Banco Mundial elevan esa cifra a 16 millones hasta 2025.<\/p>\n\n\n\n<p>Las transferencias directas aumentan el ingreso disponible de los hogares m\u00e1s vulnerables&nbsp;como el caso de la&nbsp;pensi\u00f3n universal para adultos mayores de 6,400 pesos bimestrales, lo que reduce inmediatamente la pobreza monetaria y la vulnerabilidad ante shocks econ\u00f3micos.<\/p>\n\n\n\n<p>Por su parte, diputados y analistas advierten que, aunque las transferencias ayudan a reducir indicadores de pobreza por ingreso, no sustituyen la inversi\u00f3n en empleo formal, salud y educaci\u00f3n de calidad; es decir, pueden aliviar s\u00edntomas sin resolver causas estructurales de la pobreza.<\/p>\n\n\n\n<p>El gobierno ha enfatizado que los recursos se entregan de manera directa a las personas, lo que&nbsp;-en teor\u00eda-&nbsp;reduce intermediaci\u00f3n y espacios de corrupci\u00f3n. Sin embargo, la rendici\u00f3n de cuentas depende de varios mecanismos.&nbsp;La Auditor\u00eda Superior de la Federaci\u00f3n (ASF) y las auditor\u00edas &nbsp;estatales (como la ASE en Guerrero) realizan fiscalizaci\u00f3n del gasto federalizado, incluyendo programas sociales, y han firmado convenios para fortalecer la revisi\u00f3n del uso de recursos en municipios.<\/p>\n\n\n\n<p>La publicaci\u00f3n de padrones de beneficiarios y las reglas de operaci\u00f3n de cada programa son instrumentos clave para verificar qui\u00e9nes reciben los apoyos y bajo qu\u00e9 criterios. Esto es una pr\u00e1ctica est\u00e1ndar exigida por la Ley Federal de Transparencia, aunque los detalles espec\u00edficos de cada programa var\u00edan.<\/p>\n\n\n\n<p>La expansi\u00f3n r\u00e1pida del padr\u00f3n de 32 millones en 2025 a 42.8 millones en 2026, un aumento de 31% ha generado cuestionamientos pol\u00edticos sobre posible uso electoral de los programas, lo que aumenta la presi\u00f3n para que existan auditor\u00edas independientes y datos abiertos verificables.<\/p>\n\n\n\n<p>En la pr\u00e1ctica, la transparencia efectiva requiere no solo la existencia de auditor\u00edas, sino tambi\u00e9n la publicaci\u00f3n oportuna de resultados, la sanci\u00f3n de irregularidades y el acceso ciudadano a informaci\u00f3n,&nbsp;por ejemplo, desglose por municipio, criterios de inclusi\u00f3n\/exclusi\u00f3n y mecanismos de apelaci\u00f3n.<\/p>\n\n\n\n<p>La pol\u00e9mica sobre las becas y el gasto en educaci\u00f3n, uno de los puntos m\u00e1s cr\u00edticos que&nbsp;se&nbsp;mencionan&nbsp;es que el gasto en becas se registra como gasto educativo, pero no se traduce en mejoras visibles de infraestructura escolar.<\/p>\n\n\n\n<p>La Beca Universal Rita Cetina, que en 2026 alcanza a 15 millones de estudiantes de educaci\u00f3n b\u00e1sica) se contabilizan dentro del gasto p\u00fablico en educaci\u00f3n porque son transferencias destinadas a apoyar la permanencia escolar.<\/p>\n\n\n\n<p>Analistas y opositores argumentan que, aunque las becas ayudan a las familias, ese gasto no necesariamente se refleja en inversi\u00f3n de capital&nbsp;en&nbsp;escuelas, laboratorios, mantenimiento, conectividad, lo que limita el impacto en la calidad educativa a largo plazo.<\/p>\n\n\n\n<p>Si una parte creciente del presupuesto educativo se destina a transferencias corrientes (becas), puede quedar menos margen para inversi\u00f3n fija en infraestructura y bienes de capital, salvo que el presupuesto total de educaci\u00f3n aumente de manera proporcional. Esto no implica que las becas sean innecesarias, pero s\u00ed que su clasificaci\u00f3n como \u201cgasto educativo\u201d puede inflar indicadores de inversi\u00f3n en el sector sin mejorar necesariamente las condiciones materiales de las escuelas.<\/p>\n\n\n\n<p>Los programas sociales han tenido un efecto medible en la reducci\u00f3n de la pobreza por ingresos, sobre todo mediante pensiones y transferencias directas.&nbsp;La transparencia depende de auditor\u00edas (ASF\/ASE), publicaci\u00f3n de padrones y escrutinio p\u00fablico; la expansi\u00f3n acelerada del padr\u00f3n aumenta la necesidad de controles robustos para evitar usos clientelares.<\/p>\n\n\n\n<p>El financiamiento de los Programas para el Bienestar con deuda externa y p\u00fablica plantea riesgos de sostenibilidad fiscal si el crecimiento econ\u00f3mico no acompa\u00f1a el ritmo del gasto, porque eleva el costo financiero, reduce el espacio para inversi\u00f3n productiva y puede presionar la calificaci\u00f3n crediticia del pa\u00eds.&nbsp;Al primer semestre de 2026, la deuda p\u00fablica&nbsp;de M\u00e9xico&nbsp;alcanz\u00f3 alrededor de 19 billones de pesos, equivalente a 51.4% del PIB, y las proyecciones la ubican cerca de 20.4 billones al cierre de 2026 y 21.8 billones en 2027 si se mantiene la trayectoria.<\/p>\n\n\n\n<p>La deuda externa del gobierno lleg\u00f3 a un r\u00e9cord de 20,531 millones de d\u00f3lares en los primeros seis meses de 2026 (aumento de 89.62% anual), aunque la participaci\u00f3n de la deuda externa neta dentro del total baj\u00f3 de 23.3% en 2018 a 15.4% en junio de 2026, seg\u00fan Hacienda.<\/p>\n\n\n\n<p>El costo financiero de la deuda se estim\u00f3 en 1.536 billones de pesos para 2026, superando lo destinado a educaci\u00f3n 1.239 billones y siendo claramente superior a salud e inversi\u00f3n f\u00edsica; por cada peso en infraestructura, el Estado destina cerca de 1.7 pesos al pago de intereses.<\/p>\n\n\n\n<p>Los problemas financieros que pueden derivarse&nbsp;la presi\u00f3n sobre el presupuesto y gasto r\u00edgido.&nbsp;Las pensiones, becas, costo de la deuda y apoyos a Pemex representan una carga de m\u00e1s de 2 billones de pesos al primer semestre de 2026, limitando el margen de Hacienda para el Paquete Econ\u00f3mico 2027.<\/p>\n\n\n\n<p>El aumento del costo financiero compite con rubros prioritarios como educaci\u00f3n, salud e infraestructura; analistas se\u00f1alan que esto puede debilitar el crecimiento de largo plazo al reducir la inversi\u00f3n p\u00fablica en actividadesproductivas.<\/p>\n\n\n\n<p>Por su parte el Centro de Estudios Econ\u00f3micos del Sector Privado (CEESP) alerta sobre \u201criesgo de insostenibilidad\u201d si no se contiene el d\u00e9ficit y se modera el crecimiento de la deuda, dado que los programas prioritarios absorben cerca de 42% de los ingresos totales del Gobierno Federal.&nbsp;Por su parte&nbsp;Moody\u2019s ha advertido que el gasto r\u00edgido, el d\u00e9ficit y el aumento de la deuda complican la consolidaci\u00f3n fiscal de M\u00e9xico en 2026; un deterioro en la calificaci\u00f3n soberana elevar\u00eda las tasas de inter\u00e9s y el costo de refinanciamiento.<\/p>\n\n\n\n<p>El IMEF proyecta que la deuda p\u00fablica podr\u00eda llegar a 60% del PIB al cierre de 2026, por encima de la meta gubernamental de 50%, en un escenario de d\u00e9bil expansi\u00f3n econ\u00f3mica e ingresos p\u00fablicos estancados.&nbsp;Un mayor peso de deuda en moneda extranjera expone al pa\u00eds a riesgos cambiarios; aunque la participaci\u00f3n de deuda externa ha bajado, un choque en el tipo de peso o en las tasas globales podr\u00eda encarecer el servicio de la deuda.<\/p>\n\n\n\n<p>Los programas de protecci\u00f3n social representan cerca de una cuarta parte de los recursos presupuestarios, y su expansi\u00f3n continua sin un aumento proporcional de ingresos tributarios o crecimiento del PIB reduce el espacio fiscal para otras prioridades.<\/p>\n\n\n\n<p>Diversos analistas sugieren que el umbral de 60% del PIB&nbsp;podr\u00eda ser el l\u00edmite de endeudamiento&nbsp;y ser&nbsp;una zona de alerta; m\u00e1s all\u00e1 de ese nivel, el costo de financiamiento tiende a aumentar y el margen de maniobra fiscal se estrecha considerablemente.<\/p>\n\n\n\n<p>Si el gobierno logra contener el crecimiento del gasto corriente, aumentar la eficiencia tributaria y mantener un crecimiento del PIB superior al costo de la deuda, los programas podr\u00edan sostenerse sin disparar la deuda.<\/p>\n\n\n\n<p>Si el gasto r\u00edgido (pensiones, becas, deuda) sigue creciendo m\u00e1s r\u00e1pido que los ingresos y el PIB, el costo financiero podr\u00eda desplazar a\u00fan m\u00e1s la inversi\u00f3n productiva, generando un c\u00edrculo vicioso de menor crecimiento y mayor endeudamiento.<\/p>\n\n\n\n<p>El uso de deuda externa y p\u00fablica para financiar programas sociales no es inviable por si mismo, pero su sostenibilidad depende de el crecimiento econ\u00f3mico supere el costo de la deuda,&nbsp;de que&nbsp;exista una estrategia clara de consolidaci\u00f3n fiscal que no dependa exclusivamente de m\u00e1s endeudamiento, y&nbsp;se preserve un espacio suficiente para inversi\u00f3n productiva que genere los ingresos futuros necesarios para pagar esa deuda.<\/p>\n\n\n\n<p>Comente u opine a:<br>cacostabravo@yahoo.com.mx<\/p>\n\n\n\n<p><em>Maestro en Comunicaci\u00f3n por la Universidad Iberoamericana. Form\u00f3 parte &nbsp;del cuerpo<\/em><em>&nbsp;acad\u00e9mico de la Licenciatura en Comunicaci\u00f3n en esa instituci\u00f3n, as\u00ed como de la Universidad An\u00e1huac, camp\u00fas norte.<\/em><\/p>\n\n\n\n<p><\/p>\n","protected":false},"excerpt":{"rendered":"<p>Carlos Miguel Acosta BravoImpronta Los Programas para el Bienestar del Gobierno de M\u00e9xico que en 2026&nbsp;benefician&nbsp;a cerca de 42.8 millones de derechohabientes con una inversi\u00f3n de alrededor de 1 bill\u00f3n de pesos,&nbsp;han contribuido de manera significativa a reducir la pobreza por ingresos, especialmente entre adultos mayores y hogares de bajos recursos, aunque persisten debates sobre [&hellip;]<\/p>\n","protected":false},"author":2,"featured_media":141377,"comment_status":"closed","ping_status":"closed","sticky":false,"template":"","format":"standard","meta":{"tdm_status":"","tdm_grid_status":"","footnotes":""},"categories":[70],"tags":[2180,71038,17020,43303],"class_list":{"0":"post-180081","1":"post","2":"type-post","3":"status-publish","4":"format-standard","5":"has-post-thumbnail","7":"category-de-opinion","8":"tag-asf","9":"tag-beca-universal-rita-cetina","10":"tag-bienestar","11":"tag-carlos-miguel-acosta-bravo-2"},"yoast_head":"<!-- This site is optimized with the Yoast SEO plugin v28.1 - https:\/\/yoast.com\/product\/yoast-seo-wordpress\/ -->\n<title>POBREZA Y BIENESTAR - Los pol\u00edticos Veracruz<\/title>\n<meta name=\"robots\" content=\"index, follow, max-snippet:-1, max-image-preview:large, max-video-preview:-1\" \/>\n<link rel=\"canonical\" href=\"https:\/\/lospoliticosveracruz.com\/?p=180081\" \/>\n<meta property=\"og:locale\" content=\"es_ES\" \/>\n<meta property=\"og:type\" content=\"article\" \/>\n<meta property=\"og:title\" content=\"POBREZA Y BIENESTAR - Los pol\u00edticos Veracruz\" \/>\n<meta property=\"og:description\" content=\"Carlos Miguel Acosta BravoImpronta Los Programas para el Bienestar del Gobierno de M\u00e9xico que en 2026&nbsp;benefician&nbsp;a cerca de 42.8 millones de derechohabientes con una inversi\u00f3n de alrededor de 1 bill\u00f3n de pesos,&nbsp;han contribuido de manera significativa a reducir la pobreza por ingresos, especialmente entre adultos mayores y hogares de bajos recursos, aunque persisten debates sobre [&hellip;]\" \/>\n<meta property=\"og:url\" content=\"https:\/\/lospoliticosveracruz.com\/?p=180081\" \/>\n<meta property=\"og:site_name\" content=\"Los pol\u00edticos Veracruz\" \/>\n<meta property=\"article:publisher\" content=\"https:\/\/www.facebook.com\/people\/Notimemes-de-los-Polticos\/61565672886568\/\" \/>\n<meta property=\"article:published_time\" content=\"2026-09-05T13:09:58+00:00\" \/>\n<meta property=\"article:modified_time\" content=\"2026-09-05T13:10:00+00:00\" \/>\n<meta property=\"og:image\" content=\"https:\/\/lospoliticosveracruz.com\/wp-content\/uploads\/2025\/04\/Carlos-Miguel-Acosta-Bravo-e1780964715690.jpg\" \/>\n\t<meta property=\"og:image:width\" content=\"600\" \/>\n\t<meta property=\"og:image:height\" content=\"320\" \/>\n\t<meta property=\"og:image:type\" content=\"image\/jpeg\" \/>\n<meta name=\"author\" content=\"Lo viste en Los Pol\u00edticos\" \/>\n<meta name=\"twitter:card\" content=\"summary_large_image\" \/>\n<meta name=\"twitter:creator\" content=\"@LosPoliticosVer\" \/>\n<meta name=\"twitter:site\" content=\"@LosPoliticosVer\" \/>\n<meta name=\"twitter:label1\" content=\"Escrito por\" \/>\n\t<meta name=\"twitter:data1\" content=\"Lo viste en Los Pol\u00edticos\" \/>\n\t<meta name=\"twitter:label2\" content=\"Tiempo de lectura\" \/>\n\t<meta name=\"twitter:data2\" content=\"7 minutos\" \/>\n<script type=\"application\/ld+json\" class=\"yoast-schema-graph\">{\"@context\":\"https:\\\/\\\/schema.org\",\"@graph\":[{\"@type\":\"Article\",\"@id\":\"https:\\\/\\\/lospoliticosveracruz.com\\\/?p=180081#article\",\"isPartOf\":{\"@id\":\"https:\\\/\\\/lospoliticosveracruz.com\\\/?p=180081\"},\"author\":{\"name\":\"Lo viste en Los Pol\u00edticos\",\"@id\":\"https:\\\/\\\/lospoliticosveracruz.com\\\/#\\\/schema\\\/person\\\/b8702bb0e538456e6efd07080bf2a4a2\"},\"headline\":\"POBREZA Y BIENESTAR\",\"datePublished\":\"2026-09-05T13:09:58+00:00\",\"dateModified\":\"2026-09-05T13:10:00+00:00\",\"mainEntityOfPage\":{\"@id\":\"https:\\\/\\\/lospoliticosveracruz.com\\\/?p=180081\"},\"wordCount\":1502,\"publisher\":{\"@id\":\"https:\\\/\\\/lospoliticosveracruz.com\\\/#organization\"},\"image\":{\"@id\":\"https:\\\/\\\/lospoliticosveracruz.com\\\/?p=180081#primaryimage\"},\"thumbnailUrl\":\"https:\\\/\\\/lospoliticosveracruz.com\\\/wp-content\\\/uploads\\\/2025\\\/04\\\/Carlos-Miguel-Acosta-Bravo-e1780964715690.jpg\",\"keywords\":[\"ASF\",\"Beca Universal Rita Cetina\",\"Bienestar\",\"Carlos Miguel Acosta Bravo\"],\"articleSection\":[\"De Opini\u00f3n\"],\"inLanguage\":\"es\"},{\"@type\":\"WebPage\",\"@id\":\"https:\\\/\\\/lospoliticosveracruz.com\\\/?p=180081\",\"url\":\"https:\\\/\\\/lospoliticosveracruz.com\\\/?p=180081\",\"name\":\"POBREZA Y BIENESTAR - Los pol\u00edticos Veracruz\",\"isPartOf\":{\"@id\":\"https:\\\/\\\/lospoliticosveracruz.com\\\/#website\"},\"primaryImageOfPage\":{\"@id\":\"https:\\\/\\\/lospoliticosveracruz.com\\\/?p=180081#primaryimage\"},\"image\":{\"@id\":\"https:\\\/\\\/lospoliticosveracruz.com\\\/?p=180081#primaryimage\"},\"thumbnailUrl\":\"https:\\\/\\\/lospoliticosveracruz.com\\\/wp-content\\\/uploads\\\/2025\\\/04\\\/Carlos-Miguel-Acosta-Bravo-e1780964715690.jpg\",\"datePublished\":\"2026-09-05T13:09:58+00:00\",\"dateModified\":\"2026-09-05T13:10:00+00:00\",\"breadcrumb\":{\"@id\":\"https:\\\/\\\/lospoliticosveracruz.com\\\/?p=180081#breadcrumb\"},\"inLanguage\":\"es\",\"potentialAction\":[{\"@type\":\"ReadAction\",\"target\":[\"https:\\\/\\\/lospoliticosveracruz.com\\\/?p=180081\"]}]},{\"@type\":\"ImageObject\",\"inLanguage\":\"es\",\"@id\":\"https:\\\/\\\/lospoliticosveracruz.com\\\/?p=180081#primaryimage\",\"url\":\"https:\\\/\\\/lospoliticosveracruz.com\\\/wp-content\\\/uploads\\\/2025\\\/04\\\/Carlos-Miguel-Acosta-Bravo-e1780964715690.jpg\",\"contentUrl\":\"https:\\\/\\\/lospoliticosveracruz.com\\\/wp-content\\\/uploads\\\/2025\\\/04\\\/Carlos-Miguel-Acosta-Bravo-e1780964715690.jpg\",\"width\":600,\"height\":320},{\"@type\":\"BreadcrumbList\",\"@id\":\"https:\\\/\\\/lospoliticosveracruz.com\\\/?p=180081#breadcrumb\",\"itemListElement\":[{\"@type\":\"ListItem\",\"position\":1,\"name\":\"Portada\",\"item\":\"https:\\\/\\\/lospoliticosveracruz.com\\\/\"},{\"@type\":\"ListItem\",\"position\":2,\"name\":\"POBREZA Y BIENESTAR\"}]},{\"@type\":\"WebSite\",\"@id\":\"https:\\\/\\\/lospoliticosveracruz.com\\\/#website\",\"url\":\"https:\\\/\\\/lospoliticosveracruz.com\\\/\",\"name\":\"Los pol\u00edticos Veracruz\",\"description\":\"\",\"publisher\":{\"@id\":\"https:\\\/\\\/lospoliticosveracruz.com\\\/#organization\"},\"potentialAction\":[{\"@type\":\"SearchAction\",\"target\":{\"@type\":\"EntryPoint\",\"urlTemplate\":\"https:\\\/\\\/lospoliticosveracruz.com\\\/?s={search_term_string}\"},\"query-input\":{\"@type\":\"PropertyValueSpecification\",\"valueRequired\":true,\"valueName\":\"search_term_string\"}}],\"inLanguage\":\"es\"},{\"@type\":\"Organization\",\"@id\":\"https:\\\/\\\/lospoliticosveracruz.com\\\/#organization\",\"name\":\"Los pol\u00edticos Veracruz\",\"url\":\"https:\\\/\\\/lospoliticosveracruz.com\\\/\",\"logo\":{\"@type\":\"ImageObject\",\"inLanguage\":\"es\",\"@id\":\"https:\\\/\\\/lospoliticosveracruz.com\\\/#\\\/schema\\\/logo\\\/image\\\/\",\"url\":\"https:\\\/\\\/lospoliticosveracruz.com\\\/wp-content\\\/uploads\\\/2025\\\/12\\\/Logo-Nuevo-LOS-POLITICOS-1.jpg\",\"contentUrl\":\"https:\\\/\\\/lospoliticosveracruz.com\\\/wp-content\\\/uploads\\\/2025\\\/12\\\/Logo-Nuevo-LOS-POLITICOS-1.jpg\",\"width\":260,\"height\":70,\"caption\":\"Los pol\u00edticos Veracruz\"},\"image\":{\"@id\":\"https:\\\/\\\/lospoliticosveracruz.com\\\/#\\\/schema\\\/logo\\\/image\\\/\"},\"sameAs\":[\"https:\\\/\\\/www.facebook.com\\\/people\\\/Notimemes-de-los-Polticos\\\/61565672886568\\\/\",\"https:\\\/\\\/x.com\\\/LosPoliticosVer\"]},{\"@type\":\"Person\",\"@id\":\"https:\\\/\\\/lospoliticosveracruz.com\\\/#\\\/schema\\\/person\\\/b8702bb0e538456e6efd07080bf2a4a2\",\"name\":\"Lo viste en Los Pol\u00edticos\",\"image\":{\"@type\":\"ImageObject\",\"inLanguage\":\"es\",\"@id\":\"https:\\\/\\\/secure.gravatar.com\\\/avatar\\\/3a8de04a2656d44082be478bd6c086daa447c4651605818287b9532d3d0bd435?s=96&d=mm&r=g\",\"url\":\"https:\\\/\\\/secure.gravatar.com\\\/avatar\\\/3a8de04a2656d44082be478bd6c086daa447c4651605818287b9532d3d0bd435?s=96&d=mm&r=g\",\"contentUrl\":\"https:\\\/\\\/secure.gravatar.com\\\/avatar\\\/3a8de04a2656d44082be478bd6c086daa447c4651605818287b9532d3d0bd435?s=96&d=mm&r=g\",\"caption\":\"Lo viste en Los Pol\u00edticos\"},\"url\":\"https:\\\/\\\/lospoliticosveracruz.com\\\/?author=2\"}]}<\/script>\n<!-- \/ Yoast SEO plugin. -->","yoast_head_json":{"title":"POBREZA Y BIENESTAR - Los pol\u00edticos Veracruz","robots":{"index":"index","follow":"follow","max-snippet":"max-snippet:-1","max-image-preview":"max-image-preview:large","max-video-preview":"max-video-preview:-1"},"canonical":"https:\/\/lospoliticosveracruz.com\/?p=180081","og_locale":"es_ES","og_type":"article","og_title":"POBREZA Y BIENESTAR - Los pol\u00edticos Veracruz","og_description":"Carlos Miguel Acosta BravoImpronta Los Programas para el Bienestar del Gobierno de M\u00e9xico que en 2026&nbsp;benefician&nbsp;a cerca de 42.8 millones de derechohabientes con una inversi\u00f3n de alrededor de 1 bill\u00f3n de pesos,&nbsp;han contribuido de manera significativa a reducir la pobreza por ingresos, especialmente entre adultos mayores y hogares de bajos recursos, aunque persisten debates sobre [&hellip;]","og_url":"https:\/\/lospoliticosveracruz.com\/?p=180081","og_site_name":"Los pol\u00edticos Veracruz","article_publisher":"https:\/\/www.facebook.com\/people\/Notimemes-de-los-Polticos\/61565672886568\/","article_published_time":"2026-09-05T13:09:58+00:00","article_modified_time":"2026-09-05T13:10:00+00:00","og_image":[{"width":600,"height":320,"url":"https:\/\/lospoliticosveracruz.com\/wp-content\/uploads\/2025\/04\/Carlos-Miguel-Acosta-Bravo-e1780964715690.jpg","type":"image\/jpeg"}],"author":"Lo viste en Los Pol\u00edticos","twitter_card":"summary_large_image","twitter_creator":"@LosPoliticosVer","twitter_site":"@LosPoliticosVer","twitter_misc":{"Escrito por":"Lo viste en Los Pol\u00edticos","Tiempo de lectura":"7 minutos"},"schema":{"@context":"https:\/\/schema.org","@graph":[{"@type":"Article","@id":"https:\/\/lospoliticosveracruz.com\/?p=180081#article","isPartOf":{"@id":"https:\/\/lospoliticosveracruz.com\/?p=180081"},"author":{"name":"Lo viste en Los Pol\u00edticos","@id":"https:\/\/lospoliticosveracruz.com\/#\/schema\/person\/b8702bb0e538456e6efd07080bf2a4a2"},"headline":"POBREZA Y BIENESTAR","datePublished":"2026-09-05T13:09:58+00:00","dateModified":"2026-09-05T13:10:00+00:00","mainEntityOfPage":{"@id":"https:\/\/lospoliticosveracruz.com\/?p=180081"},"wordCount":1502,"publisher":{"@id":"https:\/\/lospoliticosveracruz.com\/#organization"},"image":{"@id":"https:\/\/lospoliticosveracruz.com\/?p=180081#primaryimage"},"thumbnailUrl":"https:\/\/lospoliticosveracruz.com\/wp-content\/uploads\/2025\/04\/Carlos-Miguel-Acosta-Bravo-e1780964715690.jpg","keywords":["ASF","Beca Universal Rita Cetina","Bienestar","Carlos Miguel Acosta Bravo"],"articleSection":["De Opini\u00f3n"],"inLanguage":"es"},{"@type":"WebPage","@id":"https:\/\/lospoliticosveracruz.com\/?p=180081","url":"https:\/\/lospoliticosveracruz.com\/?p=180081","name":"POBREZA Y BIENESTAR - Los pol\u00edticos Veracruz","isPartOf":{"@id":"https:\/\/lospoliticosveracruz.com\/#website"},"primaryImageOfPage":{"@id":"https:\/\/lospoliticosveracruz.com\/?p=180081#primaryimage"},"image":{"@id":"https:\/\/lospoliticosveracruz.com\/?p=180081#primaryimage"},"thumbnailUrl":"https:\/\/lospoliticosveracruz.com\/wp-content\/uploads\/2025\/04\/Carlos-Miguel-Acosta-Bravo-e1780964715690.jpg","datePublished":"2026-09-05T13:09:58+00:00","dateModified":"2026-09-05T13:10:00+00:00","breadcrumb":{"@id":"https:\/\/lospoliticosveracruz.com\/?p=180081#breadcrumb"},"inLanguage":"es","potentialAction":[{"@type":"ReadAction","target":["https:\/\/lospoliticosveracruz.com\/?p=180081"]}]},{"@type":"ImageObject","inLanguage":"es","@id":"https:\/\/lospoliticosveracruz.com\/?p=180081#primaryimage","url":"https:\/\/lospoliticosveracruz.com\/wp-content\/uploads\/2025\/04\/Carlos-Miguel-Acosta-Bravo-e1780964715690.jpg","contentUrl":"https:\/\/lospoliticosveracruz.com\/wp-content\/uploads\/2025\/04\/Carlos-Miguel-Acosta-Bravo-e1780964715690.jpg","width":600,"height":320},{"@type":"BreadcrumbList","@id":"https:\/\/lospoliticosveracruz.com\/?p=180081#breadcrumb","itemListElement":[{"@type":"ListItem","position":1,"name":"Portada","item":"https:\/\/lospoliticosveracruz.com\/"},{"@type":"ListItem","position":2,"name":"POBREZA Y BIENESTAR"}]},{"@type":"WebSite","@id":"https:\/\/lospoliticosveracruz.com\/#website","url":"https:\/\/lospoliticosveracruz.com\/","name":"Los pol\u00edticos Veracruz","description":"","publisher":{"@id":"https:\/\/lospoliticosveracruz.com\/#organization"},"potentialAction":[{"@type":"SearchAction","target":{"@type":"EntryPoint","urlTemplate":"https:\/\/lospoliticosveracruz.com\/?s={search_term_string}"},"query-input":{"@type":"PropertyValueSpecification","valueRequired":true,"valueName":"search_term_string"}}],"inLanguage":"es"},{"@type":"Organization","@id":"https:\/\/lospoliticosveracruz.com\/#organization","name":"Los pol\u00edticos Veracruz","url":"https:\/\/lospoliticosveracruz.com\/","logo":{"@type":"ImageObject","inLanguage":"es","@id":"https:\/\/lospoliticosveracruz.com\/#\/schema\/logo\/image\/","url":"https:\/\/lospoliticosveracruz.com\/wp-content\/uploads\/2025\/12\/Logo-Nuevo-LOS-POLITICOS-1.jpg","contentUrl":"https:\/\/lospoliticosveracruz.com\/wp-content\/uploads\/2025\/12\/Logo-Nuevo-LOS-POLITICOS-1.jpg","width":260,"height":70,"caption":"Los pol\u00edticos Veracruz"},"image":{"@id":"https:\/\/lospoliticosveracruz.com\/#\/schema\/logo\/image\/"},"sameAs":["https:\/\/www.facebook.com\/people\/Notimemes-de-los-Polticos\/61565672886568\/","https:\/\/x.com\/LosPoliticosVer"]},{"@type":"Person","@id":"https:\/\/lospoliticosveracruz.com\/#\/schema\/person\/b8702bb0e538456e6efd07080bf2a4a2","name":"Lo viste en Los Pol\u00edticos","image":{"@type":"ImageObject","inLanguage":"es","@id":"https:\/\/secure.gravatar.com\/avatar\/3a8de04a2656d44082be478bd6c086daa447c4651605818287b9532d3d0bd435?s=96&d=mm&r=g","url":"https:\/\/secure.gravatar.com\/avatar\/3a8de04a2656d44082be478bd6c086daa447c4651605818287b9532d3d0bd435?s=96&d=mm&r=g","contentUrl":"https:\/\/secure.gravatar.com\/avatar\/3a8de04a2656d44082be478bd6c086daa447c4651605818287b9532d3d0bd435?s=96&d=mm&r=g","caption":"Lo viste en Los Pol\u00edticos"},"url":"https:\/\/lospoliticosveracruz.com\/?author=2"}]}},"_links":{"self":[{"href":"https:\/\/lospoliticosveracruz.com\/index.php?rest_route=\/wp\/v2\/posts\/180081","targetHints":{"allow":["GET"]}}],"collection":[{"href":"https:\/\/lospoliticosveracruz.com\/index.php?rest_route=\/wp\/v2\/posts"}],"about":[{"href":"https:\/\/lospoliticosveracruz.com\/index.php?rest_route=\/wp\/v2\/types\/post"}],"author":[{"embeddable":true,"href":"https:\/\/lospoliticosveracruz.com\/index.php?rest_route=\/wp\/v2\/users\/2"}],"replies":[{"embeddable":true,"href":"https:\/\/lospoliticosveracruz.com\/index.php?rest_route=%2Fwp%2Fv2%2Fcomments&post=180081"}],"version-history":[{"count":1,"href":"https:\/\/lospoliticosveracruz.com\/index.php?rest_route=\/wp\/v2\/posts\/180081\/revisions"}],"predecessor-version":[{"id":180082,"href":"https:\/\/lospoliticosveracruz.com\/index.php?rest_route=\/wp\/v2\/posts\/180081\/revisions\/180082"}],"wp:featuredmedia":[{"embeddable":true,"href":"https:\/\/lospoliticosveracruz.com\/index.php?rest_route=\/wp\/v2\/media\/141377"}],"wp:attachment":[{"href":"https:\/\/lospoliticosveracruz.com\/index.php?rest_route=%2Fwp%2Fv2%2Fmedia&parent=180081"}],"wp:term":[{"taxonomy":"category","embeddable":true,"href":"https:\/\/lospoliticosveracruz.com\/index.php?rest_route=%2Fwp%2Fv2%2Fcategories&post=180081"},{"taxonomy":"post_tag","embeddable":true,"href":"https:\/\/lospoliticosveracruz.com\/index.php?rest_route=%2Fwp%2Fv2%2Ftags&post=180081"}],"curies":[{"name":"wp","href":"https:\/\/api.w.org\/{rel}","templated":true}]}}