{"id":180102,"date":"2026-09-05T18:07:50","date_gmt":"2026-09-06T00:07:50","guid":{"rendered":"https:\/\/lospoliticosveracruz.com\/?p=180102"},"modified":"2026-09-05T18:07:51","modified_gmt":"2026-09-06T00:07:51","slug":"premian-a-los-mas-aplicados","status":"publish","type":"post","link":"https:\/\/lospoliticosveracruz.com\/?p=180102","title":{"rendered":"PREMIAN A LOS M\u00c1S APLICADOS!"},"content":{"rendered":"<div class=\"wp-block-image\">\n<figure class=\"alignleft size-full is-resized\"><a href=\"https:\/\/lospoliticosveracruz.com\/wp-content\/uploads\/2026\/08\/Fiestas-Veracruz.jpg\"><img loading=\"lazy\" decoding=\"async\" width=\"667\" height=\"625\" src=\"https:\/\/lospoliticosveracruz.com\/wp-content\/uploads\/2026\/08\/Fiestas-Veracruz.jpg\" alt=\"\" class=\"wp-image-179650\" style=\"aspect-ratio:1.067287698577726;width:425px;height:auto\" srcset=\"https:\/\/lospoliticosveracruz.com\/wp-content\/uploads\/2026\/08\/Fiestas-Veracruz.jpg 667w, https:\/\/lospoliticosveracruz.com\/wp-content\/uploads\/2026\/08\/Fiestas-Veracruz-300x281.jpg 300w, https:\/\/lospoliticosveracruz.com\/wp-content\/uploads\/2026\/08\/Fiestas-Veracruz-448x420.jpg 448w, https:\/\/lospoliticosveracruz.com\/wp-content\/uploads\/2026\/08\/Fiestas-Veracruz-150x141.jpg 150w\" sizes=\"auto, (max-width: 667px) 100vw, 667px\" \/><\/a><\/figure>\n<\/div>\n\n\n<p>La Comunidad Estudiantil del Sindicato Profisspev recibi\u00f3 las Becas de Excelencia Acad\u00e9mica, como reconocimiento al esfuerzo, dedicaci\u00f3n y destacado desempe\u00f1o escolar de las ni\u00f1as, ni\u00f1os y j\u00f3venes que forman parte de las familias de esta organizaci\u00f3n sindical.<\/p>\n\n\n\n<p>La entrega estuvo a cargo del secretario de Finanzas y Planeaci\u00f3n, Miguel Santiago Reyes Hern\u00e1ndez, en representaci\u00f3n de la gobernadora del Estado, Roc\u00edo Nahle Garc\u00eda, quien hizo llegar un reconocimiento a los estudiantes por su compromiso con su formaci\u00f3n acad\u00e9mica.<\/p>\n\n\n\n<p>Acompa\u00f1ados de sus madres, padres y familiares, los becarios estuvieron presentes junto al secretario general del Sindicato Profisspev, Alfredo Su\u00e1rez Mart\u00ednez, quien felicit\u00f3 personalmente a cada uno de ellos y los exhort\u00f3 a continuar por el camino de la disciplina, el estudio y la superaci\u00f3n.<\/p>\n\n\n\n<p>Este tipo de acciones forman parte de una visi\u00f3n sindical que va m\u00e1s all\u00e1 de la defensa de los derechos laborales y que coloca tambi\u00e9n a las familias de los trabajadores en el centro de su actividad.<\/p>\n\n\n\n<p>En pocos a\u00f1os, Profisspev ha experimentado una evoluci\u00f3n significativa. De ser una organizaci\u00f3n sindical de reciente creaci\u00f3n, pas\u00f3 a consolidar una presencia cada vez m\u00e1s visible dentro del \u00e1mbito laboral del Poder Ejecutivo de Veracruz, participando activamente en mesas de trabajo, asuntos de car\u00e1cter laboral y espacios de di\u00e1logo con autoridades estatales.<\/p>\n\n\n\n<p>La presencia constante de su secretario general, Alfredo Su\u00e1rez Mart\u00ednez, ha sido determinante en este proceso. Su conducci\u00f3n ha permitido fortalecer la interlocuci\u00f3n institucional del sindicato y mantener una organizaci\u00f3n activa en la defensa de los intereses de sus agremiados.<\/p>\n\n\n\n<p>Hoy, Profisspev contin\u00faa creciendo, sumando presencia y consolid\u00e1ndose como una organizaci\u00f3n sindical con voz propia dentro del Poder Ejecutivo del Estado de Veracruz, con una visi\u00f3n que combina la defensa de los trabajadores, el di\u00e1logo institucional y el bienestar de sus familias.<\/p>\n\n\n\n<p>La excelencia acad\u00e9mica de sus estudiantes es tambi\u00e9n motivo de orgullo para Profisspev.<\/p>\n\n\n\n<p>El sindicato felicit\u00f3 a todas y todos los becarios y destac\u00f3 que este reconocimiento busca convertirse en un est\u00edmulo para que contin\u00faen construyendo, con esfuerzo y preparaci\u00f3n, un mejor futuro.<\/p>\n\n\n\n<p><\/p>\n","protected":false},"excerpt":{"rendered":"<p>La Comunidad Estudiantil del Sindicato Profisspev recibi\u00f3 las Becas de Excelencia Acad\u00e9mica, como reconocimiento al esfuerzo, dedicaci\u00f3n y destacado desempe\u00f1o escolar de las ni\u00f1as, ni\u00f1os y j\u00f3venes que forman parte de las familias de esta organizaci\u00f3n sindical. La entrega estuvo a cargo del secretario de Finanzas y Planeaci\u00f3n, Miguel Santiago Reyes Hern\u00e1ndez, en representaci\u00f3n de [&hellip;]<\/p>\n","protected":false},"author":2,"featured_media":180103,"comment_status":"closed","ping_status":"closed","sticky":false,"template":"","format":"standard","meta":{"tdm_status":"","tdm_grid_status":"","footnotes":""},"categories":[73],"tags":[70835,71044,41936,29419,3578],"class_list":{"0":"post-180102","1":"post","2":"type-post","3":"status-publish","4":"format-standard","5":"has-post-thumbnail","7":"category-de-boleto","8":"tag-alfredo-suarez-martinez","9":"tag-becas-de-excelencia-academica","10":"tag-miguel-santiago-reyes-hernandez","11":"tag-profisspev","12":"tag-rocio-nahle"},"yoast_head":"<!-- This site is optimized with the Yoast SEO plugin v28.1 - https:\/\/yoast.com\/product\/yoast-seo-wordpress\/ -->\n<title>PREMIAN A LOS M\u00c1S APLICADOS! - Los pol\u00edticos Veracruz<\/title>\n<meta name=\"robots\" content=\"index, follow, max-snippet:-1, max-image-preview:large, max-video-preview:-1\" \/>\n<link rel=\"canonical\" href=\"https:\/\/lospoliticosveracruz.com\/?p=180102\" \/>\n<meta property=\"og:locale\" content=\"es_ES\" \/>\n<meta property=\"og:type\" content=\"article\" \/>\n<meta property=\"og:title\" content=\"PREMIAN A LOS M\u00c1S APLICADOS! - Los pol\u00edticos Veracruz\" \/>\n<meta property=\"og:description\" content=\"La Comunidad Estudiantil del Sindicato Profisspev recibi\u00f3 las Becas de Excelencia Acad\u00e9mica, como reconocimiento al esfuerzo, dedicaci\u00f3n y destacado desempe\u00f1o escolar de las ni\u00f1as, ni\u00f1os y j\u00f3venes que forman parte de las familias de esta organizaci\u00f3n sindical. La entrega estuvo a cargo del secretario de Finanzas y Planeaci\u00f3n, Miguel Santiago Reyes Hern\u00e1ndez, en representaci\u00f3n de [&hellip;]\" \/>\n<meta property=\"og:url\" content=\"https:\/\/lospoliticosveracruz.com\/?p=180102\" \/>\n<meta property=\"og:site_name\" content=\"Los pol\u00edticos Veracruz\" \/>\n<meta property=\"article:publisher\" content=\"https:\/\/www.facebook.com\/people\/Notimemes-de-los-Polticos\/61565672886568\/\" \/>\n<meta property=\"article:published_time\" content=\"2026-09-06T00:07:50+00:00\" \/>\n<meta property=\"article:modified_time\" content=\"2026-09-06T00:07:51+00:00\" \/>\n<meta property=\"og:image\" content=\"https:\/\/lospoliticosveracruz.com\/wp-content\/uploads\/2026\/09\/6bd72973-f3fa-43f5-8e48-26879435bb5f.jpeg\" \/>\n\t<meta property=\"og:image:width\" content=\"1080\" \/>\n\t<meta property=\"og:image:height\" content=\"665\" \/>\n\t<meta property=\"og:image:type\" content=\"image\/jpeg\" \/>\n<meta name=\"author\" content=\"Lo viste en Los Pol\u00edticos\" \/>\n<meta name=\"twitter:card\" content=\"summary_large_image\" \/>\n<meta name=\"twitter:creator\" content=\"@LosPoliticosVer\" \/>\n<meta name=\"twitter:site\" content=\"@LosPoliticosVer\" \/>\n<meta name=\"twitter:label1\" content=\"Escrito por\" \/>\n\t<meta name=\"twitter:data1\" content=\"Lo viste en Los Pol\u00edticos\" \/>\n\t<meta name=\"twitter:label2\" content=\"Tiempo de lectura\" \/>\n\t<meta name=\"twitter:data2\" content=\"2 minutos\" \/>\n<script type=\"application\/ld+json\" class=\"yoast-schema-graph\">{\"@context\":\"https:\\\/\\\/schema.org\",\"@graph\":[{\"@type\":\"Article\",\"@id\":\"https:\\\/\\\/lospoliticosveracruz.com\\\/?p=180102#article\",\"isPartOf\":{\"@id\":\"https:\\\/\\\/lospoliticosveracruz.com\\\/?p=180102\"},\"author\":{\"name\":\"Lo viste en Los Pol\u00edticos\",\"@id\":\"https:\\\/\\\/lospoliticosveracruz.com\\\/#\\\/schema\\\/person\\\/b8702bb0e538456e6efd07080bf2a4a2\"},\"headline\":\"PREMIAN A LOS M\u00c1S APLICADOS!\",\"datePublished\":\"2026-09-06T00:07:50+00:00\",\"dateModified\":\"2026-09-06T00:07:51+00:00\",\"mainEntityOfPage\":{\"@id\":\"https:\\\/\\\/lospoliticosveracruz.com\\\/?p=180102\"},\"wordCount\":385,\"publisher\":{\"@id\":\"https:\\\/\\\/lospoliticosveracruz.com\\\/#organization\"},\"image\":{\"@id\":\"https:\\\/\\\/lospoliticosveracruz.com\\\/?p=180102#primaryimage\"},\"thumbnailUrl\":\"https:\\\/\\\/lospoliticosveracruz.com\\\/wp-content\\\/uploads\\\/2026\\\/09\\\/6bd72973-f3fa-43f5-8e48-26879435bb5f.jpeg\",\"keywords\":[\"Alfredo Su\u00e1rez Mart\u00ednez\",\"Becas de Excelencia Acad\u00e9mica\",\"Miguel Santiago Reyes Hern\u00e1ndez\",\"PROFISSPEV\",\"Roc\u00edo Nahle\"],\"articleSection\":[\"De Boleto\"],\"inLanguage\":\"es\"},{\"@type\":\"WebPage\",\"@id\":\"https:\\\/\\\/lospoliticosveracruz.com\\\/?p=180102\",\"url\":\"https:\\\/\\\/lospoliticosveracruz.com\\\/?p=180102\",\"name\":\"PREMIAN A LOS M\u00c1S APLICADOS! - Los pol\u00edticos Veracruz\",\"isPartOf\":{\"@id\":\"https:\\\/\\\/lospoliticosveracruz.com\\\/#website\"},\"primaryImageOfPage\":{\"@id\":\"https:\\\/\\\/lospoliticosveracruz.com\\\/?p=180102#primaryimage\"},\"image\":{\"@id\":\"https:\\\/\\\/lospoliticosveracruz.com\\\/?p=180102#primaryimage\"},\"thumbnailUrl\":\"https:\\\/\\\/lospoliticosveracruz.com\\\/wp-content\\\/uploads\\\/2026\\\/09\\\/6bd72973-f3fa-43f5-8e48-26879435bb5f.jpeg\",\"datePublished\":\"2026-09-06T00:07:50+00:00\",\"dateModified\":\"2026-09-06T00:07:51+00:00\",\"breadcrumb\":{\"@id\":\"https:\\\/\\\/lospoliticosveracruz.com\\\/?p=180102#breadcrumb\"},\"inLanguage\":\"es\",\"potentialAction\":[{\"@type\":\"ReadAction\",\"target\":[\"https:\\\/\\\/lospoliticosveracruz.com\\\/?p=180102\"]}]},{\"@type\":\"ImageObject\",\"inLanguage\":\"es\",\"@id\":\"https:\\\/\\\/lospoliticosveracruz.com\\\/?p=180102#primaryimage\",\"url\":\"https:\\\/\\\/lospoliticosveracruz.com\\\/wp-content\\\/uploads\\\/2026\\\/09\\\/6bd72973-f3fa-43f5-8e48-26879435bb5f.jpeg\",\"contentUrl\":\"https:\\\/\\\/lospoliticosveracruz.com\\\/wp-content\\\/uploads\\\/2026\\\/09\\\/6bd72973-f3fa-43f5-8e48-26879435bb5f.jpeg\",\"width\":1080,\"height\":665},{\"@type\":\"BreadcrumbList\",\"@id\":\"https:\\\/\\\/lospoliticosveracruz.com\\\/?p=180102#breadcrumb\",\"itemListElement\":[{\"@type\":\"ListItem\",\"position\":1,\"name\":\"Portada\",\"item\":\"https:\\\/\\\/lospoliticosveracruz.com\\\/\"},{\"@type\":\"ListItem\",\"position\":2,\"name\":\"PREMIAN A LOS M\u00c1S APLICADOS!\"}]},{\"@type\":\"WebSite\",\"@id\":\"https:\\\/\\\/lospoliticosveracruz.com\\\/#website\",\"url\":\"https:\\\/\\\/lospoliticosveracruz.com\\\/\",\"name\":\"Los pol\u00edticos Veracruz\",\"description\":\"\",\"publisher\":{\"@id\":\"https:\\\/\\\/lospoliticosveracruz.com\\\/#organization\"},\"potentialAction\":[{\"@type\":\"SearchAction\",\"target\":{\"@type\":\"EntryPoint\",\"urlTemplate\":\"https:\\\/\\\/lospoliticosveracruz.com\\\/?s={search_term_string}\"},\"query-input\":{\"@type\":\"PropertyValueSpecification\",\"valueRequired\":true,\"valueName\":\"search_term_string\"}}],\"inLanguage\":\"es\"},{\"@type\":\"Organization\",\"@id\":\"https:\\\/\\\/lospoliticosveracruz.com\\\/#organization\",\"name\":\"Los pol\u00edticos Veracruz\",\"url\":\"https:\\\/\\\/lospoliticosveracruz.com\\\/\",\"logo\":{\"@type\":\"ImageObject\",\"inLanguage\":\"es\",\"@id\":\"https:\\\/\\\/lospoliticosveracruz.com\\\/#\\\/schema\\\/logo\\\/image\\\/\",\"url\":\"https:\\\/\\\/lospoliticosveracruz.com\\\/wp-content\\\/uploads\\\/2025\\\/12\\\/Logo-Nuevo-LOS-POLITICOS-1.jpg\",\"contentUrl\":\"https:\\\/\\\/lospoliticosveracruz.com\\\/wp-content\\\/uploads\\\/2025\\\/12\\\/Logo-Nuevo-LOS-POLITICOS-1.jpg\",\"width\":260,\"height\":70,\"caption\":\"Los pol\u00edticos Veracruz\"},\"image\":{\"@id\":\"https:\\\/\\\/lospoliticosveracruz.com\\\/#\\\/schema\\\/logo\\\/image\\\/\"},\"sameAs\":[\"https:\\\/\\\/www.facebook.com\\\/people\\\/Notimemes-de-los-Polticos\\\/61565672886568\\\/\",\"https:\\\/\\\/x.com\\\/LosPoliticosVer\"]},{\"@type\":\"Person\",\"@id\":\"https:\\\/\\\/lospoliticosveracruz.com\\\/#\\\/schema\\\/person\\\/b8702bb0e538456e6efd07080bf2a4a2\",\"name\":\"Lo viste en Los Pol\u00edticos\",\"image\":{\"@type\":\"ImageObject\",\"inLanguage\":\"es\",\"@id\":\"https:\\\/\\\/secure.gravatar.com\\\/avatar\\\/3a8de04a2656d44082be478bd6c086daa447c4651605818287b9532d3d0bd435?s=96&d=mm&r=g\",\"url\":\"https:\\\/\\\/secure.gravatar.com\\\/avatar\\\/3a8de04a2656d44082be478bd6c086daa447c4651605818287b9532d3d0bd435?s=96&d=mm&r=g\",\"contentUrl\":\"https:\\\/\\\/secure.gravatar.com\\\/avatar\\\/3a8de04a2656d44082be478bd6c086daa447c4651605818287b9532d3d0bd435?s=96&d=mm&r=g\",\"caption\":\"Lo viste en Los Pol\u00edticos\"},\"url\":\"https:\\\/\\\/lospoliticosveracruz.com\\\/?author=2\"}]}<\/script>\n<!-- \/ Yoast SEO plugin. -->","yoast_head_json":{"title":"PREMIAN A LOS M\u00c1S APLICADOS! - Los pol\u00edticos Veracruz","robots":{"index":"index","follow":"follow","max-snippet":"max-snippet:-1","max-image-preview":"max-image-preview:large","max-video-preview":"max-video-preview:-1"},"canonical":"https:\/\/lospoliticosveracruz.com\/?p=180102","og_locale":"es_ES","og_type":"article","og_title":"PREMIAN A LOS M\u00c1S APLICADOS! - Los pol\u00edticos Veracruz","og_description":"La Comunidad Estudiantil del Sindicato Profisspev recibi\u00f3 las Becas de Excelencia Acad\u00e9mica, como reconocimiento al esfuerzo, dedicaci\u00f3n y destacado desempe\u00f1o escolar de las ni\u00f1as, ni\u00f1os y j\u00f3venes que forman parte de las familias de esta organizaci\u00f3n sindical. La entrega estuvo a cargo del secretario de Finanzas y Planeaci\u00f3n, Miguel Santiago Reyes Hern\u00e1ndez, en representaci\u00f3n de [&hellip;]","og_url":"https:\/\/lospoliticosveracruz.com\/?p=180102","og_site_name":"Los pol\u00edticos Veracruz","article_publisher":"https:\/\/www.facebook.com\/people\/Notimemes-de-los-Polticos\/61565672886568\/","article_published_time":"2026-09-06T00:07:50+00:00","article_modified_time":"2026-09-06T00:07:51+00:00","og_image":[{"width":1080,"height":665,"url":"https:\/\/lospoliticosveracruz.com\/wp-content\/uploads\/2026\/09\/6bd72973-f3fa-43f5-8e48-26879435bb5f.jpeg","type":"image\/jpeg"}],"author":"Lo viste en Los Pol\u00edticos","twitter_card":"summary_large_image","twitter_creator":"@LosPoliticosVer","twitter_site":"@LosPoliticosVer","twitter_misc":{"Escrito por":"Lo viste en Los Pol\u00edticos","Tiempo de lectura":"2 minutos"},"schema":{"@context":"https:\/\/schema.org","@graph":[{"@type":"Article","@id":"https:\/\/lospoliticosveracruz.com\/?p=180102#article","isPartOf":{"@id":"https:\/\/lospoliticosveracruz.com\/?p=180102"},"author":{"name":"Lo viste en Los Pol\u00edticos","@id":"https:\/\/lospoliticosveracruz.com\/#\/schema\/person\/b8702bb0e538456e6efd07080bf2a4a2"},"headline":"PREMIAN A LOS M\u00c1S APLICADOS!","datePublished":"2026-09-06T00:07:50+00:00","dateModified":"2026-09-06T00:07:51+00:00","mainEntityOfPage":{"@id":"https:\/\/lospoliticosveracruz.com\/?p=180102"},"wordCount":385,"publisher":{"@id":"https:\/\/lospoliticosveracruz.com\/#organization"},"image":{"@id":"https:\/\/lospoliticosveracruz.com\/?p=180102#primaryimage"},"thumbnailUrl":"https:\/\/lospoliticosveracruz.com\/wp-content\/uploads\/2026\/09\/6bd72973-f3fa-43f5-8e48-26879435bb5f.jpeg","keywords":["Alfredo Su\u00e1rez Mart\u00ednez","Becas de Excelencia Acad\u00e9mica","Miguel Santiago Reyes Hern\u00e1ndez","PROFISSPEV","Roc\u00edo Nahle"],"articleSection":["De Boleto"],"inLanguage":"es"},{"@type":"WebPage","@id":"https:\/\/lospoliticosveracruz.com\/?p=180102","url":"https:\/\/lospoliticosveracruz.com\/?p=180102","name":"PREMIAN A LOS M\u00c1S APLICADOS! - Los pol\u00edticos Veracruz","isPartOf":{"@id":"https:\/\/lospoliticosveracruz.com\/#website"},"primaryImageOfPage":{"@id":"https:\/\/lospoliticosveracruz.com\/?p=180102#primaryimage"},"image":{"@id":"https:\/\/lospoliticosveracruz.com\/?p=180102#primaryimage"},"thumbnailUrl":"https:\/\/lospoliticosveracruz.com\/wp-content\/uploads\/2026\/09\/6bd72973-f3fa-43f5-8e48-26879435bb5f.jpeg","datePublished":"2026-09-06T00:07:50+00:00","dateModified":"2026-09-06T00:07:51+00:00","breadcrumb":{"@id":"https:\/\/lospoliticosveracruz.com\/?p=180102#breadcrumb"},"inLanguage":"es","potentialAction":[{"@type":"ReadAction","target":["https:\/\/lospoliticosveracruz.com\/?p=180102"]}]},{"@type":"ImageObject","inLanguage":"es","@id":"https:\/\/lospoliticosveracruz.com\/?p=180102#primaryimage","url":"https:\/\/lospoliticosveracruz.com\/wp-content\/uploads\/2026\/09\/6bd72973-f3fa-43f5-8e48-26879435bb5f.jpeg","contentUrl":"https:\/\/lospoliticosveracruz.com\/wp-content\/uploads\/2026\/09\/6bd72973-f3fa-43f5-8e48-26879435bb5f.jpeg","width":1080,"height":665},{"@type":"BreadcrumbList","@id":"https:\/\/lospoliticosveracruz.com\/?p=180102#breadcrumb","itemListElement":[{"@type":"ListItem","position":1,"name":"Portada","item":"https:\/\/lospoliticosveracruz.com\/"},{"@type":"ListItem","position":2,"name":"PREMIAN A LOS M\u00c1S APLICADOS!"}]},{"@type":"WebSite","@id":"https:\/\/lospoliticosveracruz.com\/#website","url":"https:\/\/lospoliticosveracruz.com\/","name":"Los pol\u00edticos Veracruz","description":"","publisher":{"@id":"https:\/\/lospoliticosveracruz.com\/#organization"},"potentialAction":[{"@type":"SearchAction","target":{"@type":"EntryPoint","urlTemplate":"https:\/\/lospoliticosveracruz.com\/?s={search_term_string}"},"query-input":{"@type":"PropertyValueSpecification","valueRequired":true,"valueName":"search_term_string"}}],"inLanguage":"es"},{"@type":"Organization","@id":"https:\/\/lospoliticosveracruz.com\/#organization","name":"Los pol\u00edticos Veracruz","url":"https:\/\/lospoliticosveracruz.com\/","logo":{"@type":"ImageObject","inLanguage":"es","@id":"https:\/\/lospoliticosveracruz.com\/#\/schema\/logo\/image\/","url":"https:\/\/lospoliticosveracruz.com\/wp-content\/uploads\/2025\/12\/Logo-Nuevo-LOS-POLITICOS-1.jpg","contentUrl":"https:\/\/lospoliticosveracruz.com\/wp-content\/uploads\/2025\/12\/Logo-Nuevo-LOS-POLITICOS-1.jpg","width":260,"height":70,"caption":"Los pol\u00edticos Veracruz"},"image":{"@id":"https:\/\/lospoliticosveracruz.com\/#\/schema\/logo\/image\/"},"sameAs":["https:\/\/www.facebook.com\/people\/Notimemes-de-los-Polticos\/61565672886568\/","https:\/\/x.com\/LosPoliticosVer"]},{"@type":"Person","@id":"https:\/\/lospoliticosveracruz.com\/#\/schema\/person\/b8702bb0e538456e6efd07080bf2a4a2","name":"Lo viste en Los Pol\u00edticos","image":{"@type":"ImageObject","inLanguage":"es","@id":"https:\/\/secure.gravatar.com\/avatar\/3a8de04a2656d44082be478bd6c086daa447c4651605818287b9532d3d0bd435?s=96&d=mm&r=g","url":"https:\/\/secure.gravatar.com\/avatar\/3a8de04a2656d44082be478bd6c086daa447c4651605818287b9532d3d0bd435?s=96&d=mm&r=g","contentUrl":"https:\/\/secure.gravatar.com\/avatar\/3a8de04a2656d44082be478bd6c086daa447c4651605818287b9532d3d0bd435?s=96&d=mm&r=g","caption":"Lo viste en Los Pol\u00edticos"},"url":"https:\/\/lospoliticosveracruz.com\/?author=2"}]}},"_links":{"self":[{"href":"https:\/\/lospoliticosveracruz.com\/index.php?rest_route=\/wp\/v2\/posts\/180102","targetHints":{"allow":["GET"]}}],"collection":[{"href":"https:\/\/lospoliticosveracruz.com\/index.php?rest_route=\/wp\/v2\/posts"}],"about":[{"href":"https:\/\/lospoliticosveracruz.com\/index.php?rest_route=\/wp\/v2\/types\/post"}],"author":[{"embeddable":true,"href":"https:\/\/lospoliticosveracruz.com\/index.php?rest_route=\/wp\/v2\/users\/2"}],"replies":[{"embeddable":true,"href":"https:\/\/lospoliticosveracruz.com\/index.php?rest_route=%2Fwp%2Fv2%2Fcomments&post=180102"}],"version-history":[{"count":1,"href":"https:\/\/lospoliticosveracruz.com\/index.php?rest_route=\/wp\/v2\/posts\/180102\/revisions"}],"predecessor-version":[{"id":180104,"href":"https:\/\/lospoliticosveracruz.com\/index.php?rest_route=\/wp\/v2\/posts\/180102\/revisions\/180104"}],"wp:featuredmedia":[{"embeddable":true,"href":"https:\/\/lospoliticosveracruz.com\/index.php?rest_route=\/wp\/v2\/media\/180103"}],"wp:attachment":[{"href":"https:\/\/lospoliticosveracruz.com\/index.php?rest_route=%2Fwp%2Fv2%2Fmedia&parent=180102"}],"wp:term":[{"taxonomy":"category","embeddable":true,"href":"https:\/\/lospoliticosveracruz.com\/index.php?rest_route=%2Fwp%2Fv2%2Fcategories&post=180102"},{"taxonomy":"post_tag","embeddable":true,"href":"https:\/\/lospoliticosveracruz.com\/index.php?rest_route=%2Fwp%2Fv2%2Ftags&post=180102"}],"curies":[{"name":"wp","href":"https:\/\/api.w.org\/{rel}","templated":true}]}}