{"id":18011,"date":"2015-09-28T21:32:55","date_gmt":"2015-09-29T02:32:55","guid":{"rendered":"http:\/\/www.lospoliticosveracruz.com.mx\/?p=18011"},"modified":"2015-09-28T21:32:55","modified_gmt":"2015-09-29T02:32:55","slug":"sefiplan-y-peces","status":"publish","type":"post","link":"https:\/\/lospoliticosveracruz.com\/?p=18011","title":{"rendered":"Sefiplan y peces"},"content":{"rendered":"<p><a href=\"http:\/\/www.lospoliticosveracruz.com.mx\/wp-content\/uploads\/2015\/09\/Antonio-G\u00f3mez-Pelegr\u00edn.jpg\"><img loading=\"lazy\" decoding=\"async\" class=\"alignnone size-medium wp-image-18012\" src=\"http:\/\/www.lospoliticosveracruz.com.mx\/wp-content\/uploads\/2015\/09\/Antonio-G\u00f3mez-Pelegr\u00edn-300x200.jpg\" alt=\"Antonio G\u00f3mez Pelegr\u00edn\" width=\"300\" height=\"200\" \/><\/a><br \/>\n<strong>Salvador Mu\u00f1oz<\/strong><\/p>\n<p><em>Los Pol\u00edticos<\/em><\/p>\n<p>Al arribo a la secretar\u00eda de Finanzas y Planeaci\u00f3n, Antonio G\u00f3mez Pelegr\u00edn gener\u00f3 muchas expectativas.<br \/>\nFuncionario disciplinado y de car\u00e1cter firme, me resulta extra\u00f1o verlo en ruedas de prensa cuando es m\u00e1s ejecutivo, de talacha, de trabajo, y si se requiere, hasta de 24 horas.<br \/>\nEn aras de ajustar y reducir el gasto corriente, G\u00f3mez Pelegr\u00edn present\u00f3 una estrategia financiera que busca intensificar la captaci\u00f3n de recursos y de paso, reestructurar la deuda.<br \/>\nPara ello, entre muchos puntos, ha de iniciar un segundo programa de retiro voluntario y evitar crear plazas nuevas. Tambi\u00e9n se dir\u00e1 adi\u00f3s a los bonos y prestaciones adicionales que reciben mandos medios y superiores. Adem\u00e1s, habr\u00e1 ahorro en papeler\u00eda para dar paso al documento electr\u00f3nico en varias modalidades; no habr\u00e1 m\u00e1s pago de servicio celular para funcionarios.<br \/>\nIgual se tiene contemplado ahorro de energ\u00eda el\u00e9ctrica y de agua en diversas dependencias. No s\u00e9 si se llegue al extremo de cerrar a las seis de la tarde las actividades como en su momento lo hizo Miguel Alem\u00e1n Velasco.<br \/>\nDentro de los puntos est\u00e1 que no habr\u00e1 nuevos arrendamientos y se privilegiar\u00e1 el uso de espacios propiedad del Gobierno del Estado. No creo que se venga abajo la intenci\u00f3n de Juan Octavio Pav\u00f3n de concentrar en un solo inmueble todo el departamento de Comunicaci\u00f3n Social pues se comprob\u00f3 que se gasta m\u00e1s al estar desmembrados: una oficina en esta calle, otra oficina en un edificio, una m\u00e1s en la avenida y el resto en Palacio de Gobierno \u00a1lo que hace que Comunicaci\u00f3n Social est\u00e9 incomunicada!<br \/>\nEliminar el impuesto por hospedaje y homologar el impuesto a la n\u00f3mina en aras de captar mayores participaciones federales adem\u00e1s de reestructurar la deuda, entre otras medidas, buscan el equilibrio en las finanzas veracruzanas.<br \/>\nQuien conoce a G\u00f3mez Pelegr\u00edn sabe que es un funcionario de resultados\u2026 sin embargo, hay que reconocer que el tiempo y las circunstancias en su arribo, no son del todo c\u00f3modas. Lo m\u00e1s o menos que haga el secretario de Finanzas, cr\u00e9ame que ser\u00e1 ganancia dadas las condiciones en que recibi\u00f3 el cargo.<\/p>\n<p>II<br \/>\nA r\u00edo revuelto, \u00a1ganancia de pescadores!<br \/>\nCada quien tiene su posici\u00f3n respecto al ca\u00f1azo.<br \/>\nSiendo sinceros, el m\u00e1s afectado por el asunto de la ca\u00f1a (de pescar), fue el especialista de la ca\u00f1a (de az\u00facar): Juan Carlos Molina Palacios, cuya entronizaci\u00f3n en la CNC pas\u00f3 a segundo t\u00e9rmino por los dimes y diretes que se dieron entre el Gobernador Javier Duarte de Ochoa y el Senador H\u00e9ctor Yunes Landa.<br \/>\nPero para no hacerles el chilpachole gordo a ninguno de los dos, y aprovechando que nuestro Golfo es rico (no, no me refiero a nadie en especial, \u00a1malpensados!) dejo un cat\u00e1logo de peces al lector, por si en una de \u00e9sas decide tomar la ca\u00f1a y lanzar el anzuelo o de plano, ya en aras de ir por peces gordos, surca los mares en el Pequod, al estilo del Capit\u00e1n Ahab, \u00a1y vaya por la ballena Moby Dick!<br \/>\nTIBUR\u00d3N GATO: Juan Manuel del Castillo\u2026 se cree Tibur\u00f3n pero no deja de ser minino\u2026 de angora, pero felino.<br \/>\nLA PIRA\u00d1A: Erick Lagos\u2026 \u00a1devora todo a su paso!<br \/>\nDORY: \u00bfSe acuerdan del pez Cirujano Azul de \u201cBuscando a Nemo\u201d que tiene memoria a corto plazo? Pues \u00e9se ser\u00eda Gabriel Deantes Ramos\u2026 \u00a1no se acuerda en d\u00f3nde y cu\u00e1nto se ching\u00f3!<br \/>\nRANULFO M\u00c1RQUEZ: Aunque no lo crean, es una sardina\u2026 \u00a1enlatada!<br \/>\nVICENTE EL CHILE(RELLE)NO BEN\u00cdTEZ: Un pez globo\u2026 donde quiera que lo pongan, se infla \u00e9l\u2026 \u00a1o infla sus bolsillos!<br \/>\nLOS FERRARI: No se sabe si son mojarras negras o bocones\u2026 a\u00fan en estudio\u2026<br \/>\nPEZ ESPADA: \u00c9se es Harry Grappa\u2026 se gan\u00f3 a pulso la fama de que a todos los pasa por el sable\u2026<br \/>\nMORENA: Qui\u00e9n si no Cuitl\u00e1huac Garc\u00eda, quien de las penumbras \u00a1pesc\u00f3 hueso!<br \/>\nSERIAS DUDAS: El gobernador ser\u00eda un Pez Payaso o una Orca\u2026 para los hectoristas, ser\u00eda el primero\u2026 para los periodistas \u00a1la ballena asesina!<\/p>\n<p>smcainito@gmail.com<\/p>\n","protected":false},"excerpt":{"rendered":"<p>Salvador Mu\u00f1oz Los Pol\u00edticos Al arribo a la secretar\u00eda de Finanzas y Planeaci\u00f3n, Antonio G\u00f3mez Pelegr\u00edn gener\u00f3 muchas expectativas. Funcionario disciplinado y de car\u00e1cter firme, me resulta extra\u00f1o verlo en ruedas de prensa cuando es m\u00e1s ejecutivo, de talacha, de trabajo, y si se requiere, hasta de 24 horas. En aras de ajustar y reducir [&hellip;]<\/p>\n","protected":false},"author":2,"featured_media":0,"comment_status":"open","ping_status":"open","sticky":false,"template":"","format":"standard","meta":{"tdm_status":"","tdm_grid_status":"","footnotes":""},"categories":[70],"tags":[3501,3519,3518,640],"class_list":{"0":"post-18011","1":"post","2":"type-post","3":"status-publish","4":"format-standard","6":"category-de-opinion","7":"tag-cana-de-pescar","8":"tag-peces","9":"tag-reestructurar-deuda","10":"tag-sefiplan"},"yoast_head":"<!-- This site is optimized with the Yoast SEO plugin v27.4 - https:\/\/yoast.com\/product\/yoast-seo-wordpress\/ -->\n<title>Sefiplan y peces - Los pol\u00edticos Veracruz<\/title>\n<meta name=\"robots\" content=\"index, follow, max-snippet:-1, max-image-preview:large, max-video-preview:-1\" \/>\n<link rel=\"canonical\" href=\"https:\/\/lospoliticosveracruz.com\/?p=18011\" \/>\n<meta property=\"og:locale\" content=\"es_ES\" \/>\n<meta property=\"og:type\" content=\"article\" \/>\n<meta property=\"og:title\" content=\"Sefiplan y peces - Los pol\u00edticos Veracruz\" \/>\n<meta property=\"og:description\" content=\"Salvador Mu\u00f1oz Los Pol\u00edticos Al arribo a la secretar\u00eda de Finanzas y Planeaci\u00f3n, Antonio G\u00f3mez Pelegr\u00edn gener\u00f3 muchas expectativas. Funcionario disciplinado y de car\u00e1cter firme, me resulta extra\u00f1o verlo en ruedas de prensa cuando es m\u00e1s ejecutivo, de talacha, de trabajo, y si se requiere, hasta de 24 horas. En aras de ajustar y reducir [&hellip;]\" \/>\n<meta property=\"og:url\" content=\"https:\/\/lospoliticosveracruz.com\/?p=18011\" \/>\n<meta property=\"og:site_name\" content=\"Los pol\u00edticos Veracruz\" \/>\n<meta property=\"article:publisher\" content=\"https:\/\/www.facebook.com\/people\/Notimemes-de-los-Polticos\/61565672886568\/\" \/>\n<meta property=\"article:published_time\" content=\"2015-09-29T02:32:55+00:00\" \/>\n<meta property=\"og:image\" content=\"https:\/\/lospoliticosveracruz.com\/wp-content\/uploads\/2016\/07\/Logo-Dor.jpg\" \/>\n\t<meta property=\"og:image:width\" content=\"200\" \/>\n\t<meta property=\"og:image:height\" content=\"200\" \/>\n\t<meta property=\"og:image:type\" content=\"image\/jpeg\" \/>\n<meta name=\"author\" content=\"Lo viste en Los Pol\u00edticos\" \/>\n<meta name=\"twitter:card\" content=\"summary_large_image\" \/>\n<meta name=\"twitter:creator\" content=\"@LosPoliticosVer\" \/>\n<meta name=\"twitter:site\" content=\"@LosPoliticosVer\" \/>\n<meta name=\"twitter:label1\" content=\"Escrito por\" \/>\n\t<meta name=\"twitter:data1\" content=\"Lo viste en Los Pol\u00edticos\" \/>\n\t<meta name=\"twitter:label2\" content=\"Tiempo de lectura\" \/>\n\t<meta name=\"twitter:data2\" content=\"4 minutos\" \/>\n<script type=\"application\/ld+json\" class=\"yoast-schema-graph\">{\"@context\":\"https:\\\/\\\/schema.org\",\"@graph\":[{\"@type\":\"Article\",\"@id\":\"https:\\\/\\\/lospoliticosveracruz.com\\\/?p=18011#article\",\"isPartOf\":{\"@id\":\"https:\\\/\\\/lospoliticosveracruz.com\\\/?p=18011\"},\"author\":{\"name\":\"Lo viste en Los Pol\u00edticos\",\"@id\":\"https:\\\/\\\/lospoliticosveracruz.com\\\/#\\\/schema\\\/person\\\/b8702bb0e538456e6efd07080bf2a4a2\"},\"headline\":\"Sefiplan y peces\",\"datePublished\":\"2015-09-29T02:32:55+00:00\",\"mainEntityOfPage\":{\"@id\":\"https:\\\/\\\/lospoliticosveracruz.com\\\/?p=18011\"},\"wordCount\":723,\"commentCount\":0,\"publisher\":{\"@id\":\"https:\\\/\\\/lospoliticosveracruz.com\\\/#organization\"},\"keywords\":[\"ca\u00f1a de pescar\",\"peces\",\"reestructurar deuda\",\"Sefiplan\"],\"articleSection\":[\"De Opini\u00f3n\"],\"inLanguage\":\"es\",\"potentialAction\":[{\"@type\":\"CommentAction\",\"name\":\"Comment\",\"target\":[\"https:\\\/\\\/lospoliticosveracruz.com\\\/?p=18011#respond\"]}]},{\"@type\":\"WebPage\",\"@id\":\"https:\\\/\\\/lospoliticosveracruz.com\\\/?p=18011\",\"url\":\"https:\\\/\\\/lospoliticosveracruz.com\\\/?p=18011\",\"name\":\"Sefiplan y peces - Los pol\u00edticos Veracruz\",\"isPartOf\":{\"@id\":\"https:\\\/\\\/lospoliticosveracruz.com\\\/#website\"},\"datePublished\":\"2015-09-29T02:32:55+00:00\",\"breadcrumb\":{\"@id\":\"https:\\\/\\\/lospoliticosveracruz.com\\\/?p=18011#breadcrumb\"},\"inLanguage\":\"es\",\"potentialAction\":[{\"@type\":\"ReadAction\",\"target\":[\"https:\\\/\\\/lospoliticosveracruz.com\\\/?p=18011\"]}]},{\"@type\":\"BreadcrumbList\",\"@id\":\"https:\\\/\\\/lospoliticosveracruz.com\\\/?p=18011#breadcrumb\",\"itemListElement\":[{\"@type\":\"ListItem\",\"position\":1,\"name\":\"Portada\",\"item\":\"https:\\\/\\\/lospoliticosveracruz.com\\\/\"},{\"@type\":\"ListItem\",\"position\":2,\"name\":\"Sefiplan y peces\"}]},{\"@type\":\"WebSite\",\"@id\":\"https:\\\/\\\/lospoliticosveracruz.com\\\/#website\",\"url\":\"https:\\\/\\\/lospoliticosveracruz.com\\\/\",\"name\":\"Los pol\u00edticos Veracruz\",\"description\":\"\",\"publisher\":{\"@id\":\"https:\\\/\\\/lospoliticosveracruz.com\\\/#organization\"},\"potentialAction\":[{\"@type\":\"SearchAction\",\"target\":{\"@type\":\"EntryPoint\",\"urlTemplate\":\"https:\\\/\\\/lospoliticosveracruz.com\\\/?s={search_term_string}\"},\"query-input\":{\"@type\":\"PropertyValueSpecification\",\"valueRequired\":true,\"valueName\":\"search_term_string\"}}],\"inLanguage\":\"es\"},{\"@type\":\"Organization\",\"@id\":\"https:\\\/\\\/lospoliticosveracruz.com\\\/#organization\",\"name\":\"Los pol\u00edticos Veracruz\",\"url\":\"https:\\\/\\\/lospoliticosveracruz.com\\\/\",\"logo\":{\"@type\":\"ImageObject\",\"inLanguage\":\"es\",\"@id\":\"https:\\\/\\\/lospoliticosveracruz.com\\\/#\\\/schema\\\/logo\\\/image\\\/\",\"url\":\"https:\\\/\\\/lospoliticosveracruz.com\\\/wp-content\\\/uploads\\\/2025\\\/12\\\/Logo-Nuevo-LOS-POLITICOS-1.jpg\",\"contentUrl\":\"https:\\\/\\\/lospoliticosveracruz.com\\\/wp-content\\\/uploads\\\/2025\\\/12\\\/Logo-Nuevo-LOS-POLITICOS-1.jpg\",\"width\":260,\"height\":70,\"caption\":\"Los pol\u00edticos Veracruz\"},\"image\":{\"@id\":\"https:\\\/\\\/lospoliticosveracruz.com\\\/#\\\/schema\\\/logo\\\/image\\\/\"},\"sameAs\":[\"https:\\\/\\\/www.facebook.com\\\/people\\\/Notimemes-de-los-Polticos\\\/61565672886568\\\/\",\"https:\\\/\\\/x.com\\\/LosPoliticosVer\"]},{\"@type\":\"Person\",\"@id\":\"https:\\\/\\\/lospoliticosveracruz.com\\\/#\\\/schema\\\/person\\\/b8702bb0e538456e6efd07080bf2a4a2\",\"name\":\"Lo viste en Los Pol\u00edticos\",\"image\":{\"@type\":\"ImageObject\",\"inLanguage\":\"es\",\"@id\":\"https:\\\/\\\/secure.gravatar.com\\\/avatar\\\/3a8de04a2656d44082be478bd6c086daa447c4651605818287b9532d3d0bd435?s=96&d=mm&r=g\",\"url\":\"https:\\\/\\\/secure.gravatar.com\\\/avatar\\\/3a8de04a2656d44082be478bd6c086daa447c4651605818287b9532d3d0bd435?s=96&d=mm&r=g\",\"contentUrl\":\"https:\\\/\\\/secure.gravatar.com\\\/avatar\\\/3a8de04a2656d44082be478bd6c086daa447c4651605818287b9532d3d0bd435?s=96&d=mm&r=g\",\"caption\":\"Lo viste en Los Pol\u00edticos\"},\"url\":\"https:\\\/\\\/lospoliticosveracruz.com\\\/?author=2\"}]}<\/script>\n<!-- \/ Yoast SEO plugin. -->","yoast_head_json":{"title":"Sefiplan y peces - Los pol\u00edticos Veracruz","robots":{"index":"index","follow":"follow","max-snippet":"max-snippet:-1","max-image-preview":"max-image-preview:large","max-video-preview":"max-video-preview:-1"},"canonical":"https:\/\/lospoliticosveracruz.com\/?p=18011","og_locale":"es_ES","og_type":"article","og_title":"Sefiplan y peces - Los pol\u00edticos Veracruz","og_description":"Salvador Mu\u00f1oz Los Pol\u00edticos Al arribo a la secretar\u00eda de Finanzas y Planeaci\u00f3n, Antonio G\u00f3mez Pelegr\u00edn gener\u00f3 muchas expectativas. Funcionario disciplinado y de car\u00e1cter firme, me resulta extra\u00f1o verlo en ruedas de prensa cuando es m\u00e1s ejecutivo, de talacha, de trabajo, y si se requiere, hasta de 24 horas. En aras de ajustar y reducir [&hellip;]","og_url":"https:\/\/lospoliticosveracruz.com\/?p=18011","og_site_name":"Los pol\u00edticos Veracruz","article_publisher":"https:\/\/www.facebook.com\/people\/Notimemes-de-los-Polticos\/61565672886568\/","article_published_time":"2015-09-29T02:32:55+00:00","og_image":[{"width":200,"height":200,"url":"https:\/\/lospoliticosveracruz.com\/wp-content\/uploads\/2016\/07\/Logo-Dor.jpg","type":"image\/jpeg"}],"author":"Lo viste en Los Pol\u00edticos","twitter_card":"summary_large_image","twitter_creator":"@LosPoliticosVer","twitter_site":"@LosPoliticosVer","twitter_misc":{"Escrito por":"Lo viste en Los Pol\u00edticos","Tiempo de lectura":"4 minutos"},"schema":{"@context":"https:\/\/schema.org","@graph":[{"@type":"Article","@id":"https:\/\/lospoliticosveracruz.com\/?p=18011#article","isPartOf":{"@id":"https:\/\/lospoliticosveracruz.com\/?p=18011"},"author":{"name":"Lo viste en Los Pol\u00edticos","@id":"https:\/\/lospoliticosveracruz.com\/#\/schema\/person\/b8702bb0e538456e6efd07080bf2a4a2"},"headline":"Sefiplan y peces","datePublished":"2015-09-29T02:32:55+00:00","mainEntityOfPage":{"@id":"https:\/\/lospoliticosveracruz.com\/?p=18011"},"wordCount":723,"commentCount":0,"publisher":{"@id":"https:\/\/lospoliticosveracruz.com\/#organization"},"keywords":["ca\u00f1a de pescar","peces","reestructurar deuda","Sefiplan"],"articleSection":["De Opini\u00f3n"],"inLanguage":"es","potentialAction":[{"@type":"CommentAction","name":"Comment","target":["https:\/\/lospoliticosveracruz.com\/?p=18011#respond"]}]},{"@type":"WebPage","@id":"https:\/\/lospoliticosveracruz.com\/?p=18011","url":"https:\/\/lospoliticosveracruz.com\/?p=18011","name":"Sefiplan y peces - Los pol\u00edticos Veracruz","isPartOf":{"@id":"https:\/\/lospoliticosveracruz.com\/#website"},"datePublished":"2015-09-29T02:32:55+00:00","breadcrumb":{"@id":"https:\/\/lospoliticosveracruz.com\/?p=18011#breadcrumb"},"inLanguage":"es","potentialAction":[{"@type":"ReadAction","target":["https:\/\/lospoliticosveracruz.com\/?p=18011"]}]},{"@type":"BreadcrumbList","@id":"https:\/\/lospoliticosveracruz.com\/?p=18011#breadcrumb","itemListElement":[{"@type":"ListItem","position":1,"name":"Portada","item":"https:\/\/lospoliticosveracruz.com\/"},{"@type":"ListItem","position":2,"name":"Sefiplan y peces"}]},{"@type":"WebSite","@id":"https:\/\/lospoliticosveracruz.com\/#website","url":"https:\/\/lospoliticosveracruz.com\/","name":"Los pol\u00edticos Veracruz","description":"","publisher":{"@id":"https:\/\/lospoliticosveracruz.com\/#organization"},"potentialAction":[{"@type":"SearchAction","target":{"@type":"EntryPoint","urlTemplate":"https:\/\/lospoliticosveracruz.com\/?s={search_term_string}"},"query-input":{"@type":"PropertyValueSpecification","valueRequired":true,"valueName":"search_term_string"}}],"inLanguage":"es"},{"@type":"Organization","@id":"https:\/\/lospoliticosveracruz.com\/#organization","name":"Los pol\u00edticos Veracruz","url":"https:\/\/lospoliticosveracruz.com\/","logo":{"@type":"ImageObject","inLanguage":"es","@id":"https:\/\/lospoliticosveracruz.com\/#\/schema\/logo\/image\/","url":"https:\/\/lospoliticosveracruz.com\/wp-content\/uploads\/2025\/12\/Logo-Nuevo-LOS-POLITICOS-1.jpg","contentUrl":"https:\/\/lospoliticosveracruz.com\/wp-content\/uploads\/2025\/12\/Logo-Nuevo-LOS-POLITICOS-1.jpg","width":260,"height":70,"caption":"Los pol\u00edticos Veracruz"},"image":{"@id":"https:\/\/lospoliticosveracruz.com\/#\/schema\/logo\/image\/"},"sameAs":["https:\/\/www.facebook.com\/people\/Notimemes-de-los-Polticos\/61565672886568\/","https:\/\/x.com\/LosPoliticosVer"]},{"@type":"Person","@id":"https:\/\/lospoliticosveracruz.com\/#\/schema\/person\/b8702bb0e538456e6efd07080bf2a4a2","name":"Lo viste en Los Pol\u00edticos","image":{"@type":"ImageObject","inLanguage":"es","@id":"https:\/\/secure.gravatar.com\/avatar\/3a8de04a2656d44082be478bd6c086daa447c4651605818287b9532d3d0bd435?s=96&d=mm&r=g","url":"https:\/\/secure.gravatar.com\/avatar\/3a8de04a2656d44082be478bd6c086daa447c4651605818287b9532d3d0bd435?s=96&d=mm&r=g","contentUrl":"https:\/\/secure.gravatar.com\/avatar\/3a8de04a2656d44082be478bd6c086daa447c4651605818287b9532d3d0bd435?s=96&d=mm&r=g","caption":"Lo viste en Los Pol\u00edticos"},"url":"https:\/\/lospoliticosveracruz.com\/?author=2"}]}},"_links":{"self":[{"href":"https:\/\/lospoliticosveracruz.com\/index.php?rest_route=\/wp\/v2\/posts\/18011","targetHints":{"allow":["GET"]}}],"collection":[{"href":"https:\/\/lospoliticosveracruz.com\/index.php?rest_route=\/wp\/v2\/posts"}],"about":[{"href":"https:\/\/lospoliticosveracruz.com\/index.php?rest_route=\/wp\/v2\/types\/post"}],"author":[{"embeddable":true,"href":"https:\/\/lospoliticosveracruz.com\/index.php?rest_route=\/wp\/v2\/users\/2"}],"replies":[{"embeddable":true,"href":"https:\/\/lospoliticosveracruz.com\/index.php?rest_route=%2Fwp%2Fv2%2Fcomments&post=18011"}],"version-history":[{"count":1,"href":"https:\/\/lospoliticosveracruz.com\/index.php?rest_route=\/wp\/v2\/posts\/18011\/revisions"}],"predecessor-version":[{"id":18013,"href":"https:\/\/lospoliticosveracruz.com\/index.php?rest_route=\/wp\/v2\/posts\/18011\/revisions\/18013"}],"wp:attachment":[{"href":"https:\/\/lospoliticosveracruz.com\/index.php?rest_route=%2Fwp%2Fv2%2Fmedia&parent=18011"}],"wp:term":[{"taxonomy":"category","embeddable":true,"href":"https:\/\/lospoliticosveracruz.com\/index.php?rest_route=%2Fwp%2Fv2%2Fcategories&post=18011"},{"taxonomy":"post_tag","embeddable":true,"href":"https:\/\/lospoliticosveracruz.com\/index.php?rest_route=%2Fwp%2Fv2%2Ftags&post=18011"}],"curies":[{"name":"wp","href":"https:\/\/api.w.org\/{rel}","templated":true}]}}