{"id":180111,"date":"2026-09-06T10:39:42","date_gmt":"2026-09-06T16:39:42","guid":{"rendered":"https:\/\/lospoliticosveracruz.com\/?p=180111"},"modified":"2026-09-06T10:39:43","modified_gmt":"2026-09-06T16:39:43","slug":"boca-del-rio-film-friendly","status":"publish","type":"post","link":"https:\/\/lospoliticosveracruz.com\/?p=180111","title":{"rendered":"BOCA DEL R\u00cdO, FILM FRIENDLY!"},"content":{"rendered":"\n<p><\/p>\n\n\n\n<p>La C\u00e1mara Nacional de la Industria Cinematogr\u00e1fica (CANACINE), reconoci\u00f3 al municipio de Boca del R\u00edo con el distintivo \u201cFilm Friendly\u201d, iniciativa para identificar, desarrollar y promover municipios con vocaci\u00f3n audiovisual mediante la integraci\u00f3n de locaciones, infraestructura, servicios especializados, capacitaci\u00f3n y est\u00e1ndares de atenci\u00f3n para la industria del cine.<\/p>\n\n\n\n<p>Boca del R\u00edo, se convierte en el primer municipio de la Rep\u00fablica Mexicana en contar con este est\u00e1ndar, convirti\u00e9ndose en una locaci\u00f3n atractiva y preparada para recibir integralmente a la industria audiovisual.<\/p>\n\n\n\n<p>\u201cPero para nosotros esto no es solamente un distintivo, es una oportunidad para llevar el nombre de Boca del R\u00edo todav\u00eda m\u00e1s lejos y para que nuestra ciudad pueda recibir producciones nacionales e internacionales que encuentren aqu\u00ed mucho m\u00e1s que una buena locaci\u00f3n\u201d, resalt\u00f3 la Alcaldesa Maryjose Gamboa Torales.<\/p>\n\n\n\n<p>Destac\u00f3 la Edil boque\u00f1a, que la ciudad cuenta con mar, hermosas playas, gastronom\u00eda y muy importante, la infraestructura hotelera y de servicios m\u00e1s importante del Estado de Veracruz, pero sobre todo, una ciudad viva, alegre y hospitalaria.<\/p>\n\n\n\n<p>Al contar con dicha capacidad, se reconoce que Boca del R\u00edo tiene la capacidad para recibir producciones cinematogr\u00e1ficas, televisivas, comerciales y contenidos para plataformas de streaming, adem\u00e1s de ser integrada en un Directorio Especializado de Destinos F\u00edlmicos, para el conocimiento de productores, estudios, casas productoras, plataformas digitales, as\u00ed como la Motion Picture Association (MPA), que representa los intereses de los estudios cinematogr\u00e1ficos en Estados Unidos.<\/p>\n\n\n\n<p>El distintivo \u201cFilm Friendly\u201d, contribuye a incrementar la ocupaci\u00f3n hotelera y el consumo en restaurantes y servicios, contrataci\u00f3n de proveedores locales, generar empleos temporales, incrementar la derrama econ\u00f3mica y fortalecer la competitividad del municipio como destino de inversi\u00f3n; capaz de brindar hospedaje, alimentaci\u00f3n, log\u00edstica, proveedores especializados y acompa\u00f1amiento institucional a producciones nacionales e internacionales.<\/p>\n\n\n\n<p>Maryjose Gamboa Torales, Presidenta Municipal, dijo que estas nuevas oportunidades inspiran a su gobierno a seguir trabajando y se traduzca en mejores condiciones y m\u00e1s oportunidades para las familias boque\u00f1as.<\/p>\n\n\n\n<p>Presentes estuvieron Tabata Vilar, Directora Nacional de CANACINE; Juan Carlos Molina, Director de planeaci\u00f3n y enlace CANACINE; Aaron Campos, Delegado Estatal de CANACINE; Erika Pe\u00f1a, Coordinadora de CANACINE Veracruz; Franti Murillo, de Campos Film y Santiago Caram\u00e9s, Coordinador de Desarrollo Econ\u00f3mico y Turismo del Ayuntamiento de Boca del R\u00edo.<\/p>\n\n\n\n<p><\/p>\n","protected":false},"excerpt":{"rendered":"<p>La C\u00e1mara Nacional de la Industria Cinematogr\u00e1fica (CANACINE), reconoci\u00f3 al municipio de Boca del R\u00edo con el distintivo \u201cFilm Friendly\u201d, iniciativa para identificar, desarrollar y promover municipios con vocaci\u00f3n audiovisual mediante la integraci\u00f3n de locaciones, infraestructura, servicios especializados, capacitaci\u00f3n y est\u00e1ndares de atenci\u00f3n para la industria del cine. Boca del R\u00edo, se convierte en el [&hellip;]<\/p>\n","protected":false},"author":2,"featured_media":180112,"comment_status":"closed","ping_status":"closed","sticky":false,"template":"","format":"standard","meta":{"tdm_status":"","tdm_grid_status":"","footnotes":""},"categories":[73],"tags":[601,16589,18463,71046,69171,1937,198],"class_list":{"0":"post-180111","1":"post","2":"type-post","3":"status-publish","4":"format-standard","5":"has-post-thumbnail","7":"category-de-boleto","8":"tag-boca-del-rio","9":"tag-canacine","10":"tag-cine","11":"tag-film-friendly","12":"tag-industria-audiovisual","13":"tag-maryjose-gamboa","14":"tag-turismo"},"yoast_head":"<!-- This site is optimized with the Yoast SEO plugin v28.1 - https:\/\/yoast.com\/product\/yoast-seo-wordpress\/ -->\n<title>BOCA DEL R\u00cdO, FILM FRIENDLY! - Los pol\u00edticos Veracruz<\/title>\n<meta name=\"robots\" content=\"index, follow, max-snippet:-1, max-image-preview:large, max-video-preview:-1\" \/>\n<link rel=\"canonical\" href=\"https:\/\/lospoliticosveracruz.com\/?p=180111\" \/>\n<meta property=\"og:locale\" content=\"es_ES\" \/>\n<meta property=\"og:type\" content=\"article\" \/>\n<meta property=\"og:title\" content=\"BOCA DEL R\u00cdO, FILM FRIENDLY! - Los pol\u00edticos Veracruz\" \/>\n<meta property=\"og:description\" content=\"La C\u00e1mara Nacional de la Industria Cinematogr\u00e1fica (CANACINE), reconoci\u00f3 al municipio de Boca del R\u00edo con el distintivo \u201cFilm Friendly\u201d, iniciativa para identificar, desarrollar y promover municipios con vocaci\u00f3n audiovisual mediante la integraci\u00f3n de locaciones, infraestructura, servicios especializados, capacitaci\u00f3n y est\u00e1ndares de atenci\u00f3n para la industria del cine. Boca del R\u00edo, se convierte en el [&hellip;]\" \/>\n<meta property=\"og:url\" content=\"https:\/\/lospoliticosveracruz.com\/?p=180111\" \/>\n<meta property=\"og:site_name\" content=\"Los pol\u00edticos Veracruz\" \/>\n<meta property=\"article:publisher\" content=\"https:\/\/www.facebook.com\/people\/Notimemes-de-los-Polticos\/61565672886568\/\" \/>\n<meta property=\"article:published_time\" content=\"2026-09-06T16:39:42+00:00\" \/>\n<meta property=\"article:modified_time\" content=\"2026-09-06T16:39:43+00:00\" \/>\n<meta property=\"og:image\" content=\"https:\/\/lospoliticosveracruz.com\/wp-content\/uploads\/2026\/09\/Boca.jpg\" \/>\n\t<meta property=\"og:image:width\" content=\"600\" \/>\n\t<meta property=\"og:image:height\" content=\"320\" \/>\n\t<meta property=\"og:image:type\" content=\"image\/jpeg\" \/>\n<meta name=\"author\" content=\"Lo viste en Los Pol\u00edticos\" \/>\n<meta name=\"twitter:card\" content=\"summary_large_image\" \/>\n<meta name=\"twitter:creator\" content=\"@LosPoliticosVer\" \/>\n<meta name=\"twitter:site\" content=\"@LosPoliticosVer\" \/>\n<meta name=\"twitter:label1\" content=\"Escrito por\" \/>\n\t<meta name=\"twitter:data1\" content=\"Lo viste en Los Pol\u00edticos\" \/>\n\t<meta name=\"twitter:label2\" content=\"Tiempo de lectura\" \/>\n\t<meta name=\"twitter:data2\" content=\"2 minutos\" \/>\n<script type=\"application\/ld+json\" class=\"yoast-schema-graph\">{\"@context\":\"https:\\\/\\\/schema.org\",\"@graph\":[{\"@type\":\"Article\",\"@id\":\"https:\\\/\\\/lospoliticosveracruz.com\\\/?p=180111#article\",\"isPartOf\":{\"@id\":\"https:\\\/\\\/lospoliticosveracruz.com\\\/?p=180111\"},\"author\":{\"name\":\"Lo viste en Los Pol\u00edticos\",\"@id\":\"https:\\\/\\\/lospoliticosveracruz.com\\\/#\\\/schema\\\/person\\\/b8702bb0e538456e6efd07080bf2a4a2\"},\"headline\":\"BOCA DEL R\u00cdO, FILM FRIENDLY!\",\"datePublished\":\"2026-09-06T16:39:42+00:00\",\"dateModified\":\"2026-09-06T16:39:43+00:00\",\"mainEntityOfPage\":{\"@id\":\"https:\\\/\\\/lospoliticosveracruz.com\\\/?p=180111\"},\"wordCount\":410,\"publisher\":{\"@id\":\"https:\\\/\\\/lospoliticosveracruz.com\\\/#organization\"},\"image\":{\"@id\":\"https:\\\/\\\/lospoliticosveracruz.com\\\/?p=180111#primaryimage\"},\"thumbnailUrl\":\"https:\\\/\\\/lospoliticosveracruz.com\\\/wp-content\\\/uploads\\\/2026\\\/09\\\/Boca.jpg\",\"keywords\":[\"Boca del R\u00edo\",\"Canacine\",\"cine\",\"Film Friendly\",\"industria audiovisual\",\"Maryjose Gamboa\",\"Turismo\"],\"articleSection\":[\"De Boleto\"],\"inLanguage\":\"es\"},{\"@type\":\"WebPage\",\"@id\":\"https:\\\/\\\/lospoliticosveracruz.com\\\/?p=180111\",\"url\":\"https:\\\/\\\/lospoliticosveracruz.com\\\/?p=180111\",\"name\":\"BOCA DEL R\u00cdO, FILM FRIENDLY! - Los pol\u00edticos Veracruz\",\"isPartOf\":{\"@id\":\"https:\\\/\\\/lospoliticosveracruz.com\\\/#website\"},\"primaryImageOfPage\":{\"@id\":\"https:\\\/\\\/lospoliticosveracruz.com\\\/?p=180111#primaryimage\"},\"image\":{\"@id\":\"https:\\\/\\\/lospoliticosveracruz.com\\\/?p=180111#primaryimage\"},\"thumbnailUrl\":\"https:\\\/\\\/lospoliticosveracruz.com\\\/wp-content\\\/uploads\\\/2026\\\/09\\\/Boca.jpg\",\"datePublished\":\"2026-09-06T16:39:42+00:00\",\"dateModified\":\"2026-09-06T16:39:43+00:00\",\"breadcrumb\":{\"@id\":\"https:\\\/\\\/lospoliticosveracruz.com\\\/?p=180111#breadcrumb\"},\"inLanguage\":\"es\",\"potentialAction\":[{\"@type\":\"ReadAction\",\"target\":[\"https:\\\/\\\/lospoliticosveracruz.com\\\/?p=180111\"]}]},{\"@type\":\"ImageObject\",\"inLanguage\":\"es\",\"@id\":\"https:\\\/\\\/lospoliticosveracruz.com\\\/?p=180111#primaryimage\",\"url\":\"https:\\\/\\\/lospoliticosveracruz.com\\\/wp-content\\\/uploads\\\/2026\\\/09\\\/Boca.jpg\",\"contentUrl\":\"https:\\\/\\\/lospoliticosveracruz.com\\\/wp-content\\\/uploads\\\/2026\\\/09\\\/Boca.jpg\",\"width\":600,\"height\":320},{\"@type\":\"BreadcrumbList\",\"@id\":\"https:\\\/\\\/lospoliticosveracruz.com\\\/?p=180111#breadcrumb\",\"itemListElement\":[{\"@type\":\"ListItem\",\"position\":1,\"name\":\"Portada\",\"item\":\"https:\\\/\\\/lospoliticosveracruz.com\\\/\"},{\"@type\":\"ListItem\",\"position\":2,\"name\":\"BOCA DEL R\u00cdO, FILM FRIENDLY!\"}]},{\"@type\":\"WebSite\",\"@id\":\"https:\\\/\\\/lospoliticosveracruz.com\\\/#website\",\"url\":\"https:\\\/\\\/lospoliticosveracruz.com\\\/\",\"name\":\"Los pol\u00edticos Veracruz\",\"description\":\"\",\"publisher\":{\"@id\":\"https:\\\/\\\/lospoliticosveracruz.com\\\/#organization\"},\"potentialAction\":[{\"@type\":\"SearchAction\",\"target\":{\"@type\":\"EntryPoint\",\"urlTemplate\":\"https:\\\/\\\/lospoliticosveracruz.com\\\/?s={search_term_string}\"},\"query-input\":{\"@type\":\"PropertyValueSpecification\",\"valueRequired\":true,\"valueName\":\"search_term_string\"}}],\"inLanguage\":\"es\"},{\"@type\":\"Organization\",\"@id\":\"https:\\\/\\\/lospoliticosveracruz.com\\\/#organization\",\"name\":\"Los pol\u00edticos Veracruz\",\"url\":\"https:\\\/\\\/lospoliticosveracruz.com\\\/\",\"logo\":{\"@type\":\"ImageObject\",\"inLanguage\":\"es\",\"@id\":\"https:\\\/\\\/lospoliticosveracruz.com\\\/#\\\/schema\\\/logo\\\/image\\\/\",\"url\":\"https:\\\/\\\/lospoliticosveracruz.com\\\/wp-content\\\/uploads\\\/2025\\\/12\\\/Logo-Nuevo-LOS-POLITICOS-1.jpg\",\"contentUrl\":\"https:\\\/\\\/lospoliticosveracruz.com\\\/wp-content\\\/uploads\\\/2025\\\/12\\\/Logo-Nuevo-LOS-POLITICOS-1.jpg\",\"width\":260,\"height\":70,\"caption\":\"Los pol\u00edticos Veracruz\"},\"image\":{\"@id\":\"https:\\\/\\\/lospoliticosveracruz.com\\\/#\\\/schema\\\/logo\\\/image\\\/\"},\"sameAs\":[\"https:\\\/\\\/www.facebook.com\\\/people\\\/Notimemes-de-los-Polticos\\\/61565672886568\\\/\",\"https:\\\/\\\/x.com\\\/LosPoliticosVer\"]},{\"@type\":\"Person\",\"@id\":\"https:\\\/\\\/lospoliticosveracruz.com\\\/#\\\/schema\\\/person\\\/b8702bb0e538456e6efd07080bf2a4a2\",\"name\":\"Lo viste en Los Pol\u00edticos\",\"image\":{\"@type\":\"ImageObject\",\"inLanguage\":\"es\",\"@id\":\"https:\\\/\\\/secure.gravatar.com\\\/avatar\\\/3a8de04a2656d44082be478bd6c086daa447c4651605818287b9532d3d0bd435?s=96&d=mm&r=g\",\"url\":\"https:\\\/\\\/secure.gravatar.com\\\/avatar\\\/3a8de04a2656d44082be478bd6c086daa447c4651605818287b9532d3d0bd435?s=96&d=mm&r=g\",\"contentUrl\":\"https:\\\/\\\/secure.gravatar.com\\\/avatar\\\/3a8de04a2656d44082be478bd6c086daa447c4651605818287b9532d3d0bd435?s=96&d=mm&r=g\",\"caption\":\"Lo viste en Los Pol\u00edticos\"},\"url\":\"https:\\\/\\\/lospoliticosveracruz.com\\\/?author=2\"}]}<\/script>\n<!-- \/ Yoast SEO plugin. -->","yoast_head_json":{"title":"BOCA DEL R\u00cdO, FILM FRIENDLY! - Los pol\u00edticos Veracruz","robots":{"index":"index","follow":"follow","max-snippet":"max-snippet:-1","max-image-preview":"max-image-preview:large","max-video-preview":"max-video-preview:-1"},"canonical":"https:\/\/lospoliticosveracruz.com\/?p=180111","og_locale":"es_ES","og_type":"article","og_title":"BOCA DEL R\u00cdO, FILM FRIENDLY! - Los pol\u00edticos Veracruz","og_description":"La C\u00e1mara Nacional de la Industria Cinematogr\u00e1fica (CANACINE), reconoci\u00f3 al municipio de Boca del R\u00edo con el distintivo \u201cFilm Friendly\u201d, iniciativa para identificar, desarrollar y promover municipios con vocaci\u00f3n audiovisual mediante la integraci\u00f3n de locaciones, infraestructura, servicios especializados, capacitaci\u00f3n y est\u00e1ndares de atenci\u00f3n para la industria del cine. Boca del R\u00edo, se convierte en el [&hellip;]","og_url":"https:\/\/lospoliticosveracruz.com\/?p=180111","og_site_name":"Los pol\u00edticos Veracruz","article_publisher":"https:\/\/www.facebook.com\/people\/Notimemes-de-los-Polticos\/61565672886568\/","article_published_time":"2026-09-06T16:39:42+00:00","article_modified_time":"2026-09-06T16:39:43+00:00","og_image":[{"width":600,"height":320,"url":"https:\/\/lospoliticosveracruz.com\/wp-content\/uploads\/2026\/09\/Boca.jpg","type":"image\/jpeg"}],"author":"Lo viste en Los Pol\u00edticos","twitter_card":"summary_large_image","twitter_creator":"@LosPoliticosVer","twitter_site":"@LosPoliticosVer","twitter_misc":{"Escrito por":"Lo viste en Los Pol\u00edticos","Tiempo de lectura":"2 minutos"},"schema":{"@context":"https:\/\/schema.org","@graph":[{"@type":"Article","@id":"https:\/\/lospoliticosveracruz.com\/?p=180111#article","isPartOf":{"@id":"https:\/\/lospoliticosveracruz.com\/?p=180111"},"author":{"name":"Lo viste en Los Pol\u00edticos","@id":"https:\/\/lospoliticosveracruz.com\/#\/schema\/person\/b8702bb0e538456e6efd07080bf2a4a2"},"headline":"BOCA DEL R\u00cdO, FILM FRIENDLY!","datePublished":"2026-09-06T16:39:42+00:00","dateModified":"2026-09-06T16:39:43+00:00","mainEntityOfPage":{"@id":"https:\/\/lospoliticosveracruz.com\/?p=180111"},"wordCount":410,"publisher":{"@id":"https:\/\/lospoliticosveracruz.com\/#organization"},"image":{"@id":"https:\/\/lospoliticosveracruz.com\/?p=180111#primaryimage"},"thumbnailUrl":"https:\/\/lospoliticosveracruz.com\/wp-content\/uploads\/2026\/09\/Boca.jpg","keywords":["Boca del R\u00edo","Canacine","cine","Film Friendly","industria audiovisual","Maryjose Gamboa","Turismo"],"articleSection":["De Boleto"],"inLanguage":"es"},{"@type":"WebPage","@id":"https:\/\/lospoliticosveracruz.com\/?p=180111","url":"https:\/\/lospoliticosveracruz.com\/?p=180111","name":"BOCA DEL R\u00cdO, FILM FRIENDLY! - Los pol\u00edticos Veracruz","isPartOf":{"@id":"https:\/\/lospoliticosveracruz.com\/#website"},"primaryImageOfPage":{"@id":"https:\/\/lospoliticosveracruz.com\/?p=180111#primaryimage"},"image":{"@id":"https:\/\/lospoliticosveracruz.com\/?p=180111#primaryimage"},"thumbnailUrl":"https:\/\/lospoliticosveracruz.com\/wp-content\/uploads\/2026\/09\/Boca.jpg","datePublished":"2026-09-06T16:39:42+00:00","dateModified":"2026-09-06T16:39:43+00:00","breadcrumb":{"@id":"https:\/\/lospoliticosveracruz.com\/?p=180111#breadcrumb"},"inLanguage":"es","potentialAction":[{"@type":"ReadAction","target":["https:\/\/lospoliticosveracruz.com\/?p=180111"]}]},{"@type":"ImageObject","inLanguage":"es","@id":"https:\/\/lospoliticosveracruz.com\/?p=180111#primaryimage","url":"https:\/\/lospoliticosveracruz.com\/wp-content\/uploads\/2026\/09\/Boca.jpg","contentUrl":"https:\/\/lospoliticosveracruz.com\/wp-content\/uploads\/2026\/09\/Boca.jpg","width":600,"height":320},{"@type":"BreadcrumbList","@id":"https:\/\/lospoliticosveracruz.com\/?p=180111#breadcrumb","itemListElement":[{"@type":"ListItem","position":1,"name":"Portada","item":"https:\/\/lospoliticosveracruz.com\/"},{"@type":"ListItem","position":2,"name":"BOCA DEL R\u00cdO, FILM FRIENDLY!"}]},{"@type":"WebSite","@id":"https:\/\/lospoliticosveracruz.com\/#website","url":"https:\/\/lospoliticosveracruz.com\/","name":"Los pol\u00edticos Veracruz","description":"","publisher":{"@id":"https:\/\/lospoliticosveracruz.com\/#organization"},"potentialAction":[{"@type":"SearchAction","target":{"@type":"EntryPoint","urlTemplate":"https:\/\/lospoliticosveracruz.com\/?s={search_term_string}"},"query-input":{"@type":"PropertyValueSpecification","valueRequired":true,"valueName":"search_term_string"}}],"inLanguage":"es"},{"@type":"Organization","@id":"https:\/\/lospoliticosveracruz.com\/#organization","name":"Los pol\u00edticos Veracruz","url":"https:\/\/lospoliticosveracruz.com\/","logo":{"@type":"ImageObject","inLanguage":"es","@id":"https:\/\/lospoliticosveracruz.com\/#\/schema\/logo\/image\/","url":"https:\/\/lospoliticosveracruz.com\/wp-content\/uploads\/2025\/12\/Logo-Nuevo-LOS-POLITICOS-1.jpg","contentUrl":"https:\/\/lospoliticosveracruz.com\/wp-content\/uploads\/2025\/12\/Logo-Nuevo-LOS-POLITICOS-1.jpg","width":260,"height":70,"caption":"Los pol\u00edticos Veracruz"},"image":{"@id":"https:\/\/lospoliticosveracruz.com\/#\/schema\/logo\/image\/"},"sameAs":["https:\/\/www.facebook.com\/people\/Notimemes-de-los-Polticos\/61565672886568\/","https:\/\/x.com\/LosPoliticosVer"]},{"@type":"Person","@id":"https:\/\/lospoliticosveracruz.com\/#\/schema\/person\/b8702bb0e538456e6efd07080bf2a4a2","name":"Lo viste en Los Pol\u00edticos","image":{"@type":"ImageObject","inLanguage":"es","@id":"https:\/\/secure.gravatar.com\/avatar\/3a8de04a2656d44082be478bd6c086daa447c4651605818287b9532d3d0bd435?s=96&d=mm&r=g","url":"https:\/\/secure.gravatar.com\/avatar\/3a8de04a2656d44082be478bd6c086daa447c4651605818287b9532d3d0bd435?s=96&d=mm&r=g","contentUrl":"https:\/\/secure.gravatar.com\/avatar\/3a8de04a2656d44082be478bd6c086daa447c4651605818287b9532d3d0bd435?s=96&d=mm&r=g","caption":"Lo viste en Los Pol\u00edticos"},"url":"https:\/\/lospoliticosveracruz.com\/?author=2"}]}},"_links":{"self":[{"href":"https:\/\/lospoliticosveracruz.com\/index.php?rest_route=\/wp\/v2\/posts\/180111","targetHints":{"allow":["GET"]}}],"collection":[{"href":"https:\/\/lospoliticosveracruz.com\/index.php?rest_route=\/wp\/v2\/posts"}],"about":[{"href":"https:\/\/lospoliticosveracruz.com\/index.php?rest_route=\/wp\/v2\/types\/post"}],"author":[{"embeddable":true,"href":"https:\/\/lospoliticosveracruz.com\/index.php?rest_route=\/wp\/v2\/users\/2"}],"replies":[{"embeddable":true,"href":"https:\/\/lospoliticosveracruz.com\/index.php?rest_route=%2Fwp%2Fv2%2Fcomments&post=180111"}],"version-history":[{"count":1,"href":"https:\/\/lospoliticosveracruz.com\/index.php?rest_route=\/wp\/v2\/posts\/180111\/revisions"}],"predecessor-version":[{"id":180113,"href":"https:\/\/lospoliticosveracruz.com\/index.php?rest_route=\/wp\/v2\/posts\/180111\/revisions\/180113"}],"wp:featuredmedia":[{"embeddable":true,"href":"https:\/\/lospoliticosveracruz.com\/index.php?rest_route=\/wp\/v2\/media\/180112"}],"wp:attachment":[{"href":"https:\/\/lospoliticosveracruz.com\/index.php?rest_route=%2Fwp%2Fv2%2Fmedia&parent=180111"}],"wp:term":[{"taxonomy":"category","embeddable":true,"href":"https:\/\/lospoliticosveracruz.com\/index.php?rest_route=%2Fwp%2Fv2%2Fcategories&post=180111"},{"taxonomy":"post_tag","embeddable":true,"href":"https:\/\/lospoliticosveracruz.com\/index.php?rest_route=%2Fwp%2Fv2%2Ftags&post=180111"}],"curies":[{"name":"wp","href":"https:\/\/api.w.org\/{rel}","templated":true}]}}