{"id":18021,"date":"2015-09-29T09:04:50","date_gmt":"2015-09-29T14:04:50","guid":{"rendered":"http:\/\/www.lospoliticosveracruz.com.mx\/?p=18021"},"modified":"2015-09-29T09:04:50","modified_gmt":"2015-09-29T14:04:50","slug":"ataque-suicida","status":"publish","type":"post","link":"https:\/\/lospoliticosveracruz.com\/?p=18021","title":{"rendered":"Ataque suicida"},"content":{"rendered":"<p><a href=\"http:\/\/www.lospoliticosveracruz.com.mx\/wp-content\/uploads\/2015\/09\/Pepe-Yunes-Javier-Duarte.jpg\"><img loading=\"lazy\" decoding=\"async\" class=\"alignnone size-medium wp-image-18022\" src=\"http:\/\/www.lospoliticosveracruz.com.mx\/wp-content\/uploads\/2015\/09\/Pepe-Yunes-Javier-Duarte-300x224.jpg\" alt=\"Pepe Yunes Javier Duarte\" width=\"300\" height=\"224\" \/><\/a><\/p>\n<p><strong>Gabriel Arellano L\u00f3pez<\/strong> \/ <em>Escenario:<\/em> A\u00a0todos los agravios que Veracruz y los veracruzanos hemos sufrido por la clase pol\u00edtica gobernante durante la \u00faltima d\u00e9cada, ahora se suma el total descr\u00e9dito para la figura gubernamental, la m\u00e1xima en el Estado y que anta\u00f1o fue merecedora de gran respetabilidad, sin un asomo de desprop\u00f3sitos y enriquecida con un comportamiento y un lenguaje siempre doctos y llenos de autoridad que hoy no se ven m\u00e1s.<\/p>\n<p>Y el asunto se agrava cuando m\u00e1s all\u00e1 de la p\u00e9rdida de respetabilidad y autoridad, esa figura entra adem\u00e1s en confrontaciones in\u00e9ditas con quienes anta\u00f1o tambi\u00e9n eran sus cuadros pol\u00edticos m\u00e1s valiosos y proyectables: los senadores de la Rep\u00fablica. Hoy no s\u00f3lo no son sus cuadros, ni siquiera sus aliados y s\u00ed sus oponentes.<\/p>\n<p>Tal parece que la figura gubernamental no acaba de entender su papel, porque en vez de ejercer liderazgo e incentivar sumas, su accionar pierde efectividad cada vez m\u00e1s y resta, resta y resta.<\/p>\n<p>El asunto visto con simplicidad podr\u00eda tomarse como mero pleito ranchero, pero no. El caso reviste m\u00e1s gravedad y mucho mayor complejidad porque va de por medio el destino de un Estado y de millones de veracruzanos que requieren de una verdadera y eficiente conducci\u00f3n pol\u00edtica capaz de ofrecer respuestas y soluciones a sus m\u00faltiples carencias y dificultades.<\/p>\n<p>Veracruz nada gana con ocurrencias, muy impropias en quien carga con la noble y honrosa responsabilidad de gobernar, menos a\u00fan en una \u00e9poca de retos enormes que demandan tiempo completo para pensar y actuar con altura, no para jocosidades.<\/p>\n<p>Veracruz est\u00e1 ya muy lastimado y requiere urgentemente de alguien que ponga orden.<\/p>\n<p><strong>EL SUICIDIO POLITICO<\/strong><\/p>\n<p>En lo que dicen que fue un golpe pol\u00edtico del gobernador Javier Duarte para el senador Pepe Yunes al \u201crecordarle\u201d el mandatario al legislador que \u00e9ste promovi\u00f3 y vot\u00f3 por la reforma hacendaria, seguramente quien m\u00e1s saldr\u00e1 perdiendo ser\u00e1 el propio Duarte.<\/p>\n<p>Sin duda fue un consejo desafortunado el que le dieron al gobernante para tomar esta bandera que hizo ver mal no al senador, sino a la reforma hacendaria y a quien la impuls\u00f3 a un alto costo pol\u00edtico. La posici\u00f3n de Pepe simplemente fue de apoyo y respeto hacia un prop\u00f3sito emanado desde la Presidencia de la Rep\u00fablica.<\/p>\n<p>Aqu\u00ed, en el frenes\u00ed se les perdi\u00f3 de vista el nombre de Enrique Pe\u00f1a Nieto. Tambi\u00e9n el de Luis Videgaray. \u00bfY todo para qu\u00e9?<\/p>\n<p>Qu\u00edntuple a sencillo a que las mayores consecuencias de las palabras descalificadoras del gobernador Duarte hacia la reforma hacendaria, se reflejar\u00e1n contra el propio mandatario. Como suelen decir algunos colegas: al tiempo.<\/p>\n<p><strong>LOS RETOS DE CARLOS ACEVES<\/strong><\/p>\n<p>En comida que comparti\u00f3 con columnistas del Grupo de Los Diez, el director del Cobaev, Carlos Aceves Amezcua, inform\u00f3 de avances y crecimiento de esta instituci\u00f3n en favor de miles de j\u00f3venes veracruzanos. Y adelant\u00f3 que el segundo Cobaev Xalapa quedar\u00e1 funcionando en poco tiempo en el edificio de la antigua terminal del ferrocarril, al final de la avenida Miguel Alem\u00e1n.<\/p>\n<p>Dijo que durante su gesti\u00f3n aumentaron los planteles de 64 a 71, de los que 21 est\u00e1n certificados por el Sistema Nacional de Bachillerato, lo que les permite acceso a apoyos econ\u00f3micos extras.<\/p>\n<p>Aceves Amezcua \u2013quien adem\u00e1s es presidente de los directores de estos colegios a nivel nacional que tendr\u00e1n su pr\u00f3xima reuni\u00f3n en Chihuahua el 8 y 9 de octubre y se desempe\u00f1a como presidente de las Comisi\u00f3n de Justicia Partidaria del PRI estatal- expres\u00f3 su confianza en las bondades de la reforma educativa, que har\u00e1 que en 2016 se realice la evaluaci\u00f3n a sus maestros en fases de permanencia y promoci\u00f3n.<\/p>\n<p>Durante la charla (muy franca y amigable) Carlos no neg\u00f3 sus aspiraciones pol\u00edticas. En la inmediatez avizora la posibilidad de una diputaci\u00f3n local y m\u00e1s all\u00e1 dice que le gustar\u00eda ser alcalde de Xalapa. No cierra los ojos a las dificultades electorales que el PRI ha experimentado hasta con derrotas en recientes comicios, pero se muestra optimista, dispuesto a trabajar y luchar, primero por una candidatura y luego por un triunfo en las urnas.<\/p>\n<p>Desde luego que antes que otra cosa sabe que debe generar buenos resultados al frente del Colegio de Bachilleres y en eso est\u00e1, atento y activo, remando contra las dificultades monetarias, pese a las cuales ha conseguido hacer crecer la instituci\u00f3n, fortalecerla y ubicarla con expectativas de mayor desarrollo.<\/p>\n<p><strong>NUMERALIA<\/strong><\/p>\n<p>1.- Hace unos d\u00edas anticipamos aqu\u00ed la endeble posici\u00f3n de Luis Alberto Romero como subdirector de Comercio del ayuntamiento de Xalapa. Citamos que el alcalde Am\u00e9rico Z\u00fa\u00f1iga ya le hab\u00eda advertido su disgusto por el crecimiento del comercio ambulante en la capital. El asunto parece consumado para Romero, quien aunque oficialmente no ha sido relevado (d\u00edcese que por Clorinda Ferral) \u00e9l ya se despidi\u00f3 de sus colaboradores.<\/p>\n","protected":false},"excerpt":{"rendered":"<p>Gabriel Arellano L\u00f3pez \/ Escenario: A\u00a0todos los agravios que Veracruz y los veracruzanos hemos sufrido por la clase pol\u00edtica gobernante durante la \u00faltima d\u00e9cada, ahora se suma el total descr\u00e9dito para la figura gubernamental, la m\u00e1xima en el Estado y que anta\u00f1o fue merecedora de gran respetabilidad, sin un asomo de desprop\u00f3sitos y enriquecida con [&hellip;]<\/p>\n","protected":false},"author":2,"featured_media":0,"comment_status":"open","ping_status":"open","sticky":false,"template":"","format":"standard","meta":{"tdm_status":"","tdm_grid_status":"","footnotes":""},"categories":[70],"tags":[195],"class_list":{"0":"post-18021","1":"post","2":"type-post","3":"status-publish","4":"format-standard","6":"category-de-opinion","7":"tag-veracruz"},"yoast_head":"<!-- This site is optimized with the Yoast SEO plugin v27.4 - https:\/\/yoast.com\/product\/yoast-seo-wordpress\/ -->\n<title>Ataque suicida - Los pol\u00edticos Veracruz<\/title>\n<meta name=\"robots\" content=\"index, follow, max-snippet:-1, max-image-preview:large, max-video-preview:-1\" \/>\n<link rel=\"canonical\" href=\"https:\/\/lospoliticosveracruz.com\/?p=18021\" \/>\n<meta property=\"og:locale\" content=\"es_ES\" \/>\n<meta property=\"og:type\" content=\"article\" \/>\n<meta property=\"og:title\" content=\"Ataque suicida - Los pol\u00edticos Veracruz\" \/>\n<meta property=\"og:description\" content=\"Gabriel Arellano L\u00f3pez \/ Escenario: A\u00a0todos los agravios que Veracruz y los veracruzanos hemos sufrido por la clase pol\u00edtica gobernante durante la \u00faltima d\u00e9cada, ahora se suma el total descr\u00e9dito para la figura gubernamental, la m\u00e1xima en el Estado y que anta\u00f1o fue merecedora de gran respetabilidad, sin un asomo de desprop\u00f3sitos y enriquecida con [&hellip;]\" \/>\n<meta property=\"og:url\" content=\"https:\/\/lospoliticosveracruz.com\/?p=18021\" \/>\n<meta property=\"og:site_name\" content=\"Los pol\u00edticos Veracruz\" \/>\n<meta property=\"article:publisher\" content=\"https:\/\/www.facebook.com\/people\/Notimemes-de-los-Polticos\/61565672886568\/\" \/>\n<meta property=\"article:published_time\" content=\"2015-09-29T14:04:50+00:00\" \/>\n<meta property=\"og:image\" content=\"http:\/\/www.lospoliticosveracruz.com.mx\/wp-content\/uploads\/2015\/09\/Pepe-Yunes-Javier-Duarte-300x224.jpg\" \/>\n<meta name=\"author\" content=\"Lo viste en Los Pol\u00edticos\" \/>\n<meta name=\"twitter:card\" content=\"summary_large_image\" \/>\n<meta name=\"twitter:creator\" content=\"@LosPoliticosVer\" \/>\n<meta name=\"twitter:site\" content=\"@LosPoliticosVer\" \/>\n<meta name=\"twitter:label1\" content=\"Escrito por\" \/>\n\t<meta name=\"twitter:data1\" content=\"Lo viste en Los Pol\u00edticos\" \/>\n\t<meta name=\"twitter:label2\" content=\"Tiempo de lectura\" \/>\n\t<meta name=\"twitter:data2\" content=\"4 minutos\" \/>\n<script type=\"application\/ld+json\" class=\"yoast-schema-graph\">{\"@context\":\"https:\\\/\\\/schema.org\",\"@graph\":[{\"@type\":\"Article\",\"@id\":\"https:\\\/\\\/lospoliticosveracruz.com\\\/?p=18021#article\",\"isPartOf\":{\"@id\":\"https:\\\/\\\/lospoliticosveracruz.com\\\/?p=18021\"},\"author\":{\"name\":\"Lo viste en Los Pol\u00edticos\",\"@id\":\"https:\\\/\\\/lospoliticosveracruz.com\\\/#\\\/schema\\\/person\\\/b8702bb0e538456e6efd07080bf2a4a2\"},\"headline\":\"Ataque suicida\",\"datePublished\":\"2015-09-29T14:04:50+00:00\",\"mainEntityOfPage\":{\"@id\":\"https:\\\/\\\/lospoliticosveracruz.com\\\/?p=18021\"},\"wordCount\":844,\"commentCount\":0,\"publisher\":{\"@id\":\"https:\\\/\\\/lospoliticosveracruz.com\\\/#organization\"},\"image\":{\"@id\":\"https:\\\/\\\/lospoliticosveracruz.com\\\/?p=18021#primaryimage\"},\"thumbnailUrl\":\"http:\\\/\\\/www.lospoliticosveracruz.com.mx\\\/wp-content\\\/uploads\\\/2015\\\/09\\\/Pepe-Yunes-Javier-Duarte-300x224.jpg\",\"keywords\":[\"Veracruz\"],\"articleSection\":[\"De Opini\u00f3n\"],\"inLanguage\":\"es\",\"potentialAction\":[{\"@type\":\"CommentAction\",\"name\":\"Comment\",\"target\":[\"https:\\\/\\\/lospoliticosveracruz.com\\\/?p=18021#respond\"]}]},{\"@type\":\"WebPage\",\"@id\":\"https:\\\/\\\/lospoliticosveracruz.com\\\/?p=18021\",\"url\":\"https:\\\/\\\/lospoliticosveracruz.com\\\/?p=18021\",\"name\":\"Ataque suicida - Los pol\u00edticos Veracruz\",\"isPartOf\":{\"@id\":\"https:\\\/\\\/lospoliticosveracruz.com\\\/#website\"},\"primaryImageOfPage\":{\"@id\":\"https:\\\/\\\/lospoliticosveracruz.com\\\/?p=18021#primaryimage\"},\"image\":{\"@id\":\"https:\\\/\\\/lospoliticosveracruz.com\\\/?p=18021#primaryimage\"},\"thumbnailUrl\":\"http:\\\/\\\/www.lospoliticosveracruz.com.mx\\\/wp-content\\\/uploads\\\/2015\\\/09\\\/Pepe-Yunes-Javier-Duarte-300x224.jpg\",\"datePublished\":\"2015-09-29T14:04:50+00:00\",\"breadcrumb\":{\"@id\":\"https:\\\/\\\/lospoliticosveracruz.com\\\/?p=18021#breadcrumb\"},\"inLanguage\":\"es\",\"potentialAction\":[{\"@type\":\"ReadAction\",\"target\":[\"https:\\\/\\\/lospoliticosveracruz.com\\\/?p=18021\"]}]},{\"@type\":\"ImageObject\",\"inLanguage\":\"es\",\"@id\":\"https:\\\/\\\/lospoliticosveracruz.com\\\/?p=18021#primaryimage\",\"url\":\"http:\\\/\\\/www.lospoliticosveracruz.com.mx\\\/wp-content\\\/uploads\\\/2015\\\/09\\\/Pepe-Yunes-Javier-Duarte-300x224.jpg\",\"contentUrl\":\"http:\\\/\\\/www.lospoliticosveracruz.com.mx\\\/wp-content\\\/uploads\\\/2015\\\/09\\\/Pepe-Yunes-Javier-Duarte-300x224.jpg\"},{\"@type\":\"BreadcrumbList\",\"@id\":\"https:\\\/\\\/lospoliticosveracruz.com\\\/?p=18021#breadcrumb\",\"itemListElement\":[{\"@type\":\"ListItem\",\"position\":1,\"name\":\"Portada\",\"item\":\"https:\\\/\\\/lospoliticosveracruz.com\\\/\"},{\"@type\":\"ListItem\",\"position\":2,\"name\":\"Ataque suicida\"}]},{\"@type\":\"WebSite\",\"@id\":\"https:\\\/\\\/lospoliticosveracruz.com\\\/#website\",\"url\":\"https:\\\/\\\/lospoliticosveracruz.com\\\/\",\"name\":\"Los pol\u00edticos Veracruz\",\"description\":\"\",\"publisher\":{\"@id\":\"https:\\\/\\\/lospoliticosveracruz.com\\\/#organization\"},\"potentialAction\":[{\"@type\":\"SearchAction\",\"target\":{\"@type\":\"EntryPoint\",\"urlTemplate\":\"https:\\\/\\\/lospoliticosveracruz.com\\\/?s={search_term_string}\"},\"query-input\":{\"@type\":\"PropertyValueSpecification\",\"valueRequired\":true,\"valueName\":\"search_term_string\"}}],\"inLanguage\":\"es\"},{\"@type\":\"Organization\",\"@id\":\"https:\\\/\\\/lospoliticosveracruz.com\\\/#organization\",\"name\":\"Los pol\u00edticos Veracruz\",\"url\":\"https:\\\/\\\/lospoliticosveracruz.com\\\/\",\"logo\":{\"@type\":\"ImageObject\",\"inLanguage\":\"es\",\"@id\":\"https:\\\/\\\/lospoliticosveracruz.com\\\/#\\\/schema\\\/logo\\\/image\\\/\",\"url\":\"https:\\\/\\\/lospoliticosveracruz.com\\\/wp-content\\\/uploads\\\/2025\\\/12\\\/Logo-Nuevo-LOS-POLITICOS-1.jpg\",\"contentUrl\":\"https:\\\/\\\/lospoliticosveracruz.com\\\/wp-content\\\/uploads\\\/2025\\\/12\\\/Logo-Nuevo-LOS-POLITICOS-1.jpg\",\"width\":260,\"height\":70,\"caption\":\"Los pol\u00edticos Veracruz\"},\"image\":{\"@id\":\"https:\\\/\\\/lospoliticosveracruz.com\\\/#\\\/schema\\\/logo\\\/image\\\/\"},\"sameAs\":[\"https:\\\/\\\/www.facebook.com\\\/people\\\/Notimemes-de-los-Polticos\\\/61565672886568\\\/\",\"https:\\\/\\\/x.com\\\/LosPoliticosVer\"]},{\"@type\":\"Person\",\"@id\":\"https:\\\/\\\/lospoliticosveracruz.com\\\/#\\\/schema\\\/person\\\/b8702bb0e538456e6efd07080bf2a4a2\",\"name\":\"Lo viste en Los Pol\u00edticos\",\"image\":{\"@type\":\"ImageObject\",\"inLanguage\":\"es\",\"@id\":\"https:\\\/\\\/secure.gravatar.com\\\/avatar\\\/3a8de04a2656d44082be478bd6c086daa447c4651605818287b9532d3d0bd435?s=96&d=mm&r=g\",\"url\":\"https:\\\/\\\/secure.gravatar.com\\\/avatar\\\/3a8de04a2656d44082be478bd6c086daa447c4651605818287b9532d3d0bd435?s=96&d=mm&r=g\",\"contentUrl\":\"https:\\\/\\\/secure.gravatar.com\\\/avatar\\\/3a8de04a2656d44082be478bd6c086daa447c4651605818287b9532d3d0bd435?s=96&d=mm&r=g\",\"caption\":\"Lo viste en Los Pol\u00edticos\"},\"url\":\"https:\\\/\\\/lospoliticosveracruz.com\\\/?author=2\"}]}<\/script>\n<!-- \/ Yoast SEO plugin. -->","yoast_head_json":{"title":"Ataque suicida - Los pol\u00edticos Veracruz","robots":{"index":"index","follow":"follow","max-snippet":"max-snippet:-1","max-image-preview":"max-image-preview:large","max-video-preview":"max-video-preview:-1"},"canonical":"https:\/\/lospoliticosveracruz.com\/?p=18021","og_locale":"es_ES","og_type":"article","og_title":"Ataque suicida - Los pol\u00edticos Veracruz","og_description":"Gabriel Arellano L\u00f3pez \/ Escenario: A\u00a0todos los agravios que Veracruz y los veracruzanos hemos sufrido por la clase pol\u00edtica gobernante durante la \u00faltima d\u00e9cada, ahora se suma el total descr\u00e9dito para la figura gubernamental, la m\u00e1xima en el Estado y que anta\u00f1o fue merecedora de gran respetabilidad, sin un asomo de desprop\u00f3sitos y enriquecida con [&hellip;]","og_url":"https:\/\/lospoliticosveracruz.com\/?p=18021","og_site_name":"Los pol\u00edticos Veracruz","article_publisher":"https:\/\/www.facebook.com\/people\/Notimemes-de-los-Polticos\/61565672886568\/","article_published_time":"2015-09-29T14:04:50+00:00","og_image":[{"url":"http:\/\/www.lospoliticosveracruz.com.mx\/wp-content\/uploads\/2015\/09\/Pepe-Yunes-Javier-Duarte-300x224.jpg","type":"","width":"","height":""}],"author":"Lo viste en Los Pol\u00edticos","twitter_card":"summary_large_image","twitter_creator":"@LosPoliticosVer","twitter_site":"@LosPoliticosVer","twitter_misc":{"Escrito por":"Lo viste en Los Pol\u00edticos","Tiempo de lectura":"4 minutos"},"schema":{"@context":"https:\/\/schema.org","@graph":[{"@type":"Article","@id":"https:\/\/lospoliticosveracruz.com\/?p=18021#article","isPartOf":{"@id":"https:\/\/lospoliticosveracruz.com\/?p=18021"},"author":{"name":"Lo viste en Los Pol\u00edticos","@id":"https:\/\/lospoliticosveracruz.com\/#\/schema\/person\/b8702bb0e538456e6efd07080bf2a4a2"},"headline":"Ataque suicida","datePublished":"2015-09-29T14:04:50+00:00","mainEntityOfPage":{"@id":"https:\/\/lospoliticosveracruz.com\/?p=18021"},"wordCount":844,"commentCount":0,"publisher":{"@id":"https:\/\/lospoliticosveracruz.com\/#organization"},"image":{"@id":"https:\/\/lospoliticosveracruz.com\/?p=18021#primaryimage"},"thumbnailUrl":"http:\/\/www.lospoliticosveracruz.com.mx\/wp-content\/uploads\/2015\/09\/Pepe-Yunes-Javier-Duarte-300x224.jpg","keywords":["Veracruz"],"articleSection":["De Opini\u00f3n"],"inLanguage":"es","potentialAction":[{"@type":"CommentAction","name":"Comment","target":["https:\/\/lospoliticosveracruz.com\/?p=18021#respond"]}]},{"@type":"WebPage","@id":"https:\/\/lospoliticosveracruz.com\/?p=18021","url":"https:\/\/lospoliticosveracruz.com\/?p=18021","name":"Ataque suicida - Los pol\u00edticos Veracruz","isPartOf":{"@id":"https:\/\/lospoliticosveracruz.com\/#website"},"primaryImageOfPage":{"@id":"https:\/\/lospoliticosveracruz.com\/?p=18021#primaryimage"},"image":{"@id":"https:\/\/lospoliticosveracruz.com\/?p=18021#primaryimage"},"thumbnailUrl":"http:\/\/www.lospoliticosveracruz.com.mx\/wp-content\/uploads\/2015\/09\/Pepe-Yunes-Javier-Duarte-300x224.jpg","datePublished":"2015-09-29T14:04:50+00:00","breadcrumb":{"@id":"https:\/\/lospoliticosveracruz.com\/?p=18021#breadcrumb"},"inLanguage":"es","potentialAction":[{"@type":"ReadAction","target":["https:\/\/lospoliticosveracruz.com\/?p=18021"]}]},{"@type":"ImageObject","inLanguage":"es","@id":"https:\/\/lospoliticosveracruz.com\/?p=18021#primaryimage","url":"http:\/\/www.lospoliticosveracruz.com.mx\/wp-content\/uploads\/2015\/09\/Pepe-Yunes-Javier-Duarte-300x224.jpg","contentUrl":"http:\/\/www.lospoliticosveracruz.com.mx\/wp-content\/uploads\/2015\/09\/Pepe-Yunes-Javier-Duarte-300x224.jpg"},{"@type":"BreadcrumbList","@id":"https:\/\/lospoliticosveracruz.com\/?p=18021#breadcrumb","itemListElement":[{"@type":"ListItem","position":1,"name":"Portada","item":"https:\/\/lospoliticosveracruz.com\/"},{"@type":"ListItem","position":2,"name":"Ataque suicida"}]},{"@type":"WebSite","@id":"https:\/\/lospoliticosveracruz.com\/#website","url":"https:\/\/lospoliticosveracruz.com\/","name":"Los pol\u00edticos Veracruz","description":"","publisher":{"@id":"https:\/\/lospoliticosveracruz.com\/#organization"},"potentialAction":[{"@type":"SearchAction","target":{"@type":"EntryPoint","urlTemplate":"https:\/\/lospoliticosveracruz.com\/?s={search_term_string}"},"query-input":{"@type":"PropertyValueSpecification","valueRequired":true,"valueName":"search_term_string"}}],"inLanguage":"es"},{"@type":"Organization","@id":"https:\/\/lospoliticosveracruz.com\/#organization","name":"Los pol\u00edticos Veracruz","url":"https:\/\/lospoliticosveracruz.com\/","logo":{"@type":"ImageObject","inLanguage":"es","@id":"https:\/\/lospoliticosveracruz.com\/#\/schema\/logo\/image\/","url":"https:\/\/lospoliticosveracruz.com\/wp-content\/uploads\/2025\/12\/Logo-Nuevo-LOS-POLITICOS-1.jpg","contentUrl":"https:\/\/lospoliticosveracruz.com\/wp-content\/uploads\/2025\/12\/Logo-Nuevo-LOS-POLITICOS-1.jpg","width":260,"height":70,"caption":"Los pol\u00edticos Veracruz"},"image":{"@id":"https:\/\/lospoliticosveracruz.com\/#\/schema\/logo\/image\/"},"sameAs":["https:\/\/www.facebook.com\/people\/Notimemes-de-los-Polticos\/61565672886568\/","https:\/\/x.com\/LosPoliticosVer"]},{"@type":"Person","@id":"https:\/\/lospoliticosveracruz.com\/#\/schema\/person\/b8702bb0e538456e6efd07080bf2a4a2","name":"Lo viste en Los Pol\u00edticos","image":{"@type":"ImageObject","inLanguage":"es","@id":"https:\/\/secure.gravatar.com\/avatar\/3a8de04a2656d44082be478bd6c086daa447c4651605818287b9532d3d0bd435?s=96&d=mm&r=g","url":"https:\/\/secure.gravatar.com\/avatar\/3a8de04a2656d44082be478bd6c086daa447c4651605818287b9532d3d0bd435?s=96&d=mm&r=g","contentUrl":"https:\/\/secure.gravatar.com\/avatar\/3a8de04a2656d44082be478bd6c086daa447c4651605818287b9532d3d0bd435?s=96&d=mm&r=g","caption":"Lo viste en Los Pol\u00edticos"},"url":"https:\/\/lospoliticosveracruz.com\/?author=2"}]}},"_links":{"self":[{"href":"https:\/\/lospoliticosveracruz.com\/index.php?rest_route=\/wp\/v2\/posts\/18021","targetHints":{"allow":["GET"]}}],"collection":[{"href":"https:\/\/lospoliticosveracruz.com\/index.php?rest_route=\/wp\/v2\/posts"}],"about":[{"href":"https:\/\/lospoliticosveracruz.com\/index.php?rest_route=\/wp\/v2\/types\/post"}],"author":[{"embeddable":true,"href":"https:\/\/lospoliticosveracruz.com\/index.php?rest_route=\/wp\/v2\/users\/2"}],"replies":[{"embeddable":true,"href":"https:\/\/lospoliticosveracruz.com\/index.php?rest_route=%2Fwp%2Fv2%2Fcomments&post=18021"}],"version-history":[{"count":1,"href":"https:\/\/lospoliticosveracruz.com\/index.php?rest_route=\/wp\/v2\/posts\/18021\/revisions"}],"predecessor-version":[{"id":18023,"href":"https:\/\/lospoliticosveracruz.com\/index.php?rest_route=\/wp\/v2\/posts\/18021\/revisions\/18023"}],"wp:attachment":[{"href":"https:\/\/lospoliticosveracruz.com\/index.php?rest_route=%2Fwp%2Fv2%2Fmedia&parent=18021"}],"wp:term":[{"taxonomy":"category","embeddable":true,"href":"https:\/\/lospoliticosveracruz.com\/index.php?rest_route=%2Fwp%2Fv2%2Fcategories&post=18021"},{"taxonomy":"post_tag","embeddable":true,"href":"https:\/\/lospoliticosveracruz.com\/index.php?rest_route=%2Fwp%2Fv2%2Ftags&post=18021"}],"curies":[{"name":"wp","href":"https:\/\/api.w.org\/{rel}","templated":true}]}}