{"id":18024,"date":"2015-09-29T09:12:58","date_gmt":"2015-09-29T14:12:58","guid":{"rendered":"http:\/\/www.lospoliticosveracruz.com.mx\/?p=18024"},"modified":"2015-09-29T09:12:59","modified_gmt":"2015-09-29T14:12:59","slug":"ganancia-de-pescadores","status":"publish","type":"post","link":"https:\/\/lospoliticosveracruz.com\/?p=18024","title":{"rendered":"Ganancia de pescadores&#8230;"},"content":{"rendered":"<p><a href=\"http:\/\/www.lospoliticosveracruz.com.mx\/wp-content\/uploads\/2014\/07\/Silva.jpg\"><img loading=\"lazy\" decoding=\"async\" class=\"alignnone size-medium wp-image-10245\" src=\"http:\/\/www.lospoliticosveracruz.com.mx\/wp-content\/uploads\/2014\/07\/Silva-300x150.jpg\" alt=\"Silva\" width=\"300\" height=\"150\" \/><\/a><\/p>\n<p><strong>Armando Ortiz<\/strong><\/p>\n<p><em>El Hijo Pr\u00f3digo<\/em><\/p>\n<p>Los que percibieron un acercamiento del senador H\u00e9ctor Yunes con el gobernador Javier Duarte no pensaron en una proximidad institucional. Resulta l\u00f3gico, uno es senador de la Rep\u00fablica, el otro es el gobernador del estado. Fueron varias las plumas y varios los amigos cercanos a H\u00e9ctor quienes le advirtieron que el gobernador no era de fiar, que de Fidel Herrera hab\u00eda aprendido a asestar estocadas en la espalda. Pero H\u00e9ctor no lo quer\u00eda creer, continu\u00f3 acompa\u00f1ando y haci\u00e9ndose acompa\u00f1ar del gobernador y de los exfuncionarios que en ese momento buscaban el fuero que les da una diputaci\u00f3n federal. Ah\u00ed est\u00e1 la foto del senador con Alberto Silva en su campa\u00f1a; ah\u00ed est\u00e1 con Tarek Abdal\u00e1 (por cierto a un lado del hijo de Fidel Herrera); ah\u00ed est\u00e1 con Adolfo Mota. Los acompa\u00f1\u00f3 y aport\u00f3 parte de su gran capital pol\u00edtico para que ganaran y ganaron.<br \/>\nSin embargo ese acercamiento tuvo un costo en la percepci\u00f3n de los veracruzanos que dieron por sentado que H\u00e9ctor ya ten\u00eda un pacto de impunidad con Duarte. El discurso del senador se hizo m\u00e1s mesurado, segu\u00eda siendo cr\u00edtico pero con prudencia. No podemos especular al respecto, pero de unas cuantas semanas para ac\u00e1 algo se rompi\u00f3. H\u00e9ctor empez\u00f3 a endurecer el discurso y a prestar o\u00eddo al clamor de miles de veracruzanos: \u201cC\u00e1rcel para los que llevaron a Veracruz a un desastre financiero\u201d. H\u00e9ctor volvi\u00f3 a hacer eco de ese clamor y habl\u00f3 de pescar peces gordos, de encarcelar a los que defraudaron las finanzas p\u00fablicas del estado.<br \/>\nLa respuesta de Javier Duarte ya la conocemos. Desenterr\u00f3 el hacha de la paz y surti\u00f3 parejo a los tres Yunes. Despu\u00e9s de recibir el simb\u00f3lico regalo, el senador H\u00e9ctor Yunes, sentado y con la ca\u00f1a de pescar en mano, sinti\u00f3 el calor del fr\u00edo pu\u00f1al en la espalda; atr\u00e1s de \u00e9l Juan Callejas padre, Juan Callejas hijo, Alfredo Ferrari, Corintia Cruz, \u00c9rika Ayala, \u00c9rick Lagos, Vicente Ben\u00edtez, Alfredo Ferrari y m\u00e1s l\u00edderes y funcionarios pr\u00f3speros estaban cagados de la risa, contemplando la herida del senador en su espalda. \u00a1Guarde esa foto senador!<br \/>\nPero H\u00e9ctor no necesit\u00f3 tirar la ca\u00f1a para atrapar un pez. Dicen que el pez por la boca muere, y sin darse cuenta el gobernador conden\u00f3 a su estirpe pol\u00edtica. Javier Duarte recomend\u00f3 a H\u00e9ctor Yunes que se pusiera a pescar por el Estero, le dijo que ah\u00ed iba a encontrar peces gordos \u201cque son peores todav\u00eda\u201d que sus correligionarios. Es decir, el gobernador mismo reconoce que los funcionarios que saquearon el estado, no tienen calidad de inocentes ni de buenos. Duarte no dijo son mejores, lo que colocar\u00eda a esos funcionarios pr\u00f3speros en una balanza positiva; Duarte dijo son peores, lo que los coloca en la canasta de las frutas podridas. El gobernador sabe la clase de frutos que dio el \u00e1rbol de su gobierno; ya lo dice la m\u00e1xima b\u00edblica: \u201cUn \u00e1rbol podrido no puede producir frutos excelentes\u201d.<br \/>\nEn Veracruz se dio una escisi\u00f3n enorme entre el gobernador y sus senadores. Queda poco m\u00e1s de un a\u00f1o para que este sexenio concluya. Dicen por ah\u00ed que a r\u00edo revuelto ganancia de pescadores. Al d\u00eda siguiente del regalo, en algunos medios oficialistas, apareci\u00f3 la foto de Alberto Silva junto con la de Pepe Yunes y H\u00e9ctor Yunes. \u201cLa terna oficial para la sucesi\u00f3n de 2016\u201d, anotaban esos medios a ocho columnas.<br \/>\nAhora resulta que Silva puede ser ese pescador que obtenga ganancias en este r\u00edo revuelto. Pues siendo tan buen pescador, \u00bfno habr\u00e1 sido \u00e9l, el de la ocurrencia de la ca\u00f1a de pescar? Ese tipo de cosas son las que pasan por su mente.<\/p>\n<p>Armando Ortiz aortiz52@hotmail.com<\/p>\n","protected":false},"excerpt":{"rendered":"<p>Armando Ortiz El Hijo Pr\u00f3digo Los que percibieron un acercamiento del senador H\u00e9ctor Yunes con el gobernador Javier Duarte no pensaron en una proximidad institucional. Resulta l\u00f3gico, uno es senador de la Rep\u00fablica, el otro es el gobernador del estado. Fueron varias las plumas y varios los amigos cercanos a H\u00e9ctor quienes le advirtieron que [&hellip;]<\/p>\n","protected":false},"author":2,"featured_media":0,"comment_status":"open","ping_status":"open","sticky":false,"template":"","format":"standard","meta":{"tdm_status":"","tdm_grid_status":"","footnotes":""},"categories":[70],"tags":[410,348,260],"class_list":{"0":"post-18024","1":"post","2":"type-post","3":"status-publish","4":"format-standard","6":"category-de-opinion","7":"tag-fidel-herrera-beltran","8":"tag-hector-yunes-landa","9":"tag-javier-duarte-de-ochoa"},"yoast_head":"<!-- This site is optimized with the Yoast SEO plugin v27.4 - https:\/\/yoast.com\/product\/yoast-seo-wordpress\/ -->\n<title>Ganancia de pescadores... - Los pol\u00edticos Veracruz<\/title>\n<meta name=\"robots\" content=\"index, follow, max-snippet:-1, max-image-preview:large, max-video-preview:-1\" \/>\n<link rel=\"canonical\" href=\"https:\/\/lospoliticosveracruz.com\/?p=18024\" \/>\n<meta property=\"og:locale\" content=\"es_ES\" \/>\n<meta property=\"og:type\" content=\"article\" \/>\n<meta property=\"og:title\" content=\"Ganancia de pescadores... - Los pol\u00edticos Veracruz\" \/>\n<meta property=\"og:description\" content=\"Armando Ortiz El Hijo Pr\u00f3digo Los que percibieron un acercamiento del senador H\u00e9ctor Yunes con el gobernador Javier Duarte no pensaron en una proximidad institucional. Resulta l\u00f3gico, uno es senador de la Rep\u00fablica, el otro es el gobernador del estado. Fueron varias las plumas y varios los amigos cercanos a H\u00e9ctor quienes le advirtieron que [&hellip;]\" \/>\n<meta property=\"og:url\" content=\"https:\/\/lospoliticosveracruz.com\/?p=18024\" \/>\n<meta property=\"og:site_name\" content=\"Los pol\u00edticos Veracruz\" \/>\n<meta property=\"article:publisher\" content=\"https:\/\/www.facebook.com\/people\/Notimemes-de-los-Polticos\/61565672886568\/\" \/>\n<meta property=\"article:published_time\" content=\"2015-09-29T14:12:58+00:00\" \/>\n<meta property=\"article:modified_time\" content=\"2015-09-29T14:12:59+00:00\" \/>\n<meta property=\"og:image\" content=\"http:\/\/www.lospoliticosveracruz.com.mx\/wp-content\/uploads\/2014\/07\/Silva-300x150.jpg\" \/>\n<meta name=\"author\" content=\"Lo viste en Los Pol\u00edticos\" \/>\n<meta name=\"twitter:card\" content=\"summary_large_image\" \/>\n<meta name=\"twitter:creator\" content=\"@LosPoliticosVer\" \/>\n<meta name=\"twitter:site\" content=\"@LosPoliticosVer\" \/>\n<meta name=\"twitter:label1\" content=\"Escrito por\" \/>\n\t<meta name=\"twitter:data1\" content=\"Lo viste en Los Pol\u00edticos\" \/>\n\t<meta name=\"twitter:label2\" content=\"Tiempo de lectura\" \/>\n\t<meta name=\"twitter:data2\" content=\"3 minutos\" \/>\n<script type=\"application\/ld+json\" class=\"yoast-schema-graph\">{\"@context\":\"https:\\\/\\\/schema.org\",\"@graph\":[{\"@type\":\"Article\",\"@id\":\"https:\\\/\\\/lospoliticosveracruz.com\\\/?p=18024#article\",\"isPartOf\":{\"@id\":\"https:\\\/\\\/lospoliticosveracruz.com\\\/?p=18024\"},\"author\":{\"name\":\"Lo viste en Los Pol\u00edticos\",\"@id\":\"https:\\\/\\\/lospoliticosveracruz.com\\\/#\\\/schema\\\/person\\\/b8702bb0e538456e6efd07080bf2a4a2\"},\"headline\":\"Ganancia de pescadores&#8230;\",\"datePublished\":\"2015-09-29T14:12:58+00:00\",\"dateModified\":\"2015-09-29T14:12:59+00:00\",\"mainEntityOfPage\":{\"@id\":\"https:\\\/\\\/lospoliticosveracruz.com\\\/?p=18024\"},\"wordCount\":668,\"commentCount\":0,\"publisher\":{\"@id\":\"https:\\\/\\\/lospoliticosveracruz.com\\\/#organization\"},\"image\":{\"@id\":\"https:\\\/\\\/lospoliticosveracruz.com\\\/?p=18024#primaryimage\"},\"thumbnailUrl\":\"http:\\\/\\\/www.lospoliticosveracruz.com.mx\\\/wp-content\\\/uploads\\\/2014\\\/07\\\/Silva-300x150.jpg\",\"keywords\":[\"Fidel Herrera Beltr\u00e1n\",\"H\u00e9ctor Yunes Landa\",\"Javier Duarte de Ochoa\"],\"articleSection\":[\"De Opini\u00f3n\"],\"inLanguage\":\"es\",\"potentialAction\":[{\"@type\":\"CommentAction\",\"name\":\"Comment\",\"target\":[\"https:\\\/\\\/lospoliticosveracruz.com\\\/?p=18024#respond\"]}]},{\"@type\":\"WebPage\",\"@id\":\"https:\\\/\\\/lospoliticosveracruz.com\\\/?p=18024\",\"url\":\"https:\\\/\\\/lospoliticosveracruz.com\\\/?p=18024\",\"name\":\"Ganancia de pescadores... - Los pol\u00edticos Veracruz\",\"isPartOf\":{\"@id\":\"https:\\\/\\\/lospoliticosveracruz.com\\\/#website\"},\"primaryImageOfPage\":{\"@id\":\"https:\\\/\\\/lospoliticosveracruz.com\\\/?p=18024#primaryimage\"},\"image\":{\"@id\":\"https:\\\/\\\/lospoliticosveracruz.com\\\/?p=18024#primaryimage\"},\"thumbnailUrl\":\"http:\\\/\\\/www.lospoliticosveracruz.com.mx\\\/wp-content\\\/uploads\\\/2014\\\/07\\\/Silva-300x150.jpg\",\"datePublished\":\"2015-09-29T14:12:58+00:00\",\"dateModified\":\"2015-09-29T14:12:59+00:00\",\"breadcrumb\":{\"@id\":\"https:\\\/\\\/lospoliticosveracruz.com\\\/?p=18024#breadcrumb\"},\"inLanguage\":\"es\",\"potentialAction\":[{\"@type\":\"ReadAction\",\"target\":[\"https:\\\/\\\/lospoliticosveracruz.com\\\/?p=18024\"]}]},{\"@type\":\"ImageObject\",\"inLanguage\":\"es\",\"@id\":\"https:\\\/\\\/lospoliticosveracruz.com\\\/?p=18024#primaryimage\",\"url\":\"http:\\\/\\\/www.lospoliticosveracruz.com.mx\\\/wp-content\\\/uploads\\\/2014\\\/07\\\/Silva-300x150.jpg\",\"contentUrl\":\"http:\\\/\\\/www.lospoliticosveracruz.com.mx\\\/wp-content\\\/uploads\\\/2014\\\/07\\\/Silva-300x150.jpg\"},{\"@type\":\"BreadcrumbList\",\"@id\":\"https:\\\/\\\/lospoliticosveracruz.com\\\/?p=18024#breadcrumb\",\"itemListElement\":[{\"@type\":\"ListItem\",\"position\":1,\"name\":\"Portada\",\"item\":\"https:\\\/\\\/lospoliticosveracruz.com\\\/\"},{\"@type\":\"ListItem\",\"position\":2,\"name\":\"Ganancia de pescadores&#8230;\"}]},{\"@type\":\"WebSite\",\"@id\":\"https:\\\/\\\/lospoliticosveracruz.com\\\/#website\",\"url\":\"https:\\\/\\\/lospoliticosveracruz.com\\\/\",\"name\":\"Los pol\u00edticos Veracruz\",\"description\":\"\",\"publisher\":{\"@id\":\"https:\\\/\\\/lospoliticosveracruz.com\\\/#organization\"},\"potentialAction\":[{\"@type\":\"SearchAction\",\"target\":{\"@type\":\"EntryPoint\",\"urlTemplate\":\"https:\\\/\\\/lospoliticosveracruz.com\\\/?s={search_term_string}\"},\"query-input\":{\"@type\":\"PropertyValueSpecification\",\"valueRequired\":true,\"valueName\":\"search_term_string\"}}],\"inLanguage\":\"es\"},{\"@type\":\"Organization\",\"@id\":\"https:\\\/\\\/lospoliticosveracruz.com\\\/#organization\",\"name\":\"Los pol\u00edticos Veracruz\",\"url\":\"https:\\\/\\\/lospoliticosveracruz.com\\\/\",\"logo\":{\"@type\":\"ImageObject\",\"inLanguage\":\"es\",\"@id\":\"https:\\\/\\\/lospoliticosveracruz.com\\\/#\\\/schema\\\/logo\\\/image\\\/\",\"url\":\"https:\\\/\\\/lospoliticosveracruz.com\\\/wp-content\\\/uploads\\\/2025\\\/12\\\/Logo-Nuevo-LOS-POLITICOS-1.jpg\",\"contentUrl\":\"https:\\\/\\\/lospoliticosveracruz.com\\\/wp-content\\\/uploads\\\/2025\\\/12\\\/Logo-Nuevo-LOS-POLITICOS-1.jpg\",\"width\":260,\"height\":70,\"caption\":\"Los pol\u00edticos Veracruz\"},\"image\":{\"@id\":\"https:\\\/\\\/lospoliticosveracruz.com\\\/#\\\/schema\\\/logo\\\/image\\\/\"},\"sameAs\":[\"https:\\\/\\\/www.facebook.com\\\/people\\\/Notimemes-de-los-Polticos\\\/61565672886568\\\/\",\"https:\\\/\\\/x.com\\\/LosPoliticosVer\"]},{\"@type\":\"Person\",\"@id\":\"https:\\\/\\\/lospoliticosveracruz.com\\\/#\\\/schema\\\/person\\\/b8702bb0e538456e6efd07080bf2a4a2\",\"name\":\"Lo viste en Los Pol\u00edticos\",\"image\":{\"@type\":\"ImageObject\",\"inLanguage\":\"es\",\"@id\":\"https:\\\/\\\/secure.gravatar.com\\\/avatar\\\/3a8de04a2656d44082be478bd6c086daa447c4651605818287b9532d3d0bd435?s=96&d=mm&r=g\",\"url\":\"https:\\\/\\\/secure.gravatar.com\\\/avatar\\\/3a8de04a2656d44082be478bd6c086daa447c4651605818287b9532d3d0bd435?s=96&d=mm&r=g\",\"contentUrl\":\"https:\\\/\\\/secure.gravatar.com\\\/avatar\\\/3a8de04a2656d44082be478bd6c086daa447c4651605818287b9532d3d0bd435?s=96&d=mm&r=g\",\"caption\":\"Lo viste en Los Pol\u00edticos\"},\"url\":\"https:\\\/\\\/lospoliticosveracruz.com\\\/?author=2\"}]}<\/script>\n<!-- \/ Yoast SEO plugin. -->","yoast_head_json":{"title":"Ganancia de pescadores... - Los pol\u00edticos Veracruz","robots":{"index":"index","follow":"follow","max-snippet":"max-snippet:-1","max-image-preview":"max-image-preview:large","max-video-preview":"max-video-preview:-1"},"canonical":"https:\/\/lospoliticosveracruz.com\/?p=18024","og_locale":"es_ES","og_type":"article","og_title":"Ganancia de pescadores... - Los pol\u00edticos Veracruz","og_description":"Armando Ortiz El Hijo Pr\u00f3digo Los que percibieron un acercamiento del senador H\u00e9ctor Yunes con el gobernador Javier Duarte no pensaron en una proximidad institucional. Resulta l\u00f3gico, uno es senador de la Rep\u00fablica, el otro es el gobernador del estado. Fueron varias las plumas y varios los amigos cercanos a H\u00e9ctor quienes le advirtieron que [&hellip;]","og_url":"https:\/\/lospoliticosveracruz.com\/?p=18024","og_site_name":"Los pol\u00edticos Veracruz","article_publisher":"https:\/\/www.facebook.com\/people\/Notimemes-de-los-Polticos\/61565672886568\/","article_published_time":"2015-09-29T14:12:58+00:00","article_modified_time":"2015-09-29T14:12:59+00:00","og_image":[{"url":"http:\/\/www.lospoliticosveracruz.com.mx\/wp-content\/uploads\/2014\/07\/Silva-300x150.jpg","type":"","width":"","height":""}],"author":"Lo viste en Los Pol\u00edticos","twitter_card":"summary_large_image","twitter_creator":"@LosPoliticosVer","twitter_site":"@LosPoliticosVer","twitter_misc":{"Escrito por":"Lo viste en Los Pol\u00edticos","Tiempo de lectura":"3 minutos"},"schema":{"@context":"https:\/\/schema.org","@graph":[{"@type":"Article","@id":"https:\/\/lospoliticosveracruz.com\/?p=18024#article","isPartOf":{"@id":"https:\/\/lospoliticosveracruz.com\/?p=18024"},"author":{"name":"Lo viste en Los Pol\u00edticos","@id":"https:\/\/lospoliticosveracruz.com\/#\/schema\/person\/b8702bb0e538456e6efd07080bf2a4a2"},"headline":"Ganancia de pescadores&#8230;","datePublished":"2015-09-29T14:12:58+00:00","dateModified":"2015-09-29T14:12:59+00:00","mainEntityOfPage":{"@id":"https:\/\/lospoliticosveracruz.com\/?p=18024"},"wordCount":668,"commentCount":0,"publisher":{"@id":"https:\/\/lospoliticosveracruz.com\/#organization"},"image":{"@id":"https:\/\/lospoliticosveracruz.com\/?p=18024#primaryimage"},"thumbnailUrl":"http:\/\/www.lospoliticosveracruz.com.mx\/wp-content\/uploads\/2014\/07\/Silva-300x150.jpg","keywords":["Fidel Herrera Beltr\u00e1n","H\u00e9ctor Yunes Landa","Javier Duarte de Ochoa"],"articleSection":["De Opini\u00f3n"],"inLanguage":"es","potentialAction":[{"@type":"CommentAction","name":"Comment","target":["https:\/\/lospoliticosveracruz.com\/?p=18024#respond"]}]},{"@type":"WebPage","@id":"https:\/\/lospoliticosveracruz.com\/?p=18024","url":"https:\/\/lospoliticosveracruz.com\/?p=18024","name":"Ganancia de pescadores... - Los pol\u00edticos Veracruz","isPartOf":{"@id":"https:\/\/lospoliticosveracruz.com\/#website"},"primaryImageOfPage":{"@id":"https:\/\/lospoliticosveracruz.com\/?p=18024#primaryimage"},"image":{"@id":"https:\/\/lospoliticosveracruz.com\/?p=18024#primaryimage"},"thumbnailUrl":"http:\/\/www.lospoliticosveracruz.com.mx\/wp-content\/uploads\/2014\/07\/Silva-300x150.jpg","datePublished":"2015-09-29T14:12:58+00:00","dateModified":"2015-09-29T14:12:59+00:00","breadcrumb":{"@id":"https:\/\/lospoliticosveracruz.com\/?p=18024#breadcrumb"},"inLanguage":"es","potentialAction":[{"@type":"ReadAction","target":["https:\/\/lospoliticosveracruz.com\/?p=18024"]}]},{"@type":"ImageObject","inLanguage":"es","@id":"https:\/\/lospoliticosveracruz.com\/?p=18024#primaryimage","url":"http:\/\/www.lospoliticosveracruz.com.mx\/wp-content\/uploads\/2014\/07\/Silva-300x150.jpg","contentUrl":"http:\/\/www.lospoliticosveracruz.com.mx\/wp-content\/uploads\/2014\/07\/Silva-300x150.jpg"},{"@type":"BreadcrumbList","@id":"https:\/\/lospoliticosveracruz.com\/?p=18024#breadcrumb","itemListElement":[{"@type":"ListItem","position":1,"name":"Portada","item":"https:\/\/lospoliticosveracruz.com\/"},{"@type":"ListItem","position":2,"name":"Ganancia de pescadores&#8230;"}]},{"@type":"WebSite","@id":"https:\/\/lospoliticosveracruz.com\/#website","url":"https:\/\/lospoliticosveracruz.com\/","name":"Los pol\u00edticos Veracruz","description":"","publisher":{"@id":"https:\/\/lospoliticosveracruz.com\/#organization"},"potentialAction":[{"@type":"SearchAction","target":{"@type":"EntryPoint","urlTemplate":"https:\/\/lospoliticosveracruz.com\/?s={search_term_string}"},"query-input":{"@type":"PropertyValueSpecification","valueRequired":true,"valueName":"search_term_string"}}],"inLanguage":"es"},{"@type":"Organization","@id":"https:\/\/lospoliticosveracruz.com\/#organization","name":"Los pol\u00edticos Veracruz","url":"https:\/\/lospoliticosveracruz.com\/","logo":{"@type":"ImageObject","inLanguage":"es","@id":"https:\/\/lospoliticosveracruz.com\/#\/schema\/logo\/image\/","url":"https:\/\/lospoliticosveracruz.com\/wp-content\/uploads\/2025\/12\/Logo-Nuevo-LOS-POLITICOS-1.jpg","contentUrl":"https:\/\/lospoliticosveracruz.com\/wp-content\/uploads\/2025\/12\/Logo-Nuevo-LOS-POLITICOS-1.jpg","width":260,"height":70,"caption":"Los pol\u00edticos Veracruz"},"image":{"@id":"https:\/\/lospoliticosveracruz.com\/#\/schema\/logo\/image\/"},"sameAs":["https:\/\/www.facebook.com\/people\/Notimemes-de-los-Polticos\/61565672886568\/","https:\/\/x.com\/LosPoliticosVer"]},{"@type":"Person","@id":"https:\/\/lospoliticosveracruz.com\/#\/schema\/person\/b8702bb0e538456e6efd07080bf2a4a2","name":"Lo viste en Los Pol\u00edticos","image":{"@type":"ImageObject","inLanguage":"es","@id":"https:\/\/secure.gravatar.com\/avatar\/3a8de04a2656d44082be478bd6c086daa447c4651605818287b9532d3d0bd435?s=96&d=mm&r=g","url":"https:\/\/secure.gravatar.com\/avatar\/3a8de04a2656d44082be478bd6c086daa447c4651605818287b9532d3d0bd435?s=96&d=mm&r=g","contentUrl":"https:\/\/secure.gravatar.com\/avatar\/3a8de04a2656d44082be478bd6c086daa447c4651605818287b9532d3d0bd435?s=96&d=mm&r=g","caption":"Lo viste en Los Pol\u00edticos"},"url":"https:\/\/lospoliticosveracruz.com\/?author=2"}]}},"_links":{"self":[{"href":"https:\/\/lospoliticosveracruz.com\/index.php?rest_route=\/wp\/v2\/posts\/18024","targetHints":{"allow":["GET"]}}],"collection":[{"href":"https:\/\/lospoliticosveracruz.com\/index.php?rest_route=\/wp\/v2\/posts"}],"about":[{"href":"https:\/\/lospoliticosveracruz.com\/index.php?rest_route=\/wp\/v2\/types\/post"}],"author":[{"embeddable":true,"href":"https:\/\/lospoliticosveracruz.com\/index.php?rest_route=\/wp\/v2\/users\/2"}],"replies":[{"embeddable":true,"href":"https:\/\/lospoliticosveracruz.com\/index.php?rest_route=%2Fwp%2Fv2%2Fcomments&post=18024"}],"version-history":[{"count":1,"href":"https:\/\/lospoliticosveracruz.com\/index.php?rest_route=\/wp\/v2\/posts\/18024\/revisions"}],"predecessor-version":[{"id":18025,"href":"https:\/\/lospoliticosveracruz.com\/index.php?rest_route=\/wp\/v2\/posts\/18024\/revisions\/18025"}],"wp:attachment":[{"href":"https:\/\/lospoliticosveracruz.com\/index.php?rest_route=%2Fwp%2Fv2%2Fmedia&parent=18024"}],"wp:term":[{"taxonomy":"category","embeddable":true,"href":"https:\/\/lospoliticosveracruz.com\/index.php?rest_route=%2Fwp%2Fv2%2Fcategories&post=18024"},{"taxonomy":"post_tag","embeddable":true,"href":"https:\/\/lospoliticosveracruz.com\/index.php?rest_route=%2Fwp%2Fv2%2Ftags&post=18024"}],"curies":[{"name":"wp","href":"https:\/\/api.w.org\/{rel}","templated":true}]}}