{"id":18117,"date":"2015-10-05T09:23:42","date_gmt":"2015-10-05T14:23:42","guid":{"rendered":"http:\/\/www.lospoliticosveracruz.com.mx\/?p=18117"},"modified":"2015-10-05T09:23:42","modified_gmt":"2015-10-05T14:23:42","slug":"el-narco-resolvio-secuestro-y-homicidio-de-tamaulipecos","status":"publish","type":"post","link":"https:\/\/lospoliticosveracruz.com\/?p=18117","title":{"rendered":"\u00bfEL NARCO RESOLVI\u00d3 SECUESTRO Y HOMICIDIO DE TAMAULIPECOS?"},"content":{"rendered":"<p><a href=\"http:\/\/www.lospoliticosveracruz.com.mx\/wp-content\/uploads\/2015\/10\/monteverde.jpg\"><img loading=\"lazy\" decoding=\"async\" class=\"alignnone size-medium wp-image-18118\" src=\"http:\/\/www.lospoliticosveracruz.com.mx\/wp-content\/uploads\/2015\/10\/monteverde-300x217.jpg\" alt=\"monteverde\" width=\"300\" height=\"217\" \/><\/a><\/p>\n<p><strong>Pablo Jair Ortega<\/strong><\/p>\n<p><em>Columna Sin Nombre<\/em><\/p>\n<p>&nbsp;<\/p>\n<p>&nbsp;<\/p>\n<p>El 4 de septiembre fueron secuestrados al salir de su domicilio los se\u00f1ores Juan Manuel G\u00f3mez Fern\u00e1ndez y Juan Manuel G\u00f3mez Monteverde, padre y hermano del reconocido cineasta Alejandro G\u00f3mez Monteverde; pero la noticia que m\u00e1s conmocion\u00f3 fue que sus cuerpos fueron encontrados hasta el s\u00e1bado 19 del mismo mes&#8230; sin vida y con se\u00f1ales de tortura<\/p>\n<p>Ambos cuerpos fueron hallados en el ejido El Chachalaco, del municipio de Pueblo Viejo, en el norte de Veracruz, zona fronteriza con el estado de Tamaulipas. Desde ah\u00ed inici\u00f3 una pol\u00e9mica por el asunto de la jurisdicci\u00f3n y qui\u00e9n investigar\u00eda el asesinato: si la Procuradur\u00eda General de Justicia de Tamaulipas o la Fiscal\u00eda General del Estado de Veracruz.<\/p>\n<p>La primera, argumentando que los homicidios habr\u00edan ocurrido en suelo veracruzano y por lo tanto le tocaba a la dependencia que encabeza Luis \u00c1ngel Bravo Contreras; por otra parte, \u00e9ste argumentaba que era trabajo para la Procuradur\u00eda de Tamaulipas y que Veracruz estaba a la disposici\u00f3n de cooperar con las investigaciones.<\/p>\n<p>Pero entre estos dimes y diretes de ambas entidades, la realidad es que no se ha resuelto de manera oficial qui\u00e9nes son los responsables de los secuestros y asesinatos de los empresarios tamaulipecos que causaron tanta conmoci\u00f3n.<\/p>\n<p>Y es que el asunto no pudo haber llegado en peor momento para la entidad jarocha: con una campa\u00f1a en contra a nivel nacional por la escalada de violencia (magnificada a su vez por adversarios pol\u00edticos del Gobierno de Veracruz), el asesinato de los tamaulipecos fue utilizado por pol\u00edticos y l\u00edderes de opini\u00f3n de ese estado para culpar a Veracruz de todos los males que ocurren en la zona sur de Tamaulipas, como si la regi\u00f3n de Tampico, Ciudad Madero y Altamira estuviera exenta y libre de la presencia del crimen organizado.<\/p>\n<p>CDG HIZO \u201cJUSTICIA\u201d<\/p>\n<p>Mientras las declaraciones de portavoces tamaulipecos buscaban insistentemente en echar la culpa de la violencia regional a Veracruz y los gobiernos de ambas entidades buscan deslindarse del asunto, fue un c\u00e1rtel el que \u201cresolvi\u00f3\u201d el crimen de Juan Manuel G\u00f3mez Fern\u00e1ndez y Juan Manuel G\u00f3mez Monteverde, donde nada tuvo que ver Veracruz, y que el presunto culpable se tratar\u00eda de un delincuente que operaba en la zona de Tampico-Madero.<\/p>\n<p>Un mensaje en redes sociales, enviado presuntamente por el C\u00e1rtel del Golfo Plaza Tampico, muestra la foto de una persona muerta con una cartulina. El mensaje dice (y se transcribe textual): \u201cel cartel del golfo plaza tampico&#8230; se los adverti esta plaza se respeta a la ciudadania y estan prohibido los secuestros y extorsiones aqui esta el perro secuestrador que no acato mis ordenes el famoso ESCORPION responsable del secuestro de los empresarios y el hijo de la panista CARMEN VOLADO aqui no se permiten los secuestros ni las extorsiones una prueba que las ordenes y las reglas se respetan sea quien sea caiga quien caiga no hay cavidad para los secuestradores ni extorsionadores ATTE Cartel del Golfo plaza tampico\u201d.<\/p>\n<p>El cuerpo apareci\u00f3 la madrugada del lunes 28 de septiembre, cerca de un antro conocido como \u201cViento Rodeo\u201d, en Ciudad Madero, Tamaulipas, y fue identificado como L\u00e1zaro Mart\u00ednez Rodr\u00edguez (a) \u201cEscorpi\u00f3n\u201d. De acuerdo a fuentes extraoficiales, los empresarios a los que se refiere el mensaje son Juan Manuel G\u00f3mez Fern\u00e1ndez y Juan Manuel G\u00f3mez Monteverde.<\/p>\n<p>&nbsp;<\/p>\n<p>www.enlaceveracruz212.com.mx<br \/>\npablojairortegadiaz@gmail.com<\/p>\n","protected":false},"excerpt":{"rendered":"<p>Pablo Jair Ortega Columna Sin Nombre &nbsp; &nbsp; El 4 de septiembre fueron secuestrados al salir de su domicilio los se\u00f1ores Juan Manuel G\u00f3mez Fern\u00e1ndez y Juan Manuel G\u00f3mez Monteverde, padre y hermano del reconocido cineasta Alejandro G\u00f3mez Monteverde; pero la noticia que m\u00e1s conmocion\u00f3 fue que sus cuerpos fueron encontrados hasta el s\u00e1bado 19 [&hellip;]<\/p>\n","protected":false},"author":2,"featured_media":0,"comment_status":"open","ping_status":"open","sticky":false,"template":"","format":"standard","meta":{"tdm_status":"","tdm_grid_status":"","footnotes":""},"categories":[70],"tags":[3566,3492,3493,3567,2430,380,195],"class_list":{"0":"post-18117","1":"post","2":"type-post","3":"status-publish","4":"format-standard","6":"category-de-opinion","7":"tag-carteles","8":"tag-juan-manuel-gomez-fernandez","9":"tag-juan-manuel-gomez-monteverde","10":"tag-lazaro-martinez-rodriguez-escorpion","11":"tag-narco","12":"tag-tamaulipas","13":"tag-veracruz"},"yoast_head":"<!-- This site is optimized with the Yoast SEO plugin v27.4 - https:\/\/yoast.com\/product\/yoast-seo-wordpress\/ -->\n<title>\u00bfEL NARCO RESOLVI\u00d3 SECUESTRO Y HOMICIDIO DE TAMAULIPECOS? - Los pol\u00edticos Veracruz<\/title>\n<meta name=\"robots\" content=\"index, follow, max-snippet:-1, max-image-preview:large, max-video-preview:-1\" \/>\n<link rel=\"canonical\" href=\"https:\/\/lospoliticosveracruz.com\/?p=18117\" \/>\n<meta property=\"og:locale\" content=\"es_ES\" \/>\n<meta property=\"og:type\" content=\"article\" \/>\n<meta property=\"og:title\" content=\"\u00bfEL NARCO RESOLVI\u00d3 SECUESTRO Y HOMICIDIO DE TAMAULIPECOS? - Los pol\u00edticos Veracruz\" \/>\n<meta property=\"og:description\" content=\"Pablo Jair Ortega Columna Sin Nombre &nbsp; &nbsp; El 4 de septiembre fueron secuestrados al salir de su domicilio los se\u00f1ores Juan Manuel G\u00f3mez Fern\u00e1ndez y Juan Manuel G\u00f3mez Monteverde, padre y hermano del reconocido cineasta Alejandro G\u00f3mez Monteverde; pero la noticia que m\u00e1s conmocion\u00f3 fue que sus cuerpos fueron encontrados hasta el s\u00e1bado 19 [&hellip;]\" \/>\n<meta property=\"og:url\" content=\"https:\/\/lospoliticosveracruz.com\/?p=18117\" \/>\n<meta property=\"og:site_name\" content=\"Los pol\u00edticos Veracruz\" \/>\n<meta property=\"article:publisher\" content=\"https:\/\/www.facebook.com\/people\/Notimemes-de-los-Polticos\/61565672886568\/\" \/>\n<meta property=\"article:published_time\" content=\"2015-10-05T14:23:42+00:00\" \/>\n<meta property=\"og:image\" content=\"http:\/\/www.lospoliticosveracruz.com.mx\/wp-content\/uploads\/2015\/10\/monteverde-300x217.jpg\" \/>\n<meta name=\"author\" content=\"Lo viste en Los Pol\u00edticos\" \/>\n<meta name=\"twitter:card\" content=\"summary_large_image\" \/>\n<meta name=\"twitter:creator\" content=\"@LosPoliticosVer\" \/>\n<meta name=\"twitter:site\" content=\"@LosPoliticosVer\" \/>\n<meta name=\"twitter:label1\" content=\"Escrito por\" \/>\n\t<meta name=\"twitter:data1\" content=\"Lo viste en Los Pol\u00edticos\" \/>\n\t<meta name=\"twitter:label2\" content=\"Tiempo de lectura\" \/>\n\t<meta name=\"twitter:data2\" content=\"3 minutos\" \/>\n<script type=\"application\/ld+json\" class=\"yoast-schema-graph\">{\"@context\":\"https:\\\/\\\/schema.org\",\"@graph\":[{\"@type\":\"Article\",\"@id\":\"https:\\\/\\\/lospoliticosveracruz.com\\\/?p=18117#article\",\"isPartOf\":{\"@id\":\"https:\\\/\\\/lospoliticosveracruz.com\\\/?p=18117\"},\"author\":{\"name\":\"Lo viste en Los Pol\u00edticos\",\"@id\":\"https:\\\/\\\/lospoliticosveracruz.com\\\/#\\\/schema\\\/person\\\/b8702bb0e538456e6efd07080bf2a4a2\"},\"headline\":\"\u00bfEL NARCO RESOLVI\u00d3 SECUESTRO Y HOMICIDIO DE TAMAULIPECOS?\",\"datePublished\":\"2015-10-05T14:23:42+00:00\",\"mainEntityOfPage\":{\"@id\":\"https:\\\/\\\/lospoliticosveracruz.com\\\/?p=18117\"},\"wordCount\":601,\"commentCount\":0,\"publisher\":{\"@id\":\"https:\\\/\\\/lospoliticosveracruz.com\\\/#organization\"},\"image\":{\"@id\":\"https:\\\/\\\/lospoliticosveracruz.com\\\/?p=18117#primaryimage\"},\"thumbnailUrl\":\"http:\\\/\\\/www.lospoliticosveracruz.com.mx\\\/wp-content\\\/uploads\\\/2015\\\/10\\\/monteverde-300x217.jpg\",\"keywords\":[\"Carteles\",\"Juan Manuel G\u00f3mez Fern\u00e1ndez\",\"Juan Manuel G\u00f3mez Monteverde\",\"L\u00e1zaro Mart\u00ednez Rodr\u00edguez Escorpi\u00f3n\",\"Narco\",\"Tamaulipas\",\"Veracruz\"],\"articleSection\":[\"De Opini\u00f3n\"],\"inLanguage\":\"es\",\"potentialAction\":[{\"@type\":\"CommentAction\",\"name\":\"Comment\",\"target\":[\"https:\\\/\\\/lospoliticosveracruz.com\\\/?p=18117#respond\"]}]},{\"@type\":\"WebPage\",\"@id\":\"https:\\\/\\\/lospoliticosveracruz.com\\\/?p=18117\",\"url\":\"https:\\\/\\\/lospoliticosveracruz.com\\\/?p=18117\",\"name\":\"\u00bfEL NARCO RESOLVI\u00d3 SECUESTRO Y HOMICIDIO DE TAMAULIPECOS? - Los pol\u00edticos Veracruz\",\"isPartOf\":{\"@id\":\"https:\\\/\\\/lospoliticosveracruz.com\\\/#website\"},\"primaryImageOfPage\":{\"@id\":\"https:\\\/\\\/lospoliticosveracruz.com\\\/?p=18117#primaryimage\"},\"image\":{\"@id\":\"https:\\\/\\\/lospoliticosveracruz.com\\\/?p=18117#primaryimage\"},\"thumbnailUrl\":\"http:\\\/\\\/www.lospoliticosveracruz.com.mx\\\/wp-content\\\/uploads\\\/2015\\\/10\\\/monteverde-300x217.jpg\",\"datePublished\":\"2015-10-05T14:23:42+00:00\",\"breadcrumb\":{\"@id\":\"https:\\\/\\\/lospoliticosveracruz.com\\\/?p=18117#breadcrumb\"},\"inLanguage\":\"es\",\"potentialAction\":[{\"@type\":\"ReadAction\",\"target\":[\"https:\\\/\\\/lospoliticosveracruz.com\\\/?p=18117\"]}]},{\"@type\":\"ImageObject\",\"inLanguage\":\"es\",\"@id\":\"https:\\\/\\\/lospoliticosveracruz.com\\\/?p=18117#primaryimage\",\"url\":\"http:\\\/\\\/www.lospoliticosveracruz.com.mx\\\/wp-content\\\/uploads\\\/2015\\\/10\\\/monteverde-300x217.jpg\",\"contentUrl\":\"http:\\\/\\\/www.lospoliticosveracruz.com.mx\\\/wp-content\\\/uploads\\\/2015\\\/10\\\/monteverde-300x217.jpg\"},{\"@type\":\"BreadcrumbList\",\"@id\":\"https:\\\/\\\/lospoliticosveracruz.com\\\/?p=18117#breadcrumb\",\"itemListElement\":[{\"@type\":\"ListItem\",\"position\":1,\"name\":\"Portada\",\"item\":\"https:\\\/\\\/lospoliticosveracruz.com\\\/\"},{\"@type\":\"ListItem\",\"position\":2,\"name\":\"\u00bfEL NARCO RESOLVI\u00d3 SECUESTRO Y HOMICIDIO DE TAMAULIPECOS?\"}]},{\"@type\":\"WebSite\",\"@id\":\"https:\\\/\\\/lospoliticosveracruz.com\\\/#website\",\"url\":\"https:\\\/\\\/lospoliticosveracruz.com\\\/\",\"name\":\"Los pol\u00edticos Veracruz\",\"description\":\"\",\"publisher\":{\"@id\":\"https:\\\/\\\/lospoliticosveracruz.com\\\/#organization\"},\"potentialAction\":[{\"@type\":\"SearchAction\",\"target\":{\"@type\":\"EntryPoint\",\"urlTemplate\":\"https:\\\/\\\/lospoliticosveracruz.com\\\/?s={search_term_string}\"},\"query-input\":{\"@type\":\"PropertyValueSpecification\",\"valueRequired\":true,\"valueName\":\"search_term_string\"}}],\"inLanguage\":\"es\"},{\"@type\":\"Organization\",\"@id\":\"https:\\\/\\\/lospoliticosveracruz.com\\\/#organization\",\"name\":\"Los pol\u00edticos Veracruz\",\"url\":\"https:\\\/\\\/lospoliticosveracruz.com\\\/\",\"logo\":{\"@type\":\"ImageObject\",\"inLanguage\":\"es\",\"@id\":\"https:\\\/\\\/lospoliticosveracruz.com\\\/#\\\/schema\\\/logo\\\/image\\\/\",\"url\":\"https:\\\/\\\/lospoliticosveracruz.com\\\/wp-content\\\/uploads\\\/2025\\\/12\\\/Logo-Nuevo-LOS-POLITICOS-1.jpg\",\"contentUrl\":\"https:\\\/\\\/lospoliticosveracruz.com\\\/wp-content\\\/uploads\\\/2025\\\/12\\\/Logo-Nuevo-LOS-POLITICOS-1.jpg\",\"width\":260,\"height\":70,\"caption\":\"Los pol\u00edticos Veracruz\"},\"image\":{\"@id\":\"https:\\\/\\\/lospoliticosveracruz.com\\\/#\\\/schema\\\/logo\\\/image\\\/\"},\"sameAs\":[\"https:\\\/\\\/www.facebook.com\\\/people\\\/Notimemes-de-los-Polticos\\\/61565672886568\\\/\",\"https:\\\/\\\/x.com\\\/LosPoliticosVer\"]},{\"@type\":\"Person\",\"@id\":\"https:\\\/\\\/lospoliticosveracruz.com\\\/#\\\/schema\\\/person\\\/b8702bb0e538456e6efd07080bf2a4a2\",\"name\":\"Lo viste en Los Pol\u00edticos\",\"image\":{\"@type\":\"ImageObject\",\"inLanguage\":\"es\",\"@id\":\"https:\\\/\\\/secure.gravatar.com\\\/avatar\\\/3a8de04a2656d44082be478bd6c086daa447c4651605818287b9532d3d0bd435?s=96&d=mm&r=g\",\"url\":\"https:\\\/\\\/secure.gravatar.com\\\/avatar\\\/3a8de04a2656d44082be478bd6c086daa447c4651605818287b9532d3d0bd435?s=96&d=mm&r=g\",\"contentUrl\":\"https:\\\/\\\/secure.gravatar.com\\\/avatar\\\/3a8de04a2656d44082be478bd6c086daa447c4651605818287b9532d3d0bd435?s=96&d=mm&r=g\",\"caption\":\"Lo viste en Los Pol\u00edticos\"},\"url\":\"https:\\\/\\\/lospoliticosveracruz.com\\\/?author=2\"}]}<\/script>\n<!-- \/ Yoast SEO plugin. -->","yoast_head_json":{"title":"\u00bfEL NARCO RESOLVI\u00d3 SECUESTRO Y HOMICIDIO DE TAMAULIPECOS? - Los pol\u00edticos Veracruz","robots":{"index":"index","follow":"follow","max-snippet":"max-snippet:-1","max-image-preview":"max-image-preview:large","max-video-preview":"max-video-preview:-1"},"canonical":"https:\/\/lospoliticosveracruz.com\/?p=18117","og_locale":"es_ES","og_type":"article","og_title":"\u00bfEL NARCO RESOLVI\u00d3 SECUESTRO Y HOMICIDIO DE TAMAULIPECOS? - Los pol\u00edticos Veracruz","og_description":"Pablo Jair Ortega Columna Sin Nombre &nbsp; &nbsp; El 4 de septiembre fueron secuestrados al salir de su domicilio los se\u00f1ores Juan Manuel G\u00f3mez Fern\u00e1ndez y Juan Manuel G\u00f3mez Monteverde, padre y hermano del reconocido cineasta Alejandro G\u00f3mez Monteverde; pero la noticia que m\u00e1s conmocion\u00f3 fue que sus cuerpos fueron encontrados hasta el s\u00e1bado 19 [&hellip;]","og_url":"https:\/\/lospoliticosveracruz.com\/?p=18117","og_site_name":"Los pol\u00edticos Veracruz","article_publisher":"https:\/\/www.facebook.com\/people\/Notimemes-de-los-Polticos\/61565672886568\/","article_published_time":"2015-10-05T14:23:42+00:00","og_image":[{"url":"http:\/\/www.lospoliticosveracruz.com.mx\/wp-content\/uploads\/2015\/10\/monteverde-300x217.jpg","type":"","width":"","height":""}],"author":"Lo viste en Los Pol\u00edticos","twitter_card":"summary_large_image","twitter_creator":"@LosPoliticosVer","twitter_site":"@LosPoliticosVer","twitter_misc":{"Escrito por":"Lo viste en Los Pol\u00edticos","Tiempo de lectura":"3 minutos"},"schema":{"@context":"https:\/\/schema.org","@graph":[{"@type":"Article","@id":"https:\/\/lospoliticosveracruz.com\/?p=18117#article","isPartOf":{"@id":"https:\/\/lospoliticosveracruz.com\/?p=18117"},"author":{"name":"Lo viste en Los Pol\u00edticos","@id":"https:\/\/lospoliticosveracruz.com\/#\/schema\/person\/b8702bb0e538456e6efd07080bf2a4a2"},"headline":"\u00bfEL NARCO RESOLVI\u00d3 SECUESTRO Y HOMICIDIO DE TAMAULIPECOS?","datePublished":"2015-10-05T14:23:42+00:00","mainEntityOfPage":{"@id":"https:\/\/lospoliticosveracruz.com\/?p=18117"},"wordCount":601,"commentCount":0,"publisher":{"@id":"https:\/\/lospoliticosveracruz.com\/#organization"},"image":{"@id":"https:\/\/lospoliticosveracruz.com\/?p=18117#primaryimage"},"thumbnailUrl":"http:\/\/www.lospoliticosveracruz.com.mx\/wp-content\/uploads\/2015\/10\/monteverde-300x217.jpg","keywords":["Carteles","Juan Manuel G\u00f3mez Fern\u00e1ndez","Juan Manuel G\u00f3mez Monteverde","L\u00e1zaro Mart\u00ednez Rodr\u00edguez Escorpi\u00f3n","Narco","Tamaulipas","Veracruz"],"articleSection":["De Opini\u00f3n"],"inLanguage":"es","potentialAction":[{"@type":"CommentAction","name":"Comment","target":["https:\/\/lospoliticosveracruz.com\/?p=18117#respond"]}]},{"@type":"WebPage","@id":"https:\/\/lospoliticosveracruz.com\/?p=18117","url":"https:\/\/lospoliticosveracruz.com\/?p=18117","name":"\u00bfEL NARCO RESOLVI\u00d3 SECUESTRO Y HOMICIDIO DE TAMAULIPECOS? - Los pol\u00edticos Veracruz","isPartOf":{"@id":"https:\/\/lospoliticosveracruz.com\/#website"},"primaryImageOfPage":{"@id":"https:\/\/lospoliticosveracruz.com\/?p=18117#primaryimage"},"image":{"@id":"https:\/\/lospoliticosveracruz.com\/?p=18117#primaryimage"},"thumbnailUrl":"http:\/\/www.lospoliticosveracruz.com.mx\/wp-content\/uploads\/2015\/10\/monteverde-300x217.jpg","datePublished":"2015-10-05T14:23:42+00:00","breadcrumb":{"@id":"https:\/\/lospoliticosveracruz.com\/?p=18117#breadcrumb"},"inLanguage":"es","potentialAction":[{"@type":"ReadAction","target":["https:\/\/lospoliticosveracruz.com\/?p=18117"]}]},{"@type":"ImageObject","inLanguage":"es","@id":"https:\/\/lospoliticosveracruz.com\/?p=18117#primaryimage","url":"http:\/\/www.lospoliticosveracruz.com.mx\/wp-content\/uploads\/2015\/10\/monteverde-300x217.jpg","contentUrl":"http:\/\/www.lospoliticosveracruz.com.mx\/wp-content\/uploads\/2015\/10\/monteverde-300x217.jpg"},{"@type":"BreadcrumbList","@id":"https:\/\/lospoliticosveracruz.com\/?p=18117#breadcrumb","itemListElement":[{"@type":"ListItem","position":1,"name":"Portada","item":"https:\/\/lospoliticosveracruz.com\/"},{"@type":"ListItem","position":2,"name":"\u00bfEL NARCO RESOLVI\u00d3 SECUESTRO Y HOMICIDIO DE TAMAULIPECOS?"}]},{"@type":"WebSite","@id":"https:\/\/lospoliticosveracruz.com\/#website","url":"https:\/\/lospoliticosveracruz.com\/","name":"Los pol\u00edticos Veracruz","description":"","publisher":{"@id":"https:\/\/lospoliticosveracruz.com\/#organization"},"potentialAction":[{"@type":"SearchAction","target":{"@type":"EntryPoint","urlTemplate":"https:\/\/lospoliticosveracruz.com\/?s={search_term_string}"},"query-input":{"@type":"PropertyValueSpecification","valueRequired":true,"valueName":"search_term_string"}}],"inLanguage":"es"},{"@type":"Organization","@id":"https:\/\/lospoliticosveracruz.com\/#organization","name":"Los pol\u00edticos Veracruz","url":"https:\/\/lospoliticosveracruz.com\/","logo":{"@type":"ImageObject","inLanguage":"es","@id":"https:\/\/lospoliticosveracruz.com\/#\/schema\/logo\/image\/","url":"https:\/\/lospoliticosveracruz.com\/wp-content\/uploads\/2025\/12\/Logo-Nuevo-LOS-POLITICOS-1.jpg","contentUrl":"https:\/\/lospoliticosveracruz.com\/wp-content\/uploads\/2025\/12\/Logo-Nuevo-LOS-POLITICOS-1.jpg","width":260,"height":70,"caption":"Los pol\u00edticos Veracruz"},"image":{"@id":"https:\/\/lospoliticosveracruz.com\/#\/schema\/logo\/image\/"},"sameAs":["https:\/\/www.facebook.com\/people\/Notimemes-de-los-Polticos\/61565672886568\/","https:\/\/x.com\/LosPoliticosVer"]},{"@type":"Person","@id":"https:\/\/lospoliticosveracruz.com\/#\/schema\/person\/b8702bb0e538456e6efd07080bf2a4a2","name":"Lo viste en Los Pol\u00edticos","image":{"@type":"ImageObject","inLanguage":"es","@id":"https:\/\/secure.gravatar.com\/avatar\/3a8de04a2656d44082be478bd6c086daa447c4651605818287b9532d3d0bd435?s=96&d=mm&r=g","url":"https:\/\/secure.gravatar.com\/avatar\/3a8de04a2656d44082be478bd6c086daa447c4651605818287b9532d3d0bd435?s=96&d=mm&r=g","contentUrl":"https:\/\/secure.gravatar.com\/avatar\/3a8de04a2656d44082be478bd6c086daa447c4651605818287b9532d3d0bd435?s=96&d=mm&r=g","caption":"Lo viste en Los Pol\u00edticos"},"url":"https:\/\/lospoliticosveracruz.com\/?author=2"}]}},"_links":{"self":[{"href":"https:\/\/lospoliticosveracruz.com\/index.php?rest_route=\/wp\/v2\/posts\/18117","targetHints":{"allow":["GET"]}}],"collection":[{"href":"https:\/\/lospoliticosveracruz.com\/index.php?rest_route=\/wp\/v2\/posts"}],"about":[{"href":"https:\/\/lospoliticosveracruz.com\/index.php?rest_route=\/wp\/v2\/types\/post"}],"author":[{"embeddable":true,"href":"https:\/\/lospoliticosveracruz.com\/index.php?rest_route=\/wp\/v2\/users\/2"}],"replies":[{"embeddable":true,"href":"https:\/\/lospoliticosveracruz.com\/index.php?rest_route=%2Fwp%2Fv2%2Fcomments&post=18117"}],"version-history":[{"count":1,"href":"https:\/\/lospoliticosveracruz.com\/index.php?rest_route=\/wp\/v2\/posts\/18117\/revisions"}],"predecessor-version":[{"id":18119,"href":"https:\/\/lospoliticosveracruz.com\/index.php?rest_route=\/wp\/v2\/posts\/18117\/revisions\/18119"}],"wp:attachment":[{"href":"https:\/\/lospoliticosveracruz.com\/index.php?rest_route=%2Fwp%2Fv2%2Fmedia&parent=18117"}],"wp:term":[{"taxonomy":"category","embeddable":true,"href":"https:\/\/lospoliticosveracruz.com\/index.php?rest_route=%2Fwp%2Fv2%2Fcategories&post=18117"},{"taxonomy":"post_tag","embeddable":true,"href":"https:\/\/lospoliticosveracruz.com\/index.php?rest_route=%2Fwp%2Fv2%2Ftags&post=18117"}],"curies":[{"name":"wp","href":"https:\/\/api.w.org\/{rel}","templated":true}]}}