{"id":18139,"date":"2015-10-05T21:21:35","date_gmt":"2015-10-06T02:21:35","guid":{"rendered":"http:\/\/www.lospoliticosveracruz.com.mx\/?p=18139"},"modified":"2015-10-05T21:21:35","modified_gmt":"2015-10-06T02:21:35","slug":"empresarios-en-contra-de-engendro-legislativo","status":"publish","type":"post","link":"https:\/\/lospoliticosveracruz.com\/?p=18139","title":{"rendered":"Empresarios en contra de engendro legislativo"},"content":{"rendered":"<p><a href=\"http:\/\/www.lospoliticosveracruz.com.mx\/wp-content\/uploads\/2015\/10\/impuestos.jpg\"><img loading=\"lazy\" decoding=\"async\" class=\"alignnone size-medium wp-image-18140\" src=\"http:\/\/www.lospoliticosveracruz.com.mx\/wp-content\/uploads\/2015\/10\/impuestos-300x141.jpg\" alt=\"impuestos\" width=\"300\" height=\"141\" \/><\/a><\/p>\n<p><strong>Claudia Guerrero Mart\u00ednez<\/strong><br \/>\n<em>Entre lo ut\u00f3pico y lo verdadero<\/em><\/p>\n<p>Vaya expresiones de empresarios veracruzanos, quienes acudieron al Congreso de Veracruz para externar su rechazo por el incremento del dos, al tres por ciento del Impuesto a la N\u00f3mina, Iniciativa presentada por el ocurrente Javier Duarte de Ochoa, quien quiere sacar dinero fresco hasta de las \u201cpiedras\u201d\u2026 CANACO, CANACINTRA y otras C\u00e1maras empresariales est\u00e1n molestos por la desatenci\u00f3n del que dice gobernar a Veracruz, pues env\u00eda \u00e9ste engendro de Iniciativa para su estudio en comisiones legislativas, pero como todos sabemos, \u00e9sta, como muchas otras, no son le\u00eddas por los diputados integrantes y se limitan a plasmar sus firmas y aprobaci\u00f3n, por ser \u201cuna orden\u201d del Mandatario Estatal\u2026 Al final, al tener mayor\u00eda en el Congreso Local, \u00e9stas aberrantes Iniciativas son aprobadas, aun cuando causen afectaci\u00f3n a los veracruzanos\u2026<\/p>\n<p>Los empresarios de las diferentes C\u00e1maras, entre ellos Belgio Amaya Rizo y \u00c1ngel Carrano Castro han externado su molestia por la desaparici\u00f3n de $1, 900 millones de pesos en aportaciones\u2026 Estos recursos se han esfumado de un plumazo y eran destinados para Obra P\u00fablica e Infraestructura, lo cual, est\u00e1 a la vista la nula obra y carreteras en p\u00e9simas condiciones, algunas de ellas intransitables\u2026<\/p>\n<p>En el Congreso de Veracruz, los empresarios se reunieron con diputados panistas para pedir no aprobar este aumento, por ser un 50 por ciento y castigando la ya de por s\u00ed, situaci\u00f3n de empresas veracruzanas que se tambalea por la quiebra financiera en Veracruz\u2026 \u201cNo tenemos la culpa de la p\u00e9sima administraci\u00f3n de Javier Duarte, los empresarios no debemos pagar culpas por malas decisiones administrativas\u2026 De ser aprobada \u00e9sta Iniciativa, acudiremos a las instancias federales y no permitiremos el aumento de impuestos para pagar pasivos y despu\u00e9s, intentar bursatilizarlos, de forma ilegal\u201d, asegur\u00f3 el Presidente de la CANACO Veracruz\u2026<\/p>\n<p>Si de por s\u00ed, Javier Duarte se est\u00e1 peleando con todos, la fuerza electoral y econ\u00f3mica de los empresarios e industriales va disminuyendo de manera dr\u00e1stica y son en gran parte, el motor para el desarrollo de este Estado\u2026 Algo que a Duarte, nadie le ha informado\u2026 Por lo pronto, se asegura que este pr\u00f3ximo mi\u00e9rcoles se presentar\u00e1 \u00e9sta Iniciativa para su aprobaci\u00f3n y ah\u00ed en esa sesi\u00f3n solemne, veremos qu\u00e9 diputados traicionar\u00e1n a grupos empresariales e industriales, quienes colaboraron en mucho al triunfo electoral de \u00e9stos actuales legisladores, para ganar una curul y ahora, votar\u00e1n por \u00e9sta Iniciativa, afectando a la ya precaria situaci\u00f3n de empresarios, quienes son los motores de la fuerza laboral en Veracruz\u2026 Y muchos de estos legisladores locales s\u00f3lo levantar\u00e1n el dedo, obedeciendo a su jefe, el chistoso Javier Duarte\u2026<\/p>\n<p><strong>*Alcalde de Orizaba da la sorpresa<\/strong><\/p>\n<p>El Presidente Municipal de Orizaba, Juan Manuel Diez Francos nos extendi\u00f3 la invitaci\u00f3n, junto con algunos medios de comunicaci\u00f3n, para una comida, realizada en un restaurante de la capital del Estado y presentarnos su proyecto municipal y por supuesto, presumir que este municipio obtuvo la denominaci\u00f3n \u201cPueblo M\u00e1gico\u201d\u2026 Proyect\u00f3 un excelente video, muy bien realizado y con gran producci\u00f3n, mostrando las bondades y fortalezas orizabe\u00f1as, invitando a que conozcamos el por qu\u00e9 Orizaba pudo lograr \u00e9sta certificaci\u00f3n mundial\u2026<\/p>\n<p>Pero no s\u00f3lo eso\u2026 En su discurso, Diez Francos fue como su apellido, franco\u2026 Asegur\u00f3 vigilar con lupa a sus funcionarios y si alguno roba, ir\u00e1 a la c\u00e1rcel\u2026 Presumi\u00f3 de tener el municipio m\u00e1s limpio del sureste\u2026 De ser autosuficiente en recursos con 30 millones de pesos en cuotas de parqu\u00edmetros y otros 30 millones de pesos, en el Telef\u00e9rico\u2026 Adem\u00e1s y lo m\u00e1s incre\u00edble, es m\u00ednima su deuda p\u00fablica municipal\u2026 Cuando el Alcalde de Orizaba dijo esto, no lo pod\u00eda creer\u2026 Y esto a\u00fan, cuando cada familia orizabe\u00f1a paga en promedio, en rubros como predial, basura y agua, cerca de 600 pesos anuales: \u201cLos habitantes de Orizaba pagan muy poco en servicios y contribuciones\u2026 Queremos un municipio sustentable, no ser mantenido por los habitantes\u2026 Por eso, le hemos apostado a abrir activos que redit\u00faen al Ayuntamiento de Orizaba, coment\u00f3 Juan Manuel Diez Francos\u2026<\/p>\n<p>No ten\u00edamos el gusto de conocer al Alcalde de Orizaba, Juan Manuel Diez, a quien varios medios estatales lo llamaban loco, soberbio y llevar a este municipio a la cat\u00e1strofe\u2026 Hoy, el tiempo le dio la raz\u00f3n a este Mun\u00edcipe, al colocar a Orizaba como un municipio sustentable y con una buena administraci\u00f3n\u2026 Y algo incre\u00edble en el Estado de Veracruz: Sus finanzas est\u00e1n saneadas\u2026 Y son pocos, poqu\u00edsimos, los Ayuntamientos con \u00e9sta postura\u2026<\/p>\n<p>Interesante saber, que hace unos d\u00edas, Javier Duarte de Ochoa visit\u00f3 Orizaba, junto al actual diputado federal Enrique Jackson Ram\u00edrez\u2026 Despu\u00e9s de un a\u00f1o y 10 meses de gesti\u00f3n municipal y de no visitar este municipio en lo que va de \u00e9sta administraci\u00f3n, el Gobernador de Veracruz presumi\u00f3 los logros de este Ayuntamiento y ponerse sombrero ajeno, cuando el que dice gobernar a Veracruz no ha movido un solo dedo en beneficio de Orizaba\u2026 Todo ha sido, gracias a recursos federales bajados de partidas presupuestales en apoyo a municipios\u2026<\/p>\n<p>El Alcalde de Orizaba asegur\u00f3 que las Redes Sociales y Medios de Comunicaci\u00f3n han sido las causantes de rumores de violencia en este municipio\u2026 Algo comprensible, que se quiere ocultar, pues hay una lucha territorial por la plaza entre grupos delincuenciales y por ello, balaceras y agresiones se dan todos los d\u00edas\u2026 Y eso, le corresponde atender a Javier Duarte, quien con su actitud complaciente y hasta por qu\u00e9 no, c\u00f3mplice, permite que los grupos criminales se incrusten en importantes municipios, sin hacer nada al respecto\u2026 Interesante \u00e9sta reuni\u00f3n, pues vemos que gobiernos empresariales han dado resultados, sin reflectores, sin politiquer\u00eda y s\u00f3lo ejerciendo los presupuestos, correctamente\u2026<\/p>\n<p>Notita 1: El Alcalde de Boca del R\u00edo, Miguel \u00c1ngel Yunes M\u00e1rquez sufre de acoso pol\u00edtico por parte de la administraci\u00f3n estatal y Javier Duarte de Ochoa pone m\u00e1s le\u00f1a a la hoguera\u2026 El Gobernador de Veracruz pretende mostrar su m\u00fasculo pol\u00edtico y lo \u00fanico que hace es victimizar al mun\u00edcipe boque\u00f1o e incrementarle m\u00e1s adeptos\u2026 En verdad, con estas acciones irracionales, hemos confirmado de que Duarte de Ochoa est\u00e1 sumamente enfermo\u2026<\/p>\n","protected":false},"excerpt":{"rendered":"<p>Claudia Guerrero Mart\u00ednez Entre lo ut\u00f3pico y lo verdadero Vaya expresiones de empresarios veracruzanos, quienes acudieron al Congreso de Veracruz para externar su rechazo por el incremento del dos, al tres por ciento del Impuesto a la N\u00f3mina, Iniciativa presentada por el ocurrente Javier Duarte de Ochoa, quien quiere sacar dinero fresco hasta de las [&hellip;]<\/p>\n","protected":false},"author":2,"featured_media":0,"comment_status":"open","ping_status":"open","sticky":false,"template":"","format":"standard","meta":{"tdm_status":"","tdm_grid_status":"","footnotes":""},"categories":[70],"tags":[393,3572,260],"class_list":{"0":"post-18139","1":"post","2":"type-post","3":"status-publish","4":"format-standard","6":"category-de-opinion","7":"tag-congreso-de-veracruz","8":"tag-impuesto-a-la-nomina","9":"tag-javier-duarte-de-ochoa"},"yoast_head":"<!-- This site is optimized with the Yoast SEO plugin v27.4 - https:\/\/yoast.com\/product\/yoast-seo-wordpress\/ -->\n<title>Empresarios en contra de engendro legislativo - Los pol\u00edticos Veracruz<\/title>\n<meta name=\"robots\" content=\"index, follow, max-snippet:-1, max-image-preview:large, max-video-preview:-1\" \/>\n<link rel=\"canonical\" href=\"https:\/\/lospoliticosveracruz.com\/?p=18139\" \/>\n<meta property=\"og:locale\" content=\"es_ES\" \/>\n<meta property=\"og:type\" content=\"article\" \/>\n<meta property=\"og:title\" content=\"Empresarios en contra de engendro legislativo - Los pol\u00edticos Veracruz\" \/>\n<meta property=\"og:description\" content=\"Claudia Guerrero Mart\u00ednez Entre lo ut\u00f3pico y lo verdadero Vaya expresiones de empresarios veracruzanos, quienes acudieron al Congreso de Veracruz para externar su rechazo por el incremento del dos, al tres por ciento del Impuesto a la N\u00f3mina, Iniciativa presentada por el ocurrente Javier Duarte de Ochoa, quien quiere sacar dinero fresco hasta de las [&hellip;]\" \/>\n<meta property=\"og:url\" content=\"https:\/\/lospoliticosveracruz.com\/?p=18139\" \/>\n<meta property=\"og:site_name\" content=\"Los pol\u00edticos Veracruz\" \/>\n<meta property=\"article:publisher\" content=\"https:\/\/www.facebook.com\/people\/Notimemes-de-los-Polticos\/61565672886568\/\" \/>\n<meta property=\"article:published_time\" content=\"2015-10-06T02:21:35+00:00\" \/>\n<meta property=\"og:image\" content=\"http:\/\/www.lospoliticosveracruz.com.mx\/wp-content\/uploads\/2015\/10\/impuestos-300x141.jpg\" \/>\n<meta name=\"author\" content=\"Lo viste en Los Pol\u00edticos\" \/>\n<meta name=\"twitter:card\" content=\"summary_large_image\" \/>\n<meta name=\"twitter:creator\" content=\"@LosPoliticosVer\" \/>\n<meta name=\"twitter:site\" content=\"@LosPoliticosVer\" \/>\n<meta name=\"twitter:label1\" content=\"Escrito por\" \/>\n\t<meta name=\"twitter:data1\" content=\"Lo viste en Los Pol\u00edticos\" \/>\n\t<meta name=\"twitter:label2\" content=\"Tiempo de lectura\" \/>\n\t<meta name=\"twitter:data2\" content=\"5 minutos\" \/>\n<script type=\"application\/ld+json\" class=\"yoast-schema-graph\">{\"@context\":\"https:\\\/\\\/schema.org\",\"@graph\":[{\"@type\":\"Article\",\"@id\":\"https:\\\/\\\/lospoliticosveracruz.com\\\/?p=18139#article\",\"isPartOf\":{\"@id\":\"https:\\\/\\\/lospoliticosveracruz.com\\\/?p=18139\"},\"author\":{\"name\":\"Lo viste en Los Pol\u00edticos\",\"@id\":\"https:\\\/\\\/lospoliticosveracruz.com\\\/#\\\/schema\\\/person\\\/b8702bb0e538456e6efd07080bf2a4a2\"},\"headline\":\"Empresarios en contra de engendro legislativo\",\"datePublished\":\"2015-10-06T02:21:35+00:00\",\"mainEntityOfPage\":{\"@id\":\"https:\\\/\\\/lospoliticosveracruz.com\\\/?p=18139\"},\"wordCount\":1086,\"commentCount\":0,\"publisher\":{\"@id\":\"https:\\\/\\\/lospoliticosveracruz.com\\\/#organization\"},\"image\":{\"@id\":\"https:\\\/\\\/lospoliticosveracruz.com\\\/?p=18139#primaryimage\"},\"thumbnailUrl\":\"http:\\\/\\\/www.lospoliticosveracruz.com.mx\\\/wp-content\\\/uploads\\\/2015\\\/10\\\/impuestos-300x141.jpg\",\"keywords\":[\"Congreso de Veracruz\",\"impuesto a la n\u00f3mina\",\"Javier Duarte de Ochoa\"],\"articleSection\":[\"De Opini\u00f3n\"],\"inLanguage\":\"es\",\"potentialAction\":[{\"@type\":\"CommentAction\",\"name\":\"Comment\",\"target\":[\"https:\\\/\\\/lospoliticosveracruz.com\\\/?p=18139#respond\"]}]},{\"@type\":\"WebPage\",\"@id\":\"https:\\\/\\\/lospoliticosveracruz.com\\\/?p=18139\",\"url\":\"https:\\\/\\\/lospoliticosveracruz.com\\\/?p=18139\",\"name\":\"Empresarios en contra de engendro legislativo - Los pol\u00edticos Veracruz\",\"isPartOf\":{\"@id\":\"https:\\\/\\\/lospoliticosveracruz.com\\\/#website\"},\"primaryImageOfPage\":{\"@id\":\"https:\\\/\\\/lospoliticosveracruz.com\\\/?p=18139#primaryimage\"},\"image\":{\"@id\":\"https:\\\/\\\/lospoliticosveracruz.com\\\/?p=18139#primaryimage\"},\"thumbnailUrl\":\"http:\\\/\\\/www.lospoliticosveracruz.com.mx\\\/wp-content\\\/uploads\\\/2015\\\/10\\\/impuestos-300x141.jpg\",\"datePublished\":\"2015-10-06T02:21:35+00:00\",\"breadcrumb\":{\"@id\":\"https:\\\/\\\/lospoliticosveracruz.com\\\/?p=18139#breadcrumb\"},\"inLanguage\":\"es\",\"potentialAction\":[{\"@type\":\"ReadAction\",\"target\":[\"https:\\\/\\\/lospoliticosveracruz.com\\\/?p=18139\"]}]},{\"@type\":\"ImageObject\",\"inLanguage\":\"es\",\"@id\":\"https:\\\/\\\/lospoliticosveracruz.com\\\/?p=18139#primaryimage\",\"url\":\"http:\\\/\\\/www.lospoliticosveracruz.com.mx\\\/wp-content\\\/uploads\\\/2015\\\/10\\\/impuestos-300x141.jpg\",\"contentUrl\":\"http:\\\/\\\/www.lospoliticosveracruz.com.mx\\\/wp-content\\\/uploads\\\/2015\\\/10\\\/impuestos-300x141.jpg\"},{\"@type\":\"BreadcrumbList\",\"@id\":\"https:\\\/\\\/lospoliticosveracruz.com\\\/?p=18139#breadcrumb\",\"itemListElement\":[{\"@type\":\"ListItem\",\"position\":1,\"name\":\"Portada\",\"item\":\"https:\\\/\\\/lospoliticosveracruz.com\\\/\"},{\"@type\":\"ListItem\",\"position\":2,\"name\":\"Empresarios en contra de engendro legislativo\"}]},{\"@type\":\"WebSite\",\"@id\":\"https:\\\/\\\/lospoliticosveracruz.com\\\/#website\",\"url\":\"https:\\\/\\\/lospoliticosveracruz.com\\\/\",\"name\":\"Los pol\u00edticos Veracruz\",\"description\":\"\",\"publisher\":{\"@id\":\"https:\\\/\\\/lospoliticosveracruz.com\\\/#organization\"},\"potentialAction\":[{\"@type\":\"SearchAction\",\"target\":{\"@type\":\"EntryPoint\",\"urlTemplate\":\"https:\\\/\\\/lospoliticosveracruz.com\\\/?s={search_term_string}\"},\"query-input\":{\"@type\":\"PropertyValueSpecification\",\"valueRequired\":true,\"valueName\":\"search_term_string\"}}],\"inLanguage\":\"es\"},{\"@type\":\"Organization\",\"@id\":\"https:\\\/\\\/lospoliticosveracruz.com\\\/#organization\",\"name\":\"Los pol\u00edticos Veracruz\",\"url\":\"https:\\\/\\\/lospoliticosveracruz.com\\\/\",\"logo\":{\"@type\":\"ImageObject\",\"inLanguage\":\"es\",\"@id\":\"https:\\\/\\\/lospoliticosveracruz.com\\\/#\\\/schema\\\/logo\\\/image\\\/\",\"url\":\"https:\\\/\\\/lospoliticosveracruz.com\\\/wp-content\\\/uploads\\\/2025\\\/12\\\/Logo-Nuevo-LOS-POLITICOS-1.jpg\",\"contentUrl\":\"https:\\\/\\\/lospoliticosveracruz.com\\\/wp-content\\\/uploads\\\/2025\\\/12\\\/Logo-Nuevo-LOS-POLITICOS-1.jpg\",\"width\":260,\"height\":70,\"caption\":\"Los pol\u00edticos Veracruz\"},\"image\":{\"@id\":\"https:\\\/\\\/lospoliticosveracruz.com\\\/#\\\/schema\\\/logo\\\/image\\\/\"},\"sameAs\":[\"https:\\\/\\\/www.facebook.com\\\/people\\\/Notimemes-de-los-Polticos\\\/61565672886568\\\/\",\"https:\\\/\\\/x.com\\\/LosPoliticosVer\"]},{\"@type\":\"Person\",\"@id\":\"https:\\\/\\\/lospoliticosveracruz.com\\\/#\\\/schema\\\/person\\\/b8702bb0e538456e6efd07080bf2a4a2\",\"name\":\"Lo viste en Los Pol\u00edticos\",\"image\":{\"@type\":\"ImageObject\",\"inLanguage\":\"es\",\"@id\":\"https:\\\/\\\/secure.gravatar.com\\\/avatar\\\/3a8de04a2656d44082be478bd6c086daa447c4651605818287b9532d3d0bd435?s=96&d=mm&r=g\",\"url\":\"https:\\\/\\\/secure.gravatar.com\\\/avatar\\\/3a8de04a2656d44082be478bd6c086daa447c4651605818287b9532d3d0bd435?s=96&d=mm&r=g\",\"contentUrl\":\"https:\\\/\\\/secure.gravatar.com\\\/avatar\\\/3a8de04a2656d44082be478bd6c086daa447c4651605818287b9532d3d0bd435?s=96&d=mm&r=g\",\"caption\":\"Lo viste en Los Pol\u00edticos\"},\"url\":\"https:\\\/\\\/lospoliticosveracruz.com\\\/?author=2\"}]}<\/script>\n<!-- \/ Yoast SEO plugin. -->","yoast_head_json":{"title":"Empresarios en contra de engendro legislativo - Los pol\u00edticos Veracruz","robots":{"index":"index","follow":"follow","max-snippet":"max-snippet:-1","max-image-preview":"max-image-preview:large","max-video-preview":"max-video-preview:-1"},"canonical":"https:\/\/lospoliticosveracruz.com\/?p=18139","og_locale":"es_ES","og_type":"article","og_title":"Empresarios en contra de engendro legislativo - Los pol\u00edticos Veracruz","og_description":"Claudia Guerrero Mart\u00ednez Entre lo ut\u00f3pico y lo verdadero Vaya expresiones de empresarios veracruzanos, quienes acudieron al Congreso de Veracruz para externar su rechazo por el incremento del dos, al tres por ciento del Impuesto a la N\u00f3mina, Iniciativa presentada por el ocurrente Javier Duarte de Ochoa, quien quiere sacar dinero fresco hasta de las [&hellip;]","og_url":"https:\/\/lospoliticosveracruz.com\/?p=18139","og_site_name":"Los pol\u00edticos Veracruz","article_publisher":"https:\/\/www.facebook.com\/people\/Notimemes-de-los-Polticos\/61565672886568\/","article_published_time":"2015-10-06T02:21:35+00:00","og_image":[{"url":"http:\/\/www.lospoliticosveracruz.com.mx\/wp-content\/uploads\/2015\/10\/impuestos-300x141.jpg","type":"","width":"","height":""}],"author":"Lo viste en Los Pol\u00edticos","twitter_card":"summary_large_image","twitter_creator":"@LosPoliticosVer","twitter_site":"@LosPoliticosVer","twitter_misc":{"Escrito por":"Lo viste en Los Pol\u00edticos","Tiempo de lectura":"5 minutos"},"schema":{"@context":"https:\/\/schema.org","@graph":[{"@type":"Article","@id":"https:\/\/lospoliticosveracruz.com\/?p=18139#article","isPartOf":{"@id":"https:\/\/lospoliticosveracruz.com\/?p=18139"},"author":{"name":"Lo viste en Los Pol\u00edticos","@id":"https:\/\/lospoliticosveracruz.com\/#\/schema\/person\/b8702bb0e538456e6efd07080bf2a4a2"},"headline":"Empresarios en contra de engendro legislativo","datePublished":"2015-10-06T02:21:35+00:00","mainEntityOfPage":{"@id":"https:\/\/lospoliticosveracruz.com\/?p=18139"},"wordCount":1086,"commentCount":0,"publisher":{"@id":"https:\/\/lospoliticosveracruz.com\/#organization"},"image":{"@id":"https:\/\/lospoliticosveracruz.com\/?p=18139#primaryimage"},"thumbnailUrl":"http:\/\/www.lospoliticosveracruz.com.mx\/wp-content\/uploads\/2015\/10\/impuestos-300x141.jpg","keywords":["Congreso de Veracruz","impuesto a la n\u00f3mina","Javier Duarte de Ochoa"],"articleSection":["De Opini\u00f3n"],"inLanguage":"es","potentialAction":[{"@type":"CommentAction","name":"Comment","target":["https:\/\/lospoliticosveracruz.com\/?p=18139#respond"]}]},{"@type":"WebPage","@id":"https:\/\/lospoliticosveracruz.com\/?p=18139","url":"https:\/\/lospoliticosveracruz.com\/?p=18139","name":"Empresarios en contra de engendro legislativo - Los pol\u00edticos Veracruz","isPartOf":{"@id":"https:\/\/lospoliticosveracruz.com\/#website"},"primaryImageOfPage":{"@id":"https:\/\/lospoliticosveracruz.com\/?p=18139#primaryimage"},"image":{"@id":"https:\/\/lospoliticosveracruz.com\/?p=18139#primaryimage"},"thumbnailUrl":"http:\/\/www.lospoliticosveracruz.com.mx\/wp-content\/uploads\/2015\/10\/impuestos-300x141.jpg","datePublished":"2015-10-06T02:21:35+00:00","breadcrumb":{"@id":"https:\/\/lospoliticosveracruz.com\/?p=18139#breadcrumb"},"inLanguage":"es","potentialAction":[{"@type":"ReadAction","target":["https:\/\/lospoliticosveracruz.com\/?p=18139"]}]},{"@type":"ImageObject","inLanguage":"es","@id":"https:\/\/lospoliticosveracruz.com\/?p=18139#primaryimage","url":"http:\/\/www.lospoliticosveracruz.com.mx\/wp-content\/uploads\/2015\/10\/impuestos-300x141.jpg","contentUrl":"http:\/\/www.lospoliticosveracruz.com.mx\/wp-content\/uploads\/2015\/10\/impuestos-300x141.jpg"},{"@type":"BreadcrumbList","@id":"https:\/\/lospoliticosveracruz.com\/?p=18139#breadcrumb","itemListElement":[{"@type":"ListItem","position":1,"name":"Portada","item":"https:\/\/lospoliticosveracruz.com\/"},{"@type":"ListItem","position":2,"name":"Empresarios en contra de engendro legislativo"}]},{"@type":"WebSite","@id":"https:\/\/lospoliticosveracruz.com\/#website","url":"https:\/\/lospoliticosveracruz.com\/","name":"Los pol\u00edticos Veracruz","description":"","publisher":{"@id":"https:\/\/lospoliticosveracruz.com\/#organization"},"potentialAction":[{"@type":"SearchAction","target":{"@type":"EntryPoint","urlTemplate":"https:\/\/lospoliticosveracruz.com\/?s={search_term_string}"},"query-input":{"@type":"PropertyValueSpecification","valueRequired":true,"valueName":"search_term_string"}}],"inLanguage":"es"},{"@type":"Organization","@id":"https:\/\/lospoliticosveracruz.com\/#organization","name":"Los pol\u00edticos Veracruz","url":"https:\/\/lospoliticosveracruz.com\/","logo":{"@type":"ImageObject","inLanguage":"es","@id":"https:\/\/lospoliticosveracruz.com\/#\/schema\/logo\/image\/","url":"https:\/\/lospoliticosveracruz.com\/wp-content\/uploads\/2025\/12\/Logo-Nuevo-LOS-POLITICOS-1.jpg","contentUrl":"https:\/\/lospoliticosveracruz.com\/wp-content\/uploads\/2025\/12\/Logo-Nuevo-LOS-POLITICOS-1.jpg","width":260,"height":70,"caption":"Los pol\u00edticos Veracruz"},"image":{"@id":"https:\/\/lospoliticosveracruz.com\/#\/schema\/logo\/image\/"},"sameAs":["https:\/\/www.facebook.com\/people\/Notimemes-de-los-Polticos\/61565672886568\/","https:\/\/x.com\/LosPoliticosVer"]},{"@type":"Person","@id":"https:\/\/lospoliticosveracruz.com\/#\/schema\/person\/b8702bb0e538456e6efd07080bf2a4a2","name":"Lo viste en Los Pol\u00edticos","image":{"@type":"ImageObject","inLanguage":"es","@id":"https:\/\/secure.gravatar.com\/avatar\/3a8de04a2656d44082be478bd6c086daa447c4651605818287b9532d3d0bd435?s=96&d=mm&r=g","url":"https:\/\/secure.gravatar.com\/avatar\/3a8de04a2656d44082be478bd6c086daa447c4651605818287b9532d3d0bd435?s=96&d=mm&r=g","contentUrl":"https:\/\/secure.gravatar.com\/avatar\/3a8de04a2656d44082be478bd6c086daa447c4651605818287b9532d3d0bd435?s=96&d=mm&r=g","caption":"Lo viste en Los Pol\u00edticos"},"url":"https:\/\/lospoliticosveracruz.com\/?author=2"}]}},"_links":{"self":[{"href":"https:\/\/lospoliticosveracruz.com\/index.php?rest_route=\/wp\/v2\/posts\/18139","targetHints":{"allow":["GET"]}}],"collection":[{"href":"https:\/\/lospoliticosveracruz.com\/index.php?rest_route=\/wp\/v2\/posts"}],"about":[{"href":"https:\/\/lospoliticosveracruz.com\/index.php?rest_route=\/wp\/v2\/types\/post"}],"author":[{"embeddable":true,"href":"https:\/\/lospoliticosveracruz.com\/index.php?rest_route=\/wp\/v2\/users\/2"}],"replies":[{"embeddable":true,"href":"https:\/\/lospoliticosveracruz.com\/index.php?rest_route=%2Fwp%2Fv2%2Fcomments&post=18139"}],"version-history":[{"count":1,"href":"https:\/\/lospoliticosveracruz.com\/index.php?rest_route=\/wp\/v2\/posts\/18139\/revisions"}],"predecessor-version":[{"id":18141,"href":"https:\/\/lospoliticosveracruz.com\/index.php?rest_route=\/wp\/v2\/posts\/18139\/revisions\/18141"}],"wp:attachment":[{"href":"https:\/\/lospoliticosveracruz.com\/index.php?rest_route=%2Fwp%2Fv2%2Fmedia&parent=18139"}],"wp:term":[{"taxonomy":"category","embeddable":true,"href":"https:\/\/lospoliticosveracruz.com\/index.php?rest_route=%2Fwp%2Fv2%2Fcategories&post=18139"},{"taxonomy":"post_tag","embeddable":true,"href":"https:\/\/lospoliticosveracruz.com\/index.php?rest_route=%2Fwp%2Fv2%2Ftags&post=18139"}],"curies":[{"name":"wp","href":"https:\/\/api.w.org\/{rel}","templated":true}]}}