{"id":18157,"date":"2015-10-05T22:19:15","date_gmt":"2015-10-06T03:19:15","guid":{"rendered":"http:\/\/www.lospoliticosveracruz.com.mx\/?p=18157"},"modified":"2015-10-05T22:19:15","modified_gmt":"2015-10-06T03:19:15","slug":"el-efecto-lopez-obrador-en-veracruz","status":"publish","type":"post","link":"https:\/\/lospoliticosveracruz.com\/?p=18157","title":{"rendered":"El efecto L\u00f3pez Obrador en Veracruz"},"content":{"rendered":"<p><a href=\"http:\/\/www.lospoliticosveracruz.com.mx\/wp-content\/uploads\/2015\/10\/Peje.jpg\"><img loading=\"lazy\" decoding=\"async\" class=\"alignnone size-medium wp-image-18158\" src=\"http:\/\/www.lospoliticosveracruz.com.mx\/wp-content\/uploads\/2015\/10\/Peje-300x157.jpg\" alt=\"Peje\" width=\"300\" height=\"157\" \/><\/a><\/p>\n<p><strong>Luis Alberto Romero<\/strong><\/p>\n<p><em>Hora Cero<\/em><\/p>\n<p>En el pasado proceso electoral federal, el Movimiento de Regeneraci\u00f3n Nacional se posicion\u00f3 muy r\u00e1pido, pr\u00e1cticamente sin hacer campa\u00f1a masiva, en las preferencias ciudadanas, alcanzando la victoria en dos de los distritos m\u00e1s importantes: Xalapa Urbano y Coatzacoalcos, con Cuitl\u00e1huac Garc\u00eda y Roc\u00edo Nahle, respectivamente.<br \/>\nEse resultado no puede considerarse una sorpresa, dado el crecimiento de Morena en el \u00e1mbito nacional. En Distrito Federal, por ejemplo, tuvo el 23.59 por ciento de los sufragios; en Oaxaca super\u00f3 el 14 por ciento; mientras que en Estado de M\u00e9xico lleg\u00f3 al 10.33. En t\u00e9rminos de votaci\u00f3n total, Veracruz fue la tercera entidad que m\u00e1s aport\u00f3 para dicho partido.<br \/>\nCon 296 mil 256 votos, el partido que tiene como emblema a la figura de Andr\u00e9s Manuel L\u00f3pez Obrador, desplaz\u00f3 al Sol Azteca como la tercera fuerza pol\u00edtica de Veracruz. Lleg\u00f3 a 12.07 por ciento de la votaci\u00f3n total y un aceptable nivel en distritos como Poza Rica, Mart\u00ednez de la Torre, Xalapa Urbano, Xalapa Rural, Coatepec, Coatzacoalcos, Veracruz, C\u00f3rdoba, Cosamaloapan y Cosoleacaque, entre otros.<br \/>\nEn la entidad, Roc\u00edo Nahle Garc\u00eda, candidata a la diputaci\u00f3n federal por el distrito de Coatzacoalcos, fue la m\u00e1s votada de ese partido; tuvo m\u00e1s de 38 mil sufragios, 12 mil m\u00e1s que Cuitl\u00e1huac Garc\u00eda, quien contendi\u00f3 por la capital veracruzana; sin embargo, al no ser veracruzana, sino originaria de Zacatecas, no podr\u00eda aspirar al gobierno del Estado. La segunda opci\u00f3n de Morena es, precisamente, el legislador por el distrito X, quien duplic\u00f3 en el pasado proceso los votos que obtuvo Elizabeth Morales como candidata de la alianza PRI-Verde.<br \/>\nCuitl\u00e1huac Garc\u00eda Jim\u00e9nez se convirti\u00f3, con ese resultado, en el m\u00e1s importante activo de Morena rumbo a la elecci\u00f3n de 2016, cuando habr\u00e1 de renovarse el Poder Ejecutivo de la entidad. Pr\u00e1cticamente ya fue destapado por L\u00f3pez Obrador como carta para contender el a\u00f1o pr\u00f3ximo.<br \/>\nComo figura estrictamente local, poco reconocida en las otras regiones veracruzanas, el hijo del ex diputado perredista Atanasio Garc\u00eda Dur\u00e1n dif\u00edcilmente tiene con qu\u00e9 enfrentar con \u00e9xito a los aspirantes de las alianzas PRI-Verde y PAN-PRD; a pesar de ello, s\u00ed podr\u00eda estar en condiciones de superar el 12.07 por ciento que tiene actualmente su partido, sobre todo si cuenta en su campa\u00f1a con la presencia m\u00e1s o menos constante del gur\u00fa de Morena.<br \/>\nEvidentemente, L\u00f3pez Obrador no piensa en Veracruz como una opci\u00f3n de triunfo rumbo a 2016; la apuesta se concentra en 2018, cuando se desarrollar\u00e1 el proceso para la sucesi\u00f3n presidencial; en ese sentido, los votos veracruzanos, si no determinantes, ser\u00e1n importantes por ser \u00e9sta la tercera entidad con el mayor padr\u00f3n electoral del pa\u00eds.<\/p>\n<p><strong>La dimensi\u00f3n de la bancada veracruzana<\/strong><br \/>\nUn enfoque simplista del reparto de posiciones en San L\u00e1zaro nos podr\u00eda indicar que si la alianza PRI-Verde tiene 20 diputaciones, le corresponder\u00edan dos comisiones ordinarias, porque hay 500 legisladores federal y 56 presidencias de comisi\u00f3n. Sin embargo, no se trata de la cantidad, sino de la calidad de esos espacios.<br \/>\nLos diputados federales pri\u00edstas de Veracruz regresaron de esa negociaci\u00f3n pr\u00e1cticamente con las manos vac\u00edas: el diputado Oswaldo Ch\u00e1zaro ya estaba muy perfilado para la comisi\u00f3n de ganader\u00eda, mientras que la de poblaci\u00f3n para Alberto Silva es casi igual a nada por intrascendente.<br \/>\nEn las presidencias de las comisiones m\u00e1s importantes de la C\u00e1mara Baja no existe presencia de los pri\u00edstas veracruzanos; a Miguel \u00c1ngel Yunes Linares, de Acci\u00f3n Nacional, le fue bien con la comisi\u00f3n de seguridad p\u00fablica, a pesar de los gritos e inconformidad del grupo veracruzano del PRI. Gonzalo Gu\u00edzar Valladares encabeza la de Asuntos Migratorios, que es m\u00e1s destacada que la de poblaci\u00f3n; si hubiera llegado por uno de los llamados partidos grandes, el de Coatzacoalcos muy probablemente se hubiera perdido en el ostracismo.<br \/>\nEn fin, el reparto de las comisiones y los pocos e insignificantes espacios asignados a los representantes de PRI-Verde por Veracruz no puede tomarse como un desprecio a la entidad veracruzana o a su poblaci\u00f3n, sino como el ninguneo y el menosprecio a su clase pol\u00edtica.<\/p>\n<p><strong>Casos de trata<\/strong><br \/>\nEste domingo, la Polic\u00eda Ministerial de Oaxaca rescat\u00f3 a 26 mujeres que eran v\u00edctimas de trata.<br \/>\nTodas ellas proced\u00edan de tres entidades del pa\u00eds: Sonora, Chiapas y Veracruz, y fueron prostituidas en la capital oaxaque\u00f1a; la mayor\u00eda, menores de edad.<br \/>\nEl procurador de justicia de Oaxaca, H\u00e9ctor Joaqu\u00edn Carrillo, inform\u00f3 a medios nacionales que en los \u00faltimos seis meses han desarticulado 12 bandas que se dedican a la trata de personas, e integrado 94 averiguaciones previas.<br \/>\nSer\u00eda bueno que ese problema se atienda desde su origen, sobre todo porque Veracruz es de las entidades con m\u00e1s denuncias en el pa\u00eds por trata de personas con fines de explotaci\u00f3n sexual, de acuerdo con datos de la UNODC, que es la Oficina de las Naciones Unidas contra la Droga y el Delito. @luisromero85<\/p>\n","protected":false},"excerpt":{"rendered":"<p>Luis Alberto Romero Hora Cero En el pasado proceso electoral federal, el Movimiento de Regeneraci\u00f3n Nacional se posicion\u00f3 muy r\u00e1pido, pr\u00e1cticamente sin hacer campa\u00f1a masiva, en las preferencias ciudadanas, alcanzando la victoria en dos de los distritos m\u00e1s importantes: Xalapa Urbano y Coatzacoalcos, con Cuitl\u00e1huac Garc\u00eda y Roc\u00edo Nahle, respectivamente. Ese resultado no puede considerarse [&hellip;]<\/p>\n","protected":false},"author":2,"featured_media":0,"comment_status":"open","ping_status":"open","sticky":false,"template":"","format":"standard","meta":{"tdm_status":"","tdm_grid_status":"","footnotes":""},"categories":[70],"tags":[618,371,1681,1026,3578,96],"class_list":{"0":"post-18157","1":"post","2":"type-post","3":"status-publish","4":"format-standard","6":"category-de-opinion","7":"tag-andres-manuel-lopez-obrador","8":"tag-coatzacoalcos","9":"tag-cuitlahuac-garcia","10":"tag-morena","11":"tag-rocio-nahle","12":"tag-xalapa"},"yoast_head":"<!-- This site is optimized with the Yoast SEO plugin v27.4 - https:\/\/yoast.com\/product\/yoast-seo-wordpress\/ -->\n<title>El efecto L\u00f3pez Obrador en Veracruz - Los pol\u00edticos Veracruz<\/title>\n<meta name=\"robots\" content=\"index, follow, max-snippet:-1, max-image-preview:large, max-video-preview:-1\" \/>\n<link rel=\"canonical\" href=\"https:\/\/lospoliticosveracruz.com\/?p=18157\" \/>\n<meta property=\"og:locale\" content=\"es_ES\" \/>\n<meta property=\"og:type\" content=\"article\" \/>\n<meta property=\"og:title\" content=\"El efecto L\u00f3pez Obrador en Veracruz - Los pol\u00edticos Veracruz\" \/>\n<meta property=\"og:description\" content=\"Luis Alberto Romero Hora Cero En el pasado proceso electoral federal, el Movimiento de Regeneraci\u00f3n Nacional se posicion\u00f3 muy r\u00e1pido, pr\u00e1cticamente sin hacer campa\u00f1a masiva, en las preferencias ciudadanas, alcanzando la victoria en dos de los distritos m\u00e1s importantes: Xalapa Urbano y Coatzacoalcos, con Cuitl\u00e1huac Garc\u00eda y Roc\u00edo Nahle, respectivamente. Ese resultado no puede considerarse [&hellip;]\" \/>\n<meta property=\"og:url\" content=\"https:\/\/lospoliticosveracruz.com\/?p=18157\" \/>\n<meta property=\"og:site_name\" content=\"Los pol\u00edticos Veracruz\" \/>\n<meta property=\"article:publisher\" content=\"https:\/\/www.facebook.com\/people\/Notimemes-de-los-Polticos\/61565672886568\/\" \/>\n<meta property=\"article:published_time\" content=\"2015-10-06T03:19:15+00:00\" \/>\n<meta property=\"og:image\" content=\"http:\/\/www.lospoliticosveracruz.com.mx\/wp-content\/uploads\/2015\/10\/Peje-300x157.jpg\" \/>\n<meta name=\"author\" content=\"Lo viste en Los Pol\u00edticos\" \/>\n<meta name=\"twitter:card\" content=\"summary_large_image\" \/>\n<meta name=\"twitter:creator\" content=\"@LosPoliticosVer\" \/>\n<meta name=\"twitter:site\" content=\"@LosPoliticosVer\" \/>\n<meta name=\"twitter:label1\" content=\"Escrito por\" \/>\n\t<meta name=\"twitter:data1\" content=\"Lo viste en Los Pol\u00edticos\" \/>\n\t<meta name=\"twitter:label2\" content=\"Tiempo de lectura\" \/>\n\t<meta name=\"twitter:data2\" content=\"4 minutos\" \/>\n<script type=\"application\/ld+json\" class=\"yoast-schema-graph\">{\"@context\":\"https:\\\/\\\/schema.org\",\"@graph\":[{\"@type\":\"Article\",\"@id\":\"https:\\\/\\\/lospoliticosveracruz.com\\\/?p=18157#article\",\"isPartOf\":{\"@id\":\"https:\\\/\\\/lospoliticosveracruz.com\\\/?p=18157\"},\"author\":{\"name\":\"Lo viste en Los Pol\u00edticos\",\"@id\":\"https:\\\/\\\/lospoliticosveracruz.com\\\/#\\\/schema\\\/person\\\/b8702bb0e538456e6efd07080bf2a4a2\"},\"headline\":\"El efecto L\u00f3pez Obrador en Veracruz\",\"datePublished\":\"2015-10-06T03:19:15+00:00\",\"mainEntityOfPage\":{\"@id\":\"https:\\\/\\\/lospoliticosveracruz.com\\\/?p=18157\"},\"wordCount\":877,\"commentCount\":0,\"publisher\":{\"@id\":\"https:\\\/\\\/lospoliticosveracruz.com\\\/#organization\"},\"image\":{\"@id\":\"https:\\\/\\\/lospoliticosveracruz.com\\\/?p=18157#primaryimage\"},\"thumbnailUrl\":\"http:\\\/\\\/www.lospoliticosveracruz.com.mx\\\/wp-content\\\/uploads\\\/2015\\\/10\\\/Peje-300x157.jpg\",\"keywords\":[\"Andr\u00e9s Manuel L\u00f3pez Obrador\",\"Coatzacoalcos\",\"Cuitl\u00e1huac Garc\u00eda\",\"Morena\",\"Roc\u00edo Nahle\",\"Xalapa\"],\"articleSection\":[\"De Opini\u00f3n\"],\"inLanguage\":\"es\",\"potentialAction\":[{\"@type\":\"CommentAction\",\"name\":\"Comment\",\"target\":[\"https:\\\/\\\/lospoliticosveracruz.com\\\/?p=18157#respond\"]}]},{\"@type\":\"WebPage\",\"@id\":\"https:\\\/\\\/lospoliticosveracruz.com\\\/?p=18157\",\"url\":\"https:\\\/\\\/lospoliticosveracruz.com\\\/?p=18157\",\"name\":\"El efecto L\u00f3pez Obrador en Veracruz - Los pol\u00edticos Veracruz\",\"isPartOf\":{\"@id\":\"https:\\\/\\\/lospoliticosveracruz.com\\\/#website\"},\"primaryImageOfPage\":{\"@id\":\"https:\\\/\\\/lospoliticosveracruz.com\\\/?p=18157#primaryimage\"},\"image\":{\"@id\":\"https:\\\/\\\/lospoliticosveracruz.com\\\/?p=18157#primaryimage\"},\"thumbnailUrl\":\"http:\\\/\\\/www.lospoliticosveracruz.com.mx\\\/wp-content\\\/uploads\\\/2015\\\/10\\\/Peje-300x157.jpg\",\"datePublished\":\"2015-10-06T03:19:15+00:00\",\"breadcrumb\":{\"@id\":\"https:\\\/\\\/lospoliticosveracruz.com\\\/?p=18157#breadcrumb\"},\"inLanguage\":\"es\",\"potentialAction\":[{\"@type\":\"ReadAction\",\"target\":[\"https:\\\/\\\/lospoliticosveracruz.com\\\/?p=18157\"]}]},{\"@type\":\"ImageObject\",\"inLanguage\":\"es\",\"@id\":\"https:\\\/\\\/lospoliticosveracruz.com\\\/?p=18157#primaryimage\",\"url\":\"http:\\\/\\\/www.lospoliticosveracruz.com.mx\\\/wp-content\\\/uploads\\\/2015\\\/10\\\/Peje-300x157.jpg\",\"contentUrl\":\"http:\\\/\\\/www.lospoliticosveracruz.com.mx\\\/wp-content\\\/uploads\\\/2015\\\/10\\\/Peje-300x157.jpg\"},{\"@type\":\"BreadcrumbList\",\"@id\":\"https:\\\/\\\/lospoliticosveracruz.com\\\/?p=18157#breadcrumb\",\"itemListElement\":[{\"@type\":\"ListItem\",\"position\":1,\"name\":\"Portada\",\"item\":\"https:\\\/\\\/lospoliticosveracruz.com\\\/\"},{\"@type\":\"ListItem\",\"position\":2,\"name\":\"El efecto L\u00f3pez Obrador en Veracruz\"}]},{\"@type\":\"WebSite\",\"@id\":\"https:\\\/\\\/lospoliticosveracruz.com\\\/#website\",\"url\":\"https:\\\/\\\/lospoliticosveracruz.com\\\/\",\"name\":\"Los pol\u00edticos Veracruz\",\"description\":\"\",\"publisher\":{\"@id\":\"https:\\\/\\\/lospoliticosveracruz.com\\\/#organization\"},\"potentialAction\":[{\"@type\":\"SearchAction\",\"target\":{\"@type\":\"EntryPoint\",\"urlTemplate\":\"https:\\\/\\\/lospoliticosveracruz.com\\\/?s={search_term_string}\"},\"query-input\":{\"@type\":\"PropertyValueSpecification\",\"valueRequired\":true,\"valueName\":\"search_term_string\"}}],\"inLanguage\":\"es\"},{\"@type\":\"Organization\",\"@id\":\"https:\\\/\\\/lospoliticosveracruz.com\\\/#organization\",\"name\":\"Los pol\u00edticos Veracruz\",\"url\":\"https:\\\/\\\/lospoliticosveracruz.com\\\/\",\"logo\":{\"@type\":\"ImageObject\",\"inLanguage\":\"es\",\"@id\":\"https:\\\/\\\/lospoliticosveracruz.com\\\/#\\\/schema\\\/logo\\\/image\\\/\",\"url\":\"https:\\\/\\\/lospoliticosveracruz.com\\\/wp-content\\\/uploads\\\/2025\\\/12\\\/Logo-Nuevo-LOS-POLITICOS-1.jpg\",\"contentUrl\":\"https:\\\/\\\/lospoliticosveracruz.com\\\/wp-content\\\/uploads\\\/2025\\\/12\\\/Logo-Nuevo-LOS-POLITICOS-1.jpg\",\"width\":260,\"height\":70,\"caption\":\"Los pol\u00edticos Veracruz\"},\"image\":{\"@id\":\"https:\\\/\\\/lospoliticosveracruz.com\\\/#\\\/schema\\\/logo\\\/image\\\/\"},\"sameAs\":[\"https:\\\/\\\/www.facebook.com\\\/people\\\/Notimemes-de-los-Polticos\\\/61565672886568\\\/\",\"https:\\\/\\\/x.com\\\/LosPoliticosVer\"]},{\"@type\":\"Person\",\"@id\":\"https:\\\/\\\/lospoliticosveracruz.com\\\/#\\\/schema\\\/person\\\/b8702bb0e538456e6efd07080bf2a4a2\",\"name\":\"Lo viste en Los Pol\u00edticos\",\"image\":{\"@type\":\"ImageObject\",\"inLanguage\":\"es\",\"@id\":\"https:\\\/\\\/secure.gravatar.com\\\/avatar\\\/3a8de04a2656d44082be478bd6c086daa447c4651605818287b9532d3d0bd435?s=96&d=mm&r=g\",\"url\":\"https:\\\/\\\/secure.gravatar.com\\\/avatar\\\/3a8de04a2656d44082be478bd6c086daa447c4651605818287b9532d3d0bd435?s=96&d=mm&r=g\",\"contentUrl\":\"https:\\\/\\\/secure.gravatar.com\\\/avatar\\\/3a8de04a2656d44082be478bd6c086daa447c4651605818287b9532d3d0bd435?s=96&d=mm&r=g\",\"caption\":\"Lo viste en Los Pol\u00edticos\"},\"url\":\"https:\\\/\\\/lospoliticosveracruz.com\\\/?author=2\"}]}<\/script>\n<!-- \/ Yoast SEO plugin. -->","yoast_head_json":{"title":"El efecto L\u00f3pez Obrador en Veracruz - Los pol\u00edticos Veracruz","robots":{"index":"index","follow":"follow","max-snippet":"max-snippet:-1","max-image-preview":"max-image-preview:large","max-video-preview":"max-video-preview:-1"},"canonical":"https:\/\/lospoliticosveracruz.com\/?p=18157","og_locale":"es_ES","og_type":"article","og_title":"El efecto L\u00f3pez Obrador en Veracruz - Los pol\u00edticos Veracruz","og_description":"Luis Alberto Romero Hora Cero En el pasado proceso electoral federal, el Movimiento de Regeneraci\u00f3n Nacional se posicion\u00f3 muy r\u00e1pido, pr\u00e1cticamente sin hacer campa\u00f1a masiva, en las preferencias ciudadanas, alcanzando la victoria en dos de los distritos m\u00e1s importantes: Xalapa Urbano y Coatzacoalcos, con Cuitl\u00e1huac Garc\u00eda y Roc\u00edo Nahle, respectivamente. Ese resultado no puede considerarse [&hellip;]","og_url":"https:\/\/lospoliticosveracruz.com\/?p=18157","og_site_name":"Los pol\u00edticos Veracruz","article_publisher":"https:\/\/www.facebook.com\/people\/Notimemes-de-los-Polticos\/61565672886568\/","article_published_time":"2015-10-06T03:19:15+00:00","og_image":[{"url":"http:\/\/www.lospoliticosveracruz.com.mx\/wp-content\/uploads\/2015\/10\/Peje-300x157.jpg","type":"","width":"","height":""}],"author":"Lo viste en Los Pol\u00edticos","twitter_card":"summary_large_image","twitter_creator":"@LosPoliticosVer","twitter_site":"@LosPoliticosVer","twitter_misc":{"Escrito por":"Lo viste en Los Pol\u00edticos","Tiempo de lectura":"4 minutos"},"schema":{"@context":"https:\/\/schema.org","@graph":[{"@type":"Article","@id":"https:\/\/lospoliticosveracruz.com\/?p=18157#article","isPartOf":{"@id":"https:\/\/lospoliticosveracruz.com\/?p=18157"},"author":{"name":"Lo viste en Los Pol\u00edticos","@id":"https:\/\/lospoliticosveracruz.com\/#\/schema\/person\/b8702bb0e538456e6efd07080bf2a4a2"},"headline":"El efecto L\u00f3pez Obrador en Veracruz","datePublished":"2015-10-06T03:19:15+00:00","mainEntityOfPage":{"@id":"https:\/\/lospoliticosveracruz.com\/?p=18157"},"wordCount":877,"commentCount":0,"publisher":{"@id":"https:\/\/lospoliticosveracruz.com\/#organization"},"image":{"@id":"https:\/\/lospoliticosveracruz.com\/?p=18157#primaryimage"},"thumbnailUrl":"http:\/\/www.lospoliticosveracruz.com.mx\/wp-content\/uploads\/2015\/10\/Peje-300x157.jpg","keywords":["Andr\u00e9s Manuel L\u00f3pez Obrador","Coatzacoalcos","Cuitl\u00e1huac Garc\u00eda","Morena","Roc\u00edo Nahle","Xalapa"],"articleSection":["De Opini\u00f3n"],"inLanguage":"es","potentialAction":[{"@type":"CommentAction","name":"Comment","target":["https:\/\/lospoliticosveracruz.com\/?p=18157#respond"]}]},{"@type":"WebPage","@id":"https:\/\/lospoliticosveracruz.com\/?p=18157","url":"https:\/\/lospoliticosveracruz.com\/?p=18157","name":"El efecto L\u00f3pez Obrador en Veracruz - Los pol\u00edticos Veracruz","isPartOf":{"@id":"https:\/\/lospoliticosveracruz.com\/#website"},"primaryImageOfPage":{"@id":"https:\/\/lospoliticosveracruz.com\/?p=18157#primaryimage"},"image":{"@id":"https:\/\/lospoliticosveracruz.com\/?p=18157#primaryimage"},"thumbnailUrl":"http:\/\/www.lospoliticosveracruz.com.mx\/wp-content\/uploads\/2015\/10\/Peje-300x157.jpg","datePublished":"2015-10-06T03:19:15+00:00","breadcrumb":{"@id":"https:\/\/lospoliticosveracruz.com\/?p=18157#breadcrumb"},"inLanguage":"es","potentialAction":[{"@type":"ReadAction","target":["https:\/\/lospoliticosveracruz.com\/?p=18157"]}]},{"@type":"ImageObject","inLanguage":"es","@id":"https:\/\/lospoliticosveracruz.com\/?p=18157#primaryimage","url":"http:\/\/www.lospoliticosveracruz.com.mx\/wp-content\/uploads\/2015\/10\/Peje-300x157.jpg","contentUrl":"http:\/\/www.lospoliticosveracruz.com.mx\/wp-content\/uploads\/2015\/10\/Peje-300x157.jpg"},{"@type":"BreadcrumbList","@id":"https:\/\/lospoliticosveracruz.com\/?p=18157#breadcrumb","itemListElement":[{"@type":"ListItem","position":1,"name":"Portada","item":"https:\/\/lospoliticosveracruz.com\/"},{"@type":"ListItem","position":2,"name":"El efecto L\u00f3pez Obrador en Veracruz"}]},{"@type":"WebSite","@id":"https:\/\/lospoliticosveracruz.com\/#website","url":"https:\/\/lospoliticosveracruz.com\/","name":"Los pol\u00edticos Veracruz","description":"","publisher":{"@id":"https:\/\/lospoliticosveracruz.com\/#organization"},"potentialAction":[{"@type":"SearchAction","target":{"@type":"EntryPoint","urlTemplate":"https:\/\/lospoliticosveracruz.com\/?s={search_term_string}"},"query-input":{"@type":"PropertyValueSpecification","valueRequired":true,"valueName":"search_term_string"}}],"inLanguage":"es"},{"@type":"Organization","@id":"https:\/\/lospoliticosveracruz.com\/#organization","name":"Los pol\u00edticos Veracruz","url":"https:\/\/lospoliticosveracruz.com\/","logo":{"@type":"ImageObject","inLanguage":"es","@id":"https:\/\/lospoliticosveracruz.com\/#\/schema\/logo\/image\/","url":"https:\/\/lospoliticosveracruz.com\/wp-content\/uploads\/2025\/12\/Logo-Nuevo-LOS-POLITICOS-1.jpg","contentUrl":"https:\/\/lospoliticosveracruz.com\/wp-content\/uploads\/2025\/12\/Logo-Nuevo-LOS-POLITICOS-1.jpg","width":260,"height":70,"caption":"Los pol\u00edticos Veracruz"},"image":{"@id":"https:\/\/lospoliticosveracruz.com\/#\/schema\/logo\/image\/"},"sameAs":["https:\/\/www.facebook.com\/people\/Notimemes-de-los-Polticos\/61565672886568\/","https:\/\/x.com\/LosPoliticosVer"]},{"@type":"Person","@id":"https:\/\/lospoliticosveracruz.com\/#\/schema\/person\/b8702bb0e538456e6efd07080bf2a4a2","name":"Lo viste en Los Pol\u00edticos","image":{"@type":"ImageObject","inLanguage":"es","@id":"https:\/\/secure.gravatar.com\/avatar\/3a8de04a2656d44082be478bd6c086daa447c4651605818287b9532d3d0bd435?s=96&d=mm&r=g","url":"https:\/\/secure.gravatar.com\/avatar\/3a8de04a2656d44082be478bd6c086daa447c4651605818287b9532d3d0bd435?s=96&d=mm&r=g","contentUrl":"https:\/\/secure.gravatar.com\/avatar\/3a8de04a2656d44082be478bd6c086daa447c4651605818287b9532d3d0bd435?s=96&d=mm&r=g","caption":"Lo viste en Los Pol\u00edticos"},"url":"https:\/\/lospoliticosveracruz.com\/?author=2"}]}},"_links":{"self":[{"href":"https:\/\/lospoliticosveracruz.com\/index.php?rest_route=\/wp\/v2\/posts\/18157","targetHints":{"allow":["GET"]}}],"collection":[{"href":"https:\/\/lospoliticosveracruz.com\/index.php?rest_route=\/wp\/v2\/posts"}],"about":[{"href":"https:\/\/lospoliticosveracruz.com\/index.php?rest_route=\/wp\/v2\/types\/post"}],"author":[{"embeddable":true,"href":"https:\/\/lospoliticosveracruz.com\/index.php?rest_route=\/wp\/v2\/users\/2"}],"replies":[{"embeddable":true,"href":"https:\/\/lospoliticosveracruz.com\/index.php?rest_route=%2Fwp%2Fv2%2Fcomments&post=18157"}],"version-history":[{"count":1,"href":"https:\/\/lospoliticosveracruz.com\/index.php?rest_route=\/wp\/v2\/posts\/18157\/revisions"}],"predecessor-version":[{"id":18159,"href":"https:\/\/lospoliticosveracruz.com\/index.php?rest_route=\/wp\/v2\/posts\/18157\/revisions\/18159"}],"wp:attachment":[{"href":"https:\/\/lospoliticosveracruz.com\/index.php?rest_route=%2Fwp%2Fv2%2Fmedia&parent=18157"}],"wp:term":[{"taxonomy":"category","embeddable":true,"href":"https:\/\/lospoliticosveracruz.com\/index.php?rest_route=%2Fwp%2Fv2%2Fcategories&post=18157"},{"taxonomy":"post_tag","embeddable":true,"href":"https:\/\/lospoliticosveracruz.com\/index.php?rest_route=%2Fwp%2Fv2%2Ftags&post=18157"}],"curies":[{"name":"wp","href":"https:\/\/api.w.org\/{rel}","templated":true}]}}