{"id":18200,"date":"2015-10-07T19:20:05","date_gmt":"2015-10-08T00:20:05","guid":{"rendered":"http:\/\/www.lospoliticosveracruz.com.mx\/?p=18200"},"modified":"2015-10-07T19:20:05","modified_gmt":"2015-10-08T00:20:05","slug":"la-mediocridad-el-gran-ideal","status":"publish","type":"post","link":"https:\/\/lospoliticosveracruz.com\/?p=18200","title":{"rendered":"La mediocridad, el gran ideal"},"content":{"rendered":"<p><a href=\"http:\/\/www.lospoliticosveracruz.com.mx\/wp-content\/uploads\/2014\/12\/Policias.jpg\"><img loading=\"lazy\" decoding=\"async\" class=\"alignnone size-medium wp-image-13816\" src=\"http:\/\/www.lospoliticosveracruz.com.mx\/wp-content\/uploads\/2014\/12\/Policias-300x122.jpg\" alt=\"Policias\" width=\"300\" height=\"122\" \/><\/a><br \/>\n<strong>Jorge Arturo Rodr\u00edguez<\/strong><\/p>\n<p><em>Tierra de Babel<\/em><\/p>\n<p>Hab\u00eda pensado comentarles sobre la inseguridad que diariamente padecemos, referirme al crecimiento desbordado de la violencia y la pobreza, y, en consecuencia, del descr\u00e9dito de nuestras instituciones. Pero creo que ya lo sabemos y estamos hartos, encanijados y nos inquietan las preguntamos: \u00bfseguir\u00e1 creciendo la hidra de la descomposici\u00f3n?, \u00bfo el Leviat\u00e1n?, \u00bfhasta cu\u00e1ndo?<br \/>\nLejos de ponernos sabihondos \u2013quiz\u00e1s sea mejor actuar, con prudencia claro-, escribi\u00f3 Max Aub que \u201cel hombre de nuestro tiempo s\u00f3lo considera fracasos. El \u00faltimo gran mito cae ya, no de viejo, sino por potente. La grandeza humana s\u00f3lo se mide por lo que pudo ser. No vamos a ninguna parte, el gran ideal es, ahora, la mediocridad (\u2026), no nos atrevemos a gritar en el enorme proceso de nuestro tiempo. Aceptamos lo que nos imponen con voluntad deliberada, no discrepamos, todos conformes\u201d. La interrogante \u201c\u00bfhasta cu\u00e1ndo?\u201d nos debe aguijonear a contestarla nosotros mismos. \u00bfO no?<br \/>\nSeg\u00fan la Encuesta Nacional de Victimizaci\u00f3n y Percepci\u00f3n sobre Seguridad P\u00fablica 2015 (ENVIPE), del INEGI, durante 2014 hubo 22.8 millones de v\u00edctimas de 18 a\u00f1os y m\u00e1s, lo cual representa una tasa de 28,200 v\u00edctimas por cada cien mil habitantes durante este a\u00f1o, cifra estad\u00edsticamente equivalente a la estimada para 2013.<br \/>\nDel total de los delitos ocurridos durante 2014. la extorsi\u00f3n sigue siendo el segundo delito m\u00e1s frecuente representando 23.6%. El nivel de delitos no denunciados o que no derivaron en averiguaci\u00f3n previa fue de 92.8% a nivel nacional durante 2014 mientras que en 2013 fue de 93.8 por ciento.<br \/>\nDe acuerdo con la ENVIPE, los principales motivos que llevan a la poblaci\u00f3n v\u00edctima de un delito a no denunciar son circunstancias atribuibles a la autoridad, como considerar la denuncia como una p\u00e9rdida de tiempo con 32.2% y la desconfianza en la autoridad con 16.8 por ciento. La percepci\u00f3n de inseguridad en las entidades federativas al momento del levantamiento de la encuesta (marzo-abril 2015), lleg\u00f3 a 73.2% de la poblaci\u00f3n de 18 a\u00f1os y m\u00e1s, manteni\u00e9ndose en niveles similares que en 2014. Ustedes dir\u00e1n.<\/p>\n<p><strong>Los d\u00edas y los temas<\/strong><\/p>\n<p>\u00bfYa leyeron \u201cElogio al ronquido\u201d, de Magno Garcimarrero? Se los recomiendo. Por no ahondar en el asunto, s\u00f3lo les paso el dato. El 40 por ciento de la poblaci\u00f3n mexicana tiene mala calidad del sue\u00f1o y cinco de cada 100 pacientes adultos registran trastornos respiratorios (ronquidos o apneas) que les impiden dormir adecuadamente\u201d, seg\u00fan Ulises Jim\u00e9nez Correa, de la UNAM. (La Jornada\/12-07-15).<br \/>\nMax Aub, en Cr\u00edmenes ejemplares, escribi\u00f3: \u201cRoncaba. Al que ronca, si es de la familia, se le perdona. Pero el roncador aquel ni siquiera sab\u00eda yo la cara que ten\u00eda. Su ronquido atravesaba las paredes. Me quej\u00e9 al casero. Se ri\u00f3. Fui a ver al autor de tan descomunales ruidos. Casi me ech\u00f3.<br \/>\n-Yo no tengo la culpa. Yo no ronco. Y si ronco, \u00a1qu\u00e9 le vamos a hacer!, tengo derecho. C\u00f3mprese algod\u00f3n hidr\u00f3filo\u2026<br \/>\nYa no pod\u00eda dormir: si roncaba, por el ruido; si no, esper\u00e1ndolo. Pegando golpes en la pared callaba un momento\u2026 pero en seguida volv\u00ed a empezar. No tienen ustedes idea de lo que es ser centinela de un ruido. Una catarata. Un volumen tremendo de aire, una fiera acorralada, el estertor de cien moribundos, me rasgaba las entra\u00f1as emponzo\u00f1\u00e1ndome el o\u00eddo, y no pod\u00eda dormir. Y no me daba la gana de cambiar de casa. \u00bfD\u00f3nde iba yo a pagar tan poco? El tiro se lo pegu\u00e9 con la escopeta de mi sobrino\u201d.<\/p>\n","protected":false},"excerpt":{"rendered":"<p>Jorge Arturo Rodr\u00edguez Tierra de Babel Hab\u00eda pensado comentarles sobre la inseguridad que diariamente padecemos, referirme al crecimiento desbordado de la violencia y la pobreza, y, en consecuencia, del descr\u00e9dito de nuestras instituciones. Pero creo que ya lo sabemos y estamos hartos, encanijados y nos inquietan las preguntamos: \u00bfseguir\u00e1 creciendo la hidra de la descomposici\u00f3n?, [&hellip;]<\/p>\n","protected":false},"author":2,"featured_media":0,"comment_status":"open","ping_status":"open","sticky":false,"template":"","format":"standard","meta":{"tdm_status":"","tdm_grid_status":"","footnotes":""},"categories":[70],"tags":[176,680,177],"class_list":{"0":"post-18200","1":"post","2":"type-post","3":"status-publish","4":"format-standard","6":"category-de-opinion","7":"tag-envipe","8":"tag-magno-garcimarrero","9":"tag-seguridad-publica"},"yoast_head":"<!-- This site is optimized with the Yoast SEO plugin v27.4 - https:\/\/yoast.com\/product\/yoast-seo-wordpress\/ -->\n<title>La mediocridad, el gran ideal - Los pol\u00edticos Veracruz<\/title>\n<meta name=\"robots\" content=\"index, follow, max-snippet:-1, max-image-preview:large, max-video-preview:-1\" \/>\n<link rel=\"canonical\" href=\"https:\/\/lospoliticosveracruz.com\/?p=18200\" \/>\n<meta property=\"og:locale\" content=\"es_ES\" \/>\n<meta property=\"og:type\" content=\"article\" \/>\n<meta property=\"og:title\" content=\"La mediocridad, el gran ideal - Los pol\u00edticos Veracruz\" \/>\n<meta property=\"og:description\" content=\"Jorge Arturo Rodr\u00edguez Tierra de Babel Hab\u00eda pensado comentarles sobre la inseguridad que diariamente padecemos, referirme al crecimiento desbordado de la violencia y la pobreza, y, en consecuencia, del descr\u00e9dito de nuestras instituciones. Pero creo que ya lo sabemos y estamos hartos, encanijados y nos inquietan las preguntamos: \u00bfseguir\u00e1 creciendo la hidra de la descomposici\u00f3n?, [&hellip;]\" \/>\n<meta property=\"og:url\" content=\"https:\/\/lospoliticosveracruz.com\/?p=18200\" \/>\n<meta property=\"og:site_name\" content=\"Los pol\u00edticos Veracruz\" \/>\n<meta property=\"article:publisher\" content=\"https:\/\/www.facebook.com\/people\/Notimemes-de-los-Polticos\/61565672886568\/\" \/>\n<meta property=\"article:published_time\" content=\"2015-10-08T00:20:05+00:00\" \/>\n<meta property=\"og:image\" content=\"http:\/\/www.lospoliticosveracruz.com.mx\/wp-content\/uploads\/2014\/12\/Policias-300x122.jpg\" \/>\n<meta name=\"author\" content=\"Lo viste en Los Pol\u00edticos\" \/>\n<meta name=\"twitter:card\" content=\"summary_large_image\" \/>\n<meta name=\"twitter:creator\" content=\"@LosPoliticosVer\" \/>\n<meta name=\"twitter:site\" content=\"@LosPoliticosVer\" \/>\n<meta name=\"twitter:label1\" content=\"Escrito por\" \/>\n\t<meta name=\"twitter:data1\" content=\"Lo viste en Los Pol\u00edticos\" \/>\n\t<meta name=\"twitter:label2\" content=\"Tiempo de lectura\" \/>\n\t<meta name=\"twitter:data2\" content=\"3 minutos\" \/>\n<script type=\"application\/ld+json\" class=\"yoast-schema-graph\">{\"@context\":\"https:\\\/\\\/schema.org\",\"@graph\":[{\"@type\":\"Article\",\"@id\":\"https:\\\/\\\/lospoliticosveracruz.com\\\/?p=18200#article\",\"isPartOf\":{\"@id\":\"https:\\\/\\\/lospoliticosveracruz.com\\\/?p=18200\"},\"author\":{\"name\":\"Lo viste en Los Pol\u00edticos\",\"@id\":\"https:\\\/\\\/lospoliticosveracruz.com\\\/#\\\/schema\\\/person\\\/b8702bb0e538456e6efd07080bf2a4a2\"},\"headline\":\"La mediocridad, el gran ideal\",\"datePublished\":\"2015-10-08T00:20:05+00:00\",\"mainEntityOfPage\":{\"@id\":\"https:\\\/\\\/lospoliticosveracruz.com\\\/?p=18200\"},\"wordCount\":611,\"commentCount\":0,\"publisher\":{\"@id\":\"https:\\\/\\\/lospoliticosveracruz.com\\\/#organization\"},\"image\":{\"@id\":\"https:\\\/\\\/lospoliticosveracruz.com\\\/?p=18200#primaryimage\"},\"thumbnailUrl\":\"http:\\\/\\\/www.lospoliticosveracruz.com.mx\\\/wp-content\\\/uploads\\\/2014\\\/12\\\/Policias-300x122.jpg\",\"keywords\":[\"Envipe\",\"Magno Garcimarrero\",\"Seguridad P\u00fablica\"],\"articleSection\":[\"De Opini\u00f3n\"],\"inLanguage\":\"es\",\"potentialAction\":[{\"@type\":\"CommentAction\",\"name\":\"Comment\",\"target\":[\"https:\\\/\\\/lospoliticosveracruz.com\\\/?p=18200#respond\"]}]},{\"@type\":\"WebPage\",\"@id\":\"https:\\\/\\\/lospoliticosveracruz.com\\\/?p=18200\",\"url\":\"https:\\\/\\\/lospoliticosveracruz.com\\\/?p=18200\",\"name\":\"La mediocridad, el gran ideal - Los pol\u00edticos Veracruz\",\"isPartOf\":{\"@id\":\"https:\\\/\\\/lospoliticosveracruz.com\\\/#website\"},\"primaryImageOfPage\":{\"@id\":\"https:\\\/\\\/lospoliticosveracruz.com\\\/?p=18200#primaryimage\"},\"image\":{\"@id\":\"https:\\\/\\\/lospoliticosveracruz.com\\\/?p=18200#primaryimage\"},\"thumbnailUrl\":\"http:\\\/\\\/www.lospoliticosveracruz.com.mx\\\/wp-content\\\/uploads\\\/2014\\\/12\\\/Policias-300x122.jpg\",\"datePublished\":\"2015-10-08T00:20:05+00:00\",\"breadcrumb\":{\"@id\":\"https:\\\/\\\/lospoliticosveracruz.com\\\/?p=18200#breadcrumb\"},\"inLanguage\":\"es\",\"potentialAction\":[{\"@type\":\"ReadAction\",\"target\":[\"https:\\\/\\\/lospoliticosveracruz.com\\\/?p=18200\"]}]},{\"@type\":\"ImageObject\",\"inLanguage\":\"es\",\"@id\":\"https:\\\/\\\/lospoliticosveracruz.com\\\/?p=18200#primaryimage\",\"url\":\"http:\\\/\\\/www.lospoliticosveracruz.com.mx\\\/wp-content\\\/uploads\\\/2014\\\/12\\\/Policias-300x122.jpg\",\"contentUrl\":\"http:\\\/\\\/www.lospoliticosveracruz.com.mx\\\/wp-content\\\/uploads\\\/2014\\\/12\\\/Policias-300x122.jpg\"},{\"@type\":\"BreadcrumbList\",\"@id\":\"https:\\\/\\\/lospoliticosveracruz.com\\\/?p=18200#breadcrumb\",\"itemListElement\":[{\"@type\":\"ListItem\",\"position\":1,\"name\":\"Portada\",\"item\":\"https:\\\/\\\/lospoliticosveracruz.com\\\/\"},{\"@type\":\"ListItem\",\"position\":2,\"name\":\"La mediocridad, el gran ideal\"}]},{\"@type\":\"WebSite\",\"@id\":\"https:\\\/\\\/lospoliticosveracruz.com\\\/#website\",\"url\":\"https:\\\/\\\/lospoliticosveracruz.com\\\/\",\"name\":\"Los pol\u00edticos Veracruz\",\"description\":\"\",\"publisher\":{\"@id\":\"https:\\\/\\\/lospoliticosveracruz.com\\\/#organization\"},\"potentialAction\":[{\"@type\":\"SearchAction\",\"target\":{\"@type\":\"EntryPoint\",\"urlTemplate\":\"https:\\\/\\\/lospoliticosveracruz.com\\\/?s={search_term_string}\"},\"query-input\":{\"@type\":\"PropertyValueSpecification\",\"valueRequired\":true,\"valueName\":\"search_term_string\"}}],\"inLanguage\":\"es\"},{\"@type\":\"Organization\",\"@id\":\"https:\\\/\\\/lospoliticosveracruz.com\\\/#organization\",\"name\":\"Los pol\u00edticos Veracruz\",\"url\":\"https:\\\/\\\/lospoliticosveracruz.com\\\/\",\"logo\":{\"@type\":\"ImageObject\",\"inLanguage\":\"es\",\"@id\":\"https:\\\/\\\/lospoliticosveracruz.com\\\/#\\\/schema\\\/logo\\\/image\\\/\",\"url\":\"https:\\\/\\\/lospoliticosveracruz.com\\\/wp-content\\\/uploads\\\/2025\\\/12\\\/Logo-Nuevo-LOS-POLITICOS-1.jpg\",\"contentUrl\":\"https:\\\/\\\/lospoliticosveracruz.com\\\/wp-content\\\/uploads\\\/2025\\\/12\\\/Logo-Nuevo-LOS-POLITICOS-1.jpg\",\"width\":260,\"height\":70,\"caption\":\"Los pol\u00edticos Veracruz\"},\"image\":{\"@id\":\"https:\\\/\\\/lospoliticosveracruz.com\\\/#\\\/schema\\\/logo\\\/image\\\/\"},\"sameAs\":[\"https:\\\/\\\/www.facebook.com\\\/people\\\/Notimemes-de-los-Polticos\\\/61565672886568\\\/\",\"https:\\\/\\\/x.com\\\/LosPoliticosVer\"]},{\"@type\":\"Person\",\"@id\":\"https:\\\/\\\/lospoliticosveracruz.com\\\/#\\\/schema\\\/person\\\/b8702bb0e538456e6efd07080bf2a4a2\",\"name\":\"Lo viste en Los Pol\u00edticos\",\"image\":{\"@type\":\"ImageObject\",\"inLanguage\":\"es\",\"@id\":\"https:\\\/\\\/secure.gravatar.com\\\/avatar\\\/3a8de04a2656d44082be478bd6c086daa447c4651605818287b9532d3d0bd435?s=96&d=mm&r=g\",\"url\":\"https:\\\/\\\/secure.gravatar.com\\\/avatar\\\/3a8de04a2656d44082be478bd6c086daa447c4651605818287b9532d3d0bd435?s=96&d=mm&r=g\",\"contentUrl\":\"https:\\\/\\\/secure.gravatar.com\\\/avatar\\\/3a8de04a2656d44082be478bd6c086daa447c4651605818287b9532d3d0bd435?s=96&d=mm&r=g\",\"caption\":\"Lo viste en Los Pol\u00edticos\"},\"url\":\"https:\\\/\\\/lospoliticosveracruz.com\\\/?author=2\"}]}<\/script>\n<!-- \/ Yoast SEO plugin. -->","yoast_head_json":{"title":"La mediocridad, el gran ideal - Los pol\u00edticos Veracruz","robots":{"index":"index","follow":"follow","max-snippet":"max-snippet:-1","max-image-preview":"max-image-preview:large","max-video-preview":"max-video-preview:-1"},"canonical":"https:\/\/lospoliticosveracruz.com\/?p=18200","og_locale":"es_ES","og_type":"article","og_title":"La mediocridad, el gran ideal - Los pol\u00edticos Veracruz","og_description":"Jorge Arturo Rodr\u00edguez Tierra de Babel Hab\u00eda pensado comentarles sobre la inseguridad que diariamente padecemos, referirme al crecimiento desbordado de la violencia y la pobreza, y, en consecuencia, del descr\u00e9dito de nuestras instituciones. Pero creo que ya lo sabemos y estamos hartos, encanijados y nos inquietan las preguntamos: \u00bfseguir\u00e1 creciendo la hidra de la descomposici\u00f3n?, [&hellip;]","og_url":"https:\/\/lospoliticosveracruz.com\/?p=18200","og_site_name":"Los pol\u00edticos Veracruz","article_publisher":"https:\/\/www.facebook.com\/people\/Notimemes-de-los-Polticos\/61565672886568\/","article_published_time":"2015-10-08T00:20:05+00:00","og_image":[{"url":"http:\/\/www.lospoliticosveracruz.com.mx\/wp-content\/uploads\/2014\/12\/Policias-300x122.jpg","type":"","width":"","height":""}],"author":"Lo viste en Los Pol\u00edticos","twitter_card":"summary_large_image","twitter_creator":"@LosPoliticosVer","twitter_site":"@LosPoliticosVer","twitter_misc":{"Escrito por":"Lo viste en Los Pol\u00edticos","Tiempo de lectura":"3 minutos"},"schema":{"@context":"https:\/\/schema.org","@graph":[{"@type":"Article","@id":"https:\/\/lospoliticosveracruz.com\/?p=18200#article","isPartOf":{"@id":"https:\/\/lospoliticosveracruz.com\/?p=18200"},"author":{"name":"Lo viste en Los Pol\u00edticos","@id":"https:\/\/lospoliticosveracruz.com\/#\/schema\/person\/b8702bb0e538456e6efd07080bf2a4a2"},"headline":"La mediocridad, el gran ideal","datePublished":"2015-10-08T00:20:05+00:00","mainEntityOfPage":{"@id":"https:\/\/lospoliticosveracruz.com\/?p=18200"},"wordCount":611,"commentCount":0,"publisher":{"@id":"https:\/\/lospoliticosveracruz.com\/#organization"},"image":{"@id":"https:\/\/lospoliticosveracruz.com\/?p=18200#primaryimage"},"thumbnailUrl":"http:\/\/www.lospoliticosveracruz.com.mx\/wp-content\/uploads\/2014\/12\/Policias-300x122.jpg","keywords":["Envipe","Magno Garcimarrero","Seguridad P\u00fablica"],"articleSection":["De Opini\u00f3n"],"inLanguage":"es","potentialAction":[{"@type":"CommentAction","name":"Comment","target":["https:\/\/lospoliticosveracruz.com\/?p=18200#respond"]}]},{"@type":"WebPage","@id":"https:\/\/lospoliticosveracruz.com\/?p=18200","url":"https:\/\/lospoliticosveracruz.com\/?p=18200","name":"La mediocridad, el gran ideal - Los pol\u00edticos Veracruz","isPartOf":{"@id":"https:\/\/lospoliticosveracruz.com\/#website"},"primaryImageOfPage":{"@id":"https:\/\/lospoliticosveracruz.com\/?p=18200#primaryimage"},"image":{"@id":"https:\/\/lospoliticosveracruz.com\/?p=18200#primaryimage"},"thumbnailUrl":"http:\/\/www.lospoliticosveracruz.com.mx\/wp-content\/uploads\/2014\/12\/Policias-300x122.jpg","datePublished":"2015-10-08T00:20:05+00:00","breadcrumb":{"@id":"https:\/\/lospoliticosveracruz.com\/?p=18200#breadcrumb"},"inLanguage":"es","potentialAction":[{"@type":"ReadAction","target":["https:\/\/lospoliticosveracruz.com\/?p=18200"]}]},{"@type":"ImageObject","inLanguage":"es","@id":"https:\/\/lospoliticosveracruz.com\/?p=18200#primaryimage","url":"http:\/\/www.lospoliticosveracruz.com.mx\/wp-content\/uploads\/2014\/12\/Policias-300x122.jpg","contentUrl":"http:\/\/www.lospoliticosveracruz.com.mx\/wp-content\/uploads\/2014\/12\/Policias-300x122.jpg"},{"@type":"BreadcrumbList","@id":"https:\/\/lospoliticosveracruz.com\/?p=18200#breadcrumb","itemListElement":[{"@type":"ListItem","position":1,"name":"Portada","item":"https:\/\/lospoliticosveracruz.com\/"},{"@type":"ListItem","position":2,"name":"La mediocridad, el gran ideal"}]},{"@type":"WebSite","@id":"https:\/\/lospoliticosveracruz.com\/#website","url":"https:\/\/lospoliticosveracruz.com\/","name":"Los pol\u00edticos Veracruz","description":"","publisher":{"@id":"https:\/\/lospoliticosveracruz.com\/#organization"},"potentialAction":[{"@type":"SearchAction","target":{"@type":"EntryPoint","urlTemplate":"https:\/\/lospoliticosveracruz.com\/?s={search_term_string}"},"query-input":{"@type":"PropertyValueSpecification","valueRequired":true,"valueName":"search_term_string"}}],"inLanguage":"es"},{"@type":"Organization","@id":"https:\/\/lospoliticosveracruz.com\/#organization","name":"Los pol\u00edticos Veracruz","url":"https:\/\/lospoliticosveracruz.com\/","logo":{"@type":"ImageObject","inLanguage":"es","@id":"https:\/\/lospoliticosveracruz.com\/#\/schema\/logo\/image\/","url":"https:\/\/lospoliticosveracruz.com\/wp-content\/uploads\/2025\/12\/Logo-Nuevo-LOS-POLITICOS-1.jpg","contentUrl":"https:\/\/lospoliticosveracruz.com\/wp-content\/uploads\/2025\/12\/Logo-Nuevo-LOS-POLITICOS-1.jpg","width":260,"height":70,"caption":"Los pol\u00edticos Veracruz"},"image":{"@id":"https:\/\/lospoliticosveracruz.com\/#\/schema\/logo\/image\/"},"sameAs":["https:\/\/www.facebook.com\/people\/Notimemes-de-los-Polticos\/61565672886568\/","https:\/\/x.com\/LosPoliticosVer"]},{"@type":"Person","@id":"https:\/\/lospoliticosveracruz.com\/#\/schema\/person\/b8702bb0e538456e6efd07080bf2a4a2","name":"Lo viste en Los Pol\u00edticos","image":{"@type":"ImageObject","inLanguage":"es","@id":"https:\/\/secure.gravatar.com\/avatar\/3a8de04a2656d44082be478bd6c086daa447c4651605818287b9532d3d0bd435?s=96&d=mm&r=g","url":"https:\/\/secure.gravatar.com\/avatar\/3a8de04a2656d44082be478bd6c086daa447c4651605818287b9532d3d0bd435?s=96&d=mm&r=g","contentUrl":"https:\/\/secure.gravatar.com\/avatar\/3a8de04a2656d44082be478bd6c086daa447c4651605818287b9532d3d0bd435?s=96&d=mm&r=g","caption":"Lo viste en Los Pol\u00edticos"},"url":"https:\/\/lospoliticosveracruz.com\/?author=2"}]}},"_links":{"self":[{"href":"https:\/\/lospoliticosveracruz.com\/index.php?rest_route=\/wp\/v2\/posts\/18200","targetHints":{"allow":["GET"]}}],"collection":[{"href":"https:\/\/lospoliticosveracruz.com\/index.php?rest_route=\/wp\/v2\/posts"}],"about":[{"href":"https:\/\/lospoliticosveracruz.com\/index.php?rest_route=\/wp\/v2\/types\/post"}],"author":[{"embeddable":true,"href":"https:\/\/lospoliticosveracruz.com\/index.php?rest_route=\/wp\/v2\/users\/2"}],"replies":[{"embeddable":true,"href":"https:\/\/lospoliticosveracruz.com\/index.php?rest_route=%2Fwp%2Fv2%2Fcomments&post=18200"}],"version-history":[{"count":1,"href":"https:\/\/lospoliticosveracruz.com\/index.php?rest_route=\/wp\/v2\/posts\/18200\/revisions"}],"predecessor-version":[{"id":18201,"href":"https:\/\/lospoliticosveracruz.com\/index.php?rest_route=\/wp\/v2\/posts\/18200\/revisions\/18201"}],"wp:attachment":[{"href":"https:\/\/lospoliticosveracruz.com\/index.php?rest_route=%2Fwp%2Fv2%2Fmedia&parent=18200"}],"wp:term":[{"taxonomy":"category","embeddable":true,"href":"https:\/\/lospoliticosveracruz.com\/index.php?rest_route=%2Fwp%2Fv2%2Fcategories&post=18200"},{"taxonomy":"post_tag","embeddable":true,"href":"https:\/\/lospoliticosveracruz.com\/index.php?rest_route=%2Fwp%2Fv2%2Ftags&post=18200"}],"curies":[{"name":"wp","href":"https:\/\/api.w.org\/{rel}","templated":true}]}}