{"id":18206,"date":"2015-10-07T22:11:25","date_gmt":"2015-10-08T03:11:25","guid":{"rendered":"http:\/\/www.lospoliticosveracruz.com.mx\/?p=18206"},"modified":"2015-10-07T22:11:25","modified_gmt":"2015-10-08T03:11:25","slug":"3-a-la-nomina-casi-3500-mp-en-2016","status":"publish","type":"post","link":"https:\/\/lospoliticosveracruz.com\/?p=18206","title":{"rendered":"3% a la n\u00f3mina: casi 3,500 MP en 2016"},"content":{"rendered":"<p><a href=\"http:\/\/www.lospoliticosveracruz.com.mx\/wp-content\/uploads\/2015\/10\/Dinero.jpg\"><img loading=\"lazy\" decoding=\"async\" class=\"alignnone size-medium wp-image-18207\" src=\"http:\/\/www.lospoliticosveracruz.com.mx\/wp-content\/uploads\/2015\/10\/Dinero-300x225.jpg\" alt=\"Dinero\" width=\"300\" height=\"225\" \/><\/a><br \/>\n<strong>Marco Antonio Aguirre Rodr\u00edguez<\/strong><\/p>\n<p><em>M\u00edsticos y terrenales<\/em><\/p>\n<p>Este jueves el Congreso del Estado se prepara para aprobar el incremento al impuesto a la n\u00f3mina de un 2 a un 3%, obviamente con la negativa de toda la iniciativa privada, de todo Veracruz.<br \/>\nY toda, es toda, incluyendo a los grandes empresarios que han patrocinado los juegos electorales del fidelato con grandes cantidades de dinero.<br \/>\nPero esto le importa muy poco a los diputados locales, tanto que hasta Juan Nicol\u00e1s Callejas ha demeritado los reclamos por el incremento que viene.<br \/>\nYa no le importa, con el car\u00e1cter impositivo que caracteriza a esta Legislatura, siquiera hacer el intento de parecer democr\u00e1tico o imparcial.<br \/>\nAl contrario, muestra su car\u00e1cter autoritario e impositivo: Las cosas van porque van, porque \u00e9l as\u00ed lo dice.<br \/>\n\u00bfEse es uno de grandes m\u00edsticos constructores de la democracia en Veracruz?.<br \/>\n\u00bfY para qu\u00e9 quiere Javier Duarte incrementar el impuesto.<br \/>\nSu intenci\u00f3n es muy sencilla, pero tambi\u00e9n compleja a la vez.:<br \/>\n1. Garantizar el ingreso de casi 3,500 millones de pesos durante 2016.<br \/>\n2. Con este soporte buscar la bursatilizaci\u00f3n del impuesto por m\u00e1s de 10,000 millones de pesos.<br \/>\nJavier Duarte est\u00e1 m\u00e1s que desesperado por conseguir recursos, porque ya nadie le quiere prestar y el saqueo mensual que hacen de las participaciones federales les resulta insuficiente para sus apetitos voraces.<br \/>\nEn el 2014 por los Impuestos sobre Erogaciones por Remuneraciones al Trabajo Personal (ISERTP) y por el de Prestaci\u00f3n de Servicios de Hospedaje se obtuvieron 2,118 millones 500 mil pesos; 7.0 por ciento m\u00e1s de la expectativa Presupuestal, de acuerdo con la \u201cCuenta P\u00fablica 2014\u201d del gobierno del estado.<br \/>\nEsta cantidad, obviamente, se espera que sea mayor para \u00e9ste 2015, por lo que siguiendo la tendencia podr\u00eda quedar en m\u00e1s de 2,200 millones de pesos.<\/p>\n<p><strong>6 MIL MILLONES DESAPARECIDOS EN 3 A\u00d1OS<\/strong><\/p>\n<p>De los casi 6 mil millones de pesos recaudados en 2013, 2014 y 2015, no existe evidencia alguna de en que se ejercieron.<br \/>\nDe hecho el Fideicomiso administrador del impuesto dej\u00f3 de operar, porque ya ni siquiera informes les dan de lo que la Secretar\u00eda de Finanzas debe sobre el mismo.<br \/>\n\u201cNo sabemos absolutamente nada que ha pasado con ese recurso\u201d, apunta Jes\u00fas Casta\u00f1eda Nevares, presidente del Concejo Coordinador Empresarial de Veracruz.<br \/>\n\u00bfEn qu\u00e9 se gast\u00f3 la Secretar\u00eda de Finanzas ese dinero que no es suyo?<br \/>\nEl ISERTP ya tuvo un incremento del 2 al 3% para los organismos p\u00fablicos desde 2014, cuando lo aprob\u00f3 la actual Legislatura, y se public\u00f3 en la Gaceta del Estado extraordinaria n\u00famero 492, del 6 de diciembre de 2013.<br \/>\nPor eso es que ahora se habla de homologar el impuesto, tanto para quienes ya cubren el 2%, como para quienes a partir del pr\u00f3ximo a\u00f1o quedar\u00e1n dentro de ese r\u00e9gimen.<br \/>\nPues bien, al incrementarse el presupuesto al 3% para todos los que est\u00e1n obligados a pagarlo, la cifra de recaudaci\u00f3n por el mismo podr\u00eda quedar para 2016 en cerca de 3,500 millones de pesos.<br \/>\nPor eso es que empresarios como Jes\u00fas Casta\u00f1eda y Arturo Mattiello Canales, de la Federaci\u00f3n de Universidades e Institutos Particulares de Educaci\u00f3n Superior (FUIPES), afirman que el incremento del impuesto ser\u00e1 sustancial, de un 50% sobre los montos actuales, lo cual es algo \u201cbarbaro\u201d.<br \/>\n\u201cEl estado est\u00e1 en recesi\u00f3n y aplicar un incremento a un impuesto con estos montos, es un atentado a la actividad empresarial y econ\u00f3mica del estado\u201d, puntualiza Arturo Mattiello.<\/p>\n<p><strong>BURSATILIZAR EL IMPUESTO<\/strong><\/p>\n<p>Con un ingreso asegurado por este monto, Javier Duarte intentar\u00e1 romper la barrera federal que obliga a los gobiernos estatales a que los cr\u00e9ditos que se soliciten deber\u00e1n pagarse dentro del periodo constitucional del gobierno que los pide.<br \/>\n\u00bfY c\u00f3mo har\u00e1 eso?.<br \/>\nBuscar\u00e1 bursatilizar la recaudaci\u00f3n de este impuesto, que es algo que desde el 2014 se dej\u00f3 ver que esa es la intenci\u00f3n.<br \/>\nLa pretensi\u00f3n es por lo menos 10,000 millones de pesos.<\/p>\n<p><strong>DINERO PARA LA CAMPA\u00d1A DEL CANDIDATO DEL FIDELATO<\/strong><\/p>\n<p>Pero no ser\u00e1 un recurso para que Javier Duarte haga obra p\u00fablica en el \u00faltimo a\u00f1o de su gobierno y que abandone el cargo con algo de dignidad simulada, si no que se implementar\u00e1 \u2013casi con seguridad- en financiar la campa\u00f1a del candidato del fidelato.<br \/>\nY obviamente el candidato del grupo que ya cumplir\u00e1 12 a\u00f1os en el poder, no se apellida Yunes, aunque sea del color azul, y menos si es del color rojo.<br \/>\nEl candidato del fidelato es Alberto Silva, quien ya le gan\u00f3 ampliamente la posibilidad a su compa\u00f1ero de legislatura, Erick Lagos, no porque sea mejor, si no simplemente porque ya dio las garant\u00edas suficientes de que har\u00e1 todo para cubrir los huecos de la administraci\u00f3n de Javier Duarte y que el proyecto del fidelato siga adelante, con o sin el PRI.<br \/>\nPor eso es que hay empresarios que apoyan el incremento al impuesto, porque forman parte de la misma caterva y se han beneficiado de los saqueos.<br \/>\nLo m\u00e1s seguro es que antes de implementar la bursatilizaci\u00f3n del ISERTP, se realizar\u00e1 un cambio de los integrantes del consejo del Fideicomiso que maneja \u00e9ste impuesto, para eliminar a quienes puedan oponerse a su bursatilizaci\u00f3n y dejar a la mayor cantidad de c\u00f3mplices del gobierno estatal.<br \/>\nCon ese dinero podr\u00e1n hacer las acciones de compra y coacci\u00f3n del voto desde cualquier partido, incluyendo el AVE, el Cardenista, el Verde, o hasta el PRD.<br \/>\nEntonces el dinero no ser\u00e1 para hacer obras para los veracruzanos, si no para asegurar al fidelato en el poder.<br \/>\nEntonces si el dinero es para mantener al grupo en el poder, ning\u00fan beneficio tendr\u00e1n los m\u00edsticos del dinero\u2026 mucho menos los terrenales.<br \/>\n\u00bfNo hay quien detenga \u00e9ste saqueo?.<br \/>\nEnrique Pe\u00f1a Nieto, deje la complicidad de lado y haga algo para rescatar a Veracruz.<\/p>\n<p><strong>HECTOR YUNES, NO M\u00c1S IMPUESTOS<\/strong><\/p>\n<p>Ante la intenci\u00f3n de que se apruebe el incremento al ISERTP este jueves, H\u00e9ctor Yunes Landa se pronunci\u00f3 en contra de elevar de 2 a 3 por ciento el ISERTP.<br \/>\nYunes Landa dijo que la entidad registra una crisis econ\u00f3mica que roza la recesi\u00f3n, al crecer en 2013 y 2014 s\u00f3lo 0.5 por ciento, por lo que incrementar el impuesto, \u201cno ser\u00e1 una medida ben\u00e9fica para la econom\u00eda, ni para la generaci\u00f3n de empleo\u201d.<br \/>\n\u201cHay muchas razones para no aumentar este impuesto, pero resumo en 4:\u201d, dijo<br \/>\n1) Necesitamos incentivar el empleo en Veracruz, no ponerle m\u00e1s costos.<br \/>\n2) Aumentar este impuesto, en este momento, orillar\u00e1 al sector empresarial a no contratar m\u00e1s, a despedir trabajadores o a recortar salarios. Las tres alternativas son nocivas para Veracruz.<br \/>\n3) Gravar al sector empresarial para sanear las finanzas p\u00fablicas no es ni responsable, ni adecuado, ni viable. Primero que se hagan los recortes, se reintegren recursos que han sido desviados y despu\u00e9s se analicen medidas que no afecten a la poblaci\u00f3n ni al sector productivo.<br \/>\n4) Al hacer m\u00e1s caro el empleo, se inhibe la inversi\u00f3n.<\/p>\n<p><strong>PEPE YUNES, POSICIONAMIENTO DEL PRI ANTE VIDEGARAY<\/strong><\/p>\n<p>La fuerza del senador Jos\u00e9 Yunes en el Senado y ante Luis Videgaray qued\u00f3 evidenciada al ser el encargado de fijar el posicionamiento del Grupo Parlamentario del PRI durante la comparecencia en el Senado del secretario de Hacienda y Cr\u00e9dito P\u00fablico, Luis Videgaray. en la Glosa del Tercer Informe de Gobierno<br \/>\nPepe Yunes dijo que los datos duros, con hechos corroborables, muestran que el desempe\u00f1o econ\u00f3mico del pa\u00eds es bueno.<br \/>\nEl ciudadano hoy ve que \u201cel precio de la gasolina ya no aumenta mes con mes, y que por primera vez, puede incluso disminuir en su beneficio\u2026 que paga menos por concepto de luz en su recibo\u2026 o que puede cambiarse de banco para pagar menos intereses sobre su hipoteca. Lo saben tambi\u00e9n quienes en su bolsillo notan las ventajas de no pagar m\u00e1s llamadas telef\u00f3nicas de larga distancia, ni de comisiones de interconexi\u00f3n. \u00c9sa es la realidad de las reformas que de manera generosa este Congreso de la Uni\u00f3n apoy\u00f3, y que hoy representan nuevas condiciones y mejoras en el d\u00eda a d\u00eda de los sectores vulnerables m\u00e1s desprotegidos del pa\u00eds\u201d, enfatiz\u00f3.<br \/>\nTambi\u00e9n mencion\u00f3 que en septiembre de este a\u00f1o la inflaci\u00f3n mostr\u00f3 un porcentaje anual de 2.53 por ciento, el menor de la historia.<br \/>\nEnfatiz\u00f3 que estos resultados s\u00f3lo pueden entenderse a partir de las reformas estructurales: \u201cEstas reformas estructurales han fortalecido el mercado interno, han brindado confianza a los inversionistas nacionales e internacionales, y est\u00e1n propiciando mejores condiciones de financiamiento para empresas y familias. Y \u00e9se es el camino y \u00e9se es el llamado. M\u00e9xico, pensando en su gente, y trabajando para generarle mejores condiciones de vida\u201d.<\/p>\n","protected":false},"excerpt":{"rendered":"<p>Marco Antonio Aguirre Rodr\u00edguez M\u00edsticos y terrenales Este jueves el Congreso del Estado se prepara para aprobar el incremento al impuesto a la n\u00f3mina de un 2 a un 3%, obviamente con la negativa de toda la iniciativa privada, de todo Veracruz. Y toda, es toda, incluyendo a los grandes empresarios que han patrocinado los [&hellip;]<\/p>\n","protected":false},"author":2,"featured_media":0,"comment_status":"open","ping_status":"open","sticky":false,"template":"","format":"standard","meta":{"tdm_status":"","tdm_grid_status":"","footnotes":""},"categories":[70],"tags":[3572,1762,195],"class_list":{"0":"post-18206","1":"post","2":"type-post","3":"status-publish","4":"format-standard","6":"category-de-opinion","7":"tag-impuesto-a-la-nomina","8":"tag-juan-nicolas-callejas","9":"tag-veracruz"},"yoast_head":"<!-- This site is optimized with the Yoast SEO plugin v27.4 - https:\/\/yoast.com\/product\/yoast-seo-wordpress\/ -->\n<title>3% a la n\u00f3mina: casi 3,500 MP en 2016 - Los pol\u00edticos Veracruz<\/title>\n<meta name=\"robots\" content=\"index, follow, max-snippet:-1, max-image-preview:large, max-video-preview:-1\" \/>\n<link rel=\"canonical\" href=\"https:\/\/lospoliticosveracruz.com\/?p=18206\" \/>\n<meta property=\"og:locale\" content=\"es_ES\" \/>\n<meta property=\"og:type\" content=\"article\" \/>\n<meta property=\"og:title\" content=\"3% a la n\u00f3mina: casi 3,500 MP en 2016 - Los pol\u00edticos Veracruz\" \/>\n<meta property=\"og:description\" content=\"Marco Antonio Aguirre Rodr\u00edguez M\u00edsticos y terrenales Este jueves el Congreso del Estado se prepara para aprobar el incremento al impuesto a la n\u00f3mina de un 2 a un 3%, obviamente con la negativa de toda la iniciativa privada, de todo Veracruz. Y toda, es toda, incluyendo a los grandes empresarios que han patrocinado los [&hellip;]\" \/>\n<meta property=\"og:url\" content=\"https:\/\/lospoliticosveracruz.com\/?p=18206\" \/>\n<meta property=\"og:site_name\" content=\"Los pol\u00edticos Veracruz\" \/>\n<meta property=\"article:publisher\" content=\"https:\/\/www.facebook.com\/people\/Notimemes-de-los-Polticos\/61565672886568\/\" \/>\n<meta property=\"article:published_time\" content=\"2015-10-08T03:11:25+00:00\" \/>\n<meta property=\"og:image\" content=\"http:\/\/www.lospoliticosveracruz.com.mx\/wp-content\/uploads\/2015\/10\/Dinero-300x225.jpg\" \/>\n<meta name=\"author\" content=\"Lo viste en Los Pol\u00edticos\" \/>\n<meta name=\"twitter:card\" content=\"summary_large_image\" \/>\n<meta name=\"twitter:creator\" content=\"@LosPoliticosVer\" \/>\n<meta name=\"twitter:site\" content=\"@LosPoliticosVer\" \/>\n<meta name=\"twitter:label1\" content=\"Escrito por\" \/>\n\t<meta name=\"twitter:data1\" content=\"Lo viste en Los Pol\u00edticos\" \/>\n\t<meta name=\"twitter:label2\" content=\"Tiempo de lectura\" \/>\n\t<meta name=\"twitter:data2\" content=\"7 minutos\" \/>\n<script type=\"application\/ld+json\" class=\"yoast-schema-graph\">{\"@context\":\"https:\\\/\\\/schema.org\",\"@graph\":[{\"@type\":\"Article\",\"@id\":\"https:\\\/\\\/lospoliticosveracruz.com\\\/?p=18206#article\",\"isPartOf\":{\"@id\":\"https:\\\/\\\/lospoliticosveracruz.com\\\/?p=18206\"},\"author\":{\"name\":\"Lo viste en Los Pol\u00edticos\",\"@id\":\"https:\\\/\\\/lospoliticosveracruz.com\\\/#\\\/schema\\\/person\\\/b8702bb0e538456e6efd07080bf2a4a2\"},\"headline\":\"3% a la n\u00f3mina: casi 3,500 MP en 2016\",\"datePublished\":\"2015-10-08T03:11:25+00:00\",\"mainEntityOfPage\":{\"@id\":\"https:\\\/\\\/lospoliticosveracruz.com\\\/?p=18206\"},\"wordCount\":1477,\"commentCount\":0,\"publisher\":{\"@id\":\"https:\\\/\\\/lospoliticosveracruz.com\\\/#organization\"},\"image\":{\"@id\":\"https:\\\/\\\/lospoliticosveracruz.com\\\/?p=18206#primaryimage\"},\"thumbnailUrl\":\"http:\\\/\\\/www.lospoliticosveracruz.com.mx\\\/wp-content\\\/uploads\\\/2015\\\/10\\\/Dinero-300x225.jpg\",\"keywords\":[\"impuesto a la n\u00f3mina\",\"Juan Nicol\u00e1s Callejas\",\"Veracruz\"],\"articleSection\":[\"De Opini\u00f3n\"],\"inLanguage\":\"es\",\"potentialAction\":[{\"@type\":\"CommentAction\",\"name\":\"Comment\",\"target\":[\"https:\\\/\\\/lospoliticosveracruz.com\\\/?p=18206#respond\"]}]},{\"@type\":\"WebPage\",\"@id\":\"https:\\\/\\\/lospoliticosveracruz.com\\\/?p=18206\",\"url\":\"https:\\\/\\\/lospoliticosveracruz.com\\\/?p=18206\",\"name\":\"3% a la n\u00f3mina: casi 3,500 MP en 2016 - Los pol\u00edticos Veracruz\",\"isPartOf\":{\"@id\":\"https:\\\/\\\/lospoliticosveracruz.com\\\/#website\"},\"primaryImageOfPage\":{\"@id\":\"https:\\\/\\\/lospoliticosveracruz.com\\\/?p=18206#primaryimage\"},\"image\":{\"@id\":\"https:\\\/\\\/lospoliticosveracruz.com\\\/?p=18206#primaryimage\"},\"thumbnailUrl\":\"http:\\\/\\\/www.lospoliticosveracruz.com.mx\\\/wp-content\\\/uploads\\\/2015\\\/10\\\/Dinero-300x225.jpg\",\"datePublished\":\"2015-10-08T03:11:25+00:00\",\"breadcrumb\":{\"@id\":\"https:\\\/\\\/lospoliticosveracruz.com\\\/?p=18206#breadcrumb\"},\"inLanguage\":\"es\",\"potentialAction\":[{\"@type\":\"ReadAction\",\"target\":[\"https:\\\/\\\/lospoliticosveracruz.com\\\/?p=18206\"]}]},{\"@type\":\"ImageObject\",\"inLanguage\":\"es\",\"@id\":\"https:\\\/\\\/lospoliticosveracruz.com\\\/?p=18206#primaryimage\",\"url\":\"http:\\\/\\\/www.lospoliticosveracruz.com.mx\\\/wp-content\\\/uploads\\\/2015\\\/10\\\/Dinero-300x225.jpg\",\"contentUrl\":\"http:\\\/\\\/www.lospoliticosveracruz.com.mx\\\/wp-content\\\/uploads\\\/2015\\\/10\\\/Dinero-300x225.jpg\"},{\"@type\":\"BreadcrumbList\",\"@id\":\"https:\\\/\\\/lospoliticosveracruz.com\\\/?p=18206#breadcrumb\",\"itemListElement\":[{\"@type\":\"ListItem\",\"position\":1,\"name\":\"Portada\",\"item\":\"https:\\\/\\\/lospoliticosveracruz.com\\\/\"},{\"@type\":\"ListItem\",\"position\":2,\"name\":\"3% a la n\u00f3mina: casi 3,500 MP en 2016\"}]},{\"@type\":\"WebSite\",\"@id\":\"https:\\\/\\\/lospoliticosveracruz.com\\\/#website\",\"url\":\"https:\\\/\\\/lospoliticosveracruz.com\\\/\",\"name\":\"Los pol\u00edticos Veracruz\",\"description\":\"\",\"publisher\":{\"@id\":\"https:\\\/\\\/lospoliticosveracruz.com\\\/#organization\"},\"potentialAction\":[{\"@type\":\"SearchAction\",\"target\":{\"@type\":\"EntryPoint\",\"urlTemplate\":\"https:\\\/\\\/lospoliticosveracruz.com\\\/?s={search_term_string}\"},\"query-input\":{\"@type\":\"PropertyValueSpecification\",\"valueRequired\":true,\"valueName\":\"search_term_string\"}}],\"inLanguage\":\"es\"},{\"@type\":\"Organization\",\"@id\":\"https:\\\/\\\/lospoliticosveracruz.com\\\/#organization\",\"name\":\"Los pol\u00edticos Veracruz\",\"url\":\"https:\\\/\\\/lospoliticosveracruz.com\\\/\",\"logo\":{\"@type\":\"ImageObject\",\"inLanguage\":\"es\",\"@id\":\"https:\\\/\\\/lospoliticosveracruz.com\\\/#\\\/schema\\\/logo\\\/image\\\/\",\"url\":\"https:\\\/\\\/lospoliticosveracruz.com\\\/wp-content\\\/uploads\\\/2025\\\/12\\\/Logo-Nuevo-LOS-POLITICOS-1.jpg\",\"contentUrl\":\"https:\\\/\\\/lospoliticosveracruz.com\\\/wp-content\\\/uploads\\\/2025\\\/12\\\/Logo-Nuevo-LOS-POLITICOS-1.jpg\",\"width\":260,\"height\":70,\"caption\":\"Los pol\u00edticos Veracruz\"},\"image\":{\"@id\":\"https:\\\/\\\/lospoliticosveracruz.com\\\/#\\\/schema\\\/logo\\\/image\\\/\"},\"sameAs\":[\"https:\\\/\\\/www.facebook.com\\\/people\\\/Notimemes-de-los-Polticos\\\/61565672886568\\\/\",\"https:\\\/\\\/x.com\\\/LosPoliticosVer\"]},{\"@type\":\"Person\",\"@id\":\"https:\\\/\\\/lospoliticosveracruz.com\\\/#\\\/schema\\\/person\\\/b8702bb0e538456e6efd07080bf2a4a2\",\"name\":\"Lo viste en Los Pol\u00edticos\",\"image\":{\"@type\":\"ImageObject\",\"inLanguage\":\"es\",\"@id\":\"https:\\\/\\\/secure.gravatar.com\\\/avatar\\\/3a8de04a2656d44082be478bd6c086daa447c4651605818287b9532d3d0bd435?s=96&d=mm&r=g\",\"url\":\"https:\\\/\\\/secure.gravatar.com\\\/avatar\\\/3a8de04a2656d44082be478bd6c086daa447c4651605818287b9532d3d0bd435?s=96&d=mm&r=g\",\"contentUrl\":\"https:\\\/\\\/secure.gravatar.com\\\/avatar\\\/3a8de04a2656d44082be478bd6c086daa447c4651605818287b9532d3d0bd435?s=96&d=mm&r=g\",\"caption\":\"Lo viste en Los Pol\u00edticos\"},\"url\":\"https:\\\/\\\/lospoliticosveracruz.com\\\/?author=2\"}]}<\/script>\n<!-- \/ Yoast SEO plugin. -->","yoast_head_json":{"title":"3% a la n\u00f3mina: casi 3,500 MP en 2016 - Los pol\u00edticos Veracruz","robots":{"index":"index","follow":"follow","max-snippet":"max-snippet:-1","max-image-preview":"max-image-preview:large","max-video-preview":"max-video-preview:-1"},"canonical":"https:\/\/lospoliticosveracruz.com\/?p=18206","og_locale":"es_ES","og_type":"article","og_title":"3% a la n\u00f3mina: casi 3,500 MP en 2016 - Los pol\u00edticos Veracruz","og_description":"Marco Antonio Aguirre Rodr\u00edguez M\u00edsticos y terrenales Este jueves el Congreso del Estado se prepara para aprobar el incremento al impuesto a la n\u00f3mina de un 2 a un 3%, obviamente con la negativa de toda la iniciativa privada, de todo Veracruz. Y toda, es toda, incluyendo a los grandes empresarios que han patrocinado los [&hellip;]","og_url":"https:\/\/lospoliticosveracruz.com\/?p=18206","og_site_name":"Los pol\u00edticos Veracruz","article_publisher":"https:\/\/www.facebook.com\/people\/Notimemes-de-los-Polticos\/61565672886568\/","article_published_time":"2015-10-08T03:11:25+00:00","og_image":[{"url":"http:\/\/www.lospoliticosveracruz.com.mx\/wp-content\/uploads\/2015\/10\/Dinero-300x225.jpg","type":"","width":"","height":""}],"author":"Lo viste en Los Pol\u00edticos","twitter_card":"summary_large_image","twitter_creator":"@LosPoliticosVer","twitter_site":"@LosPoliticosVer","twitter_misc":{"Escrito por":"Lo viste en Los Pol\u00edticos","Tiempo de lectura":"7 minutos"},"schema":{"@context":"https:\/\/schema.org","@graph":[{"@type":"Article","@id":"https:\/\/lospoliticosveracruz.com\/?p=18206#article","isPartOf":{"@id":"https:\/\/lospoliticosveracruz.com\/?p=18206"},"author":{"name":"Lo viste en Los Pol\u00edticos","@id":"https:\/\/lospoliticosveracruz.com\/#\/schema\/person\/b8702bb0e538456e6efd07080bf2a4a2"},"headline":"3% a la n\u00f3mina: casi 3,500 MP en 2016","datePublished":"2015-10-08T03:11:25+00:00","mainEntityOfPage":{"@id":"https:\/\/lospoliticosveracruz.com\/?p=18206"},"wordCount":1477,"commentCount":0,"publisher":{"@id":"https:\/\/lospoliticosveracruz.com\/#organization"},"image":{"@id":"https:\/\/lospoliticosveracruz.com\/?p=18206#primaryimage"},"thumbnailUrl":"http:\/\/www.lospoliticosveracruz.com.mx\/wp-content\/uploads\/2015\/10\/Dinero-300x225.jpg","keywords":["impuesto a la n\u00f3mina","Juan Nicol\u00e1s Callejas","Veracruz"],"articleSection":["De Opini\u00f3n"],"inLanguage":"es","potentialAction":[{"@type":"CommentAction","name":"Comment","target":["https:\/\/lospoliticosveracruz.com\/?p=18206#respond"]}]},{"@type":"WebPage","@id":"https:\/\/lospoliticosveracruz.com\/?p=18206","url":"https:\/\/lospoliticosveracruz.com\/?p=18206","name":"3% a la n\u00f3mina: casi 3,500 MP en 2016 - Los pol\u00edticos Veracruz","isPartOf":{"@id":"https:\/\/lospoliticosveracruz.com\/#website"},"primaryImageOfPage":{"@id":"https:\/\/lospoliticosveracruz.com\/?p=18206#primaryimage"},"image":{"@id":"https:\/\/lospoliticosveracruz.com\/?p=18206#primaryimage"},"thumbnailUrl":"http:\/\/www.lospoliticosveracruz.com.mx\/wp-content\/uploads\/2015\/10\/Dinero-300x225.jpg","datePublished":"2015-10-08T03:11:25+00:00","breadcrumb":{"@id":"https:\/\/lospoliticosveracruz.com\/?p=18206#breadcrumb"},"inLanguage":"es","potentialAction":[{"@type":"ReadAction","target":["https:\/\/lospoliticosveracruz.com\/?p=18206"]}]},{"@type":"ImageObject","inLanguage":"es","@id":"https:\/\/lospoliticosveracruz.com\/?p=18206#primaryimage","url":"http:\/\/www.lospoliticosveracruz.com.mx\/wp-content\/uploads\/2015\/10\/Dinero-300x225.jpg","contentUrl":"http:\/\/www.lospoliticosveracruz.com.mx\/wp-content\/uploads\/2015\/10\/Dinero-300x225.jpg"},{"@type":"BreadcrumbList","@id":"https:\/\/lospoliticosveracruz.com\/?p=18206#breadcrumb","itemListElement":[{"@type":"ListItem","position":1,"name":"Portada","item":"https:\/\/lospoliticosveracruz.com\/"},{"@type":"ListItem","position":2,"name":"3% a la n\u00f3mina: casi 3,500 MP en 2016"}]},{"@type":"WebSite","@id":"https:\/\/lospoliticosveracruz.com\/#website","url":"https:\/\/lospoliticosveracruz.com\/","name":"Los pol\u00edticos Veracruz","description":"","publisher":{"@id":"https:\/\/lospoliticosveracruz.com\/#organization"},"potentialAction":[{"@type":"SearchAction","target":{"@type":"EntryPoint","urlTemplate":"https:\/\/lospoliticosveracruz.com\/?s={search_term_string}"},"query-input":{"@type":"PropertyValueSpecification","valueRequired":true,"valueName":"search_term_string"}}],"inLanguage":"es"},{"@type":"Organization","@id":"https:\/\/lospoliticosveracruz.com\/#organization","name":"Los pol\u00edticos Veracruz","url":"https:\/\/lospoliticosveracruz.com\/","logo":{"@type":"ImageObject","inLanguage":"es","@id":"https:\/\/lospoliticosveracruz.com\/#\/schema\/logo\/image\/","url":"https:\/\/lospoliticosveracruz.com\/wp-content\/uploads\/2025\/12\/Logo-Nuevo-LOS-POLITICOS-1.jpg","contentUrl":"https:\/\/lospoliticosveracruz.com\/wp-content\/uploads\/2025\/12\/Logo-Nuevo-LOS-POLITICOS-1.jpg","width":260,"height":70,"caption":"Los pol\u00edticos Veracruz"},"image":{"@id":"https:\/\/lospoliticosveracruz.com\/#\/schema\/logo\/image\/"},"sameAs":["https:\/\/www.facebook.com\/people\/Notimemes-de-los-Polticos\/61565672886568\/","https:\/\/x.com\/LosPoliticosVer"]},{"@type":"Person","@id":"https:\/\/lospoliticosveracruz.com\/#\/schema\/person\/b8702bb0e538456e6efd07080bf2a4a2","name":"Lo viste en Los Pol\u00edticos","image":{"@type":"ImageObject","inLanguage":"es","@id":"https:\/\/secure.gravatar.com\/avatar\/3a8de04a2656d44082be478bd6c086daa447c4651605818287b9532d3d0bd435?s=96&d=mm&r=g","url":"https:\/\/secure.gravatar.com\/avatar\/3a8de04a2656d44082be478bd6c086daa447c4651605818287b9532d3d0bd435?s=96&d=mm&r=g","contentUrl":"https:\/\/secure.gravatar.com\/avatar\/3a8de04a2656d44082be478bd6c086daa447c4651605818287b9532d3d0bd435?s=96&d=mm&r=g","caption":"Lo viste en Los Pol\u00edticos"},"url":"https:\/\/lospoliticosveracruz.com\/?author=2"}]}},"_links":{"self":[{"href":"https:\/\/lospoliticosveracruz.com\/index.php?rest_route=\/wp\/v2\/posts\/18206","targetHints":{"allow":["GET"]}}],"collection":[{"href":"https:\/\/lospoliticosveracruz.com\/index.php?rest_route=\/wp\/v2\/posts"}],"about":[{"href":"https:\/\/lospoliticosveracruz.com\/index.php?rest_route=\/wp\/v2\/types\/post"}],"author":[{"embeddable":true,"href":"https:\/\/lospoliticosveracruz.com\/index.php?rest_route=\/wp\/v2\/users\/2"}],"replies":[{"embeddable":true,"href":"https:\/\/lospoliticosveracruz.com\/index.php?rest_route=%2Fwp%2Fv2%2Fcomments&post=18206"}],"version-history":[{"count":1,"href":"https:\/\/lospoliticosveracruz.com\/index.php?rest_route=\/wp\/v2\/posts\/18206\/revisions"}],"predecessor-version":[{"id":18208,"href":"https:\/\/lospoliticosveracruz.com\/index.php?rest_route=\/wp\/v2\/posts\/18206\/revisions\/18208"}],"wp:attachment":[{"href":"https:\/\/lospoliticosveracruz.com\/index.php?rest_route=%2Fwp%2Fv2%2Fmedia&parent=18206"}],"wp:term":[{"taxonomy":"category","embeddable":true,"href":"https:\/\/lospoliticosveracruz.com\/index.php?rest_route=%2Fwp%2Fv2%2Fcategories&post=18206"},{"taxonomy":"post_tag","embeddable":true,"href":"https:\/\/lospoliticosveracruz.com\/index.php?rest_route=%2Fwp%2Fv2%2Ftags&post=18206"}],"curies":[{"name":"wp","href":"https:\/\/api.w.org\/{rel}","templated":true}]}}