{"id":18209,"date":"2015-10-07T22:20:11","date_gmt":"2015-10-08T03:20:11","guid":{"rendered":"http:\/\/www.lospoliticosveracruz.com.mx\/?p=18209"},"modified":"2015-10-07T22:20:11","modified_gmt":"2015-10-08T03:20:11","slug":"al-presidente-nadie-lo-toca","status":"publish","type":"post","link":"https:\/\/lospoliticosveracruz.com\/?p=18209","title":{"rendered":"\u201cAl presidente nadie lo toca\u201d"},"content":{"rendered":"<p><a href=\"http:\/\/www.lospoliticosveracruz.com.mx\/wp-content\/uploads\/2015\/10\/Pe\u00f1a-Nieto.jpg\"><img loading=\"lazy\" decoding=\"async\" class=\"alignnone size-medium wp-image-18211\" src=\"http:\/\/www.lospoliticosveracruz.com.mx\/wp-content\/uploads\/2015\/10\/Pe\u00f1a-Nieto-300x207.jpg\" alt=\"Pe\u00f1a Nieto\" width=\"300\" height=\"207\" \/><\/a><\/p>\n<p><strong>Armando Ortiz<\/strong><\/p>\n<p><em>El Hijo Pr\u00f3digo<\/em><\/p>\n<p>Pobrecito Pe\u00f1a Nieto. Las cosas no le han salido como quisiera. Sus Reformas no han funcionado y el pa\u00eds no avanza a la velocidad que hab\u00eda prometido. El d\u00f3lar est\u00e1 por las nubes y no se ve para cu\u00e1ndo habr\u00e1 de bajar de ah\u00ed. No se ha podido reponer del esc\u00e1ndalo de la Casa Blanca; result\u00f3 contraproducente que Virgilio Andrade, su buf\u00f3n de Palacio, lo hubiera exonerado. En esa vor\u00e1gine que lo hunde la autoridad que deber\u00eda proteger a sus ciudadanos los entrega al crimen organizado y le generan un estigma de asesino por el caso Ayotzinapa; \u201cfue el estado\u201d. El Ej\u00e9rcito de manera aterciopelada lo tiene amagado, ya el general Cienfuegos le pregunt\u00f3 a Pe\u00f1a Nieto: \u201c\u00bfA qui\u00e9n le conviene un Ej\u00e9rcito que no obedezca? \u00bfA qui\u00e9n le conviene un Ej\u00e9rcito que no tenga disciplina? \u00bfA qui\u00e9n le conviene un Ej\u00e9rcito que no est\u00e9 entregado a su pa\u00eds?\u201d. Lo amagan a pesar de que Pe\u00f1a Nieto ha hecho todo lo posible por defenderlos de las acusaciones por el caso Ayotzinapa y por lo de Tlatlaya.<br \/>\nEn esa misma cuesta bajo se le escapa el \u201cChapo\u201d Guzm\u00e1n, exhibi\u00e9ndolo en todo el mundo como un presidente inepto. En casa la \u201cgaviota\u201d se le rebela y se va sola de vacaciones a pasearse con los amigos, a gastarse el dinero de los mexicanos y ya no quiere presentarse en los eventos oficiales.<br \/>\nEl pobre presidente Pe\u00f1a no ve la suya. Por si esto fuera poco la oligarqu\u00eda que gobierna este pa\u00eds le exige los dividendos de sus inversiones. Los que lo pusieron en la Presidencia le est\u00e1n cobrando a precio de oro el haberlo colocado ah\u00ed a pesar de no haber le\u00eddo ni siquiera tres libros completos.<br \/>\nLe han perdido el respeto. Ah\u00ed est\u00e1 la imagen que vale m\u00e1s que mil palabras. Sentados en un evento, vestido de manera informal, el presidente Pe\u00f1a Nieto abre los brazos en se\u00f1al de \u201c\u00bfqu\u00e9 quieres que haga?\u201d, cuando Jos\u00e9 Andr\u00e9s de Oteyza, representante en M\u00e9xico de la empresa espa\u00f1ola OHL, lo encara y le empuja un dedo en la parte superior de sus costillas. A su lado el secretario de Comunicaciones y Transporte, Gerardo Ruiz Esparza mira preocupado la escena sin atreverse a intervenir. Pensar\u00e1: \u201cSi ese cabr\u00f3n rega\u00f1a en p\u00fablico al presidente, a m\u00ed me pega mis cachetadas\u201d.<br \/>\nYo pregunto: \u00bfSe le puede hacer eso a un presidente? \u00bfQu\u00e9 poder ostenta Jos\u00e9 Andr\u00e9s de Oteyza para reclamar de esa manera a Pe\u00f1a Nieto? OHL es una de las empresas dedicadas a la construcci\u00f3n y administraci\u00f3n de caminos m\u00e1s beneficiada por el gobierno de Pe\u00f1a Nieto. Incluso en el tiempo que fue gobernador mexiquense Pe\u00f1a tambi\u00e9n benefici\u00f3 con obra a esta empresa.<br \/>\n\u00bfQu\u00e9 le debe Pe\u00f1a Nieto a Oteyza para que este simple mortal se olvide de su investidura? A Pe\u00f1a Nieto le hizo falta la presencia del capit\u00e1n Gustavo Garmendia quien el 18 de febrero de 1913, cuando los golpistas quisieron aprehender a Francisco I. Madero, el capit\u00e1n Garmendia sac\u00f3 su arma y mat\u00f3 al l\u00edder de los golpistas se\u00f1alando: \u201c\u00a1Al presidente nadie lo toca!\u201d<br \/>\nActualmente existen acusaciones con grabaciones de por medio en donde se expone que el presidente interviene a favor de OHL y en contra de Infraiber, la empresa que fiscaliza la entrada de autos en las autopistas que se ha concesionado a OHL. Por supuesto la Presidencia ha negado las versiones; pero si los audios son contundentes, la imagen de Jos\u00e9 Andr\u00e9s Oteyza empujando el dedo en las costillas del presidente, nos dicen que mucho le debe el presidente a OHL como para dejar que \u00e9ste lo toque.<br \/>\n\u201cAl presidente nadie lo toca\u201d; bueno, s\u00f3lo los que lo pusieron en la Presidencia<\/p>\n<p>aortiz52@hotmail.com<\/p>\n","protected":false},"excerpt":{"rendered":"<p>Armando Ortiz El Hijo Pr\u00f3digo Pobrecito Pe\u00f1a Nieto. Las cosas no le han salido como quisiera. Sus Reformas no han funcionado y el pa\u00eds no avanza a la velocidad que hab\u00eda prometido. El d\u00f3lar est\u00e1 por las nubes y no se ve para cu\u00e1ndo habr\u00e1 de bajar de ah\u00ed. No se ha podido reponer del [&hellip;]<\/p>\n","protected":false},"author":2,"featured_media":0,"comment_status":"open","ping_status":"open","sticky":false,"template":"","format":"standard","meta":{"tdm_status":"","tdm_grid_status":"","footnotes":""},"categories":[70],"tags":[281],"class_list":{"0":"post-18209","1":"post","2":"type-post","3":"status-publish","4":"format-standard","6":"category-de-opinion","7":"tag-enrique-pena-nieto"},"yoast_head":"<!-- This site is optimized with the Yoast SEO plugin v27.4 - https:\/\/yoast.com\/product\/yoast-seo-wordpress\/ -->\n<title>\u201cAl presidente nadie lo toca\u201d - Los pol\u00edticos Veracruz<\/title>\n<meta name=\"robots\" content=\"index, follow, max-snippet:-1, max-image-preview:large, max-video-preview:-1\" \/>\n<link rel=\"canonical\" href=\"https:\/\/lospoliticosveracruz.com\/?p=18209\" \/>\n<meta property=\"og:locale\" content=\"es_ES\" \/>\n<meta property=\"og:type\" content=\"article\" \/>\n<meta property=\"og:title\" content=\"\u201cAl presidente nadie lo toca\u201d - Los pol\u00edticos Veracruz\" \/>\n<meta property=\"og:description\" content=\"Armando Ortiz El Hijo Pr\u00f3digo Pobrecito Pe\u00f1a Nieto. Las cosas no le han salido como quisiera. Sus Reformas no han funcionado y el pa\u00eds no avanza a la velocidad que hab\u00eda prometido. El d\u00f3lar est\u00e1 por las nubes y no se ve para cu\u00e1ndo habr\u00e1 de bajar de ah\u00ed. No se ha podido reponer del [&hellip;]\" \/>\n<meta property=\"og:url\" content=\"https:\/\/lospoliticosveracruz.com\/?p=18209\" \/>\n<meta property=\"og:site_name\" content=\"Los pol\u00edticos Veracruz\" \/>\n<meta property=\"article:publisher\" content=\"https:\/\/www.facebook.com\/people\/Notimemes-de-los-Polticos\/61565672886568\/\" \/>\n<meta property=\"article:published_time\" content=\"2015-10-08T03:20:11+00:00\" \/>\n<meta property=\"og:image\" content=\"https:\/\/lospoliticosveracruz.com\/wp-content\/uploads\/2016\/07\/Logo-Dor.jpg\" \/>\n\t<meta property=\"og:image:width\" content=\"200\" \/>\n\t<meta property=\"og:image:height\" content=\"200\" \/>\n\t<meta property=\"og:image:type\" content=\"image\/jpeg\" \/>\n<meta name=\"author\" content=\"Lo viste en Los Pol\u00edticos\" \/>\n<meta name=\"twitter:card\" content=\"summary_large_image\" \/>\n<meta name=\"twitter:creator\" content=\"@LosPoliticosVer\" \/>\n<meta name=\"twitter:site\" content=\"@LosPoliticosVer\" \/>\n<meta name=\"twitter:label1\" content=\"Escrito por\" \/>\n\t<meta name=\"twitter:data1\" content=\"Lo viste en Los Pol\u00edticos\" \/>\n\t<meta name=\"twitter:label2\" content=\"Tiempo de lectura\" \/>\n\t<meta name=\"twitter:data2\" content=\"3 minutos\" \/>\n<script type=\"application\/ld+json\" class=\"yoast-schema-graph\">{\"@context\":\"https:\\\/\\\/schema.org\",\"@graph\":[{\"@type\":\"Article\",\"@id\":\"https:\\\/\\\/lospoliticosveracruz.com\\\/?p=18209#article\",\"isPartOf\":{\"@id\":\"https:\\\/\\\/lospoliticosveracruz.com\\\/?p=18209\"},\"author\":{\"name\":\"Lo viste en Los Pol\u00edticos\",\"@id\":\"https:\\\/\\\/lospoliticosveracruz.com\\\/#\\\/schema\\\/person\\\/b8702bb0e538456e6efd07080bf2a4a2\"},\"headline\":\"\u201cAl presidente nadie lo toca\u201d\",\"datePublished\":\"2015-10-08T03:20:11+00:00\",\"mainEntityOfPage\":{\"@id\":\"https:\\\/\\\/lospoliticosveracruz.com\\\/?p=18209\"},\"wordCount\":675,\"commentCount\":0,\"publisher\":{\"@id\":\"https:\\\/\\\/lospoliticosveracruz.com\\\/#organization\"},\"keywords\":[\"Enrique Pe\u00f1a Nieto\"],\"articleSection\":[\"De Opini\u00f3n\"],\"inLanguage\":\"es\",\"potentialAction\":[{\"@type\":\"CommentAction\",\"name\":\"Comment\",\"target\":[\"https:\\\/\\\/lospoliticosveracruz.com\\\/?p=18209#respond\"]}]},{\"@type\":\"WebPage\",\"@id\":\"https:\\\/\\\/lospoliticosveracruz.com\\\/?p=18209\",\"url\":\"https:\\\/\\\/lospoliticosveracruz.com\\\/?p=18209\",\"name\":\"\u201cAl presidente nadie lo toca\u201d - Los pol\u00edticos Veracruz\",\"isPartOf\":{\"@id\":\"https:\\\/\\\/lospoliticosveracruz.com\\\/#website\"},\"datePublished\":\"2015-10-08T03:20:11+00:00\",\"breadcrumb\":{\"@id\":\"https:\\\/\\\/lospoliticosveracruz.com\\\/?p=18209#breadcrumb\"},\"inLanguage\":\"es\",\"potentialAction\":[{\"@type\":\"ReadAction\",\"target\":[\"https:\\\/\\\/lospoliticosveracruz.com\\\/?p=18209\"]}]},{\"@type\":\"BreadcrumbList\",\"@id\":\"https:\\\/\\\/lospoliticosveracruz.com\\\/?p=18209#breadcrumb\",\"itemListElement\":[{\"@type\":\"ListItem\",\"position\":1,\"name\":\"Portada\",\"item\":\"https:\\\/\\\/lospoliticosveracruz.com\\\/\"},{\"@type\":\"ListItem\",\"position\":2,\"name\":\"\u201cAl presidente nadie lo toca\u201d\"}]},{\"@type\":\"WebSite\",\"@id\":\"https:\\\/\\\/lospoliticosveracruz.com\\\/#website\",\"url\":\"https:\\\/\\\/lospoliticosveracruz.com\\\/\",\"name\":\"Los pol\u00edticos Veracruz\",\"description\":\"\",\"publisher\":{\"@id\":\"https:\\\/\\\/lospoliticosveracruz.com\\\/#organization\"},\"potentialAction\":[{\"@type\":\"SearchAction\",\"target\":{\"@type\":\"EntryPoint\",\"urlTemplate\":\"https:\\\/\\\/lospoliticosveracruz.com\\\/?s={search_term_string}\"},\"query-input\":{\"@type\":\"PropertyValueSpecification\",\"valueRequired\":true,\"valueName\":\"search_term_string\"}}],\"inLanguage\":\"es\"},{\"@type\":\"Organization\",\"@id\":\"https:\\\/\\\/lospoliticosveracruz.com\\\/#organization\",\"name\":\"Los pol\u00edticos Veracruz\",\"url\":\"https:\\\/\\\/lospoliticosveracruz.com\\\/\",\"logo\":{\"@type\":\"ImageObject\",\"inLanguage\":\"es\",\"@id\":\"https:\\\/\\\/lospoliticosveracruz.com\\\/#\\\/schema\\\/logo\\\/image\\\/\",\"url\":\"https:\\\/\\\/lospoliticosveracruz.com\\\/wp-content\\\/uploads\\\/2025\\\/12\\\/Logo-Nuevo-LOS-POLITICOS-1.jpg\",\"contentUrl\":\"https:\\\/\\\/lospoliticosveracruz.com\\\/wp-content\\\/uploads\\\/2025\\\/12\\\/Logo-Nuevo-LOS-POLITICOS-1.jpg\",\"width\":260,\"height\":70,\"caption\":\"Los pol\u00edticos Veracruz\"},\"image\":{\"@id\":\"https:\\\/\\\/lospoliticosveracruz.com\\\/#\\\/schema\\\/logo\\\/image\\\/\"},\"sameAs\":[\"https:\\\/\\\/www.facebook.com\\\/people\\\/Notimemes-de-los-Polticos\\\/61565672886568\\\/\",\"https:\\\/\\\/x.com\\\/LosPoliticosVer\"]},{\"@type\":\"Person\",\"@id\":\"https:\\\/\\\/lospoliticosveracruz.com\\\/#\\\/schema\\\/person\\\/b8702bb0e538456e6efd07080bf2a4a2\",\"name\":\"Lo viste en Los Pol\u00edticos\",\"image\":{\"@type\":\"ImageObject\",\"inLanguage\":\"es\",\"@id\":\"https:\\\/\\\/secure.gravatar.com\\\/avatar\\\/3a8de04a2656d44082be478bd6c086daa447c4651605818287b9532d3d0bd435?s=96&d=mm&r=g\",\"url\":\"https:\\\/\\\/secure.gravatar.com\\\/avatar\\\/3a8de04a2656d44082be478bd6c086daa447c4651605818287b9532d3d0bd435?s=96&d=mm&r=g\",\"contentUrl\":\"https:\\\/\\\/secure.gravatar.com\\\/avatar\\\/3a8de04a2656d44082be478bd6c086daa447c4651605818287b9532d3d0bd435?s=96&d=mm&r=g\",\"caption\":\"Lo viste en Los Pol\u00edticos\"},\"url\":\"https:\\\/\\\/lospoliticosveracruz.com\\\/?author=2\"}]}<\/script>\n<!-- \/ Yoast SEO plugin. -->","yoast_head_json":{"title":"\u201cAl presidente nadie lo toca\u201d - Los pol\u00edticos Veracruz","robots":{"index":"index","follow":"follow","max-snippet":"max-snippet:-1","max-image-preview":"max-image-preview:large","max-video-preview":"max-video-preview:-1"},"canonical":"https:\/\/lospoliticosveracruz.com\/?p=18209","og_locale":"es_ES","og_type":"article","og_title":"\u201cAl presidente nadie lo toca\u201d - Los pol\u00edticos Veracruz","og_description":"Armando Ortiz El Hijo Pr\u00f3digo Pobrecito Pe\u00f1a Nieto. Las cosas no le han salido como quisiera. Sus Reformas no han funcionado y el pa\u00eds no avanza a la velocidad que hab\u00eda prometido. El d\u00f3lar est\u00e1 por las nubes y no se ve para cu\u00e1ndo habr\u00e1 de bajar de ah\u00ed. No se ha podido reponer del [&hellip;]","og_url":"https:\/\/lospoliticosveracruz.com\/?p=18209","og_site_name":"Los pol\u00edticos Veracruz","article_publisher":"https:\/\/www.facebook.com\/people\/Notimemes-de-los-Polticos\/61565672886568\/","article_published_time":"2015-10-08T03:20:11+00:00","og_image":[{"width":200,"height":200,"url":"https:\/\/lospoliticosveracruz.com\/wp-content\/uploads\/2016\/07\/Logo-Dor.jpg","type":"image\/jpeg"}],"author":"Lo viste en Los Pol\u00edticos","twitter_card":"summary_large_image","twitter_creator":"@LosPoliticosVer","twitter_site":"@LosPoliticosVer","twitter_misc":{"Escrito por":"Lo viste en Los Pol\u00edticos","Tiempo de lectura":"3 minutos"},"schema":{"@context":"https:\/\/schema.org","@graph":[{"@type":"Article","@id":"https:\/\/lospoliticosveracruz.com\/?p=18209#article","isPartOf":{"@id":"https:\/\/lospoliticosveracruz.com\/?p=18209"},"author":{"name":"Lo viste en Los Pol\u00edticos","@id":"https:\/\/lospoliticosveracruz.com\/#\/schema\/person\/b8702bb0e538456e6efd07080bf2a4a2"},"headline":"\u201cAl presidente nadie lo toca\u201d","datePublished":"2015-10-08T03:20:11+00:00","mainEntityOfPage":{"@id":"https:\/\/lospoliticosveracruz.com\/?p=18209"},"wordCount":675,"commentCount":0,"publisher":{"@id":"https:\/\/lospoliticosveracruz.com\/#organization"},"keywords":["Enrique Pe\u00f1a Nieto"],"articleSection":["De Opini\u00f3n"],"inLanguage":"es","potentialAction":[{"@type":"CommentAction","name":"Comment","target":["https:\/\/lospoliticosveracruz.com\/?p=18209#respond"]}]},{"@type":"WebPage","@id":"https:\/\/lospoliticosveracruz.com\/?p=18209","url":"https:\/\/lospoliticosveracruz.com\/?p=18209","name":"\u201cAl presidente nadie lo toca\u201d - Los pol\u00edticos Veracruz","isPartOf":{"@id":"https:\/\/lospoliticosveracruz.com\/#website"},"datePublished":"2015-10-08T03:20:11+00:00","breadcrumb":{"@id":"https:\/\/lospoliticosveracruz.com\/?p=18209#breadcrumb"},"inLanguage":"es","potentialAction":[{"@type":"ReadAction","target":["https:\/\/lospoliticosveracruz.com\/?p=18209"]}]},{"@type":"BreadcrumbList","@id":"https:\/\/lospoliticosveracruz.com\/?p=18209#breadcrumb","itemListElement":[{"@type":"ListItem","position":1,"name":"Portada","item":"https:\/\/lospoliticosveracruz.com\/"},{"@type":"ListItem","position":2,"name":"\u201cAl presidente nadie lo toca\u201d"}]},{"@type":"WebSite","@id":"https:\/\/lospoliticosveracruz.com\/#website","url":"https:\/\/lospoliticosveracruz.com\/","name":"Los pol\u00edticos Veracruz","description":"","publisher":{"@id":"https:\/\/lospoliticosveracruz.com\/#organization"},"potentialAction":[{"@type":"SearchAction","target":{"@type":"EntryPoint","urlTemplate":"https:\/\/lospoliticosveracruz.com\/?s={search_term_string}"},"query-input":{"@type":"PropertyValueSpecification","valueRequired":true,"valueName":"search_term_string"}}],"inLanguage":"es"},{"@type":"Organization","@id":"https:\/\/lospoliticosveracruz.com\/#organization","name":"Los pol\u00edticos Veracruz","url":"https:\/\/lospoliticosveracruz.com\/","logo":{"@type":"ImageObject","inLanguage":"es","@id":"https:\/\/lospoliticosveracruz.com\/#\/schema\/logo\/image\/","url":"https:\/\/lospoliticosveracruz.com\/wp-content\/uploads\/2025\/12\/Logo-Nuevo-LOS-POLITICOS-1.jpg","contentUrl":"https:\/\/lospoliticosveracruz.com\/wp-content\/uploads\/2025\/12\/Logo-Nuevo-LOS-POLITICOS-1.jpg","width":260,"height":70,"caption":"Los pol\u00edticos Veracruz"},"image":{"@id":"https:\/\/lospoliticosveracruz.com\/#\/schema\/logo\/image\/"},"sameAs":["https:\/\/www.facebook.com\/people\/Notimemes-de-los-Polticos\/61565672886568\/","https:\/\/x.com\/LosPoliticosVer"]},{"@type":"Person","@id":"https:\/\/lospoliticosveracruz.com\/#\/schema\/person\/b8702bb0e538456e6efd07080bf2a4a2","name":"Lo viste en Los Pol\u00edticos","image":{"@type":"ImageObject","inLanguage":"es","@id":"https:\/\/secure.gravatar.com\/avatar\/3a8de04a2656d44082be478bd6c086daa447c4651605818287b9532d3d0bd435?s=96&d=mm&r=g","url":"https:\/\/secure.gravatar.com\/avatar\/3a8de04a2656d44082be478bd6c086daa447c4651605818287b9532d3d0bd435?s=96&d=mm&r=g","contentUrl":"https:\/\/secure.gravatar.com\/avatar\/3a8de04a2656d44082be478bd6c086daa447c4651605818287b9532d3d0bd435?s=96&d=mm&r=g","caption":"Lo viste en Los Pol\u00edticos"},"url":"https:\/\/lospoliticosveracruz.com\/?author=2"}]}},"_links":{"self":[{"href":"https:\/\/lospoliticosveracruz.com\/index.php?rest_route=\/wp\/v2\/posts\/18209","targetHints":{"allow":["GET"]}}],"collection":[{"href":"https:\/\/lospoliticosveracruz.com\/index.php?rest_route=\/wp\/v2\/posts"}],"about":[{"href":"https:\/\/lospoliticosveracruz.com\/index.php?rest_route=\/wp\/v2\/types\/post"}],"author":[{"embeddable":true,"href":"https:\/\/lospoliticosveracruz.com\/index.php?rest_route=\/wp\/v2\/users\/2"}],"replies":[{"embeddable":true,"href":"https:\/\/lospoliticosveracruz.com\/index.php?rest_route=%2Fwp%2Fv2%2Fcomments&post=18209"}],"version-history":[{"count":1,"href":"https:\/\/lospoliticosveracruz.com\/index.php?rest_route=\/wp\/v2\/posts\/18209\/revisions"}],"predecessor-version":[{"id":18212,"href":"https:\/\/lospoliticosveracruz.com\/index.php?rest_route=\/wp\/v2\/posts\/18209\/revisions\/18212"}],"wp:attachment":[{"href":"https:\/\/lospoliticosveracruz.com\/index.php?rest_route=%2Fwp%2Fv2%2Fmedia&parent=18209"}],"wp:term":[{"taxonomy":"category","embeddable":true,"href":"https:\/\/lospoliticosveracruz.com\/index.php?rest_route=%2Fwp%2Fv2%2Fcategories&post=18209"},{"taxonomy":"post_tag","embeddable":true,"href":"https:\/\/lospoliticosveracruz.com\/index.php?rest_route=%2Fwp%2Fv2%2Ftags&post=18209"}],"curies":[{"name":"wp","href":"https:\/\/api.w.org\/{rel}","templated":true}]}}