{"id":18279,"date":"2015-10-11T22:01:13","date_gmt":"2015-10-12T03:01:13","guid":{"rendered":"http:\/\/www.lospoliticosveracruz.com.mx\/?p=18279"},"modified":"2015-10-11T22:01:13","modified_gmt":"2015-10-12T03:01:13","slug":"en-funciones-policias-reprobados","status":"publish","type":"post","link":"https:\/\/lospoliticosveracruz.com\/?p=18279","title":{"rendered":"En funciones, polic\u00edas reprobados"},"content":{"rendered":"<p><a href=\"http:\/\/www.lospoliticosveracruz.com.mx\/wp-content\/uploads\/2014\/12\/Policias.jpg\"><img loading=\"lazy\" decoding=\"async\" class=\"alignnone size-medium wp-image-13816\" src=\"http:\/\/www.lospoliticosveracruz.com.mx\/wp-content\/uploads\/2014\/12\/Policias-300x122.jpg\" alt=\"Policias\" width=\"300\" height=\"122\" \/><\/a><\/p>\n<p><strong>Luis Alberto Romero<\/strong><\/p>\n<p><em>Hora Cero<\/em><\/p>\n<p>Uno de los talones de Aquiles de las administraciones municipales tiene que ver con el tema de la seguridad p\u00fablica y, particularmente, la selecci\u00f3n de las personas a las que se encargan de las labores de vigilancia y prevenci\u00f3n del delito.<br \/>\nA finales de 2014, el Secretariado Ejecutivo del Sistema Nacional de Seguridad P\u00fablica revel\u00f3 datos preocupantes en torno a Veracruz: que el 47.3 por ciento de los polic\u00edas estatales reprobaron los ex\u00e1menes de confianza y que en los municipios de la entidad, el 43.5 por ciento de los elementos tampoco obtuvieron una calificaci\u00f3n aprobatoria.<br \/>\nEn total, 4 mil 273 uniformados estatales y mil 545 municipales fueron reprobados en ex\u00e1menes que incluyeron antidoping, pruebas socioecon\u00f3micas, psicol\u00f3gicas y m\u00e9dicas, adem\u00e1s del llamado pol\u00edgrafo.<br \/>\nVeracruz, de acuerdo con la fuente, encabez\u00f3 la lista de los estados con m\u00e1s polic\u00edas reprobados; le siguieron, en ese vergonzoso ranking, Baja California Sur, Sinaloa, Tabasco, Nayarit y San Luis Potos\u00ed.<br \/>\nEse dato encendi\u00f3 los focos rojos en los altos mandos de la Secretar\u00eda de Seguridad P\u00fablica del Gobierno del Estado, que intensific\u00f3 un programa de capacitaci\u00f3n enfocado a los elementos de las fuerzas policiacas: a la fecha, de acuerdo al Sistema de Desarrollo Policial de Veracruz, 12 mil 729 efectivos han sido evaluados. Adicionalmente, 12 generaciones han egresado de la Academia de Polic\u00eda; 59 elementos de la dependencia ya cursan la licenciatura en Seguridad P\u00fablica; y 39 m\u00e1s est\u00e1n a punto de obtener el grado de Maestr\u00eda.<br \/>\nEn ese proceso de depuraci\u00f3n, m\u00e1s de 4 mil 300 elementos de diferentes corporaciones policiacas han causado baja del servicio activo.<br \/>\nSin embargo, diferentes organizaciones no gubernamentales que son reconocidas por el Sistema Nacional de Seguridad P\u00fablica han externado su preocupaci\u00f3n por que en la mayor\u00eda de los estados y municipios del pa\u00eds, los polic\u00edas que fueron reprobados en sus respectivas evaluaciones, siguen en funciones.<br \/>\n\u00danicamente Campeche, Coahuila, Quer\u00e9taro, Tamaulipas, Nuevo Le\u00f3n y Puebla despidieron a quienes reprobaron los ex\u00e1menes el a\u00f1o pasado.<br \/>\nVeracruz, al igual que otras 24 entidades, no dio de baja a sus elementos reprobados.<\/p>\n<p><strong>En evaluaci\u00f3n policiaca, Tuxpan, un ejemplo<\/strong><br \/>\nAnte dicho escenario, que revela un problema de fondo en el tema de seguridad p\u00fablica, son pocos los ayuntamientos que han mostrado inter\u00e9s por la capacitaci\u00f3n y evaluaci\u00f3n permanente de sus cuerpos policiacos.<br \/>\nEn la mayor\u00eda de los casos no s\u00f3lo hay deficiencias, sino tambi\u00e9n vicios solapados por los propios ayuntamientos, como el caso de Coatepec, donde los propios elementos han sido se\u00f1alados, durante el periodo de Roberto P\u00e9rez Moreno, por su presunta participaci\u00f3n en actividades delictivas; o Mart\u00ednez de la Torre, donde nos reportan que las autoridades utilizan los servicios de los uniformados para la seguridad privada de los funcionarios o, incluso, para el cuidado de sus mascotas.<br \/>\nEn contraparte, un ejemplo de buena gesti\u00f3n en materia de seguridad p\u00fablica se presenta en el norte veracruzano; en Tuxpan, el ayuntamiento que preside Ra\u00fal Ruiz D\u00edaz emiti\u00f3 hace poco menos de una semana una convocatoria para incorporarse a la Polic\u00eda Municipal.<br \/>\nEsa campa\u00f1a de reclutamiento, selecci\u00f3n e ingreso tiene la finalidad de fortalecer a dicho cuerpo policial con elementos con un perfil m\u00e1s completo, acorde con los lineamientos establecidos por el Sistema Nacional de Seguridad P\u00fablica.<br \/>\nEn ese ayuntamiento, los requisitos indispensables para los aspirantes a elementos policiacos se enfocan a la aprobaci\u00f3n de ex\u00e1menes de confiabilidad, m\u00e9dicos y psicom\u00e9tricos, con la finalidad de que los nuevos polic\u00edas tengan un elevado concepto de las acciones preventivas, de proximidad social, vinculaci\u00f3n y cercan\u00eda ciudadana.<br \/>\nEl alcalde Ra\u00fal Ruiz destac\u00f3 que deber\u00e1n aprobar el proceso de selecci\u00f3n y de evaluaci\u00f3n de control de confianza, ya que esto garantiza que el personal de la dependencia sea gente honesta, con un alto sentido de responsabilidad y lealtad, principios que se instruyen sean la bandera de esta corporaci\u00f3n al servicio de la comunidad.<\/p>\n<p><strong>Am\u00e9rico en la CONAMM<\/strong><br \/>\nEl gobierno de Javier Duarte de Ochoa impuls\u00f3 la extensi\u00f3n del per\u00edodo de gobierno de los alcaldes veracruzanos de 3 a 4 a\u00f1os para que tuvieran un plazo m\u00e1s conveniente para planear y hacer obras de trascendencia en los municipios; lo cierto es que a casi la mitad de este per\u00edodo son pocos los ayuntamientos que realmente han destacado por hacer obra p\u00fablica en sus municipios; al contrario, muchos no tienen ni para pagar su gasto corriente, n\u00f3mina y prestaciones.<br \/>\nDe los aguinaldos de sus empleados mejor ni hablar.<br \/>\nEn este escenario se inscribe la creaci\u00f3n de la delegaci\u00f3n veracruzana de la Conferencia Nacional de Municipios de M\u00e9xico (CONAMM) que preside desde el pasado viernes el alcalde de Xalapa, Am\u00e9rico Z\u00fa\u00f1iga Mart\u00ednez; \u00e9sta es, sin duda, una buena noticia para muchos de sus hom\u00f3logos en el estado porque as\u00ed como ha hecho un buen trabajo en la capital veracruzana, as\u00ed se espera que lo haga a nivel estatal desde su representaci\u00f3n como Presidente de la CONAMM-Veracruz. @luisromero85<\/p>\n","protected":false},"excerpt":{"rendered":"<p>Luis Alberto Romero Hora Cero Uno de los talones de Aquiles de las administraciones municipales tiene que ver con el tema de la seguridad p\u00fablica y, particularmente, la selecci\u00f3n de las personas a las que se encargan de las labores de vigilancia y prevenci\u00f3n del delito. A finales de 2014, el Secretariado Ejecutivo del Sistema [&hellip;]<\/p>\n","protected":false},"author":2,"featured_media":0,"comment_status":"open","ping_status":"open","sticky":false,"template":"","format":"standard","meta":{"tdm_status":"","tdm_grid_status":"","footnotes":""},"categories":[70],"tags":[3638,3639,3636,3637,177,195],"class_list":{"0":"post-18279","1":"post","2":"type-post","3":"status-publish","4":"format-standard","6":"category-de-opinion","7":"tag-medicas","8":"tag-poligrafo","9":"tag-pruebas-socioeconomicas","10":"tag-psicologicas","11":"tag-seguridad-publica","12":"tag-veracruz"},"yoast_head":"<!-- This site is optimized with the Yoast SEO plugin v27.4 - https:\/\/yoast.com\/product\/yoast-seo-wordpress\/ -->\n<title>En funciones, polic\u00edas reprobados - Los pol\u00edticos Veracruz<\/title>\n<meta name=\"robots\" content=\"index, follow, max-snippet:-1, max-image-preview:large, max-video-preview:-1\" \/>\n<link rel=\"canonical\" href=\"https:\/\/lospoliticosveracruz.com\/?p=18279\" \/>\n<meta property=\"og:locale\" content=\"es_ES\" \/>\n<meta property=\"og:type\" content=\"article\" \/>\n<meta property=\"og:title\" content=\"En funciones, polic\u00edas reprobados - Los pol\u00edticos Veracruz\" \/>\n<meta property=\"og:description\" content=\"Luis Alberto Romero Hora Cero Uno de los talones de Aquiles de las administraciones municipales tiene que ver con el tema de la seguridad p\u00fablica y, particularmente, la selecci\u00f3n de las personas a las que se encargan de las labores de vigilancia y prevenci\u00f3n del delito. A finales de 2014, el Secretariado Ejecutivo del Sistema [&hellip;]\" \/>\n<meta property=\"og:url\" content=\"https:\/\/lospoliticosveracruz.com\/?p=18279\" \/>\n<meta property=\"og:site_name\" content=\"Los pol\u00edticos Veracruz\" \/>\n<meta property=\"article:publisher\" content=\"https:\/\/www.facebook.com\/people\/Notimemes-de-los-Polticos\/61565672886568\/\" \/>\n<meta property=\"article:published_time\" content=\"2015-10-12T03:01:13+00:00\" \/>\n<meta property=\"og:image\" content=\"http:\/\/www.lospoliticosveracruz.com.mx\/wp-content\/uploads\/2014\/12\/Policias-300x122.jpg\" \/>\n<meta name=\"author\" content=\"Lo viste en Los Pol\u00edticos\" \/>\n<meta name=\"twitter:card\" content=\"summary_large_image\" \/>\n<meta name=\"twitter:creator\" content=\"@LosPoliticosVer\" \/>\n<meta name=\"twitter:site\" content=\"@LosPoliticosVer\" \/>\n<meta name=\"twitter:label1\" content=\"Escrito por\" \/>\n\t<meta name=\"twitter:data1\" content=\"Lo viste en Los Pol\u00edticos\" \/>\n\t<meta name=\"twitter:label2\" content=\"Tiempo de lectura\" \/>\n\t<meta name=\"twitter:data2\" content=\"4 minutos\" \/>\n<script type=\"application\/ld+json\" class=\"yoast-schema-graph\">{\"@context\":\"https:\\\/\\\/schema.org\",\"@graph\":[{\"@type\":\"Article\",\"@id\":\"https:\\\/\\\/lospoliticosveracruz.com\\\/?p=18279#article\",\"isPartOf\":{\"@id\":\"https:\\\/\\\/lospoliticosveracruz.com\\\/?p=18279\"},\"author\":{\"name\":\"Lo viste en Los Pol\u00edticos\",\"@id\":\"https:\\\/\\\/lospoliticosveracruz.com\\\/#\\\/schema\\\/person\\\/b8702bb0e538456e6efd07080bf2a4a2\"},\"headline\":\"En funciones, polic\u00edas reprobados\",\"datePublished\":\"2015-10-12T03:01:13+00:00\",\"mainEntityOfPage\":{\"@id\":\"https:\\\/\\\/lospoliticosveracruz.com\\\/?p=18279\"},\"wordCount\":881,\"commentCount\":0,\"publisher\":{\"@id\":\"https:\\\/\\\/lospoliticosveracruz.com\\\/#organization\"},\"image\":{\"@id\":\"https:\\\/\\\/lospoliticosveracruz.com\\\/?p=18279#primaryimage\"},\"thumbnailUrl\":\"http:\\\/\\\/www.lospoliticosveracruz.com.mx\\\/wp-content\\\/uploads\\\/2014\\\/12\\\/Policias-300x122.jpg\",\"keywords\":[\"m\u00e9dicas\",\"pol\u00edgrafo\",\"pruebas socioecon\u00f3micas\",\"psicol\u00f3gicas\",\"Seguridad P\u00fablica\",\"Veracruz\"],\"articleSection\":[\"De Opini\u00f3n\"],\"inLanguage\":\"es\",\"potentialAction\":[{\"@type\":\"CommentAction\",\"name\":\"Comment\",\"target\":[\"https:\\\/\\\/lospoliticosveracruz.com\\\/?p=18279#respond\"]}]},{\"@type\":\"WebPage\",\"@id\":\"https:\\\/\\\/lospoliticosveracruz.com\\\/?p=18279\",\"url\":\"https:\\\/\\\/lospoliticosveracruz.com\\\/?p=18279\",\"name\":\"En funciones, polic\u00edas reprobados - Los pol\u00edticos Veracruz\",\"isPartOf\":{\"@id\":\"https:\\\/\\\/lospoliticosveracruz.com\\\/#website\"},\"primaryImageOfPage\":{\"@id\":\"https:\\\/\\\/lospoliticosveracruz.com\\\/?p=18279#primaryimage\"},\"image\":{\"@id\":\"https:\\\/\\\/lospoliticosveracruz.com\\\/?p=18279#primaryimage\"},\"thumbnailUrl\":\"http:\\\/\\\/www.lospoliticosveracruz.com.mx\\\/wp-content\\\/uploads\\\/2014\\\/12\\\/Policias-300x122.jpg\",\"datePublished\":\"2015-10-12T03:01:13+00:00\",\"breadcrumb\":{\"@id\":\"https:\\\/\\\/lospoliticosveracruz.com\\\/?p=18279#breadcrumb\"},\"inLanguage\":\"es\",\"potentialAction\":[{\"@type\":\"ReadAction\",\"target\":[\"https:\\\/\\\/lospoliticosveracruz.com\\\/?p=18279\"]}]},{\"@type\":\"ImageObject\",\"inLanguage\":\"es\",\"@id\":\"https:\\\/\\\/lospoliticosveracruz.com\\\/?p=18279#primaryimage\",\"url\":\"http:\\\/\\\/www.lospoliticosveracruz.com.mx\\\/wp-content\\\/uploads\\\/2014\\\/12\\\/Policias-300x122.jpg\",\"contentUrl\":\"http:\\\/\\\/www.lospoliticosveracruz.com.mx\\\/wp-content\\\/uploads\\\/2014\\\/12\\\/Policias-300x122.jpg\"},{\"@type\":\"BreadcrumbList\",\"@id\":\"https:\\\/\\\/lospoliticosveracruz.com\\\/?p=18279#breadcrumb\",\"itemListElement\":[{\"@type\":\"ListItem\",\"position\":1,\"name\":\"Portada\",\"item\":\"https:\\\/\\\/lospoliticosveracruz.com\\\/\"},{\"@type\":\"ListItem\",\"position\":2,\"name\":\"En funciones, polic\u00edas reprobados\"}]},{\"@type\":\"WebSite\",\"@id\":\"https:\\\/\\\/lospoliticosveracruz.com\\\/#website\",\"url\":\"https:\\\/\\\/lospoliticosveracruz.com\\\/\",\"name\":\"Los pol\u00edticos Veracruz\",\"description\":\"\",\"publisher\":{\"@id\":\"https:\\\/\\\/lospoliticosveracruz.com\\\/#organization\"},\"potentialAction\":[{\"@type\":\"SearchAction\",\"target\":{\"@type\":\"EntryPoint\",\"urlTemplate\":\"https:\\\/\\\/lospoliticosveracruz.com\\\/?s={search_term_string}\"},\"query-input\":{\"@type\":\"PropertyValueSpecification\",\"valueRequired\":true,\"valueName\":\"search_term_string\"}}],\"inLanguage\":\"es\"},{\"@type\":\"Organization\",\"@id\":\"https:\\\/\\\/lospoliticosveracruz.com\\\/#organization\",\"name\":\"Los pol\u00edticos Veracruz\",\"url\":\"https:\\\/\\\/lospoliticosveracruz.com\\\/\",\"logo\":{\"@type\":\"ImageObject\",\"inLanguage\":\"es\",\"@id\":\"https:\\\/\\\/lospoliticosveracruz.com\\\/#\\\/schema\\\/logo\\\/image\\\/\",\"url\":\"https:\\\/\\\/lospoliticosveracruz.com\\\/wp-content\\\/uploads\\\/2025\\\/12\\\/Logo-Nuevo-LOS-POLITICOS-1.jpg\",\"contentUrl\":\"https:\\\/\\\/lospoliticosveracruz.com\\\/wp-content\\\/uploads\\\/2025\\\/12\\\/Logo-Nuevo-LOS-POLITICOS-1.jpg\",\"width\":260,\"height\":70,\"caption\":\"Los pol\u00edticos Veracruz\"},\"image\":{\"@id\":\"https:\\\/\\\/lospoliticosveracruz.com\\\/#\\\/schema\\\/logo\\\/image\\\/\"},\"sameAs\":[\"https:\\\/\\\/www.facebook.com\\\/people\\\/Notimemes-de-los-Polticos\\\/61565672886568\\\/\",\"https:\\\/\\\/x.com\\\/LosPoliticosVer\"]},{\"@type\":\"Person\",\"@id\":\"https:\\\/\\\/lospoliticosveracruz.com\\\/#\\\/schema\\\/person\\\/b8702bb0e538456e6efd07080bf2a4a2\",\"name\":\"Lo viste en Los Pol\u00edticos\",\"image\":{\"@type\":\"ImageObject\",\"inLanguage\":\"es\",\"@id\":\"https:\\\/\\\/secure.gravatar.com\\\/avatar\\\/3a8de04a2656d44082be478bd6c086daa447c4651605818287b9532d3d0bd435?s=96&d=mm&r=g\",\"url\":\"https:\\\/\\\/secure.gravatar.com\\\/avatar\\\/3a8de04a2656d44082be478bd6c086daa447c4651605818287b9532d3d0bd435?s=96&d=mm&r=g\",\"contentUrl\":\"https:\\\/\\\/secure.gravatar.com\\\/avatar\\\/3a8de04a2656d44082be478bd6c086daa447c4651605818287b9532d3d0bd435?s=96&d=mm&r=g\",\"caption\":\"Lo viste en Los Pol\u00edticos\"},\"url\":\"https:\\\/\\\/lospoliticosveracruz.com\\\/?author=2\"}]}<\/script>\n<!-- \/ Yoast SEO plugin. -->","yoast_head_json":{"title":"En funciones, polic\u00edas reprobados - Los pol\u00edticos Veracruz","robots":{"index":"index","follow":"follow","max-snippet":"max-snippet:-1","max-image-preview":"max-image-preview:large","max-video-preview":"max-video-preview:-1"},"canonical":"https:\/\/lospoliticosveracruz.com\/?p=18279","og_locale":"es_ES","og_type":"article","og_title":"En funciones, polic\u00edas reprobados - Los pol\u00edticos Veracruz","og_description":"Luis Alberto Romero Hora Cero Uno de los talones de Aquiles de las administraciones municipales tiene que ver con el tema de la seguridad p\u00fablica y, particularmente, la selecci\u00f3n de las personas a las que se encargan de las labores de vigilancia y prevenci\u00f3n del delito. A finales de 2014, el Secretariado Ejecutivo del Sistema [&hellip;]","og_url":"https:\/\/lospoliticosveracruz.com\/?p=18279","og_site_name":"Los pol\u00edticos Veracruz","article_publisher":"https:\/\/www.facebook.com\/people\/Notimemes-de-los-Polticos\/61565672886568\/","article_published_time":"2015-10-12T03:01:13+00:00","og_image":[{"url":"http:\/\/www.lospoliticosveracruz.com.mx\/wp-content\/uploads\/2014\/12\/Policias-300x122.jpg","type":"","width":"","height":""}],"author":"Lo viste en Los Pol\u00edticos","twitter_card":"summary_large_image","twitter_creator":"@LosPoliticosVer","twitter_site":"@LosPoliticosVer","twitter_misc":{"Escrito por":"Lo viste en Los Pol\u00edticos","Tiempo de lectura":"4 minutos"},"schema":{"@context":"https:\/\/schema.org","@graph":[{"@type":"Article","@id":"https:\/\/lospoliticosveracruz.com\/?p=18279#article","isPartOf":{"@id":"https:\/\/lospoliticosveracruz.com\/?p=18279"},"author":{"name":"Lo viste en Los Pol\u00edticos","@id":"https:\/\/lospoliticosveracruz.com\/#\/schema\/person\/b8702bb0e538456e6efd07080bf2a4a2"},"headline":"En funciones, polic\u00edas reprobados","datePublished":"2015-10-12T03:01:13+00:00","mainEntityOfPage":{"@id":"https:\/\/lospoliticosveracruz.com\/?p=18279"},"wordCount":881,"commentCount":0,"publisher":{"@id":"https:\/\/lospoliticosveracruz.com\/#organization"},"image":{"@id":"https:\/\/lospoliticosveracruz.com\/?p=18279#primaryimage"},"thumbnailUrl":"http:\/\/www.lospoliticosveracruz.com.mx\/wp-content\/uploads\/2014\/12\/Policias-300x122.jpg","keywords":["m\u00e9dicas","pol\u00edgrafo","pruebas socioecon\u00f3micas","psicol\u00f3gicas","Seguridad P\u00fablica","Veracruz"],"articleSection":["De Opini\u00f3n"],"inLanguage":"es","potentialAction":[{"@type":"CommentAction","name":"Comment","target":["https:\/\/lospoliticosveracruz.com\/?p=18279#respond"]}]},{"@type":"WebPage","@id":"https:\/\/lospoliticosveracruz.com\/?p=18279","url":"https:\/\/lospoliticosveracruz.com\/?p=18279","name":"En funciones, polic\u00edas reprobados - Los pol\u00edticos Veracruz","isPartOf":{"@id":"https:\/\/lospoliticosveracruz.com\/#website"},"primaryImageOfPage":{"@id":"https:\/\/lospoliticosveracruz.com\/?p=18279#primaryimage"},"image":{"@id":"https:\/\/lospoliticosveracruz.com\/?p=18279#primaryimage"},"thumbnailUrl":"http:\/\/www.lospoliticosveracruz.com.mx\/wp-content\/uploads\/2014\/12\/Policias-300x122.jpg","datePublished":"2015-10-12T03:01:13+00:00","breadcrumb":{"@id":"https:\/\/lospoliticosveracruz.com\/?p=18279#breadcrumb"},"inLanguage":"es","potentialAction":[{"@type":"ReadAction","target":["https:\/\/lospoliticosveracruz.com\/?p=18279"]}]},{"@type":"ImageObject","inLanguage":"es","@id":"https:\/\/lospoliticosveracruz.com\/?p=18279#primaryimage","url":"http:\/\/www.lospoliticosveracruz.com.mx\/wp-content\/uploads\/2014\/12\/Policias-300x122.jpg","contentUrl":"http:\/\/www.lospoliticosveracruz.com.mx\/wp-content\/uploads\/2014\/12\/Policias-300x122.jpg"},{"@type":"BreadcrumbList","@id":"https:\/\/lospoliticosveracruz.com\/?p=18279#breadcrumb","itemListElement":[{"@type":"ListItem","position":1,"name":"Portada","item":"https:\/\/lospoliticosveracruz.com\/"},{"@type":"ListItem","position":2,"name":"En funciones, polic\u00edas reprobados"}]},{"@type":"WebSite","@id":"https:\/\/lospoliticosveracruz.com\/#website","url":"https:\/\/lospoliticosveracruz.com\/","name":"Los pol\u00edticos Veracruz","description":"","publisher":{"@id":"https:\/\/lospoliticosveracruz.com\/#organization"},"potentialAction":[{"@type":"SearchAction","target":{"@type":"EntryPoint","urlTemplate":"https:\/\/lospoliticosveracruz.com\/?s={search_term_string}"},"query-input":{"@type":"PropertyValueSpecification","valueRequired":true,"valueName":"search_term_string"}}],"inLanguage":"es"},{"@type":"Organization","@id":"https:\/\/lospoliticosveracruz.com\/#organization","name":"Los pol\u00edticos Veracruz","url":"https:\/\/lospoliticosveracruz.com\/","logo":{"@type":"ImageObject","inLanguage":"es","@id":"https:\/\/lospoliticosveracruz.com\/#\/schema\/logo\/image\/","url":"https:\/\/lospoliticosveracruz.com\/wp-content\/uploads\/2025\/12\/Logo-Nuevo-LOS-POLITICOS-1.jpg","contentUrl":"https:\/\/lospoliticosveracruz.com\/wp-content\/uploads\/2025\/12\/Logo-Nuevo-LOS-POLITICOS-1.jpg","width":260,"height":70,"caption":"Los pol\u00edticos Veracruz"},"image":{"@id":"https:\/\/lospoliticosveracruz.com\/#\/schema\/logo\/image\/"},"sameAs":["https:\/\/www.facebook.com\/people\/Notimemes-de-los-Polticos\/61565672886568\/","https:\/\/x.com\/LosPoliticosVer"]},{"@type":"Person","@id":"https:\/\/lospoliticosveracruz.com\/#\/schema\/person\/b8702bb0e538456e6efd07080bf2a4a2","name":"Lo viste en Los Pol\u00edticos","image":{"@type":"ImageObject","inLanguage":"es","@id":"https:\/\/secure.gravatar.com\/avatar\/3a8de04a2656d44082be478bd6c086daa447c4651605818287b9532d3d0bd435?s=96&d=mm&r=g","url":"https:\/\/secure.gravatar.com\/avatar\/3a8de04a2656d44082be478bd6c086daa447c4651605818287b9532d3d0bd435?s=96&d=mm&r=g","contentUrl":"https:\/\/secure.gravatar.com\/avatar\/3a8de04a2656d44082be478bd6c086daa447c4651605818287b9532d3d0bd435?s=96&d=mm&r=g","caption":"Lo viste en Los Pol\u00edticos"},"url":"https:\/\/lospoliticosveracruz.com\/?author=2"}]}},"_links":{"self":[{"href":"https:\/\/lospoliticosveracruz.com\/index.php?rest_route=\/wp\/v2\/posts\/18279","targetHints":{"allow":["GET"]}}],"collection":[{"href":"https:\/\/lospoliticosveracruz.com\/index.php?rest_route=\/wp\/v2\/posts"}],"about":[{"href":"https:\/\/lospoliticosveracruz.com\/index.php?rest_route=\/wp\/v2\/types\/post"}],"author":[{"embeddable":true,"href":"https:\/\/lospoliticosveracruz.com\/index.php?rest_route=\/wp\/v2\/users\/2"}],"replies":[{"embeddable":true,"href":"https:\/\/lospoliticosveracruz.com\/index.php?rest_route=%2Fwp%2Fv2%2Fcomments&post=18279"}],"version-history":[{"count":1,"href":"https:\/\/lospoliticosveracruz.com\/index.php?rest_route=\/wp\/v2\/posts\/18279\/revisions"}],"predecessor-version":[{"id":18280,"href":"https:\/\/lospoliticosveracruz.com\/index.php?rest_route=\/wp\/v2\/posts\/18279\/revisions\/18280"}],"wp:attachment":[{"href":"https:\/\/lospoliticosveracruz.com\/index.php?rest_route=%2Fwp%2Fv2%2Fmedia&parent=18279"}],"wp:term":[{"taxonomy":"category","embeddable":true,"href":"https:\/\/lospoliticosveracruz.com\/index.php?rest_route=%2Fwp%2Fv2%2Fcategories&post=18279"},{"taxonomy":"post_tag","embeddable":true,"href":"https:\/\/lospoliticosveracruz.com\/index.php?rest_route=%2Fwp%2Fv2%2Ftags&post=18279"}],"curies":[{"name":"wp","href":"https:\/\/api.w.org\/{rel}","templated":true}]}}