{"id":18296,"date":"2015-10-12T21:49:28","date_gmt":"2015-10-13T02:49:28","guid":{"rendered":"http:\/\/www.lospoliticosveracruz.com.mx\/?p=18296"},"modified":"2015-10-12T21:49:28","modified_gmt":"2015-10-13T02:49:28","slug":"aleman-en-la-sucesion-veracruzana","status":"publish","type":"post","link":"https:\/\/lospoliticosveracruz.com\/?p=18296","title":{"rendered":"Alem\u00e1n, en la sucesi\u00f3n veracruzana"},"content":{"rendered":"<p><a href=\"http:\/\/www.lospoliticosveracruz.com.mx\/wp-content\/uploads\/2015\/06\/Tom\u00e1s-Ruiz.jpg\"><img loading=\"lazy\" decoding=\"async\" class=\"alignnone size-medium wp-image-16515\" src=\"http:\/\/www.lospoliticosveracruz.com.mx\/wp-content\/uploads\/2015\/06\/Tom\u00e1s-Ruiz-300x199.jpg\" alt=\"Tom\u00e1s Ruiz\" width=\"300\" height=\"199\" \/><\/a><\/p>\n<p><strong>Luis Alberto Romero<\/strong><\/p>\n<p><em>Hora Cero<\/em><\/p>\n<p>Uno de los veracruzanos m\u00e1s pr\u00f3ximos al gobierno federal y, sobre todo, al presidente Enrique Pe\u00f1a Nieto es el ex gobernador Miguel Alem\u00e1n Velasco, quien mantiene un aceptable nivel de presencia en Veracruz, y prestigio en el \u00e1mbito empresarial de nuestro pa\u00eds.<br \/>\nEl peso pol\u00edtico y empresarial del ex gobernador es incuestionable; y hay quien afirma que su voz en torno a la sucesi\u00f3n estatal del a\u00f1o pr\u00f3ximo, si bien no ser\u00e1 determinante, si podr\u00eda influir, porque se escucha en las altas esferas, particularmente en Los Pinos.<br \/>\nEn el gobierno estatal, los aliados de Alem\u00e1n Velasco mantienen posiciones que podr\u00edan considerarse neur\u00e1lgicas: Flavino R\u00edos Alvarado es titular, por segunda vez, de la Secretar\u00eda de Gobierno; Antonio G\u00f3mez Pelegr\u00edn lo es de la de Finanzas y Planeaci\u00f3n; Tom\u00e1s Ruiz Gonz\u00e1lez se ubica en la de Infraestructura y Obra P\u00fablica; mientras que Ram\u00f3n Ferrari Pardi\u00f1o despacha en la de Desarrollo Agropecuario.<br \/>\nEsas posiciones y las relaciones del ex gobernador en el altiplano son factores que ilustran la importancia de Miguel Alem\u00e1n en el tema sucesorio.<br \/>\nEn ese contexto, de todo el grupo identificado como los alemanistas, entre quienes podr\u00edamos enlistar al prestigioso neurocirujano Mauro Loyo Varela, ex secretario de Salud; al jurista Francisco Berl\u00edn Valenzuela, pieza fundamental en la Reforma Constitucional de Veracruz del a\u00f1o 2000; a Lorenzo Lazo Marg\u00e1in, ex jefe de la Oficina de Programa de Gobierno; a Roberto L\u00f3pez Delf\u00edn, ex secretario particular; a Alejandro Montano Guzm\u00e1n, ex secretario de Seguridad P\u00fablica; y a Tom\u00e1s Ruiz Gonz\u00e1lez, quien aunque no form\u00f3 parte del gabinete estatal, s\u00ed se mantuvo en los afectos del ex gobernador, el \u00fanico que hoy se encuentra en la lista de aspirantes a la candidatura del PRI al gobierno del estado es el hoy titular de la Secretar\u00eda de Infraestructura y Obra P\u00fablica.<br \/>\nEn un escenario en el que la decisi\u00f3n en torno al sucesor de Javier Duarte parece estar tomada y favorecer al senador Jos\u00e9 Francisco Yunes Zorrilla, la figura de Tom\u00e1s Ruiz se mantiene como una opci\u00f3n, sobre todo porque no representa un rompimiento o un riesgo para los diferentes grupos del Revolucionario Institucional; ser\u00eda, pues, un gobierno de transici\u00f3n.<br \/>\nEn otra pista, luego del nuevo viraje en su discurso y de su rompimiento con el grupo que se mantiene en el gobierno estatal, el senador H\u00e9ctor Yunes Landa ha tomado un nuevo aire; el desencuentro con el gobernador Duarte y el episodio que pas\u00f3 al anecdotario pol\u00edtico veracruzano como el ca\u00f1egate, lejos de debilitarle, termin\u00f3 por fortalecer al de Soledad de Doblado.<\/p>\n<p><strong>Besamanos en San Juli\u00e1n<\/strong><br \/>\nPara los analistas de la actividad pol\u00edtica veracruzana, la decisi\u00f3n de la candidatura pri\u00edsta ya est\u00e1 tomada y claramente favorece al senador Jos\u00e9 Francisco Yunes Zorrilla.<br \/>\nLa reuni\u00f3n del pasado viernes en el rancho San Juli\u00e1n podr\u00eda interpretarse como el pre destape de Pepe Yunes. Legisladores locales del PRI, Partido Verde, Nueva Alianza y Alternativa Veracruzana estuvieron presentes en un anticipado besamanos.<br \/>\nExceptuando, por obvias razones, a los diputados del PAN, PRD, PT y Movimiento Ciudadano, casi todos los legisladores locales estuvieron en la reuni\u00f3n con el senador originario de Perote; entre las ausencias se podr\u00eda citar a los representantes de los distritos de Misantla y Mart\u00ednez de la Torre, Heber Carballo Salazar y Eduardo S\u00e1nchez Mac\u00edas, respectivamente; nada como para preocupar al equipo de Yunes Zorrilla.<br \/>\nEse podr\u00eda considerarse el pre destape de Yunes Zorrilla; el evento importante, sin embargo, llegar\u00eda el mes pr\u00f3ximo, en noviembre, cuando el senador rinda su informe de actividades legislativas. Se espera que el estadio xalape\u00f1o sea insuficiente. Unas semanas despu\u00e9s, la fumata blanca saldr\u00eda del edificio de Insurgentes Norte, en el Distrito Federal, para anunciar la candidatura por Veracruz, nos comentan.<br \/>\nMientras tanto, al igual que Jos\u00e9 Francisco Yunes Zorrilla, H\u00e9ctor Yunes Landa y Tom\u00e1s Ruiz Gonz\u00e1lez, los otros aspirantes pri\u00edstas, siguen en lo suyo; saben perfectamente que una vez que el pr\u00f3ximo gobernador rinda protesta, de inmediato comenzar\u00e1 la siguiente carrera sucesoria.<br \/>\nFinalmente, quienes observan de cerca los pasos de Ruiz Gonz\u00e1lez apuntan que si bien es cierto que el ex director de la Loter\u00eda Nacional cuenta con la simpat\u00eda del grupo alemanista, el titular de la SIOP no ser\u00eda la \u00fanica carta del ex gobernador Alem\u00e1n Velasco, quien mantiene vasos comunicantes con el senador Jos\u00e9 Francisco Yunes. De hecho, nos dicen que no podr\u00eda considerarse raro ver a Tom\u00e1s Ruiz en el pr\u00f3ximo gabinete, si es que el de Perote llega al cargo.<\/p>\n<p><strong>\u00bfDeclinar\u00eda Buganza?<\/strong><br \/>\nPor cierto, entre los cercanos al ex secretario de Gobierno, hoy aspirante a la candidatura independiente al gobierno veracruzano, Gerardo Buganza Salmer\u00f3n, se comenta que si el PRI registra como candidato al senador Jos\u00e9 Francisco Yunes, el cordob\u00e9s podr\u00eda declinar para sumarse a esa campa\u00f1a. @luisromero85<\/p>\n","protected":false},"excerpt":{"rendered":"<p>Luis Alberto Romero Hora Cero Uno de los veracruzanos m\u00e1s pr\u00f3ximos al gobierno federal y, sobre todo, al presidente Enrique Pe\u00f1a Nieto es el ex gobernador Miguel Alem\u00e1n Velasco, quien mantiene un aceptable nivel de presencia en Veracruz, y prestigio en el \u00e1mbito empresarial de nuestro pa\u00eds. El peso pol\u00edtico y empresarial del ex gobernador [&hellip;]<\/p>\n","protected":false},"author":2,"featured_media":0,"comment_status":"open","ping_status":"open","sticky":false,"template":"","format":"standard","meta":{"tdm_status":"","tdm_grid_status":"","footnotes":""},"categories":[70],"tags":[281,348,1846,1800,2741],"class_list":{"0":"post-18296","1":"post","2":"type-post","3":"status-publish","4":"format-standard","6":"category-de-opinion","7":"tag-enrique-pena-nieto","8":"tag-hector-yunes-landa","9":"tag-jose-francisco-yunes-zorrilla","10":"tag-miguel-aleman-velasco","11":"tag-tomas-ruiz"},"yoast_head":"<!-- This site is optimized with the Yoast SEO plugin v27.4 - https:\/\/yoast.com\/product\/yoast-seo-wordpress\/ -->\n<title>Alem\u00e1n, en la sucesi\u00f3n veracruzana - Los pol\u00edticos Veracruz<\/title>\n<meta name=\"robots\" content=\"index, follow, max-snippet:-1, max-image-preview:large, max-video-preview:-1\" \/>\n<link rel=\"canonical\" href=\"https:\/\/lospoliticosveracruz.com\/?p=18296\" \/>\n<meta property=\"og:locale\" content=\"es_ES\" \/>\n<meta property=\"og:type\" content=\"article\" \/>\n<meta property=\"og:title\" content=\"Alem\u00e1n, en la sucesi\u00f3n veracruzana - Los pol\u00edticos Veracruz\" \/>\n<meta property=\"og:description\" content=\"Luis Alberto Romero Hora Cero Uno de los veracruzanos m\u00e1s pr\u00f3ximos al gobierno federal y, sobre todo, al presidente Enrique Pe\u00f1a Nieto es el ex gobernador Miguel Alem\u00e1n Velasco, quien mantiene un aceptable nivel de presencia en Veracruz, y prestigio en el \u00e1mbito empresarial de nuestro pa\u00eds. El peso pol\u00edtico y empresarial del ex gobernador [&hellip;]\" \/>\n<meta property=\"og:url\" content=\"https:\/\/lospoliticosveracruz.com\/?p=18296\" \/>\n<meta property=\"og:site_name\" content=\"Los pol\u00edticos Veracruz\" \/>\n<meta property=\"article:publisher\" content=\"https:\/\/www.facebook.com\/people\/Notimemes-de-los-Polticos\/61565672886568\/\" \/>\n<meta property=\"article:published_time\" content=\"2015-10-13T02:49:28+00:00\" \/>\n<meta property=\"og:image\" content=\"https:\/\/lospoliticosveracruz.com\/wp-content\/uploads\/2016\/07\/Logo-Dor.jpg\" \/>\n\t<meta property=\"og:image:width\" content=\"200\" \/>\n\t<meta property=\"og:image:height\" content=\"200\" \/>\n\t<meta property=\"og:image:type\" content=\"image\/jpeg\" \/>\n<meta name=\"author\" content=\"Lo viste en Los Pol\u00edticos\" \/>\n<meta name=\"twitter:card\" content=\"summary_large_image\" \/>\n<meta name=\"twitter:creator\" content=\"@LosPoliticosVer\" \/>\n<meta name=\"twitter:site\" content=\"@LosPoliticosVer\" \/>\n<meta name=\"twitter:label1\" content=\"Escrito por\" \/>\n\t<meta name=\"twitter:data1\" content=\"Lo viste en Los Pol\u00edticos\" \/>\n\t<meta name=\"twitter:label2\" content=\"Tiempo de lectura\" \/>\n\t<meta name=\"twitter:data2\" content=\"4 minutos\" \/>\n<script type=\"application\/ld+json\" class=\"yoast-schema-graph\">{\"@context\":\"https:\\\/\\\/schema.org\",\"@graph\":[{\"@type\":\"Article\",\"@id\":\"https:\\\/\\\/lospoliticosveracruz.com\\\/?p=18296#article\",\"isPartOf\":{\"@id\":\"https:\\\/\\\/lospoliticosveracruz.com\\\/?p=18296\"},\"author\":{\"name\":\"Lo viste en Los Pol\u00edticos\",\"@id\":\"https:\\\/\\\/lospoliticosveracruz.com\\\/#\\\/schema\\\/person\\\/b8702bb0e538456e6efd07080bf2a4a2\"},\"headline\":\"Alem\u00e1n, en la sucesi\u00f3n veracruzana\",\"datePublished\":\"2015-10-13T02:49:28+00:00\",\"mainEntityOfPage\":{\"@id\":\"https:\\\/\\\/lospoliticosveracruz.com\\\/?p=18296\"},\"wordCount\":874,\"commentCount\":0,\"publisher\":{\"@id\":\"https:\\\/\\\/lospoliticosveracruz.com\\\/#organization\"},\"keywords\":[\"Enrique Pe\u00f1a Nieto\",\"H\u00e9ctor Yunes Landa\",\"Jos\u00e9 Francisco Yunes Zorrilla\",\"Miguel Alem\u00e1n Velasco\",\"Tom\u00e1s Ruiz\"],\"articleSection\":[\"De Opini\u00f3n\"],\"inLanguage\":\"es\",\"potentialAction\":[{\"@type\":\"CommentAction\",\"name\":\"Comment\",\"target\":[\"https:\\\/\\\/lospoliticosveracruz.com\\\/?p=18296#respond\"]}]},{\"@type\":\"WebPage\",\"@id\":\"https:\\\/\\\/lospoliticosveracruz.com\\\/?p=18296\",\"url\":\"https:\\\/\\\/lospoliticosveracruz.com\\\/?p=18296\",\"name\":\"Alem\u00e1n, en la sucesi\u00f3n veracruzana - Los pol\u00edticos Veracruz\",\"isPartOf\":{\"@id\":\"https:\\\/\\\/lospoliticosveracruz.com\\\/#website\"},\"datePublished\":\"2015-10-13T02:49:28+00:00\",\"breadcrumb\":{\"@id\":\"https:\\\/\\\/lospoliticosveracruz.com\\\/?p=18296#breadcrumb\"},\"inLanguage\":\"es\",\"potentialAction\":[{\"@type\":\"ReadAction\",\"target\":[\"https:\\\/\\\/lospoliticosveracruz.com\\\/?p=18296\"]}]},{\"@type\":\"BreadcrumbList\",\"@id\":\"https:\\\/\\\/lospoliticosveracruz.com\\\/?p=18296#breadcrumb\",\"itemListElement\":[{\"@type\":\"ListItem\",\"position\":1,\"name\":\"Portada\",\"item\":\"https:\\\/\\\/lospoliticosveracruz.com\\\/\"},{\"@type\":\"ListItem\",\"position\":2,\"name\":\"Alem\u00e1n, en la sucesi\u00f3n veracruzana\"}]},{\"@type\":\"WebSite\",\"@id\":\"https:\\\/\\\/lospoliticosveracruz.com\\\/#website\",\"url\":\"https:\\\/\\\/lospoliticosveracruz.com\\\/\",\"name\":\"Los pol\u00edticos Veracruz\",\"description\":\"\",\"publisher\":{\"@id\":\"https:\\\/\\\/lospoliticosveracruz.com\\\/#organization\"},\"potentialAction\":[{\"@type\":\"SearchAction\",\"target\":{\"@type\":\"EntryPoint\",\"urlTemplate\":\"https:\\\/\\\/lospoliticosveracruz.com\\\/?s={search_term_string}\"},\"query-input\":{\"@type\":\"PropertyValueSpecification\",\"valueRequired\":true,\"valueName\":\"search_term_string\"}}],\"inLanguage\":\"es\"},{\"@type\":\"Organization\",\"@id\":\"https:\\\/\\\/lospoliticosveracruz.com\\\/#organization\",\"name\":\"Los pol\u00edticos Veracruz\",\"url\":\"https:\\\/\\\/lospoliticosveracruz.com\\\/\",\"logo\":{\"@type\":\"ImageObject\",\"inLanguage\":\"es\",\"@id\":\"https:\\\/\\\/lospoliticosveracruz.com\\\/#\\\/schema\\\/logo\\\/image\\\/\",\"url\":\"https:\\\/\\\/lospoliticosveracruz.com\\\/wp-content\\\/uploads\\\/2025\\\/12\\\/Logo-Nuevo-LOS-POLITICOS-1.jpg\",\"contentUrl\":\"https:\\\/\\\/lospoliticosveracruz.com\\\/wp-content\\\/uploads\\\/2025\\\/12\\\/Logo-Nuevo-LOS-POLITICOS-1.jpg\",\"width\":260,\"height\":70,\"caption\":\"Los pol\u00edticos Veracruz\"},\"image\":{\"@id\":\"https:\\\/\\\/lospoliticosveracruz.com\\\/#\\\/schema\\\/logo\\\/image\\\/\"},\"sameAs\":[\"https:\\\/\\\/www.facebook.com\\\/people\\\/Notimemes-de-los-Polticos\\\/61565672886568\\\/\",\"https:\\\/\\\/x.com\\\/LosPoliticosVer\"]},{\"@type\":\"Person\",\"@id\":\"https:\\\/\\\/lospoliticosveracruz.com\\\/#\\\/schema\\\/person\\\/b8702bb0e538456e6efd07080bf2a4a2\",\"name\":\"Lo viste en Los Pol\u00edticos\",\"image\":{\"@type\":\"ImageObject\",\"inLanguage\":\"es\",\"@id\":\"https:\\\/\\\/secure.gravatar.com\\\/avatar\\\/3a8de04a2656d44082be478bd6c086daa447c4651605818287b9532d3d0bd435?s=96&d=mm&r=g\",\"url\":\"https:\\\/\\\/secure.gravatar.com\\\/avatar\\\/3a8de04a2656d44082be478bd6c086daa447c4651605818287b9532d3d0bd435?s=96&d=mm&r=g\",\"contentUrl\":\"https:\\\/\\\/secure.gravatar.com\\\/avatar\\\/3a8de04a2656d44082be478bd6c086daa447c4651605818287b9532d3d0bd435?s=96&d=mm&r=g\",\"caption\":\"Lo viste en Los Pol\u00edticos\"},\"url\":\"https:\\\/\\\/lospoliticosveracruz.com\\\/?author=2\"}]}<\/script>\n<!-- \/ Yoast SEO plugin. -->","yoast_head_json":{"title":"Alem\u00e1n, en la sucesi\u00f3n veracruzana - Los pol\u00edticos Veracruz","robots":{"index":"index","follow":"follow","max-snippet":"max-snippet:-1","max-image-preview":"max-image-preview:large","max-video-preview":"max-video-preview:-1"},"canonical":"https:\/\/lospoliticosveracruz.com\/?p=18296","og_locale":"es_ES","og_type":"article","og_title":"Alem\u00e1n, en la sucesi\u00f3n veracruzana - Los pol\u00edticos Veracruz","og_description":"Luis Alberto Romero Hora Cero Uno de los veracruzanos m\u00e1s pr\u00f3ximos al gobierno federal y, sobre todo, al presidente Enrique Pe\u00f1a Nieto es el ex gobernador Miguel Alem\u00e1n Velasco, quien mantiene un aceptable nivel de presencia en Veracruz, y prestigio en el \u00e1mbito empresarial de nuestro pa\u00eds. El peso pol\u00edtico y empresarial del ex gobernador [&hellip;]","og_url":"https:\/\/lospoliticosveracruz.com\/?p=18296","og_site_name":"Los pol\u00edticos Veracruz","article_publisher":"https:\/\/www.facebook.com\/people\/Notimemes-de-los-Polticos\/61565672886568\/","article_published_time":"2015-10-13T02:49:28+00:00","og_image":[{"width":200,"height":200,"url":"https:\/\/lospoliticosveracruz.com\/wp-content\/uploads\/2016\/07\/Logo-Dor.jpg","type":"image\/jpeg"}],"author":"Lo viste en Los Pol\u00edticos","twitter_card":"summary_large_image","twitter_creator":"@LosPoliticosVer","twitter_site":"@LosPoliticosVer","twitter_misc":{"Escrito por":"Lo viste en Los Pol\u00edticos","Tiempo de lectura":"4 minutos"},"schema":{"@context":"https:\/\/schema.org","@graph":[{"@type":"Article","@id":"https:\/\/lospoliticosveracruz.com\/?p=18296#article","isPartOf":{"@id":"https:\/\/lospoliticosveracruz.com\/?p=18296"},"author":{"name":"Lo viste en Los Pol\u00edticos","@id":"https:\/\/lospoliticosveracruz.com\/#\/schema\/person\/b8702bb0e538456e6efd07080bf2a4a2"},"headline":"Alem\u00e1n, en la sucesi\u00f3n veracruzana","datePublished":"2015-10-13T02:49:28+00:00","mainEntityOfPage":{"@id":"https:\/\/lospoliticosveracruz.com\/?p=18296"},"wordCount":874,"commentCount":0,"publisher":{"@id":"https:\/\/lospoliticosveracruz.com\/#organization"},"keywords":["Enrique Pe\u00f1a Nieto","H\u00e9ctor Yunes Landa","Jos\u00e9 Francisco Yunes Zorrilla","Miguel Alem\u00e1n Velasco","Tom\u00e1s Ruiz"],"articleSection":["De Opini\u00f3n"],"inLanguage":"es","potentialAction":[{"@type":"CommentAction","name":"Comment","target":["https:\/\/lospoliticosveracruz.com\/?p=18296#respond"]}]},{"@type":"WebPage","@id":"https:\/\/lospoliticosveracruz.com\/?p=18296","url":"https:\/\/lospoliticosveracruz.com\/?p=18296","name":"Alem\u00e1n, en la sucesi\u00f3n veracruzana - Los pol\u00edticos Veracruz","isPartOf":{"@id":"https:\/\/lospoliticosveracruz.com\/#website"},"datePublished":"2015-10-13T02:49:28+00:00","breadcrumb":{"@id":"https:\/\/lospoliticosveracruz.com\/?p=18296#breadcrumb"},"inLanguage":"es","potentialAction":[{"@type":"ReadAction","target":["https:\/\/lospoliticosveracruz.com\/?p=18296"]}]},{"@type":"BreadcrumbList","@id":"https:\/\/lospoliticosveracruz.com\/?p=18296#breadcrumb","itemListElement":[{"@type":"ListItem","position":1,"name":"Portada","item":"https:\/\/lospoliticosveracruz.com\/"},{"@type":"ListItem","position":2,"name":"Alem\u00e1n, en la sucesi\u00f3n veracruzana"}]},{"@type":"WebSite","@id":"https:\/\/lospoliticosveracruz.com\/#website","url":"https:\/\/lospoliticosveracruz.com\/","name":"Los pol\u00edticos Veracruz","description":"","publisher":{"@id":"https:\/\/lospoliticosveracruz.com\/#organization"},"potentialAction":[{"@type":"SearchAction","target":{"@type":"EntryPoint","urlTemplate":"https:\/\/lospoliticosveracruz.com\/?s={search_term_string}"},"query-input":{"@type":"PropertyValueSpecification","valueRequired":true,"valueName":"search_term_string"}}],"inLanguage":"es"},{"@type":"Organization","@id":"https:\/\/lospoliticosveracruz.com\/#organization","name":"Los pol\u00edticos Veracruz","url":"https:\/\/lospoliticosveracruz.com\/","logo":{"@type":"ImageObject","inLanguage":"es","@id":"https:\/\/lospoliticosveracruz.com\/#\/schema\/logo\/image\/","url":"https:\/\/lospoliticosveracruz.com\/wp-content\/uploads\/2025\/12\/Logo-Nuevo-LOS-POLITICOS-1.jpg","contentUrl":"https:\/\/lospoliticosveracruz.com\/wp-content\/uploads\/2025\/12\/Logo-Nuevo-LOS-POLITICOS-1.jpg","width":260,"height":70,"caption":"Los pol\u00edticos Veracruz"},"image":{"@id":"https:\/\/lospoliticosveracruz.com\/#\/schema\/logo\/image\/"},"sameAs":["https:\/\/www.facebook.com\/people\/Notimemes-de-los-Polticos\/61565672886568\/","https:\/\/x.com\/LosPoliticosVer"]},{"@type":"Person","@id":"https:\/\/lospoliticosveracruz.com\/#\/schema\/person\/b8702bb0e538456e6efd07080bf2a4a2","name":"Lo viste en Los Pol\u00edticos","image":{"@type":"ImageObject","inLanguage":"es","@id":"https:\/\/secure.gravatar.com\/avatar\/3a8de04a2656d44082be478bd6c086daa447c4651605818287b9532d3d0bd435?s=96&d=mm&r=g","url":"https:\/\/secure.gravatar.com\/avatar\/3a8de04a2656d44082be478bd6c086daa447c4651605818287b9532d3d0bd435?s=96&d=mm&r=g","contentUrl":"https:\/\/secure.gravatar.com\/avatar\/3a8de04a2656d44082be478bd6c086daa447c4651605818287b9532d3d0bd435?s=96&d=mm&r=g","caption":"Lo viste en Los Pol\u00edticos"},"url":"https:\/\/lospoliticosveracruz.com\/?author=2"}]}},"_links":{"self":[{"href":"https:\/\/lospoliticosveracruz.com\/index.php?rest_route=\/wp\/v2\/posts\/18296","targetHints":{"allow":["GET"]}}],"collection":[{"href":"https:\/\/lospoliticosveracruz.com\/index.php?rest_route=\/wp\/v2\/posts"}],"about":[{"href":"https:\/\/lospoliticosveracruz.com\/index.php?rest_route=\/wp\/v2\/types\/post"}],"author":[{"embeddable":true,"href":"https:\/\/lospoliticosveracruz.com\/index.php?rest_route=\/wp\/v2\/users\/2"}],"replies":[{"embeddable":true,"href":"https:\/\/lospoliticosveracruz.com\/index.php?rest_route=%2Fwp%2Fv2%2Fcomments&post=18296"}],"version-history":[{"count":1,"href":"https:\/\/lospoliticosveracruz.com\/index.php?rest_route=\/wp\/v2\/posts\/18296\/revisions"}],"predecessor-version":[{"id":18297,"href":"https:\/\/lospoliticosveracruz.com\/index.php?rest_route=\/wp\/v2\/posts\/18296\/revisions\/18297"}],"wp:attachment":[{"href":"https:\/\/lospoliticosveracruz.com\/index.php?rest_route=%2Fwp%2Fv2%2Fmedia&parent=18296"}],"wp:term":[{"taxonomy":"category","embeddable":true,"href":"https:\/\/lospoliticosveracruz.com\/index.php?rest_route=%2Fwp%2Fv2%2Fcategories&post=18296"},{"taxonomy":"post_tag","embeddable":true,"href":"https:\/\/lospoliticosveracruz.com\/index.php?rest_route=%2Fwp%2Fv2%2Ftags&post=18296"}],"curies":[{"name":"wp","href":"https:\/\/api.w.org\/{rel}","templated":true}]}}