{"id":18298,"date":"2015-10-12T22:13:55","date_gmt":"2015-10-13T03:13:55","guid":{"rendered":"http:\/\/www.lospoliticosveracruz.com.mx\/?p=18298"},"modified":"2015-10-12T22:13:55","modified_gmt":"2015-10-13T03:13:55","slug":"el-voto-rural-sera-el-fiel-de-la-balanza","status":"publish","type":"post","link":"https:\/\/lospoliticosveracruz.com\/?p=18298","title":{"rendered":"El voto rural ser\u00e1 el fiel de la balanza"},"content":{"rendered":"<p><a href=\"http:\/\/www.lospoliticosveracruz.com.mx\/wp-content\/uploads\/2015\/10\/Juan-Carlos-Molina-Alvaro-Belin.jpg\"><img loading=\"lazy\" decoding=\"async\" class=\"alignnone size-medium wp-image-18300\" src=\"http:\/\/www.lospoliticosveracruz.com.mx\/wp-content\/uploads\/2015\/10\/Juan-Carlos-Molina-Alvaro-Belin-300x196.jpg\" alt=\"Juan Carlos Molina Alvaro Belin\" width=\"300\" height=\"196\" \/><\/a><br \/>\n<strong>\u00c1lvaro Belin Andrade<\/strong><\/p>\n<p><em>Hora Libre<\/em><\/p>\n<p>Desde ya podemos establecer la importancia que revestir\u00e1n, en la elecci\u00f3n de gobernador del pr\u00f3ximo a\u00f1o, las casillas ubicadas en las zonas rurales. Aunque solo representen cerca del 30 por ciento de los electores, tradicionalmente es en esas \u00e1reas donde la alquimia electoral del PRI ha logrado, en todos los comicios, opacar triunfos opositores cantados.<br \/>\nPese a que en los \u00faltimos 15 a\u00f1os, el sector campesino ha sido el m\u00e1s olvidado del PRI, es ah\u00ed donde la compra de votos ha sido m\u00e1s fruct\u00edfera. Se dice que el voto duro priista se ubica justo en las zonas m\u00e1s depauperadas del campo, no solo porque pr\u00e1cticamente ning\u00fan partido de oposici\u00f3n ha hecho su trabajo y no hay quien cuide el manejo sucio de los conteos de sufragios en las casillas rurales, sino porque el trasiego de apoyos para paliar el hambre, el control de grupos pol\u00edticos locales, la violencia y la desesperanza han obligado a los campesinos a moldear su voto en favor de los candidatos del PRI.<br \/>\nSi eso ha sido posible con un sector social pr\u00e1cticamente olvidado por el PRI, con dirigentes encerrados a piedra y lodo en las oficinas estatales, con una corrupci\u00f3n galopante en torno a los apoyos para proyectos productivos y una atomizaci\u00f3n de los liderazgos regionales, la llegada de Juan Carlos Molina a la dirigencia de la Liga de Comunidades Agrarias (CNC-Veracruz), con un amplio conocimiento de los problemas del campo y sobre las necesidades financieras y t\u00e9cnicas para sacar adelante los m\u00e1s importantes sectores productivos, ya podemos imaginar el enorme potencial electoral que recobrar\u00e1 el PRI para enfrentar la dura batalla electoral de 2016.<\/p>\n<p><strong>Juan Carlos Molina, \u00bfel revulsivo?<\/strong><\/p>\n<p>Para cuando el pr\u00f3ximo 31 de octubre re\u00fana a miles de campesinos en Acayucan, donde echar\u00e1 a andar un ambicioso proyecto de apoyo a la producci\u00f3n de ma\u00edz, Juan Carlos Molina (quien tom\u00f3 protesta el domingo 27 de septiembre en Boca del R\u00edo, justo el d\u00eda y en el acto en que se dio el Ca\u00f1a Gate) ya habr\u00e1 concentrado a 100 mil campesinos, y antes de que concluya el a\u00f1o se habr\u00e1 desplazado al norte del estado, donde con el apoyo de Emiliano L\u00f3pez Cruz, el famoso Tigre de Entabladero, exdirigente estatal cenecista, buscar\u00e1 generar un movimiento social importante de campesinos, que podr\u00eda ser un serio respaldo para la elecci\u00f3n del pr\u00f3ximo a\u00f1o.<br \/>\nEn Acayucan, el nuevo dirigente agrario priista echar\u00e1 a andar un programa sin precedente para la siembra de 40 mil hect\u00e1reas de ma\u00edz, aprovechando esta temporada que no ha sido particularmente h\u00fameda en las zonas del Papaloapan y Los Tuxtlas, y ya tiene el proyecto de construir una planta secadora de granos en El J\u00edcaro, municipio de Tierra Blanca, para el tratamiento de 40 toneladas de ma\u00edz por hora, lo que permitir\u00e1 a los maiceros veracruzanos vender su producci\u00f3n a los productores de ganado de engorda, que hoy traen miles de toneladas del grano desde el norte del pa\u00eds.<br \/>\nMolina sabe de qu\u00e9 habla. Adem\u00e1s de ser uno de los productores de ganado de alto registro que m\u00e1s ha incorporado innovaciones gen\u00e9ticas, lo que le ha hecho ganar premios nacionales e internacionales, fue presidente de la ULPCA-CNC del ingenio La Gloria y coordin\u00f3 en la Sedarpa los asuntos azucareros en el gobierno de Fidel Herrera Beltr\u00e1n, adem\u00e1s de ocupar la cartera de Secretario de Finanzas en el CEN de la UNPCA-CNC.<br \/>\nEn el campo de la ganader\u00eda, est\u00e1 empe\u00f1ado en crear las condiciones para que las asociaciones ganaderas de la CNC en la entidad apliquen los protocolos de seguridad y manejo de semovientes que regula la Asociaci\u00f3n Nacional Ganadera, lo que contribuir\u00eda a abatir el grave problema del abigeo, particularmente en la zona sur de la entidad.<br \/>\nLa CNC veracruzana estaba viviendo una ca\u00edda vertiginosa y pr\u00e1cticamente se daba por desaparecida. Los a\u00f1os en que sucesivos dirigentes que se sirvieron de sus ruinas (particularmente, Bertha Hern\u00e1ndez, que poco sabe del campo y menos de los campesinos), pr\u00e1cticamente hab\u00edan convertido su edificio de Alcalde y Garc\u00eda en un verdadero mausoleo. De ah\u00ed que este resurgimiento del sector pueda dar una ventaja competitiva al PRI en la elecci\u00f3n para gobernador.<\/p>\n<p><strong>Sigue violencia contra periodistas<\/strong><\/p>\n<p>Pese a los llamados que se han hecho desde diferentes foros, organizaciones e, incluso, la Comisi\u00f3n Interamericana de Derechos Humanos (CIDH), cuyos representantes visitaron Veracruz para conocer de la situaci\u00f3n que ha dejado m\u00e1s de 15 comunicadores asesinados, no cesa la violencia contra la prensa en Veracruz.<br \/>\nEste fin de semana, el colega Aurelio Contreras, autor de la columna R\u00fabrica que aparece en varios medios digitales y colaborador de la revista Etc\u00e9tera, junto con la excelente amiga M\u00f3nica Mendoza, fueron v\u00edctimas de un robo sospechoso en su domicilio.<br \/>\nAm\u00e9n del grave deterioro en la seguridad personal de nuestros amigos que significa la violaci\u00f3n de su intimidad por parte de criminales, no es desmesurada la apreciaci\u00f3n de que el robo en su casa-habitaci\u00f3n tiene la clara intenci\u00f3n de intimidar a un colega que se caracteriza por sus comentarios cr\u00edticos hacia el gobierno de Javier Duarte de Ochoa.<br \/>\nPara colmo, es la segunda ocasi\u00f3n en que son visitados por ladrones; en esta ocasi\u00f3n, los atildados asaltantes cargaron con los equipos de c\u00f3mputo de ambos, lo que puede llamar a sospecha sobre la intenci\u00f3n y sobre el mensaje impl\u00edcito en el acto delictivo, en particular, la actividad period\u00edstica de Aurelio Contreras.<br \/>\nMi solidaridad con ambos y un llamado a detener estos evidentes actos intimidatorios.<\/p>\n","protected":false},"excerpt":{"rendered":"<p>\u00c1lvaro Belin Andrade Hora Libre Desde ya podemos establecer la importancia que revestir\u00e1n, en la elecci\u00f3n de gobernador del pr\u00f3ximo a\u00f1o, las casillas ubicadas en las zonas rurales. Aunque solo representen cerca del 30 por ciento de los electores, tradicionalmente es en esas \u00e1reas donde la alquimia electoral del PRI ha logrado, en todos los [&hellip;]<\/p>\n","protected":false},"author":2,"featured_media":0,"comment_status":"open","ping_status":"open","sticky":false,"template":"","format":"standard","meta":{"tdm_status":"","tdm_grid_status":"","footnotes":""},"categories":[70],"tags":[3654,1845],"class_list":{"0":"post-18298","1":"post","2":"type-post","3":"status-publish","4":"format-standard","6":"category-de-opinion","7":"tag-juan-carlos-molina","8":"tag-liga-de-comunidades-agrarias"},"yoast_head":"<!-- This site is optimized with the Yoast SEO plugin v27.4 - https:\/\/yoast.com\/product\/yoast-seo-wordpress\/ -->\n<title>El voto rural ser\u00e1 el fiel de la balanza - Los pol\u00edticos Veracruz<\/title>\n<meta name=\"robots\" content=\"index, follow, max-snippet:-1, max-image-preview:large, max-video-preview:-1\" \/>\n<link rel=\"canonical\" href=\"https:\/\/lospoliticosveracruz.com\/?p=18298\" \/>\n<meta property=\"og:locale\" content=\"es_ES\" \/>\n<meta property=\"og:type\" content=\"article\" \/>\n<meta property=\"og:title\" content=\"El voto rural ser\u00e1 el fiel de la balanza - Los pol\u00edticos Veracruz\" \/>\n<meta property=\"og:description\" content=\"\u00c1lvaro Belin Andrade Hora Libre Desde ya podemos establecer la importancia que revestir\u00e1n, en la elecci\u00f3n de gobernador del pr\u00f3ximo a\u00f1o, las casillas ubicadas en las zonas rurales. Aunque solo representen cerca del 30 por ciento de los electores, tradicionalmente es en esas \u00e1reas donde la alquimia electoral del PRI ha logrado, en todos los [&hellip;]\" \/>\n<meta property=\"og:url\" content=\"https:\/\/lospoliticosveracruz.com\/?p=18298\" \/>\n<meta property=\"og:site_name\" content=\"Los pol\u00edticos Veracruz\" \/>\n<meta property=\"article:publisher\" content=\"https:\/\/www.facebook.com\/people\/Notimemes-de-los-Polticos\/61565672886568\/\" \/>\n<meta property=\"article:published_time\" content=\"2015-10-13T03:13:55+00:00\" \/>\n<meta property=\"og:image\" content=\"http:\/\/www.lospoliticosveracruz.com.mx\/wp-content\/uploads\/2015\/10\/Juan-Carlos-Molina-Alvaro-Belin-300x196.jpg\" \/>\n<meta name=\"author\" content=\"Lo viste en Los Pol\u00edticos\" \/>\n<meta name=\"twitter:card\" content=\"summary_large_image\" \/>\n<meta name=\"twitter:creator\" content=\"@LosPoliticosVer\" \/>\n<meta name=\"twitter:site\" content=\"@LosPoliticosVer\" \/>\n<meta name=\"twitter:label1\" content=\"Escrito por\" \/>\n\t<meta name=\"twitter:data1\" content=\"Lo viste en Los Pol\u00edticos\" \/>\n\t<meta name=\"twitter:label2\" content=\"Tiempo de lectura\" \/>\n\t<meta name=\"twitter:data2\" content=\"5 minutos\" \/>\n<script type=\"application\/ld+json\" class=\"yoast-schema-graph\">{\"@context\":\"https:\\\/\\\/schema.org\",\"@graph\":[{\"@type\":\"Article\",\"@id\":\"https:\\\/\\\/lospoliticosveracruz.com\\\/?p=18298#article\",\"isPartOf\":{\"@id\":\"https:\\\/\\\/lospoliticosveracruz.com\\\/?p=18298\"},\"author\":{\"name\":\"Lo viste en Los Pol\u00edticos\",\"@id\":\"https:\\\/\\\/lospoliticosveracruz.com\\\/#\\\/schema\\\/person\\\/b8702bb0e538456e6efd07080bf2a4a2\"},\"headline\":\"El voto rural ser\u00e1 el fiel de la balanza\",\"datePublished\":\"2015-10-13T03:13:55+00:00\",\"mainEntityOfPage\":{\"@id\":\"https:\\\/\\\/lospoliticosveracruz.com\\\/?p=18298\"},\"wordCount\":981,\"commentCount\":0,\"publisher\":{\"@id\":\"https:\\\/\\\/lospoliticosveracruz.com\\\/#organization\"},\"image\":{\"@id\":\"https:\\\/\\\/lospoliticosveracruz.com\\\/?p=18298#primaryimage\"},\"thumbnailUrl\":\"http:\\\/\\\/www.lospoliticosveracruz.com.mx\\\/wp-content\\\/uploads\\\/2015\\\/10\\\/Juan-Carlos-Molina-Alvaro-Belin-300x196.jpg\",\"keywords\":[\"Juan Carlos Molina\",\"Liga de Comunidades Agrarias\"],\"articleSection\":[\"De Opini\u00f3n\"],\"inLanguage\":\"es\",\"potentialAction\":[{\"@type\":\"CommentAction\",\"name\":\"Comment\",\"target\":[\"https:\\\/\\\/lospoliticosveracruz.com\\\/?p=18298#respond\"]}]},{\"@type\":\"WebPage\",\"@id\":\"https:\\\/\\\/lospoliticosveracruz.com\\\/?p=18298\",\"url\":\"https:\\\/\\\/lospoliticosveracruz.com\\\/?p=18298\",\"name\":\"El voto rural ser\u00e1 el fiel de la balanza - Los pol\u00edticos Veracruz\",\"isPartOf\":{\"@id\":\"https:\\\/\\\/lospoliticosveracruz.com\\\/#website\"},\"primaryImageOfPage\":{\"@id\":\"https:\\\/\\\/lospoliticosveracruz.com\\\/?p=18298#primaryimage\"},\"image\":{\"@id\":\"https:\\\/\\\/lospoliticosveracruz.com\\\/?p=18298#primaryimage\"},\"thumbnailUrl\":\"http:\\\/\\\/www.lospoliticosveracruz.com.mx\\\/wp-content\\\/uploads\\\/2015\\\/10\\\/Juan-Carlos-Molina-Alvaro-Belin-300x196.jpg\",\"datePublished\":\"2015-10-13T03:13:55+00:00\",\"breadcrumb\":{\"@id\":\"https:\\\/\\\/lospoliticosveracruz.com\\\/?p=18298#breadcrumb\"},\"inLanguage\":\"es\",\"potentialAction\":[{\"@type\":\"ReadAction\",\"target\":[\"https:\\\/\\\/lospoliticosveracruz.com\\\/?p=18298\"]}]},{\"@type\":\"ImageObject\",\"inLanguage\":\"es\",\"@id\":\"https:\\\/\\\/lospoliticosveracruz.com\\\/?p=18298#primaryimage\",\"url\":\"http:\\\/\\\/www.lospoliticosveracruz.com.mx\\\/wp-content\\\/uploads\\\/2015\\\/10\\\/Juan-Carlos-Molina-Alvaro-Belin-300x196.jpg\",\"contentUrl\":\"http:\\\/\\\/www.lospoliticosveracruz.com.mx\\\/wp-content\\\/uploads\\\/2015\\\/10\\\/Juan-Carlos-Molina-Alvaro-Belin-300x196.jpg\"},{\"@type\":\"BreadcrumbList\",\"@id\":\"https:\\\/\\\/lospoliticosveracruz.com\\\/?p=18298#breadcrumb\",\"itemListElement\":[{\"@type\":\"ListItem\",\"position\":1,\"name\":\"Portada\",\"item\":\"https:\\\/\\\/lospoliticosveracruz.com\\\/\"},{\"@type\":\"ListItem\",\"position\":2,\"name\":\"El voto rural ser\u00e1 el fiel de la balanza\"}]},{\"@type\":\"WebSite\",\"@id\":\"https:\\\/\\\/lospoliticosveracruz.com\\\/#website\",\"url\":\"https:\\\/\\\/lospoliticosveracruz.com\\\/\",\"name\":\"Los pol\u00edticos Veracruz\",\"description\":\"\",\"publisher\":{\"@id\":\"https:\\\/\\\/lospoliticosveracruz.com\\\/#organization\"},\"potentialAction\":[{\"@type\":\"SearchAction\",\"target\":{\"@type\":\"EntryPoint\",\"urlTemplate\":\"https:\\\/\\\/lospoliticosveracruz.com\\\/?s={search_term_string}\"},\"query-input\":{\"@type\":\"PropertyValueSpecification\",\"valueRequired\":true,\"valueName\":\"search_term_string\"}}],\"inLanguage\":\"es\"},{\"@type\":\"Organization\",\"@id\":\"https:\\\/\\\/lospoliticosveracruz.com\\\/#organization\",\"name\":\"Los pol\u00edticos Veracruz\",\"url\":\"https:\\\/\\\/lospoliticosveracruz.com\\\/\",\"logo\":{\"@type\":\"ImageObject\",\"inLanguage\":\"es\",\"@id\":\"https:\\\/\\\/lospoliticosveracruz.com\\\/#\\\/schema\\\/logo\\\/image\\\/\",\"url\":\"https:\\\/\\\/lospoliticosveracruz.com\\\/wp-content\\\/uploads\\\/2025\\\/12\\\/Logo-Nuevo-LOS-POLITICOS-1.jpg\",\"contentUrl\":\"https:\\\/\\\/lospoliticosveracruz.com\\\/wp-content\\\/uploads\\\/2025\\\/12\\\/Logo-Nuevo-LOS-POLITICOS-1.jpg\",\"width\":260,\"height\":70,\"caption\":\"Los pol\u00edticos Veracruz\"},\"image\":{\"@id\":\"https:\\\/\\\/lospoliticosveracruz.com\\\/#\\\/schema\\\/logo\\\/image\\\/\"},\"sameAs\":[\"https:\\\/\\\/www.facebook.com\\\/people\\\/Notimemes-de-los-Polticos\\\/61565672886568\\\/\",\"https:\\\/\\\/x.com\\\/LosPoliticosVer\"]},{\"@type\":\"Person\",\"@id\":\"https:\\\/\\\/lospoliticosveracruz.com\\\/#\\\/schema\\\/person\\\/b8702bb0e538456e6efd07080bf2a4a2\",\"name\":\"Lo viste en Los Pol\u00edticos\",\"image\":{\"@type\":\"ImageObject\",\"inLanguage\":\"es\",\"@id\":\"https:\\\/\\\/secure.gravatar.com\\\/avatar\\\/3a8de04a2656d44082be478bd6c086daa447c4651605818287b9532d3d0bd435?s=96&d=mm&r=g\",\"url\":\"https:\\\/\\\/secure.gravatar.com\\\/avatar\\\/3a8de04a2656d44082be478bd6c086daa447c4651605818287b9532d3d0bd435?s=96&d=mm&r=g\",\"contentUrl\":\"https:\\\/\\\/secure.gravatar.com\\\/avatar\\\/3a8de04a2656d44082be478bd6c086daa447c4651605818287b9532d3d0bd435?s=96&d=mm&r=g\",\"caption\":\"Lo viste en Los Pol\u00edticos\"},\"url\":\"https:\\\/\\\/lospoliticosveracruz.com\\\/?author=2\"}]}<\/script>\n<!-- \/ Yoast SEO plugin. -->","yoast_head_json":{"title":"El voto rural ser\u00e1 el fiel de la balanza - Los pol\u00edticos Veracruz","robots":{"index":"index","follow":"follow","max-snippet":"max-snippet:-1","max-image-preview":"max-image-preview:large","max-video-preview":"max-video-preview:-1"},"canonical":"https:\/\/lospoliticosveracruz.com\/?p=18298","og_locale":"es_ES","og_type":"article","og_title":"El voto rural ser\u00e1 el fiel de la balanza - Los pol\u00edticos Veracruz","og_description":"\u00c1lvaro Belin Andrade Hora Libre Desde ya podemos establecer la importancia que revestir\u00e1n, en la elecci\u00f3n de gobernador del pr\u00f3ximo a\u00f1o, las casillas ubicadas en las zonas rurales. Aunque solo representen cerca del 30 por ciento de los electores, tradicionalmente es en esas \u00e1reas donde la alquimia electoral del PRI ha logrado, en todos los [&hellip;]","og_url":"https:\/\/lospoliticosveracruz.com\/?p=18298","og_site_name":"Los pol\u00edticos Veracruz","article_publisher":"https:\/\/www.facebook.com\/people\/Notimemes-de-los-Polticos\/61565672886568\/","article_published_time":"2015-10-13T03:13:55+00:00","og_image":[{"url":"http:\/\/www.lospoliticosveracruz.com.mx\/wp-content\/uploads\/2015\/10\/Juan-Carlos-Molina-Alvaro-Belin-300x196.jpg","type":"","width":"","height":""}],"author":"Lo viste en Los Pol\u00edticos","twitter_card":"summary_large_image","twitter_creator":"@LosPoliticosVer","twitter_site":"@LosPoliticosVer","twitter_misc":{"Escrito por":"Lo viste en Los Pol\u00edticos","Tiempo de lectura":"5 minutos"},"schema":{"@context":"https:\/\/schema.org","@graph":[{"@type":"Article","@id":"https:\/\/lospoliticosveracruz.com\/?p=18298#article","isPartOf":{"@id":"https:\/\/lospoliticosveracruz.com\/?p=18298"},"author":{"name":"Lo viste en Los Pol\u00edticos","@id":"https:\/\/lospoliticosveracruz.com\/#\/schema\/person\/b8702bb0e538456e6efd07080bf2a4a2"},"headline":"El voto rural ser\u00e1 el fiel de la balanza","datePublished":"2015-10-13T03:13:55+00:00","mainEntityOfPage":{"@id":"https:\/\/lospoliticosveracruz.com\/?p=18298"},"wordCount":981,"commentCount":0,"publisher":{"@id":"https:\/\/lospoliticosveracruz.com\/#organization"},"image":{"@id":"https:\/\/lospoliticosveracruz.com\/?p=18298#primaryimage"},"thumbnailUrl":"http:\/\/www.lospoliticosveracruz.com.mx\/wp-content\/uploads\/2015\/10\/Juan-Carlos-Molina-Alvaro-Belin-300x196.jpg","keywords":["Juan Carlos Molina","Liga de Comunidades Agrarias"],"articleSection":["De Opini\u00f3n"],"inLanguage":"es","potentialAction":[{"@type":"CommentAction","name":"Comment","target":["https:\/\/lospoliticosveracruz.com\/?p=18298#respond"]}]},{"@type":"WebPage","@id":"https:\/\/lospoliticosveracruz.com\/?p=18298","url":"https:\/\/lospoliticosveracruz.com\/?p=18298","name":"El voto rural ser\u00e1 el fiel de la balanza - Los pol\u00edticos Veracruz","isPartOf":{"@id":"https:\/\/lospoliticosveracruz.com\/#website"},"primaryImageOfPage":{"@id":"https:\/\/lospoliticosveracruz.com\/?p=18298#primaryimage"},"image":{"@id":"https:\/\/lospoliticosveracruz.com\/?p=18298#primaryimage"},"thumbnailUrl":"http:\/\/www.lospoliticosveracruz.com.mx\/wp-content\/uploads\/2015\/10\/Juan-Carlos-Molina-Alvaro-Belin-300x196.jpg","datePublished":"2015-10-13T03:13:55+00:00","breadcrumb":{"@id":"https:\/\/lospoliticosveracruz.com\/?p=18298#breadcrumb"},"inLanguage":"es","potentialAction":[{"@type":"ReadAction","target":["https:\/\/lospoliticosveracruz.com\/?p=18298"]}]},{"@type":"ImageObject","inLanguage":"es","@id":"https:\/\/lospoliticosveracruz.com\/?p=18298#primaryimage","url":"http:\/\/www.lospoliticosveracruz.com.mx\/wp-content\/uploads\/2015\/10\/Juan-Carlos-Molina-Alvaro-Belin-300x196.jpg","contentUrl":"http:\/\/www.lospoliticosveracruz.com.mx\/wp-content\/uploads\/2015\/10\/Juan-Carlos-Molina-Alvaro-Belin-300x196.jpg"},{"@type":"BreadcrumbList","@id":"https:\/\/lospoliticosveracruz.com\/?p=18298#breadcrumb","itemListElement":[{"@type":"ListItem","position":1,"name":"Portada","item":"https:\/\/lospoliticosveracruz.com\/"},{"@type":"ListItem","position":2,"name":"El voto rural ser\u00e1 el fiel de la balanza"}]},{"@type":"WebSite","@id":"https:\/\/lospoliticosveracruz.com\/#website","url":"https:\/\/lospoliticosveracruz.com\/","name":"Los pol\u00edticos Veracruz","description":"","publisher":{"@id":"https:\/\/lospoliticosveracruz.com\/#organization"},"potentialAction":[{"@type":"SearchAction","target":{"@type":"EntryPoint","urlTemplate":"https:\/\/lospoliticosveracruz.com\/?s={search_term_string}"},"query-input":{"@type":"PropertyValueSpecification","valueRequired":true,"valueName":"search_term_string"}}],"inLanguage":"es"},{"@type":"Organization","@id":"https:\/\/lospoliticosveracruz.com\/#organization","name":"Los pol\u00edticos Veracruz","url":"https:\/\/lospoliticosveracruz.com\/","logo":{"@type":"ImageObject","inLanguage":"es","@id":"https:\/\/lospoliticosveracruz.com\/#\/schema\/logo\/image\/","url":"https:\/\/lospoliticosveracruz.com\/wp-content\/uploads\/2025\/12\/Logo-Nuevo-LOS-POLITICOS-1.jpg","contentUrl":"https:\/\/lospoliticosveracruz.com\/wp-content\/uploads\/2025\/12\/Logo-Nuevo-LOS-POLITICOS-1.jpg","width":260,"height":70,"caption":"Los pol\u00edticos Veracruz"},"image":{"@id":"https:\/\/lospoliticosveracruz.com\/#\/schema\/logo\/image\/"},"sameAs":["https:\/\/www.facebook.com\/people\/Notimemes-de-los-Polticos\/61565672886568\/","https:\/\/x.com\/LosPoliticosVer"]},{"@type":"Person","@id":"https:\/\/lospoliticosveracruz.com\/#\/schema\/person\/b8702bb0e538456e6efd07080bf2a4a2","name":"Lo viste en Los Pol\u00edticos","image":{"@type":"ImageObject","inLanguage":"es","@id":"https:\/\/secure.gravatar.com\/avatar\/3a8de04a2656d44082be478bd6c086daa447c4651605818287b9532d3d0bd435?s=96&d=mm&r=g","url":"https:\/\/secure.gravatar.com\/avatar\/3a8de04a2656d44082be478bd6c086daa447c4651605818287b9532d3d0bd435?s=96&d=mm&r=g","contentUrl":"https:\/\/secure.gravatar.com\/avatar\/3a8de04a2656d44082be478bd6c086daa447c4651605818287b9532d3d0bd435?s=96&d=mm&r=g","caption":"Lo viste en Los Pol\u00edticos"},"url":"https:\/\/lospoliticosveracruz.com\/?author=2"}]}},"_links":{"self":[{"href":"https:\/\/lospoliticosveracruz.com\/index.php?rest_route=\/wp\/v2\/posts\/18298","targetHints":{"allow":["GET"]}}],"collection":[{"href":"https:\/\/lospoliticosveracruz.com\/index.php?rest_route=\/wp\/v2\/posts"}],"about":[{"href":"https:\/\/lospoliticosveracruz.com\/index.php?rest_route=\/wp\/v2\/types\/post"}],"author":[{"embeddable":true,"href":"https:\/\/lospoliticosveracruz.com\/index.php?rest_route=\/wp\/v2\/users\/2"}],"replies":[{"embeddable":true,"href":"https:\/\/lospoliticosveracruz.com\/index.php?rest_route=%2Fwp%2Fv2%2Fcomments&post=18298"}],"version-history":[{"count":1,"href":"https:\/\/lospoliticosveracruz.com\/index.php?rest_route=\/wp\/v2\/posts\/18298\/revisions"}],"predecessor-version":[{"id":18301,"href":"https:\/\/lospoliticosveracruz.com\/index.php?rest_route=\/wp\/v2\/posts\/18298\/revisions\/18301"}],"wp:attachment":[{"href":"https:\/\/lospoliticosveracruz.com\/index.php?rest_route=%2Fwp%2Fv2%2Fmedia&parent=18298"}],"wp:term":[{"taxonomy":"category","embeddable":true,"href":"https:\/\/lospoliticosveracruz.com\/index.php?rest_route=%2Fwp%2Fv2%2Fcategories&post=18298"},{"taxonomy":"post_tag","embeddable":true,"href":"https:\/\/lospoliticosveracruz.com\/index.php?rest_route=%2Fwp%2Fv2%2Ftags&post=18298"}],"curies":[{"name":"wp","href":"https:\/\/api.w.org\/{rel}","templated":true}]}}