{"id":18310,"date":"2015-10-13T18:17:36","date_gmt":"2015-10-13T23:17:36","guid":{"rendered":"http:\/\/www.lospoliticosveracruz.com.mx\/?p=18310"},"modified":"2015-10-13T18:17:36","modified_gmt":"2015-10-13T23:17:36","slug":"atencion-directa-del-alcalde-en-margarita-moran-ii","status":"publish","type":"post","link":"https:\/\/lospoliticosveracruz.com\/?p=18310","title":{"rendered":"Atenci\u00f3n directa del alcalde en Margarita Mor\u00e1n II"},"content":{"rendered":"<blockquote><p><a href=\"http:\/\/www.lospoliticosveracruz.com.mx\/wp-content\/uploads\/2015\/10\/Am\u00e9rico-Z\u00fa\u00f1iga-colonia.jpg\"><img loading=\"lazy\" decoding=\"async\" class=\"alignnone size-medium wp-image-18311\" src=\"http:\/\/www.lospoliticosveracruz.com.mx\/wp-content\/uploads\/2015\/10\/Am\u00e9rico-Z\u00fa\u00f1iga-colonia-300x171.jpg\" alt=\"Am\u00e9rico Z\u00fa\u00f1iga colonia\" width=\"300\" height=\"171\" \/><\/a><\/p>\n<p>\u201cS\u00f3lo con el contacto directo se conocen las necesidades m\u00e1s apremiantes de las familias xalape\u00f1as\u201d, indica\u00a0Am\u00e9rico Z\u00fa\u00f1iga<\/p><\/blockquote>\n<p>Al se\u00f1alar que la administraci\u00f3n municipal atiende de manera directa y en igualdad de circunstancias a todas las familias xalape\u00f1as, el alcalde Am\u00e9rico Z\u00fa\u00f1iga Mart\u00ednez recorri\u00f3 la colonia Margarita Mor\u00e1n II, a petici\u00f3n expresa de la agrupaci\u00f3n Antorcha Revolucionaria.<\/p>\n<p>Acompa\u00f1ado de los regidores Lino Jim\u00e9nez G\u00f3mez y Daniel Fern\u00e1ndez Carri\u00f3n, y de funcionarios municipales, dijo que \u201cs\u00f3lo con el contacto directo se conocen las necesidades m\u00e1s apremiantes de las familias xalape\u00f1as\u201d y ofreci\u00f3, dentro de lo que marca la ley, todo el apoyo del gobierno municipal para atender las inquietudes de los colonos.<\/p>\n<p>En presencia del presidente del Colegio de Arquitectos de Xalapa, Hugo Vergara Le\u00f3n, Z\u00fa\u00f1iga Mart\u00ednez indic\u00f3 que el recorrido a la denominada segunda secci\u00f3n de la colonia Margarita Mor\u00e1n es derivado de su compromiso por atender las gestiones realizadas por familias que desde hace meses habitan en dichos asentamientos y constatar de primera mano las condiciones actuales que enfrentan los habitantes de esos predios.<\/p>\n<p>El alcalde acord\u00f3 con los vecinos realizar un dictamen por parte del Colegio de Arquitectos de Xalapa, para valorar la posibilidad de que los predios que conforman esta colonia, puedan ser regularizados, y ante las diversas peticiones ciudadanas de contar con servicio de agua potable, el mun\u00edcipe autoriz\u00f3 la colocaci\u00f3n de hidrantes para dotar del vital l\u00edquido a la colonia.<\/p>\n<p>Estuvieron presentes, el Director de la CMAS, Carlos Hern\u00e1ndez Mart\u00ednez; de Obras P\u00fablicas, Fernando Velasco Montiel; de Desarrollo Urbano, Ram\u00f3n Hern\u00e1ndez; de Servicios Municipales, Julio C\u00e9sar Ornelas; la Coordinadora de Atenci\u00f3n Ciudadana, Lluvia Aguilar Bertini y los Subdirectores de Medio Ambiente, Sergio Ang\u00f3n y de Espacios P\u00fablicos, Horacio Casta\u00f1eda, entre otros.<\/p>\n","protected":false},"excerpt":{"rendered":"<p>\u201cS\u00f3lo con el contacto directo se conocen las necesidades m\u00e1s apremiantes de las familias xalape\u00f1as\u201d, indica\u00a0Am\u00e9rico Z\u00fa\u00f1iga Al se\u00f1alar que la administraci\u00f3n municipal atiende de manera directa y en igualdad de circunstancias a todas las familias xalape\u00f1as, el alcalde Am\u00e9rico Z\u00fa\u00f1iga Mart\u00ednez recorri\u00f3 la colonia Margarita Mor\u00e1n II, a petici\u00f3n expresa de la agrupaci\u00f3n Antorcha [&hellip;]<\/p>\n","protected":false},"author":2,"featured_media":0,"comment_status":"open","ping_status":"open","sticky":false,"template":"","format":"standard","meta":{"tdm_status":"","tdm_grid_status":"","footnotes":""},"categories":[73],"tags":[539,3664],"class_list":{"0":"post-18310","1":"post","2":"type-post","3":"status-publish","4":"format-standard","6":"category-de-boleto","7":"tag-americo-zuniga-martinez","8":"tag-margarita-moran-ii"},"yoast_head":"<!-- This site is optimized with the Yoast SEO plugin v27.4 - https:\/\/yoast.com\/product\/yoast-seo-wordpress\/ -->\n<title>Atenci\u00f3n directa del alcalde en Margarita Mor\u00e1n II - Los pol\u00edticos Veracruz<\/title>\n<meta name=\"robots\" content=\"index, follow, max-snippet:-1, max-image-preview:large, max-video-preview:-1\" \/>\n<link rel=\"canonical\" href=\"https:\/\/lospoliticosveracruz.com\/?p=18310\" \/>\n<meta property=\"og:locale\" content=\"es_ES\" \/>\n<meta property=\"og:type\" content=\"article\" \/>\n<meta property=\"og:title\" content=\"Atenci\u00f3n directa del alcalde en Margarita Mor\u00e1n II - Los pol\u00edticos Veracruz\" \/>\n<meta property=\"og:description\" content=\"\u201cS\u00f3lo con el contacto directo se conocen las necesidades m\u00e1s apremiantes de las familias xalape\u00f1as\u201d, indica\u00a0Am\u00e9rico Z\u00fa\u00f1iga Al se\u00f1alar que la administraci\u00f3n municipal atiende de manera directa y en igualdad de circunstancias a todas las familias xalape\u00f1as, el alcalde Am\u00e9rico Z\u00fa\u00f1iga Mart\u00ednez recorri\u00f3 la colonia Margarita Mor\u00e1n II, a petici\u00f3n expresa de la agrupaci\u00f3n Antorcha [&hellip;]\" \/>\n<meta property=\"og:url\" content=\"https:\/\/lospoliticosveracruz.com\/?p=18310\" \/>\n<meta property=\"og:site_name\" content=\"Los pol\u00edticos Veracruz\" \/>\n<meta property=\"article:publisher\" content=\"https:\/\/www.facebook.com\/people\/Notimemes-de-los-Polticos\/61565672886568\/\" \/>\n<meta property=\"article:published_time\" content=\"2015-10-13T23:17:36+00:00\" \/>\n<meta property=\"og:image\" content=\"https:\/\/lospoliticosveracruz.com\/wp-content\/uploads\/2016\/07\/Logo-Dor.jpg\" \/>\n\t<meta property=\"og:image:width\" content=\"200\" \/>\n\t<meta property=\"og:image:height\" content=\"200\" \/>\n\t<meta property=\"og:image:type\" content=\"image\/jpeg\" \/>\n<meta name=\"author\" content=\"Lo viste en Los Pol\u00edticos\" \/>\n<meta name=\"twitter:card\" content=\"summary_large_image\" \/>\n<meta name=\"twitter:creator\" content=\"@LosPoliticosVer\" \/>\n<meta name=\"twitter:site\" content=\"@LosPoliticosVer\" \/>\n<meta name=\"twitter:label1\" content=\"Escrito por\" \/>\n\t<meta name=\"twitter:data1\" content=\"Lo viste en Los Pol\u00edticos\" \/>\n\t<meta name=\"twitter:label2\" content=\"Tiempo de lectura\" \/>\n\t<meta name=\"twitter:data2\" content=\"2 minutos\" \/>\n<script type=\"application\/ld+json\" class=\"yoast-schema-graph\">{\"@context\":\"https:\\\/\\\/schema.org\",\"@graph\":[{\"@type\":\"Article\",\"@id\":\"https:\\\/\\\/lospoliticosveracruz.com\\\/?p=18310#article\",\"isPartOf\":{\"@id\":\"https:\\\/\\\/lospoliticosveracruz.com\\\/?p=18310\"},\"author\":{\"name\":\"Lo viste en Los Pol\u00edticos\",\"@id\":\"https:\\\/\\\/lospoliticosveracruz.com\\\/#\\\/schema\\\/person\\\/b8702bb0e538456e6efd07080bf2a4a2\"},\"headline\":\"Atenci\u00f3n directa del alcalde en Margarita Mor\u00e1n II\",\"datePublished\":\"2015-10-13T23:17:36+00:00\",\"mainEntityOfPage\":{\"@id\":\"https:\\\/\\\/lospoliticosveracruz.com\\\/?p=18310\"},\"wordCount\":336,\"commentCount\":0,\"publisher\":{\"@id\":\"https:\\\/\\\/lospoliticosveracruz.com\\\/#organization\"},\"keywords\":[\"Am\u00e9rico Z\u00fa\u00f1iga Mart\u00ednez\",\"Margarita Mor\u00e1n II\"],\"articleSection\":[\"De Boleto\"],\"inLanguage\":\"es\",\"potentialAction\":[{\"@type\":\"CommentAction\",\"name\":\"Comment\",\"target\":[\"https:\\\/\\\/lospoliticosveracruz.com\\\/?p=18310#respond\"]}]},{\"@type\":\"WebPage\",\"@id\":\"https:\\\/\\\/lospoliticosveracruz.com\\\/?p=18310\",\"url\":\"https:\\\/\\\/lospoliticosveracruz.com\\\/?p=18310\",\"name\":\"Atenci\u00f3n directa del alcalde en Margarita Mor\u00e1n II - Los pol\u00edticos Veracruz\",\"isPartOf\":{\"@id\":\"https:\\\/\\\/lospoliticosveracruz.com\\\/#website\"},\"datePublished\":\"2015-10-13T23:17:36+00:00\",\"breadcrumb\":{\"@id\":\"https:\\\/\\\/lospoliticosveracruz.com\\\/?p=18310#breadcrumb\"},\"inLanguage\":\"es\",\"potentialAction\":[{\"@type\":\"ReadAction\",\"target\":[\"https:\\\/\\\/lospoliticosveracruz.com\\\/?p=18310\"]}]},{\"@type\":\"BreadcrumbList\",\"@id\":\"https:\\\/\\\/lospoliticosveracruz.com\\\/?p=18310#breadcrumb\",\"itemListElement\":[{\"@type\":\"ListItem\",\"position\":1,\"name\":\"Portada\",\"item\":\"https:\\\/\\\/lospoliticosveracruz.com\\\/\"},{\"@type\":\"ListItem\",\"position\":2,\"name\":\"Atenci\u00f3n directa del alcalde en Margarita Mor\u00e1n II\"}]},{\"@type\":\"WebSite\",\"@id\":\"https:\\\/\\\/lospoliticosveracruz.com\\\/#website\",\"url\":\"https:\\\/\\\/lospoliticosveracruz.com\\\/\",\"name\":\"Los pol\u00edticos Veracruz\",\"description\":\"\",\"publisher\":{\"@id\":\"https:\\\/\\\/lospoliticosveracruz.com\\\/#organization\"},\"potentialAction\":[{\"@type\":\"SearchAction\",\"target\":{\"@type\":\"EntryPoint\",\"urlTemplate\":\"https:\\\/\\\/lospoliticosveracruz.com\\\/?s={search_term_string}\"},\"query-input\":{\"@type\":\"PropertyValueSpecification\",\"valueRequired\":true,\"valueName\":\"search_term_string\"}}],\"inLanguage\":\"es\"},{\"@type\":\"Organization\",\"@id\":\"https:\\\/\\\/lospoliticosveracruz.com\\\/#organization\",\"name\":\"Los pol\u00edticos Veracruz\",\"url\":\"https:\\\/\\\/lospoliticosveracruz.com\\\/\",\"logo\":{\"@type\":\"ImageObject\",\"inLanguage\":\"es\",\"@id\":\"https:\\\/\\\/lospoliticosveracruz.com\\\/#\\\/schema\\\/logo\\\/image\\\/\",\"url\":\"https:\\\/\\\/lospoliticosveracruz.com\\\/wp-content\\\/uploads\\\/2025\\\/12\\\/Logo-Nuevo-LOS-POLITICOS-1.jpg\",\"contentUrl\":\"https:\\\/\\\/lospoliticosveracruz.com\\\/wp-content\\\/uploads\\\/2025\\\/12\\\/Logo-Nuevo-LOS-POLITICOS-1.jpg\",\"width\":260,\"height\":70,\"caption\":\"Los pol\u00edticos Veracruz\"},\"image\":{\"@id\":\"https:\\\/\\\/lospoliticosveracruz.com\\\/#\\\/schema\\\/logo\\\/image\\\/\"},\"sameAs\":[\"https:\\\/\\\/www.facebook.com\\\/people\\\/Notimemes-de-los-Polticos\\\/61565672886568\\\/\",\"https:\\\/\\\/x.com\\\/LosPoliticosVer\"]},{\"@type\":\"Person\",\"@id\":\"https:\\\/\\\/lospoliticosveracruz.com\\\/#\\\/schema\\\/person\\\/b8702bb0e538456e6efd07080bf2a4a2\",\"name\":\"Lo viste en Los Pol\u00edticos\",\"image\":{\"@type\":\"ImageObject\",\"inLanguage\":\"es\",\"@id\":\"https:\\\/\\\/secure.gravatar.com\\\/avatar\\\/3a8de04a2656d44082be478bd6c086daa447c4651605818287b9532d3d0bd435?s=96&d=mm&r=g\",\"url\":\"https:\\\/\\\/secure.gravatar.com\\\/avatar\\\/3a8de04a2656d44082be478bd6c086daa447c4651605818287b9532d3d0bd435?s=96&d=mm&r=g\",\"contentUrl\":\"https:\\\/\\\/secure.gravatar.com\\\/avatar\\\/3a8de04a2656d44082be478bd6c086daa447c4651605818287b9532d3d0bd435?s=96&d=mm&r=g\",\"caption\":\"Lo viste en Los Pol\u00edticos\"},\"url\":\"https:\\\/\\\/lospoliticosveracruz.com\\\/?author=2\"}]}<\/script>\n<!-- \/ Yoast SEO plugin. -->","yoast_head_json":{"title":"Atenci\u00f3n directa del alcalde en Margarita Mor\u00e1n II - Los pol\u00edticos Veracruz","robots":{"index":"index","follow":"follow","max-snippet":"max-snippet:-1","max-image-preview":"max-image-preview:large","max-video-preview":"max-video-preview:-1"},"canonical":"https:\/\/lospoliticosveracruz.com\/?p=18310","og_locale":"es_ES","og_type":"article","og_title":"Atenci\u00f3n directa del alcalde en Margarita Mor\u00e1n II - Los pol\u00edticos Veracruz","og_description":"\u201cS\u00f3lo con el contacto directo se conocen las necesidades m\u00e1s apremiantes de las familias xalape\u00f1as\u201d, indica\u00a0Am\u00e9rico Z\u00fa\u00f1iga Al se\u00f1alar que la administraci\u00f3n municipal atiende de manera directa y en igualdad de circunstancias a todas las familias xalape\u00f1as, el alcalde Am\u00e9rico Z\u00fa\u00f1iga Mart\u00ednez recorri\u00f3 la colonia Margarita Mor\u00e1n II, a petici\u00f3n expresa de la agrupaci\u00f3n Antorcha [&hellip;]","og_url":"https:\/\/lospoliticosveracruz.com\/?p=18310","og_site_name":"Los pol\u00edticos Veracruz","article_publisher":"https:\/\/www.facebook.com\/people\/Notimemes-de-los-Polticos\/61565672886568\/","article_published_time":"2015-10-13T23:17:36+00:00","og_image":[{"width":200,"height":200,"url":"https:\/\/lospoliticosveracruz.com\/wp-content\/uploads\/2016\/07\/Logo-Dor.jpg","type":"image\/jpeg"}],"author":"Lo viste en Los Pol\u00edticos","twitter_card":"summary_large_image","twitter_creator":"@LosPoliticosVer","twitter_site":"@LosPoliticosVer","twitter_misc":{"Escrito por":"Lo viste en Los Pol\u00edticos","Tiempo de lectura":"2 minutos"},"schema":{"@context":"https:\/\/schema.org","@graph":[{"@type":"Article","@id":"https:\/\/lospoliticosveracruz.com\/?p=18310#article","isPartOf":{"@id":"https:\/\/lospoliticosveracruz.com\/?p=18310"},"author":{"name":"Lo viste en Los Pol\u00edticos","@id":"https:\/\/lospoliticosveracruz.com\/#\/schema\/person\/b8702bb0e538456e6efd07080bf2a4a2"},"headline":"Atenci\u00f3n directa del alcalde en Margarita Mor\u00e1n II","datePublished":"2015-10-13T23:17:36+00:00","mainEntityOfPage":{"@id":"https:\/\/lospoliticosveracruz.com\/?p=18310"},"wordCount":336,"commentCount":0,"publisher":{"@id":"https:\/\/lospoliticosveracruz.com\/#organization"},"keywords":["Am\u00e9rico Z\u00fa\u00f1iga Mart\u00ednez","Margarita Mor\u00e1n II"],"articleSection":["De Boleto"],"inLanguage":"es","potentialAction":[{"@type":"CommentAction","name":"Comment","target":["https:\/\/lospoliticosveracruz.com\/?p=18310#respond"]}]},{"@type":"WebPage","@id":"https:\/\/lospoliticosveracruz.com\/?p=18310","url":"https:\/\/lospoliticosveracruz.com\/?p=18310","name":"Atenci\u00f3n directa del alcalde en Margarita Mor\u00e1n II - Los pol\u00edticos Veracruz","isPartOf":{"@id":"https:\/\/lospoliticosveracruz.com\/#website"},"datePublished":"2015-10-13T23:17:36+00:00","breadcrumb":{"@id":"https:\/\/lospoliticosveracruz.com\/?p=18310#breadcrumb"},"inLanguage":"es","potentialAction":[{"@type":"ReadAction","target":["https:\/\/lospoliticosveracruz.com\/?p=18310"]}]},{"@type":"BreadcrumbList","@id":"https:\/\/lospoliticosveracruz.com\/?p=18310#breadcrumb","itemListElement":[{"@type":"ListItem","position":1,"name":"Portada","item":"https:\/\/lospoliticosveracruz.com\/"},{"@type":"ListItem","position":2,"name":"Atenci\u00f3n directa del alcalde en Margarita Mor\u00e1n II"}]},{"@type":"WebSite","@id":"https:\/\/lospoliticosveracruz.com\/#website","url":"https:\/\/lospoliticosveracruz.com\/","name":"Los pol\u00edticos Veracruz","description":"","publisher":{"@id":"https:\/\/lospoliticosveracruz.com\/#organization"},"potentialAction":[{"@type":"SearchAction","target":{"@type":"EntryPoint","urlTemplate":"https:\/\/lospoliticosveracruz.com\/?s={search_term_string}"},"query-input":{"@type":"PropertyValueSpecification","valueRequired":true,"valueName":"search_term_string"}}],"inLanguage":"es"},{"@type":"Organization","@id":"https:\/\/lospoliticosveracruz.com\/#organization","name":"Los pol\u00edticos Veracruz","url":"https:\/\/lospoliticosveracruz.com\/","logo":{"@type":"ImageObject","inLanguage":"es","@id":"https:\/\/lospoliticosveracruz.com\/#\/schema\/logo\/image\/","url":"https:\/\/lospoliticosveracruz.com\/wp-content\/uploads\/2025\/12\/Logo-Nuevo-LOS-POLITICOS-1.jpg","contentUrl":"https:\/\/lospoliticosveracruz.com\/wp-content\/uploads\/2025\/12\/Logo-Nuevo-LOS-POLITICOS-1.jpg","width":260,"height":70,"caption":"Los pol\u00edticos Veracruz"},"image":{"@id":"https:\/\/lospoliticosveracruz.com\/#\/schema\/logo\/image\/"},"sameAs":["https:\/\/www.facebook.com\/people\/Notimemes-de-los-Polticos\/61565672886568\/","https:\/\/x.com\/LosPoliticosVer"]},{"@type":"Person","@id":"https:\/\/lospoliticosveracruz.com\/#\/schema\/person\/b8702bb0e538456e6efd07080bf2a4a2","name":"Lo viste en Los Pol\u00edticos","image":{"@type":"ImageObject","inLanguage":"es","@id":"https:\/\/secure.gravatar.com\/avatar\/3a8de04a2656d44082be478bd6c086daa447c4651605818287b9532d3d0bd435?s=96&d=mm&r=g","url":"https:\/\/secure.gravatar.com\/avatar\/3a8de04a2656d44082be478bd6c086daa447c4651605818287b9532d3d0bd435?s=96&d=mm&r=g","contentUrl":"https:\/\/secure.gravatar.com\/avatar\/3a8de04a2656d44082be478bd6c086daa447c4651605818287b9532d3d0bd435?s=96&d=mm&r=g","caption":"Lo viste en Los Pol\u00edticos"},"url":"https:\/\/lospoliticosveracruz.com\/?author=2"}]}},"_links":{"self":[{"href":"https:\/\/lospoliticosveracruz.com\/index.php?rest_route=\/wp\/v2\/posts\/18310","targetHints":{"allow":["GET"]}}],"collection":[{"href":"https:\/\/lospoliticosveracruz.com\/index.php?rest_route=\/wp\/v2\/posts"}],"about":[{"href":"https:\/\/lospoliticosveracruz.com\/index.php?rest_route=\/wp\/v2\/types\/post"}],"author":[{"embeddable":true,"href":"https:\/\/lospoliticosveracruz.com\/index.php?rest_route=\/wp\/v2\/users\/2"}],"replies":[{"embeddable":true,"href":"https:\/\/lospoliticosveracruz.com\/index.php?rest_route=%2Fwp%2Fv2%2Fcomments&post=18310"}],"version-history":[{"count":1,"href":"https:\/\/lospoliticosveracruz.com\/index.php?rest_route=\/wp\/v2\/posts\/18310\/revisions"}],"predecessor-version":[{"id":18312,"href":"https:\/\/lospoliticosveracruz.com\/index.php?rest_route=\/wp\/v2\/posts\/18310\/revisions\/18312"}],"wp:attachment":[{"href":"https:\/\/lospoliticosveracruz.com\/index.php?rest_route=%2Fwp%2Fv2%2Fmedia&parent=18310"}],"wp:term":[{"taxonomy":"category","embeddable":true,"href":"https:\/\/lospoliticosveracruz.com\/index.php?rest_route=%2Fwp%2Fv2%2Fcategories&post=18310"},{"taxonomy":"post_tag","embeddable":true,"href":"https:\/\/lospoliticosveracruz.com\/index.php?rest_route=%2Fwp%2Fv2%2Ftags&post=18310"}],"curies":[{"name":"wp","href":"https:\/\/api.w.org\/{rel}","templated":true}]}}