{"id":18338,"date":"2015-10-14T19:30:37","date_gmt":"2015-10-15T00:30:37","guid":{"rendered":"http:\/\/www.lospoliticosveracruz.com.mx\/?p=18338"},"modified":"2015-10-14T19:34:56","modified_gmt":"2015-10-15T00:34:56","slug":"en-nuestras-narices","status":"publish","type":"post","link":"https:\/\/lospoliticosveracruz.com\/?p=18338","title":{"rendered":"En nuestras narices"},"content":{"rendered":"<p><a href=\"http:\/\/www.lospoliticosveracruz.com.mx\/wp-content\/uploads\/2015\/10\/Francisco-Quiroz.jpg\"><img loading=\"lazy\" decoding=\"async\" class=\"alignnone size-medium wp-image-18339\" src=\"http:\/\/www.lospoliticosveracruz.com.mx\/wp-content\/uploads\/2015\/10\/Francisco-Quiroz-300x251.jpg\" alt=\"Francisco Quiroz\" width=\"300\" height=\"251\" \/><\/a><br \/>\n<strong>Jorge Arturo Rodr\u00edguez<\/strong><\/p>\n<p><em>Tierra de Babel<\/em><\/p>\n<p>Caminaba por la avenida \u201cL\u201d cuando me top\u00e9 con mi amigo Cris\u00f3foro y, claro, le pregunt\u00e9 lo acostumbrado: C\u00f3mo estaba, Qu\u00e9 haciendo, Qu\u00e9 era de su vida; \u00e9l, desde luego, me hizo las mismas preguntas y ambos dos nos contestamos: Bien, Ah\u00ed la llevo, Aguantando, Nada importante. Cuando pasamos a los detalles me dijo que andaba sin chamba, que el taxi ya no le dejaba mucho, el patr\u00f3n pide m\u00e1s y ahora, para acabar de joder, hay m\u00e1s taxis, m\u00e1s violencia y m\u00e1s\u2026 Lo escuch\u00e9 y le coment\u00e9 algo de lo m\u00edo, no mucho, mi vida no es tan interesante \u2013o quiz\u00e1s sigo de introvertido- y pasada una cuadra me dijo, angustiado, que las cosas no andaban nada bien que si no supe que asaltaron hace unos d\u00edas a un compa taxista suyo, intentaron robarle pero como no se dej\u00f3, lo apu\u00f1alaron y pos precisamente voy a verlo al hospital, ah pero igualito pasa con el pinche gobierno y compinches que apenas si nos quejamos del robo que nos hacen y en la miseria en la que estamos, que pronto nos apu\u00f1alan a todos y nos hunden m\u00e1s en la mierda, \u00bfo no, amigo? Le dije que s\u00ed, qui\u00e9n lo niega, y lo invit\u00e9 a tomarnos un caf\u00e9 y platicar en otra ocasi\u00f3n. \u201cS\u00ed, ya est\u00e1, pero dejamos a un lado el celular mientras platicamos, todo mundo anda en otra parte y no se da cuenta\u2026 El mundo apesta\u201d, hizo una mueca, nos tendimos la mano y \u201cHasta luego\u201d.<br \/>\n\u201cEl mundo apesta\u201d, pienso mientras camino hacia a la plaza, s\u00ed, oliendo las emisiones de humo, viendo la indiferencia de la gente que pasa, tropezando, ida, con el celular en mano, y el cielo y las estrellas all\u00e1 arriba que nadie ve ni a nadie le interesan, mucho menos importa que madres pasa con el pr\u00f3jimo y el vecino. No vemos nada.<br \/>\n\u201cVer lo que tenemos delante de nuestras narices requiere una lucha constante\u201d, escribi\u00f3 George Orwell. Llego a casa y busco una declaraci\u00f3n de Joan Manuel Serrat aparecida en La Jornada: \u201cTal como las cosas andan en el mundo es complicado sentirse c\u00f3modo, en un momento en el que la intolerancia alcanza niveles brutales, en los que la insolidaridad es tremenda. Vivimos un tiempo del s\u00e1lvese quien pueda y eso no es bueno ni a corto ni a mediano plazos. (\u2026) De alguna forma el mundo de Orwell sigue amenazando; el Gran Hermano sigue amenazando, y ahora se entiende muy bien con el liberalismo econ\u00f3mico. Existen mutaciones que agarran formas cada vez m\u00e1s complejas, cada vez m\u00e1s sutiles, de control del individuo. En el fondo todo est\u00e1 basado en controlar a la gente, en controlarla por el miedo, el hambre, por el poder, y estos son argumentos que incluso los gobiernos llamados democr\u00e1ticos siembran constantemente\u201d.<br \/>\n\u00bfIntolerancia? Bueno, aqu\u00ed en Veracruz dicen que hay intolerancia a la corrupci\u00f3n\u2026 \u00bfY la impunidad? \u00bfY el \u201ctr\u00e1gico\u201d de influencia? \u00bfY el amiguismo? \u00bfY el compadrazgo? \u00bfY el clientelismo? \u00bfY la violencia? \u00bfY la mentira? \u00bfY el valemadrismo? Y un chingo etc\u00e9tera\u2026.<\/p>\n<p><strong>Los d\u00edas y los temas<\/strong><\/p>\n<p>Dicen que la educaci\u00f3n es fundamental para el desarrollo de un pa\u00eds. Ni dudarlo, pero el chiste es que en M\u00e9xico cada vez m\u00e1s se cierran las puertas o cuesta m\u00e1s lograr superarse.<br \/>\nPor eso, van desde aqu\u00ed mi felicitaci\u00f3n y reconocimiento a mi estimado Francisco Quiroz Moreno, eficiente compa\u00f1ero de trabajo en el Congreso de Veracruz, por el merecido Diploma por haber concluido la carrera de Licenciado en Derecho por la Universidad Popular Aut\u00f3noma de Veracruz, generaci\u00f3n 2012-2015. Gente as\u00ed requiere nuestro pa\u00eds pa\u2019 seguir remando, con esfuerzo y entusiasmo, pese a inclemencias.<\/p>\n","protected":false},"excerpt":{"rendered":"<p>Jorge Arturo Rodr\u00edguez Tierra de Babel Caminaba por la avenida \u201cL\u201d cuando me top\u00e9 con mi amigo Cris\u00f3foro y, claro, le pregunt\u00e9 lo acostumbrado: C\u00f3mo estaba, Qu\u00e9 haciendo, Qu\u00e9 era de su vida; \u00e9l, desde luego, me hizo las mismas preguntas y ambos dos nos contestamos: Bien, Ah\u00ed la llevo, Aguantando, Nada importante. Cuando pasamos [&hellip;]<\/p>\n","protected":false},"author":2,"featured_media":0,"comment_status":"open","ping_status":"open","sticky":false,"template":"","format":"standard","meta":{"tdm_status":"","tdm_grid_status":"","footnotes":""},"categories":[70],"tags":[393,3671],"class_list":{"0":"post-18338","1":"post","2":"type-post","3":"status-publish","4":"format-standard","6":"category-de-opinion","7":"tag-congreso-de-veracruz","8":"tag-francisco-quiroz-moreno"},"yoast_head":"<!-- This site is optimized with the Yoast SEO plugin v27.4 - https:\/\/yoast.com\/product\/yoast-seo-wordpress\/ -->\n<title>En nuestras narices - Los pol\u00edticos Veracruz<\/title>\n<meta name=\"robots\" content=\"index, follow, max-snippet:-1, max-image-preview:large, max-video-preview:-1\" \/>\n<link rel=\"canonical\" href=\"https:\/\/lospoliticosveracruz.com\/?p=18338\" \/>\n<meta property=\"og:locale\" content=\"es_ES\" \/>\n<meta property=\"og:type\" content=\"article\" \/>\n<meta property=\"og:title\" content=\"En nuestras narices - Los pol\u00edticos Veracruz\" \/>\n<meta property=\"og:description\" content=\"Jorge Arturo Rodr\u00edguez Tierra de Babel Caminaba por la avenida \u201cL\u201d cuando me top\u00e9 con mi amigo Cris\u00f3foro y, claro, le pregunt\u00e9 lo acostumbrado: C\u00f3mo estaba, Qu\u00e9 haciendo, Qu\u00e9 era de su vida; \u00e9l, desde luego, me hizo las mismas preguntas y ambos dos nos contestamos: Bien, Ah\u00ed la llevo, Aguantando, Nada importante. Cuando pasamos [&hellip;]\" \/>\n<meta property=\"og:url\" content=\"https:\/\/lospoliticosveracruz.com\/?p=18338\" \/>\n<meta property=\"og:site_name\" content=\"Los pol\u00edticos Veracruz\" \/>\n<meta property=\"article:publisher\" content=\"https:\/\/www.facebook.com\/people\/Notimemes-de-los-Polticos\/61565672886568\/\" \/>\n<meta property=\"article:published_time\" content=\"2015-10-15T00:30:37+00:00\" \/>\n<meta property=\"article:modified_time\" content=\"2015-10-15T00:34:56+00:00\" \/>\n<meta property=\"og:image\" content=\"http:\/\/www.lospoliticosveracruz.com.mx\/wp-content\/uploads\/2015\/10\/Francisco-Quiroz-300x251.jpg\" \/>\n<meta name=\"author\" content=\"Lo viste en Los Pol\u00edticos\" \/>\n<meta name=\"twitter:card\" content=\"summary_large_image\" \/>\n<meta name=\"twitter:creator\" content=\"@LosPoliticosVer\" \/>\n<meta name=\"twitter:site\" content=\"@LosPoliticosVer\" \/>\n<meta name=\"twitter:label1\" content=\"Escrito por\" \/>\n\t<meta name=\"twitter:data1\" content=\"Lo viste en Los Pol\u00edticos\" \/>\n\t<meta name=\"twitter:label2\" content=\"Tiempo de lectura\" \/>\n\t<meta name=\"twitter:data2\" content=\"3 minutos\" \/>\n<script type=\"application\/ld+json\" class=\"yoast-schema-graph\">{\"@context\":\"https:\\\/\\\/schema.org\",\"@graph\":[{\"@type\":\"Article\",\"@id\":\"https:\\\/\\\/lospoliticosveracruz.com\\\/?p=18338#article\",\"isPartOf\":{\"@id\":\"https:\\\/\\\/lospoliticosveracruz.com\\\/?p=18338\"},\"author\":{\"name\":\"Lo viste en Los Pol\u00edticos\",\"@id\":\"https:\\\/\\\/lospoliticosveracruz.com\\\/#\\\/schema\\\/person\\\/b8702bb0e538456e6efd07080bf2a4a2\"},\"headline\":\"En nuestras narices\",\"datePublished\":\"2015-10-15T00:30:37+00:00\",\"dateModified\":\"2015-10-15T00:34:56+00:00\",\"mainEntityOfPage\":{\"@id\":\"https:\\\/\\\/lospoliticosveracruz.com\\\/?p=18338\"},\"wordCount\":652,\"commentCount\":0,\"publisher\":{\"@id\":\"https:\\\/\\\/lospoliticosveracruz.com\\\/#organization\"},\"image\":{\"@id\":\"https:\\\/\\\/lospoliticosveracruz.com\\\/?p=18338#primaryimage\"},\"thumbnailUrl\":\"http:\\\/\\\/www.lospoliticosveracruz.com.mx\\\/wp-content\\\/uploads\\\/2015\\\/10\\\/Francisco-Quiroz-300x251.jpg\",\"keywords\":[\"Congreso de Veracruz\",\"Francisco Quiroz Moreno\"],\"articleSection\":[\"De Opini\u00f3n\"],\"inLanguage\":\"es\",\"potentialAction\":[{\"@type\":\"CommentAction\",\"name\":\"Comment\",\"target\":[\"https:\\\/\\\/lospoliticosveracruz.com\\\/?p=18338#respond\"]}]},{\"@type\":\"WebPage\",\"@id\":\"https:\\\/\\\/lospoliticosveracruz.com\\\/?p=18338\",\"url\":\"https:\\\/\\\/lospoliticosveracruz.com\\\/?p=18338\",\"name\":\"En nuestras narices - Los pol\u00edticos Veracruz\",\"isPartOf\":{\"@id\":\"https:\\\/\\\/lospoliticosveracruz.com\\\/#website\"},\"primaryImageOfPage\":{\"@id\":\"https:\\\/\\\/lospoliticosveracruz.com\\\/?p=18338#primaryimage\"},\"image\":{\"@id\":\"https:\\\/\\\/lospoliticosveracruz.com\\\/?p=18338#primaryimage\"},\"thumbnailUrl\":\"http:\\\/\\\/www.lospoliticosveracruz.com.mx\\\/wp-content\\\/uploads\\\/2015\\\/10\\\/Francisco-Quiroz-300x251.jpg\",\"datePublished\":\"2015-10-15T00:30:37+00:00\",\"dateModified\":\"2015-10-15T00:34:56+00:00\",\"breadcrumb\":{\"@id\":\"https:\\\/\\\/lospoliticosveracruz.com\\\/?p=18338#breadcrumb\"},\"inLanguage\":\"es\",\"potentialAction\":[{\"@type\":\"ReadAction\",\"target\":[\"https:\\\/\\\/lospoliticosveracruz.com\\\/?p=18338\"]}]},{\"@type\":\"ImageObject\",\"inLanguage\":\"es\",\"@id\":\"https:\\\/\\\/lospoliticosveracruz.com\\\/?p=18338#primaryimage\",\"url\":\"http:\\\/\\\/www.lospoliticosveracruz.com.mx\\\/wp-content\\\/uploads\\\/2015\\\/10\\\/Francisco-Quiroz-300x251.jpg\",\"contentUrl\":\"http:\\\/\\\/www.lospoliticosveracruz.com.mx\\\/wp-content\\\/uploads\\\/2015\\\/10\\\/Francisco-Quiroz-300x251.jpg\"},{\"@type\":\"BreadcrumbList\",\"@id\":\"https:\\\/\\\/lospoliticosveracruz.com\\\/?p=18338#breadcrumb\",\"itemListElement\":[{\"@type\":\"ListItem\",\"position\":1,\"name\":\"Portada\",\"item\":\"https:\\\/\\\/lospoliticosveracruz.com\\\/\"},{\"@type\":\"ListItem\",\"position\":2,\"name\":\"En nuestras narices\"}]},{\"@type\":\"WebSite\",\"@id\":\"https:\\\/\\\/lospoliticosveracruz.com\\\/#website\",\"url\":\"https:\\\/\\\/lospoliticosveracruz.com\\\/\",\"name\":\"Los pol\u00edticos Veracruz\",\"description\":\"\",\"publisher\":{\"@id\":\"https:\\\/\\\/lospoliticosveracruz.com\\\/#organization\"},\"potentialAction\":[{\"@type\":\"SearchAction\",\"target\":{\"@type\":\"EntryPoint\",\"urlTemplate\":\"https:\\\/\\\/lospoliticosveracruz.com\\\/?s={search_term_string}\"},\"query-input\":{\"@type\":\"PropertyValueSpecification\",\"valueRequired\":true,\"valueName\":\"search_term_string\"}}],\"inLanguage\":\"es\"},{\"@type\":\"Organization\",\"@id\":\"https:\\\/\\\/lospoliticosveracruz.com\\\/#organization\",\"name\":\"Los pol\u00edticos Veracruz\",\"url\":\"https:\\\/\\\/lospoliticosveracruz.com\\\/\",\"logo\":{\"@type\":\"ImageObject\",\"inLanguage\":\"es\",\"@id\":\"https:\\\/\\\/lospoliticosveracruz.com\\\/#\\\/schema\\\/logo\\\/image\\\/\",\"url\":\"https:\\\/\\\/lospoliticosveracruz.com\\\/wp-content\\\/uploads\\\/2025\\\/12\\\/Logo-Nuevo-LOS-POLITICOS-1.jpg\",\"contentUrl\":\"https:\\\/\\\/lospoliticosveracruz.com\\\/wp-content\\\/uploads\\\/2025\\\/12\\\/Logo-Nuevo-LOS-POLITICOS-1.jpg\",\"width\":260,\"height\":70,\"caption\":\"Los pol\u00edticos Veracruz\"},\"image\":{\"@id\":\"https:\\\/\\\/lospoliticosveracruz.com\\\/#\\\/schema\\\/logo\\\/image\\\/\"},\"sameAs\":[\"https:\\\/\\\/www.facebook.com\\\/people\\\/Notimemes-de-los-Polticos\\\/61565672886568\\\/\",\"https:\\\/\\\/x.com\\\/LosPoliticosVer\"]},{\"@type\":\"Person\",\"@id\":\"https:\\\/\\\/lospoliticosveracruz.com\\\/#\\\/schema\\\/person\\\/b8702bb0e538456e6efd07080bf2a4a2\",\"name\":\"Lo viste en Los Pol\u00edticos\",\"image\":{\"@type\":\"ImageObject\",\"inLanguage\":\"es\",\"@id\":\"https:\\\/\\\/secure.gravatar.com\\\/avatar\\\/3a8de04a2656d44082be478bd6c086daa447c4651605818287b9532d3d0bd435?s=96&d=mm&r=g\",\"url\":\"https:\\\/\\\/secure.gravatar.com\\\/avatar\\\/3a8de04a2656d44082be478bd6c086daa447c4651605818287b9532d3d0bd435?s=96&d=mm&r=g\",\"contentUrl\":\"https:\\\/\\\/secure.gravatar.com\\\/avatar\\\/3a8de04a2656d44082be478bd6c086daa447c4651605818287b9532d3d0bd435?s=96&d=mm&r=g\",\"caption\":\"Lo viste en Los Pol\u00edticos\"},\"url\":\"https:\\\/\\\/lospoliticosveracruz.com\\\/?author=2\"}]}<\/script>\n<!-- \/ Yoast SEO plugin. -->","yoast_head_json":{"title":"En nuestras narices - Los pol\u00edticos Veracruz","robots":{"index":"index","follow":"follow","max-snippet":"max-snippet:-1","max-image-preview":"max-image-preview:large","max-video-preview":"max-video-preview:-1"},"canonical":"https:\/\/lospoliticosveracruz.com\/?p=18338","og_locale":"es_ES","og_type":"article","og_title":"En nuestras narices - Los pol\u00edticos Veracruz","og_description":"Jorge Arturo Rodr\u00edguez Tierra de Babel Caminaba por la avenida \u201cL\u201d cuando me top\u00e9 con mi amigo Cris\u00f3foro y, claro, le pregunt\u00e9 lo acostumbrado: C\u00f3mo estaba, Qu\u00e9 haciendo, Qu\u00e9 era de su vida; \u00e9l, desde luego, me hizo las mismas preguntas y ambos dos nos contestamos: Bien, Ah\u00ed la llevo, Aguantando, Nada importante. Cuando pasamos [&hellip;]","og_url":"https:\/\/lospoliticosveracruz.com\/?p=18338","og_site_name":"Los pol\u00edticos Veracruz","article_publisher":"https:\/\/www.facebook.com\/people\/Notimemes-de-los-Polticos\/61565672886568\/","article_published_time":"2015-10-15T00:30:37+00:00","article_modified_time":"2015-10-15T00:34:56+00:00","og_image":[{"url":"http:\/\/www.lospoliticosveracruz.com.mx\/wp-content\/uploads\/2015\/10\/Francisco-Quiroz-300x251.jpg","type":"","width":"","height":""}],"author":"Lo viste en Los Pol\u00edticos","twitter_card":"summary_large_image","twitter_creator":"@LosPoliticosVer","twitter_site":"@LosPoliticosVer","twitter_misc":{"Escrito por":"Lo viste en Los Pol\u00edticos","Tiempo de lectura":"3 minutos"},"schema":{"@context":"https:\/\/schema.org","@graph":[{"@type":"Article","@id":"https:\/\/lospoliticosveracruz.com\/?p=18338#article","isPartOf":{"@id":"https:\/\/lospoliticosveracruz.com\/?p=18338"},"author":{"name":"Lo viste en Los Pol\u00edticos","@id":"https:\/\/lospoliticosveracruz.com\/#\/schema\/person\/b8702bb0e538456e6efd07080bf2a4a2"},"headline":"En nuestras narices","datePublished":"2015-10-15T00:30:37+00:00","dateModified":"2015-10-15T00:34:56+00:00","mainEntityOfPage":{"@id":"https:\/\/lospoliticosveracruz.com\/?p=18338"},"wordCount":652,"commentCount":0,"publisher":{"@id":"https:\/\/lospoliticosveracruz.com\/#organization"},"image":{"@id":"https:\/\/lospoliticosveracruz.com\/?p=18338#primaryimage"},"thumbnailUrl":"http:\/\/www.lospoliticosveracruz.com.mx\/wp-content\/uploads\/2015\/10\/Francisco-Quiroz-300x251.jpg","keywords":["Congreso de Veracruz","Francisco Quiroz Moreno"],"articleSection":["De Opini\u00f3n"],"inLanguage":"es","potentialAction":[{"@type":"CommentAction","name":"Comment","target":["https:\/\/lospoliticosveracruz.com\/?p=18338#respond"]}]},{"@type":"WebPage","@id":"https:\/\/lospoliticosveracruz.com\/?p=18338","url":"https:\/\/lospoliticosveracruz.com\/?p=18338","name":"En nuestras narices - Los pol\u00edticos Veracruz","isPartOf":{"@id":"https:\/\/lospoliticosveracruz.com\/#website"},"primaryImageOfPage":{"@id":"https:\/\/lospoliticosveracruz.com\/?p=18338#primaryimage"},"image":{"@id":"https:\/\/lospoliticosveracruz.com\/?p=18338#primaryimage"},"thumbnailUrl":"http:\/\/www.lospoliticosveracruz.com.mx\/wp-content\/uploads\/2015\/10\/Francisco-Quiroz-300x251.jpg","datePublished":"2015-10-15T00:30:37+00:00","dateModified":"2015-10-15T00:34:56+00:00","breadcrumb":{"@id":"https:\/\/lospoliticosveracruz.com\/?p=18338#breadcrumb"},"inLanguage":"es","potentialAction":[{"@type":"ReadAction","target":["https:\/\/lospoliticosveracruz.com\/?p=18338"]}]},{"@type":"ImageObject","inLanguage":"es","@id":"https:\/\/lospoliticosveracruz.com\/?p=18338#primaryimage","url":"http:\/\/www.lospoliticosveracruz.com.mx\/wp-content\/uploads\/2015\/10\/Francisco-Quiroz-300x251.jpg","contentUrl":"http:\/\/www.lospoliticosveracruz.com.mx\/wp-content\/uploads\/2015\/10\/Francisco-Quiroz-300x251.jpg"},{"@type":"BreadcrumbList","@id":"https:\/\/lospoliticosveracruz.com\/?p=18338#breadcrumb","itemListElement":[{"@type":"ListItem","position":1,"name":"Portada","item":"https:\/\/lospoliticosveracruz.com\/"},{"@type":"ListItem","position":2,"name":"En nuestras narices"}]},{"@type":"WebSite","@id":"https:\/\/lospoliticosveracruz.com\/#website","url":"https:\/\/lospoliticosveracruz.com\/","name":"Los pol\u00edticos Veracruz","description":"","publisher":{"@id":"https:\/\/lospoliticosveracruz.com\/#organization"},"potentialAction":[{"@type":"SearchAction","target":{"@type":"EntryPoint","urlTemplate":"https:\/\/lospoliticosveracruz.com\/?s={search_term_string}"},"query-input":{"@type":"PropertyValueSpecification","valueRequired":true,"valueName":"search_term_string"}}],"inLanguage":"es"},{"@type":"Organization","@id":"https:\/\/lospoliticosveracruz.com\/#organization","name":"Los pol\u00edticos Veracruz","url":"https:\/\/lospoliticosveracruz.com\/","logo":{"@type":"ImageObject","inLanguage":"es","@id":"https:\/\/lospoliticosveracruz.com\/#\/schema\/logo\/image\/","url":"https:\/\/lospoliticosveracruz.com\/wp-content\/uploads\/2025\/12\/Logo-Nuevo-LOS-POLITICOS-1.jpg","contentUrl":"https:\/\/lospoliticosveracruz.com\/wp-content\/uploads\/2025\/12\/Logo-Nuevo-LOS-POLITICOS-1.jpg","width":260,"height":70,"caption":"Los pol\u00edticos Veracruz"},"image":{"@id":"https:\/\/lospoliticosveracruz.com\/#\/schema\/logo\/image\/"},"sameAs":["https:\/\/www.facebook.com\/people\/Notimemes-de-los-Polticos\/61565672886568\/","https:\/\/x.com\/LosPoliticosVer"]},{"@type":"Person","@id":"https:\/\/lospoliticosveracruz.com\/#\/schema\/person\/b8702bb0e538456e6efd07080bf2a4a2","name":"Lo viste en Los Pol\u00edticos","image":{"@type":"ImageObject","inLanguage":"es","@id":"https:\/\/secure.gravatar.com\/avatar\/3a8de04a2656d44082be478bd6c086daa447c4651605818287b9532d3d0bd435?s=96&d=mm&r=g","url":"https:\/\/secure.gravatar.com\/avatar\/3a8de04a2656d44082be478bd6c086daa447c4651605818287b9532d3d0bd435?s=96&d=mm&r=g","contentUrl":"https:\/\/secure.gravatar.com\/avatar\/3a8de04a2656d44082be478bd6c086daa447c4651605818287b9532d3d0bd435?s=96&d=mm&r=g","caption":"Lo viste en Los Pol\u00edticos"},"url":"https:\/\/lospoliticosveracruz.com\/?author=2"}]}},"_links":{"self":[{"href":"https:\/\/lospoliticosveracruz.com\/index.php?rest_route=\/wp\/v2\/posts\/18338","targetHints":{"allow":["GET"]}}],"collection":[{"href":"https:\/\/lospoliticosveracruz.com\/index.php?rest_route=\/wp\/v2\/posts"}],"about":[{"href":"https:\/\/lospoliticosveracruz.com\/index.php?rest_route=\/wp\/v2\/types\/post"}],"author":[{"embeddable":true,"href":"https:\/\/lospoliticosveracruz.com\/index.php?rest_route=\/wp\/v2\/users\/2"}],"replies":[{"embeddable":true,"href":"https:\/\/lospoliticosveracruz.com\/index.php?rest_route=%2Fwp%2Fv2%2Fcomments&post=18338"}],"version-history":[{"count":1,"href":"https:\/\/lospoliticosveracruz.com\/index.php?rest_route=\/wp\/v2\/posts\/18338\/revisions"}],"predecessor-version":[{"id":18340,"href":"https:\/\/lospoliticosveracruz.com\/index.php?rest_route=\/wp\/v2\/posts\/18338\/revisions\/18340"}],"wp:attachment":[{"href":"https:\/\/lospoliticosveracruz.com\/index.php?rest_route=%2Fwp%2Fv2%2Fmedia&parent=18338"}],"wp:term":[{"taxonomy":"category","embeddable":true,"href":"https:\/\/lospoliticosveracruz.com\/index.php?rest_route=%2Fwp%2Fv2%2Fcategories&post=18338"},{"taxonomy":"post_tag","embeddable":true,"href":"https:\/\/lospoliticosveracruz.com\/index.php?rest_route=%2Fwp%2Fv2%2Ftags&post=18338"}],"curies":[{"name":"wp","href":"https:\/\/api.w.org\/{rel}","templated":true}]}}