{"id":18344,"date":"2015-10-14T20:33:39","date_gmt":"2015-10-15T01:33:39","guid":{"rendered":"http:\/\/www.lospoliticosveracruz.com.mx\/?p=18344"},"modified":"2015-10-14T20:33:39","modified_gmt":"2015-10-15T01:33:39","slug":"apoyo-a-cafetaleros-y-maiceros-jcmp","status":"publish","type":"post","link":"https:\/\/lospoliticosveracruz.com\/?p=18344","title":{"rendered":"Apoyo a cafetaleros y maiceros: JCMP"},"content":{"rendered":"<blockquote><p><a href=\"http:\/\/www.lospoliticosveracruz.com.mx\/wp-content\/uploads\/2015\/10\/Juan-Carlos-Molina-Palacios2.jpg\"><img loading=\"lazy\" decoding=\"async\" class=\"alignnone size-medium wp-image-18345\" src=\"http:\/\/www.lospoliticosveracruz.com.mx\/wp-content\/uploads\/2015\/10\/Juan-Carlos-Molina-Palacios2-300x193.jpg\" alt=\"Juan Carlos Molina Palacios\" width=\"300\" height=\"193\" \/><\/a><\/p>\n<p><strong>Atestigua l\u00edder de la CNC\u00a0 entrega de apoyos a siete mil productores\u00a0de la regi\u00f3n de Tezonapa<\/strong><\/p><\/blockquote>\n<p><em>Tezonapa:<\/em> Al atestiguar la entrega de apoyos a siete mil cafeticultores de la regi\u00f3n de Tezonapa como parte del programa de Coberturas de Precios de Caf\u00e9, el presidente de la Liga de Comunidades Agrarias y\u00a0 Sindicatos Campesinos de la CNC, Juan Carlos Molina Palacios destac\u00f3 que los productores de esta zona son un modelo de \u00e9xito para seguir desarrollando en todas las regiones de Veracruz.<\/p>\n<p>Molina Palacios se\u00f1al\u00f3 que \u00abustedes son un ejemplo de esfuerzo\u00a0 y uni\u00f3n para repetir en las dem\u00e1s zonas cafetaleras, ya que han logrado comercializar directamente su producto con una empresa nacional\u00bb.<\/p>\n<p>Durante este evento, al que asistieron los titulares de Sedarpa y Secretar\u00eda del Trabajo, Ram\u00f3n Ferrari Pardi\u00f1o y Gabriel Deantes Ramos, respectivamente, as\u00ed como presidentes municipales de la regi\u00f3n, miembros del comit\u00e9 estatal cenecista y dirigentes de otras \u00e1reas de producci\u00f3n, el dirigente de los campesinos de Veracruz, asegur\u00f3 que con la nueva dirigencia que encabeza ser\u00e1 posible hacer llegar a la gente del campo los apoyos que necesitan para salir del abandono en que se encuentra desde hace varios a\u00f1os.<\/p>\n<p>Record\u00f3 que as\u00ed como estos apoyos a los cafetaleros, gracias al impulso de Gobernador Javier Duarte de Ochoa, la Liga de Comunidades ya cuenta con semilla certificada de ma\u00edz para 50 mil hect\u00e1reas subsidiadas al 50 por ciento.<\/p>\n<p>\u00abLos maiceros s\u00f3lo necesitan acercarse a su Comit\u00e9 municipal o regional o a su ayuntamiento para registrarse y recibir la semilla h\u00edbrida\u00bb, sostuvo al enfatizar que en pr\u00f3ximos d\u00edas se inaugurar\u00e1 una planta de secado de grano de ma\u00edz en la comunidad El J\u00edcaro, municipio de Tierra Blanca.<\/p>\n<p>De la misma forma, abund\u00f3 el l\u00edder de la CNC, los apoyos para las otras \u00e1reas productivas llegar\u00e1n en tiempo y forma hasta las manos de la gente que trabaja el campo, para darle un nuevo rostro al sector.<\/p>\n<p>Por su parte, el presidente del Comit\u00e9 Regional Campesino (CRC) de Tezonapa, Ildilberto Escobar Valdivia asegur\u00f3 que con el liderazgo de Molina Palacios y el trabajo coordinado de los CRC con los gobiernos municipal, estatal y federal, ser\u00e1 posible que los productores reciban los recursos y participen de los programas que benefician su producci\u00f3n.<\/p>\n<p>Asimismo, el presidente de la Uni\u00f3n Estatal de Productores de Ma\u00edz del estado, Jos\u00e9 \u00c1ngel Contreras Carrera, agradeci\u00f3 la oportunidad de unificar fuerzas entre los maiceros y los cafeticultores, \u00abcon la vocaci\u00f3n y el \u00edmpetu por hacer producir la tierra que nos caracteriza a todos los productores, podremos seguir coadyuvando con los compa\u00f1eros del caf\u00e9 para transmitirles la experiencia que hemos tenido con \u00e9xito en la cobertura del precio de los granos\u00bb.<\/p>\n<p>En su intervenci\u00f3n, el titular de la Secretar\u00eda de Desarrollo Agropecuario, Rural y Pesca, Ram\u00f3n Ferrari Pardi\u00f1o, reconoci\u00f3 en el liderazgo de Molina Palacios la oportunidad de que todos los cenecistas recuperen su fortaleza en todas las \u00e1reas de producci\u00f3n y con la coordinaci\u00f3n de los tres niveles de gobierno seguir\u00e1n d\u00e1ndose los resultados para el campo veracruzano.<\/p>\n<p>En esta entrega de apoyos estuvieron presentes los presidentes municipales de Tezonapa, Omealca y Cuichapa, Adanery Medina Guerrero, Jos\u00e9 Manuel Montalvo G\u00f3mez y Juan Manuel Torres Camacho, respectivamente.<\/p>\n<p>As\u00ed como el representante no gubernamental del Sistema Producto Caf\u00e9 en el estado, Alfredo Cano Mart\u00ednez y la directora general de Principia Terra Consultor\u00eda, Adriana Verde Osorio.<\/p>\n","protected":false},"excerpt":{"rendered":"<p>Atestigua l\u00edder de la CNC\u00a0 entrega de apoyos a siete mil productores\u00a0de la regi\u00f3n de Tezonapa Tezonapa: Al atestiguar la entrega de apoyos a siete mil cafeticultores de la regi\u00f3n de Tezonapa como parte del programa de Coberturas de Precios de Caf\u00e9, el presidente de la Liga de Comunidades Agrarias y\u00a0 Sindicatos Campesinos de la [&hellip;]<\/p>\n","protected":false},"author":2,"featured_media":0,"comment_status":"open","ping_status":"open","sticky":false,"template":"","format":"standard","meta":{"tdm_status":"","tdm_grid_status":"","footnotes":""},"categories":[73],"tags":[3256,1845],"class_list":{"0":"post-18344","1":"post","2":"type-post","3":"status-publish","4":"format-standard","6":"category-de-boleto","7":"tag-juan-carlos-molina-palacios","8":"tag-liga-de-comunidades-agrarias"},"yoast_head":"<!-- This site is optimized with the Yoast SEO plugin v27.4 - https:\/\/yoast.com\/product\/yoast-seo-wordpress\/ -->\n<title>Apoyo a cafetaleros y maiceros: JCMP - Los pol\u00edticos Veracruz<\/title>\n<meta name=\"robots\" content=\"index, follow, max-snippet:-1, max-image-preview:large, max-video-preview:-1\" \/>\n<link rel=\"canonical\" href=\"https:\/\/lospoliticosveracruz.com\/?p=18344\" \/>\n<meta property=\"og:locale\" content=\"es_ES\" \/>\n<meta property=\"og:type\" content=\"article\" \/>\n<meta property=\"og:title\" content=\"Apoyo a cafetaleros y maiceros: JCMP - Los pol\u00edticos Veracruz\" \/>\n<meta property=\"og:description\" content=\"Atestigua l\u00edder de la CNC\u00a0 entrega de apoyos a siete mil productores\u00a0de la regi\u00f3n de Tezonapa Tezonapa: Al atestiguar la entrega de apoyos a siete mil cafeticultores de la regi\u00f3n de Tezonapa como parte del programa de Coberturas de Precios de Caf\u00e9, el presidente de la Liga de Comunidades Agrarias y\u00a0 Sindicatos Campesinos de la [&hellip;]\" \/>\n<meta property=\"og:url\" content=\"https:\/\/lospoliticosveracruz.com\/?p=18344\" \/>\n<meta property=\"og:site_name\" content=\"Los pol\u00edticos Veracruz\" \/>\n<meta property=\"article:publisher\" content=\"https:\/\/www.facebook.com\/people\/Notimemes-de-los-Polticos\/61565672886568\/\" \/>\n<meta property=\"article:published_time\" content=\"2015-10-15T01:33:39+00:00\" \/>\n<meta property=\"og:image\" content=\"http:\/\/www.lospoliticosveracruz.com.mx\/wp-content\/uploads\/2015\/10\/Juan-Carlos-Molina-Palacios2-300x193.jpg\" \/>\n<meta name=\"author\" content=\"Lo viste en Los Pol\u00edticos\" \/>\n<meta name=\"twitter:card\" content=\"summary_large_image\" \/>\n<meta name=\"twitter:creator\" content=\"@LosPoliticosVer\" \/>\n<meta name=\"twitter:site\" content=\"@LosPoliticosVer\" \/>\n<meta name=\"twitter:label1\" content=\"Escrito por\" \/>\n\t<meta name=\"twitter:data1\" content=\"Lo viste en Los Pol\u00edticos\" \/>\n\t<meta name=\"twitter:label2\" content=\"Tiempo de lectura\" \/>\n\t<meta name=\"twitter:data2\" content=\"3 minutos\" \/>\n<script type=\"application\/ld+json\" class=\"yoast-schema-graph\">{\"@context\":\"https:\\\/\\\/schema.org\",\"@graph\":[{\"@type\":\"Article\",\"@id\":\"https:\\\/\\\/lospoliticosveracruz.com\\\/?p=18344#article\",\"isPartOf\":{\"@id\":\"https:\\\/\\\/lospoliticosveracruz.com\\\/?p=18344\"},\"author\":{\"name\":\"Lo viste en Los Pol\u00edticos\",\"@id\":\"https:\\\/\\\/lospoliticosveracruz.com\\\/#\\\/schema\\\/person\\\/b8702bb0e538456e6efd07080bf2a4a2\"},\"headline\":\"Apoyo a cafetaleros y maiceros: JCMP\",\"datePublished\":\"2015-10-15T01:33:39+00:00\",\"mainEntityOfPage\":{\"@id\":\"https:\\\/\\\/lospoliticosveracruz.com\\\/?p=18344\"},\"wordCount\":600,\"commentCount\":0,\"publisher\":{\"@id\":\"https:\\\/\\\/lospoliticosveracruz.com\\\/#organization\"},\"image\":{\"@id\":\"https:\\\/\\\/lospoliticosveracruz.com\\\/?p=18344#primaryimage\"},\"thumbnailUrl\":\"http:\\\/\\\/www.lospoliticosveracruz.com.mx\\\/wp-content\\\/uploads\\\/2015\\\/10\\\/Juan-Carlos-Molina-Palacios2-300x193.jpg\",\"keywords\":[\"Juan Carlos Molina Palacios\",\"Liga de Comunidades Agrarias\"],\"articleSection\":[\"De Boleto\"],\"inLanguage\":\"es\",\"potentialAction\":[{\"@type\":\"CommentAction\",\"name\":\"Comment\",\"target\":[\"https:\\\/\\\/lospoliticosveracruz.com\\\/?p=18344#respond\"]}]},{\"@type\":\"WebPage\",\"@id\":\"https:\\\/\\\/lospoliticosveracruz.com\\\/?p=18344\",\"url\":\"https:\\\/\\\/lospoliticosveracruz.com\\\/?p=18344\",\"name\":\"Apoyo a cafetaleros y maiceros: JCMP - Los pol\u00edticos Veracruz\",\"isPartOf\":{\"@id\":\"https:\\\/\\\/lospoliticosveracruz.com\\\/#website\"},\"primaryImageOfPage\":{\"@id\":\"https:\\\/\\\/lospoliticosveracruz.com\\\/?p=18344#primaryimage\"},\"image\":{\"@id\":\"https:\\\/\\\/lospoliticosveracruz.com\\\/?p=18344#primaryimage\"},\"thumbnailUrl\":\"http:\\\/\\\/www.lospoliticosveracruz.com.mx\\\/wp-content\\\/uploads\\\/2015\\\/10\\\/Juan-Carlos-Molina-Palacios2-300x193.jpg\",\"datePublished\":\"2015-10-15T01:33:39+00:00\",\"breadcrumb\":{\"@id\":\"https:\\\/\\\/lospoliticosveracruz.com\\\/?p=18344#breadcrumb\"},\"inLanguage\":\"es\",\"potentialAction\":[{\"@type\":\"ReadAction\",\"target\":[\"https:\\\/\\\/lospoliticosveracruz.com\\\/?p=18344\"]}]},{\"@type\":\"ImageObject\",\"inLanguage\":\"es\",\"@id\":\"https:\\\/\\\/lospoliticosveracruz.com\\\/?p=18344#primaryimage\",\"url\":\"http:\\\/\\\/www.lospoliticosveracruz.com.mx\\\/wp-content\\\/uploads\\\/2015\\\/10\\\/Juan-Carlos-Molina-Palacios2-300x193.jpg\",\"contentUrl\":\"http:\\\/\\\/www.lospoliticosveracruz.com.mx\\\/wp-content\\\/uploads\\\/2015\\\/10\\\/Juan-Carlos-Molina-Palacios2-300x193.jpg\"},{\"@type\":\"BreadcrumbList\",\"@id\":\"https:\\\/\\\/lospoliticosveracruz.com\\\/?p=18344#breadcrumb\",\"itemListElement\":[{\"@type\":\"ListItem\",\"position\":1,\"name\":\"Portada\",\"item\":\"https:\\\/\\\/lospoliticosveracruz.com\\\/\"},{\"@type\":\"ListItem\",\"position\":2,\"name\":\"Apoyo a cafetaleros y maiceros: JCMP\"}]},{\"@type\":\"WebSite\",\"@id\":\"https:\\\/\\\/lospoliticosveracruz.com\\\/#website\",\"url\":\"https:\\\/\\\/lospoliticosveracruz.com\\\/\",\"name\":\"Los pol\u00edticos Veracruz\",\"description\":\"\",\"publisher\":{\"@id\":\"https:\\\/\\\/lospoliticosveracruz.com\\\/#organization\"},\"potentialAction\":[{\"@type\":\"SearchAction\",\"target\":{\"@type\":\"EntryPoint\",\"urlTemplate\":\"https:\\\/\\\/lospoliticosveracruz.com\\\/?s={search_term_string}\"},\"query-input\":{\"@type\":\"PropertyValueSpecification\",\"valueRequired\":true,\"valueName\":\"search_term_string\"}}],\"inLanguage\":\"es\"},{\"@type\":\"Organization\",\"@id\":\"https:\\\/\\\/lospoliticosveracruz.com\\\/#organization\",\"name\":\"Los pol\u00edticos Veracruz\",\"url\":\"https:\\\/\\\/lospoliticosveracruz.com\\\/\",\"logo\":{\"@type\":\"ImageObject\",\"inLanguage\":\"es\",\"@id\":\"https:\\\/\\\/lospoliticosveracruz.com\\\/#\\\/schema\\\/logo\\\/image\\\/\",\"url\":\"https:\\\/\\\/lospoliticosveracruz.com\\\/wp-content\\\/uploads\\\/2025\\\/12\\\/Logo-Nuevo-LOS-POLITICOS-1.jpg\",\"contentUrl\":\"https:\\\/\\\/lospoliticosveracruz.com\\\/wp-content\\\/uploads\\\/2025\\\/12\\\/Logo-Nuevo-LOS-POLITICOS-1.jpg\",\"width\":260,\"height\":70,\"caption\":\"Los pol\u00edticos Veracruz\"},\"image\":{\"@id\":\"https:\\\/\\\/lospoliticosveracruz.com\\\/#\\\/schema\\\/logo\\\/image\\\/\"},\"sameAs\":[\"https:\\\/\\\/www.facebook.com\\\/people\\\/Notimemes-de-los-Polticos\\\/61565672886568\\\/\",\"https:\\\/\\\/x.com\\\/LosPoliticosVer\"]},{\"@type\":\"Person\",\"@id\":\"https:\\\/\\\/lospoliticosveracruz.com\\\/#\\\/schema\\\/person\\\/b8702bb0e538456e6efd07080bf2a4a2\",\"name\":\"Lo viste en Los Pol\u00edticos\",\"image\":{\"@type\":\"ImageObject\",\"inLanguage\":\"es\",\"@id\":\"https:\\\/\\\/secure.gravatar.com\\\/avatar\\\/3a8de04a2656d44082be478bd6c086daa447c4651605818287b9532d3d0bd435?s=96&d=mm&r=g\",\"url\":\"https:\\\/\\\/secure.gravatar.com\\\/avatar\\\/3a8de04a2656d44082be478bd6c086daa447c4651605818287b9532d3d0bd435?s=96&d=mm&r=g\",\"contentUrl\":\"https:\\\/\\\/secure.gravatar.com\\\/avatar\\\/3a8de04a2656d44082be478bd6c086daa447c4651605818287b9532d3d0bd435?s=96&d=mm&r=g\",\"caption\":\"Lo viste en Los Pol\u00edticos\"},\"url\":\"https:\\\/\\\/lospoliticosveracruz.com\\\/?author=2\"}]}<\/script>\n<!-- \/ Yoast SEO plugin. -->","yoast_head_json":{"title":"Apoyo a cafetaleros y maiceros: JCMP - Los pol\u00edticos Veracruz","robots":{"index":"index","follow":"follow","max-snippet":"max-snippet:-1","max-image-preview":"max-image-preview:large","max-video-preview":"max-video-preview:-1"},"canonical":"https:\/\/lospoliticosveracruz.com\/?p=18344","og_locale":"es_ES","og_type":"article","og_title":"Apoyo a cafetaleros y maiceros: JCMP - Los pol\u00edticos Veracruz","og_description":"Atestigua l\u00edder de la CNC\u00a0 entrega de apoyos a siete mil productores\u00a0de la regi\u00f3n de Tezonapa Tezonapa: Al atestiguar la entrega de apoyos a siete mil cafeticultores de la regi\u00f3n de Tezonapa como parte del programa de Coberturas de Precios de Caf\u00e9, el presidente de la Liga de Comunidades Agrarias y\u00a0 Sindicatos Campesinos de la [&hellip;]","og_url":"https:\/\/lospoliticosveracruz.com\/?p=18344","og_site_name":"Los pol\u00edticos Veracruz","article_publisher":"https:\/\/www.facebook.com\/people\/Notimemes-de-los-Polticos\/61565672886568\/","article_published_time":"2015-10-15T01:33:39+00:00","og_image":[{"url":"http:\/\/www.lospoliticosveracruz.com.mx\/wp-content\/uploads\/2015\/10\/Juan-Carlos-Molina-Palacios2-300x193.jpg","type":"","width":"","height":""}],"author":"Lo viste en Los Pol\u00edticos","twitter_card":"summary_large_image","twitter_creator":"@LosPoliticosVer","twitter_site":"@LosPoliticosVer","twitter_misc":{"Escrito por":"Lo viste en Los Pol\u00edticos","Tiempo de lectura":"3 minutos"},"schema":{"@context":"https:\/\/schema.org","@graph":[{"@type":"Article","@id":"https:\/\/lospoliticosveracruz.com\/?p=18344#article","isPartOf":{"@id":"https:\/\/lospoliticosveracruz.com\/?p=18344"},"author":{"name":"Lo viste en Los Pol\u00edticos","@id":"https:\/\/lospoliticosveracruz.com\/#\/schema\/person\/b8702bb0e538456e6efd07080bf2a4a2"},"headline":"Apoyo a cafetaleros y maiceros: JCMP","datePublished":"2015-10-15T01:33:39+00:00","mainEntityOfPage":{"@id":"https:\/\/lospoliticosveracruz.com\/?p=18344"},"wordCount":600,"commentCount":0,"publisher":{"@id":"https:\/\/lospoliticosveracruz.com\/#organization"},"image":{"@id":"https:\/\/lospoliticosveracruz.com\/?p=18344#primaryimage"},"thumbnailUrl":"http:\/\/www.lospoliticosveracruz.com.mx\/wp-content\/uploads\/2015\/10\/Juan-Carlos-Molina-Palacios2-300x193.jpg","keywords":["Juan Carlos Molina Palacios","Liga de Comunidades Agrarias"],"articleSection":["De Boleto"],"inLanguage":"es","potentialAction":[{"@type":"CommentAction","name":"Comment","target":["https:\/\/lospoliticosveracruz.com\/?p=18344#respond"]}]},{"@type":"WebPage","@id":"https:\/\/lospoliticosveracruz.com\/?p=18344","url":"https:\/\/lospoliticosveracruz.com\/?p=18344","name":"Apoyo a cafetaleros y maiceros: JCMP - Los pol\u00edticos Veracruz","isPartOf":{"@id":"https:\/\/lospoliticosveracruz.com\/#website"},"primaryImageOfPage":{"@id":"https:\/\/lospoliticosveracruz.com\/?p=18344#primaryimage"},"image":{"@id":"https:\/\/lospoliticosveracruz.com\/?p=18344#primaryimage"},"thumbnailUrl":"http:\/\/www.lospoliticosveracruz.com.mx\/wp-content\/uploads\/2015\/10\/Juan-Carlos-Molina-Palacios2-300x193.jpg","datePublished":"2015-10-15T01:33:39+00:00","breadcrumb":{"@id":"https:\/\/lospoliticosveracruz.com\/?p=18344#breadcrumb"},"inLanguage":"es","potentialAction":[{"@type":"ReadAction","target":["https:\/\/lospoliticosveracruz.com\/?p=18344"]}]},{"@type":"ImageObject","inLanguage":"es","@id":"https:\/\/lospoliticosveracruz.com\/?p=18344#primaryimage","url":"http:\/\/www.lospoliticosveracruz.com.mx\/wp-content\/uploads\/2015\/10\/Juan-Carlos-Molina-Palacios2-300x193.jpg","contentUrl":"http:\/\/www.lospoliticosveracruz.com.mx\/wp-content\/uploads\/2015\/10\/Juan-Carlos-Molina-Palacios2-300x193.jpg"},{"@type":"BreadcrumbList","@id":"https:\/\/lospoliticosveracruz.com\/?p=18344#breadcrumb","itemListElement":[{"@type":"ListItem","position":1,"name":"Portada","item":"https:\/\/lospoliticosveracruz.com\/"},{"@type":"ListItem","position":2,"name":"Apoyo a cafetaleros y maiceros: JCMP"}]},{"@type":"WebSite","@id":"https:\/\/lospoliticosveracruz.com\/#website","url":"https:\/\/lospoliticosveracruz.com\/","name":"Los pol\u00edticos Veracruz","description":"","publisher":{"@id":"https:\/\/lospoliticosveracruz.com\/#organization"},"potentialAction":[{"@type":"SearchAction","target":{"@type":"EntryPoint","urlTemplate":"https:\/\/lospoliticosveracruz.com\/?s={search_term_string}"},"query-input":{"@type":"PropertyValueSpecification","valueRequired":true,"valueName":"search_term_string"}}],"inLanguage":"es"},{"@type":"Organization","@id":"https:\/\/lospoliticosveracruz.com\/#organization","name":"Los pol\u00edticos Veracruz","url":"https:\/\/lospoliticosveracruz.com\/","logo":{"@type":"ImageObject","inLanguage":"es","@id":"https:\/\/lospoliticosveracruz.com\/#\/schema\/logo\/image\/","url":"https:\/\/lospoliticosveracruz.com\/wp-content\/uploads\/2025\/12\/Logo-Nuevo-LOS-POLITICOS-1.jpg","contentUrl":"https:\/\/lospoliticosveracruz.com\/wp-content\/uploads\/2025\/12\/Logo-Nuevo-LOS-POLITICOS-1.jpg","width":260,"height":70,"caption":"Los pol\u00edticos Veracruz"},"image":{"@id":"https:\/\/lospoliticosveracruz.com\/#\/schema\/logo\/image\/"},"sameAs":["https:\/\/www.facebook.com\/people\/Notimemes-de-los-Polticos\/61565672886568\/","https:\/\/x.com\/LosPoliticosVer"]},{"@type":"Person","@id":"https:\/\/lospoliticosveracruz.com\/#\/schema\/person\/b8702bb0e538456e6efd07080bf2a4a2","name":"Lo viste en Los Pol\u00edticos","image":{"@type":"ImageObject","inLanguage":"es","@id":"https:\/\/secure.gravatar.com\/avatar\/3a8de04a2656d44082be478bd6c086daa447c4651605818287b9532d3d0bd435?s=96&d=mm&r=g","url":"https:\/\/secure.gravatar.com\/avatar\/3a8de04a2656d44082be478bd6c086daa447c4651605818287b9532d3d0bd435?s=96&d=mm&r=g","contentUrl":"https:\/\/secure.gravatar.com\/avatar\/3a8de04a2656d44082be478bd6c086daa447c4651605818287b9532d3d0bd435?s=96&d=mm&r=g","caption":"Lo viste en Los Pol\u00edticos"},"url":"https:\/\/lospoliticosveracruz.com\/?author=2"}]}},"_links":{"self":[{"href":"https:\/\/lospoliticosveracruz.com\/index.php?rest_route=\/wp\/v2\/posts\/18344","targetHints":{"allow":["GET"]}}],"collection":[{"href":"https:\/\/lospoliticosveracruz.com\/index.php?rest_route=\/wp\/v2\/posts"}],"about":[{"href":"https:\/\/lospoliticosveracruz.com\/index.php?rest_route=\/wp\/v2\/types\/post"}],"author":[{"embeddable":true,"href":"https:\/\/lospoliticosveracruz.com\/index.php?rest_route=\/wp\/v2\/users\/2"}],"replies":[{"embeddable":true,"href":"https:\/\/lospoliticosveracruz.com\/index.php?rest_route=%2Fwp%2Fv2%2Fcomments&post=18344"}],"version-history":[{"count":1,"href":"https:\/\/lospoliticosveracruz.com\/index.php?rest_route=\/wp\/v2\/posts\/18344\/revisions"}],"predecessor-version":[{"id":18346,"href":"https:\/\/lospoliticosveracruz.com\/index.php?rest_route=\/wp\/v2\/posts\/18344\/revisions\/18346"}],"wp:attachment":[{"href":"https:\/\/lospoliticosveracruz.com\/index.php?rest_route=%2Fwp%2Fv2%2Fmedia&parent=18344"}],"wp:term":[{"taxonomy":"category","embeddable":true,"href":"https:\/\/lospoliticosveracruz.com\/index.php?rest_route=%2Fwp%2Fv2%2Fcategories&post=18344"},{"taxonomy":"post_tag","embeddable":true,"href":"https:\/\/lospoliticosveracruz.com\/index.php?rest_route=%2Fwp%2Fv2%2Ftags&post=18344"}],"curies":[{"name":"wp","href":"https:\/\/api.w.org\/{rel}","templated":true}]}}