{"id":18347,"date":"2015-10-14T21:10:37","date_gmt":"2015-10-15T02:10:37","guid":{"rendered":"http:\/\/www.lospoliticosveracruz.com.mx\/?p=18347"},"modified":"2015-10-14T21:10:37","modified_gmt":"2015-10-15T02:10:37","slug":"fuentes-de-desinformacion-el-pri","status":"publish","type":"post","link":"https:\/\/lospoliticosveracruz.com\/?p=18347","title":{"rendered":"\u201cFuentes de desinformaci\u00f3n\u201d&#8230; el PRI"},"content":{"rendered":"<p><a href=\"http:\/\/www.lospoliticosveracruz.com.mx\/wp-content\/uploads\/2015\/10\/Edificio-PRI.jpg\"><img loading=\"lazy\" decoding=\"async\" class=\"alignnone size-medium wp-image-18348\" src=\"http:\/\/www.lospoliticosveracruz.com.mx\/wp-content\/uploads\/2015\/10\/Edificio-PRI-300x183.jpg\" alt=\"Edificio PRI\" width=\"300\" height=\"183\" \/><\/a><br \/>\n<strong>Claudia Constantino<\/strong><\/p>\n<p><em>Cr\u00f3nicas Urgentes<\/em><\/p>\n<p>El edificio del comit\u00e9 directivo estatal del PRI luce muy tranquilo este medio d\u00eda. No hay grupos de personas reunidas ni dentro, ni fuera de las instalaciones. Apenas un promotor aburrido entrega en un stand a la entrada, uno que otro volante que anuncia \u201cclases de ingl\u00e9s a precios accesibles\u201d. Pregunto por el Secretario de Organizaci\u00f3n, Marlon Ram\u00edrez Mar\u00edn y me informa su secretaria que no se encuentra. Subo a preguntar por el Presidente Alfredo Ferrari Saavedra, tampoco hay suerte.<br \/>\nDirijo mis desventurados pasos a la oficina de prensa y su titular tampoco estaba en su centro de operaciones; un joven colaborador suyo, con toda la amabilidad posible me toma los datos y anota las preguntas que quiero hacerle a estos priistas distinguidos, incluida Corintia Cruz Obreg\u00f3n, la secretaria general de este \u00f3rgano pol\u00edtico.<br \/>\nMe despido, entre promesas de pr\u00f3ximas citas, agendadas, y, minutos m\u00e1s tarde, recibo la llamada de la secretaria de Marlon \u00bfAnda usted todav\u00eda por aqu\u00ed? Me pregunta la voz en la l\u00ednea. No, pero me acerco, no se preocupe. Estoy ah\u00ed en 10 minutos. Llego como en 12, y me cruzo en la puerta con el secretario que sale de su oficina a toda prisa. Al ver que no se detiene, lo alcanzo a medio pasillo y le lanzo \u00bfRegresa? S\u00ed, voy a una reuni\u00f3n y vuelvo.<br \/>\nMe apoltrono en una silla de la sala de espera de la secretar\u00eda de organizaci\u00f3n y pocos minutos m\u00e1s tarde, un colaborador me llama a la sala contigua. \u201cDice el Licenciado Marlon que lo disculpe pero que va a tardar. Nosotros le llamamos en cuanto haya una nueva oportunidad de recibirla\u201d. Nunca vuelven a llamar.<br \/>\nEs Veracruz puerto, es 1985 y mi jefe de informaci\u00f3n es Alfonso Valencia R\u00edos, premio nacional de periodismo y reportero de varias d\u00e9cadas en El Dictamen. Cada noche, despu\u00e9s de entregar mis cuatro notas, de al menos dos cuartillas y media a doble espacio y angosto margen, paso con su secretaria a recoger mi orden de trabajo del d\u00eda siguiente. Para llegar a este punto, ya cubr\u00ed un a\u00f1o y dos meses las fuentes policiacas bajo las instrucciones de Jos\u00e9 P\u00e9rez de Le\u00f3n.<br \/>\nLas \u00f3rdenes de trabajo de la secci\u00f3n de informaci\u00f3n general, tomaban en cuenta las fechas importantes; los acontecimientos relevantes nacionales e internacionales; las visitas de personajes distinguidos, y muchos otros t\u00f3picos del \u201cojo period\u00edstico\u201d, el estilo y la l\u00ednea editorial del peri\u00f3dico para el que trabaj\u00e1bamos. Las buenas noticias no se las devoraba la inmediatez, y la redacci\u00f3n era m\u00e1s cuidada o al menos muy profesional. De las primeras sorpresas que llev\u00e9 fue que a una reportera tan joven y desconocida le abrieran la puerta, la invitaran a pasar, respondieran sus preguntas, y hasta se despidieran quedando a sus \u00f3rdenes.<br \/>\nLas fuentes de informaci\u00f3n eran vastas, variadas y luego de un tiempo, se dominaban, porque pas\u00e1bamos buen rato entre ellas. Tambi\u00e9n se dominaban ciertos temas; hab\u00eda especializaci\u00f3n, pues. Pero eso era entonces. Hoy, no importa las ganas de perseguir una exclusiva, de realizar un buen reportaje o de hacer interesante cr\u00f3nica, porque las posibles fuentes s\u00f3lo pueden ser los \u201ccuates\u201d que uno va haciendo entre los actores informativos y a\u00fan ellos, llegado el momento, nos pedir\u00e1n \u201cdiscreci\u00f3n\u201d o dir\u00e1n las cosas \u201coff the record\u201d y nos aplicar\u00e1n el cl\u00e1sico \u201cal careo me rajo\u201d o \u201cesta conversaci\u00f3n no pas\u00f3\u201d y \u201cyo nunca dije que \u2026\u201d.<br \/>\nEl acceso a la informaci\u00f3n hoy es supuestamente un derecho. Hay un organismo encargado de garantizarla (el IVAI). Si se trata del gobierno a todos sus niveles; se supondr\u00eda que podemos enterarnos de todo cuanto necesit\u00e1semos. Pero en la pr\u00e1ctica, no es as\u00ed. Por eso el periodismo de hoy debe lucirse con las entrevistas de banqueta, donde m\u00e1s de cinco medios \u201cpescan\u201d la misma nota. Una vez que esta entra en la web, no queda nada para nadie.<br \/>\n\u201cHay nuevas formas de hacer periodismo\u201d. \u201cNuevos modos de ganar un prestigio se est\u00e1n gestando en el cada vez m\u00e1s intrincado mundo de la comunicaci\u00f3n\u201d. \u201cLos chavos ya traen otra pel\u00edcula de las noticias y las denuncias\u201d. Estas frases las repaso, las repito, trato de desentra\u00f1arlas, de darles un significado para m\u00ed, de apropi\u00e1rmelas y para ello, debo romper con mucho de lo que me ense\u00f1aron y tanto me empe\u00f1\u00e9 en aprender.<br \/>\nVeo m\u00e1s \u201cfuentes de desinformaci\u00f3n\u201d, informaci\u00f3n incompleta, superficial, vacua y que poco aporta. No veo a las nuevas generaciones de periodistas logrando apertura informativa y un mejor trato por parte de los actores pol\u00edticos que nutren la noticia, hacia los comunicadores. Me cuestiono si no veo bien, si la obsoleta soy yo, si me qued\u00e9 atrapada en medio de las rom\u00e1nticas redacciones y la virulenta web; en un limbo informativo, porque como no soy replica-boletines, no tengo los celulares de todos los que \u201cgeneran informaci\u00f3n\u201d.<br \/>\nAl final de estas divagaciones, recuerdo que en el PRI, la semana pasada que me acerqu\u00e9 en busca de informaci\u00f3n, no hab\u00eda nadie. Mi experiencia es que si no quieres tomar la informaci\u00f3n de sus boletines o de sus \u201cvoceros\u201d; si quieres saber algo m\u00e1s, hay que estar de mucha suerte y toparse a los priistas en alg\u00fan caf\u00e9, restaurante o sitio p\u00fablico; abordarles y ver de qu\u00e9 humor andan para responderte. Ahora me entero de los muchos y duros conflictos que enfrentan, y entiendo porqu\u00e9 no estaban para nadie y menos para tolerar a un observador ajeno, que, adem\u00e1s, hace preguntas y tiene el mal afamado mote de \u201cperiodista\u201d.<\/p>\n<p>Cualquier comentario para esta columna que reportea:<br \/>\naerodita_constantino@hotmail.es<br \/>\nTwitter: @AERODITA<\/p>\n","protected":false},"excerpt":{"rendered":"<p>Claudia Constantino Cr\u00f3nicas Urgentes El edificio del comit\u00e9 directivo estatal del PRI luce muy tranquilo este medio d\u00eda. No hay grupos de personas reunidas ni dentro, ni fuera de las instalaciones. Apenas un promotor aburrido entrega en un stand a la entrada, uno que otro volante que anuncia \u201cclases de ingl\u00e9s a precios accesibles\u201d. Pregunto [&hellip;]<\/p>\n","protected":false},"author":2,"featured_media":0,"comment_status":"open","ping_status":"open","sticky":false,"template":"","format":"standard","meta":{"tdm_status":"","tdm_grid_status":"","footnotes":""},"categories":[70],"tags":[1378,3674,2908,251],"class_list":{"0":"post-18347","1":"post","2":"type-post","3":"status-publish","4":"format-standard","6":"category-de-opinion","7":"tag-alfredo-ferrari-saavedra","8":"tag-corintia-cruz-obregon","9":"tag-marlon-ramirez-marin","10":"tag-pri"},"yoast_head":"<!-- This site is optimized with the Yoast SEO plugin v27.4 - https:\/\/yoast.com\/product\/yoast-seo-wordpress\/ -->\n<title>\u201cFuentes de desinformaci\u00f3n\u201d... el PRI - Los pol\u00edticos Veracruz<\/title>\n<meta name=\"robots\" content=\"index, follow, max-snippet:-1, max-image-preview:large, max-video-preview:-1\" \/>\n<link rel=\"canonical\" href=\"https:\/\/lospoliticosveracruz.com\/?p=18347\" \/>\n<meta property=\"og:locale\" content=\"es_ES\" \/>\n<meta property=\"og:type\" content=\"article\" \/>\n<meta property=\"og:title\" content=\"\u201cFuentes de desinformaci\u00f3n\u201d... el PRI - Los pol\u00edticos Veracruz\" \/>\n<meta property=\"og:description\" content=\"Claudia Constantino Cr\u00f3nicas Urgentes El edificio del comit\u00e9 directivo estatal del PRI luce muy tranquilo este medio d\u00eda. No hay grupos de personas reunidas ni dentro, ni fuera de las instalaciones. Apenas un promotor aburrido entrega en un stand a la entrada, uno que otro volante que anuncia \u201cclases de ingl\u00e9s a precios accesibles\u201d. Pregunto [&hellip;]\" \/>\n<meta property=\"og:url\" content=\"https:\/\/lospoliticosveracruz.com\/?p=18347\" \/>\n<meta property=\"og:site_name\" content=\"Los pol\u00edticos Veracruz\" \/>\n<meta property=\"article:publisher\" content=\"https:\/\/www.facebook.com\/people\/Notimemes-de-los-Polticos\/61565672886568\/\" \/>\n<meta property=\"article:published_time\" content=\"2015-10-15T02:10:37+00:00\" \/>\n<meta property=\"og:image\" content=\"http:\/\/www.lospoliticosveracruz.com.mx\/wp-content\/uploads\/2015\/10\/Edificio-PRI-300x183.jpg\" \/>\n<meta name=\"author\" content=\"Lo viste en Los Pol\u00edticos\" \/>\n<meta name=\"twitter:card\" content=\"summary_large_image\" \/>\n<meta name=\"twitter:creator\" content=\"@LosPoliticosVer\" \/>\n<meta name=\"twitter:site\" content=\"@LosPoliticosVer\" \/>\n<meta name=\"twitter:label1\" content=\"Escrito por\" \/>\n\t<meta name=\"twitter:data1\" content=\"Lo viste en Los Pol\u00edticos\" \/>\n\t<meta name=\"twitter:label2\" content=\"Tiempo de lectura\" \/>\n\t<meta name=\"twitter:data2\" content=\"5 minutos\" \/>\n<script type=\"application\/ld+json\" class=\"yoast-schema-graph\">{\"@context\":\"https:\\\/\\\/schema.org\",\"@graph\":[{\"@type\":\"Article\",\"@id\":\"https:\\\/\\\/lospoliticosveracruz.com\\\/?p=18347#article\",\"isPartOf\":{\"@id\":\"https:\\\/\\\/lospoliticosveracruz.com\\\/?p=18347\"},\"author\":{\"name\":\"Lo viste en Los Pol\u00edticos\",\"@id\":\"https:\\\/\\\/lospoliticosveracruz.com\\\/#\\\/schema\\\/person\\\/b8702bb0e538456e6efd07080bf2a4a2\"},\"headline\":\"\u201cFuentes de desinformaci\u00f3n\u201d&#8230; el PRI\",\"datePublished\":\"2015-10-15T02:10:37+00:00\",\"mainEntityOfPage\":{\"@id\":\"https:\\\/\\\/lospoliticosveracruz.com\\\/?p=18347\"},\"wordCount\":999,\"commentCount\":0,\"publisher\":{\"@id\":\"https:\\\/\\\/lospoliticosveracruz.com\\\/#organization\"},\"image\":{\"@id\":\"https:\\\/\\\/lospoliticosveracruz.com\\\/?p=18347#primaryimage\"},\"thumbnailUrl\":\"http:\\\/\\\/www.lospoliticosveracruz.com.mx\\\/wp-content\\\/uploads\\\/2015\\\/10\\\/Edificio-PRI-300x183.jpg\",\"keywords\":[\"Alfredo Ferrari Saavedra\",\"Corintia Cruz Obreg\u00f3n\",\"Marlon Ram\u00edrez Mar\u00edn\",\"PRI\"],\"articleSection\":[\"De Opini\u00f3n\"],\"inLanguage\":\"es\",\"potentialAction\":[{\"@type\":\"CommentAction\",\"name\":\"Comment\",\"target\":[\"https:\\\/\\\/lospoliticosveracruz.com\\\/?p=18347#respond\"]}]},{\"@type\":\"WebPage\",\"@id\":\"https:\\\/\\\/lospoliticosveracruz.com\\\/?p=18347\",\"url\":\"https:\\\/\\\/lospoliticosveracruz.com\\\/?p=18347\",\"name\":\"\u201cFuentes de desinformaci\u00f3n\u201d... el PRI - Los pol\u00edticos Veracruz\",\"isPartOf\":{\"@id\":\"https:\\\/\\\/lospoliticosveracruz.com\\\/#website\"},\"primaryImageOfPage\":{\"@id\":\"https:\\\/\\\/lospoliticosveracruz.com\\\/?p=18347#primaryimage\"},\"image\":{\"@id\":\"https:\\\/\\\/lospoliticosveracruz.com\\\/?p=18347#primaryimage\"},\"thumbnailUrl\":\"http:\\\/\\\/www.lospoliticosveracruz.com.mx\\\/wp-content\\\/uploads\\\/2015\\\/10\\\/Edificio-PRI-300x183.jpg\",\"datePublished\":\"2015-10-15T02:10:37+00:00\",\"breadcrumb\":{\"@id\":\"https:\\\/\\\/lospoliticosveracruz.com\\\/?p=18347#breadcrumb\"},\"inLanguage\":\"es\",\"potentialAction\":[{\"@type\":\"ReadAction\",\"target\":[\"https:\\\/\\\/lospoliticosveracruz.com\\\/?p=18347\"]}]},{\"@type\":\"ImageObject\",\"inLanguage\":\"es\",\"@id\":\"https:\\\/\\\/lospoliticosveracruz.com\\\/?p=18347#primaryimage\",\"url\":\"http:\\\/\\\/www.lospoliticosveracruz.com.mx\\\/wp-content\\\/uploads\\\/2015\\\/10\\\/Edificio-PRI-300x183.jpg\",\"contentUrl\":\"http:\\\/\\\/www.lospoliticosveracruz.com.mx\\\/wp-content\\\/uploads\\\/2015\\\/10\\\/Edificio-PRI-300x183.jpg\"},{\"@type\":\"BreadcrumbList\",\"@id\":\"https:\\\/\\\/lospoliticosveracruz.com\\\/?p=18347#breadcrumb\",\"itemListElement\":[{\"@type\":\"ListItem\",\"position\":1,\"name\":\"Portada\",\"item\":\"https:\\\/\\\/lospoliticosveracruz.com\\\/\"},{\"@type\":\"ListItem\",\"position\":2,\"name\":\"\u201cFuentes de desinformaci\u00f3n\u201d&#8230; el PRI\"}]},{\"@type\":\"WebSite\",\"@id\":\"https:\\\/\\\/lospoliticosveracruz.com\\\/#website\",\"url\":\"https:\\\/\\\/lospoliticosveracruz.com\\\/\",\"name\":\"Los pol\u00edticos Veracruz\",\"description\":\"\",\"publisher\":{\"@id\":\"https:\\\/\\\/lospoliticosveracruz.com\\\/#organization\"},\"potentialAction\":[{\"@type\":\"SearchAction\",\"target\":{\"@type\":\"EntryPoint\",\"urlTemplate\":\"https:\\\/\\\/lospoliticosveracruz.com\\\/?s={search_term_string}\"},\"query-input\":{\"@type\":\"PropertyValueSpecification\",\"valueRequired\":true,\"valueName\":\"search_term_string\"}}],\"inLanguage\":\"es\"},{\"@type\":\"Organization\",\"@id\":\"https:\\\/\\\/lospoliticosveracruz.com\\\/#organization\",\"name\":\"Los pol\u00edticos Veracruz\",\"url\":\"https:\\\/\\\/lospoliticosveracruz.com\\\/\",\"logo\":{\"@type\":\"ImageObject\",\"inLanguage\":\"es\",\"@id\":\"https:\\\/\\\/lospoliticosveracruz.com\\\/#\\\/schema\\\/logo\\\/image\\\/\",\"url\":\"https:\\\/\\\/lospoliticosveracruz.com\\\/wp-content\\\/uploads\\\/2025\\\/12\\\/Logo-Nuevo-LOS-POLITICOS-1.jpg\",\"contentUrl\":\"https:\\\/\\\/lospoliticosveracruz.com\\\/wp-content\\\/uploads\\\/2025\\\/12\\\/Logo-Nuevo-LOS-POLITICOS-1.jpg\",\"width\":260,\"height\":70,\"caption\":\"Los pol\u00edticos Veracruz\"},\"image\":{\"@id\":\"https:\\\/\\\/lospoliticosveracruz.com\\\/#\\\/schema\\\/logo\\\/image\\\/\"},\"sameAs\":[\"https:\\\/\\\/www.facebook.com\\\/people\\\/Notimemes-de-los-Polticos\\\/61565672886568\\\/\",\"https:\\\/\\\/x.com\\\/LosPoliticosVer\"]},{\"@type\":\"Person\",\"@id\":\"https:\\\/\\\/lospoliticosveracruz.com\\\/#\\\/schema\\\/person\\\/b8702bb0e538456e6efd07080bf2a4a2\",\"name\":\"Lo viste en Los Pol\u00edticos\",\"image\":{\"@type\":\"ImageObject\",\"inLanguage\":\"es\",\"@id\":\"https:\\\/\\\/secure.gravatar.com\\\/avatar\\\/3a8de04a2656d44082be478bd6c086daa447c4651605818287b9532d3d0bd435?s=96&d=mm&r=g\",\"url\":\"https:\\\/\\\/secure.gravatar.com\\\/avatar\\\/3a8de04a2656d44082be478bd6c086daa447c4651605818287b9532d3d0bd435?s=96&d=mm&r=g\",\"contentUrl\":\"https:\\\/\\\/secure.gravatar.com\\\/avatar\\\/3a8de04a2656d44082be478bd6c086daa447c4651605818287b9532d3d0bd435?s=96&d=mm&r=g\",\"caption\":\"Lo viste en Los Pol\u00edticos\"},\"url\":\"https:\\\/\\\/lospoliticosveracruz.com\\\/?author=2\"}]}<\/script>\n<!-- \/ Yoast SEO plugin. -->","yoast_head_json":{"title":"\u201cFuentes de desinformaci\u00f3n\u201d... el PRI - Los pol\u00edticos Veracruz","robots":{"index":"index","follow":"follow","max-snippet":"max-snippet:-1","max-image-preview":"max-image-preview:large","max-video-preview":"max-video-preview:-1"},"canonical":"https:\/\/lospoliticosveracruz.com\/?p=18347","og_locale":"es_ES","og_type":"article","og_title":"\u201cFuentes de desinformaci\u00f3n\u201d... el PRI - Los pol\u00edticos Veracruz","og_description":"Claudia Constantino Cr\u00f3nicas Urgentes El edificio del comit\u00e9 directivo estatal del PRI luce muy tranquilo este medio d\u00eda. No hay grupos de personas reunidas ni dentro, ni fuera de las instalaciones. Apenas un promotor aburrido entrega en un stand a la entrada, uno que otro volante que anuncia \u201cclases de ingl\u00e9s a precios accesibles\u201d. Pregunto [&hellip;]","og_url":"https:\/\/lospoliticosveracruz.com\/?p=18347","og_site_name":"Los pol\u00edticos Veracruz","article_publisher":"https:\/\/www.facebook.com\/people\/Notimemes-de-los-Polticos\/61565672886568\/","article_published_time":"2015-10-15T02:10:37+00:00","og_image":[{"url":"http:\/\/www.lospoliticosveracruz.com.mx\/wp-content\/uploads\/2015\/10\/Edificio-PRI-300x183.jpg","type":"","width":"","height":""}],"author":"Lo viste en Los Pol\u00edticos","twitter_card":"summary_large_image","twitter_creator":"@LosPoliticosVer","twitter_site":"@LosPoliticosVer","twitter_misc":{"Escrito por":"Lo viste en Los Pol\u00edticos","Tiempo de lectura":"5 minutos"},"schema":{"@context":"https:\/\/schema.org","@graph":[{"@type":"Article","@id":"https:\/\/lospoliticosveracruz.com\/?p=18347#article","isPartOf":{"@id":"https:\/\/lospoliticosveracruz.com\/?p=18347"},"author":{"name":"Lo viste en Los Pol\u00edticos","@id":"https:\/\/lospoliticosveracruz.com\/#\/schema\/person\/b8702bb0e538456e6efd07080bf2a4a2"},"headline":"\u201cFuentes de desinformaci\u00f3n\u201d&#8230; el PRI","datePublished":"2015-10-15T02:10:37+00:00","mainEntityOfPage":{"@id":"https:\/\/lospoliticosveracruz.com\/?p=18347"},"wordCount":999,"commentCount":0,"publisher":{"@id":"https:\/\/lospoliticosveracruz.com\/#organization"},"image":{"@id":"https:\/\/lospoliticosveracruz.com\/?p=18347#primaryimage"},"thumbnailUrl":"http:\/\/www.lospoliticosveracruz.com.mx\/wp-content\/uploads\/2015\/10\/Edificio-PRI-300x183.jpg","keywords":["Alfredo Ferrari Saavedra","Corintia Cruz Obreg\u00f3n","Marlon Ram\u00edrez Mar\u00edn","PRI"],"articleSection":["De Opini\u00f3n"],"inLanguage":"es","potentialAction":[{"@type":"CommentAction","name":"Comment","target":["https:\/\/lospoliticosveracruz.com\/?p=18347#respond"]}]},{"@type":"WebPage","@id":"https:\/\/lospoliticosveracruz.com\/?p=18347","url":"https:\/\/lospoliticosveracruz.com\/?p=18347","name":"\u201cFuentes de desinformaci\u00f3n\u201d... el PRI - Los pol\u00edticos Veracruz","isPartOf":{"@id":"https:\/\/lospoliticosveracruz.com\/#website"},"primaryImageOfPage":{"@id":"https:\/\/lospoliticosveracruz.com\/?p=18347#primaryimage"},"image":{"@id":"https:\/\/lospoliticosveracruz.com\/?p=18347#primaryimage"},"thumbnailUrl":"http:\/\/www.lospoliticosveracruz.com.mx\/wp-content\/uploads\/2015\/10\/Edificio-PRI-300x183.jpg","datePublished":"2015-10-15T02:10:37+00:00","breadcrumb":{"@id":"https:\/\/lospoliticosveracruz.com\/?p=18347#breadcrumb"},"inLanguage":"es","potentialAction":[{"@type":"ReadAction","target":["https:\/\/lospoliticosveracruz.com\/?p=18347"]}]},{"@type":"ImageObject","inLanguage":"es","@id":"https:\/\/lospoliticosveracruz.com\/?p=18347#primaryimage","url":"http:\/\/www.lospoliticosveracruz.com.mx\/wp-content\/uploads\/2015\/10\/Edificio-PRI-300x183.jpg","contentUrl":"http:\/\/www.lospoliticosveracruz.com.mx\/wp-content\/uploads\/2015\/10\/Edificio-PRI-300x183.jpg"},{"@type":"BreadcrumbList","@id":"https:\/\/lospoliticosveracruz.com\/?p=18347#breadcrumb","itemListElement":[{"@type":"ListItem","position":1,"name":"Portada","item":"https:\/\/lospoliticosveracruz.com\/"},{"@type":"ListItem","position":2,"name":"\u201cFuentes de desinformaci\u00f3n\u201d&#8230; el PRI"}]},{"@type":"WebSite","@id":"https:\/\/lospoliticosveracruz.com\/#website","url":"https:\/\/lospoliticosveracruz.com\/","name":"Los pol\u00edticos Veracruz","description":"","publisher":{"@id":"https:\/\/lospoliticosveracruz.com\/#organization"},"potentialAction":[{"@type":"SearchAction","target":{"@type":"EntryPoint","urlTemplate":"https:\/\/lospoliticosveracruz.com\/?s={search_term_string}"},"query-input":{"@type":"PropertyValueSpecification","valueRequired":true,"valueName":"search_term_string"}}],"inLanguage":"es"},{"@type":"Organization","@id":"https:\/\/lospoliticosveracruz.com\/#organization","name":"Los pol\u00edticos Veracruz","url":"https:\/\/lospoliticosveracruz.com\/","logo":{"@type":"ImageObject","inLanguage":"es","@id":"https:\/\/lospoliticosveracruz.com\/#\/schema\/logo\/image\/","url":"https:\/\/lospoliticosveracruz.com\/wp-content\/uploads\/2025\/12\/Logo-Nuevo-LOS-POLITICOS-1.jpg","contentUrl":"https:\/\/lospoliticosveracruz.com\/wp-content\/uploads\/2025\/12\/Logo-Nuevo-LOS-POLITICOS-1.jpg","width":260,"height":70,"caption":"Los pol\u00edticos Veracruz"},"image":{"@id":"https:\/\/lospoliticosveracruz.com\/#\/schema\/logo\/image\/"},"sameAs":["https:\/\/www.facebook.com\/people\/Notimemes-de-los-Polticos\/61565672886568\/","https:\/\/x.com\/LosPoliticosVer"]},{"@type":"Person","@id":"https:\/\/lospoliticosveracruz.com\/#\/schema\/person\/b8702bb0e538456e6efd07080bf2a4a2","name":"Lo viste en Los Pol\u00edticos","image":{"@type":"ImageObject","inLanguage":"es","@id":"https:\/\/secure.gravatar.com\/avatar\/3a8de04a2656d44082be478bd6c086daa447c4651605818287b9532d3d0bd435?s=96&d=mm&r=g","url":"https:\/\/secure.gravatar.com\/avatar\/3a8de04a2656d44082be478bd6c086daa447c4651605818287b9532d3d0bd435?s=96&d=mm&r=g","contentUrl":"https:\/\/secure.gravatar.com\/avatar\/3a8de04a2656d44082be478bd6c086daa447c4651605818287b9532d3d0bd435?s=96&d=mm&r=g","caption":"Lo viste en Los Pol\u00edticos"},"url":"https:\/\/lospoliticosveracruz.com\/?author=2"}]}},"_links":{"self":[{"href":"https:\/\/lospoliticosveracruz.com\/index.php?rest_route=\/wp\/v2\/posts\/18347","targetHints":{"allow":["GET"]}}],"collection":[{"href":"https:\/\/lospoliticosveracruz.com\/index.php?rest_route=\/wp\/v2\/posts"}],"about":[{"href":"https:\/\/lospoliticosveracruz.com\/index.php?rest_route=\/wp\/v2\/types\/post"}],"author":[{"embeddable":true,"href":"https:\/\/lospoliticosveracruz.com\/index.php?rest_route=\/wp\/v2\/users\/2"}],"replies":[{"embeddable":true,"href":"https:\/\/lospoliticosveracruz.com\/index.php?rest_route=%2Fwp%2Fv2%2Fcomments&post=18347"}],"version-history":[{"count":1,"href":"https:\/\/lospoliticosveracruz.com\/index.php?rest_route=\/wp\/v2\/posts\/18347\/revisions"}],"predecessor-version":[{"id":18349,"href":"https:\/\/lospoliticosveracruz.com\/index.php?rest_route=\/wp\/v2\/posts\/18347\/revisions\/18349"}],"wp:attachment":[{"href":"https:\/\/lospoliticosveracruz.com\/index.php?rest_route=%2Fwp%2Fv2%2Fmedia&parent=18347"}],"wp:term":[{"taxonomy":"category","embeddable":true,"href":"https:\/\/lospoliticosveracruz.com\/index.php?rest_route=%2Fwp%2Fv2%2Fcategories&post=18347"},{"taxonomy":"post_tag","embeddable":true,"href":"https:\/\/lospoliticosveracruz.com\/index.php?rest_route=%2Fwp%2Fv2%2Ftags&post=18347"}],"curies":[{"name":"wp","href":"https:\/\/api.w.org\/{rel}","templated":true}]}}