{"id":18358,"date":"2015-10-14T21:42:24","date_gmt":"2015-10-15T02:42:24","guid":{"rendered":"http:\/\/www.lospoliticosveracruz.com.mx\/?p=18358"},"modified":"2015-10-14T21:43:11","modified_gmt":"2015-10-15T02:43:11","slug":"contaminacion-en-cuerpos-de-agua","status":"publish","type":"post","link":"https:\/\/lospoliticosveracruz.com\/?p=18358","title":{"rendered":"Contaminaci\u00f3n en cuerpos de agua"},"content":{"rendered":"<p><a href=\"http:\/\/www.lospoliticosveracruz.com.mx\/wp-content\/uploads\/2015\/06\/Ra\u00fal-Ruiz-D\u00edaz.jpg\"><img loading=\"lazy\" decoding=\"async\" class=\"alignnone size-medium wp-image-16498\" src=\"http:\/\/www.lospoliticosveracruz.com.mx\/wp-content\/uploads\/2015\/06\/Ra\u00fal-Ruiz-D\u00edaz-300x200.jpg\" alt=\"Ra\u00fal Ruiz D\u00edaz\" width=\"300\" height=\"200\" \/><\/a><\/p>\n<p><strong>Luis Alberto Romero<\/strong><\/p>\n<p><em>Hora Cero<\/em><\/p>\n<p>Veracruz concentra una cuarta parte de los escurrimientos de aguas superficiales del pa\u00eds; lamentablemente, la mayor\u00eda de los cuerpos de agua de la entidad enfrentan problemas de contaminaci\u00f3n.<br \/>\nEsa situaci\u00f3n es fiel reflejo de la realidad nacional; en M\u00e9xico, siete de cada diez r\u00edos est\u00e1n contaminados y 31 por ciento de ellos enfrenta est\u00e1n afectados en grado extremo.<br \/>\nDe acuerdo con especialista en el tema, en los r\u00edos de nuestro pa\u00eds se pueden encontrar sustancias tan peligrosas como mercurio, plomo, cromo y ars\u00e9nico.<br \/>\nEn los \u00faltimos 4 a\u00f1os, las autoridades en esa materia han recibido m\u00e1s de 2 mil 500 denuncias por la contaminaci\u00f3n de r\u00edos y arroyos. Se estima que m\u00e1s de 13 mil millones de metros c\u00fabicos de aguas residuales se arrojan cada a\u00f1o a los cuerpos de agua de nuestro pa\u00eds.<br \/>\nEn la entidad se enfrenta un problema muy similar; pr\u00e1cticamente todos los r\u00edos, arroyos y lagunas est\u00e1n contaminados.<br \/>\nLos ejemplos sobran: los r\u00edos Blanco, Cazones y Coatzacoalcos ocupan los lugares cuarto, octavo y decimoquinto entre los m\u00e1s contaminados del pa\u00eds; se estima que m\u00e1s del 70 por ciento de las descargas residuales municipales van a parar, sin tratamiento, a los r\u00edos veracruzanos.<br \/>\nLas lagunas Lagartos y Omealca tienen un alto grado de contaminaci\u00f3n y maleza acu\u00e1tica.<br \/>\nLo peor es que no se observan esfuerzos de las autoridades municipales, de medio ambiente y de la Comisi\u00f3n Nacional del Agua por enfrentar esos problemas.<br \/>\nEn el caso de los ayuntamientos veracruzanos, pareciera que lo \u00fanico importante es la rentabilidad pol\u00edtica, el diezmo y la obra p\u00fablica; temas como contaminaci\u00f3n, cuidado al entorno ambiental y saneamiento de los cuerpos de agua pasan a segundo t\u00e9rmino.<\/p>\n<p><strong>Tuxpan, Premio al M\u00e9rito Ambiental<\/strong><br \/>\nUno de los pocos esfuerzos para proteger sistemas lagunares se registra en Tuxpan, donde el ayuntamiento invirti\u00f3 recursos para el rescate de la Laguna El Ensue\u00f1o.<br \/>\nDebido a esos trabajos, que registraron una fuerte participaci\u00f3n ciudadana, el ayuntamiento que preside Ra\u00fal Ruiz D\u00edaz recibi\u00f3 este mi\u00e9rcoles 14 el Premio al M\u00e9rito Ambiental 2015, que otorga el gobierno del estado, a trav\u00e9s de la Secretar\u00eda del Medio Ambiente.<br \/>\nEse premio es un intento por motivar los esfuerzos de los ayuntamientos y de la sociedad civil, en materia de conservaci\u00f3n, restauraci\u00f3n y protecci\u00f3n de la riqueza natural de Veracruz.<br \/>\nPues bien, por el rescate a la laguna El Ensue\u00f1o fue reconocido el ayuntamiento de Tuxpan, pero lo destacable de las acciones en ese cuerpo de agua, 20 hect\u00e1reas, es que la poblaci\u00f3n del lugar tuvo una intensa participaci\u00f3n; esa laguna estaba cubierta totalmente por maleza acu\u00e1tica, problema que afectaba a m\u00e1s de 2 mil habitantes de las comunidades El Higueral, Boca del Monte, Buenos Aires y Ojite. Ante dicha situaci\u00f3n, el gobierno municipal destin\u00f3 7 millones de pesos, con la finalidad de preservar el entorno, cuidar el ecosistema y reactivar la econom\u00eda de esas cuatro comunidades. A ello se debe el reconocimiento.<br \/>\nDe acuerdo con el propio alcalde del lugar, viene ahora la etapa de conservaci\u00f3n de ese cuerpo de agua y desarrollo de proyectos productivos; como una alternativa para crear fuentes de empleo, se explora \u2013dijo\u2013 el impulso a la actividad ecotur\u00edstica.<br \/>\nEse ayuntamiento, por cierto, no fue el \u00fanico en recibir el Premio al M\u00e9rito Ambiental 2015; tambi\u00e9n hicieron lo propio una empresa que se dedica a la elaboraci\u00f3n de muebles con material reciclado, b\u00e1sicamente pet; y en la categor\u00eda de medios de comunicaci\u00f3n, el est\u00edmulo se entreg\u00f3 a la reportera Perla Sandoval, quien cubre con regularidad la fuente de medio ambiente.<\/p>\n<p><strong>Demandas en cascada contra el IEV<\/strong><br \/>\nCon la llegada de los nuevos integrantes del Instituto Electoral Veracruzano, pero particularmente con la presencia del presidente del Consejo General, Jos\u00e9 Alejandro Bonilla Bonilla, parece que comenz\u00f3 en ese \u00f3rgano una etapa en la que el respeto a las leyes laborales es un tema secundario.<br \/>\nCasi desempacando las maletas, al instalarse en esa posici\u00f3n, desde la presidencia del Instituto se orden\u00f3 el despido de los titulares de 13 \u00e1reas del IEV, entre las que se encuentran Prerrogativas, M\u00e9todos, Transparencia, Administraci\u00f3n y Comunicaci\u00f3n Social; todos recibieron, por escrito, la notificaci\u00f3n del despido pero a ninguno le entregaron liquidaci\u00f3n y finiquito, lo que provoc\u00f3 que diez ex funcionarios interpusieran demandas laborales.<br \/>\nEl argumento del nuevo titular del IEV es muy simple: no hay dinero para pagar las liquidaciones; por supuesto, al estar dicha acci\u00f3n en contra de las disposiciones legales en materia de los derechos laborales, es muy probable que los tribunales den la raz\u00f3n a los despedidos.<br \/>\nAl instituto podr\u00edan llegar demandas en cascada, sobre todo porque circula la versi\u00f3n de que la guada\u00f1a de Alejandro Bonilla est\u00e1 lista y apunta a otros 60 empleados.<\/p>\n<p><strong>CNOP se pronuncia por Alberto Silva<\/strong><br \/>\nLa lideresa cenopista en Veracruz, Erika Ayala R\u00edos, se pronunci\u00f3 este mi\u00e9rcoles por el diputado federal por el distrito de Tuxpan, Alberto Silva Ramos, para encabezar el Comit\u00e9 Directivo Estatal del Partido Revolucionario Institucional.<br \/>\nErika Ayala, quien realiza un intenso trabajo en la reorganizaci\u00f3n del sector popular del PRI, fue entrevistada por el columnista Jos\u00e9 Ortiz Medina, a quien dijo que el ex secretario de Desarrollo Social del gobierno del estado es un buen cuadro para llevar las riendas del tricolor en Veracruz.<br \/>\nEsta ser\u00eda la primera adhesi\u00f3n realmente importante en favor de Alberto Silva.<br \/>\nCuidadosa de las formas, la tambi\u00e9n representante del sindicato del Cobaev aclar\u00f3 que el relevo de Alfredo Ferrari no se debe a malos resultados; al contrario, ponder\u00f3 en buenos t\u00e9rminos la funci\u00f3n de la actual dirigencia del PRI, sobre todo despu\u00e9s de las victorias electorales del presente a\u00f1o; sin embargo, aclar\u00f3 que los nuevos tiempos que corren en el partido, as\u00ed como los retos de cara al proceso electoral de 2016 podr\u00edan determinar el cambio de estafeta. @luisromero85<\/p>\n","protected":false},"excerpt":{"rendered":"<p>Luis Alberto Romero Hora Cero Veracruz concentra una cuarta parte de los escurrimientos de aguas superficiales del pa\u00eds; lamentablemente, la mayor\u00eda de los cuerpos de agua de la entidad enfrentan problemas de contaminaci\u00f3n. Esa situaci\u00f3n es fiel reflejo de la realidad nacional; en M\u00e9xico, siete de cada diez r\u00edos est\u00e1n contaminados y 31 por ciento [&hellip;]<\/p>\n","protected":false},"author":2,"featured_media":0,"comment_status":"open","ping_status":"open","sticky":false,"template":"","format":"standard","meta":{"tdm_status":"","tdm_grid_status":"","footnotes":""},"categories":[70],"tags":[3678,203],"class_list":{"0":"post-18358","1":"post","2":"type-post","3":"status-publish","4":"format-standard","6":"category-de-opinion","7":"tag-premio-al-merito-ambiental","8":"tag-tuxpan"},"yoast_head":"<!-- This site is optimized with the Yoast SEO plugin v27.4 - https:\/\/yoast.com\/product\/yoast-seo-wordpress\/ -->\n<title>Contaminaci\u00f3n en cuerpos de agua - Los pol\u00edticos Veracruz<\/title>\n<meta name=\"robots\" content=\"index, follow, max-snippet:-1, max-image-preview:large, max-video-preview:-1\" \/>\n<link rel=\"canonical\" href=\"https:\/\/lospoliticosveracruz.com\/?p=18358\" \/>\n<meta property=\"og:locale\" content=\"es_ES\" \/>\n<meta property=\"og:type\" content=\"article\" \/>\n<meta property=\"og:title\" content=\"Contaminaci\u00f3n en cuerpos de agua - Los pol\u00edticos Veracruz\" \/>\n<meta property=\"og:description\" content=\"Luis Alberto Romero Hora Cero Veracruz concentra una cuarta parte de los escurrimientos de aguas superficiales del pa\u00eds; lamentablemente, la mayor\u00eda de los cuerpos de agua de la entidad enfrentan problemas de contaminaci\u00f3n. Esa situaci\u00f3n es fiel reflejo de la realidad nacional; en M\u00e9xico, siete de cada diez r\u00edos est\u00e1n contaminados y 31 por ciento [&hellip;]\" \/>\n<meta property=\"og:url\" content=\"https:\/\/lospoliticosveracruz.com\/?p=18358\" \/>\n<meta property=\"og:site_name\" content=\"Los pol\u00edticos Veracruz\" \/>\n<meta property=\"article:publisher\" content=\"https:\/\/www.facebook.com\/people\/Notimemes-de-los-Polticos\/61565672886568\/\" \/>\n<meta property=\"article:published_time\" content=\"2015-10-15T02:42:24+00:00\" \/>\n<meta property=\"article:modified_time\" content=\"2015-10-15T02:43:11+00:00\" \/>\n<meta property=\"og:image\" content=\"https:\/\/lospoliticosveracruz.com\/wp-content\/uploads\/2016\/07\/Logo-Dor.jpg\" \/>\n\t<meta property=\"og:image:width\" content=\"200\" \/>\n\t<meta property=\"og:image:height\" content=\"200\" \/>\n\t<meta property=\"og:image:type\" content=\"image\/jpeg\" \/>\n<meta name=\"author\" content=\"Lo viste en Los Pol\u00edticos\" \/>\n<meta name=\"twitter:card\" content=\"summary_large_image\" \/>\n<meta name=\"twitter:creator\" content=\"@LosPoliticosVer\" \/>\n<meta name=\"twitter:site\" content=\"@LosPoliticosVer\" \/>\n<meta name=\"twitter:label1\" content=\"Escrito por\" \/>\n\t<meta name=\"twitter:data1\" content=\"Lo viste en Los Pol\u00edticos\" \/>\n\t<meta name=\"twitter:label2\" content=\"Tiempo de lectura\" \/>\n\t<meta name=\"twitter:data2\" content=\"5 minutos\" \/>\n<script type=\"application\/ld+json\" class=\"yoast-schema-graph\">{\"@context\":\"https:\\\/\\\/schema.org\",\"@graph\":[{\"@type\":\"Article\",\"@id\":\"https:\\\/\\\/lospoliticosveracruz.com\\\/?p=18358#article\",\"isPartOf\":{\"@id\":\"https:\\\/\\\/lospoliticosveracruz.com\\\/?p=18358\"},\"author\":{\"name\":\"Lo viste en Los Pol\u00edticos\",\"@id\":\"https:\\\/\\\/lospoliticosveracruz.com\\\/#\\\/schema\\\/person\\\/b8702bb0e538456e6efd07080bf2a4a2\"},\"headline\":\"Contaminaci\u00f3n en cuerpos de agua\",\"datePublished\":\"2015-10-15T02:42:24+00:00\",\"dateModified\":\"2015-10-15T02:43:11+00:00\",\"mainEntityOfPage\":{\"@id\":\"https:\\\/\\\/lospoliticosveracruz.com\\\/?p=18358\"},\"wordCount\":1034,\"commentCount\":0,\"publisher\":{\"@id\":\"https:\\\/\\\/lospoliticosveracruz.com\\\/#organization\"},\"keywords\":[\"Premio al M\u00e9rito Ambiental\",\"Tuxpan\"],\"articleSection\":[\"De Opini\u00f3n\"],\"inLanguage\":\"es\",\"potentialAction\":[{\"@type\":\"CommentAction\",\"name\":\"Comment\",\"target\":[\"https:\\\/\\\/lospoliticosveracruz.com\\\/?p=18358#respond\"]}]},{\"@type\":\"WebPage\",\"@id\":\"https:\\\/\\\/lospoliticosveracruz.com\\\/?p=18358\",\"url\":\"https:\\\/\\\/lospoliticosveracruz.com\\\/?p=18358\",\"name\":\"Contaminaci\u00f3n en cuerpos de agua - Los pol\u00edticos Veracruz\",\"isPartOf\":{\"@id\":\"https:\\\/\\\/lospoliticosveracruz.com\\\/#website\"},\"datePublished\":\"2015-10-15T02:42:24+00:00\",\"dateModified\":\"2015-10-15T02:43:11+00:00\",\"breadcrumb\":{\"@id\":\"https:\\\/\\\/lospoliticosveracruz.com\\\/?p=18358#breadcrumb\"},\"inLanguage\":\"es\",\"potentialAction\":[{\"@type\":\"ReadAction\",\"target\":[\"https:\\\/\\\/lospoliticosveracruz.com\\\/?p=18358\"]}]},{\"@type\":\"BreadcrumbList\",\"@id\":\"https:\\\/\\\/lospoliticosveracruz.com\\\/?p=18358#breadcrumb\",\"itemListElement\":[{\"@type\":\"ListItem\",\"position\":1,\"name\":\"Portada\",\"item\":\"https:\\\/\\\/lospoliticosveracruz.com\\\/\"},{\"@type\":\"ListItem\",\"position\":2,\"name\":\"Contaminaci\u00f3n en cuerpos de agua\"}]},{\"@type\":\"WebSite\",\"@id\":\"https:\\\/\\\/lospoliticosveracruz.com\\\/#website\",\"url\":\"https:\\\/\\\/lospoliticosveracruz.com\\\/\",\"name\":\"Los pol\u00edticos Veracruz\",\"description\":\"\",\"publisher\":{\"@id\":\"https:\\\/\\\/lospoliticosveracruz.com\\\/#organization\"},\"potentialAction\":[{\"@type\":\"SearchAction\",\"target\":{\"@type\":\"EntryPoint\",\"urlTemplate\":\"https:\\\/\\\/lospoliticosveracruz.com\\\/?s={search_term_string}\"},\"query-input\":{\"@type\":\"PropertyValueSpecification\",\"valueRequired\":true,\"valueName\":\"search_term_string\"}}],\"inLanguage\":\"es\"},{\"@type\":\"Organization\",\"@id\":\"https:\\\/\\\/lospoliticosveracruz.com\\\/#organization\",\"name\":\"Los pol\u00edticos Veracruz\",\"url\":\"https:\\\/\\\/lospoliticosveracruz.com\\\/\",\"logo\":{\"@type\":\"ImageObject\",\"inLanguage\":\"es\",\"@id\":\"https:\\\/\\\/lospoliticosveracruz.com\\\/#\\\/schema\\\/logo\\\/image\\\/\",\"url\":\"https:\\\/\\\/lospoliticosveracruz.com\\\/wp-content\\\/uploads\\\/2025\\\/12\\\/Logo-Nuevo-LOS-POLITICOS-1.jpg\",\"contentUrl\":\"https:\\\/\\\/lospoliticosveracruz.com\\\/wp-content\\\/uploads\\\/2025\\\/12\\\/Logo-Nuevo-LOS-POLITICOS-1.jpg\",\"width\":260,\"height\":70,\"caption\":\"Los pol\u00edticos Veracruz\"},\"image\":{\"@id\":\"https:\\\/\\\/lospoliticosveracruz.com\\\/#\\\/schema\\\/logo\\\/image\\\/\"},\"sameAs\":[\"https:\\\/\\\/www.facebook.com\\\/people\\\/Notimemes-de-los-Polticos\\\/61565672886568\\\/\",\"https:\\\/\\\/x.com\\\/LosPoliticosVer\"]},{\"@type\":\"Person\",\"@id\":\"https:\\\/\\\/lospoliticosveracruz.com\\\/#\\\/schema\\\/person\\\/b8702bb0e538456e6efd07080bf2a4a2\",\"name\":\"Lo viste en Los Pol\u00edticos\",\"image\":{\"@type\":\"ImageObject\",\"inLanguage\":\"es\",\"@id\":\"https:\\\/\\\/secure.gravatar.com\\\/avatar\\\/3a8de04a2656d44082be478bd6c086daa447c4651605818287b9532d3d0bd435?s=96&d=mm&r=g\",\"url\":\"https:\\\/\\\/secure.gravatar.com\\\/avatar\\\/3a8de04a2656d44082be478bd6c086daa447c4651605818287b9532d3d0bd435?s=96&d=mm&r=g\",\"contentUrl\":\"https:\\\/\\\/secure.gravatar.com\\\/avatar\\\/3a8de04a2656d44082be478bd6c086daa447c4651605818287b9532d3d0bd435?s=96&d=mm&r=g\",\"caption\":\"Lo viste en Los Pol\u00edticos\"},\"url\":\"https:\\\/\\\/lospoliticosveracruz.com\\\/?author=2\"}]}<\/script>\n<!-- \/ Yoast SEO plugin. -->","yoast_head_json":{"title":"Contaminaci\u00f3n en cuerpos de agua - Los pol\u00edticos Veracruz","robots":{"index":"index","follow":"follow","max-snippet":"max-snippet:-1","max-image-preview":"max-image-preview:large","max-video-preview":"max-video-preview:-1"},"canonical":"https:\/\/lospoliticosveracruz.com\/?p=18358","og_locale":"es_ES","og_type":"article","og_title":"Contaminaci\u00f3n en cuerpos de agua - Los pol\u00edticos Veracruz","og_description":"Luis Alberto Romero Hora Cero Veracruz concentra una cuarta parte de los escurrimientos de aguas superficiales del pa\u00eds; lamentablemente, la mayor\u00eda de los cuerpos de agua de la entidad enfrentan problemas de contaminaci\u00f3n. Esa situaci\u00f3n es fiel reflejo de la realidad nacional; en M\u00e9xico, siete de cada diez r\u00edos est\u00e1n contaminados y 31 por ciento [&hellip;]","og_url":"https:\/\/lospoliticosveracruz.com\/?p=18358","og_site_name":"Los pol\u00edticos Veracruz","article_publisher":"https:\/\/www.facebook.com\/people\/Notimemes-de-los-Polticos\/61565672886568\/","article_published_time":"2015-10-15T02:42:24+00:00","article_modified_time":"2015-10-15T02:43:11+00:00","og_image":[{"width":200,"height":200,"url":"https:\/\/lospoliticosveracruz.com\/wp-content\/uploads\/2016\/07\/Logo-Dor.jpg","type":"image\/jpeg"}],"author":"Lo viste en Los Pol\u00edticos","twitter_card":"summary_large_image","twitter_creator":"@LosPoliticosVer","twitter_site":"@LosPoliticosVer","twitter_misc":{"Escrito por":"Lo viste en Los Pol\u00edticos","Tiempo de lectura":"5 minutos"},"schema":{"@context":"https:\/\/schema.org","@graph":[{"@type":"Article","@id":"https:\/\/lospoliticosveracruz.com\/?p=18358#article","isPartOf":{"@id":"https:\/\/lospoliticosveracruz.com\/?p=18358"},"author":{"name":"Lo viste en Los Pol\u00edticos","@id":"https:\/\/lospoliticosveracruz.com\/#\/schema\/person\/b8702bb0e538456e6efd07080bf2a4a2"},"headline":"Contaminaci\u00f3n en cuerpos de agua","datePublished":"2015-10-15T02:42:24+00:00","dateModified":"2015-10-15T02:43:11+00:00","mainEntityOfPage":{"@id":"https:\/\/lospoliticosveracruz.com\/?p=18358"},"wordCount":1034,"commentCount":0,"publisher":{"@id":"https:\/\/lospoliticosveracruz.com\/#organization"},"keywords":["Premio al M\u00e9rito Ambiental","Tuxpan"],"articleSection":["De Opini\u00f3n"],"inLanguage":"es","potentialAction":[{"@type":"CommentAction","name":"Comment","target":["https:\/\/lospoliticosveracruz.com\/?p=18358#respond"]}]},{"@type":"WebPage","@id":"https:\/\/lospoliticosveracruz.com\/?p=18358","url":"https:\/\/lospoliticosveracruz.com\/?p=18358","name":"Contaminaci\u00f3n en cuerpos de agua - Los pol\u00edticos Veracruz","isPartOf":{"@id":"https:\/\/lospoliticosveracruz.com\/#website"},"datePublished":"2015-10-15T02:42:24+00:00","dateModified":"2015-10-15T02:43:11+00:00","breadcrumb":{"@id":"https:\/\/lospoliticosveracruz.com\/?p=18358#breadcrumb"},"inLanguage":"es","potentialAction":[{"@type":"ReadAction","target":["https:\/\/lospoliticosveracruz.com\/?p=18358"]}]},{"@type":"BreadcrumbList","@id":"https:\/\/lospoliticosveracruz.com\/?p=18358#breadcrumb","itemListElement":[{"@type":"ListItem","position":1,"name":"Portada","item":"https:\/\/lospoliticosveracruz.com\/"},{"@type":"ListItem","position":2,"name":"Contaminaci\u00f3n en cuerpos de agua"}]},{"@type":"WebSite","@id":"https:\/\/lospoliticosveracruz.com\/#website","url":"https:\/\/lospoliticosveracruz.com\/","name":"Los pol\u00edticos Veracruz","description":"","publisher":{"@id":"https:\/\/lospoliticosveracruz.com\/#organization"},"potentialAction":[{"@type":"SearchAction","target":{"@type":"EntryPoint","urlTemplate":"https:\/\/lospoliticosveracruz.com\/?s={search_term_string}"},"query-input":{"@type":"PropertyValueSpecification","valueRequired":true,"valueName":"search_term_string"}}],"inLanguage":"es"},{"@type":"Organization","@id":"https:\/\/lospoliticosveracruz.com\/#organization","name":"Los pol\u00edticos Veracruz","url":"https:\/\/lospoliticosveracruz.com\/","logo":{"@type":"ImageObject","inLanguage":"es","@id":"https:\/\/lospoliticosveracruz.com\/#\/schema\/logo\/image\/","url":"https:\/\/lospoliticosveracruz.com\/wp-content\/uploads\/2025\/12\/Logo-Nuevo-LOS-POLITICOS-1.jpg","contentUrl":"https:\/\/lospoliticosveracruz.com\/wp-content\/uploads\/2025\/12\/Logo-Nuevo-LOS-POLITICOS-1.jpg","width":260,"height":70,"caption":"Los pol\u00edticos Veracruz"},"image":{"@id":"https:\/\/lospoliticosveracruz.com\/#\/schema\/logo\/image\/"},"sameAs":["https:\/\/www.facebook.com\/people\/Notimemes-de-los-Polticos\/61565672886568\/","https:\/\/x.com\/LosPoliticosVer"]},{"@type":"Person","@id":"https:\/\/lospoliticosveracruz.com\/#\/schema\/person\/b8702bb0e538456e6efd07080bf2a4a2","name":"Lo viste en Los Pol\u00edticos","image":{"@type":"ImageObject","inLanguage":"es","@id":"https:\/\/secure.gravatar.com\/avatar\/3a8de04a2656d44082be478bd6c086daa447c4651605818287b9532d3d0bd435?s=96&d=mm&r=g","url":"https:\/\/secure.gravatar.com\/avatar\/3a8de04a2656d44082be478bd6c086daa447c4651605818287b9532d3d0bd435?s=96&d=mm&r=g","contentUrl":"https:\/\/secure.gravatar.com\/avatar\/3a8de04a2656d44082be478bd6c086daa447c4651605818287b9532d3d0bd435?s=96&d=mm&r=g","caption":"Lo viste en Los Pol\u00edticos"},"url":"https:\/\/lospoliticosveracruz.com\/?author=2"}]}},"_links":{"self":[{"href":"https:\/\/lospoliticosveracruz.com\/index.php?rest_route=\/wp\/v2\/posts\/18358","targetHints":{"allow":["GET"]}}],"collection":[{"href":"https:\/\/lospoliticosveracruz.com\/index.php?rest_route=\/wp\/v2\/posts"}],"about":[{"href":"https:\/\/lospoliticosveracruz.com\/index.php?rest_route=\/wp\/v2\/types\/post"}],"author":[{"embeddable":true,"href":"https:\/\/lospoliticosveracruz.com\/index.php?rest_route=\/wp\/v2\/users\/2"}],"replies":[{"embeddable":true,"href":"https:\/\/lospoliticosveracruz.com\/index.php?rest_route=%2Fwp%2Fv2%2Fcomments&post=18358"}],"version-history":[{"count":1,"href":"https:\/\/lospoliticosveracruz.com\/index.php?rest_route=\/wp\/v2\/posts\/18358\/revisions"}],"predecessor-version":[{"id":18359,"href":"https:\/\/lospoliticosveracruz.com\/index.php?rest_route=\/wp\/v2\/posts\/18358\/revisions\/18359"}],"wp:attachment":[{"href":"https:\/\/lospoliticosveracruz.com\/index.php?rest_route=%2Fwp%2Fv2%2Fmedia&parent=18358"}],"wp:term":[{"taxonomy":"category","embeddable":true,"href":"https:\/\/lospoliticosveracruz.com\/index.php?rest_route=%2Fwp%2Fv2%2Fcategories&post=18358"},{"taxonomy":"post_tag","embeddable":true,"href":"https:\/\/lospoliticosveracruz.com\/index.php?rest_route=%2Fwp%2Fv2%2Ftags&post=18358"}],"curies":[{"name":"wp","href":"https:\/\/api.w.org\/{rel}","templated":true}]}}